{"id":216037,"date":"2024-08-27T20:04:00","date_gmt":"2024-08-27T20:04:00","guid":{"rendered":"https:\/\/www.webdo.tn\/fr\/blog\/tunisie-presidentielle-ayachi-zammel-quitte-la-tete-d-azimoun-pour-une-candidature-sans-etiquette\/216037\/"},"modified":"2025-05-21T09:03:51","modified_gmt":"2025-05-21T09:03:51","slug":"tunisie-presidentielle-ayachi-zammel-quitte-la-tete-d-azimoun-pour-une-candidature-sans-etiquette","status":"publish","type":"post","link":"https:\/\/www.webdo.tn\/fr\/actualite\/national\/tunisie-presidentielle-ayachi-zammel-quitte-la-tete-d-azimoun-pour-une-candidature-sans-etiquette\/216037\/","title":{"rendered":"Tunisie &#8211; Pr\u00e9sidentielle : Ayachi Zammel quitte la t\u00eate d\u2019Azimoun pour une candidature sans \u00e9tiquette"},"content":{"rendered":"<p>Ayachi Zammel, candidat \u00e0 l&rsquo;\u00e9lection pr\u00e9sidentielle pr\u00e9vue le 6 octobre 2024, a annonc\u00e9 ce mardi 27 ao\u00fbt avoir suspendu sa pr\u00e9sidence du mouvement \u00ab Azimoun \u00bb, qu&rsquo;il avait lui-m\u00eame fond\u00e9.<\/p>\n<p>\t\t\t\t\t\t\t\t\tCette d\u00e9cision, selon un communiqu\u00e9 publi\u00e9 \u00e0 cette occasion, permet \u00e0 Zammel de se pr\u00e9senter en tant que candidat ind\u00e9pendant. Il esp\u00e8re ainsi rassembler les forces politiques qui partagent sa vision d&rsquo;une Tunisie d\u00e9mocratique et prosp\u00e8re.<\/p>\n<p>Ing\u00e9nieur chimiste de formation, Zammel a d\u00e9velopp\u00e9 une expertise en \u00e9conomie \u00e0 travers un projet agricole collectif. Il a \u00e9galement si\u00e9g\u00e9 en tant que d\u00e9put\u00e9 \u00e0 l&rsquo;Assembl\u00e9e des repr\u00e9sentants du peuple avant sa dissolution. Le 5 ao\u00fbt, il avait d\u00e9j\u00e0 d\u00e9pos\u00e9 sa candidature aupr\u00e8s de l&rsquo;Instance sup\u00e9rieure ind\u00e9pendante pour les \u00e9lections (ISIE), affirmant avoir obtenu les 10 000 parrainages requis. Sa candidature figure d\u00e9sormais sur la liste pr\u00e9liminaire des candidats retenus pour cette \u00e9lection.<\/p>\n","protected":false},"excerpt":{"rendered":"<p>Candidat \u00e0 la pr\u00e9sidentielle 2024, Ayachi Zammel suspend sa pr\u00e9sidence du mouvement  Azimoun  pour se pr\u00e9senter en ind\u00e9pendant, cherchant \u00e0 f\u00e9d\u00e9rer les forces p&#8230;<\/p>\n","protected":false},"author":3166,"featured_media":246697,"comment_status":"open","ping_status":"closed","sticky":false,"template":"","format":"standard","meta":{"footnotes":""},"categories":[44],"tags":[4430,5564,5698,2608],"class_list":["post-216037","post","type-post","status-publish","format-standard","has-post-thumbnail","hentry","category-national","tag-ayachi-zammel","tag-azimoun","tag-presidentielle-2024","tag-tunisie"],"yoast_head":"<!-- This site is optimized with the Yoast SEO Premium plugin v27.5 (Yoast SEO v27.5) - https:\/\/yoast.com\/product\/yoast-seo-premium-wordpress\/ -->\n<title>Tunisie - Pr\u00e9sidentielle : Ayachi Zammel quitte la t\u00eate d\u2019Azimoun pour une candidature sans \u00e9tiquette<\/title>\n<meta name=\"description\" content=\"Candidat \u00e0 la pr\u00e9sidentielle 2024, Ayachi Zammel suspend sa pr\u00e9sidence du mouvement Azimoun pour se pr\u00e9senter en ind\u00e9pendant, cherchant \u00e0 f\u00e9d\u00e9rer les forces p...\" \/>\n<link rel=\"canonical\" href=\"https:\/\/www.webdo.tn\/fr\/actualite\/national\/tunisie-presidentielle-ayachi-zammel-quitte-la-tete-d-azimoun-pour-une-candidature-sans-etiquette\/216037\/\" \/>\n<meta property=\"og:locale\" content=\"fr_FR\" \/>\n<meta property=\"og:type\" content=\"article\" \/>\n<meta property=\"og:title\" content=\"Tunisie - Pr\u00e9sidentielle : Ayachi Zammel quitte la t\u00eate d\u2019Azimoun pour une candidature sans \u00e9tiquette\" \/>\n<meta property=\"og:description\" content=\"Candidat \u00e0 la pr\u00e9sidentielle 2024, Ayachi Zammel suspend sa pr\u00e9sidence du mouvement Azimoun pour se pr\u00e9senter en ind\u00e9pendant, cherchant \u00e0 f\u00e9d\u00e9rer les forces p...\" \/>\n<meta property=\"og:url\" content=\"https:\/\/www.webdo.tn\/fr\/actualite\/national\/tunisie-presidentielle-ayachi-zammel-quitte-la-tete-d-azimoun-pour-une-candidature-sans-etiquette\/216037\/\" \/>\n<meta property=\"og:site_name\" content=\"webdo\" \/>\n<meta property=\"article:publisher\" content=\"https:\/\/www.facebook.com\/webdotn\" \/>\n<meta property=\"article:published_time\" content=\"2024-08-27T20:04:00+00:00\" \/>\n<meta property=\"article:modified_time\" content=\"2025-05-21T09:03:51+00:00\" \/>\n<meta property=\"og:image\" content=\"https:\/\/www.webdo.tn\/fr\/wp-content\/uploads\/2024\/08\/7d941a7d0707ff489e475693a2b35c2f.webp\" \/>\n\t<meta property=\"og:image:width\" content=\"750\" \/>\n\t<meta property=\"og:image:height\" content=\"400\" \/>\n\t<meta property=\"og:image:type\" content=\"image\/webp\" \/>\n<meta name=\"author\" content=\"AZ\" \/>\n<meta name=\"twitter:card\" content=\"summary_large_image\" \/>\n<meta name=\"twitter:creator\" content=\"@webdo_tn\" \/>\n<meta name=\"twitter:site\" content=\"@webdo_tn\" \/>\n<meta name=\"twitter:label1\" content=\"\u00c9crit par\" \/>\n\t<meta name=\"twitter:data1\" content=\"AZ\" \/>\n\t<meta name=\"twitter:label2\" content=\"Dur\u00e9e de lecture estim\u00e9e\" \/>\n\t<meta name=\"twitter:data2\" content=\"1 minute\" \/>\n<script type=\"application\/ld+json\" class=\"yoast-schema-graph\">{\"@context\":\"https:\\\/\\\/schema.org\",\"@graph\":[{\"@type\":\"NewsArticle\",\"@id\":\"https:\\\/\\\/www.webdo.tn\\\/fr\\\/actualite\\\/national\\\/tunisie-presidentielle-ayachi-zammel-quitte-la-tete-d-azimoun-pour-une-candidature-sans-etiquette\\\/216037\\\/#article\",\"isPartOf\":{\"@id\":\"https:\\\/\\\/www.webdo.tn\\\/fr\\\/actualite\\\/national\\\/tunisie-presidentielle-ayachi-zammel-quitte-la-tete-d-azimoun-pour-une-candidature-sans-etiquette\\\/216037\\\/\"},\"author\":{\"name\":\"AZ\",\"@id\":\"https:\\\/\\\/www.webdo.tn\\\/fr\\\/#\\\/schema\\\/person\\\/b8a41c04d93287d375510db360906b34\"},\"headline\":\"Tunisie &#8211; Pr\u00e9sidentielle : Ayachi Zammel quitte la t\u00eate d\u2019Azimoun pour une candidature sans \u00e9tiquette\",\"datePublished\":\"2024-08-27T20:04:00+00:00\",\"dateModified\":\"2025-05-21T09:03:51+00:00\",\"mainEntityOfPage\":{\"@id\":\"https:\\\/\\\/www.webdo.tn\\\/fr\\\/actualite\\\/national\\\/tunisie-presidentielle-ayachi-zammel-quitte-la-tete-d-azimoun-pour-une-candidature-sans-etiquette\\\/216037\\\/\"},\"wordCount\":174,\"commentCount\":0,\"publisher\":{\"@id\":\"https:\\\/\\\/www.webdo.tn\\\/fr\\\/#organization\"},\"image\":{\"@id\":\"https:\\\/\\\/www.webdo.tn\\\/fr\\\/actualite\\\/national\\\/tunisie-presidentielle-ayachi-zammel-quitte-la-tete-d-azimoun-pour-une-candidature-sans-etiquette\\\/216037\\\/#primaryimage\"},\"thumbnailUrl\":\"https:\\\/\\\/www.webdo.tn\\\/fr\\\/wp-content\\\/uploads\\\/2024\\\/08\\\/7d941a7d0707ff489e475693a2b35c2f.webp\",\"keywords\":[\"ayachi zammel\",\"Azimoun\",\"Pr\u00e9sidentielle 2024\",\"Tunisie\"],\"articleSection\":[\"National\"],\"inLanguage\":\"fr-FR\"},{\"@type\":\"WebPage\",\"@id\":\"https:\\\/\\\/www.webdo.tn\\\/fr\\\/actualite\\\/national\\\/tunisie-presidentielle-ayachi-zammel-quitte-la-tete-d-azimoun-pour-une-candidature-sans-etiquette\\\/216037\\\/\",\"url\":\"https:\\\/\\\/www.webdo.tn\\\/fr\\\/actualite\\\/national\\\/tunisie-presidentielle-ayachi-zammel-quitte-la-tete-d-azimoun-pour-une-candidature-sans-etiquette\\\/216037\\\/\",\"name\":\"Tunisie - Pr\u00e9sidentielle : Ayachi Zammel quitte la t\u00eate d\u2019Azimoun pour une candidature sans \u00e9tiquette\",\"isPartOf\":{\"@id\":\"https:\\\/\\\/www.webdo.tn\\\/fr\\\/#website\"},\"primaryImageOfPage\":{\"@id\":\"https:\\\/\\\/www.webdo.tn\\\/fr\\\/actualite\\\/national\\\/tunisie-presidentielle-ayachi-zammel-quitte-la-tete-d-azimoun-pour-une-candidature-sans-etiquette\\\/216037\\\/#primaryimage\"},\"image\":{\"@id\":\"https:\\\/\\\/www.webdo.tn\\\/fr\\\/actualite\\\/national\\\/tunisie-presidentielle-ayachi-zammel-quitte-la-tete-d-azimoun-pour-une-candidature-sans-etiquette\\\/216037\\\/#primaryimage\"},\"thumbnailUrl\":\"https:\\\/\\\/www.webdo.tn\\\/fr\\\/wp-content\\\/uploads\\\/2024\\\/08\\\/7d941a7d0707ff489e475693a2b35c2f.webp\",\"datePublished\":\"2024-08-27T20:04:00+00:00\",\"dateModified\":\"2025-05-21T09:03:51+00:00\",\"description\":\"Candidat \u00e0 la pr\u00e9sidentielle 2024, Ayachi Zammel suspend sa pr\u00e9sidence du mouvement Azimoun pour se pr\u00e9senter en ind\u00e9pendant, cherchant \u00e0 f\u00e9d\u00e9rer les forces p...\",\"breadcrumb\":{\"@id\":\"https:\\\/\\\/www.webdo.tn\\\/fr\\\/actualite\\\/national\\\/tunisie-presidentielle-ayachi-zammel-quitte-la-tete-d-azimoun-pour-une-candidature-sans-etiquette\\\/216037\\\/#breadcrumb\"},\"inLanguage\":\"fr-FR\",\"potentialAction\":[{\"@type\":\"ReadAction\",\"target\":[\"https:\\\/\\\/www.webdo.tn\\\/fr\\\/actualite\\\/national\\\/tunisie-presidentielle-ayachi-zammel-quitte-la-tete-d-azimoun-pour-une-candidature-sans-etiquette\\\/216037\\\/\"]}]},{\"@type\":\"ImageObject\",\"inLanguage\":\"fr-FR\",\"@id\":\"https:\\\/\\\/www.webdo.tn\\\/fr\\\/actualite\\\/national\\\/tunisie-presidentielle-ayachi-zammel-quitte-la-tete-d-azimoun-pour-une-candidature-sans-etiquette\\\/216037\\\/#primaryimage\",\"url\":\"https:\\\/\\\/www.webdo.tn\\\/fr\\\/wp-content\\\/uploads\\\/2024\\\/08\\\/7d941a7d0707ff489e475693a2b35c2f.webp\",\"contentUrl\":\"https:\\\/\\\/www.webdo.tn\\\/fr\\\/wp-content\\\/uploads\\\/2024\\\/08\\\/7d941a7d0707ff489e475693a2b35c2f.webp\",\"width\":750,\"height\":400,\"caption\":\"Tunisie - Pr\u00e9sidentielle : Ayachi Zammel quitte la t\u00eate d\u2019Azimoun pour une candidature sans \u00e9tiquette\"},{\"@type\":\"BreadcrumbList\",\"@id\":\"https:\\\/\\\/www.webdo.tn\\\/fr\\\/actualite\\\/national\\\/tunisie-presidentielle-ayachi-zammel-quitte-la-tete-d-azimoun-pour-une-candidature-sans-etiquette\\\/216037\\\/#breadcrumb\",\"itemListElement\":[{\"@type\":\"ListItem\",\"position\":1,\"name\":\"Accueil\",\"item\":\"https:\\\/\\\/www.webdo.tn\\\/fr\\\/\"},{\"@type\":\"ListItem\",\"position\":2,\"name\":\"Tunisie &#8211; Pr\u00e9sidentielle : Ayachi Zammel quitte la t\u00eate d\u2019Azimoun pour une candidature sans \u00e9tiquette\"}]},{\"@type\":\"WebSite\",\"@id\":\"https:\\\/\\\/www.webdo.tn\\\/fr\\\/#website\",\"url\":\"https:\\\/\\\/www.webdo.tn\\\/fr\\\/\",\"name\":\"webdo\",\"description\":\"Tunisie - News en Tunisie et \u00e0 l&#039;international sur Webdo.tn\",\"publisher\":{\"@id\":\"https:\\\/\\\/www.webdo.tn\\\/fr\\\/#organization\"},\"potentialAction\":[{\"@type\":\"SearchAction\",\"target\":{\"@type\":\"EntryPoint\",\"urlTemplate\":\"https:\\\/\\\/www.webdo.tn\\\/fr\\\/?s={search_term_string}\"},\"query-input\":{\"@type\":\"PropertyValueSpecification\",\"valueRequired\":true,\"valueName\":\"search_term_string\"}}],\"inLanguage\":\"fr-FR\"},{\"@type\":\"Organization\",\"@id\":\"https:\\\/\\\/www.webdo.tn\\\/fr\\\/#organization\",\"name\":\"Webdo\",\"alternateName\":\"Webdo.tn\",\"url\":\"https:\\\/\\\/www.webdo.tn\\\/fr\\\/\",\"logo\":{\"@type\":\"ImageObject\",\"inLanguage\":\"fr-FR\",\"@id\":\"https:\\\/\\\/www.webdo.tn\\\/fr\\\/#\\\/schema\\\/logo\\\/image\\\/\",\"url\":\"https:\\\/\\\/www.webdo.tn\\\/fr\\\/wp-content\\\/uploads\\\/2025\\\/06\\\/Webdo-Tunisie_168377.jpg\",\"contentUrl\":\"https:\\\/\\\/www.webdo.tn\\\/fr\\\/wp-content\\\/uploads\\\/2025\\\/06\\\/Webdo-Tunisie_168377.jpg\",\"width\":301,\"height\":301,\"caption\":\"Webdo\"},\"image\":{\"@id\":\"https:\\\/\\\/www.webdo.tn\\\/fr\\\/#\\\/schema\\\/logo\\\/image\\\/\"},\"sameAs\":[\"https:\\\/\\\/www.facebook.com\\\/webdotn\",\"https:\\\/\\\/x.com\\\/webdo_tn\"],\"description\":\"Webdo est un m\u00e9dia num\u00e9rique tunisien fond\u00e9 en 2010, sp\u00e9cialis\u00e9 dans l\u2019actualit\u00e9 nationale et internationale, l\u2019\u00e9conomie, la soci\u00e9t\u00e9 et les analyses politiques. Le site s\u2019adresse \u00e0 un large public francophone et couvre l\u2019information tunisienne en temps r\u00e9el.\",\"email\":\"redac@webdo.tn\",\"legalName\":\"YNJ SARL\",\"foundingDate\":\"2010-09-06\",\"numberOfEmployees\":{\"@type\":\"QuantitativeValue\",\"minValue\":\"11\",\"maxValue\":\"50\"}},{\"@type\":\"Person\",\"@id\":\"https:\\\/\\\/www.webdo.tn\\\/fr\\\/#\\\/schema\\\/person\\\/b8a41c04d93287d375510db360906b34\",\"name\":\"AZ\",\"image\":{\"@type\":\"ImageObject\",\"inLanguage\":\"fr-FR\",\"@id\":\"https:\\\/\\\/secure.gravatar.com\\\/avatar\\\/492b80bada79439de4201dce15cd41eece6c277cfdf1b53382073c79105c1f89?s=96&d=mm&r=g\",\"url\":\"https:\\\/\\\/secure.gravatar.com\\\/avatar\\\/492b80bada79439de4201dce15cd41eece6c277cfdf1b53382073c79105c1f89?s=96&d=mm&r=g\",\"contentUrl\":\"https:\\\/\\\/secure.gravatar.com\\\/avatar\\\/492b80bada79439de4201dce15cd41eece6c277cfdf1b53382073c79105c1f89?s=96&d=mm&r=g\",\"caption\":\"AZ\"},\"url\":\"https:\\\/\\\/www.webdo.tn\\\/fr\\\/actualite\\\/author\\\/az\\\/\"}]}<\/script>\n<!-- \/ Yoast SEO Premium plugin. -->","yoast_head_json":{"title":"Tunisie - Pr\u00e9sidentielle : Ayachi Zammel quitte la t\u00eate d\u2019Azimoun pour une candidature sans \u00e9tiquette","description":"Candidat \u00e0 la pr\u00e9sidentielle 2024, Ayachi Zammel suspend sa pr\u00e9sidence du mouvement Azimoun pour se pr\u00e9senter en ind\u00e9pendant, cherchant \u00e0 f\u00e9d\u00e9rer les forces p...","canonical":"https:\/\/www.webdo.tn\/fr\/actualite\/national\/tunisie-presidentielle-ayachi-zammel-quitte-la-tete-d-azimoun-pour-une-candidature-sans-etiquette\/216037\/","og_locale":"fr_FR","og_type":"article","og_title":"Tunisie - Pr\u00e9sidentielle : Ayachi Zammel quitte la t\u00eate d\u2019Azimoun pour une candidature sans \u00e9tiquette","og_description":"Candidat \u00e0 la pr\u00e9sidentielle 2024, Ayachi Zammel suspend sa pr\u00e9sidence du mouvement Azimoun pour se pr\u00e9senter en ind\u00e9pendant, cherchant \u00e0 f\u00e9d\u00e9rer les forces p...","og_url":"https:\/\/www.webdo.tn\/fr\/actualite\/national\/tunisie-presidentielle-ayachi-zammel-quitte-la-tete-d-azimoun-pour-une-candidature-sans-etiquette\/216037\/","og_site_name":"webdo","article_publisher":"https:\/\/www.facebook.com\/webdotn","article_published_time":"2024-08-27T20:04:00+00:00","article_modified_time":"2025-05-21T09:03:51+00:00","og_image":[{"width":750,"height":400,"url":"https:\/\/www.webdo.tn\/fr\/wp-content\/uploads\/2024\/08\/7d941a7d0707ff489e475693a2b35c2f.webp","type":"image\/webp"}],"author":"AZ","twitter_card":"summary_large_image","twitter_creator":"@webdo_tn","twitter_site":"@webdo_tn","twitter_misc":{"\u00c9crit par":"AZ","Dur\u00e9e de lecture estim\u00e9e":"1 minute"},"schema":{"@context":"https:\/\/schema.org","@graph":[{"@type":"NewsArticle","@id":"https:\/\/www.webdo.tn\/fr\/actualite\/national\/tunisie-presidentielle-ayachi-zammel-quitte-la-tete-d-azimoun-pour-une-candidature-sans-etiquette\/216037\/#article","isPartOf":{"@id":"https:\/\/www.webdo.tn\/fr\/actualite\/national\/tunisie-presidentielle-ayachi-zammel-quitte-la-tete-d-azimoun-pour-une-candidature-sans-etiquette\/216037\/"},"author":{"name":"AZ","@id":"https:\/\/www.webdo.tn\/fr\/#\/schema\/person\/b8a41c04d93287d375510db360906b34"},"headline":"Tunisie &#8211; Pr\u00e9sidentielle : Ayachi Zammel quitte la t\u00eate d\u2019Azimoun pour une candidature sans \u00e9tiquette","datePublished":"2024-08-27T20:04:00+00:00","dateModified":"2025-05-21T09:03:51+00:00","mainEntityOfPage":{"@id":"https:\/\/www.webdo.tn\/fr\/actualite\/national\/tunisie-presidentielle-ayachi-zammel-quitte-la-tete-d-azimoun-pour-une-candidature-sans-etiquette\/216037\/"},"wordCount":174,"commentCount":0,"publisher":{"@id":"https:\/\/www.webdo.tn\/fr\/#organization"},"image":{"@id":"https:\/\/www.webdo.tn\/fr\/actualite\/national\/tunisie-presidentielle-ayachi-zammel-quitte-la-tete-d-azimoun-pour-une-candidature-sans-etiquette\/216037\/#primaryimage"},"thumbnailUrl":"https:\/\/www.webdo.tn\/fr\/wp-content\/uploads\/2024\/08\/7d941a7d0707ff489e475693a2b35c2f.webp","keywords":["ayachi zammel","Azimoun","Pr\u00e9sidentielle 2024","Tunisie"],"articleSection":["National"],"inLanguage":"fr-FR"},{"@type":"WebPage","@id":"https:\/\/www.webdo.tn\/fr\/actualite\/national\/tunisie-presidentielle-ayachi-zammel-quitte-la-tete-d-azimoun-pour-une-candidature-sans-etiquette\/216037\/","url":"https:\/\/www.webdo.tn\/fr\/actualite\/national\/tunisie-presidentielle-ayachi-zammel-quitte-la-tete-d-azimoun-pour-une-candidature-sans-etiquette\/216037\/","name":"Tunisie - Pr\u00e9sidentielle : Ayachi Zammel quitte la t\u00eate d\u2019Azimoun pour une candidature sans \u00e9tiquette","isPartOf":{"@id":"https:\/\/www.webdo.tn\/fr\/#website"},"primaryImageOfPage":{"@id":"https:\/\/www.webdo.tn\/fr\/actualite\/national\/tunisie-presidentielle-ayachi-zammel-quitte-la-tete-d-azimoun-pour-une-candidature-sans-etiquette\/216037\/#primaryimage"},"image":{"@id":"https:\/\/www.webdo.tn\/fr\/actualite\/national\/tunisie-presidentielle-ayachi-zammel-quitte-la-tete-d-azimoun-pour-une-candidature-sans-etiquette\/216037\/#primaryimage"},"thumbnailUrl":"https:\/\/www.webdo.tn\/fr\/wp-content\/uploads\/2024\/08\/7d941a7d0707ff489e475693a2b35c2f.webp","datePublished":"2024-08-27T20:04:00+00:00","dateModified":"2025-05-21T09:03:51+00:00","description":"Candidat \u00e0 la pr\u00e9sidentielle 2024, Ayachi Zammel suspend sa pr\u00e9sidence du mouvement Azimoun pour se pr\u00e9senter en ind\u00e9pendant, cherchant \u00e0 f\u00e9d\u00e9rer les forces p...","breadcrumb":{"@id":"https:\/\/www.webdo.tn\/fr\/actualite\/national\/tunisie-presidentielle-ayachi-zammel-quitte-la-tete-d-azimoun-pour-une-candidature-sans-etiquette\/216037\/#breadcrumb"},"inLanguage":"fr-FR","potentialAction":[{"@type":"ReadAction","target":["https:\/\/www.webdo.tn\/fr\/actualite\/national\/tunisie-presidentielle-ayachi-zammel-quitte-la-tete-d-azimoun-pour-une-candidature-sans-etiquette\/216037\/"]}]},{"@type":"ImageObject","inLanguage":"fr-FR","@id":"https:\/\/www.webdo.tn\/fr\/actualite\/national\/tunisie-presidentielle-ayachi-zammel-quitte-la-tete-d-azimoun-pour-une-candidature-sans-etiquette\/216037\/#primaryimage","url":"https:\/\/www.webdo.tn\/fr\/wp-content\/uploads\/2024\/08\/7d941a7d0707ff489e475693a2b35c2f.webp","contentUrl":"https:\/\/www.webdo.tn\/fr\/wp-content\/uploads\/2024\/08\/7d941a7d0707ff489e475693a2b35c2f.webp","width":750,"height":400,"caption":"Tunisie - Pr\u00e9sidentielle : Ayachi Zammel quitte la t\u00eate d\u2019Azimoun pour une candidature sans \u00e9tiquette"},{"@type":"BreadcrumbList","@id":"https:\/\/www.webdo.tn\/fr\/actualite\/national\/tunisie-presidentielle-ayachi-zammel-quitte-la-tete-d-azimoun-pour-une-candidature-sans-etiquette\/216037\/#breadcrumb","itemListElement":[{"@type":"ListItem","position":1,"name":"Accueil","item":"https:\/\/www.webdo.tn\/fr\/"},{"@type":"ListItem","position":2,"name":"Tunisie &#8211; Pr\u00e9sidentielle : Ayachi Zammel quitte la t\u00eate d\u2019Azimoun pour une candidature sans \u00e9tiquette"}]},{"@type":"WebSite","@id":"https:\/\/www.webdo.tn\/fr\/#website","url":"https:\/\/www.webdo.tn\/fr\/","name":"webdo","description":"Tunisie - News en Tunisie et \u00e0 l&#039;international sur Webdo.tn","publisher":{"@id":"https:\/\/www.webdo.tn\/fr\/#organization"},"potentialAction":[{"@type":"SearchAction","target":{"@type":"EntryPoint","urlTemplate":"https:\/\/www.webdo.tn\/fr\/?s={search_term_string}"},"query-input":{"@type":"PropertyValueSpecification","valueRequired":true,"valueName":"search_term_string"}}],"inLanguage":"fr-FR"},{"@type":"Organization","@id":"https:\/\/www.webdo.tn\/fr\/#organization","name":"Webdo","alternateName":"Webdo.tn","url":"https:\/\/www.webdo.tn\/fr\/","logo":{"@type":"ImageObject","inLanguage":"fr-FR","@id":"https:\/\/www.webdo.tn\/fr\/#\/schema\/logo\/image\/","url":"https:\/\/www.webdo.tn\/fr\/wp-content\/uploads\/2025\/06\/Webdo-Tunisie_168377.jpg","contentUrl":"https:\/\/www.webdo.tn\/fr\/wp-content\/uploads\/2025\/06\/Webdo-Tunisie_168377.jpg","width":301,"height":301,"caption":"Webdo"},"image":{"@id":"https:\/\/www.webdo.tn\/fr\/#\/schema\/logo\/image\/"},"sameAs":["https:\/\/www.facebook.com\/webdotn","https:\/\/x.com\/webdo_tn"],"description":"Webdo est un m\u00e9dia num\u00e9rique tunisien fond\u00e9 en 2010, sp\u00e9cialis\u00e9 dans l\u2019actualit\u00e9 nationale et internationale, l\u2019\u00e9conomie, la soci\u00e9t\u00e9 et les analyses politiques. Le site s\u2019adresse \u00e0 un large public francophone et couvre l\u2019information tunisienne en temps r\u00e9el.","email":"redac@webdo.tn","legalName":"YNJ SARL","foundingDate":"2010-09-06","numberOfEmployees":{"@type":"QuantitativeValue","minValue":"11","maxValue":"50"}},{"@type":"Person","@id":"https:\/\/www.webdo.tn\/fr\/#\/schema\/person\/b8a41c04d93287d375510db360906b34","name":"AZ","image":{"@type":"ImageObject","inLanguage":"fr-FR","@id":"https:\/\/secure.gravatar.com\/avatar\/492b80bada79439de4201dce15cd41eece6c277cfdf1b53382073c79105c1f89?s=96&d=mm&r=g","url":"https:\/\/secure.gravatar.com\/avatar\/492b80bada79439de4201dce15cd41eece6c277cfdf1b53382073c79105c1f89?s=96&d=mm&r=g","contentUrl":"https:\/\/secure.gravatar.com\/avatar\/492b80bada79439de4201dce15cd41eece6c277cfdf1b53382073c79105c1f89?s=96&d=mm&r=g","caption":"AZ"},"url":"https:\/\/www.webdo.tn\/fr\/actualite\/author\/az\/"}]}},"_links":{"self":[{"href":"https:\/\/www.webdo.tn\/fr\/wp-json\/wp\/v2\/posts\/216037","targetHints":{"allow":["GET"]}}],"collection":[{"href":"https:\/\/www.webdo.tn\/fr\/wp-json\/wp\/v2\/posts"}],"about":[{"href":"https:\/\/www.webdo.tn\/fr\/wp-json\/wp\/v2\/types\/post"}],"author":[{"embeddable":true,"href":"https:\/\/www.webdo.tn\/fr\/wp-json\/wp\/v2\/users\/3166"}],"replies":[{"embeddable":true,"href":"https:\/\/www.webdo.tn\/fr\/wp-json\/wp\/v2\/comments?post=216037"}],"version-history":[{"count":0,"href":"https:\/\/www.webdo.tn\/fr\/wp-json\/wp\/v2\/posts\/216037\/revisions"}],"wp:featuredmedia":[{"embeddable":true,"href":"https:\/\/www.webdo.tn\/fr\/wp-json\/wp\/v2\/media\/246697"}],"wp:attachment":[{"href":"https:\/\/www.webdo.tn\/fr\/wp-json\/wp\/v2\/media?parent=216037"}],"wp:term":[{"taxonomy":"category","embeddable":true,"href":"https:\/\/www.webdo.tn\/fr\/wp-json\/wp\/v2\/categories?post=216037"},{"taxonomy":"post_tag","embeddable":true,"href":"https:\/\/www.webdo.tn\/fr\/wp-json\/wp\/v2\/tags?post=216037"}],"curies":[{"name":"wp","href":"https:\/\/api.w.org\/{rel}","templated":true}]}}