{"id":216009,"date":"2024-08-26T11:55:00","date_gmt":"2024-08-26T11:55:00","guid":{"rendered":"https:\/\/www.webdo.tn\/fr\/blog\/patrimoine-l-arbre-a-couscous-a-de-qui-tenir\/216009\/"},"modified":"2025-05-14T09:42:14","modified_gmt":"2025-05-14T09:42:14","slug":"patrimoine-l-arbre-a-couscous-a-de-qui-tenir","status":"publish","type":"post","link":"https:\/\/www.webdo.tn\/fr\/actualite\/chroniques\/patrimoine-l-arbre-a-couscous-a-de-qui-tenir\/216009\/","title":{"rendered":"Patrimoine : L&rsquo;Arbre \u00e0 Couscous a de qui tenir !"},"content":{"rendered":"<p>De Raoul \u00e0 G\u00e9rard Moati, c&rsquo;est une histoire de couscous qui a commenc\u00e9 avec une minoterie en 1938 et se poursuit avec un restaurant marsois d\u00e9di\u00e9 au plus traditionnel des plats tunisiens.<\/p>\n<p>\t\t\t\t\t\t\t\t\tDepuis 2015, le restaurant L&rsquo;Arbre \u00e0 Couscous a \u00e9t\u00e9 \u00e0 l&rsquo;origine d&rsquo;une couscousmania qui trouve sa source et sa vigueur dans la d\u00e9marche innovante et g\u00e9n\u00e9reuse de G\u00e9rard Moati.<\/p>\n<p>Toutes les semaines, cette table propose des d\u00e9clinaisons traditionnelles du couscous qui est pr\u00e9par\u00e9 \u00e0 l&rsquo;agneau, au poisson, aux boulettes, au kadid ou au osban.<\/p>\n<p>L&rsquo;Arbre \u00e0 Couscous invite \u00e9galement les gourmets \u00e0 savourer un d\u00e9licieux couscous merguez aux courges et f\u00e8ves, un couscous au poulpe et un couscous \u00e0 l&rsquo;encre de seiche. Un couscous marocain figure \u00e9galement \u00e0 la carte de cet \u00e9tablissement qui offre un choix de cinq graines diff\u00e9rentes et des l\u00e9gumes \u00e0 volont\u00e9.<\/p>\n<p>Ce bar \u00e0 couscous qui va bient\u00f4t c\u00e9l\u00e9brer ses dix ans d&rsquo;existence, poss\u00e8de un ancrage direct \u00e0 la longue tradition initi\u00e9e par le Couscous Drapeau dont le fondateur est l&rsquo;anc\u00eatre de Georges Moati.<\/p>\n<p>Le couscous Drapeau est une des marques les plus r\u00e9put\u00e9es en Tunisie. Durant de longues ann\u00e9es, elle a offert aux familles des grains de couscous de qualit\u00e9.<\/p>\n<p>Ce label du bon couscous a \u00e9t\u00e9 cr\u00e9\u00e9 en 1938 \u00e0 l&rsquo;initiative de Raoul Moati qui, de la minoterie qu&rsquo;il tenait \u00e0 Ben Arous, s&rsquo;est lanc\u00e9 dans la production de couscous industriel dont il a \u00e9t\u00e9 le premier \u00e0 entrevoir le potentiel.<\/p>\n<p>Fils de David et Clara Moati, Le sieur Raoul \u00e9tait un homme d&rsquo;une d\u00e9licatesse et d&rsquo;une gentillesse exemplaires. Sa soeur a\u00een\u00e9e Marie et son fr\u00e8re cadet Jules compl\u00e9taient une fratrie solidaire.<\/p>\n<p>La m\u00e9moire de ce couscous Drapeau a \u00e9t\u00e9 bien pr\u00e9serv\u00e9e et m\u00eame revigor\u00e9e ces derni\u00e8res ann\u00e9es avec l&rsquo;initiative de G\u00e9rard Moati, le fils de Raoul, d&rsquo;ouvrir \u00e0 la Marsa, l&rsquo;enseigne \u00ab\u00a0L&rsquo;arbre \u00e0 couscous\u00a0\u00bb.<\/p>\n<p>Quant au couscous Drapeau proprement dit, il continue son bonhomme de chemin avec ses trois vari\u00e9t\u00e9s fine, moyenne et \u00e0 grosses graines. Une belle histoire dont la continuit\u00e9 laisse r\u00eaveur! Comme quoi, la transmission entre les g\u00e9n\u00e9rations n&rsquo;est pas un vain mot.<\/p>\n","protected":false},"excerpt":{"rendered":"<p>Depuis 2015, le restaurant L&rsquo;Arbre \u00e0 Couscous a \u00e9t\u00e9 \u00e0 l&rsquo;origine d&rsquo;une couscousmania qui trouve sa source et sa vigueur dans la d\u00e9marche innovante et g\u00e9n\u00e9reuse d&#8230;<\/p>\n","protected":false},"author":3229,"featured_media":246709,"comment_status":"open","ping_status":"closed","sticky":false,"template":"","format":"standard","meta":{"footnotes":""},"categories":[2596],"tags":[5854,2608],"class_list":["post-216009","post","type-post","status-publish","format-standard","has-post-thumbnail","hentry","category-chroniques","tag-couscous","tag-tunisie"],"yoast_head":"<!-- This site is optimized with the Yoast SEO Premium plugin v27.5 (Yoast SEO v27.5) - https:\/\/yoast.com\/product\/yoast-seo-premium-wordpress\/ -->\n<title>Patrimoine : L&#039;Arbre \u00e0 Couscous a de qui tenir !<\/title>\n<meta name=\"description\" content=\"Depuis 2015, le restaurant L&#039;Arbre \u00e0 Couscous a \u00e9t\u00e9 \u00e0 l&#039;origine d&#039;une couscousmania qui trouve sa source et sa vigueur dans la d\u00e9marche innovante et g\u00e9n\u00e9reuse d...\" \/>\n<link rel=\"canonical\" href=\"https:\/\/www.webdo.tn\/fr\/actualite\/chroniques\/patrimoine-l-arbre-a-couscous-a-de-qui-tenir\/216009\/\" \/>\n<meta property=\"og:locale\" content=\"fr_FR\" \/>\n<meta property=\"og:type\" content=\"article\" \/>\n<meta property=\"og:title\" content=\"Patrimoine : L&#039;Arbre \u00e0 Couscous a de qui tenir !\" \/>\n<meta property=\"og:description\" content=\"Depuis 2015, le restaurant L&#039;Arbre \u00e0 Couscous a \u00e9t\u00e9 \u00e0 l&#039;origine d&#039;une couscousmania qui trouve sa source et sa vigueur dans la d\u00e9marche innovante et g\u00e9n\u00e9reuse d...\" \/>\n<meta property=\"og:url\" content=\"https:\/\/www.webdo.tn\/fr\/actualite\/chroniques\/patrimoine-l-arbre-a-couscous-a-de-qui-tenir\/216009\/\" \/>\n<meta property=\"og:site_name\" content=\"webdo\" \/>\n<meta property=\"article:publisher\" content=\"https:\/\/www.facebook.com\/webdotn\" \/>\n<meta property=\"article:author\" content=\"https:\/\/www.facebook.com\/hatem.bourial.2025\" \/>\n<meta property=\"article:published_time\" content=\"2024-08-26T11:55:00+00:00\" \/>\n<meta property=\"article:modified_time\" content=\"2025-05-14T09:42:14+00:00\" \/>\n<meta property=\"og:image\" content=\"https:\/\/www.webdo.tn\/fr\/wp-content\/uploads\/2024\/08\/1cd8c479eec1c485814e9564a016a9b4.webp\" \/>\n\t<meta property=\"og:image:width\" content=\"750\" \/>\n\t<meta property=\"og:image:height\" content=\"400\" \/>\n\t<meta property=\"og:image:type\" content=\"image\/webp\" \/>\n<meta name=\"author\" content=\"Hatem Bourial\" \/>\n<meta name=\"twitter:card\" content=\"summary_large_image\" \/>\n<meta name=\"twitter:creator\" content=\"@webdo_tn\" \/>\n<meta name=\"twitter:site\" content=\"@webdo_tn\" \/>\n<meta name=\"twitter:label1\" content=\"\u00c9crit par\" \/>\n\t<meta name=\"twitter:data1\" content=\"Hatem Bourial\" \/>\n\t<meta name=\"twitter:label2\" content=\"Dur\u00e9e de lecture estim\u00e9e\" \/>\n\t<meta name=\"twitter:data2\" content=\"2 minutes\" \/>\n<script type=\"application\/ld+json\" class=\"yoast-schema-graph\">{\"@context\":\"https:\\\/\\\/schema.org\",\"@graph\":[{\"@type\":\"NewsArticle\",\"@id\":\"https:\\\/\\\/www.webdo.tn\\\/fr\\\/actualite\\\/chroniques\\\/patrimoine-l-arbre-a-couscous-a-de-qui-tenir\\\/216009\\\/#article\",\"isPartOf\":{\"@id\":\"https:\\\/\\\/www.webdo.tn\\\/fr\\\/actualite\\\/chroniques\\\/patrimoine-l-arbre-a-couscous-a-de-qui-tenir\\\/216009\\\/\"},\"author\":{\"name\":\"Hatem Bourial\",\"@id\":\"https:\\\/\\\/www.webdo.tn\\\/fr\\\/#\\\/schema\\\/person\\\/6bc0beba2cd23aec27cb5df85ca2554f\"},\"headline\":\"Patrimoine : L&rsquo;Arbre \u00e0 Couscous a de qui tenir !\",\"datePublished\":\"2024-08-26T11:55:00+00:00\",\"dateModified\":\"2025-05-14T09:42:14+00:00\",\"mainEntityOfPage\":{\"@id\":\"https:\\\/\\\/www.webdo.tn\\\/fr\\\/actualite\\\/chroniques\\\/patrimoine-l-arbre-a-couscous-a-de-qui-tenir\\\/216009\\\/\"},\"wordCount\":392,\"commentCount\":0,\"publisher\":{\"@id\":\"https:\\\/\\\/www.webdo.tn\\\/fr\\\/#organization\"},\"image\":{\"@id\":\"https:\\\/\\\/www.webdo.tn\\\/fr\\\/actualite\\\/chroniques\\\/patrimoine-l-arbre-a-couscous-a-de-qui-tenir\\\/216009\\\/#primaryimage\"},\"thumbnailUrl\":\"https:\\\/\\\/www.webdo.tn\\\/fr\\\/wp-content\\\/uploads\\\/2024\\\/08\\\/1cd8c479eec1c485814e9564a016a9b4.webp\",\"keywords\":[\"Couscous\",\"Tunisie\"],\"articleSection\":[\"Chroniques\"],\"inLanguage\":\"fr-FR\"},{\"@type\":\"WebPage\",\"@id\":\"https:\\\/\\\/www.webdo.tn\\\/fr\\\/actualite\\\/chroniques\\\/patrimoine-l-arbre-a-couscous-a-de-qui-tenir\\\/216009\\\/\",\"url\":\"https:\\\/\\\/www.webdo.tn\\\/fr\\\/actualite\\\/chroniques\\\/patrimoine-l-arbre-a-couscous-a-de-qui-tenir\\\/216009\\\/\",\"name\":\"Patrimoine : L'Arbre \u00e0 Couscous a de qui tenir !\",\"isPartOf\":{\"@id\":\"https:\\\/\\\/www.webdo.tn\\\/fr\\\/#website\"},\"primaryImageOfPage\":{\"@id\":\"https:\\\/\\\/www.webdo.tn\\\/fr\\\/actualite\\\/chroniques\\\/patrimoine-l-arbre-a-couscous-a-de-qui-tenir\\\/216009\\\/#primaryimage\"},\"image\":{\"@id\":\"https:\\\/\\\/www.webdo.tn\\\/fr\\\/actualite\\\/chroniques\\\/patrimoine-l-arbre-a-couscous-a-de-qui-tenir\\\/216009\\\/#primaryimage\"},\"thumbnailUrl\":\"https:\\\/\\\/www.webdo.tn\\\/fr\\\/wp-content\\\/uploads\\\/2024\\\/08\\\/1cd8c479eec1c485814e9564a016a9b4.webp\",\"datePublished\":\"2024-08-26T11:55:00+00:00\",\"dateModified\":\"2025-05-14T09:42:14+00:00\",\"description\":\"Depuis 2015, le restaurant L'Arbre \u00e0 Couscous a \u00e9t\u00e9 \u00e0 l'origine d'une couscousmania qui trouve sa source et sa vigueur dans la d\u00e9marche innovante et g\u00e9n\u00e9reuse d...\",\"breadcrumb\":{\"@id\":\"https:\\\/\\\/www.webdo.tn\\\/fr\\\/actualite\\\/chroniques\\\/patrimoine-l-arbre-a-couscous-a-de-qui-tenir\\\/216009\\\/#breadcrumb\"},\"inLanguage\":\"fr-FR\",\"potentialAction\":[{\"@type\":\"ReadAction\",\"target\":[\"https:\\\/\\\/www.webdo.tn\\\/fr\\\/actualite\\\/chroniques\\\/patrimoine-l-arbre-a-couscous-a-de-qui-tenir\\\/216009\\\/\"]}]},{\"@type\":\"ImageObject\",\"inLanguage\":\"fr-FR\",\"@id\":\"https:\\\/\\\/www.webdo.tn\\\/fr\\\/actualite\\\/chroniques\\\/patrimoine-l-arbre-a-couscous-a-de-qui-tenir\\\/216009\\\/#primaryimage\",\"url\":\"https:\\\/\\\/www.webdo.tn\\\/fr\\\/wp-content\\\/uploads\\\/2024\\\/08\\\/1cd8c479eec1c485814e9564a016a9b4.webp\",\"contentUrl\":\"https:\\\/\\\/www.webdo.tn\\\/fr\\\/wp-content\\\/uploads\\\/2024\\\/08\\\/1cd8c479eec1c485814e9564a016a9b4.webp\",\"width\":750,\"height\":400,\"caption\":\"Patrimoine : L'Arbre \u00e0 Couscous a de qui tenir !\"},{\"@type\":\"BreadcrumbList\",\"@id\":\"https:\\\/\\\/www.webdo.tn\\\/fr\\\/actualite\\\/chroniques\\\/patrimoine-l-arbre-a-couscous-a-de-qui-tenir\\\/216009\\\/#breadcrumb\",\"itemListElement\":[{\"@type\":\"ListItem\",\"position\":1,\"name\":\"Accueil\",\"item\":\"https:\\\/\\\/www.webdo.tn\\\/fr\\\/\"},{\"@type\":\"ListItem\",\"position\":2,\"name\":\"Patrimoine : L&#8217;Arbre \u00e0 Couscous a de qui tenir !\"}]},{\"@type\":\"WebSite\",\"@id\":\"https:\\\/\\\/www.webdo.tn\\\/fr\\\/#website\",\"url\":\"https:\\\/\\\/www.webdo.tn\\\/fr\\\/\",\"name\":\"webdo\",\"description\":\"Tunisie - News en Tunisie et \u00e0 l&#039;international sur Webdo.tn\",\"publisher\":{\"@id\":\"https:\\\/\\\/www.webdo.tn\\\/fr\\\/#organization\"},\"potentialAction\":[{\"@type\":\"SearchAction\",\"target\":{\"@type\":\"EntryPoint\",\"urlTemplate\":\"https:\\\/\\\/www.webdo.tn\\\/fr\\\/?s={search_term_string}\"},\"query-input\":{\"@type\":\"PropertyValueSpecification\",\"valueRequired\":true,\"valueName\":\"search_term_string\"}}],\"inLanguage\":\"fr-FR\"},{\"@type\":\"Organization\",\"@id\":\"https:\\\/\\\/www.webdo.tn\\\/fr\\\/#organization\",\"name\":\"Webdo\",\"alternateName\":\"Webdo.tn\",\"url\":\"https:\\\/\\\/www.webdo.tn\\\/fr\\\/\",\"logo\":{\"@type\":\"ImageObject\",\"inLanguage\":\"fr-FR\",\"@id\":\"https:\\\/\\\/www.webdo.tn\\\/fr\\\/#\\\/schema\\\/logo\\\/image\\\/\",\"url\":\"https:\\\/\\\/www.webdo.tn\\\/fr\\\/wp-content\\\/uploads\\\/2025\\\/06\\\/Webdo-Tunisie_168377.jpg\",\"contentUrl\":\"https:\\\/\\\/www.webdo.tn\\\/fr\\\/wp-content\\\/uploads\\\/2025\\\/06\\\/Webdo-Tunisie_168377.jpg\",\"width\":301,\"height\":301,\"caption\":\"Webdo\"},\"image\":{\"@id\":\"https:\\\/\\\/www.webdo.tn\\\/fr\\\/#\\\/schema\\\/logo\\\/image\\\/\"},\"sameAs\":[\"https:\\\/\\\/www.facebook.com\\\/webdotn\",\"https:\\\/\\\/x.com\\\/webdo_tn\"],\"description\":\"Webdo est un m\u00e9dia num\u00e9rique tunisien fond\u00e9 en 2010, sp\u00e9cialis\u00e9 dans l\u2019actualit\u00e9 nationale et internationale, l\u2019\u00e9conomie, la soci\u00e9t\u00e9 et les analyses politiques. Le site s\u2019adresse \u00e0 un large public francophone et couvre l\u2019information tunisienne en temps r\u00e9el.\",\"email\":\"redac@webdo.tn\",\"legalName\":\"YNJ SARL\",\"foundingDate\":\"2010-09-06\",\"numberOfEmployees\":{\"@type\":\"QuantitativeValue\",\"minValue\":\"11\",\"maxValue\":\"50\"}},{\"@type\":\"Person\",\"@id\":\"https:\\\/\\\/www.webdo.tn\\\/fr\\\/#\\\/schema\\\/person\\\/6bc0beba2cd23aec27cb5df85ca2554f\",\"name\":\"Hatem Bourial\",\"image\":{\"@type\":\"ImageObject\",\"inLanguage\":\"fr-FR\",\"@id\":\"https:\\\/\\\/www.webdo.tn\\\/fr\\\/wp-content\\\/uploads\\\/2026\\\/04\\\/hatem-bourial_avatar-96x96.jpg\",\"url\":\"https:\\\/\\\/www.webdo.tn\\\/fr\\\/wp-content\\\/uploads\\\/2026\\\/04\\\/hatem-bourial_avatar-96x96.jpg\",\"contentUrl\":\"https:\\\/\\\/www.webdo.tn\\\/fr\\\/wp-content\\\/uploads\\\/2026\\\/04\\\/hatem-bourial_avatar-96x96.jpg\",\"caption\":\"Hatem Bourial\"},\"description\":\"Hatem Bourial est journaliste, \u00e9crivain et chroniqueur tunisien. Actif depuis plusieurs d\u00e9cennies, il s\u2019est impos\u00e9 comme un observateur attentif de la soci\u00e9t\u00e9 tunisienne, m\u00ealant dans ses \u00e9crits m\u00e9moire, culture et analyse du quotidien. Auteur de nombreux ouvrages, il d\u00e9veloppe une \u0153uvre \u00e0 la crois\u00e9e du r\u00e9cit, de la po\u00e9sie et de l\u2019observation sociologique. Parall\u00e8lement \u00e0 ses contributions dans la presse, il intervient r\u00e9guli\u00e8rement \u00e0 la radio et dans des espaces culturels, o\u00f9 il explore les enjeux li\u00e9s au patrimoine, \u00e0 l\u2019identit\u00e9 et aux transformations du monde contemporain. \u00c0 travers ses chroniques, Hatem Bourial propose une lecture sensible et approfondie de l\u2019actualit\u00e9, nourrie par une exp\u00e9rience journalistique et litt\u00e9raire reconnue. \ud83d\udd17 Facebook : https:\\\/\\\/www.facebook.com\\\/hatem.bourial.2025\",\"sameAs\":[\"https:\\\/\\\/www.facebook.com\\\/hatem.bourial.2025\",\"https:\\\/\\\/fr.wikipedia.org\\\/wiki\\\/Fichier:Hatem_Bourial.jpg\"],\"knowsAbout\":[\"Culture & patrimoine tunisien\",\"Chronique soci\u00e9tale\",\"Litt\u00e9rature & m\u00e9moire\",\"Cin\u00e9ma & critique culturelle\",\"Identit\u00e9 & mutations sociales\"],\"knowsLanguage\":[\"Arabe\",\"Fran\u00e7ais\",\"Anglais\",\"Italien\",\"Polonais\"],\"jobTitle\":\"Journaliste, \u00e9crivain et chroniqueur culturel\",\"worksFor\":\"Webdo\",\"url\":\"https:\\\/\\\/www.webdo.tn\\\/fr\\\/actualite\\\/author\\\/hatem-bourial-2\\\/\"}]}<\/script>\n<!-- \/ Yoast SEO Premium plugin. -->","yoast_head_json":{"title":"Patrimoine : L'Arbre \u00e0 Couscous a de qui tenir !","description":"Depuis 2015, le restaurant L'Arbre \u00e0 Couscous a \u00e9t\u00e9 \u00e0 l'origine d'une couscousmania qui trouve sa source et sa vigueur dans la d\u00e9marche innovante et g\u00e9n\u00e9reuse d...","canonical":"https:\/\/www.webdo.tn\/fr\/actualite\/chroniques\/patrimoine-l-arbre-a-couscous-a-de-qui-tenir\/216009\/","og_locale":"fr_FR","og_type":"article","og_title":"Patrimoine : L'Arbre \u00e0 Couscous a de qui tenir !","og_description":"Depuis 2015, le restaurant L'Arbre \u00e0 Couscous a \u00e9t\u00e9 \u00e0 l'origine d'une couscousmania qui trouve sa source et sa vigueur dans la d\u00e9marche innovante et g\u00e9n\u00e9reuse d...","og_url":"https:\/\/www.webdo.tn\/fr\/actualite\/chroniques\/patrimoine-l-arbre-a-couscous-a-de-qui-tenir\/216009\/","og_site_name":"webdo","article_publisher":"https:\/\/www.facebook.com\/webdotn","article_author":"https:\/\/www.facebook.com\/hatem.bourial.2025","article_published_time":"2024-08-26T11:55:00+00:00","article_modified_time":"2025-05-14T09:42:14+00:00","og_image":[{"width":750,"height":400,"url":"https:\/\/www.webdo.tn\/fr\/wp-content\/uploads\/2024\/08\/1cd8c479eec1c485814e9564a016a9b4.webp","type":"image\/webp"}],"author":"Hatem Bourial","twitter_card":"summary_large_image","twitter_creator":"@webdo_tn","twitter_site":"@webdo_tn","twitter_misc":{"\u00c9crit par":"Hatem Bourial","Dur\u00e9e de lecture estim\u00e9e":"2 minutes"},"schema":{"@context":"https:\/\/schema.org","@graph":[{"@type":"NewsArticle","@id":"https:\/\/www.webdo.tn\/fr\/actualite\/chroniques\/patrimoine-l-arbre-a-couscous-a-de-qui-tenir\/216009\/#article","isPartOf":{"@id":"https:\/\/www.webdo.tn\/fr\/actualite\/chroniques\/patrimoine-l-arbre-a-couscous-a-de-qui-tenir\/216009\/"},"author":{"name":"Hatem Bourial","@id":"https:\/\/www.webdo.tn\/fr\/#\/schema\/person\/6bc0beba2cd23aec27cb5df85ca2554f"},"headline":"Patrimoine : L&rsquo;Arbre \u00e0 Couscous a de qui tenir !","datePublished":"2024-08-26T11:55:00+00:00","dateModified":"2025-05-14T09:42:14+00:00","mainEntityOfPage":{"@id":"https:\/\/www.webdo.tn\/fr\/actualite\/chroniques\/patrimoine-l-arbre-a-couscous-a-de-qui-tenir\/216009\/"},"wordCount":392,"commentCount":0,"publisher":{"@id":"https:\/\/www.webdo.tn\/fr\/#organization"},"image":{"@id":"https:\/\/www.webdo.tn\/fr\/actualite\/chroniques\/patrimoine-l-arbre-a-couscous-a-de-qui-tenir\/216009\/#primaryimage"},"thumbnailUrl":"https:\/\/www.webdo.tn\/fr\/wp-content\/uploads\/2024\/08\/1cd8c479eec1c485814e9564a016a9b4.webp","keywords":["Couscous","Tunisie"],"articleSection":["Chroniques"],"inLanguage":"fr-FR"},{"@type":"WebPage","@id":"https:\/\/www.webdo.tn\/fr\/actualite\/chroniques\/patrimoine-l-arbre-a-couscous-a-de-qui-tenir\/216009\/","url":"https:\/\/www.webdo.tn\/fr\/actualite\/chroniques\/patrimoine-l-arbre-a-couscous-a-de-qui-tenir\/216009\/","name":"Patrimoine : L'Arbre \u00e0 Couscous a de qui tenir !","isPartOf":{"@id":"https:\/\/www.webdo.tn\/fr\/#website"},"primaryImageOfPage":{"@id":"https:\/\/www.webdo.tn\/fr\/actualite\/chroniques\/patrimoine-l-arbre-a-couscous-a-de-qui-tenir\/216009\/#primaryimage"},"image":{"@id":"https:\/\/www.webdo.tn\/fr\/actualite\/chroniques\/patrimoine-l-arbre-a-couscous-a-de-qui-tenir\/216009\/#primaryimage"},"thumbnailUrl":"https:\/\/www.webdo.tn\/fr\/wp-content\/uploads\/2024\/08\/1cd8c479eec1c485814e9564a016a9b4.webp","datePublished":"2024-08-26T11:55:00+00:00","dateModified":"2025-05-14T09:42:14+00:00","description":"Depuis 2015, le restaurant L'Arbre \u00e0 Couscous a \u00e9t\u00e9 \u00e0 l'origine d'une couscousmania qui trouve sa source et sa vigueur dans la d\u00e9marche innovante et g\u00e9n\u00e9reuse d...","breadcrumb":{"@id":"https:\/\/www.webdo.tn\/fr\/actualite\/chroniques\/patrimoine-l-arbre-a-couscous-a-de-qui-tenir\/216009\/#breadcrumb"},"inLanguage":"fr-FR","potentialAction":[{"@type":"ReadAction","target":["https:\/\/www.webdo.tn\/fr\/actualite\/chroniques\/patrimoine-l-arbre-a-couscous-a-de-qui-tenir\/216009\/"]}]},{"@type":"ImageObject","inLanguage":"fr-FR","@id":"https:\/\/www.webdo.tn\/fr\/actualite\/chroniques\/patrimoine-l-arbre-a-couscous-a-de-qui-tenir\/216009\/#primaryimage","url":"https:\/\/www.webdo.tn\/fr\/wp-content\/uploads\/2024\/08\/1cd8c479eec1c485814e9564a016a9b4.webp","contentUrl":"https:\/\/www.webdo.tn\/fr\/wp-content\/uploads\/2024\/08\/1cd8c479eec1c485814e9564a016a9b4.webp","width":750,"height":400,"caption":"Patrimoine : L'Arbre \u00e0 Couscous a de qui tenir !"},{"@type":"BreadcrumbList","@id":"https:\/\/www.webdo.tn\/fr\/actualite\/chroniques\/patrimoine-l-arbre-a-couscous-a-de-qui-tenir\/216009\/#breadcrumb","itemListElement":[{"@type":"ListItem","position":1,"name":"Accueil","item":"https:\/\/www.webdo.tn\/fr\/"},{"@type":"ListItem","position":2,"name":"Patrimoine : L&#8217;Arbre \u00e0 Couscous a de qui tenir !"}]},{"@type":"WebSite","@id":"https:\/\/www.webdo.tn\/fr\/#website","url":"https:\/\/www.webdo.tn\/fr\/","name":"webdo","description":"Tunisie - News en Tunisie et \u00e0 l&#039;international sur Webdo.tn","publisher":{"@id":"https:\/\/www.webdo.tn\/fr\/#organization"},"potentialAction":[{"@type":"SearchAction","target":{"@type":"EntryPoint","urlTemplate":"https:\/\/www.webdo.tn\/fr\/?s={search_term_string}"},"query-input":{"@type":"PropertyValueSpecification","valueRequired":true,"valueName":"search_term_string"}}],"inLanguage":"fr-FR"},{"@type":"Organization","@id":"https:\/\/www.webdo.tn\/fr\/#organization","name":"Webdo","alternateName":"Webdo.tn","url":"https:\/\/www.webdo.tn\/fr\/","logo":{"@type":"ImageObject","inLanguage":"fr-FR","@id":"https:\/\/www.webdo.tn\/fr\/#\/schema\/logo\/image\/","url":"https:\/\/www.webdo.tn\/fr\/wp-content\/uploads\/2025\/06\/Webdo-Tunisie_168377.jpg","contentUrl":"https:\/\/www.webdo.tn\/fr\/wp-content\/uploads\/2025\/06\/Webdo-Tunisie_168377.jpg","width":301,"height":301,"caption":"Webdo"},"image":{"@id":"https:\/\/www.webdo.tn\/fr\/#\/schema\/logo\/image\/"},"sameAs":["https:\/\/www.facebook.com\/webdotn","https:\/\/x.com\/webdo_tn"],"description":"Webdo est un m\u00e9dia num\u00e9rique tunisien fond\u00e9 en 2010, sp\u00e9cialis\u00e9 dans l\u2019actualit\u00e9 nationale et internationale, l\u2019\u00e9conomie, la soci\u00e9t\u00e9 et les analyses politiques. Le site s\u2019adresse \u00e0 un large public francophone et couvre l\u2019information tunisienne en temps r\u00e9el.","email":"redac@webdo.tn","legalName":"YNJ SARL","foundingDate":"2010-09-06","numberOfEmployees":{"@type":"QuantitativeValue","minValue":"11","maxValue":"50"}},{"@type":"Person","@id":"https:\/\/www.webdo.tn\/fr\/#\/schema\/person\/6bc0beba2cd23aec27cb5df85ca2554f","name":"Hatem Bourial","image":{"@type":"ImageObject","inLanguage":"fr-FR","@id":"https:\/\/www.webdo.tn\/fr\/wp-content\/uploads\/2026\/04\/hatem-bourial_avatar-96x96.jpg","url":"https:\/\/www.webdo.tn\/fr\/wp-content\/uploads\/2026\/04\/hatem-bourial_avatar-96x96.jpg","contentUrl":"https:\/\/www.webdo.tn\/fr\/wp-content\/uploads\/2026\/04\/hatem-bourial_avatar-96x96.jpg","caption":"Hatem Bourial"},"description":"Hatem Bourial est journaliste, \u00e9crivain et chroniqueur tunisien. Actif depuis plusieurs d\u00e9cennies, il s\u2019est impos\u00e9 comme un observateur attentif de la soci\u00e9t\u00e9 tunisienne, m\u00ealant dans ses \u00e9crits m\u00e9moire, culture et analyse du quotidien. Auteur de nombreux ouvrages, il d\u00e9veloppe une \u0153uvre \u00e0 la crois\u00e9e du r\u00e9cit, de la po\u00e9sie et de l\u2019observation sociologique. Parall\u00e8lement \u00e0 ses contributions dans la presse, il intervient r\u00e9guli\u00e8rement \u00e0 la radio et dans des espaces culturels, o\u00f9 il explore les enjeux li\u00e9s au patrimoine, \u00e0 l\u2019identit\u00e9 et aux transformations du monde contemporain. \u00c0 travers ses chroniques, Hatem Bourial propose une lecture sensible et approfondie de l\u2019actualit\u00e9, nourrie par une exp\u00e9rience journalistique et litt\u00e9raire reconnue. \ud83d\udd17 Facebook : https:\/\/www.facebook.com\/hatem.bourial.2025","sameAs":["https:\/\/www.facebook.com\/hatem.bourial.2025","https:\/\/fr.wikipedia.org\/wiki\/Fichier:Hatem_Bourial.jpg"],"knowsAbout":["Culture & patrimoine tunisien","Chronique soci\u00e9tale","Litt\u00e9rature & m\u00e9moire","Cin\u00e9ma & critique culturelle","Identit\u00e9 & mutations sociales"],"knowsLanguage":["Arabe","Fran\u00e7ais","Anglais","Italien","Polonais"],"jobTitle":"Journaliste, \u00e9crivain et chroniqueur culturel","worksFor":"Webdo","url":"https:\/\/www.webdo.tn\/fr\/actualite\/author\/hatem-bourial-2\/"}]}},"_links":{"self":[{"href":"https:\/\/www.webdo.tn\/fr\/wp-json\/wp\/v2\/posts\/216009","targetHints":{"allow":["GET"]}}],"collection":[{"href":"https:\/\/www.webdo.tn\/fr\/wp-json\/wp\/v2\/posts"}],"about":[{"href":"https:\/\/www.webdo.tn\/fr\/wp-json\/wp\/v2\/types\/post"}],"author":[{"embeddable":true,"href":"https:\/\/www.webdo.tn\/fr\/wp-json\/wp\/v2\/users\/3229"}],"replies":[{"embeddable":true,"href":"https:\/\/www.webdo.tn\/fr\/wp-json\/wp\/v2\/comments?post=216009"}],"version-history":[{"count":0,"href":"https:\/\/www.webdo.tn\/fr\/wp-json\/wp\/v2\/posts\/216009\/revisions"}],"wp:featuredmedia":[{"embeddable":true,"href":"https:\/\/www.webdo.tn\/fr\/wp-json\/wp\/v2\/media\/246709"}],"wp:attachment":[{"href":"https:\/\/www.webdo.tn\/fr\/wp-json\/wp\/v2\/media?parent=216009"}],"wp:term":[{"taxonomy":"category","embeddable":true,"href":"https:\/\/www.webdo.tn\/fr\/wp-json\/wp\/v2\/categories?post=216009"},{"taxonomy":"post_tag","embeddable":true,"href":"https:\/\/www.webdo.tn\/fr\/wp-json\/wp\/v2\/tags?post=216009"}],"curies":[{"name":"wp","href":"https:\/\/api.w.org\/{rel}","templated":true}]}}