{"id":215992,"date":"2024-08-25T11:01:00","date_gmt":"2024-08-25T11:01:00","guid":{"rendered":"https:\/\/www.webdo.tn\/fr\/blog\/transtu-abonnements-scolaires-et-universitaires-2024-debut-des-ventes-demain-lundi-26-aout\/215992\/"},"modified":"2025-05-21T09:03:57","modified_gmt":"2025-05-21T09:03:57","slug":"transtu-abonnements-scolaires-et-universitaires-2024-debut-des-ventes-demain-lundi-26-aout","status":"publish","type":"post","link":"https:\/\/www.webdo.tn\/fr\/actualite\/national\/transtu-abonnements-scolaires-et-universitaires-2024-debut-des-ventes-demain-lundi-26-aout\/215992\/","title":{"rendered":"Abonnements scolaires et universitaires : D\u00e9but des ventes demain"},"content":{"rendered":"<p>\u00c0 partir de demain, lundi 26 ao\u00fbt 2024, la Soci\u00e9t\u00e9 des Transports de Tunis lancera la premi\u00e8re phase de la vente des abonnements scolaires et universitaires pour les lignes de bus, m\u00e9tro, et la ligne ferroviaire TGM.<\/p>\n<p>\t\t\t\t\t\t\t\t\tAu total, 151 bureaux de poste seront mobilis\u00e9s \u00e0 travers l\u2019ensemble du territoire national, dont 130 situ\u00e9s dans le Grand Tunis.<\/p>\n<p>Pour faciliter l\u2019acc\u00e8s aux abonnements, cinq points de vente suppl\u00e9mentaires seront \u00e9galement ouverts : l\u2019agence commerciale de Mnihla, face \u00e0 la station terminus de la ligne de m\u00e9tro num\u00e9ro 6 ; l&rsquo;agence du quartier Khadra ; l&rsquo;agence de la station de correspondance \u00ab\u00a0Slimane Kahia\u00a0\u00bb \u00e0 Manouba ; l&rsquo;agence de la station \u00ab\u00a0Marsa Plage\u00a0\u00bb ; et enfin, au complexe universitaire de Manouba.<\/p>\n<p>Un point sp\u00e9cifique sera d\u00e9di\u00e9 \u00e0 la station \u00ab\u00a0Tunis Marine\u00a0\u00bb pour les op\u00e9rations de modification et de renouvellement des abonnements pour la ligne TGM.<\/p>\n<p>Les agences commerciales, il est utile de le rappeler, seront ouvertes selon les horaires de travail suivants : de 8h00 \u00e0 17h00, du lundi au vendredi, et de 8h00 \u00e0 13h00, le samedi.<\/p>\n<p>Les abonnements peuvent \u00e9galement \u00eatre achet\u00e9s en ligne via les sites www.transtu.tn et www.ichtirak.poste.tn, offrant ainsi une alternative pratique aux usagers.<\/p>\n","protected":false},"excerpt":{"rendered":"<p>Lancement de la vente des abonnements scolaires et universitaires 2024 : plus de 150 bureaux de poste disponibles, avec des options d&rsquo;achat en ligne sur www.tra&#8230;<\/p>\n","protected":false},"author":3166,"featured_media":246699,"comment_status":"open","ping_status":"closed","sticky":false,"template":"","format":"standard","meta":{"footnotes":""},"categories":[44],"tags":[5845,5846,2818,4045,2608],"class_list":["post-215992","post","type-post","status-publish","format-standard","has-post-thumbnail","hentry","category-national","tag-abonnement-scolaire","tag-abonnement-universitaire","tag-transport","tag-transtu","tag-tunisie"],"yoast_head":"<!-- This site is optimized with the Yoast SEO Premium plugin v27.4 (Yoast SEO v27.5) - https:\/\/yoast.com\/product\/yoast-seo-premium-wordpress\/ -->\n<title>Abonnements scolaires et universitaires : D\u00e9but des ventes demain<\/title>\n<meta name=\"description\" content=\"Lancement de la vente des abonnements scolaires et universitaires 2024 : plus de 150 bureaux de poste disponibles, avec des options d&#039;achat en ligne sur www.tra...\" \/>\n<link rel=\"canonical\" href=\"https:\/\/www.webdo.tn\/fr\/actualite\/national\/transtu-abonnements-scolaires-et-universitaires-2024-debut-des-ventes-demain-lundi-26-aout\/215992\/\" \/>\n<meta property=\"og:locale\" content=\"fr_FR\" \/>\n<meta property=\"og:type\" content=\"article\" \/>\n<meta property=\"og:title\" content=\"Abonnements scolaires et universitaires : D\u00e9but des ventes demain\" \/>\n<meta property=\"og:description\" content=\"Lancement de la vente des abonnements scolaires et universitaires 2024 : plus de 150 bureaux de poste disponibles, avec des options d&#039;achat en ligne sur www.tra...\" \/>\n<meta property=\"og:url\" content=\"https:\/\/www.webdo.tn\/fr\/actualite\/national\/transtu-abonnements-scolaires-et-universitaires-2024-debut-des-ventes-demain-lundi-26-aout\/215992\/\" \/>\n<meta property=\"og:site_name\" content=\"webdo\" \/>\n<meta property=\"article:publisher\" content=\"https:\/\/www.facebook.com\/webdotn\" \/>\n<meta property=\"article:published_time\" content=\"2024-08-25T11:01:00+00:00\" \/>\n<meta property=\"article:modified_time\" content=\"2025-05-21T09:03:57+00:00\" \/>\n<meta property=\"og:image\" content=\"https:\/\/www.webdo.tn\/fr\/wp-content\/uploads\/2024\/08\/86e653baa680bc5ea6476b980128b68a.webp\" \/>\n\t<meta property=\"og:image:width\" content=\"750\" \/>\n\t<meta property=\"og:image:height\" content=\"400\" \/>\n\t<meta property=\"og:image:type\" content=\"image\/webp\" \/>\n<meta name=\"author\" content=\"AZ\" \/>\n<meta name=\"twitter:card\" content=\"summary_large_image\" \/>\n<meta name=\"twitter:creator\" content=\"@webdo_tn\" \/>\n<meta name=\"twitter:site\" content=\"@webdo_tn\" \/>\n<meta name=\"twitter:label1\" content=\"\u00c9crit par\" \/>\n\t<meta name=\"twitter:data1\" content=\"AZ\" \/>\n\t<meta name=\"twitter:label2\" content=\"Dur\u00e9e de lecture estim\u00e9e\" \/>\n\t<meta name=\"twitter:data2\" content=\"1 minute\" \/>\n<script type=\"application\/ld+json\" class=\"yoast-schema-graph\">{\"@context\":\"https:\\\/\\\/schema.org\",\"@graph\":[{\"@type\":\"NewsArticle\",\"@id\":\"https:\\\/\\\/www.webdo.tn\\\/fr\\\/actualite\\\/national\\\/transtu-abonnements-scolaires-et-universitaires-2024-debut-des-ventes-demain-lundi-26-aout\\\/215992\\\/#article\",\"isPartOf\":{\"@id\":\"https:\\\/\\\/www.webdo.tn\\\/fr\\\/actualite\\\/national\\\/transtu-abonnements-scolaires-et-universitaires-2024-debut-des-ventes-demain-lundi-26-aout\\\/215992\\\/\"},\"author\":{\"name\":\"AZ\",\"@id\":\"https:\\\/\\\/www.webdo.tn\\\/fr\\\/#\\\/schema\\\/person\\\/b8a41c04d93287d375510db360906b34\"},\"headline\":\"Abonnements scolaires et universitaires : D\u00e9but des ventes demain\",\"datePublished\":\"2024-08-25T11:01:00+00:00\",\"dateModified\":\"2025-05-21T09:03:57+00:00\",\"mainEntityOfPage\":{\"@id\":\"https:\\\/\\\/www.webdo.tn\\\/fr\\\/actualite\\\/national\\\/transtu-abonnements-scolaires-et-universitaires-2024-debut-des-ventes-demain-lundi-26-aout\\\/215992\\\/\"},\"wordCount\":213,\"commentCount\":0,\"publisher\":{\"@id\":\"https:\\\/\\\/www.webdo.tn\\\/fr\\\/#organization\"},\"image\":{\"@id\":\"https:\\\/\\\/www.webdo.tn\\\/fr\\\/actualite\\\/national\\\/transtu-abonnements-scolaires-et-universitaires-2024-debut-des-ventes-demain-lundi-26-aout\\\/215992\\\/#primaryimage\"},\"thumbnailUrl\":\"https:\\\/\\\/www.webdo.tn\\\/fr\\\/wp-content\\\/uploads\\\/2024\\\/08\\\/86e653baa680bc5ea6476b980128b68a.webp\",\"keywords\":[\"abonnement scolaire\",\"abonnement universitaire\",\"Transport\",\"TRANSTU\",\"Tunisie\"],\"articleSection\":[\"National\"],\"inLanguage\":\"fr-FR\"},{\"@type\":\"WebPage\",\"@id\":\"https:\\\/\\\/www.webdo.tn\\\/fr\\\/actualite\\\/national\\\/transtu-abonnements-scolaires-et-universitaires-2024-debut-des-ventes-demain-lundi-26-aout\\\/215992\\\/\",\"url\":\"https:\\\/\\\/www.webdo.tn\\\/fr\\\/actualite\\\/national\\\/transtu-abonnements-scolaires-et-universitaires-2024-debut-des-ventes-demain-lundi-26-aout\\\/215992\\\/\",\"name\":\"Abonnements scolaires et universitaires : D\u00e9but des ventes demain\",\"isPartOf\":{\"@id\":\"https:\\\/\\\/www.webdo.tn\\\/fr\\\/#website\"},\"primaryImageOfPage\":{\"@id\":\"https:\\\/\\\/www.webdo.tn\\\/fr\\\/actualite\\\/national\\\/transtu-abonnements-scolaires-et-universitaires-2024-debut-des-ventes-demain-lundi-26-aout\\\/215992\\\/#primaryimage\"},\"image\":{\"@id\":\"https:\\\/\\\/www.webdo.tn\\\/fr\\\/actualite\\\/national\\\/transtu-abonnements-scolaires-et-universitaires-2024-debut-des-ventes-demain-lundi-26-aout\\\/215992\\\/#primaryimage\"},\"thumbnailUrl\":\"https:\\\/\\\/www.webdo.tn\\\/fr\\\/wp-content\\\/uploads\\\/2024\\\/08\\\/86e653baa680bc5ea6476b980128b68a.webp\",\"datePublished\":\"2024-08-25T11:01:00+00:00\",\"dateModified\":\"2025-05-21T09:03:57+00:00\",\"description\":\"Lancement de la vente des abonnements scolaires et universitaires 2024 : plus de 150 bureaux de poste disponibles, avec des options d'achat en ligne sur www.tra...\",\"breadcrumb\":{\"@id\":\"https:\\\/\\\/www.webdo.tn\\\/fr\\\/actualite\\\/national\\\/transtu-abonnements-scolaires-et-universitaires-2024-debut-des-ventes-demain-lundi-26-aout\\\/215992\\\/#breadcrumb\"},\"inLanguage\":\"fr-FR\",\"potentialAction\":[{\"@type\":\"ReadAction\",\"target\":[\"https:\\\/\\\/www.webdo.tn\\\/fr\\\/actualite\\\/national\\\/transtu-abonnements-scolaires-et-universitaires-2024-debut-des-ventes-demain-lundi-26-aout\\\/215992\\\/\"]}]},{\"@type\":\"ImageObject\",\"inLanguage\":\"fr-FR\",\"@id\":\"https:\\\/\\\/www.webdo.tn\\\/fr\\\/actualite\\\/national\\\/transtu-abonnements-scolaires-et-universitaires-2024-debut-des-ventes-demain-lundi-26-aout\\\/215992\\\/#primaryimage\",\"url\":\"https:\\\/\\\/www.webdo.tn\\\/fr\\\/wp-content\\\/uploads\\\/2024\\\/08\\\/86e653baa680bc5ea6476b980128b68a.webp\",\"contentUrl\":\"https:\\\/\\\/www.webdo.tn\\\/fr\\\/wp-content\\\/uploads\\\/2024\\\/08\\\/86e653baa680bc5ea6476b980128b68a.webp\",\"width\":750,\"height\":400,\"caption\":\"Abonnements scolaires et universitaires : D\u00e9but des ventes demain\"},{\"@type\":\"BreadcrumbList\",\"@id\":\"https:\\\/\\\/www.webdo.tn\\\/fr\\\/actualite\\\/national\\\/transtu-abonnements-scolaires-et-universitaires-2024-debut-des-ventes-demain-lundi-26-aout\\\/215992\\\/#breadcrumb\",\"itemListElement\":[{\"@type\":\"ListItem\",\"position\":1,\"name\":\"Accueil\",\"item\":\"https:\\\/\\\/www.webdo.tn\\\/fr\\\/\"},{\"@type\":\"ListItem\",\"position\":2,\"name\":\"Abonnements scolaires et universitaires : D\u00e9but des ventes demain\"}]},{\"@type\":\"WebSite\",\"@id\":\"https:\\\/\\\/www.webdo.tn\\\/fr\\\/#website\",\"url\":\"https:\\\/\\\/www.webdo.tn\\\/fr\\\/\",\"name\":\"webdo\",\"description\":\"Tunisie - News en Tunisie et \u00e0 l&#039;international sur Webdo.tn\",\"publisher\":{\"@id\":\"https:\\\/\\\/www.webdo.tn\\\/fr\\\/#organization\"},\"potentialAction\":[{\"@type\":\"SearchAction\",\"target\":{\"@type\":\"EntryPoint\",\"urlTemplate\":\"https:\\\/\\\/www.webdo.tn\\\/fr\\\/?s={search_term_string}\"},\"query-input\":{\"@type\":\"PropertyValueSpecification\",\"valueRequired\":true,\"valueName\":\"search_term_string\"}}],\"inLanguage\":\"fr-FR\"},{\"@type\":\"Organization\",\"@id\":\"https:\\\/\\\/www.webdo.tn\\\/fr\\\/#organization\",\"name\":\"Webdo\",\"alternateName\":\"Webdo.tn\",\"url\":\"https:\\\/\\\/www.webdo.tn\\\/fr\\\/\",\"logo\":{\"@type\":\"ImageObject\",\"inLanguage\":\"fr-FR\",\"@id\":\"https:\\\/\\\/www.webdo.tn\\\/fr\\\/#\\\/schema\\\/logo\\\/image\\\/\",\"url\":\"https:\\\/\\\/www.webdo.tn\\\/fr\\\/wp-content\\\/uploads\\\/2025\\\/06\\\/Webdo-Tunisie_168377.jpg\",\"contentUrl\":\"https:\\\/\\\/www.webdo.tn\\\/fr\\\/wp-content\\\/uploads\\\/2025\\\/06\\\/Webdo-Tunisie_168377.jpg\",\"width\":301,\"height\":301,\"caption\":\"Webdo\"},\"image\":{\"@id\":\"https:\\\/\\\/www.webdo.tn\\\/fr\\\/#\\\/schema\\\/logo\\\/image\\\/\"},\"sameAs\":[\"https:\\\/\\\/www.facebook.com\\\/webdotn\",\"https:\\\/\\\/x.com\\\/webdo_tn\"],\"description\":\"Webdo est un m\u00e9dia num\u00e9rique tunisien fond\u00e9 en 2010, sp\u00e9cialis\u00e9 dans l\u2019actualit\u00e9 nationale et internationale, l\u2019\u00e9conomie, la soci\u00e9t\u00e9 et les analyses politiques. Le site s\u2019adresse \u00e0 un large public francophone et couvre l\u2019information tunisienne en temps r\u00e9el.\",\"email\":\"redac@webdo.tn\",\"legalName\":\"YNJ SARL\",\"foundingDate\":\"2010-09-06\",\"numberOfEmployees\":{\"@type\":\"QuantitativeValue\",\"minValue\":\"11\",\"maxValue\":\"50\"}},{\"@type\":\"Person\",\"@id\":\"https:\\\/\\\/www.webdo.tn\\\/fr\\\/#\\\/schema\\\/person\\\/b8a41c04d93287d375510db360906b34\",\"name\":\"AZ\",\"image\":{\"@type\":\"ImageObject\",\"inLanguage\":\"fr-FR\",\"@id\":\"https:\\\/\\\/secure.gravatar.com\\\/avatar\\\/492b80bada79439de4201dce15cd41eece6c277cfdf1b53382073c79105c1f89?s=96&d=mm&r=g\",\"url\":\"https:\\\/\\\/secure.gravatar.com\\\/avatar\\\/492b80bada79439de4201dce15cd41eece6c277cfdf1b53382073c79105c1f89?s=96&d=mm&r=g\",\"contentUrl\":\"https:\\\/\\\/secure.gravatar.com\\\/avatar\\\/492b80bada79439de4201dce15cd41eece6c277cfdf1b53382073c79105c1f89?s=96&d=mm&r=g\",\"caption\":\"AZ\"},\"url\":\"https:\\\/\\\/www.webdo.tn\\\/fr\\\/actualite\\\/author\\\/az\\\/\"}]}<\/script>\n<!-- \/ Yoast SEO Premium plugin. -->","yoast_head_json":{"title":"Abonnements scolaires et universitaires : D\u00e9but des ventes demain","description":"Lancement de la vente des abonnements scolaires et universitaires 2024 : plus de 150 bureaux de poste disponibles, avec des options d'achat en ligne sur www.tra...","canonical":"https:\/\/www.webdo.tn\/fr\/actualite\/national\/transtu-abonnements-scolaires-et-universitaires-2024-debut-des-ventes-demain-lundi-26-aout\/215992\/","og_locale":"fr_FR","og_type":"article","og_title":"Abonnements scolaires et universitaires : D\u00e9but des ventes demain","og_description":"Lancement de la vente des abonnements scolaires et universitaires 2024 : plus de 150 bureaux de poste disponibles, avec des options d'achat en ligne sur www.tra...","og_url":"https:\/\/www.webdo.tn\/fr\/actualite\/national\/transtu-abonnements-scolaires-et-universitaires-2024-debut-des-ventes-demain-lundi-26-aout\/215992\/","og_site_name":"webdo","article_publisher":"https:\/\/www.facebook.com\/webdotn","article_published_time":"2024-08-25T11:01:00+00:00","article_modified_time":"2025-05-21T09:03:57+00:00","og_image":[{"width":750,"height":400,"url":"https:\/\/www.webdo.tn\/fr\/wp-content\/uploads\/2024\/08\/86e653baa680bc5ea6476b980128b68a.webp","type":"image\/webp"}],"author":"AZ","twitter_card":"summary_large_image","twitter_creator":"@webdo_tn","twitter_site":"@webdo_tn","twitter_misc":{"\u00c9crit par":"AZ","Dur\u00e9e de lecture estim\u00e9e":"1 minute"},"schema":{"@context":"https:\/\/schema.org","@graph":[{"@type":"NewsArticle","@id":"https:\/\/www.webdo.tn\/fr\/actualite\/national\/transtu-abonnements-scolaires-et-universitaires-2024-debut-des-ventes-demain-lundi-26-aout\/215992\/#article","isPartOf":{"@id":"https:\/\/www.webdo.tn\/fr\/actualite\/national\/transtu-abonnements-scolaires-et-universitaires-2024-debut-des-ventes-demain-lundi-26-aout\/215992\/"},"author":{"name":"AZ","@id":"https:\/\/www.webdo.tn\/fr\/#\/schema\/person\/b8a41c04d93287d375510db360906b34"},"headline":"Abonnements scolaires et universitaires : D\u00e9but des ventes demain","datePublished":"2024-08-25T11:01:00+00:00","dateModified":"2025-05-21T09:03:57+00:00","mainEntityOfPage":{"@id":"https:\/\/www.webdo.tn\/fr\/actualite\/national\/transtu-abonnements-scolaires-et-universitaires-2024-debut-des-ventes-demain-lundi-26-aout\/215992\/"},"wordCount":213,"commentCount":0,"publisher":{"@id":"https:\/\/www.webdo.tn\/fr\/#organization"},"image":{"@id":"https:\/\/www.webdo.tn\/fr\/actualite\/national\/transtu-abonnements-scolaires-et-universitaires-2024-debut-des-ventes-demain-lundi-26-aout\/215992\/#primaryimage"},"thumbnailUrl":"https:\/\/www.webdo.tn\/fr\/wp-content\/uploads\/2024\/08\/86e653baa680bc5ea6476b980128b68a.webp","keywords":["abonnement scolaire","abonnement universitaire","Transport","TRANSTU","Tunisie"],"articleSection":["National"],"inLanguage":"fr-FR"},{"@type":"WebPage","@id":"https:\/\/www.webdo.tn\/fr\/actualite\/national\/transtu-abonnements-scolaires-et-universitaires-2024-debut-des-ventes-demain-lundi-26-aout\/215992\/","url":"https:\/\/www.webdo.tn\/fr\/actualite\/national\/transtu-abonnements-scolaires-et-universitaires-2024-debut-des-ventes-demain-lundi-26-aout\/215992\/","name":"Abonnements scolaires et universitaires : D\u00e9but des ventes demain","isPartOf":{"@id":"https:\/\/www.webdo.tn\/fr\/#website"},"primaryImageOfPage":{"@id":"https:\/\/www.webdo.tn\/fr\/actualite\/national\/transtu-abonnements-scolaires-et-universitaires-2024-debut-des-ventes-demain-lundi-26-aout\/215992\/#primaryimage"},"image":{"@id":"https:\/\/www.webdo.tn\/fr\/actualite\/national\/transtu-abonnements-scolaires-et-universitaires-2024-debut-des-ventes-demain-lundi-26-aout\/215992\/#primaryimage"},"thumbnailUrl":"https:\/\/www.webdo.tn\/fr\/wp-content\/uploads\/2024\/08\/86e653baa680bc5ea6476b980128b68a.webp","datePublished":"2024-08-25T11:01:00+00:00","dateModified":"2025-05-21T09:03:57+00:00","description":"Lancement de la vente des abonnements scolaires et universitaires 2024 : plus de 150 bureaux de poste disponibles, avec des options d'achat en ligne sur www.tra...","breadcrumb":{"@id":"https:\/\/www.webdo.tn\/fr\/actualite\/national\/transtu-abonnements-scolaires-et-universitaires-2024-debut-des-ventes-demain-lundi-26-aout\/215992\/#breadcrumb"},"inLanguage":"fr-FR","potentialAction":[{"@type":"ReadAction","target":["https:\/\/www.webdo.tn\/fr\/actualite\/national\/transtu-abonnements-scolaires-et-universitaires-2024-debut-des-ventes-demain-lundi-26-aout\/215992\/"]}]},{"@type":"ImageObject","inLanguage":"fr-FR","@id":"https:\/\/www.webdo.tn\/fr\/actualite\/national\/transtu-abonnements-scolaires-et-universitaires-2024-debut-des-ventes-demain-lundi-26-aout\/215992\/#primaryimage","url":"https:\/\/www.webdo.tn\/fr\/wp-content\/uploads\/2024\/08\/86e653baa680bc5ea6476b980128b68a.webp","contentUrl":"https:\/\/www.webdo.tn\/fr\/wp-content\/uploads\/2024\/08\/86e653baa680bc5ea6476b980128b68a.webp","width":750,"height":400,"caption":"Abonnements scolaires et universitaires : D\u00e9but des ventes demain"},{"@type":"BreadcrumbList","@id":"https:\/\/www.webdo.tn\/fr\/actualite\/national\/transtu-abonnements-scolaires-et-universitaires-2024-debut-des-ventes-demain-lundi-26-aout\/215992\/#breadcrumb","itemListElement":[{"@type":"ListItem","position":1,"name":"Accueil","item":"https:\/\/www.webdo.tn\/fr\/"},{"@type":"ListItem","position":2,"name":"Abonnements scolaires et universitaires : D\u00e9but des ventes demain"}]},{"@type":"WebSite","@id":"https:\/\/www.webdo.tn\/fr\/#website","url":"https:\/\/www.webdo.tn\/fr\/","name":"webdo","description":"Tunisie - News en Tunisie et \u00e0 l&#039;international sur Webdo.tn","publisher":{"@id":"https:\/\/www.webdo.tn\/fr\/#organization"},"potentialAction":[{"@type":"SearchAction","target":{"@type":"EntryPoint","urlTemplate":"https:\/\/www.webdo.tn\/fr\/?s={search_term_string}"},"query-input":{"@type":"PropertyValueSpecification","valueRequired":true,"valueName":"search_term_string"}}],"inLanguage":"fr-FR"},{"@type":"Organization","@id":"https:\/\/www.webdo.tn\/fr\/#organization","name":"Webdo","alternateName":"Webdo.tn","url":"https:\/\/www.webdo.tn\/fr\/","logo":{"@type":"ImageObject","inLanguage":"fr-FR","@id":"https:\/\/www.webdo.tn\/fr\/#\/schema\/logo\/image\/","url":"https:\/\/www.webdo.tn\/fr\/wp-content\/uploads\/2025\/06\/Webdo-Tunisie_168377.jpg","contentUrl":"https:\/\/www.webdo.tn\/fr\/wp-content\/uploads\/2025\/06\/Webdo-Tunisie_168377.jpg","width":301,"height":301,"caption":"Webdo"},"image":{"@id":"https:\/\/www.webdo.tn\/fr\/#\/schema\/logo\/image\/"},"sameAs":["https:\/\/www.facebook.com\/webdotn","https:\/\/x.com\/webdo_tn"],"description":"Webdo est un m\u00e9dia num\u00e9rique tunisien fond\u00e9 en 2010, sp\u00e9cialis\u00e9 dans l\u2019actualit\u00e9 nationale et internationale, l\u2019\u00e9conomie, la soci\u00e9t\u00e9 et les analyses politiques. Le site s\u2019adresse \u00e0 un large public francophone et couvre l\u2019information tunisienne en temps r\u00e9el.","email":"redac@webdo.tn","legalName":"YNJ SARL","foundingDate":"2010-09-06","numberOfEmployees":{"@type":"QuantitativeValue","minValue":"11","maxValue":"50"}},{"@type":"Person","@id":"https:\/\/www.webdo.tn\/fr\/#\/schema\/person\/b8a41c04d93287d375510db360906b34","name":"AZ","image":{"@type":"ImageObject","inLanguage":"fr-FR","@id":"https:\/\/secure.gravatar.com\/avatar\/492b80bada79439de4201dce15cd41eece6c277cfdf1b53382073c79105c1f89?s=96&d=mm&r=g","url":"https:\/\/secure.gravatar.com\/avatar\/492b80bada79439de4201dce15cd41eece6c277cfdf1b53382073c79105c1f89?s=96&d=mm&r=g","contentUrl":"https:\/\/secure.gravatar.com\/avatar\/492b80bada79439de4201dce15cd41eece6c277cfdf1b53382073c79105c1f89?s=96&d=mm&r=g","caption":"AZ"},"url":"https:\/\/www.webdo.tn\/fr\/actualite\/author\/az\/"}]}},"_links":{"self":[{"href":"https:\/\/www.webdo.tn\/fr\/wp-json\/wp\/v2\/posts\/215992","targetHints":{"allow":["GET"]}}],"collection":[{"href":"https:\/\/www.webdo.tn\/fr\/wp-json\/wp\/v2\/posts"}],"about":[{"href":"https:\/\/www.webdo.tn\/fr\/wp-json\/wp\/v2\/types\/post"}],"author":[{"embeddable":true,"href":"https:\/\/www.webdo.tn\/fr\/wp-json\/wp\/v2\/users\/3166"}],"replies":[{"embeddable":true,"href":"https:\/\/www.webdo.tn\/fr\/wp-json\/wp\/v2\/comments?post=215992"}],"version-history":[{"count":0,"href":"https:\/\/www.webdo.tn\/fr\/wp-json\/wp\/v2\/posts\/215992\/revisions"}],"wp:featuredmedia":[{"embeddable":true,"href":"https:\/\/www.webdo.tn\/fr\/wp-json\/wp\/v2\/media\/246699"}],"wp:attachment":[{"href":"https:\/\/www.webdo.tn\/fr\/wp-json\/wp\/v2\/media?parent=215992"}],"wp:term":[{"taxonomy":"category","embeddable":true,"href":"https:\/\/www.webdo.tn\/fr\/wp-json\/wp\/v2\/categories?post=215992"},{"taxonomy":"post_tag","embeddable":true,"href":"https:\/\/www.webdo.tn\/fr\/wp-json\/wp\/v2\/tags?post=215992"}],"curies":[{"name":"wp","href":"https:\/\/api.w.org\/{rel}","templated":true}]}}