{"id":215988,"date":"2024-08-24T11:39:00","date_gmt":"2024-08-24T11:39:00","guid":{"rendered":"https:\/\/www.webdo.tn\/fr\/blog\/la-memoire-de-saint-louis-en-tunisie-chapelles-basilique-et-processions\/215988\/"},"modified":"2024-08-24T11:39:00","modified_gmt":"2024-08-24T11:39:00","slug":"la-memoire-de-saint-louis-en-tunisie-chapelles-basilique-et-processions","status":"publish","type":"post","link":"https:\/\/www.webdo.tn\/fr\/actualite\/chroniques\/la-memoire-de-saint-louis-en-tunisie-chapelles-basilique-et-processions\/215988\/","title":{"rendered":"La m\u00e9moire de Saint-Louis en Tunisie : Chapelles, basilique et  processions"},"content":{"rendered":"<p>Mort \u00e0 Tunis en 1270, le roi de France Louis IX est demeur\u00e9 dans la m\u00e9moire et la toponymie tunisiennes.<\/p>\n<p>\t\t\t\t\t\t\t\t\tLa tradition catholique en Tunisie a gard\u00e9 la m\u00e9moire des processions d\u00e9di\u00e9es \u00e0 Saint-Louis. Elles avaient lieu chaque 25 ao\u00fbt en comm\u00e9moration du d\u00e9c\u00e8s de ce souverain fran\u00e7ais en Tunisie. <\/p>\n<p>D\u00e8s le dix-septi\u00e8me si\u00e8cle, des chapelles ont port\u00e9 le nom de Saint-Louis, notamment au Fondouk des Fran\u00e7ais dans la m\u00e9dina de Tunis. <\/p>\n<p>Une chapelle a ensuite \u00e9t\u00e9 cr\u00e9\u00e9e \u00e0 Carthage pour honorer la m\u00e9moire de ce roi de France qui est mort de la peste aux portes de Tunis. <\/p>\n<p>\u00c9difi\u00e9e en haut de la colline de Byrsa, cette chapelle dispara\u00eetra en 1951 et sera d\u00e9molie car elle mena\u00e7ait de s&rsquo;effondrer. <\/p>\n<p>Entre temps, une cath\u00e9drale Saint-Louis a \u00e9t\u00e9 construite \u00e0 l&rsquo;autre bout de la m\u00eame colline de Byrsa. D\u00e9saffect\u00e9e cette cath\u00e9drale a \u00e9t\u00e9 r\u00e9cemment incorpor\u00e9e au mus\u00e9e national de Carthage. <\/p>\n<p>Enfin, les reliques de Saint-Louis sont en partie rest\u00e9es en Tunisie. Elles seront transf\u00e9r\u00e9es en France \u00e0 la fin des ann\u00e9es quatre-vingt. Seul le reliquaire est rest\u00e9 en Tunisie o\u00f9 il est expos\u00e9 en la cath\u00e9drale de Tunis.<\/p>\n","protected":false},"excerpt":{"rendered":"<p>La tradition catholique en Tunisie a gard\u00e9 la m\u00e9moire des processions d\u00e9di\u00e9es \u00e0 Saint-Louis. Elles avaient lieu chaque 25 ao\u00fbt en comm\u00e9moration du d\u00e9c\u00e8s de ce s&#8230;<\/p>\n","protected":false},"author":3229,"featured_media":290989,"comment_status":"open","ping_status":"closed","sticky":false,"template":"","format":"standard","meta":{"footnotes":""},"categories":[2596],"tags":[10380,8253,2608],"class_list":["post-215988","post","type-post","status-publish","format-standard","has-post-thumbnail","hentry","category-chroniques","tag-processions","tag-saint-louis","tag-tunisie"],"yoast_head":"<!-- This site is optimized with the Yoast SEO Premium plugin v27.5 (Yoast SEO v27.5) - https:\/\/yoast.com\/product\/yoast-seo-premium-wordpress\/ -->\n<title>La m\u00e9moire de Saint-Louis en Tunisie : Chapelles, basilique et processions<\/title>\n<meta name=\"description\" content=\"La tradition catholique en Tunisie a gard\u00e9 la m\u00e9moire des processions d\u00e9di\u00e9es \u00e0 Saint-Louis. Elles avaient lieu chaque 25 ao\u00fbt en comm\u00e9moration du d\u00e9c\u00e8s de ce s...\" \/>\n<link rel=\"canonical\" href=\"https:\/\/www.webdo.tn\/fr\/actualite\/chroniques\/la-memoire-de-saint-louis-en-tunisie-chapelles-basilique-et-processions\/215988\/\" \/>\n<meta property=\"og:locale\" content=\"fr_FR\" \/>\n<meta property=\"og:type\" content=\"article\" \/>\n<meta property=\"og:title\" content=\"La m\u00e9moire de Saint-Louis en Tunisie : Chapelles, basilique et processions\" \/>\n<meta property=\"og:description\" content=\"La tradition catholique en Tunisie a gard\u00e9 la m\u00e9moire des processions d\u00e9di\u00e9es \u00e0 Saint-Louis. Elles avaient lieu chaque 25 ao\u00fbt en comm\u00e9moration du d\u00e9c\u00e8s de ce s...\" \/>\n<meta property=\"og:url\" content=\"https:\/\/www.webdo.tn\/fr\/actualite\/chroniques\/la-memoire-de-saint-louis-en-tunisie-chapelles-basilique-et-processions\/215988\/\" \/>\n<meta property=\"og:site_name\" content=\"webdo\" \/>\n<meta property=\"article:publisher\" content=\"https:\/\/www.facebook.com\/webdotn\" \/>\n<meta property=\"article:author\" content=\"https:\/\/www.facebook.com\/hatem.bourial.2025\" \/>\n<meta property=\"article:published_time\" content=\"2024-08-24T11:39:00+00:00\" \/>\n<meta property=\"og:image\" content=\"https:\/\/www.webdo.tn\/fr\/wp-content\/uploads\/2024\/08\/1275f1bd4ab1e94f077c26d1ab75cb6c.webp\" \/>\n\t<meta property=\"og:image:width\" content=\"750\" \/>\n\t<meta property=\"og:image:height\" content=\"400\" \/>\n\t<meta property=\"og:image:type\" content=\"image\/webp\" \/>\n<meta name=\"author\" content=\"Hatem Bourial\" \/>\n<meta name=\"twitter:card\" content=\"summary_large_image\" \/>\n<meta name=\"twitter:creator\" content=\"@webdo_tn\" \/>\n<meta name=\"twitter:site\" content=\"@webdo_tn\" \/>\n<meta name=\"twitter:label1\" content=\"\u00c9crit par\" \/>\n\t<meta name=\"twitter:data1\" content=\"Hatem Bourial\" \/>\n\t<meta name=\"twitter:label2\" content=\"Dur\u00e9e de lecture estim\u00e9e\" \/>\n\t<meta name=\"twitter:data2\" content=\"1 minute\" \/>\n<script type=\"application\/ld+json\" class=\"yoast-schema-graph\">{\"@context\":\"https:\\\/\\\/schema.org\",\"@graph\":[{\"@type\":\"NewsArticle\",\"@id\":\"https:\\\/\\\/www.webdo.tn\\\/fr\\\/actualite\\\/chroniques\\\/la-memoire-de-saint-louis-en-tunisie-chapelles-basilique-et-processions\\\/215988\\\/#article\",\"isPartOf\":{\"@id\":\"https:\\\/\\\/www.webdo.tn\\\/fr\\\/actualite\\\/chroniques\\\/la-memoire-de-saint-louis-en-tunisie-chapelles-basilique-et-processions\\\/215988\\\/\"},\"author\":{\"name\":\"Hatem Bourial\",\"@id\":\"https:\\\/\\\/www.webdo.tn\\\/fr\\\/#\\\/schema\\\/person\\\/6bc0beba2cd23aec27cb5df85ca2554f\"},\"headline\":\"La m\u00e9moire de Saint-Louis en Tunisie : Chapelles, basilique et processions\",\"datePublished\":\"2024-08-24T11:39:00+00:00\",\"mainEntityOfPage\":{\"@id\":\"https:\\\/\\\/www.webdo.tn\\\/fr\\\/actualite\\\/chroniques\\\/la-memoire-de-saint-louis-en-tunisie-chapelles-basilique-et-processions\\\/215988\\\/\"},\"wordCount\":225,\"commentCount\":0,\"publisher\":{\"@id\":\"https:\\\/\\\/www.webdo.tn\\\/fr\\\/#organization\"},\"image\":{\"@id\":\"https:\\\/\\\/www.webdo.tn\\\/fr\\\/actualite\\\/chroniques\\\/la-memoire-de-saint-louis-en-tunisie-chapelles-basilique-et-processions\\\/215988\\\/#primaryimage\"},\"thumbnailUrl\":\"https:\\\/\\\/www.webdo.tn\\\/fr\\\/wp-content\\\/uploads\\\/2024\\\/08\\\/1275f1bd4ab1e94f077c26d1ab75cb6c.webp\",\"keywords\":[\"'processions']\",\"Saint-Louis\",\"Tunisie\"],\"articleSection\":[\"Chroniques\"],\"inLanguage\":\"fr-FR\"},{\"@type\":\"WebPage\",\"@id\":\"https:\\\/\\\/www.webdo.tn\\\/fr\\\/actualite\\\/chroniques\\\/la-memoire-de-saint-louis-en-tunisie-chapelles-basilique-et-processions\\\/215988\\\/\",\"url\":\"https:\\\/\\\/www.webdo.tn\\\/fr\\\/actualite\\\/chroniques\\\/la-memoire-de-saint-louis-en-tunisie-chapelles-basilique-et-processions\\\/215988\\\/\",\"name\":\"La m\u00e9moire de Saint-Louis en Tunisie : Chapelles, basilique et processions\",\"isPartOf\":{\"@id\":\"https:\\\/\\\/www.webdo.tn\\\/fr\\\/#website\"},\"primaryImageOfPage\":{\"@id\":\"https:\\\/\\\/www.webdo.tn\\\/fr\\\/actualite\\\/chroniques\\\/la-memoire-de-saint-louis-en-tunisie-chapelles-basilique-et-processions\\\/215988\\\/#primaryimage\"},\"image\":{\"@id\":\"https:\\\/\\\/www.webdo.tn\\\/fr\\\/actualite\\\/chroniques\\\/la-memoire-de-saint-louis-en-tunisie-chapelles-basilique-et-processions\\\/215988\\\/#primaryimage\"},\"thumbnailUrl\":\"https:\\\/\\\/www.webdo.tn\\\/fr\\\/wp-content\\\/uploads\\\/2024\\\/08\\\/1275f1bd4ab1e94f077c26d1ab75cb6c.webp\",\"datePublished\":\"2024-08-24T11:39:00+00:00\",\"description\":\"La tradition catholique en Tunisie a gard\u00e9 la m\u00e9moire des processions d\u00e9di\u00e9es \u00e0 Saint-Louis. Elles avaient lieu chaque 25 ao\u00fbt en comm\u00e9moration du d\u00e9c\u00e8s de ce s...\",\"breadcrumb\":{\"@id\":\"https:\\\/\\\/www.webdo.tn\\\/fr\\\/actualite\\\/chroniques\\\/la-memoire-de-saint-louis-en-tunisie-chapelles-basilique-et-processions\\\/215988\\\/#breadcrumb\"},\"inLanguage\":\"fr-FR\",\"potentialAction\":[{\"@type\":\"ReadAction\",\"target\":[\"https:\\\/\\\/www.webdo.tn\\\/fr\\\/actualite\\\/chroniques\\\/la-memoire-de-saint-louis-en-tunisie-chapelles-basilique-et-processions\\\/215988\\\/\"]}]},{\"@type\":\"ImageObject\",\"inLanguage\":\"fr-FR\",\"@id\":\"https:\\\/\\\/www.webdo.tn\\\/fr\\\/actualite\\\/chroniques\\\/la-memoire-de-saint-louis-en-tunisie-chapelles-basilique-et-processions\\\/215988\\\/#primaryimage\",\"url\":\"https:\\\/\\\/www.webdo.tn\\\/fr\\\/wp-content\\\/uploads\\\/2024\\\/08\\\/1275f1bd4ab1e94f077c26d1ab75cb6c.webp\",\"contentUrl\":\"https:\\\/\\\/www.webdo.tn\\\/fr\\\/wp-content\\\/uploads\\\/2024\\\/08\\\/1275f1bd4ab1e94f077c26d1ab75cb6c.webp\",\"width\":750,\"height\":400,\"caption\":\"La m\u00e9moire de Saint-Louis en Tunisie : Chapelles, basilique et processions\"},{\"@type\":\"BreadcrumbList\",\"@id\":\"https:\\\/\\\/www.webdo.tn\\\/fr\\\/actualite\\\/chroniques\\\/la-memoire-de-saint-louis-en-tunisie-chapelles-basilique-et-processions\\\/215988\\\/#breadcrumb\",\"itemListElement\":[{\"@type\":\"ListItem\",\"position\":1,\"name\":\"Accueil\",\"item\":\"https:\\\/\\\/www.webdo.tn\\\/fr\\\/\"},{\"@type\":\"ListItem\",\"position\":2,\"name\":\"La m\u00e9moire de Saint-Louis en Tunisie : Chapelles, basilique et processions\"}]},{\"@type\":\"WebSite\",\"@id\":\"https:\\\/\\\/www.webdo.tn\\\/fr\\\/#website\",\"url\":\"https:\\\/\\\/www.webdo.tn\\\/fr\\\/\",\"name\":\"webdo\",\"description\":\"Tunisie - News en Tunisie et \u00e0 l&#039;international sur Webdo.tn\",\"publisher\":{\"@id\":\"https:\\\/\\\/www.webdo.tn\\\/fr\\\/#organization\"},\"potentialAction\":[{\"@type\":\"SearchAction\",\"target\":{\"@type\":\"EntryPoint\",\"urlTemplate\":\"https:\\\/\\\/www.webdo.tn\\\/fr\\\/?s={search_term_string}\"},\"query-input\":{\"@type\":\"PropertyValueSpecification\",\"valueRequired\":true,\"valueName\":\"search_term_string\"}}],\"inLanguage\":\"fr-FR\"},{\"@type\":\"Organization\",\"@id\":\"https:\\\/\\\/www.webdo.tn\\\/fr\\\/#organization\",\"name\":\"Webdo\",\"alternateName\":\"Webdo.tn\",\"url\":\"https:\\\/\\\/www.webdo.tn\\\/fr\\\/\",\"logo\":{\"@type\":\"ImageObject\",\"inLanguage\":\"fr-FR\",\"@id\":\"https:\\\/\\\/www.webdo.tn\\\/fr\\\/#\\\/schema\\\/logo\\\/image\\\/\",\"url\":\"https:\\\/\\\/www.webdo.tn\\\/fr\\\/wp-content\\\/uploads\\\/2025\\\/06\\\/Webdo-Tunisie_168377.jpg\",\"contentUrl\":\"https:\\\/\\\/www.webdo.tn\\\/fr\\\/wp-content\\\/uploads\\\/2025\\\/06\\\/Webdo-Tunisie_168377.jpg\",\"width\":301,\"height\":301,\"caption\":\"Webdo\"},\"image\":{\"@id\":\"https:\\\/\\\/www.webdo.tn\\\/fr\\\/#\\\/schema\\\/logo\\\/image\\\/\"},\"sameAs\":[\"https:\\\/\\\/www.facebook.com\\\/webdotn\",\"https:\\\/\\\/x.com\\\/webdo_tn\"],\"description\":\"Webdo est un m\u00e9dia num\u00e9rique tunisien fond\u00e9 en 2010, sp\u00e9cialis\u00e9 dans l\u2019actualit\u00e9 nationale et internationale, l\u2019\u00e9conomie, la soci\u00e9t\u00e9 et les analyses politiques. Le site s\u2019adresse \u00e0 un large public francophone et couvre l\u2019information tunisienne en temps r\u00e9el.\",\"email\":\"redac@webdo.tn\",\"legalName\":\"YNJ SARL\",\"foundingDate\":\"2010-09-06\",\"numberOfEmployees\":{\"@type\":\"QuantitativeValue\",\"minValue\":\"11\",\"maxValue\":\"50\"}},{\"@type\":\"Person\",\"@id\":\"https:\\\/\\\/www.webdo.tn\\\/fr\\\/#\\\/schema\\\/person\\\/6bc0beba2cd23aec27cb5df85ca2554f\",\"name\":\"Hatem Bourial\",\"image\":{\"@type\":\"ImageObject\",\"inLanguage\":\"fr-FR\",\"@id\":\"https:\\\/\\\/www.webdo.tn\\\/fr\\\/wp-content\\\/uploads\\\/2026\\\/04\\\/hatem-bourial_avatar-96x96.jpg\",\"url\":\"https:\\\/\\\/www.webdo.tn\\\/fr\\\/wp-content\\\/uploads\\\/2026\\\/04\\\/hatem-bourial_avatar-96x96.jpg\",\"contentUrl\":\"https:\\\/\\\/www.webdo.tn\\\/fr\\\/wp-content\\\/uploads\\\/2026\\\/04\\\/hatem-bourial_avatar-96x96.jpg\",\"caption\":\"Hatem Bourial\"},\"description\":\"Hatem Bourial est journaliste, \u00e9crivain et chroniqueur tunisien. Actif depuis plusieurs d\u00e9cennies, il s\u2019est impos\u00e9 comme un observateur attentif de la soci\u00e9t\u00e9 tunisienne, m\u00ealant dans ses \u00e9crits m\u00e9moire, culture et analyse du quotidien. Auteur de nombreux ouvrages, il d\u00e9veloppe une \u0153uvre \u00e0 la crois\u00e9e du r\u00e9cit, de la po\u00e9sie et de l\u2019observation sociologique. Parall\u00e8lement \u00e0 ses contributions dans la presse, il intervient r\u00e9guli\u00e8rement \u00e0 la radio et dans des espaces culturels, o\u00f9 il explore les enjeux li\u00e9s au patrimoine, \u00e0 l\u2019identit\u00e9 et aux transformations du monde contemporain. \u00c0 travers ses chroniques, Hatem Bourial propose une lecture sensible et approfondie de l\u2019actualit\u00e9, nourrie par une exp\u00e9rience journalistique et litt\u00e9raire reconnue. \ud83d\udd17 Facebook : https:\\\/\\\/www.facebook.com\\\/hatem.bourial.2025\",\"sameAs\":[\"https:\\\/\\\/www.facebook.com\\\/hatem.bourial.2025\",\"https:\\\/\\\/fr.wikipedia.org\\\/wiki\\\/Fichier:Hatem_Bourial.jpg\"],\"knowsAbout\":[\"Culture & patrimoine tunisien\",\"Chronique soci\u00e9tale\",\"Litt\u00e9rature & m\u00e9moire\",\"Cin\u00e9ma & critique culturelle\",\"Identit\u00e9 & mutations sociales\"],\"knowsLanguage\":[\"Arabe\",\"Fran\u00e7ais\",\"Anglais\",\"Italien\",\"Polonais\"],\"jobTitle\":\"Journaliste, \u00e9crivain et chroniqueur culturel\",\"worksFor\":\"Webdo\",\"url\":\"https:\\\/\\\/www.webdo.tn\\\/fr\\\/actualite\\\/author\\\/hatem-bourial-2\\\/\"}]}<\/script>\n<!-- \/ Yoast SEO Premium plugin. -->","yoast_head_json":{"title":"La m\u00e9moire de Saint-Louis en Tunisie : Chapelles, basilique et processions","description":"La tradition catholique en Tunisie a gard\u00e9 la m\u00e9moire des processions d\u00e9di\u00e9es \u00e0 Saint-Louis. Elles avaient lieu chaque 25 ao\u00fbt en comm\u00e9moration du d\u00e9c\u00e8s de ce s...","canonical":"https:\/\/www.webdo.tn\/fr\/actualite\/chroniques\/la-memoire-de-saint-louis-en-tunisie-chapelles-basilique-et-processions\/215988\/","og_locale":"fr_FR","og_type":"article","og_title":"La m\u00e9moire de Saint-Louis en Tunisie : Chapelles, basilique et processions","og_description":"La tradition catholique en Tunisie a gard\u00e9 la m\u00e9moire des processions d\u00e9di\u00e9es \u00e0 Saint-Louis. Elles avaient lieu chaque 25 ao\u00fbt en comm\u00e9moration du d\u00e9c\u00e8s de ce s...","og_url":"https:\/\/www.webdo.tn\/fr\/actualite\/chroniques\/la-memoire-de-saint-louis-en-tunisie-chapelles-basilique-et-processions\/215988\/","og_site_name":"webdo","article_publisher":"https:\/\/www.facebook.com\/webdotn","article_author":"https:\/\/www.facebook.com\/hatem.bourial.2025","article_published_time":"2024-08-24T11:39:00+00:00","og_image":[{"width":750,"height":400,"url":"https:\/\/www.webdo.tn\/fr\/wp-content\/uploads\/2024\/08\/1275f1bd4ab1e94f077c26d1ab75cb6c.webp","type":"image\/webp"}],"author":"Hatem Bourial","twitter_card":"summary_large_image","twitter_creator":"@webdo_tn","twitter_site":"@webdo_tn","twitter_misc":{"\u00c9crit par":"Hatem Bourial","Dur\u00e9e de lecture estim\u00e9e":"1 minute"},"schema":{"@context":"https:\/\/schema.org","@graph":[{"@type":"NewsArticle","@id":"https:\/\/www.webdo.tn\/fr\/actualite\/chroniques\/la-memoire-de-saint-louis-en-tunisie-chapelles-basilique-et-processions\/215988\/#article","isPartOf":{"@id":"https:\/\/www.webdo.tn\/fr\/actualite\/chroniques\/la-memoire-de-saint-louis-en-tunisie-chapelles-basilique-et-processions\/215988\/"},"author":{"name":"Hatem Bourial","@id":"https:\/\/www.webdo.tn\/fr\/#\/schema\/person\/6bc0beba2cd23aec27cb5df85ca2554f"},"headline":"La m\u00e9moire de Saint-Louis en Tunisie : Chapelles, basilique et processions","datePublished":"2024-08-24T11:39:00+00:00","mainEntityOfPage":{"@id":"https:\/\/www.webdo.tn\/fr\/actualite\/chroniques\/la-memoire-de-saint-louis-en-tunisie-chapelles-basilique-et-processions\/215988\/"},"wordCount":225,"commentCount":0,"publisher":{"@id":"https:\/\/www.webdo.tn\/fr\/#organization"},"image":{"@id":"https:\/\/www.webdo.tn\/fr\/actualite\/chroniques\/la-memoire-de-saint-louis-en-tunisie-chapelles-basilique-et-processions\/215988\/#primaryimage"},"thumbnailUrl":"https:\/\/www.webdo.tn\/fr\/wp-content\/uploads\/2024\/08\/1275f1bd4ab1e94f077c26d1ab75cb6c.webp","keywords":["'processions']","Saint-Louis","Tunisie"],"articleSection":["Chroniques"],"inLanguage":"fr-FR"},{"@type":"WebPage","@id":"https:\/\/www.webdo.tn\/fr\/actualite\/chroniques\/la-memoire-de-saint-louis-en-tunisie-chapelles-basilique-et-processions\/215988\/","url":"https:\/\/www.webdo.tn\/fr\/actualite\/chroniques\/la-memoire-de-saint-louis-en-tunisie-chapelles-basilique-et-processions\/215988\/","name":"La m\u00e9moire de Saint-Louis en Tunisie : Chapelles, basilique et processions","isPartOf":{"@id":"https:\/\/www.webdo.tn\/fr\/#website"},"primaryImageOfPage":{"@id":"https:\/\/www.webdo.tn\/fr\/actualite\/chroniques\/la-memoire-de-saint-louis-en-tunisie-chapelles-basilique-et-processions\/215988\/#primaryimage"},"image":{"@id":"https:\/\/www.webdo.tn\/fr\/actualite\/chroniques\/la-memoire-de-saint-louis-en-tunisie-chapelles-basilique-et-processions\/215988\/#primaryimage"},"thumbnailUrl":"https:\/\/www.webdo.tn\/fr\/wp-content\/uploads\/2024\/08\/1275f1bd4ab1e94f077c26d1ab75cb6c.webp","datePublished":"2024-08-24T11:39:00+00:00","description":"La tradition catholique en Tunisie a gard\u00e9 la m\u00e9moire des processions d\u00e9di\u00e9es \u00e0 Saint-Louis. Elles avaient lieu chaque 25 ao\u00fbt en comm\u00e9moration du d\u00e9c\u00e8s de ce s...","breadcrumb":{"@id":"https:\/\/www.webdo.tn\/fr\/actualite\/chroniques\/la-memoire-de-saint-louis-en-tunisie-chapelles-basilique-et-processions\/215988\/#breadcrumb"},"inLanguage":"fr-FR","potentialAction":[{"@type":"ReadAction","target":["https:\/\/www.webdo.tn\/fr\/actualite\/chroniques\/la-memoire-de-saint-louis-en-tunisie-chapelles-basilique-et-processions\/215988\/"]}]},{"@type":"ImageObject","inLanguage":"fr-FR","@id":"https:\/\/www.webdo.tn\/fr\/actualite\/chroniques\/la-memoire-de-saint-louis-en-tunisie-chapelles-basilique-et-processions\/215988\/#primaryimage","url":"https:\/\/www.webdo.tn\/fr\/wp-content\/uploads\/2024\/08\/1275f1bd4ab1e94f077c26d1ab75cb6c.webp","contentUrl":"https:\/\/www.webdo.tn\/fr\/wp-content\/uploads\/2024\/08\/1275f1bd4ab1e94f077c26d1ab75cb6c.webp","width":750,"height":400,"caption":"La m\u00e9moire de Saint-Louis en Tunisie : Chapelles, basilique et processions"},{"@type":"BreadcrumbList","@id":"https:\/\/www.webdo.tn\/fr\/actualite\/chroniques\/la-memoire-de-saint-louis-en-tunisie-chapelles-basilique-et-processions\/215988\/#breadcrumb","itemListElement":[{"@type":"ListItem","position":1,"name":"Accueil","item":"https:\/\/www.webdo.tn\/fr\/"},{"@type":"ListItem","position":2,"name":"La m\u00e9moire de Saint-Louis en Tunisie : Chapelles, basilique et processions"}]},{"@type":"WebSite","@id":"https:\/\/www.webdo.tn\/fr\/#website","url":"https:\/\/www.webdo.tn\/fr\/","name":"webdo","description":"Tunisie - News en Tunisie et \u00e0 l&#039;international sur Webdo.tn","publisher":{"@id":"https:\/\/www.webdo.tn\/fr\/#organization"},"potentialAction":[{"@type":"SearchAction","target":{"@type":"EntryPoint","urlTemplate":"https:\/\/www.webdo.tn\/fr\/?s={search_term_string}"},"query-input":{"@type":"PropertyValueSpecification","valueRequired":true,"valueName":"search_term_string"}}],"inLanguage":"fr-FR"},{"@type":"Organization","@id":"https:\/\/www.webdo.tn\/fr\/#organization","name":"Webdo","alternateName":"Webdo.tn","url":"https:\/\/www.webdo.tn\/fr\/","logo":{"@type":"ImageObject","inLanguage":"fr-FR","@id":"https:\/\/www.webdo.tn\/fr\/#\/schema\/logo\/image\/","url":"https:\/\/www.webdo.tn\/fr\/wp-content\/uploads\/2025\/06\/Webdo-Tunisie_168377.jpg","contentUrl":"https:\/\/www.webdo.tn\/fr\/wp-content\/uploads\/2025\/06\/Webdo-Tunisie_168377.jpg","width":301,"height":301,"caption":"Webdo"},"image":{"@id":"https:\/\/www.webdo.tn\/fr\/#\/schema\/logo\/image\/"},"sameAs":["https:\/\/www.facebook.com\/webdotn","https:\/\/x.com\/webdo_tn"],"description":"Webdo est un m\u00e9dia num\u00e9rique tunisien fond\u00e9 en 2010, sp\u00e9cialis\u00e9 dans l\u2019actualit\u00e9 nationale et internationale, l\u2019\u00e9conomie, la soci\u00e9t\u00e9 et les analyses politiques. Le site s\u2019adresse \u00e0 un large public francophone et couvre l\u2019information tunisienne en temps r\u00e9el.","email":"redac@webdo.tn","legalName":"YNJ SARL","foundingDate":"2010-09-06","numberOfEmployees":{"@type":"QuantitativeValue","minValue":"11","maxValue":"50"}},{"@type":"Person","@id":"https:\/\/www.webdo.tn\/fr\/#\/schema\/person\/6bc0beba2cd23aec27cb5df85ca2554f","name":"Hatem Bourial","image":{"@type":"ImageObject","inLanguage":"fr-FR","@id":"https:\/\/www.webdo.tn\/fr\/wp-content\/uploads\/2026\/04\/hatem-bourial_avatar-96x96.jpg","url":"https:\/\/www.webdo.tn\/fr\/wp-content\/uploads\/2026\/04\/hatem-bourial_avatar-96x96.jpg","contentUrl":"https:\/\/www.webdo.tn\/fr\/wp-content\/uploads\/2026\/04\/hatem-bourial_avatar-96x96.jpg","caption":"Hatem Bourial"},"description":"Hatem Bourial est journaliste, \u00e9crivain et chroniqueur tunisien. Actif depuis plusieurs d\u00e9cennies, il s\u2019est impos\u00e9 comme un observateur attentif de la soci\u00e9t\u00e9 tunisienne, m\u00ealant dans ses \u00e9crits m\u00e9moire, culture et analyse du quotidien. Auteur de nombreux ouvrages, il d\u00e9veloppe une \u0153uvre \u00e0 la crois\u00e9e du r\u00e9cit, de la po\u00e9sie et de l\u2019observation sociologique. Parall\u00e8lement \u00e0 ses contributions dans la presse, il intervient r\u00e9guli\u00e8rement \u00e0 la radio et dans des espaces culturels, o\u00f9 il explore les enjeux li\u00e9s au patrimoine, \u00e0 l\u2019identit\u00e9 et aux transformations du monde contemporain. \u00c0 travers ses chroniques, Hatem Bourial propose une lecture sensible et approfondie de l\u2019actualit\u00e9, nourrie par une exp\u00e9rience journalistique et litt\u00e9raire reconnue. \ud83d\udd17 Facebook : https:\/\/www.facebook.com\/hatem.bourial.2025","sameAs":["https:\/\/www.facebook.com\/hatem.bourial.2025","https:\/\/fr.wikipedia.org\/wiki\/Fichier:Hatem_Bourial.jpg"],"knowsAbout":["Culture & patrimoine tunisien","Chronique soci\u00e9tale","Litt\u00e9rature & m\u00e9moire","Cin\u00e9ma & critique culturelle","Identit\u00e9 & mutations sociales"],"knowsLanguage":["Arabe","Fran\u00e7ais","Anglais","Italien","Polonais"],"jobTitle":"Journaliste, \u00e9crivain et chroniqueur culturel","worksFor":"Webdo","url":"https:\/\/www.webdo.tn\/fr\/actualite\/author\/hatem-bourial-2\/"}]}},"_links":{"self":[{"href":"https:\/\/www.webdo.tn\/fr\/wp-json\/wp\/v2\/posts\/215988","targetHints":{"allow":["GET"]}}],"collection":[{"href":"https:\/\/www.webdo.tn\/fr\/wp-json\/wp\/v2\/posts"}],"about":[{"href":"https:\/\/www.webdo.tn\/fr\/wp-json\/wp\/v2\/types\/post"}],"author":[{"embeddable":true,"href":"https:\/\/www.webdo.tn\/fr\/wp-json\/wp\/v2\/users\/3229"}],"replies":[{"embeddable":true,"href":"https:\/\/www.webdo.tn\/fr\/wp-json\/wp\/v2\/comments?post=215988"}],"version-history":[{"count":0,"href":"https:\/\/www.webdo.tn\/fr\/wp-json\/wp\/v2\/posts\/215988\/revisions"}],"wp:featuredmedia":[{"embeddable":true,"href":"https:\/\/www.webdo.tn\/fr\/wp-json\/wp\/v2\/media\/290989"}],"wp:attachment":[{"href":"https:\/\/www.webdo.tn\/fr\/wp-json\/wp\/v2\/media?parent=215988"}],"wp:term":[{"taxonomy":"category","embeddable":true,"href":"https:\/\/www.webdo.tn\/fr\/wp-json\/wp\/v2\/categories?post=215988"},{"taxonomy":"post_tag","embeddable":true,"href":"https:\/\/www.webdo.tn\/fr\/wp-json\/wp\/v2\/tags?post=215988"}],"curies":[{"name":"wp","href":"https:\/\/api.w.org\/{rel}","templated":true}]}}