{"id":215984,"date":"2024-08-24T10:32:00","date_gmt":"2024-08-24T10:32:00","guid":{"rendered":"https:\/\/www.webdo.tn\/fr\/blog\/attaque-au-couteau-en-allemagne-trois-morts-et-quatre-blesses\/215984\/"},"modified":"2025-05-20T22:13:54","modified_gmt":"2025-05-20T22:13:54","slug":"attaque-au-couteau-en-allemagne-trois-morts-et-quatre-blesses","status":"publish","type":"post","link":"https:\/\/www.webdo.tn\/fr\/actualite\/international\/attaque-au-couteau-en-allemagne-trois-morts-et-quatre-blesses\/215984\/","title":{"rendered":"Attaque au couteau en Allemagne : trois morts et quatre bless\u00e9s"},"content":{"rendered":"<p>Trois personnes sont mortes et quatre autres ont \u00e9t\u00e9 gravement bless\u00e9es au cours d\u2019une attaque au couteau vendredi soir lors d\u2019un festival \u00e0 Solingen en Allemagne. L\u2019auteur en toujours en fuite.<\/p>\n<p>\t\t\t\t\t\t\t\t\tUne attaque au couteau, a caus\u00e9 hier soir lors d\u2019un festival \u00e0 Solingen, dans l\u2019ouest de l\u2019Allemagne, trois morts et quatre bless\u00e9s graves, selon un premier bilan officiel des autorit\u00e9s. <\/p>\n<p>Un homme, toujours recherch\u00e9, a poignard\u00e9 aux alentours de 21h45, des passants vendredi soir lors d\u2019un festival en plein air \u00e0 Solingen. L\u2019auteur pr\u00e9sum\u00e9 a pris la fuite.<\/p>\n<p>La zone concern\u00e9e, qui se situe dans le centre de cette ville de plus 150.000 habitants a \u00e9t\u00e9 rapidement boucl\u00e9e par importante intervention de police. Des festivit\u00e9s c\u00e9l\u00e9brant le 650e anniversaire de la ville devaient s\u2019y d\u00e9rouler jusqu\u2019\u00e0 dimanche.<\/p>\n","protected":false},"excerpt":{"rendered":"<p>Une attaque au couteau, a caus\u00e9 hier soir lors d\u2019un festival \u00e0 Solingen, dans l\u2019ouest de l\u2019Allemagne, trois morts et quatre bless\u00e9s graves, selon un premier bil&#8230;<\/p>\n","protected":false},"author":3162,"featured_media":290983,"comment_status":"open","ping_status":"closed","sticky":false,"template":"","format":"standard","meta":{"footnotes":""},"categories":[2598],"tags":[3445,3918,7068],"class_list":["post-215984","post","type-post","status-publish","format-standard","has-post-thumbnail","hentry","category-international","tag-allemagne","tag-attaque","tag-couteau"],"yoast_head":"<!-- This site is optimized with the Yoast SEO Premium plugin v27.4 (Yoast SEO v27.5) - https:\/\/yoast.com\/product\/yoast-seo-premium-wordpress\/ -->\n<title>Attaque au couteau en Allemagne : trois morts et quatre bless\u00e9s<\/title>\n<meta name=\"description\" content=\"Une attaque au couteau, a caus\u00e9 hier soir lors d\u2019un festival \u00e0 Solingen, dans l\u2019ouest de l\u2019Allemagne, trois morts et quatre bless\u00e9s graves, selon un premier bil...\" \/>\n<link rel=\"canonical\" href=\"https:\/\/www.webdo.tn\/fr\/actualite\/international\/attaque-au-couteau-en-allemagne-trois-morts-et-quatre-blesses\/215984\/\" \/>\n<meta property=\"og:locale\" content=\"fr_FR\" \/>\n<meta property=\"og:type\" content=\"article\" \/>\n<meta property=\"og:title\" content=\"Attaque au couteau en Allemagne : trois morts et quatre bless\u00e9s\" \/>\n<meta property=\"og:description\" content=\"Une attaque au couteau, a caus\u00e9 hier soir lors d\u2019un festival \u00e0 Solingen, dans l\u2019ouest de l\u2019Allemagne, trois morts et quatre bless\u00e9s graves, selon un premier bil...\" \/>\n<meta property=\"og:url\" content=\"https:\/\/www.webdo.tn\/fr\/actualite\/international\/attaque-au-couteau-en-allemagne-trois-morts-et-quatre-blesses\/215984\/\" \/>\n<meta property=\"og:site_name\" content=\"webdo\" \/>\n<meta property=\"article:publisher\" content=\"https:\/\/www.facebook.com\/webdotn\" \/>\n<meta property=\"article:published_time\" content=\"2024-08-24T10:32:00+00:00\" \/>\n<meta property=\"article:modified_time\" content=\"2025-05-20T22:13:54+00:00\" \/>\n<meta property=\"og:image\" content=\"https:\/\/www.webdo.tn\/fr\/wp-content\/uploads\/2024\/08\/78ad914c0cc43791adb14875ca3fd992.webp\" \/>\n\t<meta property=\"og:image:width\" content=\"750\" \/>\n\t<meta property=\"og:image:height\" content=\"400\" \/>\n\t<meta property=\"og:image:type\" content=\"image\/webp\" \/>\n<meta name=\"author\" content=\"MC\" \/>\n<meta name=\"twitter:card\" content=\"summary_large_image\" \/>\n<meta name=\"twitter:creator\" content=\"@webdo_tn\" \/>\n<meta name=\"twitter:site\" content=\"@webdo_tn\" \/>\n<meta name=\"twitter:label1\" content=\"\u00c9crit par\" \/>\n\t<meta name=\"twitter:data1\" content=\"MC\" \/>\n\t<meta name=\"twitter:label2\" content=\"Dur\u00e9e de lecture estim\u00e9e\" \/>\n\t<meta name=\"twitter:data2\" content=\"1 minute\" \/>\n<script type=\"application\/ld+json\" class=\"yoast-schema-graph\">{\"@context\":\"https:\\\/\\\/schema.org\",\"@graph\":[{\"@type\":\"NewsArticle\",\"@id\":\"https:\\\/\\\/www.webdo.tn\\\/fr\\\/actualite\\\/international\\\/attaque-au-couteau-en-allemagne-trois-morts-et-quatre-blesses\\\/215984\\\/#article\",\"isPartOf\":{\"@id\":\"https:\\\/\\\/www.webdo.tn\\\/fr\\\/actualite\\\/international\\\/attaque-au-couteau-en-allemagne-trois-morts-et-quatre-blesses\\\/215984\\\/\"},\"author\":{\"name\":\"MC\",\"@id\":\"https:\\\/\\\/www.webdo.tn\\\/fr\\\/#\\\/schema\\\/person\\\/2c4929cbf5a809e3bd38617c6ce150f6\"},\"headline\":\"Attaque au couteau en Allemagne : trois morts et quatre bless\u00e9s\",\"datePublished\":\"2024-08-24T10:32:00+00:00\",\"dateModified\":\"2025-05-20T22:13:54+00:00\",\"mainEntityOfPage\":{\"@id\":\"https:\\\/\\\/www.webdo.tn\\\/fr\\\/actualite\\\/international\\\/attaque-au-couteau-en-allemagne-trois-morts-et-quatre-blesses\\\/215984\\\/\"},\"wordCount\":154,\"commentCount\":0,\"publisher\":{\"@id\":\"https:\\\/\\\/www.webdo.tn\\\/fr\\\/#organization\"},\"image\":{\"@id\":\"https:\\\/\\\/www.webdo.tn\\\/fr\\\/actualite\\\/international\\\/attaque-au-couteau-en-allemagne-trois-morts-et-quatre-blesses\\\/215984\\\/#primaryimage\"},\"thumbnailUrl\":\"https:\\\/\\\/www.webdo.tn\\\/fr\\\/wp-content\\\/uploads\\\/2024\\\/08\\\/78ad914c0cc43791adb14875ca3fd992.webp\",\"keywords\":[\"Allemagne\",\"attaque\",\"couteau\"],\"articleSection\":[\"International\"],\"inLanguage\":\"fr-FR\"},{\"@type\":\"WebPage\",\"@id\":\"https:\\\/\\\/www.webdo.tn\\\/fr\\\/actualite\\\/international\\\/attaque-au-couteau-en-allemagne-trois-morts-et-quatre-blesses\\\/215984\\\/\",\"url\":\"https:\\\/\\\/www.webdo.tn\\\/fr\\\/actualite\\\/international\\\/attaque-au-couteau-en-allemagne-trois-morts-et-quatre-blesses\\\/215984\\\/\",\"name\":\"Attaque au couteau en Allemagne : trois morts et quatre bless\u00e9s\",\"isPartOf\":{\"@id\":\"https:\\\/\\\/www.webdo.tn\\\/fr\\\/#website\"},\"primaryImageOfPage\":{\"@id\":\"https:\\\/\\\/www.webdo.tn\\\/fr\\\/actualite\\\/international\\\/attaque-au-couteau-en-allemagne-trois-morts-et-quatre-blesses\\\/215984\\\/#primaryimage\"},\"image\":{\"@id\":\"https:\\\/\\\/www.webdo.tn\\\/fr\\\/actualite\\\/international\\\/attaque-au-couteau-en-allemagne-trois-morts-et-quatre-blesses\\\/215984\\\/#primaryimage\"},\"thumbnailUrl\":\"https:\\\/\\\/www.webdo.tn\\\/fr\\\/wp-content\\\/uploads\\\/2024\\\/08\\\/78ad914c0cc43791adb14875ca3fd992.webp\",\"datePublished\":\"2024-08-24T10:32:00+00:00\",\"dateModified\":\"2025-05-20T22:13:54+00:00\",\"description\":\"Une attaque au couteau, a caus\u00e9 hier soir lors d\u2019un festival \u00e0 Solingen, dans l\u2019ouest de l\u2019Allemagne, trois morts et quatre bless\u00e9s graves, selon un premier bil...\",\"breadcrumb\":{\"@id\":\"https:\\\/\\\/www.webdo.tn\\\/fr\\\/actualite\\\/international\\\/attaque-au-couteau-en-allemagne-trois-morts-et-quatre-blesses\\\/215984\\\/#breadcrumb\"},\"inLanguage\":\"fr-FR\",\"potentialAction\":[{\"@type\":\"ReadAction\",\"target\":[\"https:\\\/\\\/www.webdo.tn\\\/fr\\\/actualite\\\/international\\\/attaque-au-couteau-en-allemagne-trois-morts-et-quatre-blesses\\\/215984\\\/\"]}]},{\"@type\":\"ImageObject\",\"inLanguage\":\"fr-FR\",\"@id\":\"https:\\\/\\\/www.webdo.tn\\\/fr\\\/actualite\\\/international\\\/attaque-au-couteau-en-allemagne-trois-morts-et-quatre-blesses\\\/215984\\\/#primaryimage\",\"url\":\"https:\\\/\\\/www.webdo.tn\\\/fr\\\/wp-content\\\/uploads\\\/2024\\\/08\\\/78ad914c0cc43791adb14875ca3fd992.webp\",\"contentUrl\":\"https:\\\/\\\/www.webdo.tn\\\/fr\\\/wp-content\\\/uploads\\\/2024\\\/08\\\/78ad914c0cc43791adb14875ca3fd992.webp\",\"width\":750,\"height\":400,\"caption\":\"Attaque au couteau en Allemagne : trois morts et quatre bless\u00e9s\"},{\"@type\":\"BreadcrumbList\",\"@id\":\"https:\\\/\\\/www.webdo.tn\\\/fr\\\/actualite\\\/international\\\/attaque-au-couteau-en-allemagne-trois-morts-et-quatre-blesses\\\/215984\\\/#breadcrumb\",\"itemListElement\":[{\"@type\":\"ListItem\",\"position\":1,\"name\":\"Accueil\",\"item\":\"https:\\\/\\\/www.webdo.tn\\\/fr\\\/\"},{\"@type\":\"ListItem\",\"position\":2,\"name\":\"Attaque au couteau en Allemagne : trois morts et quatre bless\u00e9s\"}]},{\"@type\":\"WebSite\",\"@id\":\"https:\\\/\\\/www.webdo.tn\\\/fr\\\/#website\",\"url\":\"https:\\\/\\\/www.webdo.tn\\\/fr\\\/\",\"name\":\"webdo\",\"description\":\"Tunisie - News en Tunisie et \u00e0 l&#039;international sur Webdo.tn\",\"publisher\":{\"@id\":\"https:\\\/\\\/www.webdo.tn\\\/fr\\\/#organization\"},\"potentialAction\":[{\"@type\":\"SearchAction\",\"target\":{\"@type\":\"EntryPoint\",\"urlTemplate\":\"https:\\\/\\\/www.webdo.tn\\\/fr\\\/?s={search_term_string}\"},\"query-input\":{\"@type\":\"PropertyValueSpecification\",\"valueRequired\":true,\"valueName\":\"search_term_string\"}}],\"inLanguage\":\"fr-FR\"},{\"@type\":\"Organization\",\"@id\":\"https:\\\/\\\/www.webdo.tn\\\/fr\\\/#organization\",\"name\":\"Webdo\",\"alternateName\":\"Webdo.tn\",\"url\":\"https:\\\/\\\/www.webdo.tn\\\/fr\\\/\",\"logo\":{\"@type\":\"ImageObject\",\"inLanguage\":\"fr-FR\",\"@id\":\"https:\\\/\\\/www.webdo.tn\\\/fr\\\/#\\\/schema\\\/logo\\\/image\\\/\",\"url\":\"https:\\\/\\\/www.webdo.tn\\\/fr\\\/wp-content\\\/uploads\\\/2025\\\/06\\\/Webdo-Tunisie_168377.jpg\",\"contentUrl\":\"https:\\\/\\\/www.webdo.tn\\\/fr\\\/wp-content\\\/uploads\\\/2025\\\/06\\\/Webdo-Tunisie_168377.jpg\",\"width\":301,\"height\":301,\"caption\":\"Webdo\"},\"image\":{\"@id\":\"https:\\\/\\\/www.webdo.tn\\\/fr\\\/#\\\/schema\\\/logo\\\/image\\\/\"},\"sameAs\":[\"https:\\\/\\\/www.facebook.com\\\/webdotn\",\"https:\\\/\\\/x.com\\\/webdo_tn\"],\"description\":\"Webdo est un m\u00e9dia num\u00e9rique tunisien fond\u00e9 en 2010, sp\u00e9cialis\u00e9 dans l\u2019actualit\u00e9 nationale et internationale, l\u2019\u00e9conomie, la soci\u00e9t\u00e9 et les analyses politiques. Le site s\u2019adresse \u00e0 un large public francophone et couvre l\u2019information tunisienne en temps r\u00e9el.\",\"email\":\"redac@webdo.tn\",\"legalName\":\"YNJ SARL\",\"foundingDate\":\"2010-09-06\",\"numberOfEmployees\":{\"@type\":\"QuantitativeValue\",\"minValue\":\"11\",\"maxValue\":\"50\"}},{\"@type\":\"Person\",\"@id\":\"https:\\\/\\\/www.webdo.tn\\\/fr\\\/#\\\/schema\\\/person\\\/2c4929cbf5a809e3bd38617c6ce150f6\",\"name\":\"MC\",\"image\":{\"@type\":\"ImageObject\",\"inLanguage\":\"fr-FR\",\"@id\":\"https:\\\/\\\/secure.gravatar.com\\\/avatar\\\/a545bbb6f84efdd5553dbbc2895e3ca8f1d12c5215e00a041c9670b54aa9b18a?s=96&d=mm&r=g\",\"url\":\"https:\\\/\\\/secure.gravatar.com\\\/avatar\\\/a545bbb6f84efdd5553dbbc2895e3ca8f1d12c5215e00a041c9670b54aa9b18a?s=96&d=mm&r=g\",\"contentUrl\":\"https:\\\/\\\/secure.gravatar.com\\\/avatar\\\/a545bbb6f84efdd5553dbbc2895e3ca8f1d12c5215e00a041c9670b54aa9b18a?s=96&d=mm&r=g\",\"caption\":\"MC\"},\"url\":\"https:\\\/\\\/www.webdo.tn\\\/fr\\\/actualite\\\/author\\\/mc\\\/\"}]}<\/script>\n<!-- \/ Yoast SEO Premium plugin. -->","yoast_head_json":{"title":"Attaque au couteau en Allemagne : trois morts et quatre bless\u00e9s","description":"Une attaque au couteau, a caus\u00e9 hier soir lors d\u2019un festival \u00e0 Solingen, dans l\u2019ouest de l\u2019Allemagne, trois morts et quatre bless\u00e9s graves, selon un premier bil...","canonical":"https:\/\/www.webdo.tn\/fr\/actualite\/international\/attaque-au-couteau-en-allemagne-trois-morts-et-quatre-blesses\/215984\/","og_locale":"fr_FR","og_type":"article","og_title":"Attaque au couteau en Allemagne : trois morts et quatre bless\u00e9s","og_description":"Une attaque au couteau, a caus\u00e9 hier soir lors d\u2019un festival \u00e0 Solingen, dans l\u2019ouest de l\u2019Allemagne, trois morts et quatre bless\u00e9s graves, selon un premier bil...","og_url":"https:\/\/www.webdo.tn\/fr\/actualite\/international\/attaque-au-couteau-en-allemagne-trois-morts-et-quatre-blesses\/215984\/","og_site_name":"webdo","article_publisher":"https:\/\/www.facebook.com\/webdotn","article_published_time":"2024-08-24T10:32:00+00:00","article_modified_time":"2025-05-20T22:13:54+00:00","og_image":[{"width":750,"height":400,"url":"https:\/\/www.webdo.tn\/fr\/wp-content\/uploads\/2024\/08\/78ad914c0cc43791adb14875ca3fd992.webp","type":"image\/webp"}],"author":"MC","twitter_card":"summary_large_image","twitter_creator":"@webdo_tn","twitter_site":"@webdo_tn","twitter_misc":{"\u00c9crit par":"MC","Dur\u00e9e de lecture estim\u00e9e":"1 minute"},"schema":{"@context":"https:\/\/schema.org","@graph":[{"@type":"NewsArticle","@id":"https:\/\/www.webdo.tn\/fr\/actualite\/international\/attaque-au-couteau-en-allemagne-trois-morts-et-quatre-blesses\/215984\/#article","isPartOf":{"@id":"https:\/\/www.webdo.tn\/fr\/actualite\/international\/attaque-au-couteau-en-allemagne-trois-morts-et-quatre-blesses\/215984\/"},"author":{"name":"MC","@id":"https:\/\/www.webdo.tn\/fr\/#\/schema\/person\/2c4929cbf5a809e3bd38617c6ce150f6"},"headline":"Attaque au couteau en Allemagne : trois morts et quatre bless\u00e9s","datePublished":"2024-08-24T10:32:00+00:00","dateModified":"2025-05-20T22:13:54+00:00","mainEntityOfPage":{"@id":"https:\/\/www.webdo.tn\/fr\/actualite\/international\/attaque-au-couteau-en-allemagne-trois-morts-et-quatre-blesses\/215984\/"},"wordCount":154,"commentCount":0,"publisher":{"@id":"https:\/\/www.webdo.tn\/fr\/#organization"},"image":{"@id":"https:\/\/www.webdo.tn\/fr\/actualite\/international\/attaque-au-couteau-en-allemagne-trois-morts-et-quatre-blesses\/215984\/#primaryimage"},"thumbnailUrl":"https:\/\/www.webdo.tn\/fr\/wp-content\/uploads\/2024\/08\/78ad914c0cc43791adb14875ca3fd992.webp","keywords":["Allemagne","attaque","couteau"],"articleSection":["International"],"inLanguage":"fr-FR"},{"@type":"WebPage","@id":"https:\/\/www.webdo.tn\/fr\/actualite\/international\/attaque-au-couteau-en-allemagne-trois-morts-et-quatre-blesses\/215984\/","url":"https:\/\/www.webdo.tn\/fr\/actualite\/international\/attaque-au-couteau-en-allemagne-trois-morts-et-quatre-blesses\/215984\/","name":"Attaque au couteau en Allemagne : trois morts et quatre bless\u00e9s","isPartOf":{"@id":"https:\/\/www.webdo.tn\/fr\/#website"},"primaryImageOfPage":{"@id":"https:\/\/www.webdo.tn\/fr\/actualite\/international\/attaque-au-couteau-en-allemagne-trois-morts-et-quatre-blesses\/215984\/#primaryimage"},"image":{"@id":"https:\/\/www.webdo.tn\/fr\/actualite\/international\/attaque-au-couteau-en-allemagne-trois-morts-et-quatre-blesses\/215984\/#primaryimage"},"thumbnailUrl":"https:\/\/www.webdo.tn\/fr\/wp-content\/uploads\/2024\/08\/78ad914c0cc43791adb14875ca3fd992.webp","datePublished":"2024-08-24T10:32:00+00:00","dateModified":"2025-05-20T22:13:54+00:00","description":"Une attaque au couteau, a caus\u00e9 hier soir lors d\u2019un festival \u00e0 Solingen, dans l\u2019ouest de l\u2019Allemagne, trois morts et quatre bless\u00e9s graves, selon un premier bil...","breadcrumb":{"@id":"https:\/\/www.webdo.tn\/fr\/actualite\/international\/attaque-au-couteau-en-allemagne-trois-morts-et-quatre-blesses\/215984\/#breadcrumb"},"inLanguage":"fr-FR","potentialAction":[{"@type":"ReadAction","target":["https:\/\/www.webdo.tn\/fr\/actualite\/international\/attaque-au-couteau-en-allemagne-trois-morts-et-quatre-blesses\/215984\/"]}]},{"@type":"ImageObject","inLanguage":"fr-FR","@id":"https:\/\/www.webdo.tn\/fr\/actualite\/international\/attaque-au-couteau-en-allemagne-trois-morts-et-quatre-blesses\/215984\/#primaryimage","url":"https:\/\/www.webdo.tn\/fr\/wp-content\/uploads\/2024\/08\/78ad914c0cc43791adb14875ca3fd992.webp","contentUrl":"https:\/\/www.webdo.tn\/fr\/wp-content\/uploads\/2024\/08\/78ad914c0cc43791adb14875ca3fd992.webp","width":750,"height":400,"caption":"Attaque au couteau en Allemagne : trois morts et quatre bless\u00e9s"},{"@type":"BreadcrumbList","@id":"https:\/\/www.webdo.tn\/fr\/actualite\/international\/attaque-au-couteau-en-allemagne-trois-morts-et-quatre-blesses\/215984\/#breadcrumb","itemListElement":[{"@type":"ListItem","position":1,"name":"Accueil","item":"https:\/\/www.webdo.tn\/fr\/"},{"@type":"ListItem","position":2,"name":"Attaque au couteau en Allemagne : trois morts et quatre bless\u00e9s"}]},{"@type":"WebSite","@id":"https:\/\/www.webdo.tn\/fr\/#website","url":"https:\/\/www.webdo.tn\/fr\/","name":"webdo","description":"Tunisie - News en Tunisie et \u00e0 l&#039;international sur Webdo.tn","publisher":{"@id":"https:\/\/www.webdo.tn\/fr\/#organization"},"potentialAction":[{"@type":"SearchAction","target":{"@type":"EntryPoint","urlTemplate":"https:\/\/www.webdo.tn\/fr\/?s={search_term_string}"},"query-input":{"@type":"PropertyValueSpecification","valueRequired":true,"valueName":"search_term_string"}}],"inLanguage":"fr-FR"},{"@type":"Organization","@id":"https:\/\/www.webdo.tn\/fr\/#organization","name":"Webdo","alternateName":"Webdo.tn","url":"https:\/\/www.webdo.tn\/fr\/","logo":{"@type":"ImageObject","inLanguage":"fr-FR","@id":"https:\/\/www.webdo.tn\/fr\/#\/schema\/logo\/image\/","url":"https:\/\/www.webdo.tn\/fr\/wp-content\/uploads\/2025\/06\/Webdo-Tunisie_168377.jpg","contentUrl":"https:\/\/www.webdo.tn\/fr\/wp-content\/uploads\/2025\/06\/Webdo-Tunisie_168377.jpg","width":301,"height":301,"caption":"Webdo"},"image":{"@id":"https:\/\/www.webdo.tn\/fr\/#\/schema\/logo\/image\/"},"sameAs":["https:\/\/www.facebook.com\/webdotn","https:\/\/x.com\/webdo_tn"],"description":"Webdo est un m\u00e9dia num\u00e9rique tunisien fond\u00e9 en 2010, sp\u00e9cialis\u00e9 dans l\u2019actualit\u00e9 nationale et internationale, l\u2019\u00e9conomie, la soci\u00e9t\u00e9 et les analyses politiques. Le site s\u2019adresse \u00e0 un large public francophone et couvre l\u2019information tunisienne en temps r\u00e9el.","email":"redac@webdo.tn","legalName":"YNJ SARL","foundingDate":"2010-09-06","numberOfEmployees":{"@type":"QuantitativeValue","minValue":"11","maxValue":"50"}},{"@type":"Person","@id":"https:\/\/www.webdo.tn\/fr\/#\/schema\/person\/2c4929cbf5a809e3bd38617c6ce150f6","name":"MC","image":{"@type":"ImageObject","inLanguage":"fr-FR","@id":"https:\/\/secure.gravatar.com\/avatar\/a545bbb6f84efdd5553dbbc2895e3ca8f1d12c5215e00a041c9670b54aa9b18a?s=96&d=mm&r=g","url":"https:\/\/secure.gravatar.com\/avatar\/a545bbb6f84efdd5553dbbc2895e3ca8f1d12c5215e00a041c9670b54aa9b18a?s=96&d=mm&r=g","contentUrl":"https:\/\/secure.gravatar.com\/avatar\/a545bbb6f84efdd5553dbbc2895e3ca8f1d12c5215e00a041c9670b54aa9b18a?s=96&d=mm&r=g","caption":"MC"},"url":"https:\/\/www.webdo.tn\/fr\/actualite\/author\/mc\/"}]}},"_links":{"self":[{"href":"https:\/\/www.webdo.tn\/fr\/wp-json\/wp\/v2\/posts\/215984","targetHints":{"allow":["GET"]}}],"collection":[{"href":"https:\/\/www.webdo.tn\/fr\/wp-json\/wp\/v2\/posts"}],"about":[{"href":"https:\/\/www.webdo.tn\/fr\/wp-json\/wp\/v2\/types\/post"}],"author":[{"embeddable":true,"href":"https:\/\/www.webdo.tn\/fr\/wp-json\/wp\/v2\/users\/3162"}],"replies":[{"embeddable":true,"href":"https:\/\/www.webdo.tn\/fr\/wp-json\/wp\/v2\/comments?post=215984"}],"version-history":[{"count":0,"href":"https:\/\/www.webdo.tn\/fr\/wp-json\/wp\/v2\/posts\/215984\/revisions"}],"wp:featuredmedia":[{"embeddable":true,"href":"https:\/\/www.webdo.tn\/fr\/wp-json\/wp\/v2\/media\/290983"}],"wp:attachment":[{"href":"https:\/\/www.webdo.tn\/fr\/wp-json\/wp\/v2\/media?parent=215984"}],"wp:term":[{"taxonomy":"category","embeddable":true,"href":"https:\/\/www.webdo.tn\/fr\/wp-json\/wp\/v2\/categories?post=215984"},{"taxonomy":"post_tag","embeddable":true,"href":"https:\/\/www.webdo.tn\/fr\/wp-json\/wp\/v2\/tags?post=215984"}],"curies":[{"name":"wp","href":"https:\/\/api.w.org\/{rel}","templated":true}]}}