{"id":215962,"date":"2024-08-22T20:11:00","date_gmt":"2024-08-22T20:11:00","guid":{"rendered":"https:\/\/www.webdo.tn\/fr\/blog\/tunisie-la-reforme-du-code-du-travail-bientot-soumise-au-conseil-ministeriel\/215962\/"},"modified":"2025-05-20T22:34:52","modified_gmt":"2025-05-20T22:34:52","slug":"tunisie-la-reforme-du-code-du-travail-bientot-soumise-au-conseil-ministeriel","status":"publish","type":"post","link":"https:\/\/www.webdo.tn\/fr\/actualite\/national\/tunisie-la-reforme-du-code-du-travail-bientot-soumise-au-conseil-ministeriel\/215962\/","title":{"rendered":"Tunisie : La r\u00e9forme du code du travail bient\u00f4t soumise au Conseil minist\u00e9riel"},"content":{"rendered":"<p>Le Pr\u00e9sident de la R\u00e9publique, Ka\u00efs Sa\u00efed, a abord\u00e9, lors de la rencontre qu&rsquo;il a eu ce jeudi 22 ao\u00fbt 2024 au palais de Carthage avec Kamel Maddouri, Chef du gouvernement, un ensemble de projets de textes qui ont \u00e9t\u00e9 pr\u00e9par\u00e9s et qui seront soumis au Conseil des ministres pour d\u00e9lib\u00e9ration dans les plus brefs d\u00e9lais.\u00a0<\/p>\n<p>\t\t\t\t\t\t\t\t\tParmi ces textes, on cite notamment celui relatif \u00e0 l&rsquo;organisation des relations entre l&rsquo;Assembl\u00e9e des repr\u00e9sentants du peuple et le Conseil des r\u00e9gions et des districts, ainsi que le projet de r\u00e9vision du Code du travail visant \u00e0 mettre fin d\u00e9finitivement \u00e0 la sous-traitance et aux contrats \u00e0 dur\u00e9e d\u00e9termin\u00e9e. De plus, il a \u00e9t\u00e9 question de la r\u00e9gularisation de la situation des travailleurs des chantiers.<\/p>\n<p>Le Pr\u00e9sident a r\u00e9affirm\u00e9 que \u00ab la dignit\u00e9 de la nation est li\u00e9e \u00e0 celle de ses citoyens et citoyennes, et qu&rsquo;il est essentiel d&rsquo;aborder toutes ces situations avec des solutions qui ne se contentent pas de demi-mesures, mais qui rompent d\u00e9finitivement avec le lourd h\u00e9ritage accumul\u00e9 au fil des d\u00e9cennies \u00bb.\u00a0<\/p>\n<p>Il a \u00e9galement soulign\u00e9 que la dignit\u00e9 nationale n&rsquo;est pas qu&rsquo;un simple slogan, mais qu&rsquo;elle est intrins\u00e8quement li\u00e9e \u00e0 la souverainet\u00e9 de l&rsquo;\u00c9tat tunisien. \u00ab La Tunisie, tout comme elle refuse de s&rsquo;immiscer dans les affaires des autres, n&rsquo;accepte en aucun cas que quiconque interf\u00e8re dans ses affaires int\u00e9rieures \u00bb, a-t-il martel\u00e9.<\/p>\n","protected":false},"excerpt":{"rendered":"<p>Parmi ces textes, on cite notamment celui relatif \u00e0 l&rsquo;organisation des relations entre l&rsquo;Assembl\u00e9e des repr\u00e9sentants du peuple et le Conseil des r\u00e9gions et des&#8230;<\/p>\n","protected":false},"author":3175,"featured_media":246718,"comment_status":"open","ping_status":"closed","sticky":false,"template":"","format":"standard","meta":{"footnotes":""},"categories":[44],"tags":[2905,2614,2608],"class_list":["post-215962","post","type-post","status-publish","format-standard","has-post-thumbnail","hentry","category-national","tag-code-du-travail","tag-kais-saied","tag-tunisie"],"yoast_head":"<!-- This site is optimized with the Yoast SEO Premium plugin v27.5 (Yoast SEO v27.5) - https:\/\/yoast.com\/product\/yoast-seo-premium-wordpress\/ -->\n<title>Tunisie : La r\u00e9forme du code du travail bient\u00f4t soumise au Conseil minist\u00e9riel<\/title>\n<meta name=\"description\" content=\"Parmi ces textes, on cite notamment celui relatif \u00e0 l&#039;organisation des relations entre l&#039;Assembl\u00e9e des repr\u00e9sentants du peuple et le Conseil des r\u00e9gions et des...\" \/>\n<link rel=\"canonical\" href=\"https:\/\/www.webdo.tn\/fr\/actualite\/national\/tunisie-la-reforme-du-code-du-travail-bientot-soumise-au-conseil-ministeriel\/215962\/\" \/>\n<meta property=\"og:locale\" content=\"fr_FR\" \/>\n<meta property=\"og:type\" content=\"article\" \/>\n<meta property=\"og:title\" content=\"Tunisie : La r\u00e9forme du code du travail bient\u00f4t soumise au Conseil minist\u00e9riel\" \/>\n<meta property=\"og:description\" content=\"Parmi ces textes, on cite notamment celui relatif \u00e0 l&#039;organisation des relations entre l&#039;Assembl\u00e9e des repr\u00e9sentants du peuple et le Conseil des r\u00e9gions et des...\" \/>\n<meta property=\"og:url\" content=\"https:\/\/www.webdo.tn\/fr\/actualite\/national\/tunisie-la-reforme-du-code-du-travail-bientot-soumise-au-conseil-ministeriel\/215962\/\" \/>\n<meta property=\"og:site_name\" content=\"webdo\" \/>\n<meta property=\"article:publisher\" content=\"https:\/\/www.facebook.com\/webdotn\" \/>\n<meta property=\"article:published_time\" content=\"2024-08-22T20:11:00+00:00\" \/>\n<meta property=\"article:modified_time\" content=\"2025-05-20T22:34:52+00:00\" \/>\n<meta property=\"og:image\" content=\"https:\/\/www.webdo.tn\/fr\/wp-content\/uploads\/2024\/08\/4ba97816be706ec3009c74cbd098097d.webp\" \/>\n\t<meta property=\"og:image:width\" content=\"750\" \/>\n\t<meta property=\"og:image:height\" content=\"400\" \/>\n\t<meta property=\"og:image:type\" content=\"image\/webp\" \/>\n<meta name=\"author\" content=\"CL\" \/>\n<meta name=\"twitter:card\" content=\"summary_large_image\" \/>\n<meta name=\"twitter:creator\" content=\"@webdo_tn\" \/>\n<meta name=\"twitter:site\" content=\"@webdo_tn\" \/>\n<meta name=\"twitter:label1\" content=\"\u00c9crit par\" \/>\n\t<meta name=\"twitter:data1\" content=\"CL\" \/>\n\t<meta name=\"twitter:label2\" content=\"Dur\u00e9e de lecture estim\u00e9e\" \/>\n\t<meta name=\"twitter:data2\" content=\"1 minute\" \/>\n<script type=\"application\/ld+json\" class=\"yoast-schema-graph\">{\"@context\":\"https:\\\/\\\/schema.org\",\"@graph\":[{\"@type\":\"NewsArticle\",\"@id\":\"https:\\\/\\\/www.webdo.tn\\\/fr\\\/actualite\\\/national\\\/tunisie-la-reforme-du-code-du-travail-bientot-soumise-au-conseil-ministeriel\\\/215962\\\/#article\",\"isPartOf\":{\"@id\":\"https:\\\/\\\/www.webdo.tn\\\/fr\\\/actualite\\\/national\\\/tunisie-la-reforme-du-code-du-travail-bientot-soumise-au-conseil-ministeriel\\\/215962\\\/\"},\"author\":{\"name\":\"CL\",\"@id\":\"https:\\\/\\\/www.webdo.tn\\\/fr\\\/#\\\/schema\\\/person\\\/f35b42a42c5e2511bbd282959d6385cc\"},\"headline\":\"Tunisie : La r\u00e9forme du code du travail bient\u00f4t soumise au Conseil minist\u00e9riel\",\"datePublished\":\"2024-08-22T20:11:00+00:00\",\"dateModified\":\"2025-05-20T22:34:52+00:00\",\"mainEntityOfPage\":{\"@id\":\"https:\\\/\\\/www.webdo.tn\\\/fr\\\/actualite\\\/national\\\/tunisie-la-reforme-du-code-du-travail-bientot-soumise-au-conseil-ministeriel\\\/215962\\\/\"},\"wordCount\":269,\"commentCount\":0,\"publisher\":{\"@id\":\"https:\\\/\\\/www.webdo.tn\\\/fr\\\/#organization\"},\"image\":{\"@id\":\"https:\\\/\\\/www.webdo.tn\\\/fr\\\/actualite\\\/national\\\/tunisie-la-reforme-du-code-du-travail-bientot-soumise-au-conseil-ministeriel\\\/215962\\\/#primaryimage\"},\"thumbnailUrl\":\"https:\\\/\\\/www.webdo.tn\\\/fr\\\/wp-content\\\/uploads\\\/2024\\\/08\\\/4ba97816be706ec3009c74cbd098097d.webp\",\"keywords\":[\"Code du Travail\",\"Kais Saied\",\"Tunisie\"],\"articleSection\":[\"National\"],\"inLanguage\":\"fr-FR\"},{\"@type\":\"WebPage\",\"@id\":\"https:\\\/\\\/www.webdo.tn\\\/fr\\\/actualite\\\/national\\\/tunisie-la-reforme-du-code-du-travail-bientot-soumise-au-conseil-ministeriel\\\/215962\\\/\",\"url\":\"https:\\\/\\\/www.webdo.tn\\\/fr\\\/actualite\\\/national\\\/tunisie-la-reforme-du-code-du-travail-bientot-soumise-au-conseil-ministeriel\\\/215962\\\/\",\"name\":\"Tunisie : La r\u00e9forme du code du travail bient\u00f4t soumise au Conseil minist\u00e9riel\",\"isPartOf\":{\"@id\":\"https:\\\/\\\/www.webdo.tn\\\/fr\\\/#website\"},\"primaryImageOfPage\":{\"@id\":\"https:\\\/\\\/www.webdo.tn\\\/fr\\\/actualite\\\/national\\\/tunisie-la-reforme-du-code-du-travail-bientot-soumise-au-conseil-ministeriel\\\/215962\\\/#primaryimage\"},\"image\":{\"@id\":\"https:\\\/\\\/www.webdo.tn\\\/fr\\\/actualite\\\/national\\\/tunisie-la-reforme-du-code-du-travail-bientot-soumise-au-conseil-ministeriel\\\/215962\\\/#primaryimage\"},\"thumbnailUrl\":\"https:\\\/\\\/www.webdo.tn\\\/fr\\\/wp-content\\\/uploads\\\/2024\\\/08\\\/4ba97816be706ec3009c74cbd098097d.webp\",\"datePublished\":\"2024-08-22T20:11:00+00:00\",\"dateModified\":\"2025-05-20T22:34:52+00:00\",\"description\":\"Parmi ces textes, on cite notamment celui relatif \u00e0 l'organisation des relations entre l'Assembl\u00e9e des repr\u00e9sentants du peuple et le Conseil des r\u00e9gions et des...\",\"breadcrumb\":{\"@id\":\"https:\\\/\\\/www.webdo.tn\\\/fr\\\/actualite\\\/national\\\/tunisie-la-reforme-du-code-du-travail-bientot-soumise-au-conseil-ministeriel\\\/215962\\\/#breadcrumb\"},\"inLanguage\":\"fr-FR\",\"potentialAction\":[{\"@type\":\"ReadAction\",\"target\":[\"https:\\\/\\\/www.webdo.tn\\\/fr\\\/actualite\\\/national\\\/tunisie-la-reforme-du-code-du-travail-bientot-soumise-au-conseil-ministeriel\\\/215962\\\/\"]}]},{\"@type\":\"ImageObject\",\"inLanguage\":\"fr-FR\",\"@id\":\"https:\\\/\\\/www.webdo.tn\\\/fr\\\/actualite\\\/national\\\/tunisie-la-reforme-du-code-du-travail-bientot-soumise-au-conseil-ministeriel\\\/215962\\\/#primaryimage\",\"url\":\"https:\\\/\\\/www.webdo.tn\\\/fr\\\/wp-content\\\/uploads\\\/2024\\\/08\\\/4ba97816be706ec3009c74cbd098097d.webp\",\"contentUrl\":\"https:\\\/\\\/www.webdo.tn\\\/fr\\\/wp-content\\\/uploads\\\/2024\\\/08\\\/4ba97816be706ec3009c74cbd098097d.webp\",\"width\":750,\"height\":400,\"caption\":\"Tunisie : La r\u00e9forme du code du travail bient\u00f4t soumise au Conseil minist\u00e9riel\"},{\"@type\":\"BreadcrumbList\",\"@id\":\"https:\\\/\\\/www.webdo.tn\\\/fr\\\/actualite\\\/national\\\/tunisie-la-reforme-du-code-du-travail-bientot-soumise-au-conseil-ministeriel\\\/215962\\\/#breadcrumb\",\"itemListElement\":[{\"@type\":\"ListItem\",\"position\":1,\"name\":\"Accueil\",\"item\":\"https:\\\/\\\/www.webdo.tn\\\/fr\\\/\"},{\"@type\":\"ListItem\",\"position\":2,\"name\":\"Tunisie : La r\u00e9forme du code du travail bient\u00f4t soumise au Conseil minist\u00e9riel\"}]},{\"@type\":\"WebSite\",\"@id\":\"https:\\\/\\\/www.webdo.tn\\\/fr\\\/#website\",\"url\":\"https:\\\/\\\/www.webdo.tn\\\/fr\\\/\",\"name\":\"webdo\",\"description\":\"Tunisie - News en Tunisie et \u00e0 l&#039;international sur Webdo.tn\",\"publisher\":{\"@id\":\"https:\\\/\\\/www.webdo.tn\\\/fr\\\/#organization\"},\"potentialAction\":[{\"@type\":\"SearchAction\",\"target\":{\"@type\":\"EntryPoint\",\"urlTemplate\":\"https:\\\/\\\/www.webdo.tn\\\/fr\\\/?s={search_term_string}\"},\"query-input\":{\"@type\":\"PropertyValueSpecification\",\"valueRequired\":true,\"valueName\":\"search_term_string\"}}],\"inLanguage\":\"fr-FR\"},{\"@type\":\"Organization\",\"@id\":\"https:\\\/\\\/www.webdo.tn\\\/fr\\\/#organization\",\"name\":\"Webdo\",\"alternateName\":\"Webdo.tn\",\"url\":\"https:\\\/\\\/www.webdo.tn\\\/fr\\\/\",\"logo\":{\"@type\":\"ImageObject\",\"inLanguage\":\"fr-FR\",\"@id\":\"https:\\\/\\\/www.webdo.tn\\\/fr\\\/#\\\/schema\\\/logo\\\/image\\\/\",\"url\":\"https:\\\/\\\/www.webdo.tn\\\/fr\\\/wp-content\\\/uploads\\\/2025\\\/06\\\/Webdo-Tunisie_168377.jpg\",\"contentUrl\":\"https:\\\/\\\/www.webdo.tn\\\/fr\\\/wp-content\\\/uploads\\\/2025\\\/06\\\/Webdo-Tunisie_168377.jpg\",\"width\":301,\"height\":301,\"caption\":\"Webdo\"},\"image\":{\"@id\":\"https:\\\/\\\/www.webdo.tn\\\/fr\\\/#\\\/schema\\\/logo\\\/image\\\/\"},\"sameAs\":[\"https:\\\/\\\/www.facebook.com\\\/webdotn\",\"https:\\\/\\\/x.com\\\/webdo_tn\"],\"description\":\"Webdo est un m\u00e9dia num\u00e9rique tunisien fond\u00e9 en 2010, sp\u00e9cialis\u00e9 dans l\u2019actualit\u00e9 nationale et internationale, l\u2019\u00e9conomie, la soci\u00e9t\u00e9 et les analyses politiques. Le site s\u2019adresse \u00e0 un large public francophone et couvre l\u2019information tunisienne en temps r\u00e9el.\",\"email\":\"redac@webdo.tn\",\"legalName\":\"YNJ SARL\",\"foundingDate\":\"2010-09-06\",\"numberOfEmployees\":{\"@type\":\"QuantitativeValue\",\"minValue\":\"11\",\"maxValue\":\"50\"}},{\"@type\":\"Person\",\"@id\":\"https:\\\/\\\/www.webdo.tn\\\/fr\\\/#\\\/schema\\\/person\\\/f35b42a42c5e2511bbd282959d6385cc\",\"name\":\"CL\",\"image\":{\"@type\":\"ImageObject\",\"inLanguage\":\"fr-FR\",\"@id\":\"https:\\\/\\\/secure.gravatar.com\\\/avatar\\\/1447a49909b67aa657c488aec6512e1dd6143a480c1ecfee9b5b5cd74eb3b59e?s=96&d=mm&r=g\",\"url\":\"https:\\\/\\\/secure.gravatar.com\\\/avatar\\\/1447a49909b67aa657c488aec6512e1dd6143a480c1ecfee9b5b5cd74eb3b59e?s=96&d=mm&r=g\",\"contentUrl\":\"https:\\\/\\\/secure.gravatar.com\\\/avatar\\\/1447a49909b67aa657c488aec6512e1dd6143a480c1ecfee9b5b5cd74eb3b59e?s=96&d=mm&r=g\",\"caption\":\"CL\"},\"url\":\"https:\\\/\\\/www.webdo.tn\\\/fr\\\/actualite\\\/author\\\/cl\\\/\"}]}<\/script>\n<!-- \/ Yoast SEO Premium plugin. -->","yoast_head_json":{"title":"Tunisie : La r\u00e9forme du code du travail bient\u00f4t soumise au Conseil minist\u00e9riel","description":"Parmi ces textes, on cite notamment celui relatif \u00e0 l'organisation des relations entre l'Assembl\u00e9e des repr\u00e9sentants du peuple et le Conseil des r\u00e9gions et des...","canonical":"https:\/\/www.webdo.tn\/fr\/actualite\/national\/tunisie-la-reforme-du-code-du-travail-bientot-soumise-au-conseil-ministeriel\/215962\/","og_locale":"fr_FR","og_type":"article","og_title":"Tunisie : La r\u00e9forme du code du travail bient\u00f4t soumise au Conseil minist\u00e9riel","og_description":"Parmi ces textes, on cite notamment celui relatif \u00e0 l'organisation des relations entre l'Assembl\u00e9e des repr\u00e9sentants du peuple et le Conseil des r\u00e9gions et des...","og_url":"https:\/\/www.webdo.tn\/fr\/actualite\/national\/tunisie-la-reforme-du-code-du-travail-bientot-soumise-au-conseil-ministeriel\/215962\/","og_site_name":"webdo","article_publisher":"https:\/\/www.facebook.com\/webdotn","article_published_time":"2024-08-22T20:11:00+00:00","article_modified_time":"2025-05-20T22:34:52+00:00","og_image":[{"width":750,"height":400,"url":"https:\/\/www.webdo.tn\/fr\/wp-content\/uploads\/2024\/08\/4ba97816be706ec3009c74cbd098097d.webp","type":"image\/webp"}],"author":"CL","twitter_card":"summary_large_image","twitter_creator":"@webdo_tn","twitter_site":"@webdo_tn","twitter_misc":{"\u00c9crit par":"CL","Dur\u00e9e de lecture estim\u00e9e":"1 minute"},"schema":{"@context":"https:\/\/schema.org","@graph":[{"@type":"NewsArticle","@id":"https:\/\/www.webdo.tn\/fr\/actualite\/national\/tunisie-la-reforme-du-code-du-travail-bientot-soumise-au-conseil-ministeriel\/215962\/#article","isPartOf":{"@id":"https:\/\/www.webdo.tn\/fr\/actualite\/national\/tunisie-la-reforme-du-code-du-travail-bientot-soumise-au-conseil-ministeriel\/215962\/"},"author":{"name":"CL","@id":"https:\/\/www.webdo.tn\/fr\/#\/schema\/person\/f35b42a42c5e2511bbd282959d6385cc"},"headline":"Tunisie : La r\u00e9forme du code du travail bient\u00f4t soumise au Conseil minist\u00e9riel","datePublished":"2024-08-22T20:11:00+00:00","dateModified":"2025-05-20T22:34:52+00:00","mainEntityOfPage":{"@id":"https:\/\/www.webdo.tn\/fr\/actualite\/national\/tunisie-la-reforme-du-code-du-travail-bientot-soumise-au-conseil-ministeriel\/215962\/"},"wordCount":269,"commentCount":0,"publisher":{"@id":"https:\/\/www.webdo.tn\/fr\/#organization"},"image":{"@id":"https:\/\/www.webdo.tn\/fr\/actualite\/national\/tunisie-la-reforme-du-code-du-travail-bientot-soumise-au-conseil-ministeriel\/215962\/#primaryimage"},"thumbnailUrl":"https:\/\/www.webdo.tn\/fr\/wp-content\/uploads\/2024\/08\/4ba97816be706ec3009c74cbd098097d.webp","keywords":["Code du Travail","Kais Saied","Tunisie"],"articleSection":["National"],"inLanguage":"fr-FR"},{"@type":"WebPage","@id":"https:\/\/www.webdo.tn\/fr\/actualite\/national\/tunisie-la-reforme-du-code-du-travail-bientot-soumise-au-conseil-ministeriel\/215962\/","url":"https:\/\/www.webdo.tn\/fr\/actualite\/national\/tunisie-la-reforme-du-code-du-travail-bientot-soumise-au-conseil-ministeriel\/215962\/","name":"Tunisie : La r\u00e9forme du code du travail bient\u00f4t soumise au Conseil minist\u00e9riel","isPartOf":{"@id":"https:\/\/www.webdo.tn\/fr\/#website"},"primaryImageOfPage":{"@id":"https:\/\/www.webdo.tn\/fr\/actualite\/national\/tunisie-la-reforme-du-code-du-travail-bientot-soumise-au-conseil-ministeriel\/215962\/#primaryimage"},"image":{"@id":"https:\/\/www.webdo.tn\/fr\/actualite\/national\/tunisie-la-reforme-du-code-du-travail-bientot-soumise-au-conseil-ministeriel\/215962\/#primaryimage"},"thumbnailUrl":"https:\/\/www.webdo.tn\/fr\/wp-content\/uploads\/2024\/08\/4ba97816be706ec3009c74cbd098097d.webp","datePublished":"2024-08-22T20:11:00+00:00","dateModified":"2025-05-20T22:34:52+00:00","description":"Parmi ces textes, on cite notamment celui relatif \u00e0 l'organisation des relations entre l'Assembl\u00e9e des repr\u00e9sentants du peuple et le Conseil des r\u00e9gions et des...","breadcrumb":{"@id":"https:\/\/www.webdo.tn\/fr\/actualite\/national\/tunisie-la-reforme-du-code-du-travail-bientot-soumise-au-conseil-ministeriel\/215962\/#breadcrumb"},"inLanguage":"fr-FR","potentialAction":[{"@type":"ReadAction","target":["https:\/\/www.webdo.tn\/fr\/actualite\/national\/tunisie-la-reforme-du-code-du-travail-bientot-soumise-au-conseil-ministeriel\/215962\/"]}]},{"@type":"ImageObject","inLanguage":"fr-FR","@id":"https:\/\/www.webdo.tn\/fr\/actualite\/national\/tunisie-la-reforme-du-code-du-travail-bientot-soumise-au-conseil-ministeriel\/215962\/#primaryimage","url":"https:\/\/www.webdo.tn\/fr\/wp-content\/uploads\/2024\/08\/4ba97816be706ec3009c74cbd098097d.webp","contentUrl":"https:\/\/www.webdo.tn\/fr\/wp-content\/uploads\/2024\/08\/4ba97816be706ec3009c74cbd098097d.webp","width":750,"height":400,"caption":"Tunisie : La r\u00e9forme du code du travail bient\u00f4t soumise au Conseil minist\u00e9riel"},{"@type":"BreadcrumbList","@id":"https:\/\/www.webdo.tn\/fr\/actualite\/national\/tunisie-la-reforme-du-code-du-travail-bientot-soumise-au-conseil-ministeriel\/215962\/#breadcrumb","itemListElement":[{"@type":"ListItem","position":1,"name":"Accueil","item":"https:\/\/www.webdo.tn\/fr\/"},{"@type":"ListItem","position":2,"name":"Tunisie : La r\u00e9forme du code du travail bient\u00f4t soumise au Conseil minist\u00e9riel"}]},{"@type":"WebSite","@id":"https:\/\/www.webdo.tn\/fr\/#website","url":"https:\/\/www.webdo.tn\/fr\/","name":"webdo","description":"Tunisie - News en Tunisie et \u00e0 l&#039;international sur Webdo.tn","publisher":{"@id":"https:\/\/www.webdo.tn\/fr\/#organization"},"potentialAction":[{"@type":"SearchAction","target":{"@type":"EntryPoint","urlTemplate":"https:\/\/www.webdo.tn\/fr\/?s={search_term_string}"},"query-input":{"@type":"PropertyValueSpecification","valueRequired":true,"valueName":"search_term_string"}}],"inLanguage":"fr-FR"},{"@type":"Organization","@id":"https:\/\/www.webdo.tn\/fr\/#organization","name":"Webdo","alternateName":"Webdo.tn","url":"https:\/\/www.webdo.tn\/fr\/","logo":{"@type":"ImageObject","inLanguage":"fr-FR","@id":"https:\/\/www.webdo.tn\/fr\/#\/schema\/logo\/image\/","url":"https:\/\/www.webdo.tn\/fr\/wp-content\/uploads\/2025\/06\/Webdo-Tunisie_168377.jpg","contentUrl":"https:\/\/www.webdo.tn\/fr\/wp-content\/uploads\/2025\/06\/Webdo-Tunisie_168377.jpg","width":301,"height":301,"caption":"Webdo"},"image":{"@id":"https:\/\/www.webdo.tn\/fr\/#\/schema\/logo\/image\/"},"sameAs":["https:\/\/www.facebook.com\/webdotn","https:\/\/x.com\/webdo_tn"],"description":"Webdo est un m\u00e9dia num\u00e9rique tunisien fond\u00e9 en 2010, sp\u00e9cialis\u00e9 dans l\u2019actualit\u00e9 nationale et internationale, l\u2019\u00e9conomie, la soci\u00e9t\u00e9 et les analyses politiques. Le site s\u2019adresse \u00e0 un large public francophone et couvre l\u2019information tunisienne en temps r\u00e9el.","email":"redac@webdo.tn","legalName":"YNJ SARL","foundingDate":"2010-09-06","numberOfEmployees":{"@type":"QuantitativeValue","minValue":"11","maxValue":"50"}},{"@type":"Person","@id":"https:\/\/www.webdo.tn\/fr\/#\/schema\/person\/f35b42a42c5e2511bbd282959d6385cc","name":"CL","image":{"@type":"ImageObject","inLanguage":"fr-FR","@id":"https:\/\/secure.gravatar.com\/avatar\/1447a49909b67aa657c488aec6512e1dd6143a480c1ecfee9b5b5cd74eb3b59e?s=96&d=mm&r=g","url":"https:\/\/secure.gravatar.com\/avatar\/1447a49909b67aa657c488aec6512e1dd6143a480c1ecfee9b5b5cd74eb3b59e?s=96&d=mm&r=g","contentUrl":"https:\/\/secure.gravatar.com\/avatar\/1447a49909b67aa657c488aec6512e1dd6143a480c1ecfee9b5b5cd74eb3b59e?s=96&d=mm&r=g","caption":"CL"},"url":"https:\/\/www.webdo.tn\/fr\/actualite\/author\/cl\/"}]}},"_links":{"self":[{"href":"https:\/\/www.webdo.tn\/fr\/wp-json\/wp\/v2\/posts\/215962","targetHints":{"allow":["GET"]}}],"collection":[{"href":"https:\/\/www.webdo.tn\/fr\/wp-json\/wp\/v2\/posts"}],"about":[{"href":"https:\/\/www.webdo.tn\/fr\/wp-json\/wp\/v2\/types\/post"}],"author":[{"embeddable":true,"href":"https:\/\/www.webdo.tn\/fr\/wp-json\/wp\/v2\/users\/3175"}],"replies":[{"embeddable":true,"href":"https:\/\/www.webdo.tn\/fr\/wp-json\/wp\/v2\/comments?post=215962"}],"version-history":[{"count":0,"href":"https:\/\/www.webdo.tn\/fr\/wp-json\/wp\/v2\/posts\/215962\/revisions"}],"wp:featuredmedia":[{"embeddable":true,"href":"https:\/\/www.webdo.tn\/fr\/wp-json\/wp\/v2\/media\/246718"}],"wp:attachment":[{"href":"https:\/\/www.webdo.tn\/fr\/wp-json\/wp\/v2\/media?parent=215962"}],"wp:term":[{"taxonomy":"category","embeddable":true,"href":"https:\/\/www.webdo.tn\/fr\/wp-json\/wp\/v2\/categories?post=215962"},{"taxonomy":"post_tag","embeddable":true,"href":"https:\/\/www.webdo.tn\/fr\/wp-json\/wp\/v2\/tags?post=215962"}],"curies":[{"name":"wp","href":"https:\/\/api.w.org\/{rel}","templated":true}]}}