{"id":215960,"date":"2024-08-22T18:48:00","date_gmt":"2024-08-22T18:48:00","guid":{"rendered":"https:\/\/www.webdo.tn\/fr\/blog\/apres-son-sacre-cette-championne-olympique-choisit-djerba-pour-ses-vacances\/215960\/"},"modified":"2025-05-20T22:34:51","modified_gmt":"2025-05-20T22:34:51","slug":"apres-son-sacre-cette-championne-olympique-choisit-djerba-pour-ses-vacances","status":"publish","type":"post","link":"https:\/\/www.webdo.tn\/fr\/actualite\/divers\/apres-son-sacre-cette-championne-olympique-choisit-djerba-pour-ses-vacances\/215960\/","title":{"rendered":"Apr\u00e8s son sacre, cette championne olympique choisit Djerba pour ses vacances"},"content":{"rendered":"<p>Kaylia Nemour, jeune prodige alg\u00e9rienne de la gymnastique et fra\u00eechement couronn\u00e9e championne olympique, a choisi la Tunisie pour ses premi\u00e8res vacances post-comp\u00e9tition.\u00a0<\/p>\n<p>Apr\u00e8s avoir conquis les sommets du sport mondial, c&rsquo;est sur l&rsquo;\u00eele ensoleill\u00e9e de Djerba que la jeune athl\u00e8te a d\u00e9cid\u00e9 de se ressourcer.<\/p>\n<p>\u00c0 son arriv\u00e9e, Kaylia a \u00e9t\u00e9 agr\u00e9ablement surprise par l&rsquo;accueil qui lui a \u00e9t\u00e9 r\u00e9serv\u00e9 \u00e0 son h\u00f4tel. Entre le sourire du personnel, les attentions particuli\u00e8res et les surprises pr\u00e9par\u00e9es en son honneur, la gymnaste a imm\u00e9diatement ressenti la chaleur humaine qui fait la renomm\u00e9e de la Tunisie.<\/p>\n<p>\u00ab Je ne m&rsquo;attendais pas \u00e0 une telle r\u00e9ception, \u00bb a-t-elle confi\u00e9 sur les r\u00e9seaux sociaux.\u00a0<\/p>\n<p>Kayla devra\u00a0profiter de son s\u00e9jour pour explorer les richesses de Djerba, entre plages paradisiaques, visites culturelles, et sp\u00e9cialit\u00e9s culinaires locales.<br \/>\n\u00a0La championne a \u00e9galement salu\u00e9 l&rsquo;excellence des infrastructures touristiques, qui ont contribu\u00e9 \u00e0 rendre son s\u00e9jour aussi confortable.<\/p>\n","protected":false},"excerpt":{"rendered":"<p>Kayla Nemour, a choisi la Tunisie pour ses premi\u00e8res vacances post-comp\u00e9tition.\u00a0 \u00ab Je ne m&rsquo;attendais pas \u00e0 une telle r\u00e9ception, \u00bb<\/p>\n","protected":false},"author":3175,"featured_media":246715,"comment_status":"open","ping_status":"closed","sticky":false,"template":"","format":"standard","meta":{"footnotes":""},"categories":[2839],"tags":[5861,3696,2608,5860],"class_list":["post-215960","post","type-post","status-publish","format-standard","has-post-thumbnail","hentry","category-divers","tag-championne-olympique","tag-djerba","tag-tunisie","tag-vacances"],"yoast_head":"<!-- This site is optimized with the Yoast SEO Premium plugin v27.5 (Yoast SEO v27.5) - https:\/\/yoast.com\/product\/yoast-seo-premium-wordpress\/ -->\n<title>Apr\u00e8s son sacre, cette championne olympique choisit Djerba pour ses vacances<\/title>\n<meta name=\"description\" content=\"Kayla Nemour, a choisi la Tunisie pour ses premi\u00e8res vacances post-comp\u00e9tition.\u00a0 \u00ab Je ne m&#039;attendais pas \u00e0 une telle r\u00e9ception, \u00bb\" \/>\n<link rel=\"canonical\" href=\"https:\/\/www.webdo.tn\/fr\/actualite\/divers\/apres-son-sacre-cette-championne-olympique-choisit-djerba-pour-ses-vacances\/215960\/\" \/>\n<meta property=\"og:locale\" content=\"fr_FR\" \/>\n<meta property=\"og:type\" content=\"article\" \/>\n<meta property=\"og:title\" content=\"Apr\u00e8s son sacre, cette championne olympique choisit Djerba pour ses vacances\" \/>\n<meta property=\"og:description\" content=\"Kayla Nemour, a choisi la Tunisie pour ses premi\u00e8res vacances post-comp\u00e9tition.\u00a0 \u00ab Je ne m&#039;attendais pas \u00e0 une telle r\u00e9ception, \u00bb\" \/>\n<meta property=\"og:url\" content=\"https:\/\/www.webdo.tn\/fr\/actualite\/divers\/apres-son-sacre-cette-championne-olympique-choisit-djerba-pour-ses-vacances\/215960\/\" \/>\n<meta property=\"og:site_name\" content=\"webdo\" \/>\n<meta property=\"article:publisher\" content=\"https:\/\/www.facebook.com\/webdotn\" \/>\n<meta property=\"article:published_time\" content=\"2024-08-22T18:48:00+00:00\" \/>\n<meta property=\"article:modified_time\" content=\"2025-05-20T22:34:51+00:00\" \/>\n<meta property=\"og:image\" content=\"https:\/\/www.webdo.tn\/fr\/wp-content\/uploads\/2024\/08\/cce608665660b2ecf303ef0f6c064b33.webp\" \/>\n\t<meta property=\"og:image:width\" content=\"750\" \/>\n\t<meta property=\"og:image:height\" content=\"400\" \/>\n\t<meta property=\"og:image:type\" content=\"image\/webp\" \/>\n<meta name=\"author\" content=\"CL\" \/>\n<meta name=\"twitter:card\" content=\"summary_large_image\" \/>\n<meta name=\"twitter:creator\" content=\"@webdo_tn\" \/>\n<meta name=\"twitter:site\" content=\"@webdo_tn\" \/>\n<meta name=\"twitter:label1\" content=\"\u00c9crit par\" \/>\n\t<meta name=\"twitter:data1\" content=\"CL\" \/>\n\t<meta name=\"twitter:label2\" content=\"Dur\u00e9e de lecture estim\u00e9e\" \/>\n\t<meta name=\"twitter:data2\" content=\"1 minute\" \/>\n<script type=\"application\/ld+json\" class=\"yoast-schema-graph\">{\"@context\":\"https:\\\/\\\/schema.org\",\"@graph\":[{\"@type\":\"NewsArticle\",\"@id\":\"https:\\\/\\\/www.webdo.tn\\\/fr\\\/actualite\\\/divers\\\/apres-son-sacre-cette-championne-olympique-choisit-djerba-pour-ses-vacances\\\/215960\\\/#article\",\"isPartOf\":{\"@id\":\"https:\\\/\\\/www.webdo.tn\\\/fr\\\/actualite\\\/divers\\\/apres-son-sacre-cette-championne-olympique-choisit-djerba-pour-ses-vacances\\\/215960\\\/\"},\"author\":{\"name\":\"CL\",\"@id\":\"https:\\\/\\\/www.webdo.tn\\\/fr\\\/#\\\/schema\\\/person\\\/f35b42a42c5e2511bbd282959d6385cc\"},\"headline\":\"Apr\u00e8s son sacre, cette championne olympique choisit Djerba pour ses vacances\",\"datePublished\":\"2024-08-22T18:48:00+00:00\",\"dateModified\":\"2025-05-20T22:34:51+00:00\",\"mainEntityOfPage\":{\"@id\":\"https:\\\/\\\/www.webdo.tn\\\/fr\\\/actualite\\\/divers\\\/apres-son-sacre-cette-championne-olympique-choisit-djerba-pour-ses-vacances\\\/215960\\\/\"},\"wordCount\":183,\"commentCount\":0,\"publisher\":{\"@id\":\"https:\\\/\\\/www.webdo.tn\\\/fr\\\/#organization\"},\"image\":{\"@id\":\"https:\\\/\\\/www.webdo.tn\\\/fr\\\/actualite\\\/divers\\\/apres-son-sacre-cette-championne-olympique-choisit-djerba-pour-ses-vacances\\\/215960\\\/#primaryimage\"},\"thumbnailUrl\":\"https:\\\/\\\/www.webdo.tn\\\/fr\\\/wp-content\\\/uploads\\\/2024\\\/08\\\/cce608665660b2ecf303ef0f6c064b33.webp\",\"keywords\":[\"Championne olympique\",\"djerba\",\"Tunisie\",\"vacances\"],\"articleSection\":[\"Divers\"],\"inLanguage\":\"fr-FR\"},{\"@type\":\"WebPage\",\"@id\":\"https:\\\/\\\/www.webdo.tn\\\/fr\\\/actualite\\\/divers\\\/apres-son-sacre-cette-championne-olympique-choisit-djerba-pour-ses-vacances\\\/215960\\\/\",\"url\":\"https:\\\/\\\/www.webdo.tn\\\/fr\\\/actualite\\\/divers\\\/apres-son-sacre-cette-championne-olympique-choisit-djerba-pour-ses-vacances\\\/215960\\\/\",\"name\":\"Apr\u00e8s son sacre, cette championne olympique choisit Djerba pour ses vacances\",\"isPartOf\":{\"@id\":\"https:\\\/\\\/www.webdo.tn\\\/fr\\\/#website\"},\"primaryImageOfPage\":{\"@id\":\"https:\\\/\\\/www.webdo.tn\\\/fr\\\/actualite\\\/divers\\\/apres-son-sacre-cette-championne-olympique-choisit-djerba-pour-ses-vacances\\\/215960\\\/#primaryimage\"},\"image\":{\"@id\":\"https:\\\/\\\/www.webdo.tn\\\/fr\\\/actualite\\\/divers\\\/apres-son-sacre-cette-championne-olympique-choisit-djerba-pour-ses-vacances\\\/215960\\\/#primaryimage\"},\"thumbnailUrl\":\"https:\\\/\\\/www.webdo.tn\\\/fr\\\/wp-content\\\/uploads\\\/2024\\\/08\\\/cce608665660b2ecf303ef0f6c064b33.webp\",\"datePublished\":\"2024-08-22T18:48:00+00:00\",\"dateModified\":\"2025-05-20T22:34:51+00:00\",\"description\":\"Kayla Nemour, a choisi la Tunisie pour ses premi\u00e8res vacances post-comp\u00e9tition.\u00a0 \u00ab Je ne m'attendais pas \u00e0 une telle r\u00e9ception, \u00bb\",\"breadcrumb\":{\"@id\":\"https:\\\/\\\/www.webdo.tn\\\/fr\\\/actualite\\\/divers\\\/apres-son-sacre-cette-championne-olympique-choisit-djerba-pour-ses-vacances\\\/215960\\\/#breadcrumb\"},\"inLanguage\":\"fr-FR\",\"potentialAction\":[{\"@type\":\"ReadAction\",\"target\":[\"https:\\\/\\\/www.webdo.tn\\\/fr\\\/actualite\\\/divers\\\/apres-son-sacre-cette-championne-olympique-choisit-djerba-pour-ses-vacances\\\/215960\\\/\"]}]},{\"@type\":\"ImageObject\",\"inLanguage\":\"fr-FR\",\"@id\":\"https:\\\/\\\/www.webdo.tn\\\/fr\\\/actualite\\\/divers\\\/apres-son-sacre-cette-championne-olympique-choisit-djerba-pour-ses-vacances\\\/215960\\\/#primaryimage\",\"url\":\"https:\\\/\\\/www.webdo.tn\\\/fr\\\/wp-content\\\/uploads\\\/2024\\\/08\\\/cce608665660b2ecf303ef0f6c064b33.webp\",\"contentUrl\":\"https:\\\/\\\/www.webdo.tn\\\/fr\\\/wp-content\\\/uploads\\\/2024\\\/08\\\/cce608665660b2ecf303ef0f6c064b33.webp\",\"width\":750,\"height\":400,\"caption\":\"Apr\u00e8s son sacre, cette championne olympique choisit Djerba pour ses vacances\"},{\"@type\":\"BreadcrumbList\",\"@id\":\"https:\\\/\\\/www.webdo.tn\\\/fr\\\/actualite\\\/divers\\\/apres-son-sacre-cette-championne-olympique-choisit-djerba-pour-ses-vacances\\\/215960\\\/#breadcrumb\",\"itemListElement\":[{\"@type\":\"ListItem\",\"position\":1,\"name\":\"Accueil\",\"item\":\"https:\\\/\\\/www.webdo.tn\\\/fr\\\/\"},{\"@type\":\"ListItem\",\"position\":2,\"name\":\"Apr\u00e8s son sacre, cette championne olympique choisit Djerba pour ses vacances\"}]},{\"@type\":\"WebSite\",\"@id\":\"https:\\\/\\\/www.webdo.tn\\\/fr\\\/#website\",\"url\":\"https:\\\/\\\/www.webdo.tn\\\/fr\\\/\",\"name\":\"webdo\",\"description\":\"Tunisie - News en Tunisie et \u00e0 l&#039;international sur Webdo.tn\",\"publisher\":{\"@id\":\"https:\\\/\\\/www.webdo.tn\\\/fr\\\/#organization\"},\"potentialAction\":[{\"@type\":\"SearchAction\",\"target\":{\"@type\":\"EntryPoint\",\"urlTemplate\":\"https:\\\/\\\/www.webdo.tn\\\/fr\\\/?s={search_term_string}\"},\"query-input\":{\"@type\":\"PropertyValueSpecification\",\"valueRequired\":true,\"valueName\":\"search_term_string\"}}],\"inLanguage\":\"fr-FR\"},{\"@type\":\"Organization\",\"@id\":\"https:\\\/\\\/www.webdo.tn\\\/fr\\\/#organization\",\"name\":\"Webdo\",\"alternateName\":\"Webdo.tn\",\"url\":\"https:\\\/\\\/www.webdo.tn\\\/fr\\\/\",\"logo\":{\"@type\":\"ImageObject\",\"inLanguage\":\"fr-FR\",\"@id\":\"https:\\\/\\\/www.webdo.tn\\\/fr\\\/#\\\/schema\\\/logo\\\/image\\\/\",\"url\":\"https:\\\/\\\/www.webdo.tn\\\/fr\\\/wp-content\\\/uploads\\\/2025\\\/06\\\/Webdo-Tunisie_168377.jpg\",\"contentUrl\":\"https:\\\/\\\/www.webdo.tn\\\/fr\\\/wp-content\\\/uploads\\\/2025\\\/06\\\/Webdo-Tunisie_168377.jpg\",\"width\":301,\"height\":301,\"caption\":\"Webdo\"},\"image\":{\"@id\":\"https:\\\/\\\/www.webdo.tn\\\/fr\\\/#\\\/schema\\\/logo\\\/image\\\/\"},\"sameAs\":[\"https:\\\/\\\/www.facebook.com\\\/webdotn\",\"https:\\\/\\\/x.com\\\/webdo_tn\"],\"description\":\"Webdo est un m\u00e9dia num\u00e9rique tunisien fond\u00e9 en 2010, sp\u00e9cialis\u00e9 dans l\u2019actualit\u00e9 nationale et internationale, l\u2019\u00e9conomie, la soci\u00e9t\u00e9 et les analyses politiques. Le site s\u2019adresse \u00e0 un large public francophone et couvre l\u2019information tunisienne en temps r\u00e9el.\",\"email\":\"redac@webdo.tn\",\"legalName\":\"YNJ SARL\",\"foundingDate\":\"2010-09-06\",\"numberOfEmployees\":{\"@type\":\"QuantitativeValue\",\"minValue\":\"11\",\"maxValue\":\"50\"}},{\"@type\":\"Person\",\"@id\":\"https:\\\/\\\/www.webdo.tn\\\/fr\\\/#\\\/schema\\\/person\\\/f35b42a42c5e2511bbd282959d6385cc\",\"name\":\"CL\",\"image\":{\"@type\":\"ImageObject\",\"inLanguage\":\"fr-FR\",\"@id\":\"https:\\\/\\\/secure.gravatar.com\\\/avatar\\\/1447a49909b67aa657c488aec6512e1dd6143a480c1ecfee9b5b5cd74eb3b59e?s=96&d=mm&r=g\",\"url\":\"https:\\\/\\\/secure.gravatar.com\\\/avatar\\\/1447a49909b67aa657c488aec6512e1dd6143a480c1ecfee9b5b5cd74eb3b59e?s=96&d=mm&r=g\",\"contentUrl\":\"https:\\\/\\\/secure.gravatar.com\\\/avatar\\\/1447a49909b67aa657c488aec6512e1dd6143a480c1ecfee9b5b5cd74eb3b59e?s=96&d=mm&r=g\",\"caption\":\"CL\"},\"url\":\"https:\\\/\\\/www.webdo.tn\\\/fr\\\/actualite\\\/author\\\/cl\\\/\"}]}<\/script>\n<!-- \/ Yoast SEO Premium plugin. -->","yoast_head_json":{"title":"Apr\u00e8s son sacre, cette championne olympique choisit Djerba pour ses vacances","description":"Kayla Nemour, a choisi la Tunisie pour ses premi\u00e8res vacances post-comp\u00e9tition.\u00a0 \u00ab Je ne m'attendais pas \u00e0 une telle r\u00e9ception, \u00bb","canonical":"https:\/\/www.webdo.tn\/fr\/actualite\/divers\/apres-son-sacre-cette-championne-olympique-choisit-djerba-pour-ses-vacances\/215960\/","og_locale":"fr_FR","og_type":"article","og_title":"Apr\u00e8s son sacre, cette championne olympique choisit Djerba pour ses vacances","og_description":"Kayla Nemour, a choisi la Tunisie pour ses premi\u00e8res vacances post-comp\u00e9tition.\u00a0 \u00ab Je ne m'attendais pas \u00e0 une telle r\u00e9ception, \u00bb","og_url":"https:\/\/www.webdo.tn\/fr\/actualite\/divers\/apres-son-sacre-cette-championne-olympique-choisit-djerba-pour-ses-vacances\/215960\/","og_site_name":"webdo","article_publisher":"https:\/\/www.facebook.com\/webdotn","article_published_time":"2024-08-22T18:48:00+00:00","article_modified_time":"2025-05-20T22:34:51+00:00","og_image":[{"width":750,"height":400,"url":"https:\/\/www.webdo.tn\/fr\/wp-content\/uploads\/2024\/08\/cce608665660b2ecf303ef0f6c064b33.webp","type":"image\/webp"}],"author":"CL","twitter_card":"summary_large_image","twitter_creator":"@webdo_tn","twitter_site":"@webdo_tn","twitter_misc":{"\u00c9crit par":"CL","Dur\u00e9e de lecture estim\u00e9e":"1 minute"},"schema":{"@context":"https:\/\/schema.org","@graph":[{"@type":"NewsArticle","@id":"https:\/\/www.webdo.tn\/fr\/actualite\/divers\/apres-son-sacre-cette-championne-olympique-choisit-djerba-pour-ses-vacances\/215960\/#article","isPartOf":{"@id":"https:\/\/www.webdo.tn\/fr\/actualite\/divers\/apres-son-sacre-cette-championne-olympique-choisit-djerba-pour-ses-vacances\/215960\/"},"author":{"name":"CL","@id":"https:\/\/www.webdo.tn\/fr\/#\/schema\/person\/f35b42a42c5e2511bbd282959d6385cc"},"headline":"Apr\u00e8s son sacre, cette championne olympique choisit Djerba pour ses vacances","datePublished":"2024-08-22T18:48:00+00:00","dateModified":"2025-05-20T22:34:51+00:00","mainEntityOfPage":{"@id":"https:\/\/www.webdo.tn\/fr\/actualite\/divers\/apres-son-sacre-cette-championne-olympique-choisit-djerba-pour-ses-vacances\/215960\/"},"wordCount":183,"commentCount":0,"publisher":{"@id":"https:\/\/www.webdo.tn\/fr\/#organization"},"image":{"@id":"https:\/\/www.webdo.tn\/fr\/actualite\/divers\/apres-son-sacre-cette-championne-olympique-choisit-djerba-pour-ses-vacances\/215960\/#primaryimage"},"thumbnailUrl":"https:\/\/www.webdo.tn\/fr\/wp-content\/uploads\/2024\/08\/cce608665660b2ecf303ef0f6c064b33.webp","keywords":["Championne olympique","djerba","Tunisie","vacances"],"articleSection":["Divers"],"inLanguage":"fr-FR"},{"@type":"WebPage","@id":"https:\/\/www.webdo.tn\/fr\/actualite\/divers\/apres-son-sacre-cette-championne-olympique-choisit-djerba-pour-ses-vacances\/215960\/","url":"https:\/\/www.webdo.tn\/fr\/actualite\/divers\/apres-son-sacre-cette-championne-olympique-choisit-djerba-pour-ses-vacances\/215960\/","name":"Apr\u00e8s son sacre, cette championne olympique choisit Djerba pour ses vacances","isPartOf":{"@id":"https:\/\/www.webdo.tn\/fr\/#website"},"primaryImageOfPage":{"@id":"https:\/\/www.webdo.tn\/fr\/actualite\/divers\/apres-son-sacre-cette-championne-olympique-choisit-djerba-pour-ses-vacances\/215960\/#primaryimage"},"image":{"@id":"https:\/\/www.webdo.tn\/fr\/actualite\/divers\/apres-son-sacre-cette-championne-olympique-choisit-djerba-pour-ses-vacances\/215960\/#primaryimage"},"thumbnailUrl":"https:\/\/www.webdo.tn\/fr\/wp-content\/uploads\/2024\/08\/cce608665660b2ecf303ef0f6c064b33.webp","datePublished":"2024-08-22T18:48:00+00:00","dateModified":"2025-05-20T22:34:51+00:00","description":"Kayla Nemour, a choisi la Tunisie pour ses premi\u00e8res vacances post-comp\u00e9tition.\u00a0 \u00ab Je ne m'attendais pas \u00e0 une telle r\u00e9ception, \u00bb","breadcrumb":{"@id":"https:\/\/www.webdo.tn\/fr\/actualite\/divers\/apres-son-sacre-cette-championne-olympique-choisit-djerba-pour-ses-vacances\/215960\/#breadcrumb"},"inLanguage":"fr-FR","potentialAction":[{"@type":"ReadAction","target":["https:\/\/www.webdo.tn\/fr\/actualite\/divers\/apres-son-sacre-cette-championne-olympique-choisit-djerba-pour-ses-vacances\/215960\/"]}]},{"@type":"ImageObject","inLanguage":"fr-FR","@id":"https:\/\/www.webdo.tn\/fr\/actualite\/divers\/apres-son-sacre-cette-championne-olympique-choisit-djerba-pour-ses-vacances\/215960\/#primaryimage","url":"https:\/\/www.webdo.tn\/fr\/wp-content\/uploads\/2024\/08\/cce608665660b2ecf303ef0f6c064b33.webp","contentUrl":"https:\/\/www.webdo.tn\/fr\/wp-content\/uploads\/2024\/08\/cce608665660b2ecf303ef0f6c064b33.webp","width":750,"height":400,"caption":"Apr\u00e8s son sacre, cette championne olympique choisit Djerba pour ses vacances"},{"@type":"BreadcrumbList","@id":"https:\/\/www.webdo.tn\/fr\/actualite\/divers\/apres-son-sacre-cette-championne-olympique-choisit-djerba-pour-ses-vacances\/215960\/#breadcrumb","itemListElement":[{"@type":"ListItem","position":1,"name":"Accueil","item":"https:\/\/www.webdo.tn\/fr\/"},{"@type":"ListItem","position":2,"name":"Apr\u00e8s son sacre, cette championne olympique choisit Djerba pour ses vacances"}]},{"@type":"WebSite","@id":"https:\/\/www.webdo.tn\/fr\/#website","url":"https:\/\/www.webdo.tn\/fr\/","name":"webdo","description":"Tunisie - News en Tunisie et \u00e0 l&#039;international sur Webdo.tn","publisher":{"@id":"https:\/\/www.webdo.tn\/fr\/#organization"},"potentialAction":[{"@type":"SearchAction","target":{"@type":"EntryPoint","urlTemplate":"https:\/\/www.webdo.tn\/fr\/?s={search_term_string}"},"query-input":{"@type":"PropertyValueSpecification","valueRequired":true,"valueName":"search_term_string"}}],"inLanguage":"fr-FR"},{"@type":"Organization","@id":"https:\/\/www.webdo.tn\/fr\/#organization","name":"Webdo","alternateName":"Webdo.tn","url":"https:\/\/www.webdo.tn\/fr\/","logo":{"@type":"ImageObject","inLanguage":"fr-FR","@id":"https:\/\/www.webdo.tn\/fr\/#\/schema\/logo\/image\/","url":"https:\/\/www.webdo.tn\/fr\/wp-content\/uploads\/2025\/06\/Webdo-Tunisie_168377.jpg","contentUrl":"https:\/\/www.webdo.tn\/fr\/wp-content\/uploads\/2025\/06\/Webdo-Tunisie_168377.jpg","width":301,"height":301,"caption":"Webdo"},"image":{"@id":"https:\/\/www.webdo.tn\/fr\/#\/schema\/logo\/image\/"},"sameAs":["https:\/\/www.facebook.com\/webdotn","https:\/\/x.com\/webdo_tn"],"description":"Webdo est un m\u00e9dia num\u00e9rique tunisien fond\u00e9 en 2010, sp\u00e9cialis\u00e9 dans l\u2019actualit\u00e9 nationale et internationale, l\u2019\u00e9conomie, la soci\u00e9t\u00e9 et les analyses politiques. Le site s\u2019adresse \u00e0 un large public francophone et couvre l\u2019information tunisienne en temps r\u00e9el.","email":"redac@webdo.tn","legalName":"YNJ SARL","foundingDate":"2010-09-06","numberOfEmployees":{"@type":"QuantitativeValue","minValue":"11","maxValue":"50"}},{"@type":"Person","@id":"https:\/\/www.webdo.tn\/fr\/#\/schema\/person\/f35b42a42c5e2511bbd282959d6385cc","name":"CL","image":{"@type":"ImageObject","inLanguage":"fr-FR","@id":"https:\/\/secure.gravatar.com\/avatar\/1447a49909b67aa657c488aec6512e1dd6143a480c1ecfee9b5b5cd74eb3b59e?s=96&d=mm&r=g","url":"https:\/\/secure.gravatar.com\/avatar\/1447a49909b67aa657c488aec6512e1dd6143a480c1ecfee9b5b5cd74eb3b59e?s=96&d=mm&r=g","contentUrl":"https:\/\/secure.gravatar.com\/avatar\/1447a49909b67aa657c488aec6512e1dd6143a480c1ecfee9b5b5cd74eb3b59e?s=96&d=mm&r=g","caption":"CL"},"url":"https:\/\/www.webdo.tn\/fr\/actualite\/author\/cl\/"}]}},"_links":{"self":[{"href":"https:\/\/www.webdo.tn\/fr\/wp-json\/wp\/v2\/posts\/215960","targetHints":{"allow":["GET"]}}],"collection":[{"href":"https:\/\/www.webdo.tn\/fr\/wp-json\/wp\/v2\/posts"}],"about":[{"href":"https:\/\/www.webdo.tn\/fr\/wp-json\/wp\/v2\/types\/post"}],"author":[{"embeddable":true,"href":"https:\/\/www.webdo.tn\/fr\/wp-json\/wp\/v2\/users\/3175"}],"replies":[{"embeddable":true,"href":"https:\/\/www.webdo.tn\/fr\/wp-json\/wp\/v2\/comments?post=215960"}],"version-history":[{"count":0,"href":"https:\/\/www.webdo.tn\/fr\/wp-json\/wp\/v2\/posts\/215960\/revisions"}],"wp:featuredmedia":[{"embeddable":true,"href":"https:\/\/www.webdo.tn\/fr\/wp-json\/wp\/v2\/media\/246715"}],"wp:attachment":[{"href":"https:\/\/www.webdo.tn\/fr\/wp-json\/wp\/v2\/media?parent=215960"}],"wp:term":[{"taxonomy":"category","embeddable":true,"href":"https:\/\/www.webdo.tn\/fr\/wp-json\/wp\/v2\/categories?post=215960"},{"taxonomy":"post_tag","embeddable":true,"href":"https:\/\/www.webdo.tn\/fr\/wp-json\/wp\/v2\/tags?post=215960"}],"curies":[{"name":"wp","href":"https:\/\/api.w.org\/{rel}","templated":true}]}}