{"id":215958,"date":"2024-08-22T17:59:00","date_gmt":"2024-08-22T17:59:00","guid":{"rendered":"https:\/\/www.webdo.tn\/fr\/blog\/nabeul-braquage-et-fin-tragique-d-un-livreur-de-repas\/215958\/"},"modified":"2025-05-20T22:54:48","modified_gmt":"2025-05-20T22:54:48","slug":"nabeul-braquage-et-fin-tragique-d-un-livreur-de-repas","status":"publish","type":"post","link":"https:\/\/www.webdo.tn\/fr\/actualite\/divers\/nabeul-braquage-et-fin-tragique-d-un-livreur-de-repas\/215958\/","title":{"rendered":"Nabeul : Braquage et fin tragique d\u2019un livreur de repas !"},"content":{"rendered":"<p>Le corps d&rsquo;un jeune homme, qui travaillait dans la livraison de repas \u00e0 domicile, a \u00e9t\u00e9 retrouv\u00e9 sur la route p\u00e9riph\u00e9rique de Nabeul ce jeudi 22 ao\u00fbt 2024.\u00a0<\/p>\n<p>\t\t\t\t\t\t\t\t\tSelon les premi\u00e8res informations rapport\u00e9es par Jawhara FM, il aurait \u00e9t\u00e9 victime d&rsquo;une agression par des inconnus la nuit derni\u00e8re, ayant subi une attaque \u00e0 l&rsquo;arme blanche et des mutilations corporelles.\u00a0<br \/>\nSelon la m\u00eame source, les enqu\u00eates et investigations sont toujours en cours, mais les premi\u00e8res donn\u00e9es attestent que la victime ne faisait que livrer un repas command\u00e9 par les auteurs de ce crime odieux.\u00a0<br \/>\nIl aurait \u00e9t\u00e9 sauvagement agress\u00e9, poignard\u00e9 dans plusieurs parties de son corps et laiss\u00e9 au bord de la route avant de retrouver sa fin tragique suite \u00e0 une s\u00e9v\u00e8re h\u00e9morragie.\u00a0<br \/>\nEn Tunisie, les livreurs, en particulier ceux qui travaillent dans la livraison de repas, sont souvent confront\u00e9s \u00e0 divers risques. Comme dans le cas mentionn\u00e9, les livreurs peuvent \u00eatre des cibles pour des criminels qui profitent de leur vuln\u00e9rabilit\u00e9 lorsqu&rsquo;ils se d\u00e9placent seuls, souvent \u00e0 des heures tardives et dans des zones peu fr\u00e9quent\u00e9es.<br \/>\nMalheureusement, dans de nombreux cas, les livreurs sont des travailleurs pr\u00e9caires ou ind\u00e9pendants, ce qui signifie qu&rsquo;ils ne b\u00e9n\u00e9ficient pas toujours de protections sociales ad\u00e9quates en cas d&rsquo;accident, de maladie ou d&rsquo;agression.<br \/>\nLe secteur de la livraison et mal r\u00e9glement\u00e9 en Tunisie. Sa r\u00e9glementation s\u2019av\u00e8re essentielle pour prot\u00e9ger les livreurs, garantir des conditions de travail \u00e9quitables, et assurer la s\u00e9curit\u00e9 et la qualit\u00e9 des services pour les consommateurs. Sans un cadre r\u00e9glementaire adapt\u00e9, les livreurs continueront d&rsquo;\u00eatre expos\u00e9s \u00e0 des risques importants, et les pratiques des plateformes pourraient rester in\u00e9quitables et non transparentes.<\/p>\n","protected":false},"excerpt":{"rendered":"<p>Le corps d&rsquo;un jeune homme, qui travaillait dans la livraison de repas \u00e0 domicile, a \u00e9t\u00e9 retrouv\u00e9 sur la route p\u00e9riph\u00e9rique de Nabeul ce jeudi 22 ao\u00fbt 2024.\u00a0 la&#8230;<\/p>\n","protected":false},"author":3175,"featured_media":290978,"comment_status":"open","ping_status":"closed","sticky":false,"template":"","format":"standard","meta":{"footnotes":""},"categories":[2839],"tags":[10372,10373,4319,2608],"class_list":["post-215958","post","type-post","status-publish","format-standard","has-post-thumbnail","hentry","category-divers","tag-livreur","tag-victime","tag-braquage","tag-tunisie"],"yoast_head":"<!-- This site is optimized with the Yoast SEO Premium plugin v27.5 (Yoast SEO v27.5) - https:\/\/yoast.com\/product\/yoast-seo-premium-wordpress\/ -->\n<title>Nabeul : Braquage et fin tragique d\u2019un livreur de repas !<\/title>\n<meta name=\"description\" content=\"Le corps d&#039;un jeune homme, qui travaillait dans la livraison de repas \u00e0 domicile, a \u00e9t\u00e9 retrouv\u00e9 sur la route p\u00e9riph\u00e9rique de Nabeul ce jeudi 22 ao\u00fbt 2024.\u00a0 la...\" \/>\n<link rel=\"canonical\" href=\"https:\/\/www.webdo.tn\/fr\/actualite\/divers\/nabeul-braquage-et-fin-tragique-d-un-livreur-de-repas\/215958\/\" \/>\n<meta property=\"og:locale\" content=\"fr_FR\" \/>\n<meta property=\"og:type\" content=\"article\" \/>\n<meta property=\"og:title\" content=\"Nabeul : Braquage et fin tragique d\u2019un livreur de repas !\" \/>\n<meta property=\"og:description\" content=\"Le corps d&#039;un jeune homme, qui travaillait dans la livraison de repas \u00e0 domicile, a \u00e9t\u00e9 retrouv\u00e9 sur la route p\u00e9riph\u00e9rique de Nabeul ce jeudi 22 ao\u00fbt 2024.\u00a0 la...\" \/>\n<meta property=\"og:url\" content=\"https:\/\/www.webdo.tn\/fr\/actualite\/divers\/nabeul-braquage-et-fin-tragique-d-un-livreur-de-repas\/215958\/\" \/>\n<meta property=\"og:site_name\" content=\"webdo\" \/>\n<meta property=\"article:publisher\" content=\"https:\/\/www.facebook.com\/webdotn\" \/>\n<meta property=\"article:published_time\" content=\"2024-08-22T17:59:00+00:00\" \/>\n<meta property=\"article:modified_time\" content=\"2025-05-20T22:54:48+00:00\" \/>\n<meta property=\"og:image\" content=\"https:\/\/www.webdo.tn\/fr\/wp-content\/uploads\/2024\/08\/a0fe4955974187fca0c5e93f6d9ea9c0.webp\" \/>\n\t<meta property=\"og:image:width\" content=\"630\" \/>\n\t<meta property=\"og:image:height\" content=\"336\" \/>\n\t<meta property=\"og:image:type\" content=\"image\/webp\" \/>\n<meta name=\"author\" content=\"CL\" \/>\n<meta name=\"twitter:card\" content=\"summary_large_image\" \/>\n<meta name=\"twitter:creator\" content=\"@webdo_tn\" \/>\n<meta name=\"twitter:site\" content=\"@webdo_tn\" \/>\n<meta name=\"twitter:label1\" content=\"\u00c9crit par\" \/>\n\t<meta name=\"twitter:data1\" content=\"CL\" \/>\n\t<meta name=\"twitter:label2\" content=\"Dur\u00e9e de lecture estim\u00e9e\" \/>\n\t<meta name=\"twitter:data2\" content=\"1 minute\" \/>\n<script type=\"application\/ld+json\" class=\"yoast-schema-graph\">{\"@context\":\"https:\\\/\\\/schema.org\",\"@graph\":[{\"@type\":\"NewsArticle\",\"@id\":\"https:\\\/\\\/www.webdo.tn\\\/fr\\\/actualite\\\/divers\\\/nabeul-braquage-et-fin-tragique-d-un-livreur-de-repas\\\/215958\\\/#article\",\"isPartOf\":{\"@id\":\"https:\\\/\\\/www.webdo.tn\\\/fr\\\/actualite\\\/divers\\\/nabeul-braquage-et-fin-tragique-d-un-livreur-de-repas\\\/215958\\\/\"},\"author\":{\"name\":\"CL\",\"@id\":\"https:\\\/\\\/www.webdo.tn\\\/fr\\\/#\\\/schema\\\/person\\\/f35b42a42c5e2511bbd282959d6385cc\"},\"headline\":\"Nabeul : Braquage et fin tragique d\u2019un livreur de repas !\",\"datePublished\":\"2024-08-22T17:59:00+00:00\",\"dateModified\":\"2025-05-20T22:54:48+00:00\",\"mainEntityOfPage\":{\"@id\":\"https:\\\/\\\/www.webdo.tn\\\/fr\\\/actualite\\\/divers\\\/nabeul-braquage-et-fin-tragique-d-un-livreur-de-repas\\\/215958\\\/\"},\"wordCount\":312,\"commentCount\":0,\"publisher\":{\"@id\":\"https:\\\/\\\/www.webdo.tn\\\/fr\\\/#organization\"},\"image\":{\"@id\":\"https:\\\/\\\/www.webdo.tn\\\/fr\\\/actualite\\\/divers\\\/nabeul-braquage-et-fin-tragique-d-un-livreur-de-repas\\\/215958\\\/#primaryimage\"},\"thumbnailUrl\":\"https:\\\/\\\/www.webdo.tn\\\/fr\\\/wp-content\\\/uploads\\\/2024\\\/08\\\/a0fe4955974187fca0c5e93f6d9ea9c0.webp\",\"keywords\":[\"'Livreur'\",\"'victime']\",\"Braquage\",\"Tunisie\"],\"articleSection\":[\"Divers\"],\"inLanguage\":\"fr-FR\"},{\"@type\":\"WebPage\",\"@id\":\"https:\\\/\\\/www.webdo.tn\\\/fr\\\/actualite\\\/divers\\\/nabeul-braquage-et-fin-tragique-d-un-livreur-de-repas\\\/215958\\\/\",\"url\":\"https:\\\/\\\/www.webdo.tn\\\/fr\\\/actualite\\\/divers\\\/nabeul-braquage-et-fin-tragique-d-un-livreur-de-repas\\\/215958\\\/\",\"name\":\"Nabeul : Braquage et fin tragique d\u2019un livreur de repas !\",\"isPartOf\":{\"@id\":\"https:\\\/\\\/www.webdo.tn\\\/fr\\\/#website\"},\"primaryImageOfPage\":{\"@id\":\"https:\\\/\\\/www.webdo.tn\\\/fr\\\/actualite\\\/divers\\\/nabeul-braquage-et-fin-tragique-d-un-livreur-de-repas\\\/215958\\\/#primaryimage\"},\"image\":{\"@id\":\"https:\\\/\\\/www.webdo.tn\\\/fr\\\/actualite\\\/divers\\\/nabeul-braquage-et-fin-tragique-d-un-livreur-de-repas\\\/215958\\\/#primaryimage\"},\"thumbnailUrl\":\"https:\\\/\\\/www.webdo.tn\\\/fr\\\/wp-content\\\/uploads\\\/2024\\\/08\\\/a0fe4955974187fca0c5e93f6d9ea9c0.webp\",\"datePublished\":\"2024-08-22T17:59:00+00:00\",\"dateModified\":\"2025-05-20T22:54:48+00:00\",\"description\":\"Le corps d'un jeune homme, qui travaillait dans la livraison de repas \u00e0 domicile, a \u00e9t\u00e9 retrouv\u00e9 sur la route p\u00e9riph\u00e9rique de Nabeul ce jeudi 22 ao\u00fbt 2024.\u00a0 la...\",\"breadcrumb\":{\"@id\":\"https:\\\/\\\/www.webdo.tn\\\/fr\\\/actualite\\\/divers\\\/nabeul-braquage-et-fin-tragique-d-un-livreur-de-repas\\\/215958\\\/#breadcrumb\"},\"inLanguage\":\"fr-FR\",\"potentialAction\":[{\"@type\":\"ReadAction\",\"target\":[\"https:\\\/\\\/www.webdo.tn\\\/fr\\\/actualite\\\/divers\\\/nabeul-braquage-et-fin-tragique-d-un-livreur-de-repas\\\/215958\\\/\"]}]},{\"@type\":\"ImageObject\",\"inLanguage\":\"fr-FR\",\"@id\":\"https:\\\/\\\/www.webdo.tn\\\/fr\\\/actualite\\\/divers\\\/nabeul-braquage-et-fin-tragique-d-un-livreur-de-repas\\\/215958\\\/#primaryimage\",\"url\":\"https:\\\/\\\/www.webdo.tn\\\/fr\\\/wp-content\\\/uploads\\\/2024\\\/08\\\/a0fe4955974187fca0c5e93f6d9ea9c0.webp\",\"contentUrl\":\"https:\\\/\\\/www.webdo.tn\\\/fr\\\/wp-content\\\/uploads\\\/2024\\\/08\\\/a0fe4955974187fca0c5e93f6d9ea9c0.webp\",\"width\":630,\"height\":336,\"caption\":\"Nabeul : Braquage et fin tragique d\u2019un livreur de repas !\"},{\"@type\":\"BreadcrumbList\",\"@id\":\"https:\\\/\\\/www.webdo.tn\\\/fr\\\/actualite\\\/divers\\\/nabeul-braquage-et-fin-tragique-d-un-livreur-de-repas\\\/215958\\\/#breadcrumb\",\"itemListElement\":[{\"@type\":\"ListItem\",\"position\":1,\"name\":\"Accueil\",\"item\":\"https:\\\/\\\/www.webdo.tn\\\/fr\\\/\"},{\"@type\":\"ListItem\",\"position\":2,\"name\":\"Nabeul : Braquage et fin tragique d\u2019un livreur de repas !\"}]},{\"@type\":\"WebSite\",\"@id\":\"https:\\\/\\\/www.webdo.tn\\\/fr\\\/#website\",\"url\":\"https:\\\/\\\/www.webdo.tn\\\/fr\\\/\",\"name\":\"webdo\",\"description\":\"Tunisie - News en Tunisie et \u00e0 l&#039;international sur Webdo.tn\",\"publisher\":{\"@id\":\"https:\\\/\\\/www.webdo.tn\\\/fr\\\/#organization\"},\"potentialAction\":[{\"@type\":\"SearchAction\",\"target\":{\"@type\":\"EntryPoint\",\"urlTemplate\":\"https:\\\/\\\/www.webdo.tn\\\/fr\\\/?s={search_term_string}\"},\"query-input\":{\"@type\":\"PropertyValueSpecification\",\"valueRequired\":true,\"valueName\":\"search_term_string\"}}],\"inLanguage\":\"fr-FR\"},{\"@type\":\"Organization\",\"@id\":\"https:\\\/\\\/www.webdo.tn\\\/fr\\\/#organization\",\"name\":\"Webdo\",\"alternateName\":\"Webdo.tn\",\"url\":\"https:\\\/\\\/www.webdo.tn\\\/fr\\\/\",\"logo\":{\"@type\":\"ImageObject\",\"inLanguage\":\"fr-FR\",\"@id\":\"https:\\\/\\\/www.webdo.tn\\\/fr\\\/#\\\/schema\\\/logo\\\/image\\\/\",\"url\":\"https:\\\/\\\/www.webdo.tn\\\/fr\\\/wp-content\\\/uploads\\\/2025\\\/06\\\/Webdo-Tunisie_168377.jpg\",\"contentUrl\":\"https:\\\/\\\/www.webdo.tn\\\/fr\\\/wp-content\\\/uploads\\\/2025\\\/06\\\/Webdo-Tunisie_168377.jpg\",\"width\":301,\"height\":301,\"caption\":\"Webdo\"},\"image\":{\"@id\":\"https:\\\/\\\/www.webdo.tn\\\/fr\\\/#\\\/schema\\\/logo\\\/image\\\/\"},\"sameAs\":[\"https:\\\/\\\/www.facebook.com\\\/webdotn\",\"https:\\\/\\\/x.com\\\/webdo_tn\"],\"description\":\"Webdo est un m\u00e9dia num\u00e9rique tunisien fond\u00e9 en 2010, sp\u00e9cialis\u00e9 dans l\u2019actualit\u00e9 nationale et internationale, l\u2019\u00e9conomie, la soci\u00e9t\u00e9 et les analyses politiques. Le site s\u2019adresse \u00e0 un large public francophone et couvre l\u2019information tunisienne en temps r\u00e9el.\",\"email\":\"redac@webdo.tn\",\"legalName\":\"YNJ SARL\",\"foundingDate\":\"2010-09-06\",\"numberOfEmployees\":{\"@type\":\"QuantitativeValue\",\"minValue\":\"11\",\"maxValue\":\"50\"}},{\"@type\":\"Person\",\"@id\":\"https:\\\/\\\/www.webdo.tn\\\/fr\\\/#\\\/schema\\\/person\\\/f35b42a42c5e2511bbd282959d6385cc\",\"name\":\"CL\",\"image\":{\"@type\":\"ImageObject\",\"inLanguage\":\"fr-FR\",\"@id\":\"https:\\\/\\\/secure.gravatar.com\\\/avatar\\\/1447a49909b67aa657c488aec6512e1dd6143a480c1ecfee9b5b5cd74eb3b59e?s=96&d=mm&r=g\",\"url\":\"https:\\\/\\\/secure.gravatar.com\\\/avatar\\\/1447a49909b67aa657c488aec6512e1dd6143a480c1ecfee9b5b5cd74eb3b59e?s=96&d=mm&r=g\",\"contentUrl\":\"https:\\\/\\\/secure.gravatar.com\\\/avatar\\\/1447a49909b67aa657c488aec6512e1dd6143a480c1ecfee9b5b5cd74eb3b59e?s=96&d=mm&r=g\",\"caption\":\"CL\"},\"url\":\"https:\\\/\\\/www.webdo.tn\\\/fr\\\/actualite\\\/author\\\/cl\\\/\"}]}<\/script>\n<!-- \/ Yoast SEO Premium plugin. -->","yoast_head_json":{"title":"Nabeul : Braquage et fin tragique d\u2019un livreur de repas !","description":"Le corps d'un jeune homme, qui travaillait dans la livraison de repas \u00e0 domicile, a \u00e9t\u00e9 retrouv\u00e9 sur la route p\u00e9riph\u00e9rique de Nabeul ce jeudi 22 ao\u00fbt 2024.\u00a0 la...","canonical":"https:\/\/www.webdo.tn\/fr\/actualite\/divers\/nabeul-braquage-et-fin-tragique-d-un-livreur-de-repas\/215958\/","og_locale":"fr_FR","og_type":"article","og_title":"Nabeul : Braquage et fin tragique d\u2019un livreur de repas !","og_description":"Le corps d'un jeune homme, qui travaillait dans la livraison de repas \u00e0 domicile, a \u00e9t\u00e9 retrouv\u00e9 sur la route p\u00e9riph\u00e9rique de Nabeul ce jeudi 22 ao\u00fbt 2024.\u00a0 la...","og_url":"https:\/\/www.webdo.tn\/fr\/actualite\/divers\/nabeul-braquage-et-fin-tragique-d-un-livreur-de-repas\/215958\/","og_site_name":"webdo","article_publisher":"https:\/\/www.facebook.com\/webdotn","article_published_time":"2024-08-22T17:59:00+00:00","article_modified_time":"2025-05-20T22:54:48+00:00","og_image":[{"width":630,"height":336,"url":"https:\/\/www.webdo.tn\/fr\/wp-content\/uploads\/2024\/08\/a0fe4955974187fca0c5e93f6d9ea9c0.webp","type":"image\/webp"}],"author":"CL","twitter_card":"summary_large_image","twitter_creator":"@webdo_tn","twitter_site":"@webdo_tn","twitter_misc":{"\u00c9crit par":"CL","Dur\u00e9e de lecture estim\u00e9e":"1 minute"},"schema":{"@context":"https:\/\/schema.org","@graph":[{"@type":"NewsArticle","@id":"https:\/\/www.webdo.tn\/fr\/actualite\/divers\/nabeul-braquage-et-fin-tragique-d-un-livreur-de-repas\/215958\/#article","isPartOf":{"@id":"https:\/\/www.webdo.tn\/fr\/actualite\/divers\/nabeul-braquage-et-fin-tragique-d-un-livreur-de-repas\/215958\/"},"author":{"name":"CL","@id":"https:\/\/www.webdo.tn\/fr\/#\/schema\/person\/f35b42a42c5e2511bbd282959d6385cc"},"headline":"Nabeul : Braquage et fin tragique d\u2019un livreur de repas !","datePublished":"2024-08-22T17:59:00+00:00","dateModified":"2025-05-20T22:54:48+00:00","mainEntityOfPage":{"@id":"https:\/\/www.webdo.tn\/fr\/actualite\/divers\/nabeul-braquage-et-fin-tragique-d-un-livreur-de-repas\/215958\/"},"wordCount":312,"commentCount":0,"publisher":{"@id":"https:\/\/www.webdo.tn\/fr\/#organization"},"image":{"@id":"https:\/\/www.webdo.tn\/fr\/actualite\/divers\/nabeul-braquage-et-fin-tragique-d-un-livreur-de-repas\/215958\/#primaryimage"},"thumbnailUrl":"https:\/\/www.webdo.tn\/fr\/wp-content\/uploads\/2024\/08\/a0fe4955974187fca0c5e93f6d9ea9c0.webp","keywords":["'Livreur'","'victime']","Braquage","Tunisie"],"articleSection":["Divers"],"inLanguage":"fr-FR"},{"@type":"WebPage","@id":"https:\/\/www.webdo.tn\/fr\/actualite\/divers\/nabeul-braquage-et-fin-tragique-d-un-livreur-de-repas\/215958\/","url":"https:\/\/www.webdo.tn\/fr\/actualite\/divers\/nabeul-braquage-et-fin-tragique-d-un-livreur-de-repas\/215958\/","name":"Nabeul : Braquage et fin tragique d\u2019un livreur de repas !","isPartOf":{"@id":"https:\/\/www.webdo.tn\/fr\/#website"},"primaryImageOfPage":{"@id":"https:\/\/www.webdo.tn\/fr\/actualite\/divers\/nabeul-braquage-et-fin-tragique-d-un-livreur-de-repas\/215958\/#primaryimage"},"image":{"@id":"https:\/\/www.webdo.tn\/fr\/actualite\/divers\/nabeul-braquage-et-fin-tragique-d-un-livreur-de-repas\/215958\/#primaryimage"},"thumbnailUrl":"https:\/\/www.webdo.tn\/fr\/wp-content\/uploads\/2024\/08\/a0fe4955974187fca0c5e93f6d9ea9c0.webp","datePublished":"2024-08-22T17:59:00+00:00","dateModified":"2025-05-20T22:54:48+00:00","description":"Le corps d'un jeune homme, qui travaillait dans la livraison de repas \u00e0 domicile, a \u00e9t\u00e9 retrouv\u00e9 sur la route p\u00e9riph\u00e9rique de Nabeul ce jeudi 22 ao\u00fbt 2024.\u00a0 la...","breadcrumb":{"@id":"https:\/\/www.webdo.tn\/fr\/actualite\/divers\/nabeul-braquage-et-fin-tragique-d-un-livreur-de-repas\/215958\/#breadcrumb"},"inLanguage":"fr-FR","potentialAction":[{"@type":"ReadAction","target":["https:\/\/www.webdo.tn\/fr\/actualite\/divers\/nabeul-braquage-et-fin-tragique-d-un-livreur-de-repas\/215958\/"]}]},{"@type":"ImageObject","inLanguage":"fr-FR","@id":"https:\/\/www.webdo.tn\/fr\/actualite\/divers\/nabeul-braquage-et-fin-tragique-d-un-livreur-de-repas\/215958\/#primaryimage","url":"https:\/\/www.webdo.tn\/fr\/wp-content\/uploads\/2024\/08\/a0fe4955974187fca0c5e93f6d9ea9c0.webp","contentUrl":"https:\/\/www.webdo.tn\/fr\/wp-content\/uploads\/2024\/08\/a0fe4955974187fca0c5e93f6d9ea9c0.webp","width":630,"height":336,"caption":"Nabeul : Braquage et fin tragique d\u2019un livreur de repas !"},{"@type":"BreadcrumbList","@id":"https:\/\/www.webdo.tn\/fr\/actualite\/divers\/nabeul-braquage-et-fin-tragique-d-un-livreur-de-repas\/215958\/#breadcrumb","itemListElement":[{"@type":"ListItem","position":1,"name":"Accueil","item":"https:\/\/www.webdo.tn\/fr\/"},{"@type":"ListItem","position":2,"name":"Nabeul : Braquage et fin tragique d\u2019un livreur de repas !"}]},{"@type":"WebSite","@id":"https:\/\/www.webdo.tn\/fr\/#website","url":"https:\/\/www.webdo.tn\/fr\/","name":"webdo","description":"Tunisie - News en Tunisie et \u00e0 l&#039;international sur Webdo.tn","publisher":{"@id":"https:\/\/www.webdo.tn\/fr\/#organization"},"potentialAction":[{"@type":"SearchAction","target":{"@type":"EntryPoint","urlTemplate":"https:\/\/www.webdo.tn\/fr\/?s={search_term_string}"},"query-input":{"@type":"PropertyValueSpecification","valueRequired":true,"valueName":"search_term_string"}}],"inLanguage":"fr-FR"},{"@type":"Organization","@id":"https:\/\/www.webdo.tn\/fr\/#organization","name":"Webdo","alternateName":"Webdo.tn","url":"https:\/\/www.webdo.tn\/fr\/","logo":{"@type":"ImageObject","inLanguage":"fr-FR","@id":"https:\/\/www.webdo.tn\/fr\/#\/schema\/logo\/image\/","url":"https:\/\/www.webdo.tn\/fr\/wp-content\/uploads\/2025\/06\/Webdo-Tunisie_168377.jpg","contentUrl":"https:\/\/www.webdo.tn\/fr\/wp-content\/uploads\/2025\/06\/Webdo-Tunisie_168377.jpg","width":301,"height":301,"caption":"Webdo"},"image":{"@id":"https:\/\/www.webdo.tn\/fr\/#\/schema\/logo\/image\/"},"sameAs":["https:\/\/www.facebook.com\/webdotn","https:\/\/x.com\/webdo_tn"],"description":"Webdo est un m\u00e9dia num\u00e9rique tunisien fond\u00e9 en 2010, sp\u00e9cialis\u00e9 dans l\u2019actualit\u00e9 nationale et internationale, l\u2019\u00e9conomie, la soci\u00e9t\u00e9 et les analyses politiques. Le site s\u2019adresse \u00e0 un large public francophone et couvre l\u2019information tunisienne en temps r\u00e9el.","email":"redac@webdo.tn","legalName":"YNJ SARL","foundingDate":"2010-09-06","numberOfEmployees":{"@type":"QuantitativeValue","minValue":"11","maxValue":"50"}},{"@type":"Person","@id":"https:\/\/www.webdo.tn\/fr\/#\/schema\/person\/f35b42a42c5e2511bbd282959d6385cc","name":"CL","image":{"@type":"ImageObject","inLanguage":"fr-FR","@id":"https:\/\/secure.gravatar.com\/avatar\/1447a49909b67aa657c488aec6512e1dd6143a480c1ecfee9b5b5cd74eb3b59e?s=96&d=mm&r=g","url":"https:\/\/secure.gravatar.com\/avatar\/1447a49909b67aa657c488aec6512e1dd6143a480c1ecfee9b5b5cd74eb3b59e?s=96&d=mm&r=g","contentUrl":"https:\/\/secure.gravatar.com\/avatar\/1447a49909b67aa657c488aec6512e1dd6143a480c1ecfee9b5b5cd74eb3b59e?s=96&d=mm&r=g","caption":"CL"},"url":"https:\/\/www.webdo.tn\/fr\/actualite\/author\/cl\/"}]}},"_links":{"self":[{"href":"https:\/\/www.webdo.tn\/fr\/wp-json\/wp\/v2\/posts\/215958","targetHints":{"allow":["GET"]}}],"collection":[{"href":"https:\/\/www.webdo.tn\/fr\/wp-json\/wp\/v2\/posts"}],"about":[{"href":"https:\/\/www.webdo.tn\/fr\/wp-json\/wp\/v2\/types\/post"}],"author":[{"embeddable":true,"href":"https:\/\/www.webdo.tn\/fr\/wp-json\/wp\/v2\/users\/3175"}],"replies":[{"embeddable":true,"href":"https:\/\/www.webdo.tn\/fr\/wp-json\/wp\/v2\/comments?post=215958"}],"version-history":[{"count":0,"href":"https:\/\/www.webdo.tn\/fr\/wp-json\/wp\/v2\/posts\/215958\/revisions"}],"wp:featuredmedia":[{"embeddable":true,"href":"https:\/\/www.webdo.tn\/fr\/wp-json\/wp\/v2\/media\/290978"}],"wp:attachment":[{"href":"https:\/\/www.webdo.tn\/fr\/wp-json\/wp\/v2\/media?parent=215958"}],"wp:term":[{"taxonomy":"category","embeddable":true,"href":"https:\/\/www.webdo.tn\/fr\/wp-json\/wp\/v2\/categories?post=215958"},{"taxonomy":"post_tag","embeddable":true,"href":"https:\/\/www.webdo.tn\/fr\/wp-json\/wp\/v2\/tags?post=215958"}],"curies":[{"name":"wp","href":"https:\/\/api.w.org\/{rel}","templated":true}]}}