{"id":215944,"date":"2024-08-22T09:50:00","date_gmt":"2024-08-22T09:50:00","guid":{"rendered":"https:\/\/www.webdo.tn\/fr\/blog\/orange-tunisie-honore-nos-champions-olympiques\/215944\/"},"modified":"2025-05-20T21:49:46","modified_gmt":"2025-05-20T21:49:46","slug":"orange-tunisie-honore-nos-champions-olympiques","status":"publish","type":"post","link":"https:\/\/www.webdo.tn\/fr\/actualite\/sport\/orange-tunisie-honore-nos-champions-olympiques\/215944\/","title":{"rendered":"Orange Tunisie honore nos champions olympiques"},"content":{"rendered":"<p>En signant un partenariat avec trois jeunes athl\u00e8tes tunisiens, Orange Tunisie ne s\u2019est pas tromp\u00e9. Les taekwondo\u00efstes Firas Kattoussi, a d\u00e9croch\u00e9 l&rsquo;or aux JO, Mohamed Khalil Jendoubi a remport\u00e9 une m\u00e9daille de bronze et la lutteuse Zeineb Sghaier a brillamment repr\u00e9sent\u00e9 la Tunisie.<\/p>\n<p>\t\t\t\t\t\t\t\t\tLes trois athl\u00e8tes ont \u00e9t\u00e9 honor\u00e9s, mardi 20 ao\u00fbt par Orange Tunisie lors d\u2019une c\u00e9r\u00e9monie organis\u00e9e au si\u00e8ge du Centre Urbain Nord. Et c\u2019est dans une ambiance empreinte de fiert\u00e9 et de reconnaissance, qu\u2019Orange Tunisie a rendu hommage aux trois athl\u00e8tes et \u00e0 leurs performances exceptionnelles.<\/p>\n<p>Orange Tunisie, partenaire de Firas Kattoussi, Mohamed Khalil Jendoubi et Zeineb Sghaier lors des derniers Jeux olympiques d\u2019\u00e9t\u00e9 leur a donc rendu un hommage, en pr\u00e9sence de leurs familles et des salari\u00e9s d\u2019Orange Tunisie.<\/p>\n<p>L&rsquo;\u00e9v\u00e9nement a permis de c\u00e9l\u00e9brer les exploits de Firas Kattoussi, m\u00e9daill\u00e9 d&rsquo;or dans la cat\u00e9gorie des moins de 80 kg, Mohamed Khalil Jendoubi, m\u00e9daill\u00e9 de bronze dans la cat\u00e9gorie des moins de 58 kg, et de f\u00e9liciter chaleureusement Zeineb Sghaier, la lutteuse tunisienne des moins de 76 kg, qui a, elle aussi, brillamment repr\u00e9sent\u00e9 la Tunisie lors de ces JO.<\/p>\n<p>La c\u00e9r\u00e9monie, tr\u00e8s festive, a \u00e9t\u00e9 emplie d\u2019\u00e9motions fortes et de fiert\u00e9, gr\u00e2ce aux moments m\u00e9morables que ces athl\u00e8tes ont procur\u00e9s \u00e0 tous les Tunisiens cet \u00e9t\u00e9.<\/p>\n<p>Fid\u00e8le \u00e0 son engagement de soutenir les sports individuels, Orange Tunisie continuera \u00e0 accompagner ces jeunes athl\u00e8tes tunisiens talentueux, pour encore plus de succ\u00e8s au niveau national et international, mais aussi pour susciter, aupr\u00e8s des jeunes et tr\u00e8s jeunes, un engouement pour ces sports individuels.<\/p>\n","protected":false},"excerpt":{"rendered":"<p>Les trois athl\u00e8tes ont \u00e9t\u00e9 honor\u00e9s, mardi 20 ao\u00fbt par Orange Tunisie lors d\u2019une c\u00e9r\u00e9monie organis\u00e9e au si\u00e8ge du Centre Urbain Nord. Et c\u2019est dans une ambiance e&#8230;<\/p>\n","protected":false},"author":3162,"featured_media":246732,"comment_status":"open","ping_status":"closed","sticky":false,"template":"","format":"standard","meta":{"footnotes":""},"categories":[2593],"tags":[5881,2666,2718,5778],"class_list":["post-215944","post","type-post","status-publish","format-standard","has-post-thumbnail","hentry","category-sport","tag-jeux-olympiques","tag-medailles","tag-orange-tunisie","tag-paris-2024"],"yoast_head":"<!-- This site is optimized with the Yoast SEO Premium plugin v27.4 (Yoast SEO v27.5) - https:\/\/yoast.com\/product\/yoast-seo-premium-wordpress\/ -->\n<title>Orange Tunisie honore nos champions olympiques<\/title>\n<meta name=\"description\" content=\"Les trois athl\u00e8tes ont \u00e9t\u00e9 honor\u00e9s, mardi 20 ao\u00fbt par Orange Tunisie lors d\u2019une c\u00e9r\u00e9monie organis\u00e9e au si\u00e8ge du Centre Urbain Nord. Et c\u2019est dans une ambiance e...\" \/>\n<link rel=\"canonical\" href=\"https:\/\/www.webdo.tn\/fr\/actualite\/sport\/orange-tunisie-honore-nos-champions-olympiques\/215944\/\" \/>\n<meta property=\"og:locale\" content=\"fr_FR\" \/>\n<meta property=\"og:type\" content=\"article\" \/>\n<meta property=\"og:title\" content=\"Orange Tunisie honore nos champions olympiques\" \/>\n<meta property=\"og:description\" content=\"Les trois athl\u00e8tes ont \u00e9t\u00e9 honor\u00e9s, mardi 20 ao\u00fbt par Orange Tunisie lors d\u2019une c\u00e9r\u00e9monie organis\u00e9e au si\u00e8ge du Centre Urbain Nord. Et c\u2019est dans une ambiance e...\" \/>\n<meta property=\"og:url\" content=\"https:\/\/www.webdo.tn\/fr\/actualite\/sport\/orange-tunisie-honore-nos-champions-olympiques\/215944\/\" \/>\n<meta property=\"og:site_name\" content=\"webdo\" \/>\n<meta property=\"article:publisher\" content=\"https:\/\/www.facebook.com\/webdotn\" \/>\n<meta property=\"article:published_time\" content=\"2024-08-22T09:50:00+00:00\" \/>\n<meta property=\"article:modified_time\" content=\"2025-05-20T21:49:46+00:00\" \/>\n<meta property=\"og:image\" content=\"https:\/\/www.webdo.tn\/fr\/wp-content\/uploads\/2024\/08\/d14dedb1f0ad1420d9607c894f3e44ef.webp\" \/>\n\t<meta property=\"og:image:width\" content=\"698\" \/>\n\t<meta property=\"og:image:height\" content=\"372\" \/>\n\t<meta property=\"og:image:type\" content=\"image\/webp\" \/>\n<meta name=\"author\" content=\"MC\" \/>\n<meta name=\"twitter:card\" content=\"summary_large_image\" \/>\n<meta name=\"twitter:creator\" content=\"@webdo_tn\" \/>\n<meta name=\"twitter:site\" content=\"@webdo_tn\" \/>\n<meta name=\"twitter:label1\" content=\"\u00c9crit par\" \/>\n\t<meta name=\"twitter:data1\" content=\"MC\" \/>\n\t<meta name=\"twitter:label2\" content=\"Dur\u00e9e de lecture estim\u00e9e\" \/>\n\t<meta name=\"twitter:data2\" content=\"1 minute\" \/>\n<script type=\"application\/ld+json\" class=\"yoast-schema-graph\">{\"@context\":\"https:\\\/\\\/schema.org\",\"@graph\":[{\"@type\":\"NewsArticle\",\"@id\":\"https:\\\/\\\/www.webdo.tn\\\/fr\\\/actualite\\\/sport\\\/orange-tunisie-honore-nos-champions-olympiques\\\/215944\\\/#article\",\"isPartOf\":{\"@id\":\"https:\\\/\\\/www.webdo.tn\\\/fr\\\/actualite\\\/sport\\\/orange-tunisie-honore-nos-champions-olympiques\\\/215944\\\/\"},\"author\":{\"name\":\"MC\",\"@id\":\"https:\\\/\\\/www.webdo.tn\\\/fr\\\/#\\\/schema\\\/person\\\/2c4929cbf5a809e3bd38617c6ce150f6\"},\"headline\":\"Orange Tunisie honore nos champions olympiques\",\"datePublished\":\"2024-08-22T09:50:00+00:00\",\"dateModified\":\"2025-05-20T21:49:46+00:00\",\"mainEntityOfPage\":{\"@id\":\"https:\\\/\\\/www.webdo.tn\\\/fr\\\/actualite\\\/sport\\\/orange-tunisie-honore-nos-champions-olympiques\\\/215944\\\/\"},\"wordCount\":299,\"commentCount\":0,\"publisher\":{\"@id\":\"https:\\\/\\\/www.webdo.tn\\\/fr\\\/#organization\"},\"image\":{\"@id\":\"https:\\\/\\\/www.webdo.tn\\\/fr\\\/actualite\\\/sport\\\/orange-tunisie-honore-nos-champions-olympiques\\\/215944\\\/#primaryimage\"},\"thumbnailUrl\":\"https:\\\/\\\/www.webdo.tn\\\/fr\\\/wp-content\\\/uploads\\\/2024\\\/08\\\/d14dedb1f0ad1420d9607c894f3e44ef.webp\",\"keywords\":[\"jeux olympiques\",\"m\u00e9dailles\",\"Orange Tunisie\",\"Paris 2024\"],\"articleSection\":[\"Sport\"],\"inLanguage\":\"fr-FR\"},{\"@type\":\"WebPage\",\"@id\":\"https:\\\/\\\/www.webdo.tn\\\/fr\\\/actualite\\\/sport\\\/orange-tunisie-honore-nos-champions-olympiques\\\/215944\\\/\",\"url\":\"https:\\\/\\\/www.webdo.tn\\\/fr\\\/actualite\\\/sport\\\/orange-tunisie-honore-nos-champions-olympiques\\\/215944\\\/\",\"name\":\"Orange Tunisie honore nos champions olympiques\",\"isPartOf\":{\"@id\":\"https:\\\/\\\/www.webdo.tn\\\/fr\\\/#website\"},\"primaryImageOfPage\":{\"@id\":\"https:\\\/\\\/www.webdo.tn\\\/fr\\\/actualite\\\/sport\\\/orange-tunisie-honore-nos-champions-olympiques\\\/215944\\\/#primaryimage\"},\"image\":{\"@id\":\"https:\\\/\\\/www.webdo.tn\\\/fr\\\/actualite\\\/sport\\\/orange-tunisie-honore-nos-champions-olympiques\\\/215944\\\/#primaryimage\"},\"thumbnailUrl\":\"https:\\\/\\\/www.webdo.tn\\\/fr\\\/wp-content\\\/uploads\\\/2024\\\/08\\\/d14dedb1f0ad1420d9607c894f3e44ef.webp\",\"datePublished\":\"2024-08-22T09:50:00+00:00\",\"dateModified\":\"2025-05-20T21:49:46+00:00\",\"description\":\"Les trois athl\u00e8tes ont \u00e9t\u00e9 honor\u00e9s, mardi 20 ao\u00fbt par Orange Tunisie lors d\u2019une c\u00e9r\u00e9monie organis\u00e9e au si\u00e8ge du Centre Urbain Nord. Et c\u2019est dans une ambiance e...\",\"breadcrumb\":{\"@id\":\"https:\\\/\\\/www.webdo.tn\\\/fr\\\/actualite\\\/sport\\\/orange-tunisie-honore-nos-champions-olympiques\\\/215944\\\/#breadcrumb\"},\"inLanguage\":\"fr-FR\",\"potentialAction\":[{\"@type\":\"ReadAction\",\"target\":[\"https:\\\/\\\/www.webdo.tn\\\/fr\\\/actualite\\\/sport\\\/orange-tunisie-honore-nos-champions-olympiques\\\/215944\\\/\"]}]},{\"@type\":\"ImageObject\",\"inLanguage\":\"fr-FR\",\"@id\":\"https:\\\/\\\/www.webdo.tn\\\/fr\\\/actualite\\\/sport\\\/orange-tunisie-honore-nos-champions-olympiques\\\/215944\\\/#primaryimage\",\"url\":\"https:\\\/\\\/www.webdo.tn\\\/fr\\\/wp-content\\\/uploads\\\/2024\\\/08\\\/d14dedb1f0ad1420d9607c894f3e44ef.webp\",\"contentUrl\":\"https:\\\/\\\/www.webdo.tn\\\/fr\\\/wp-content\\\/uploads\\\/2024\\\/08\\\/d14dedb1f0ad1420d9607c894f3e44ef.webp\",\"width\":698,\"height\":372,\"caption\":\"Orange Tunisie honore nos champions olympiques\"},{\"@type\":\"BreadcrumbList\",\"@id\":\"https:\\\/\\\/www.webdo.tn\\\/fr\\\/actualite\\\/sport\\\/orange-tunisie-honore-nos-champions-olympiques\\\/215944\\\/#breadcrumb\",\"itemListElement\":[{\"@type\":\"ListItem\",\"position\":1,\"name\":\"Accueil\",\"item\":\"https:\\\/\\\/www.webdo.tn\\\/fr\\\/\"},{\"@type\":\"ListItem\",\"position\":2,\"name\":\"Orange Tunisie honore nos champions olympiques\"}]},{\"@type\":\"WebSite\",\"@id\":\"https:\\\/\\\/www.webdo.tn\\\/fr\\\/#website\",\"url\":\"https:\\\/\\\/www.webdo.tn\\\/fr\\\/\",\"name\":\"webdo\",\"description\":\"Tunisie - News en Tunisie et \u00e0 l&#039;international sur Webdo.tn\",\"publisher\":{\"@id\":\"https:\\\/\\\/www.webdo.tn\\\/fr\\\/#organization\"},\"potentialAction\":[{\"@type\":\"SearchAction\",\"target\":{\"@type\":\"EntryPoint\",\"urlTemplate\":\"https:\\\/\\\/www.webdo.tn\\\/fr\\\/?s={search_term_string}\"},\"query-input\":{\"@type\":\"PropertyValueSpecification\",\"valueRequired\":true,\"valueName\":\"search_term_string\"}}],\"inLanguage\":\"fr-FR\"},{\"@type\":\"Organization\",\"@id\":\"https:\\\/\\\/www.webdo.tn\\\/fr\\\/#organization\",\"name\":\"Webdo\",\"alternateName\":\"Webdo.tn\",\"url\":\"https:\\\/\\\/www.webdo.tn\\\/fr\\\/\",\"logo\":{\"@type\":\"ImageObject\",\"inLanguage\":\"fr-FR\",\"@id\":\"https:\\\/\\\/www.webdo.tn\\\/fr\\\/#\\\/schema\\\/logo\\\/image\\\/\",\"url\":\"https:\\\/\\\/www.webdo.tn\\\/fr\\\/wp-content\\\/uploads\\\/2025\\\/06\\\/Webdo-Tunisie_168377.jpg\",\"contentUrl\":\"https:\\\/\\\/www.webdo.tn\\\/fr\\\/wp-content\\\/uploads\\\/2025\\\/06\\\/Webdo-Tunisie_168377.jpg\",\"width\":301,\"height\":301,\"caption\":\"Webdo\"},\"image\":{\"@id\":\"https:\\\/\\\/www.webdo.tn\\\/fr\\\/#\\\/schema\\\/logo\\\/image\\\/\"},\"sameAs\":[\"https:\\\/\\\/www.facebook.com\\\/webdotn\",\"https:\\\/\\\/x.com\\\/webdo_tn\"],\"description\":\"Webdo est un m\u00e9dia num\u00e9rique tunisien fond\u00e9 en 2010, sp\u00e9cialis\u00e9 dans l\u2019actualit\u00e9 nationale et internationale, l\u2019\u00e9conomie, la soci\u00e9t\u00e9 et les analyses politiques. Le site s\u2019adresse \u00e0 un large public francophone et couvre l\u2019information tunisienne en temps r\u00e9el.\",\"email\":\"redac@webdo.tn\",\"legalName\":\"YNJ SARL\",\"foundingDate\":\"2010-09-06\",\"numberOfEmployees\":{\"@type\":\"QuantitativeValue\",\"minValue\":\"11\",\"maxValue\":\"50\"}},{\"@type\":\"Person\",\"@id\":\"https:\\\/\\\/www.webdo.tn\\\/fr\\\/#\\\/schema\\\/person\\\/2c4929cbf5a809e3bd38617c6ce150f6\",\"name\":\"MC\",\"image\":{\"@type\":\"ImageObject\",\"inLanguage\":\"fr-FR\",\"@id\":\"https:\\\/\\\/secure.gravatar.com\\\/avatar\\\/a545bbb6f84efdd5553dbbc2895e3ca8f1d12c5215e00a041c9670b54aa9b18a?s=96&d=mm&r=g\",\"url\":\"https:\\\/\\\/secure.gravatar.com\\\/avatar\\\/a545bbb6f84efdd5553dbbc2895e3ca8f1d12c5215e00a041c9670b54aa9b18a?s=96&d=mm&r=g\",\"contentUrl\":\"https:\\\/\\\/secure.gravatar.com\\\/avatar\\\/a545bbb6f84efdd5553dbbc2895e3ca8f1d12c5215e00a041c9670b54aa9b18a?s=96&d=mm&r=g\",\"caption\":\"MC\"},\"url\":\"https:\\\/\\\/www.webdo.tn\\\/fr\\\/actualite\\\/author\\\/mc\\\/\"}]}<\/script>\n<!-- \/ Yoast SEO Premium plugin. -->","yoast_head_json":{"title":"Orange Tunisie honore nos champions olympiques","description":"Les trois athl\u00e8tes ont \u00e9t\u00e9 honor\u00e9s, mardi 20 ao\u00fbt par Orange Tunisie lors d\u2019une c\u00e9r\u00e9monie organis\u00e9e au si\u00e8ge du Centre Urbain Nord. Et c\u2019est dans une ambiance e...","canonical":"https:\/\/www.webdo.tn\/fr\/actualite\/sport\/orange-tunisie-honore-nos-champions-olympiques\/215944\/","og_locale":"fr_FR","og_type":"article","og_title":"Orange Tunisie honore nos champions olympiques","og_description":"Les trois athl\u00e8tes ont \u00e9t\u00e9 honor\u00e9s, mardi 20 ao\u00fbt par Orange Tunisie lors d\u2019une c\u00e9r\u00e9monie organis\u00e9e au si\u00e8ge du Centre Urbain Nord. Et c\u2019est dans une ambiance e...","og_url":"https:\/\/www.webdo.tn\/fr\/actualite\/sport\/orange-tunisie-honore-nos-champions-olympiques\/215944\/","og_site_name":"webdo","article_publisher":"https:\/\/www.facebook.com\/webdotn","article_published_time":"2024-08-22T09:50:00+00:00","article_modified_time":"2025-05-20T21:49:46+00:00","og_image":[{"width":698,"height":372,"url":"https:\/\/www.webdo.tn\/fr\/wp-content\/uploads\/2024\/08\/d14dedb1f0ad1420d9607c894f3e44ef.webp","type":"image\/webp"}],"author":"MC","twitter_card":"summary_large_image","twitter_creator":"@webdo_tn","twitter_site":"@webdo_tn","twitter_misc":{"\u00c9crit par":"MC","Dur\u00e9e de lecture estim\u00e9e":"1 minute"},"schema":{"@context":"https:\/\/schema.org","@graph":[{"@type":"NewsArticle","@id":"https:\/\/www.webdo.tn\/fr\/actualite\/sport\/orange-tunisie-honore-nos-champions-olympiques\/215944\/#article","isPartOf":{"@id":"https:\/\/www.webdo.tn\/fr\/actualite\/sport\/orange-tunisie-honore-nos-champions-olympiques\/215944\/"},"author":{"name":"MC","@id":"https:\/\/www.webdo.tn\/fr\/#\/schema\/person\/2c4929cbf5a809e3bd38617c6ce150f6"},"headline":"Orange Tunisie honore nos champions olympiques","datePublished":"2024-08-22T09:50:00+00:00","dateModified":"2025-05-20T21:49:46+00:00","mainEntityOfPage":{"@id":"https:\/\/www.webdo.tn\/fr\/actualite\/sport\/orange-tunisie-honore-nos-champions-olympiques\/215944\/"},"wordCount":299,"commentCount":0,"publisher":{"@id":"https:\/\/www.webdo.tn\/fr\/#organization"},"image":{"@id":"https:\/\/www.webdo.tn\/fr\/actualite\/sport\/orange-tunisie-honore-nos-champions-olympiques\/215944\/#primaryimage"},"thumbnailUrl":"https:\/\/www.webdo.tn\/fr\/wp-content\/uploads\/2024\/08\/d14dedb1f0ad1420d9607c894f3e44ef.webp","keywords":["jeux olympiques","m\u00e9dailles","Orange Tunisie","Paris 2024"],"articleSection":["Sport"],"inLanguage":"fr-FR"},{"@type":"WebPage","@id":"https:\/\/www.webdo.tn\/fr\/actualite\/sport\/orange-tunisie-honore-nos-champions-olympiques\/215944\/","url":"https:\/\/www.webdo.tn\/fr\/actualite\/sport\/orange-tunisie-honore-nos-champions-olympiques\/215944\/","name":"Orange Tunisie honore nos champions olympiques","isPartOf":{"@id":"https:\/\/www.webdo.tn\/fr\/#website"},"primaryImageOfPage":{"@id":"https:\/\/www.webdo.tn\/fr\/actualite\/sport\/orange-tunisie-honore-nos-champions-olympiques\/215944\/#primaryimage"},"image":{"@id":"https:\/\/www.webdo.tn\/fr\/actualite\/sport\/orange-tunisie-honore-nos-champions-olympiques\/215944\/#primaryimage"},"thumbnailUrl":"https:\/\/www.webdo.tn\/fr\/wp-content\/uploads\/2024\/08\/d14dedb1f0ad1420d9607c894f3e44ef.webp","datePublished":"2024-08-22T09:50:00+00:00","dateModified":"2025-05-20T21:49:46+00:00","description":"Les trois athl\u00e8tes ont \u00e9t\u00e9 honor\u00e9s, mardi 20 ao\u00fbt par Orange Tunisie lors d\u2019une c\u00e9r\u00e9monie organis\u00e9e au si\u00e8ge du Centre Urbain Nord. Et c\u2019est dans une ambiance e...","breadcrumb":{"@id":"https:\/\/www.webdo.tn\/fr\/actualite\/sport\/orange-tunisie-honore-nos-champions-olympiques\/215944\/#breadcrumb"},"inLanguage":"fr-FR","potentialAction":[{"@type":"ReadAction","target":["https:\/\/www.webdo.tn\/fr\/actualite\/sport\/orange-tunisie-honore-nos-champions-olympiques\/215944\/"]}]},{"@type":"ImageObject","inLanguage":"fr-FR","@id":"https:\/\/www.webdo.tn\/fr\/actualite\/sport\/orange-tunisie-honore-nos-champions-olympiques\/215944\/#primaryimage","url":"https:\/\/www.webdo.tn\/fr\/wp-content\/uploads\/2024\/08\/d14dedb1f0ad1420d9607c894f3e44ef.webp","contentUrl":"https:\/\/www.webdo.tn\/fr\/wp-content\/uploads\/2024\/08\/d14dedb1f0ad1420d9607c894f3e44ef.webp","width":698,"height":372,"caption":"Orange Tunisie honore nos champions olympiques"},{"@type":"BreadcrumbList","@id":"https:\/\/www.webdo.tn\/fr\/actualite\/sport\/orange-tunisie-honore-nos-champions-olympiques\/215944\/#breadcrumb","itemListElement":[{"@type":"ListItem","position":1,"name":"Accueil","item":"https:\/\/www.webdo.tn\/fr\/"},{"@type":"ListItem","position":2,"name":"Orange Tunisie honore nos champions olympiques"}]},{"@type":"WebSite","@id":"https:\/\/www.webdo.tn\/fr\/#website","url":"https:\/\/www.webdo.tn\/fr\/","name":"webdo","description":"Tunisie - News en Tunisie et \u00e0 l&#039;international sur Webdo.tn","publisher":{"@id":"https:\/\/www.webdo.tn\/fr\/#organization"},"potentialAction":[{"@type":"SearchAction","target":{"@type":"EntryPoint","urlTemplate":"https:\/\/www.webdo.tn\/fr\/?s={search_term_string}"},"query-input":{"@type":"PropertyValueSpecification","valueRequired":true,"valueName":"search_term_string"}}],"inLanguage":"fr-FR"},{"@type":"Organization","@id":"https:\/\/www.webdo.tn\/fr\/#organization","name":"Webdo","alternateName":"Webdo.tn","url":"https:\/\/www.webdo.tn\/fr\/","logo":{"@type":"ImageObject","inLanguage":"fr-FR","@id":"https:\/\/www.webdo.tn\/fr\/#\/schema\/logo\/image\/","url":"https:\/\/www.webdo.tn\/fr\/wp-content\/uploads\/2025\/06\/Webdo-Tunisie_168377.jpg","contentUrl":"https:\/\/www.webdo.tn\/fr\/wp-content\/uploads\/2025\/06\/Webdo-Tunisie_168377.jpg","width":301,"height":301,"caption":"Webdo"},"image":{"@id":"https:\/\/www.webdo.tn\/fr\/#\/schema\/logo\/image\/"},"sameAs":["https:\/\/www.facebook.com\/webdotn","https:\/\/x.com\/webdo_tn"],"description":"Webdo est un m\u00e9dia num\u00e9rique tunisien fond\u00e9 en 2010, sp\u00e9cialis\u00e9 dans l\u2019actualit\u00e9 nationale et internationale, l\u2019\u00e9conomie, la soci\u00e9t\u00e9 et les analyses politiques. Le site s\u2019adresse \u00e0 un large public francophone et couvre l\u2019information tunisienne en temps r\u00e9el.","email":"redac@webdo.tn","legalName":"YNJ SARL","foundingDate":"2010-09-06","numberOfEmployees":{"@type":"QuantitativeValue","minValue":"11","maxValue":"50"}},{"@type":"Person","@id":"https:\/\/www.webdo.tn\/fr\/#\/schema\/person\/2c4929cbf5a809e3bd38617c6ce150f6","name":"MC","image":{"@type":"ImageObject","inLanguage":"fr-FR","@id":"https:\/\/secure.gravatar.com\/avatar\/a545bbb6f84efdd5553dbbc2895e3ca8f1d12c5215e00a041c9670b54aa9b18a?s=96&d=mm&r=g","url":"https:\/\/secure.gravatar.com\/avatar\/a545bbb6f84efdd5553dbbc2895e3ca8f1d12c5215e00a041c9670b54aa9b18a?s=96&d=mm&r=g","contentUrl":"https:\/\/secure.gravatar.com\/avatar\/a545bbb6f84efdd5553dbbc2895e3ca8f1d12c5215e00a041c9670b54aa9b18a?s=96&d=mm&r=g","caption":"MC"},"url":"https:\/\/www.webdo.tn\/fr\/actualite\/author\/mc\/"}]}},"_links":{"self":[{"href":"https:\/\/www.webdo.tn\/fr\/wp-json\/wp\/v2\/posts\/215944","targetHints":{"allow":["GET"]}}],"collection":[{"href":"https:\/\/www.webdo.tn\/fr\/wp-json\/wp\/v2\/posts"}],"about":[{"href":"https:\/\/www.webdo.tn\/fr\/wp-json\/wp\/v2\/types\/post"}],"author":[{"embeddable":true,"href":"https:\/\/www.webdo.tn\/fr\/wp-json\/wp\/v2\/users\/3162"}],"replies":[{"embeddable":true,"href":"https:\/\/www.webdo.tn\/fr\/wp-json\/wp\/v2\/comments?post=215944"}],"version-history":[{"count":0,"href":"https:\/\/www.webdo.tn\/fr\/wp-json\/wp\/v2\/posts\/215944\/revisions"}],"wp:featuredmedia":[{"embeddable":true,"href":"https:\/\/www.webdo.tn\/fr\/wp-json\/wp\/v2\/media\/246732"}],"wp:attachment":[{"href":"https:\/\/www.webdo.tn\/fr\/wp-json\/wp\/v2\/media?parent=215944"}],"wp:term":[{"taxonomy":"category","embeddable":true,"href":"https:\/\/www.webdo.tn\/fr\/wp-json\/wp\/v2\/categories?post=215944"},{"taxonomy":"post_tag","embeddable":true,"href":"https:\/\/www.webdo.tn\/fr\/wp-json\/wp\/v2\/tags?post=215944"}],"curies":[{"name":"wp","href":"https:\/\/api.w.org\/{rel}","templated":true}]}}