{"id":215937,"date":"2024-08-21T19:05:00","date_gmt":"2024-08-21T19:05:00","guid":{"rendered":"https:\/\/www.webdo.tn\/fr\/blog\/mandat-de-depot-a-l-encontre-de-la-tresoriere-du-mouvement-azimoun\/215937\/"},"modified":"2025-05-21T09:04:06","modified_gmt":"2025-05-21T09:04:06","slug":"mandat-de-depot-a-l-encontre-de-la-tresoriere-du-mouvement-azimoun","status":"publish","type":"post","link":"https:\/\/www.webdo.tn\/fr\/actualite\/national\/mandat-de-depot-a-l-encontre-de-la-tresoriere-du-mouvement-azimoun\/215937\/","title":{"rendered":"Mandat de d\u00e9p\u00f4t \u00e0 l&rsquo;encontre de la tr\u00e9sori\u00e8re du mouvement Azimoun"},"content":{"rendered":"<p>Le minist\u00e8re public du tribunal de premi\u00e8re instance de Tunis 2 a \u00e9mis un mandat de d\u00e9p\u00f4t \u00e0 l&rsquo;encontre de Siwar Bargaoui, tr\u00e9sori\u00e8re du mouvement \u00ab\u00a0Azimoun\u00a0\u00bb, accus\u00e9e dans le cadre de trois affaires judiciaires.<\/p>\n<p>\t\t\t\t\t\t\t\t\tLes charges retenues contre Siwar Bargaoui incluent des soup\u00e7ons de falsification de parrainages en faveur du candidat \u00e0 l&rsquo;\u00e9lection pr\u00e9sidentielle, Ayachi Zammel, selon des informations rapport\u00e9es par la radio Mosa\u00efque ce mercredi.<\/p>\n<p>Par ailleurs, il a \u00e9t\u00e9 d\u00e9cid\u00e9 de renvoyer Ayachi Zammel, candidat \u00e0 la pr\u00e9sidentielle et secr\u00e9taire g\u00e9n\u00e9ral du mouvement \u00ab\u00a0Azimoun\u00a0\u00bb, devant la chambre correctionnelle pour \u00eatre jug\u00e9 en \u00e9tat de libert\u00e9, en lien avec les m\u00eames accusations.<\/p>\n<p>En outre, quatre autres proc\u00e8s-verbaux ont \u00e9t\u00e9 renvoy\u00e9s \u00e0 la police judiciaire de Sidi Hassine Sijoumi pour compl\u00e9ment d&rsquo;enqu\u00eate. Ces dossiers seront ensuite transmis au minist\u00e8re public, qui d\u00e9cidera des suites \u00e0 donner en fonction des r\u00e9sultats des investigations.<\/p>\n<p>Il convient de rappeler que le minist\u00e8re public avait ordonn\u00e9, lundi 19 ao\u00fbt 2024, la garde \u00e0 vue de la tr\u00e9sori\u00e8re du mouvement \u00ab\u00a0Azimoun\u00a0\u00bb pour une dur\u00e9e de 48 heures, une mesure renouvelable, sous la supervision des agents de la brigade de la police judiciaire de Sidi Hassine Sijoumi.<\/p>\n","protected":false},"excerpt":{"rendered":"<p>Le minist\u00e8re public de Tunis 2 a \u00e9mis un mandat de d\u00e9p\u00f4t contre Siwar Bargaoui, tr\u00e9sori\u00e8re du mouvement  Azimoun , pour falsification pr\u00e9sum\u00e9e de parrainages en&#8230;<\/p>\n","protected":false},"author":3166,"featured_media":246734,"comment_status":"open","ping_status":"closed","sticky":false,"template":"","format":"standard","meta":{"footnotes":""},"categories":[44],"tags":[4430,5564,5696,5698,2608],"class_list":["post-215937","post","type-post","status-publish","format-standard","has-post-thumbnail","hentry","category-national","tag-ayachi-zammel","tag-azimoun","tag-parrainage","tag-presidentielle-2024","tag-tunisie"],"yoast_head":"<!-- This site is optimized with the Yoast SEO Premium plugin v27.4 (Yoast SEO v27.5) - https:\/\/yoast.com\/product\/yoast-seo-premium-wordpress\/ -->\n<title>Mandat de d\u00e9p\u00f4t \u00e0 l&#039;encontre de la tr\u00e9sori\u00e8re du mouvement Azimoun<\/title>\n<meta name=\"description\" content=\"Le minist\u00e8re public de Tunis 2 a \u00e9mis un mandat de d\u00e9p\u00f4t contre Siwar Bargaoui, tr\u00e9sori\u00e8re du mouvement Azimoun , pour falsification pr\u00e9sum\u00e9e de parrainages en...\" \/>\n<link rel=\"canonical\" href=\"https:\/\/www.webdo.tn\/fr\/actualite\/national\/mandat-de-depot-a-l-encontre-de-la-tresoriere-du-mouvement-azimoun\/215937\/\" \/>\n<meta property=\"og:locale\" content=\"fr_FR\" \/>\n<meta property=\"og:type\" content=\"article\" \/>\n<meta property=\"og:title\" content=\"Mandat de d\u00e9p\u00f4t \u00e0 l&#039;encontre de la tr\u00e9sori\u00e8re du mouvement Azimoun\" \/>\n<meta property=\"og:description\" content=\"Le minist\u00e8re public de Tunis 2 a \u00e9mis un mandat de d\u00e9p\u00f4t contre Siwar Bargaoui, tr\u00e9sori\u00e8re du mouvement Azimoun , pour falsification pr\u00e9sum\u00e9e de parrainages en...\" \/>\n<meta property=\"og:url\" content=\"https:\/\/www.webdo.tn\/fr\/actualite\/national\/mandat-de-depot-a-l-encontre-de-la-tresoriere-du-mouvement-azimoun\/215937\/\" \/>\n<meta property=\"og:site_name\" content=\"webdo\" \/>\n<meta property=\"article:publisher\" content=\"https:\/\/www.facebook.com\/webdotn\" \/>\n<meta property=\"article:published_time\" content=\"2024-08-21T19:05:00+00:00\" \/>\n<meta property=\"article:modified_time\" content=\"2025-05-21T09:04:06+00:00\" \/>\n<meta property=\"og:image\" content=\"https:\/\/www.webdo.tn\/fr\/wp-content\/uploads\/2024\/08\/abdbadcc4f505d88bfd13a5ffeae7e11.webp\" \/>\n\t<meta property=\"og:image:width\" content=\"750\" \/>\n\t<meta property=\"og:image:height\" content=\"400\" \/>\n\t<meta property=\"og:image:type\" content=\"image\/webp\" \/>\n<meta name=\"author\" content=\"AZ\" \/>\n<meta name=\"twitter:card\" content=\"summary_large_image\" \/>\n<meta name=\"twitter:creator\" content=\"@webdo_tn\" \/>\n<meta name=\"twitter:site\" content=\"@webdo_tn\" \/>\n<meta name=\"twitter:label1\" content=\"\u00c9crit par\" \/>\n\t<meta name=\"twitter:data1\" content=\"AZ\" \/>\n\t<meta name=\"twitter:label2\" content=\"Dur\u00e9e de lecture estim\u00e9e\" \/>\n\t<meta name=\"twitter:data2\" content=\"1 minute\" \/>\n<script type=\"application\/ld+json\" class=\"yoast-schema-graph\">{\"@context\":\"https:\\\/\\\/schema.org\",\"@graph\":[{\"@type\":\"NewsArticle\",\"@id\":\"https:\\\/\\\/www.webdo.tn\\\/fr\\\/actualite\\\/national\\\/mandat-de-depot-a-l-encontre-de-la-tresoriere-du-mouvement-azimoun\\\/215937\\\/#article\",\"isPartOf\":{\"@id\":\"https:\\\/\\\/www.webdo.tn\\\/fr\\\/actualite\\\/national\\\/mandat-de-depot-a-l-encontre-de-la-tresoriere-du-mouvement-azimoun\\\/215937\\\/\"},\"author\":{\"name\":\"AZ\",\"@id\":\"https:\\\/\\\/www.webdo.tn\\\/fr\\\/#\\\/schema\\\/person\\\/b8a41c04d93287d375510db360906b34\"},\"headline\":\"Mandat de d\u00e9p\u00f4t \u00e0 l&rsquo;encontre de la tr\u00e9sori\u00e8re du mouvement Azimoun\",\"datePublished\":\"2024-08-21T19:05:00+00:00\",\"dateModified\":\"2025-05-21T09:04:06+00:00\",\"mainEntityOfPage\":{\"@id\":\"https:\\\/\\\/www.webdo.tn\\\/fr\\\/actualite\\\/national\\\/mandat-de-depot-a-l-encontre-de-la-tresoriere-du-mouvement-azimoun\\\/215937\\\/\"},\"wordCount\":228,\"commentCount\":0,\"publisher\":{\"@id\":\"https:\\\/\\\/www.webdo.tn\\\/fr\\\/#organization\"},\"image\":{\"@id\":\"https:\\\/\\\/www.webdo.tn\\\/fr\\\/actualite\\\/national\\\/mandat-de-depot-a-l-encontre-de-la-tresoriere-du-mouvement-azimoun\\\/215937\\\/#primaryimage\"},\"thumbnailUrl\":\"https:\\\/\\\/www.webdo.tn\\\/fr\\\/wp-content\\\/uploads\\\/2024\\\/08\\\/abdbadcc4f505d88bfd13a5ffeae7e11.webp\",\"keywords\":[\"ayachi zammel\",\"Azimoun\",\"parrainage\",\"Pr\u00e9sidentielle 2024\",\"Tunisie\"],\"articleSection\":[\"National\"],\"inLanguage\":\"fr-FR\"},{\"@type\":\"WebPage\",\"@id\":\"https:\\\/\\\/www.webdo.tn\\\/fr\\\/actualite\\\/national\\\/mandat-de-depot-a-l-encontre-de-la-tresoriere-du-mouvement-azimoun\\\/215937\\\/\",\"url\":\"https:\\\/\\\/www.webdo.tn\\\/fr\\\/actualite\\\/national\\\/mandat-de-depot-a-l-encontre-de-la-tresoriere-du-mouvement-azimoun\\\/215937\\\/\",\"name\":\"Mandat de d\u00e9p\u00f4t \u00e0 l'encontre de la tr\u00e9sori\u00e8re du mouvement Azimoun\",\"isPartOf\":{\"@id\":\"https:\\\/\\\/www.webdo.tn\\\/fr\\\/#website\"},\"primaryImageOfPage\":{\"@id\":\"https:\\\/\\\/www.webdo.tn\\\/fr\\\/actualite\\\/national\\\/mandat-de-depot-a-l-encontre-de-la-tresoriere-du-mouvement-azimoun\\\/215937\\\/#primaryimage\"},\"image\":{\"@id\":\"https:\\\/\\\/www.webdo.tn\\\/fr\\\/actualite\\\/national\\\/mandat-de-depot-a-l-encontre-de-la-tresoriere-du-mouvement-azimoun\\\/215937\\\/#primaryimage\"},\"thumbnailUrl\":\"https:\\\/\\\/www.webdo.tn\\\/fr\\\/wp-content\\\/uploads\\\/2024\\\/08\\\/abdbadcc4f505d88bfd13a5ffeae7e11.webp\",\"datePublished\":\"2024-08-21T19:05:00+00:00\",\"dateModified\":\"2025-05-21T09:04:06+00:00\",\"description\":\"Le minist\u00e8re public de Tunis 2 a \u00e9mis un mandat de d\u00e9p\u00f4t contre Siwar Bargaoui, tr\u00e9sori\u00e8re du mouvement Azimoun , pour falsification pr\u00e9sum\u00e9e de parrainages en...\",\"breadcrumb\":{\"@id\":\"https:\\\/\\\/www.webdo.tn\\\/fr\\\/actualite\\\/national\\\/mandat-de-depot-a-l-encontre-de-la-tresoriere-du-mouvement-azimoun\\\/215937\\\/#breadcrumb\"},\"inLanguage\":\"fr-FR\",\"potentialAction\":[{\"@type\":\"ReadAction\",\"target\":[\"https:\\\/\\\/www.webdo.tn\\\/fr\\\/actualite\\\/national\\\/mandat-de-depot-a-l-encontre-de-la-tresoriere-du-mouvement-azimoun\\\/215937\\\/\"]}]},{\"@type\":\"ImageObject\",\"inLanguage\":\"fr-FR\",\"@id\":\"https:\\\/\\\/www.webdo.tn\\\/fr\\\/actualite\\\/national\\\/mandat-de-depot-a-l-encontre-de-la-tresoriere-du-mouvement-azimoun\\\/215937\\\/#primaryimage\",\"url\":\"https:\\\/\\\/www.webdo.tn\\\/fr\\\/wp-content\\\/uploads\\\/2024\\\/08\\\/abdbadcc4f505d88bfd13a5ffeae7e11.webp\",\"contentUrl\":\"https:\\\/\\\/www.webdo.tn\\\/fr\\\/wp-content\\\/uploads\\\/2024\\\/08\\\/abdbadcc4f505d88bfd13a5ffeae7e11.webp\",\"width\":750,\"height\":400,\"caption\":\"Mandat de d\u00e9p\u00f4t \u00e0 l'encontre de la tr\u00e9sori\u00e8re du mouvement Azimoun\"},{\"@type\":\"BreadcrumbList\",\"@id\":\"https:\\\/\\\/www.webdo.tn\\\/fr\\\/actualite\\\/national\\\/mandat-de-depot-a-l-encontre-de-la-tresoriere-du-mouvement-azimoun\\\/215937\\\/#breadcrumb\",\"itemListElement\":[{\"@type\":\"ListItem\",\"position\":1,\"name\":\"Accueil\",\"item\":\"https:\\\/\\\/www.webdo.tn\\\/fr\\\/\"},{\"@type\":\"ListItem\",\"position\":2,\"name\":\"Mandat de d\u00e9p\u00f4t \u00e0 l&#8217;encontre de la tr\u00e9sori\u00e8re du mouvement Azimoun\"}]},{\"@type\":\"WebSite\",\"@id\":\"https:\\\/\\\/www.webdo.tn\\\/fr\\\/#website\",\"url\":\"https:\\\/\\\/www.webdo.tn\\\/fr\\\/\",\"name\":\"webdo\",\"description\":\"Tunisie - News en Tunisie et \u00e0 l&#039;international sur Webdo.tn\",\"publisher\":{\"@id\":\"https:\\\/\\\/www.webdo.tn\\\/fr\\\/#organization\"},\"potentialAction\":[{\"@type\":\"SearchAction\",\"target\":{\"@type\":\"EntryPoint\",\"urlTemplate\":\"https:\\\/\\\/www.webdo.tn\\\/fr\\\/?s={search_term_string}\"},\"query-input\":{\"@type\":\"PropertyValueSpecification\",\"valueRequired\":true,\"valueName\":\"search_term_string\"}}],\"inLanguage\":\"fr-FR\"},{\"@type\":\"Organization\",\"@id\":\"https:\\\/\\\/www.webdo.tn\\\/fr\\\/#organization\",\"name\":\"Webdo\",\"alternateName\":\"Webdo.tn\",\"url\":\"https:\\\/\\\/www.webdo.tn\\\/fr\\\/\",\"logo\":{\"@type\":\"ImageObject\",\"inLanguage\":\"fr-FR\",\"@id\":\"https:\\\/\\\/www.webdo.tn\\\/fr\\\/#\\\/schema\\\/logo\\\/image\\\/\",\"url\":\"https:\\\/\\\/www.webdo.tn\\\/fr\\\/wp-content\\\/uploads\\\/2025\\\/06\\\/Webdo-Tunisie_168377.jpg\",\"contentUrl\":\"https:\\\/\\\/www.webdo.tn\\\/fr\\\/wp-content\\\/uploads\\\/2025\\\/06\\\/Webdo-Tunisie_168377.jpg\",\"width\":301,\"height\":301,\"caption\":\"Webdo\"},\"image\":{\"@id\":\"https:\\\/\\\/www.webdo.tn\\\/fr\\\/#\\\/schema\\\/logo\\\/image\\\/\"},\"sameAs\":[\"https:\\\/\\\/www.facebook.com\\\/webdotn\",\"https:\\\/\\\/x.com\\\/webdo_tn\"],\"description\":\"Webdo est un m\u00e9dia num\u00e9rique tunisien fond\u00e9 en 2010, sp\u00e9cialis\u00e9 dans l\u2019actualit\u00e9 nationale et internationale, l\u2019\u00e9conomie, la soci\u00e9t\u00e9 et les analyses politiques. Le site s\u2019adresse \u00e0 un large public francophone et couvre l\u2019information tunisienne en temps r\u00e9el.\",\"email\":\"redac@webdo.tn\",\"legalName\":\"YNJ SARL\",\"foundingDate\":\"2010-09-06\",\"numberOfEmployees\":{\"@type\":\"QuantitativeValue\",\"minValue\":\"11\",\"maxValue\":\"50\"}},{\"@type\":\"Person\",\"@id\":\"https:\\\/\\\/www.webdo.tn\\\/fr\\\/#\\\/schema\\\/person\\\/b8a41c04d93287d375510db360906b34\",\"name\":\"AZ\",\"image\":{\"@type\":\"ImageObject\",\"inLanguage\":\"fr-FR\",\"@id\":\"https:\\\/\\\/secure.gravatar.com\\\/avatar\\\/492b80bada79439de4201dce15cd41eece6c277cfdf1b53382073c79105c1f89?s=96&d=mm&r=g\",\"url\":\"https:\\\/\\\/secure.gravatar.com\\\/avatar\\\/492b80bada79439de4201dce15cd41eece6c277cfdf1b53382073c79105c1f89?s=96&d=mm&r=g\",\"contentUrl\":\"https:\\\/\\\/secure.gravatar.com\\\/avatar\\\/492b80bada79439de4201dce15cd41eece6c277cfdf1b53382073c79105c1f89?s=96&d=mm&r=g\",\"caption\":\"AZ\"},\"url\":\"https:\\\/\\\/www.webdo.tn\\\/fr\\\/actualite\\\/author\\\/az\\\/\"}]}<\/script>\n<!-- \/ Yoast SEO Premium plugin. -->","yoast_head_json":{"title":"Mandat de d\u00e9p\u00f4t \u00e0 l'encontre de la tr\u00e9sori\u00e8re du mouvement Azimoun","description":"Le minist\u00e8re public de Tunis 2 a \u00e9mis un mandat de d\u00e9p\u00f4t contre Siwar Bargaoui, tr\u00e9sori\u00e8re du mouvement Azimoun , pour falsification pr\u00e9sum\u00e9e de parrainages en...","canonical":"https:\/\/www.webdo.tn\/fr\/actualite\/national\/mandat-de-depot-a-l-encontre-de-la-tresoriere-du-mouvement-azimoun\/215937\/","og_locale":"fr_FR","og_type":"article","og_title":"Mandat de d\u00e9p\u00f4t \u00e0 l'encontre de la tr\u00e9sori\u00e8re du mouvement Azimoun","og_description":"Le minist\u00e8re public de Tunis 2 a \u00e9mis un mandat de d\u00e9p\u00f4t contre Siwar Bargaoui, tr\u00e9sori\u00e8re du mouvement Azimoun , pour falsification pr\u00e9sum\u00e9e de parrainages en...","og_url":"https:\/\/www.webdo.tn\/fr\/actualite\/national\/mandat-de-depot-a-l-encontre-de-la-tresoriere-du-mouvement-azimoun\/215937\/","og_site_name":"webdo","article_publisher":"https:\/\/www.facebook.com\/webdotn","article_published_time":"2024-08-21T19:05:00+00:00","article_modified_time":"2025-05-21T09:04:06+00:00","og_image":[{"width":750,"height":400,"url":"https:\/\/www.webdo.tn\/fr\/wp-content\/uploads\/2024\/08\/abdbadcc4f505d88bfd13a5ffeae7e11.webp","type":"image\/webp"}],"author":"AZ","twitter_card":"summary_large_image","twitter_creator":"@webdo_tn","twitter_site":"@webdo_tn","twitter_misc":{"\u00c9crit par":"AZ","Dur\u00e9e de lecture estim\u00e9e":"1 minute"},"schema":{"@context":"https:\/\/schema.org","@graph":[{"@type":"NewsArticle","@id":"https:\/\/www.webdo.tn\/fr\/actualite\/national\/mandat-de-depot-a-l-encontre-de-la-tresoriere-du-mouvement-azimoun\/215937\/#article","isPartOf":{"@id":"https:\/\/www.webdo.tn\/fr\/actualite\/national\/mandat-de-depot-a-l-encontre-de-la-tresoriere-du-mouvement-azimoun\/215937\/"},"author":{"name":"AZ","@id":"https:\/\/www.webdo.tn\/fr\/#\/schema\/person\/b8a41c04d93287d375510db360906b34"},"headline":"Mandat de d\u00e9p\u00f4t \u00e0 l&rsquo;encontre de la tr\u00e9sori\u00e8re du mouvement Azimoun","datePublished":"2024-08-21T19:05:00+00:00","dateModified":"2025-05-21T09:04:06+00:00","mainEntityOfPage":{"@id":"https:\/\/www.webdo.tn\/fr\/actualite\/national\/mandat-de-depot-a-l-encontre-de-la-tresoriere-du-mouvement-azimoun\/215937\/"},"wordCount":228,"commentCount":0,"publisher":{"@id":"https:\/\/www.webdo.tn\/fr\/#organization"},"image":{"@id":"https:\/\/www.webdo.tn\/fr\/actualite\/national\/mandat-de-depot-a-l-encontre-de-la-tresoriere-du-mouvement-azimoun\/215937\/#primaryimage"},"thumbnailUrl":"https:\/\/www.webdo.tn\/fr\/wp-content\/uploads\/2024\/08\/abdbadcc4f505d88bfd13a5ffeae7e11.webp","keywords":["ayachi zammel","Azimoun","parrainage","Pr\u00e9sidentielle 2024","Tunisie"],"articleSection":["National"],"inLanguage":"fr-FR"},{"@type":"WebPage","@id":"https:\/\/www.webdo.tn\/fr\/actualite\/national\/mandat-de-depot-a-l-encontre-de-la-tresoriere-du-mouvement-azimoun\/215937\/","url":"https:\/\/www.webdo.tn\/fr\/actualite\/national\/mandat-de-depot-a-l-encontre-de-la-tresoriere-du-mouvement-azimoun\/215937\/","name":"Mandat de d\u00e9p\u00f4t \u00e0 l'encontre de la tr\u00e9sori\u00e8re du mouvement Azimoun","isPartOf":{"@id":"https:\/\/www.webdo.tn\/fr\/#website"},"primaryImageOfPage":{"@id":"https:\/\/www.webdo.tn\/fr\/actualite\/national\/mandat-de-depot-a-l-encontre-de-la-tresoriere-du-mouvement-azimoun\/215937\/#primaryimage"},"image":{"@id":"https:\/\/www.webdo.tn\/fr\/actualite\/national\/mandat-de-depot-a-l-encontre-de-la-tresoriere-du-mouvement-azimoun\/215937\/#primaryimage"},"thumbnailUrl":"https:\/\/www.webdo.tn\/fr\/wp-content\/uploads\/2024\/08\/abdbadcc4f505d88bfd13a5ffeae7e11.webp","datePublished":"2024-08-21T19:05:00+00:00","dateModified":"2025-05-21T09:04:06+00:00","description":"Le minist\u00e8re public de Tunis 2 a \u00e9mis un mandat de d\u00e9p\u00f4t contre Siwar Bargaoui, tr\u00e9sori\u00e8re du mouvement Azimoun , pour falsification pr\u00e9sum\u00e9e de parrainages en...","breadcrumb":{"@id":"https:\/\/www.webdo.tn\/fr\/actualite\/national\/mandat-de-depot-a-l-encontre-de-la-tresoriere-du-mouvement-azimoun\/215937\/#breadcrumb"},"inLanguage":"fr-FR","potentialAction":[{"@type":"ReadAction","target":["https:\/\/www.webdo.tn\/fr\/actualite\/national\/mandat-de-depot-a-l-encontre-de-la-tresoriere-du-mouvement-azimoun\/215937\/"]}]},{"@type":"ImageObject","inLanguage":"fr-FR","@id":"https:\/\/www.webdo.tn\/fr\/actualite\/national\/mandat-de-depot-a-l-encontre-de-la-tresoriere-du-mouvement-azimoun\/215937\/#primaryimage","url":"https:\/\/www.webdo.tn\/fr\/wp-content\/uploads\/2024\/08\/abdbadcc4f505d88bfd13a5ffeae7e11.webp","contentUrl":"https:\/\/www.webdo.tn\/fr\/wp-content\/uploads\/2024\/08\/abdbadcc4f505d88bfd13a5ffeae7e11.webp","width":750,"height":400,"caption":"Mandat de d\u00e9p\u00f4t \u00e0 l'encontre de la tr\u00e9sori\u00e8re du mouvement Azimoun"},{"@type":"BreadcrumbList","@id":"https:\/\/www.webdo.tn\/fr\/actualite\/national\/mandat-de-depot-a-l-encontre-de-la-tresoriere-du-mouvement-azimoun\/215937\/#breadcrumb","itemListElement":[{"@type":"ListItem","position":1,"name":"Accueil","item":"https:\/\/www.webdo.tn\/fr\/"},{"@type":"ListItem","position":2,"name":"Mandat de d\u00e9p\u00f4t \u00e0 l&#8217;encontre de la tr\u00e9sori\u00e8re du mouvement Azimoun"}]},{"@type":"WebSite","@id":"https:\/\/www.webdo.tn\/fr\/#website","url":"https:\/\/www.webdo.tn\/fr\/","name":"webdo","description":"Tunisie - News en Tunisie et \u00e0 l&#039;international sur Webdo.tn","publisher":{"@id":"https:\/\/www.webdo.tn\/fr\/#organization"},"potentialAction":[{"@type":"SearchAction","target":{"@type":"EntryPoint","urlTemplate":"https:\/\/www.webdo.tn\/fr\/?s={search_term_string}"},"query-input":{"@type":"PropertyValueSpecification","valueRequired":true,"valueName":"search_term_string"}}],"inLanguage":"fr-FR"},{"@type":"Organization","@id":"https:\/\/www.webdo.tn\/fr\/#organization","name":"Webdo","alternateName":"Webdo.tn","url":"https:\/\/www.webdo.tn\/fr\/","logo":{"@type":"ImageObject","inLanguage":"fr-FR","@id":"https:\/\/www.webdo.tn\/fr\/#\/schema\/logo\/image\/","url":"https:\/\/www.webdo.tn\/fr\/wp-content\/uploads\/2025\/06\/Webdo-Tunisie_168377.jpg","contentUrl":"https:\/\/www.webdo.tn\/fr\/wp-content\/uploads\/2025\/06\/Webdo-Tunisie_168377.jpg","width":301,"height":301,"caption":"Webdo"},"image":{"@id":"https:\/\/www.webdo.tn\/fr\/#\/schema\/logo\/image\/"},"sameAs":["https:\/\/www.facebook.com\/webdotn","https:\/\/x.com\/webdo_tn"],"description":"Webdo est un m\u00e9dia num\u00e9rique tunisien fond\u00e9 en 2010, sp\u00e9cialis\u00e9 dans l\u2019actualit\u00e9 nationale et internationale, l\u2019\u00e9conomie, la soci\u00e9t\u00e9 et les analyses politiques. Le site s\u2019adresse \u00e0 un large public francophone et couvre l\u2019information tunisienne en temps r\u00e9el.","email":"redac@webdo.tn","legalName":"YNJ SARL","foundingDate":"2010-09-06","numberOfEmployees":{"@type":"QuantitativeValue","minValue":"11","maxValue":"50"}},{"@type":"Person","@id":"https:\/\/www.webdo.tn\/fr\/#\/schema\/person\/b8a41c04d93287d375510db360906b34","name":"AZ","image":{"@type":"ImageObject","inLanguage":"fr-FR","@id":"https:\/\/secure.gravatar.com\/avatar\/492b80bada79439de4201dce15cd41eece6c277cfdf1b53382073c79105c1f89?s=96&d=mm&r=g","url":"https:\/\/secure.gravatar.com\/avatar\/492b80bada79439de4201dce15cd41eece6c277cfdf1b53382073c79105c1f89?s=96&d=mm&r=g","contentUrl":"https:\/\/secure.gravatar.com\/avatar\/492b80bada79439de4201dce15cd41eece6c277cfdf1b53382073c79105c1f89?s=96&d=mm&r=g","caption":"AZ"},"url":"https:\/\/www.webdo.tn\/fr\/actualite\/author\/az\/"}]}},"_links":{"self":[{"href":"https:\/\/www.webdo.tn\/fr\/wp-json\/wp\/v2\/posts\/215937","targetHints":{"allow":["GET"]}}],"collection":[{"href":"https:\/\/www.webdo.tn\/fr\/wp-json\/wp\/v2\/posts"}],"about":[{"href":"https:\/\/www.webdo.tn\/fr\/wp-json\/wp\/v2\/types\/post"}],"author":[{"embeddable":true,"href":"https:\/\/www.webdo.tn\/fr\/wp-json\/wp\/v2\/users\/3166"}],"replies":[{"embeddable":true,"href":"https:\/\/www.webdo.tn\/fr\/wp-json\/wp\/v2\/comments?post=215937"}],"version-history":[{"count":0,"href":"https:\/\/www.webdo.tn\/fr\/wp-json\/wp\/v2\/posts\/215937\/revisions"}],"wp:featuredmedia":[{"embeddable":true,"href":"https:\/\/www.webdo.tn\/fr\/wp-json\/wp\/v2\/media\/246734"}],"wp:attachment":[{"href":"https:\/\/www.webdo.tn\/fr\/wp-json\/wp\/v2\/media?parent=215937"}],"wp:term":[{"taxonomy":"category","embeddable":true,"href":"https:\/\/www.webdo.tn\/fr\/wp-json\/wp\/v2\/categories?post=215937"},{"taxonomy":"post_tag","embeddable":true,"href":"https:\/\/www.webdo.tn\/fr\/wp-json\/wp\/v2\/tags?post=215937"}],"curies":[{"name":"wp","href":"https:\/\/api.w.org\/{rel}","templated":true}]}}