{"id":215926,"date":"2024-08-21T09:48:00","date_gmt":"2024-08-21T09:48:00","guid":{"rendered":"https:\/\/www.webdo.tn\/fr\/blog\/l-oms-rassure-le-mpox-n-est-pas-le-nouveau-covid\/215926\/"},"modified":"2025-05-14T09:42:27","modified_gmt":"2025-05-14T09:42:27","slug":"l-oms-rassure-le-mpox-n-est-pas-le-nouveau-covid","status":"publish","type":"post","link":"https:\/\/www.webdo.tn\/fr\/actualite\/international\/l-oms-rassure-le-mpox-n-est-pas-le-nouveau-covid\/215926\/","title":{"rendered":"L&rsquo;OMS rassure : le mpox n&rsquo;est pas le nouveau Covid"},"content":{"rendered":"<p>Hans Kluge, directeur r\u00e9gional de l&rsquo;OMS pour l&rsquo;Europe, a affirm\u00e9 hier, mardi 20 ao\u00fbt, que le mpox, malgr\u00e9 ses nouvelles souches, ne repr\u00e9sente pas une menace comparable au Covid-19. L&rsquo;organisation souligne que les m\u00e9thodes pour contr\u00f4ler sa propagation sont connues et efficaces.<\/p>\n<p>\t\t\t\t\t\t\t\t\tKluge appelle \u00e0 une action concert\u00e9e mondiale pour lutter contre le mpox, insistant sur l&rsquo;importance d&rsquo;une r\u00e9ponse proactive plut\u00f4t que r\u00e9active. Il met en garde contre les cycles de panique et de n\u00e9gligence, soulignant que la r\u00e9action actuelle sera d\u00e9terminante pour l&rsquo;avenir.<\/p>\n<p>Le mpox, une infection virale potentiellement mortelle, inqui\u00e8te par sa variante du clade 1b, apparemment plus contagieuse. Un cas li\u00e9 \u00e0 une \u00e9pid\u00e9mie africaine a \u00e9t\u00e9 confirm\u00e9 en Su\u00e8de, marquant sa premi\u00e8re apparition hors du continent africain.<\/p>\n<p>L&rsquo;OMS encourage une approche globale, estimant que la lutte contre la nouvelle souche b\u00e9n\u00e9ficiera \u00e9galement au contr\u00f4le de la variante moins s\u00e9v\u00e8re du clade 2, pr\u00e9sente depuis 2022. Environ 100 nouveaux cas de cette derni\u00e8re sont signal\u00e9s mensuellement en Europe.<\/p>\n<p>Contrairement au Covid-19, le mpox se transmet principalement par contact physique \u00e9troit. Les autorit\u00e9s sanitaires restent vigilantes face \u00e0 d&rsquo;\u00e9ventuelles mutations, mais aucune recommandation de port du masque n&rsquo;est actuellement \u00e9mise.<\/p>\n<p>La Tunisie renforce ses mesures de surveillance sanitaire<\/p>\n<p>En Tunisie, des mesures de surveillance renforc\u00e9es sont mises en place, notamment aux fronti\u00e8res, en r\u00e9ponse \u00e0 la d\u00e9claration d&rsquo;urgence mondiale de l&rsquo;OMS. Bien qu&rsquo;aucun cas n&rsquo;ait \u00e9t\u00e9 d\u00e9tect\u00e9 dans ces pays, la situation reste sous haute surveillance, particuli\u00e8rement en raison des d\u00e9fis pos\u00e9s par les flux migratoires et la fragilit\u00e9 du syst\u00e8me de sant\u00e9 libyen.<\/p>\n<p>Le risque est d&rsquo;autant plus grand que l&rsquo;afflux incontr\u00f4l\u00e9 de migrants en provenance d&rsquo;Afrique subsaharienne, souvent sans aucun contr\u00f4le sanitaire, pourrait faciliter l&rsquo;introduction du virus en Tunisie et en Libye.<\/p>\n<p>Cette combinaison de facteurs \u2013 l&rsquo;instabilit\u00e9 du syst\u00e8me de sant\u00e9 libyen et l&rsquo;entr\u00e9e non r\u00e9gul\u00e9e de migrants \u2013 pourrait rendre extr\u00eamement difficile la ma\u00eetrise d&rsquo;une \u00e9ventuelle \u00e9pid\u00e9mie, posant ainsi une menace directe pour la Tunisie.<\/p>\n<p>Urgence sanitaire mondiale<\/p>\n<p>L&rsquo;OMS a r\u00e9cemment d\u00e9clar\u00e9 la variole du singe une urgence sanitaire mondiale \u00e0 la suite d&rsquo;une \u00e9pid\u00e9mie importante en R\u00e9publique d\u00e9mocratique du Congo, qui s&rsquo;est propag\u00e9e aux pays africains voisins.<\/p>\n<p>Rien que pour hier, l&rsquo;OMS a enregistr\u00e9 plus de 19.000 cas et 548 morts sur le continent africain, dont plus de 96% en RDC. Le virus s&rsquo;est d\u00e9j\u00e0 propag\u00e9 \u00e0 des pays comme le Burundi, le Kenya, le Rwanda et l&rsquo;Ouganda.<\/p>\n","protected":false},"excerpt":{"rendered":"<p>D\u00e9couvrez pourquoi l&rsquo;OMS affirme que le mpox n&rsquo;est pas le nouveau COVID et comment les autorit\u00e9s peuvent contr\u00f4ler sa propagation.<\/p>\n","protected":false},"author":3203,"featured_media":246726,"comment_status":"open","ping_status":"closed","sticky":false,"template":"","format":"standard","meta":{"footnotes":""},"categories":[2598],"tags":[5873,5871,5743,4322,5872,2608],"class_list":["post-215926","post","type-post","status-publish","format-standard","has-post-thumbnail","hentry","category-international","tag-afrique-subsaharienne","tag-covid-19","tag-mpox","tag-oms","tag-pandemie","tag-tunisie"],"yoast_head":"<!-- This site is optimized with the Yoast SEO Premium plugin v27.4 (Yoast SEO v27.5) - https:\/\/yoast.com\/product\/yoast-seo-premium-wordpress\/ -->\n<title>L&#039;OMS rassure : le mpox n&#039;est pas le nouveau Covid<\/title>\n<meta name=\"description\" content=\"D\u00e9couvrez pourquoi l&#039;OMS affirme que le mpox n&#039;est pas le nouveau COVID et comment les autorit\u00e9s peuvent contr\u00f4ler sa propagation.\" \/>\n<link rel=\"canonical\" href=\"https:\/\/www.webdo.tn\/fr\/actualite\/international\/l-oms-rassure-le-mpox-n-est-pas-le-nouveau-covid\/215926\/\" \/>\n<meta property=\"og:locale\" content=\"fr_FR\" \/>\n<meta property=\"og:type\" content=\"article\" \/>\n<meta property=\"og:title\" content=\"L&#039;OMS rassure : le mpox n&#039;est pas le nouveau Covid\" \/>\n<meta property=\"og:description\" content=\"D\u00e9couvrez pourquoi l&#039;OMS affirme que le mpox n&#039;est pas le nouveau COVID et comment les autorit\u00e9s peuvent contr\u00f4ler sa propagation.\" \/>\n<meta property=\"og:url\" content=\"https:\/\/www.webdo.tn\/fr\/actualite\/international\/l-oms-rassure-le-mpox-n-est-pas-le-nouveau-covid\/215926\/\" \/>\n<meta property=\"og:site_name\" content=\"webdo\" \/>\n<meta property=\"article:publisher\" content=\"https:\/\/www.facebook.com\/webdotn\" \/>\n<meta property=\"article:published_time\" content=\"2024-08-21T09:48:00+00:00\" \/>\n<meta property=\"article:modified_time\" content=\"2025-05-14T09:42:27+00:00\" \/>\n<meta property=\"og:image\" content=\"https:\/\/www.webdo.tn\/fr\/wp-content\/uploads\/2024\/08\/eaf90d0a594a524149967e942af82bec.webp\" \/>\n\t<meta property=\"og:image:width\" content=\"750\" \/>\n\t<meta property=\"og:image:height\" content=\"400\" \/>\n\t<meta property=\"og:image:type\" content=\"image\/webp\" \/>\n<meta name=\"author\" content=\"Ramzi Haddad\" \/>\n<meta name=\"twitter:card\" content=\"summary_large_image\" \/>\n<meta name=\"twitter:creator\" content=\"@webdo_tn\" \/>\n<meta name=\"twitter:site\" content=\"@webdo_tn\" \/>\n<meta name=\"twitter:label1\" content=\"\u00c9crit par\" \/>\n\t<meta name=\"twitter:data1\" content=\"Ramzi Haddad\" \/>\n\t<meta name=\"twitter:label2\" content=\"Dur\u00e9e de lecture estim\u00e9e\" \/>\n\t<meta name=\"twitter:data2\" content=\"2 minutes\" \/>\n<script type=\"application\/ld+json\" class=\"yoast-schema-graph\">{\"@context\":\"https:\\\/\\\/schema.org\",\"@graph\":[{\"@type\":\"NewsArticle\",\"@id\":\"https:\\\/\\\/www.webdo.tn\\\/fr\\\/actualite\\\/international\\\/l-oms-rassure-le-mpox-n-est-pas-le-nouveau-covid\\\/215926\\\/#article\",\"isPartOf\":{\"@id\":\"https:\\\/\\\/www.webdo.tn\\\/fr\\\/actualite\\\/international\\\/l-oms-rassure-le-mpox-n-est-pas-le-nouveau-covid\\\/215926\\\/\"},\"author\":{\"name\":\"Ramzi Haddad\",\"@id\":\"https:\\\/\\\/www.webdo.tn\\\/fr\\\/#\\\/schema\\\/person\\\/5663044c25eb36d8f88ba5b653f12f8c\"},\"headline\":\"L&rsquo;OMS rassure : le mpox n&rsquo;est pas le nouveau Covid\",\"datePublished\":\"2024-08-21T09:48:00+00:00\",\"dateModified\":\"2025-05-14T09:42:27+00:00\",\"mainEntityOfPage\":{\"@id\":\"https:\\\/\\\/www.webdo.tn\\\/fr\\\/actualite\\\/international\\\/l-oms-rassure-le-mpox-n-est-pas-le-nouveau-covid\\\/215926\\\/\"},\"wordCount\":467,\"commentCount\":0,\"publisher\":{\"@id\":\"https:\\\/\\\/www.webdo.tn\\\/fr\\\/#organization\"},\"image\":{\"@id\":\"https:\\\/\\\/www.webdo.tn\\\/fr\\\/actualite\\\/international\\\/l-oms-rassure-le-mpox-n-est-pas-le-nouveau-covid\\\/215926\\\/#primaryimage\"},\"thumbnailUrl\":\"https:\\\/\\\/www.webdo.tn\\\/fr\\\/wp-content\\\/uploads\\\/2024\\\/08\\\/eaf90d0a594a524149967e942af82bec.webp\",\"keywords\":[\"Afrique subsaharienne\",\"Covid-19\",\"mpox\",\"OMS\",\"pand\u00e9mie\",\"Tunisie\"],\"articleSection\":[\"International\"],\"inLanguage\":\"fr-FR\"},{\"@type\":\"WebPage\",\"@id\":\"https:\\\/\\\/www.webdo.tn\\\/fr\\\/actualite\\\/international\\\/l-oms-rassure-le-mpox-n-est-pas-le-nouveau-covid\\\/215926\\\/\",\"url\":\"https:\\\/\\\/www.webdo.tn\\\/fr\\\/actualite\\\/international\\\/l-oms-rassure-le-mpox-n-est-pas-le-nouveau-covid\\\/215926\\\/\",\"name\":\"L'OMS rassure : le mpox n'est pas le nouveau Covid\",\"isPartOf\":{\"@id\":\"https:\\\/\\\/www.webdo.tn\\\/fr\\\/#website\"},\"primaryImageOfPage\":{\"@id\":\"https:\\\/\\\/www.webdo.tn\\\/fr\\\/actualite\\\/international\\\/l-oms-rassure-le-mpox-n-est-pas-le-nouveau-covid\\\/215926\\\/#primaryimage\"},\"image\":{\"@id\":\"https:\\\/\\\/www.webdo.tn\\\/fr\\\/actualite\\\/international\\\/l-oms-rassure-le-mpox-n-est-pas-le-nouveau-covid\\\/215926\\\/#primaryimage\"},\"thumbnailUrl\":\"https:\\\/\\\/www.webdo.tn\\\/fr\\\/wp-content\\\/uploads\\\/2024\\\/08\\\/eaf90d0a594a524149967e942af82bec.webp\",\"datePublished\":\"2024-08-21T09:48:00+00:00\",\"dateModified\":\"2025-05-14T09:42:27+00:00\",\"description\":\"D\u00e9couvrez pourquoi l'OMS affirme que le mpox n'est pas le nouveau COVID et comment les autorit\u00e9s peuvent contr\u00f4ler sa propagation.\",\"breadcrumb\":{\"@id\":\"https:\\\/\\\/www.webdo.tn\\\/fr\\\/actualite\\\/international\\\/l-oms-rassure-le-mpox-n-est-pas-le-nouveau-covid\\\/215926\\\/#breadcrumb\"},\"inLanguage\":\"fr-FR\",\"potentialAction\":[{\"@type\":\"ReadAction\",\"target\":[\"https:\\\/\\\/www.webdo.tn\\\/fr\\\/actualite\\\/international\\\/l-oms-rassure-le-mpox-n-est-pas-le-nouveau-covid\\\/215926\\\/\"]}]},{\"@type\":\"ImageObject\",\"inLanguage\":\"fr-FR\",\"@id\":\"https:\\\/\\\/www.webdo.tn\\\/fr\\\/actualite\\\/international\\\/l-oms-rassure-le-mpox-n-est-pas-le-nouveau-covid\\\/215926\\\/#primaryimage\",\"url\":\"https:\\\/\\\/www.webdo.tn\\\/fr\\\/wp-content\\\/uploads\\\/2024\\\/08\\\/eaf90d0a594a524149967e942af82bec.webp\",\"contentUrl\":\"https:\\\/\\\/www.webdo.tn\\\/fr\\\/wp-content\\\/uploads\\\/2024\\\/08\\\/eaf90d0a594a524149967e942af82bec.webp\",\"width\":750,\"height\":400,\"caption\":\"L'OMS rassure : le mpox n'est pas le nouveau Covid\"},{\"@type\":\"BreadcrumbList\",\"@id\":\"https:\\\/\\\/www.webdo.tn\\\/fr\\\/actualite\\\/international\\\/l-oms-rassure-le-mpox-n-est-pas-le-nouveau-covid\\\/215926\\\/#breadcrumb\",\"itemListElement\":[{\"@type\":\"ListItem\",\"position\":1,\"name\":\"Accueil\",\"item\":\"https:\\\/\\\/www.webdo.tn\\\/fr\\\/\"},{\"@type\":\"ListItem\",\"position\":2,\"name\":\"L&rsquo;OMS rassure : le mpox n&rsquo;est pas le nouveau Covid\"}]},{\"@type\":\"WebSite\",\"@id\":\"https:\\\/\\\/www.webdo.tn\\\/fr\\\/#website\",\"url\":\"https:\\\/\\\/www.webdo.tn\\\/fr\\\/\",\"name\":\"webdo\",\"description\":\"Tunisie - News en Tunisie et \u00e0 l&#039;international sur Webdo.tn\",\"publisher\":{\"@id\":\"https:\\\/\\\/www.webdo.tn\\\/fr\\\/#organization\"},\"potentialAction\":[{\"@type\":\"SearchAction\",\"target\":{\"@type\":\"EntryPoint\",\"urlTemplate\":\"https:\\\/\\\/www.webdo.tn\\\/fr\\\/?s={search_term_string}\"},\"query-input\":{\"@type\":\"PropertyValueSpecification\",\"valueRequired\":true,\"valueName\":\"search_term_string\"}}],\"inLanguage\":\"fr-FR\"},{\"@type\":\"Organization\",\"@id\":\"https:\\\/\\\/www.webdo.tn\\\/fr\\\/#organization\",\"name\":\"Webdo\",\"alternateName\":\"Webdo.tn\",\"url\":\"https:\\\/\\\/www.webdo.tn\\\/fr\\\/\",\"logo\":{\"@type\":\"ImageObject\",\"inLanguage\":\"fr-FR\",\"@id\":\"https:\\\/\\\/www.webdo.tn\\\/fr\\\/#\\\/schema\\\/logo\\\/image\\\/\",\"url\":\"https:\\\/\\\/www.webdo.tn\\\/fr\\\/wp-content\\\/uploads\\\/2025\\\/06\\\/Webdo-Tunisie_168377.jpg\",\"contentUrl\":\"https:\\\/\\\/www.webdo.tn\\\/fr\\\/wp-content\\\/uploads\\\/2025\\\/06\\\/Webdo-Tunisie_168377.jpg\",\"width\":301,\"height\":301,\"caption\":\"Webdo\"},\"image\":{\"@id\":\"https:\\\/\\\/www.webdo.tn\\\/fr\\\/#\\\/schema\\\/logo\\\/image\\\/\"},\"sameAs\":[\"https:\\\/\\\/www.facebook.com\\\/webdotn\",\"https:\\\/\\\/x.com\\\/webdo_tn\"],\"description\":\"Webdo est un m\u00e9dia num\u00e9rique tunisien fond\u00e9 en 2010, sp\u00e9cialis\u00e9 dans l\u2019actualit\u00e9 nationale et internationale, l\u2019\u00e9conomie, la soci\u00e9t\u00e9 et les analyses politiques. Le site s\u2019adresse \u00e0 un large public francophone et couvre l\u2019information tunisienne en temps r\u00e9el.\",\"email\":\"redac@webdo.tn\",\"legalName\":\"YNJ SARL\",\"foundingDate\":\"2010-09-06\",\"numberOfEmployees\":{\"@type\":\"QuantitativeValue\",\"minValue\":\"11\",\"maxValue\":\"50\"}},{\"@type\":\"Person\",\"@id\":\"https:\\\/\\\/www.webdo.tn\\\/fr\\\/#\\\/schema\\\/person\\\/5663044c25eb36d8f88ba5b653f12f8c\",\"name\":\"Ramzi Haddad\",\"image\":{\"@type\":\"ImageObject\",\"inLanguage\":\"fr-FR\",\"@id\":\"https:\\\/\\\/www.webdo.tn\\\/fr\\\/wp-content\\\/uploads\\\/2026\\\/04\\\/ramzi-haddad_avatar-96x96.jpg\",\"url\":\"https:\\\/\\\/www.webdo.tn\\\/fr\\\/wp-content\\\/uploads\\\/2026\\\/04\\\/ramzi-haddad_avatar-96x96.jpg\",\"contentUrl\":\"https:\\\/\\\/www.webdo.tn\\\/fr\\\/wp-content\\\/uploads\\\/2026\\\/04\\\/ramzi-haddad_avatar-96x96.jpg\",\"caption\":\"Ramzi Haddad\"},\"description\":\"Signature \u00e9ditoriale de Walid Ben Youssef Ramzi Haddad est le pseudonyme \u00e9ditorial de Walid Ben Youssef, fondateur et g\u00e9rant de Webdo.tn. Cette signature est d\u00e9di\u00e9e \u00e0 la couverture de l'actualit\u00e9 nationale et internationale, ainsi qu'aux analyses des dynamiques num\u00e9riques. Ce profil b\u00e9n\u00e9ficie de l'expertise de Walid Ben Youssef, pionnier du web en Tunisie depuis 2000 et dipl\u00f4m\u00e9 en Math\u00e9matiques pures de l'Universit\u00e9 d'Oregon. \u00c0 travers cette signature, la r\u00e9daction de Webdo garantit une information structur\u00e9e et v\u00e9rifi\u00e9e, fid\u00e8le aux standards journalistiques du m\u00e9dia.\",\"url\":\"https:\\\/\\\/www.webdo.tn\\\/fr\\\/actualite\\\/author\\\/ramzi-haddad\\\/\"}]}<\/script>\n<!-- \/ Yoast SEO Premium plugin. -->","yoast_head_json":{"title":"L'OMS rassure : le mpox n'est pas le nouveau Covid","description":"D\u00e9couvrez pourquoi l'OMS affirme que le mpox n'est pas le nouveau COVID et comment les autorit\u00e9s peuvent contr\u00f4ler sa propagation.","canonical":"https:\/\/www.webdo.tn\/fr\/actualite\/international\/l-oms-rassure-le-mpox-n-est-pas-le-nouveau-covid\/215926\/","og_locale":"fr_FR","og_type":"article","og_title":"L'OMS rassure : le mpox n'est pas le nouveau Covid","og_description":"D\u00e9couvrez pourquoi l'OMS affirme que le mpox n'est pas le nouveau COVID et comment les autorit\u00e9s peuvent contr\u00f4ler sa propagation.","og_url":"https:\/\/www.webdo.tn\/fr\/actualite\/international\/l-oms-rassure-le-mpox-n-est-pas-le-nouveau-covid\/215926\/","og_site_name":"webdo","article_publisher":"https:\/\/www.facebook.com\/webdotn","article_published_time":"2024-08-21T09:48:00+00:00","article_modified_time":"2025-05-14T09:42:27+00:00","og_image":[{"width":750,"height":400,"url":"https:\/\/www.webdo.tn\/fr\/wp-content\/uploads\/2024\/08\/eaf90d0a594a524149967e942af82bec.webp","type":"image\/webp"}],"author":"Ramzi Haddad","twitter_card":"summary_large_image","twitter_creator":"@webdo_tn","twitter_site":"@webdo_tn","twitter_misc":{"\u00c9crit par":"Ramzi Haddad","Dur\u00e9e de lecture estim\u00e9e":"2 minutes"},"schema":{"@context":"https:\/\/schema.org","@graph":[{"@type":"NewsArticle","@id":"https:\/\/www.webdo.tn\/fr\/actualite\/international\/l-oms-rassure-le-mpox-n-est-pas-le-nouveau-covid\/215926\/#article","isPartOf":{"@id":"https:\/\/www.webdo.tn\/fr\/actualite\/international\/l-oms-rassure-le-mpox-n-est-pas-le-nouveau-covid\/215926\/"},"author":{"name":"Ramzi Haddad","@id":"https:\/\/www.webdo.tn\/fr\/#\/schema\/person\/5663044c25eb36d8f88ba5b653f12f8c"},"headline":"L&rsquo;OMS rassure : le mpox n&rsquo;est pas le nouveau Covid","datePublished":"2024-08-21T09:48:00+00:00","dateModified":"2025-05-14T09:42:27+00:00","mainEntityOfPage":{"@id":"https:\/\/www.webdo.tn\/fr\/actualite\/international\/l-oms-rassure-le-mpox-n-est-pas-le-nouveau-covid\/215926\/"},"wordCount":467,"commentCount":0,"publisher":{"@id":"https:\/\/www.webdo.tn\/fr\/#organization"},"image":{"@id":"https:\/\/www.webdo.tn\/fr\/actualite\/international\/l-oms-rassure-le-mpox-n-est-pas-le-nouveau-covid\/215926\/#primaryimage"},"thumbnailUrl":"https:\/\/www.webdo.tn\/fr\/wp-content\/uploads\/2024\/08\/eaf90d0a594a524149967e942af82bec.webp","keywords":["Afrique subsaharienne","Covid-19","mpox","OMS","pand\u00e9mie","Tunisie"],"articleSection":["International"],"inLanguage":"fr-FR"},{"@type":"WebPage","@id":"https:\/\/www.webdo.tn\/fr\/actualite\/international\/l-oms-rassure-le-mpox-n-est-pas-le-nouveau-covid\/215926\/","url":"https:\/\/www.webdo.tn\/fr\/actualite\/international\/l-oms-rassure-le-mpox-n-est-pas-le-nouveau-covid\/215926\/","name":"L'OMS rassure : le mpox n'est pas le nouveau Covid","isPartOf":{"@id":"https:\/\/www.webdo.tn\/fr\/#website"},"primaryImageOfPage":{"@id":"https:\/\/www.webdo.tn\/fr\/actualite\/international\/l-oms-rassure-le-mpox-n-est-pas-le-nouveau-covid\/215926\/#primaryimage"},"image":{"@id":"https:\/\/www.webdo.tn\/fr\/actualite\/international\/l-oms-rassure-le-mpox-n-est-pas-le-nouveau-covid\/215926\/#primaryimage"},"thumbnailUrl":"https:\/\/www.webdo.tn\/fr\/wp-content\/uploads\/2024\/08\/eaf90d0a594a524149967e942af82bec.webp","datePublished":"2024-08-21T09:48:00+00:00","dateModified":"2025-05-14T09:42:27+00:00","description":"D\u00e9couvrez pourquoi l'OMS affirme que le mpox n'est pas le nouveau COVID et comment les autorit\u00e9s peuvent contr\u00f4ler sa propagation.","breadcrumb":{"@id":"https:\/\/www.webdo.tn\/fr\/actualite\/international\/l-oms-rassure-le-mpox-n-est-pas-le-nouveau-covid\/215926\/#breadcrumb"},"inLanguage":"fr-FR","potentialAction":[{"@type":"ReadAction","target":["https:\/\/www.webdo.tn\/fr\/actualite\/international\/l-oms-rassure-le-mpox-n-est-pas-le-nouveau-covid\/215926\/"]}]},{"@type":"ImageObject","inLanguage":"fr-FR","@id":"https:\/\/www.webdo.tn\/fr\/actualite\/international\/l-oms-rassure-le-mpox-n-est-pas-le-nouveau-covid\/215926\/#primaryimage","url":"https:\/\/www.webdo.tn\/fr\/wp-content\/uploads\/2024\/08\/eaf90d0a594a524149967e942af82bec.webp","contentUrl":"https:\/\/www.webdo.tn\/fr\/wp-content\/uploads\/2024\/08\/eaf90d0a594a524149967e942af82bec.webp","width":750,"height":400,"caption":"L'OMS rassure : le mpox n'est pas le nouveau Covid"},{"@type":"BreadcrumbList","@id":"https:\/\/www.webdo.tn\/fr\/actualite\/international\/l-oms-rassure-le-mpox-n-est-pas-le-nouveau-covid\/215926\/#breadcrumb","itemListElement":[{"@type":"ListItem","position":1,"name":"Accueil","item":"https:\/\/www.webdo.tn\/fr\/"},{"@type":"ListItem","position":2,"name":"L&rsquo;OMS rassure : le mpox n&rsquo;est pas le nouveau Covid"}]},{"@type":"WebSite","@id":"https:\/\/www.webdo.tn\/fr\/#website","url":"https:\/\/www.webdo.tn\/fr\/","name":"webdo","description":"Tunisie - News en Tunisie et \u00e0 l&#039;international sur Webdo.tn","publisher":{"@id":"https:\/\/www.webdo.tn\/fr\/#organization"},"potentialAction":[{"@type":"SearchAction","target":{"@type":"EntryPoint","urlTemplate":"https:\/\/www.webdo.tn\/fr\/?s={search_term_string}"},"query-input":{"@type":"PropertyValueSpecification","valueRequired":true,"valueName":"search_term_string"}}],"inLanguage":"fr-FR"},{"@type":"Organization","@id":"https:\/\/www.webdo.tn\/fr\/#organization","name":"Webdo","alternateName":"Webdo.tn","url":"https:\/\/www.webdo.tn\/fr\/","logo":{"@type":"ImageObject","inLanguage":"fr-FR","@id":"https:\/\/www.webdo.tn\/fr\/#\/schema\/logo\/image\/","url":"https:\/\/www.webdo.tn\/fr\/wp-content\/uploads\/2025\/06\/Webdo-Tunisie_168377.jpg","contentUrl":"https:\/\/www.webdo.tn\/fr\/wp-content\/uploads\/2025\/06\/Webdo-Tunisie_168377.jpg","width":301,"height":301,"caption":"Webdo"},"image":{"@id":"https:\/\/www.webdo.tn\/fr\/#\/schema\/logo\/image\/"},"sameAs":["https:\/\/www.facebook.com\/webdotn","https:\/\/x.com\/webdo_tn"],"description":"Webdo est un m\u00e9dia num\u00e9rique tunisien fond\u00e9 en 2010, sp\u00e9cialis\u00e9 dans l\u2019actualit\u00e9 nationale et internationale, l\u2019\u00e9conomie, la soci\u00e9t\u00e9 et les analyses politiques. Le site s\u2019adresse \u00e0 un large public francophone et couvre l\u2019information tunisienne en temps r\u00e9el.","email":"redac@webdo.tn","legalName":"YNJ SARL","foundingDate":"2010-09-06","numberOfEmployees":{"@type":"QuantitativeValue","minValue":"11","maxValue":"50"}},{"@type":"Person","@id":"https:\/\/www.webdo.tn\/fr\/#\/schema\/person\/5663044c25eb36d8f88ba5b653f12f8c","name":"Ramzi Haddad","image":{"@type":"ImageObject","inLanguage":"fr-FR","@id":"https:\/\/www.webdo.tn\/fr\/wp-content\/uploads\/2026\/04\/ramzi-haddad_avatar-96x96.jpg","url":"https:\/\/www.webdo.tn\/fr\/wp-content\/uploads\/2026\/04\/ramzi-haddad_avatar-96x96.jpg","contentUrl":"https:\/\/www.webdo.tn\/fr\/wp-content\/uploads\/2026\/04\/ramzi-haddad_avatar-96x96.jpg","caption":"Ramzi Haddad"},"description":"Signature \u00e9ditoriale de Walid Ben Youssef Ramzi Haddad est le pseudonyme \u00e9ditorial de Walid Ben Youssef, fondateur et g\u00e9rant de Webdo.tn. Cette signature est d\u00e9di\u00e9e \u00e0 la couverture de l'actualit\u00e9 nationale et internationale, ainsi qu'aux analyses des dynamiques num\u00e9riques. Ce profil b\u00e9n\u00e9ficie de l'expertise de Walid Ben Youssef, pionnier du web en Tunisie depuis 2000 et dipl\u00f4m\u00e9 en Math\u00e9matiques pures de l'Universit\u00e9 d'Oregon. \u00c0 travers cette signature, la r\u00e9daction de Webdo garantit une information structur\u00e9e et v\u00e9rifi\u00e9e, fid\u00e8le aux standards journalistiques du m\u00e9dia.","url":"https:\/\/www.webdo.tn\/fr\/actualite\/author\/ramzi-haddad\/"}]}},"_links":{"self":[{"href":"https:\/\/www.webdo.tn\/fr\/wp-json\/wp\/v2\/posts\/215926","targetHints":{"allow":["GET"]}}],"collection":[{"href":"https:\/\/www.webdo.tn\/fr\/wp-json\/wp\/v2\/posts"}],"about":[{"href":"https:\/\/www.webdo.tn\/fr\/wp-json\/wp\/v2\/types\/post"}],"author":[{"embeddable":true,"href":"https:\/\/www.webdo.tn\/fr\/wp-json\/wp\/v2\/users\/3203"}],"replies":[{"embeddable":true,"href":"https:\/\/www.webdo.tn\/fr\/wp-json\/wp\/v2\/comments?post=215926"}],"version-history":[{"count":0,"href":"https:\/\/www.webdo.tn\/fr\/wp-json\/wp\/v2\/posts\/215926\/revisions"}],"wp:featuredmedia":[{"embeddable":true,"href":"https:\/\/www.webdo.tn\/fr\/wp-json\/wp\/v2\/media\/246726"}],"wp:attachment":[{"href":"https:\/\/www.webdo.tn\/fr\/wp-json\/wp\/v2\/media?parent=215926"}],"wp:term":[{"taxonomy":"category","embeddable":true,"href":"https:\/\/www.webdo.tn\/fr\/wp-json\/wp\/v2\/categories?post=215926"},{"taxonomy":"post_tag","embeddable":true,"href":"https:\/\/www.webdo.tn\/fr\/wp-json\/wp\/v2\/tags?post=215926"}],"curies":[{"name":"wp","href":"https:\/\/api.w.org\/{rel}","templated":true}]}}