{"id":215916,"date":"2024-08-20T17:46:00","date_gmt":"2024-08-20T17:46:00","guid":{"rendered":"https:\/\/www.webdo.tn\/fr\/blog\/proces-de-sonia-dahmani-en-appel-l-audience-ajournee-au-10-septembre\/215916\/"},"modified":"2024-08-20T17:46:00","modified_gmt":"2024-08-20T17:46:00","slug":"proces-de-sonia-dahmani-en-appel-l-audience-ajournee-au-10-septembre","status":"publish","type":"post","link":"https:\/\/www.webdo.tn\/fr\/actualite\/national\/proces-de-sonia-dahmani-en-appel-l-audience-ajournee-au-10-septembre\/215916\/","title":{"rendered":"Proc\u00e8s de Sonia Dahmani en appel : l&rsquo;audience ajourn\u00e9e au 10 septembre"},"content":{"rendered":"<p>L&rsquo;audience de la chroniqueuse Sonia Dahmani, avocate de profession, qui devait compara\u00eetre ce mardi 20 ao\u00fbt 2024 devant la Cour d&rsquo;appel de Tunis, a finalement \u00e9t\u00e9 report\u00e9e au 10 septembre prochain. C&rsquo;est ce qu&rsquo;a annonc\u00e9 Me Sami Ben Ghazi, membre du comit\u00e9 de d\u00e9fense de Mme Dahmani.<\/p>\n<p>\t\t\t\t\t\t\t\t\tRappelons que Sonia Dahmani avait \u00e9t\u00e9 condamn\u00e9e en premi\u00e8re instance \u00e0 une peine d&rsquo;un an de prison avec effet imm\u00e9diat, suite \u00e0 des d\u00e9clarations m\u00e9diatiques controvers\u00e9es concernant les migrants subsahariens en Tunisie. Ayant fait appel de cette d\u00e9cision, Mme Dahmani devait \u00eatre jug\u00e9e \u00e0 nouveau ce jour par la Cour d&rsquo;appel.<\/p>\n<p>Cependant, selon les d\u00e9clarations de son avocat Sami Ben Ghazi, Sonia Dahmani n&rsquo;a pas pu assister \u00e0 l&rsquo;audience comme pr\u00e9vu. En effet, lors de son arriv\u00e9e au tribunal, il lui a \u00e9t\u00e9 demand\u00e9 d&rsquo;enlever ses chaussures et de porter une sandale (chleka), ce qu&rsquo;elle a accept\u00e9. Mais par la suite, on lui a \u00e9galement ordonn\u00e9 de porter un \u00ab safsari \u00bb, ce qu&rsquo;elle a d&rsquo;abord refus\u00e9 avant de finalement accepter. Apr\u00e8s un examen approfondi, au moment de sortir, on lui a annonc\u00e9 que l&rsquo;audience avait d\u00e9j\u00e0 eu lieu et qu&rsquo;il \u00e9tait trop tard pour qu&rsquo;elle y assiste.<\/p>\n<p>Face \u00e0 cette situation, les avocats de la d\u00e9fense ont plaid\u00e9 pour un report de l&rsquo;audience afin que Sonia Dahmani puisse se pr\u00e9senter et assurer sa propre d\u00e9fense. La Cour d&rsquo;appel a finalement accept\u00e9 leur requ\u00eate et a report\u00e9 l&rsquo;audience au 10 septembre prochain.<\/p>\n<p>Me Sami Ben Ghazi a indiqu\u00e9 que les avocats continueraient \u00e0 plaider pour l&rsquo;annulation du jugement de premi\u00e8re instance et la lib\u00e9ration de leur cliente dans l&rsquo;attente du prochain proc\u00e8s.<\/p>\n","protected":false},"excerpt":{"rendered":"<p>L&rsquo;audience en appel de Sonia Dahmani, avocate tunisienne condamn\u00e9e en premi\u00e8re instance malgr\u00e9 les tourments, a \u00e9t\u00e9 report\u00e9e au 10 septembre 2024 selon les d\u00e9cl&#8230;<\/p>\n","protected":false},"author":3203,"featured_media":290973,"comment_status":"open","ping_status":"closed","sticky":false,"template":"","format":"standard","meta":{"footnotes":""},"categories":[44],"tags":[10370,3261,3313,2608],"class_list":["post-215916","post","type-post","status-publish","format-standard","has-post-thumbnail","hentry","category-national","tag-audience-en-appel","tag-proces","tag-sonia-dahmani","tag-tunisie"],"yoast_head":"<!-- This site is optimized with the Yoast SEO Premium plugin v27.4 (Yoast SEO v27.5) - https:\/\/yoast.com\/product\/yoast-seo-premium-wordpress\/ -->\n<title>Proc\u00e8s de Sonia Dahmani en appel : l&#039;audience ajourn\u00e9e au 10 septembre<\/title>\n<meta name=\"description\" content=\"L&#039;audience en appel de Sonia Dahmani, avocate tunisienne condamn\u00e9e en premi\u00e8re instance malgr\u00e9 les tourments, a \u00e9t\u00e9 report\u00e9e au 10 septembre 2024 selon les d\u00e9cl...\" \/>\n<link rel=\"canonical\" href=\"https:\/\/www.webdo.tn\/fr\/actualite\/national\/proces-de-sonia-dahmani-en-appel-l-audience-ajournee-au-10-septembre\/215916\/\" \/>\n<meta property=\"og:locale\" content=\"fr_FR\" \/>\n<meta property=\"og:type\" content=\"article\" \/>\n<meta property=\"og:title\" content=\"Proc\u00e8s de Sonia Dahmani en appel : l&#039;audience ajourn\u00e9e au 10 septembre\" \/>\n<meta property=\"og:description\" content=\"L&#039;audience en appel de Sonia Dahmani, avocate tunisienne condamn\u00e9e en premi\u00e8re instance malgr\u00e9 les tourments, a \u00e9t\u00e9 report\u00e9e au 10 septembre 2024 selon les d\u00e9cl...\" \/>\n<meta property=\"og:url\" content=\"https:\/\/www.webdo.tn\/fr\/actualite\/national\/proces-de-sonia-dahmani-en-appel-l-audience-ajournee-au-10-septembre\/215916\/\" \/>\n<meta property=\"og:site_name\" content=\"webdo\" \/>\n<meta property=\"article:publisher\" content=\"https:\/\/www.facebook.com\/webdotn\" \/>\n<meta property=\"article:published_time\" content=\"2024-08-20T17:46:00+00:00\" \/>\n<meta property=\"og:image\" content=\"https:\/\/www.webdo.tn\/fr\/wp-content\/uploads\/2024\/08\/07df9ccb042982cbc76a7d0d1f4f7458.webp\" \/>\n\t<meta property=\"og:image:width\" content=\"678\" \/>\n\t<meta property=\"og:image:height\" content=\"362\" \/>\n\t<meta property=\"og:image:type\" content=\"image\/webp\" \/>\n<meta name=\"author\" content=\"Ramzi Haddad\" \/>\n<meta name=\"twitter:card\" content=\"summary_large_image\" \/>\n<meta name=\"twitter:creator\" content=\"@webdo_tn\" \/>\n<meta name=\"twitter:site\" content=\"@webdo_tn\" \/>\n<meta name=\"twitter:label1\" content=\"\u00c9crit par\" \/>\n\t<meta name=\"twitter:data1\" content=\"Ramzi Haddad\" \/>\n\t<meta name=\"twitter:label2\" content=\"Dur\u00e9e de lecture estim\u00e9e\" \/>\n\t<meta name=\"twitter:data2\" content=\"1 minute\" \/>\n<script type=\"application\/ld+json\" class=\"yoast-schema-graph\">{\"@context\":\"https:\\\/\\\/schema.org\",\"@graph\":[{\"@type\":\"NewsArticle\",\"@id\":\"https:\\\/\\\/www.webdo.tn\\\/fr\\\/actualite\\\/national\\\/proces-de-sonia-dahmani-en-appel-l-audience-ajournee-au-10-septembre\\\/215916\\\/#article\",\"isPartOf\":{\"@id\":\"https:\\\/\\\/www.webdo.tn\\\/fr\\\/actualite\\\/national\\\/proces-de-sonia-dahmani-en-appel-l-audience-ajournee-au-10-septembre\\\/215916\\\/\"},\"author\":{\"name\":\"Ramzi Haddad\",\"@id\":\"https:\\\/\\\/www.webdo.tn\\\/fr\\\/#\\\/schema\\\/person\\\/5663044c25eb36d8f88ba5b653f12f8c\"},\"headline\":\"Proc\u00e8s de Sonia Dahmani en appel : l&rsquo;audience ajourn\u00e9e au 10 septembre\",\"datePublished\":\"2024-08-20T17:46:00+00:00\",\"mainEntityOfPage\":{\"@id\":\"https:\\\/\\\/www.webdo.tn\\\/fr\\\/actualite\\\/national\\\/proces-de-sonia-dahmani-en-appel-l-audience-ajournee-au-10-septembre\\\/215916\\\/\"},\"wordCount\":314,\"commentCount\":0,\"publisher\":{\"@id\":\"https:\\\/\\\/www.webdo.tn\\\/fr\\\/#organization\"},\"image\":{\"@id\":\"https:\\\/\\\/www.webdo.tn\\\/fr\\\/actualite\\\/national\\\/proces-de-sonia-dahmani-en-appel-l-audience-ajournee-au-10-septembre\\\/215916\\\/#primaryimage\"},\"thumbnailUrl\":\"https:\\\/\\\/www.webdo.tn\\\/fr\\\/wp-content\\\/uploads\\\/2024\\\/08\\\/07df9ccb042982cbc76a7d0d1f4f7458.webp\",\"keywords\":[\"'Audience en appel']\",\"proc\u00e8s\",\"sonia dahmani\",\"Tunisie\"],\"articleSection\":[\"National\"],\"inLanguage\":\"fr-FR\"},{\"@type\":\"WebPage\",\"@id\":\"https:\\\/\\\/www.webdo.tn\\\/fr\\\/actualite\\\/national\\\/proces-de-sonia-dahmani-en-appel-l-audience-ajournee-au-10-septembre\\\/215916\\\/\",\"url\":\"https:\\\/\\\/www.webdo.tn\\\/fr\\\/actualite\\\/national\\\/proces-de-sonia-dahmani-en-appel-l-audience-ajournee-au-10-septembre\\\/215916\\\/\",\"name\":\"Proc\u00e8s de Sonia Dahmani en appel : l'audience ajourn\u00e9e au 10 septembre\",\"isPartOf\":{\"@id\":\"https:\\\/\\\/www.webdo.tn\\\/fr\\\/#website\"},\"primaryImageOfPage\":{\"@id\":\"https:\\\/\\\/www.webdo.tn\\\/fr\\\/actualite\\\/national\\\/proces-de-sonia-dahmani-en-appel-l-audience-ajournee-au-10-septembre\\\/215916\\\/#primaryimage\"},\"image\":{\"@id\":\"https:\\\/\\\/www.webdo.tn\\\/fr\\\/actualite\\\/national\\\/proces-de-sonia-dahmani-en-appel-l-audience-ajournee-au-10-septembre\\\/215916\\\/#primaryimage\"},\"thumbnailUrl\":\"https:\\\/\\\/www.webdo.tn\\\/fr\\\/wp-content\\\/uploads\\\/2024\\\/08\\\/07df9ccb042982cbc76a7d0d1f4f7458.webp\",\"datePublished\":\"2024-08-20T17:46:00+00:00\",\"description\":\"L'audience en appel de Sonia Dahmani, avocate tunisienne condamn\u00e9e en premi\u00e8re instance malgr\u00e9 les tourments, a \u00e9t\u00e9 report\u00e9e au 10 septembre 2024 selon les d\u00e9cl...\",\"breadcrumb\":{\"@id\":\"https:\\\/\\\/www.webdo.tn\\\/fr\\\/actualite\\\/national\\\/proces-de-sonia-dahmani-en-appel-l-audience-ajournee-au-10-septembre\\\/215916\\\/#breadcrumb\"},\"inLanguage\":\"fr-FR\",\"potentialAction\":[{\"@type\":\"ReadAction\",\"target\":[\"https:\\\/\\\/www.webdo.tn\\\/fr\\\/actualite\\\/national\\\/proces-de-sonia-dahmani-en-appel-l-audience-ajournee-au-10-septembre\\\/215916\\\/\"]}]},{\"@type\":\"ImageObject\",\"inLanguage\":\"fr-FR\",\"@id\":\"https:\\\/\\\/www.webdo.tn\\\/fr\\\/actualite\\\/national\\\/proces-de-sonia-dahmani-en-appel-l-audience-ajournee-au-10-septembre\\\/215916\\\/#primaryimage\",\"url\":\"https:\\\/\\\/www.webdo.tn\\\/fr\\\/wp-content\\\/uploads\\\/2024\\\/08\\\/07df9ccb042982cbc76a7d0d1f4f7458.webp\",\"contentUrl\":\"https:\\\/\\\/www.webdo.tn\\\/fr\\\/wp-content\\\/uploads\\\/2024\\\/08\\\/07df9ccb042982cbc76a7d0d1f4f7458.webp\",\"width\":678,\"height\":362,\"caption\":\"Proc\u00e8s de Sonia Dahmani en appel : l'audience ajourn\u00e9e au 10 septembre\"},{\"@type\":\"BreadcrumbList\",\"@id\":\"https:\\\/\\\/www.webdo.tn\\\/fr\\\/actualite\\\/national\\\/proces-de-sonia-dahmani-en-appel-l-audience-ajournee-au-10-septembre\\\/215916\\\/#breadcrumb\",\"itemListElement\":[{\"@type\":\"ListItem\",\"position\":1,\"name\":\"Accueil\",\"item\":\"https:\\\/\\\/www.webdo.tn\\\/fr\\\/\"},{\"@type\":\"ListItem\",\"position\":2,\"name\":\"Proc\u00e8s de Sonia Dahmani en appel : l&rsquo;audience ajourn\u00e9e au 10 septembre\"}]},{\"@type\":\"WebSite\",\"@id\":\"https:\\\/\\\/www.webdo.tn\\\/fr\\\/#website\",\"url\":\"https:\\\/\\\/www.webdo.tn\\\/fr\\\/\",\"name\":\"webdo\",\"description\":\"Tunisie - News en Tunisie et \u00e0 l&#039;international sur Webdo.tn\",\"publisher\":{\"@id\":\"https:\\\/\\\/www.webdo.tn\\\/fr\\\/#organization\"},\"potentialAction\":[{\"@type\":\"SearchAction\",\"target\":{\"@type\":\"EntryPoint\",\"urlTemplate\":\"https:\\\/\\\/www.webdo.tn\\\/fr\\\/?s={search_term_string}\"},\"query-input\":{\"@type\":\"PropertyValueSpecification\",\"valueRequired\":true,\"valueName\":\"search_term_string\"}}],\"inLanguage\":\"fr-FR\"},{\"@type\":\"Organization\",\"@id\":\"https:\\\/\\\/www.webdo.tn\\\/fr\\\/#organization\",\"name\":\"Webdo\",\"alternateName\":\"Webdo.tn\",\"url\":\"https:\\\/\\\/www.webdo.tn\\\/fr\\\/\",\"logo\":{\"@type\":\"ImageObject\",\"inLanguage\":\"fr-FR\",\"@id\":\"https:\\\/\\\/www.webdo.tn\\\/fr\\\/#\\\/schema\\\/logo\\\/image\\\/\",\"url\":\"https:\\\/\\\/www.webdo.tn\\\/fr\\\/wp-content\\\/uploads\\\/2025\\\/06\\\/Webdo-Tunisie_168377.jpg\",\"contentUrl\":\"https:\\\/\\\/www.webdo.tn\\\/fr\\\/wp-content\\\/uploads\\\/2025\\\/06\\\/Webdo-Tunisie_168377.jpg\",\"width\":301,\"height\":301,\"caption\":\"Webdo\"},\"image\":{\"@id\":\"https:\\\/\\\/www.webdo.tn\\\/fr\\\/#\\\/schema\\\/logo\\\/image\\\/\"},\"sameAs\":[\"https:\\\/\\\/www.facebook.com\\\/webdotn\",\"https:\\\/\\\/x.com\\\/webdo_tn\"],\"description\":\"Webdo est un m\u00e9dia num\u00e9rique tunisien fond\u00e9 en 2010, sp\u00e9cialis\u00e9 dans l\u2019actualit\u00e9 nationale et internationale, l\u2019\u00e9conomie, la soci\u00e9t\u00e9 et les analyses politiques. Le site s\u2019adresse \u00e0 un large public francophone et couvre l\u2019information tunisienne en temps r\u00e9el.\",\"email\":\"redac@webdo.tn\",\"legalName\":\"YNJ SARL\",\"foundingDate\":\"2010-09-06\",\"numberOfEmployees\":{\"@type\":\"QuantitativeValue\",\"minValue\":\"11\",\"maxValue\":\"50\"}},{\"@type\":\"Person\",\"@id\":\"https:\\\/\\\/www.webdo.tn\\\/fr\\\/#\\\/schema\\\/person\\\/5663044c25eb36d8f88ba5b653f12f8c\",\"name\":\"Ramzi Haddad\",\"image\":{\"@type\":\"ImageObject\",\"inLanguage\":\"fr-FR\",\"@id\":\"https:\\\/\\\/www.webdo.tn\\\/fr\\\/wp-content\\\/uploads\\\/2026\\\/04\\\/ramzi-haddad_avatar-96x96.jpg\",\"url\":\"https:\\\/\\\/www.webdo.tn\\\/fr\\\/wp-content\\\/uploads\\\/2026\\\/04\\\/ramzi-haddad_avatar-96x96.jpg\",\"contentUrl\":\"https:\\\/\\\/www.webdo.tn\\\/fr\\\/wp-content\\\/uploads\\\/2026\\\/04\\\/ramzi-haddad_avatar-96x96.jpg\",\"caption\":\"Ramzi Haddad\"},\"description\":\"Signature \u00e9ditoriale de Walid Ben Youssef Ramzi Haddad est le pseudonyme \u00e9ditorial de Walid Ben Youssef, fondateur et g\u00e9rant de Webdo.tn. Cette signature est d\u00e9di\u00e9e \u00e0 la couverture de l'actualit\u00e9 nationale et internationale, ainsi qu'aux analyses des dynamiques num\u00e9riques. Ce profil b\u00e9n\u00e9ficie de l'expertise de Walid Ben Youssef, pionnier du web en Tunisie depuis 2000 et dipl\u00f4m\u00e9 en Math\u00e9matiques pures de l'Universit\u00e9 d'Oregon. \u00c0 travers cette signature, la r\u00e9daction de Webdo garantit une information structur\u00e9e et v\u00e9rifi\u00e9e, fid\u00e8le aux standards journalistiques du m\u00e9dia.\",\"url\":\"https:\\\/\\\/www.webdo.tn\\\/fr\\\/actualite\\\/author\\\/ramzi-haddad\\\/\"}]}<\/script>\n<!-- \/ Yoast SEO Premium plugin. -->","yoast_head_json":{"title":"Proc\u00e8s de Sonia Dahmani en appel : l'audience ajourn\u00e9e au 10 septembre","description":"L'audience en appel de Sonia Dahmani, avocate tunisienne condamn\u00e9e en premi\u00e8re instance malgr\u00e9 les tourments, a \u00e9t\u00e9 report\u00e9e au 10 septembre 2024 selon les d\u00e9cl...","canonical":"https:\/\/www.webdo.tn\/fr\/actualite\/national\/proces-de-sonia-dahmani-en-appel-l-audience-ajournee-au-10-septembre\/215916\/","og_locale":"fr_FR","og_type":"article","og_title":"Proc\u00e8s de Sonia Dahmani en appel : l'audience ajourn\u00e9e au 10 septembre","og_description":"L'audience en appel de Sonia Dahmani, avocate tunisienne condamn\u00e9e en premi\u00e8re instance malgr\u00e9 les tourments, a \u00e9t\u00e9 report\u00e9e au 10 septembre 2024 selon les d\u00e9cl...","og_url":"https:\/\/www.webdo.tn\/fr\/actualite\/national\/proces-de-sonia-dahmani-en-appel-l-audience-ajournee-au-10-septembre\/215916\/","og_site_name":"webdo","article_publisher":"https:\/\/www.facebook.com\/webdotn","article_published_time":"2024-08-20T17:46:00+00:00","og_image":[{"width":678,"height":362,"url":"https:\/\/www.webdo.tn\/fr\/wp-content\/uploads\/2024\/08\/07df9ccb042982cbc76a7d0d1f4f7458.webp","type":"image\/webp"}],"author":"Ramzi Haddad","twitter_card":"summary_large_image","twitter_creator":"@webdo_tn","twitter_site":"@webdo_tn","twitter_misc":{"\u00c9crit par":"Ramzi Haddad","Dur\u00e9e de lecture estim\u00e9e":"1 minute"},"schema":{"@context":"https:\/\/schema.org","@graph":[{"@type":"NewsArticle","@id":"https:\/\/www.webdo.tn\/fr\/actualite\/national\/proces-de-sonia-dahmani-en-appel-l-audience-ajournee-au-10-septembre\/215916\/#article","isPartOf":{"@id":"https:\/\/www.webdo.tn\/fr\/actualite\/national\/proces-de-sonia-dahmani-en-appel-l-audience-ajournee-au-10-septembre\/215916\/"},"author":{"name":"Ramzi Haddad","@id":"https:\/\/www.webdo.tn\/fr\/#\/schema\/person\/5663044c25eb36d8f88ba5b653f12f8c"},"headline":"Proc\u00e8s de Sonia Dahmani en appel : l&rsquo;audience ajourn\u00e9e au 10 septembre","datePublished":"2024-08-20T17:46:00+00:00","mainEntityOfPage":{"@id":"https:\/\/www.webdo.tn\/fr\/actualite\/national\/proces-de-sonia-dahmani-en-appel-l-audience-ajournee-au-10-septembre\/215916\/"},"wordCount":314,"commentCount":0,"publisher":{"@id":"https:\/\/www.webdo.tn\/fr\/#organization"},"image":{"@id":"https:\/\/www.webdo.tn\/fr\/actualite\/national\/proces-de-sonia-dahmani-en-appel-l-audience-ajournee-au-10-septembre\/215916\/#primaryimage"},"thumbnailUrl":"https:\/\/www.webdo.tn\/fr\/wp-content\/uploads\/2024\/08\/07df9ccb042982cbc76a7d0d1f4f7458.webp","keywords":["'Audience en appel']","proc\u00e8s","sonia dahmani","Tunisie"],"articleSection":["National"],"inLanguage":"fr-FR"},{"@type":"WebPage","@id":"https:\/\/www.webdo.tn\/fr\/actualite\/national\/proces-de-sonia-dahmani-en-appel-l-audience-ajournee-au-10-septembre\/215916\/","url":"https:\/\/www.webdo.tn\/fr\/actualite\/national\/proces-de-sonia-dahmani-en-appel-l-audience-ajournee-au-10-septembre\/215916\/","name":"Proc\u00e8s de Sonia Dahmani en appel : l'audience ajourn\u00e9e au 10 septembre","isPartOf":{"@id":"https:\/\/www.webdo.tn\/fr\/#website"},"primaryImageOfPage":{"@id":"https:\/\/www.webdo.tn\/fr\/actualite\/national\/proces-de-sonia-dahmani-en-appel-l-audience-ajournee-au-10-septembre\/215916\/#primaryimage"},"image":{"@id":"https:\/\/www.webdo.tn\/fr\/actualite\/national\/proces-de-sonia-dahmani-en-appel-l-audience-ajournee-au-10-septembre\/215916\/#primaryimage"},"thumbnailUrl":"https:\/\/www.webdo.tn\/fr\/wp-content\/uploads\/2024\/08\/07df9ccb042982cbc76a7d0d1f4f7458.webp","datePublished":"2024-08-20T17:46:00+00:00","description":"L'audience en appel de Sonia Dahmani, avocate tunisienne condamn\u00e9e en premi\u00e8re instance malgr\u00e9 les tourments, a \u00e9t\u00e9 report\u00e9e au 10 septembre 2024 selon les d\u00e9cl...","breadcrumb":{"@id":"https:\/\/www.webdo.tn\/fr\/actualite\/national\/proces-de-sonia-dahmani-en-appel-l-audience-ajournee-au-10-septembre\/215916\/#breadcrumb"},"inLanguage":"fr-FR","potentialAction":[{"@type":"ReadAction","target":["https:\/\/www.webdo.tn\/fr\/actualite\/national\/proces-de-sonia-dahmani-en-appel-l-audience-ajournee-au-10-septembre\/215916\/"]}]},{"@type":"ImageObject","inLanguage":"fr-FR","@id":"https:\/\/www.webdo.tn\/fr\/actualite\/national\/proces-de-sonia-dahmani-en-appel-l-audience-ajournee-au-10-septembre\/215916\/#primaryimage","url":"https:\/\/www.webdo.tn\/fr\/wp-content\/uploads\/2024\/08\/07df9ccb042982cbc76a7d0d1f4f7458.webp","contentUrl":"https:\/\/www.webdo.tn\/fr\/wp-content\/uploads\/2024\/08\/07df9ccb042982cbc76a7d0d1f4f7458.webp","width":678,"height":362,"caption":"Proc\u00e8s de Sonia Dahmani en appel : l'audience ajourn\u00e9e au 10 septembre"},{"@type":"BreadcrumbList","@id":"https:\/\/www.webdo.tn\/fr\/actualite\/national\/proces-de-sonia-dahmani-en-appel-l-audience-ajournee-au-10-septembre\/215916\/#breadcrumb","itemListElement":[{"@type":"ListItem","position":1,"name":"Accueil","item":"https:\/\/www.webdo.tn\/fr\/"},{"@type":"ListItem","position":2,"name":"Proc\u00e8s de Sonia Dahmani en appel : l&rsquo;audience ajourn\u00e9e au 10 septembre"}]},{"@type":"WebSite","@id":"https:\/\/www.webdo.tn\/fr\/#website","url":"https:\/\/www.webdo.tn\/fr\/","name":"webdo","description":"Tunisie - News en Tunisie et \u00e0 l&#039;international sur Webdo.tn","publisher":{"@id":"https:\/\/www.webdo.tn\/fr\/#organization"},"potentialAction":[{"@type":"SearchAction","target":{"@type":"EntryPoint","urlTemplate":"https:\/\/www.webdo.tn\/fr\/?s={search_term_string}"},"query-input":{"@type":"PropertyValueSpecification","valueRequired":true,"valueName":"search_term_string"}}],"inLanguage":"fr-FR"},{"@type":"Organization","@id":"https:\/\/www.webdo.tn\/fr\/#organization","name":"Webdo","alternateName":"Webdo.tn","url":"https:\/\/www.webdo.tn\/fr\/","logo":{"@type":"ImageObject","inLanguage":"fr-FR","@id":"https:\/\/www.webdo.tn\/fr\/#\/schema\/logo\/image\/","url":"https:\/\/www.webdo.tn\/fr\/wp-content\/uploads\/2025\/06\/Webdo-Tunisie_168377.jpg","contentUrl":"https:\/\/www.webdo.tn\/fr\/wp-content\/uploads\/2025\/06\/Webdo-Tunisie_168377.jpg","width":301,"height":301,"caption":"Webdo"},"image":{"@id":"https:\/\/www.webdo.tn\/fr\/#\/schema\/logo\/image\/"},"sameAs":["https:\/\/www.facebook.com\/webdotn","https:\/\/x.com\/webdo_tn"],"description":"Webdo est un m\u00e9dia num\u00e9rique tunisien fond\u00e9 en 2010, sp\u00e9cialis\u00e9 dans l\u2019actualit\u00e9 nationale et internationale, l\u2019\u00e9conomie, la soci\u00e9t\u00e9 et les analyses politiques. Le site s\u2019adresse \u00e0 un large public francophone et couvre l\u2019information tunisienne en temps r\u00e9el.","email":"redac@webdo.tn","legalName":"YNJ SARL","foundingDate":"2010-09-06","numberOfEmployees":{"@type":"QuantitativeValue","minValue":"11","maxValue":"50"}},{"@type":"Person","@id":"https:\/\/www.webdo.tn\/fr\/#\/schema\/person\/5663044c25eb36d8f88ba5b653f12f8c","name":"Ramzi Haddad","image":{"@type":"ImageObject","inLanguage":"fr-FR","@id":"https:\/\/www.webdo.tn\/fr\/wp-content\/uploads\/2026\/04\/ramzi-haddad_avatar-96x96.jpg","url":"https:\/\/www.webdo.tn\/fr\/wp-content\/uploads\/2026\/04\/ramzi-haddad_avatar-96x96.jpg","contentUrl":"https:\/\/www.webdo.tn\/fr\/wp-content\/uploads\/2026\/04\/ramzi-haddad_avatar-96x96.jpg","caption":"Ramzi Haddad"},"description":"Signature \u00e9ditoriale de Walid Ben Youssef Ramzi Haddad est le pseudonyme \u00e9ditorial de Walid Ben Youssef, fondateur et g\u00e9rant de Webdo.tn. Cette signature est d\u00e9di\u00e9e \u00e0 la couverture de l'actualit\u00e9 nationale et internationale, ainsi qu'aux analyses des dynamiques num\u00e9riques. Ce profil b\u00e9n\u00e9ficie de l'expertise de Walid Ben Youssef, pionnier du web en Tunisie depuis 2000 et dipl\u00f4m\u00e9 en Math\u00e9matiques pures de l'Universit\u00e9 d'Oregon. \u00c0 travers cette signature, la r\u00e9daction de Webdo garantit une information structur\u00e9e et v\u00e9rifi\u00e9e, fid\u00e8le aux standards journalistiques du m\u00e9dia.","url":"https:\/\/www.webdo.tn\/fr\/actualite\/author\/ramzi-haddad\/"}]}},"_links":{"self":[{"href":"https:\/\/www.webdo.tn\/fr\/wp-json\/wp\/v2\/posts\/215916","targetHints":{"allow":["GET"]}}],"collection":[{"href":"https:\/\/www.webdo.tn\/fr\/wp-json\/wp\/v2\/posts"}],"about":[{"href":"https:\/\/www.webdo.tn\/fr\/wp-json\/wp\/v2\/types\/post"}],"author":[{"embeddable":true,"href":"https:\/\/www.webdo.tn\/fr\/wp-json\/wp\/v2\/users\/3203"}],"replies":[{"embeddable":true,"href":"https:\/\/www.webdo.tn\/fr\/wp-json\/wp\/v2\/comments?post=215916"}],"version-history":[{"count":0,"href":"https:\/\/www.webdo.tn\/fr\/wp-json\/wp\/v2\/posts\/215916\/revisions"}],"wp:featuredmedia":[{"embeddable":true,"href":"https:\/\/www.webdo.tn\/fr\/wp-json\/wp\/v2\/media\/290973"}],"wp:attachment":[{"href":"https:\/\/www.webdo.tn\/fr\/wp-json\/wp\/v2\/media?parent=215916"}],"wp:term":[{"taxonomy":"category","embeddable":true,"href":"https:\/\/www.webdo.tn\/fr\/wp-json\/wp\/v2\/categories?post=215916"},{"taxonomy":"post_tag","embeddable":true,"href":"https:\/\/www.webdo.tn\/fr\/wp-json\/wp\/v2\/tags?post=215916"}],"curies":[{"name":"wp","href":"https:\/\/api.w.org\/{rel}","templated":true}]}}