{"id":215914,"date":"2024-08-20T12:32:00","date_gmt":"2024-08-20T12:32:00","guid":{"rendered":"https:\/\/www.webdo.tn\/fr\/blog\/jeux-paralympiques-2024-30-athletes-tunisiens-au-rendez-vous\/215914\/"},"modified":"2025-05-20T22:13:52","modified_gmt":"2025-05-20T22:13:52","slug":"jeux-paralympiques-2024-30-athletes-tunisiens-au-rendez-vous","status":"publish","type":"post","link":"https:\/\/www.webdo.tn\/fr\/actualite\/sport\/jeux-paralympiques-2024-30-athletes-tunisiens-au-rendez-vous\/215914\/","title":{"rendered":"Jeux paralympiques 2024 : 30 athl\u00e8tes tunisiens au rendez-vous"},"content":{"rendered":"<p>La Tunisie se pr\u00e9pare \u00e0 la 17e \u00e9dition des Jeux Paralympiques, pr\u00e9vue \u00e0 Paris du 28 ao\u00fbt au 8 septembre.<\/p>\n<p>\t\t\t\t\t\t\t\t\tL\u2019\u00e9quipe paralympique tunisienne est \u00e0 pied d\u2019\u0153uvre. Elle a \u00e9lu domicile \u00e0 \u00c9vreux o\u00f9 elle s\u2019entra\u00eene pour les Jeux de Paris 2024<\/p>\n<p>La d\u00e9l\u00e9gation tunisienne est arriv\u00e9e dimanche 11 ao\u00fbt 2024 et est compos\u00e9e de 30 athl\u00e8tes (13 femmes et 17 hommes) en athl\u00e9tisme, aviron, triathlon et boccia.<\/p>\n<p>Athl\u00e9tisme<\/p>\n<p>\tWalid Ktila (T34): 100 et 800m en cha\u00eese roulante<br \/>\n\tSoumaya Boussaid (T13): 400 et 1500m<br \/>\n\tMohamed Farhat Chida (T38): 400m et saut en longueur<br \/>\n\tRaouaa Tlili (F41): Lancer du disque et du poids<br \/>\n\tRouay Jebabli (T12): 400 et 1500m<br \/>\n\tRaja Jebali (F40): lancer du poids<br \/>\n\tNada Behi (T37) : 400m<br \/>\n\tBechir Agoubi (T46) : 1500m<br \/>\n\tWassim Salhi (F32) : club<br \/>\n\tYassine Gharbi (T54) : 400m<br \/>\n\tMohamed Nidhal Kh\u00e9lifi (T53) : 400m<br \/>\n\tSawsen Ben Mbarek (F34): lancer du javelot.<br \/>\n\tYosr Ben Jemaa (F34): lancer du javelot<br \/>\n\tAmenallah Tissaoui (T37) : 400m<br \/>\n\tFethia Amaimia (F41) : Lancer du disque<br \/>\n\tJih\u00e8ne Azaiez (F46) : Lancer du poids<br \/>\n\tMaroua Brahmi (F32) : Lancer du poids<br \/>\n\tSaida Neili (F32) : Lancer du poids<br \/>\n\tYassine Guennichi (F36): Lancer du poids<br \/>\n\tNourh\u00e8ne Belhaj (F40): lancer du poids<br \/>\n\tOussama Sassi (F33) : Lancer du poids<br \/>\n\tWajdi Boukhili (T12): marathon<br \/>\n\tHatem Nasrallah (T12): marathon<br \/>\n\tAhmed Ben Mosleh (F37): lancer du poids<br \/>\n\tSamar Ben Kaalab (F41): lancer du disque et du poids<\/p>\n<p>Boccia<\/p>\n<p>\tAchref Tayahi (BC2)<br \/>\n\tAyed Ben Youb (BC2)<br \/>\n\tMaha Ounallah (BC1)<\/p>\n<p>Aviron<\/p>\n<p>\tMaher Rahmani (PR1)<\/p>\n<p>Triathlon<\/p>\n<p>\tFethi Zouinkhi<\/p>\n","protected":false},"excerpt":{"rendered":"<p>L\u2019\u00e9quipe paralympique tunisienne est \u00e0 pied d\u2019\u0153uvre. Elle a \u00e9lu domicile \u00e0 \u00c9vreux o\u00f9 elle s\u2019entra\u00eene pour les Jeux de Paris 2024<\/p>\n","protected":false},"author":3162,"featured_media":290969,"comment_status":"open","ping_status":"closed","sticky":false,"template":"","format":"standard","meta":{"footnotes":""},"categories":[2593],"tags":[5779,5778,2608],"class_list":["post-215914","post","type-post","status-publish","format-standard","has-post-thumbnail","hentry","category-sport","tag-jeux-paralympiques","tag-paris-2024","tag-tunisie"],"yoast_head":"<!-- This site is optimized with the Yoast SEO Premium plugin v27.4 (Yoast SEO v27.5) - https:\/\/yoast.com\/product\/yoast-seo-premium-wordpress\/ -->\n<title>Jeux paralympiques 2024 : 30 athl\u00e8tes tunisiens au rendez-vous<\/title>\n<meta name=\"description\" content=\"L\u2019\u00e9quipe paralympique tunisienne est \u00e0 pied d\u2019\u0153uvre. Elle a \u00e9lu domicile \u00e0 \u00c9vreux o\u00f9 elle s\u2019entra\u00eene pour les Jeux de Paris 2024\" \/>\n<link rel=\"canonical\" href=\"https:\/\/www.webdo.tn\/fr\/actualite\/sport\/jeux-paralympiques-2024-30-athletes-tunisiens-au-rendez-vous\/215914\/\" \/>\n<meta property=\"og:locale\" content=\"fr_FR\" \/>\n<meta property=\"og:type\" content=\"article\" \/>\n<meta property=\"og:title\" content=\"Jeux paralympiques 2024 : 30 athl\u00e8tes tunisiens au rendez-vous\" \/>\n<meta property=\"og:description\" content=\"L\u2019\u00e9quipe paralympique tunisienne est \u00e0 pied d\u2019\u0153uvre. Elle a \u00e9lu domicile \u00e0 \u00c9vreux o\u00f9 elle s\u2019entra\u00eene pour les Jeux de Paris 2024\" \/>\n<meta property=\"og:url\" content=\"https:\/\/www.webdo.tn\/fr\/actualite\/sport\/jeux-paralympiques-2024-30-athletes-tunisiens-au-rendez-vous\/215914\/\" \/>\n<meta property=\"og:site_name\" content=\"webdo\" \/>\n<meta property=\"article:publisher\" content=\"https:\/\/www.facebook.com\/webdotn\" \/>\n<meta property=\"article:published_time\" content=\"2024-08-20T12:32:00+00:00\" \/>\n<meta property=\"article:modified_time\" content=\"2025-05-20T22:13:52+00:00\" \/>\n<meta property=\"og:image\" content=\"https:\/\/www.webdo.tn\/fr\/wp-content\/uploads\/2024\/08\/979a305ca7fa493faedc811339c9088b.webp\" \/>\n\t<meta property=\"og:image:width\" content=\"750\" \/>\n\t<meta property=\"og:image:height\" content=\"400\" \/>\n\t<meta property=\"og:image:type\" content=\"image\/webp\" \/>\n<meta name=\"author\" content=\"MC\" \/>\n<meta name=\"twitter:card\" content=\"summary_large_image\" \/>\n<meta name=\"twitter:creator\" content=\"@webdo_tn\" \/>\n<meta name=\"twitter:site\" content=\"@webdo_tn\" \/>\n<meta name=\"twitter:label1\" content=\"\u00c9crit par\" \/>\n\t<meta name=\"twitter:data1\" content=\"MC\" \/>\n\t<meta name=\"twitter:label2\" content=\"Dur\u00e9e de lecture estim\u00e9e\" \/>\n\t<meta name=\"twitter:data2\" content=\"1 minute\" \/>\n<script type=\"application\/ld+json\" class=\"yoast-schema-graph\">{\"@context\":\"https:\\\/\\\/schema.org\",\"@graph\":[{\"@type\":\"NewsArticle\",\"@id\":\"https:\\\/\\\/www.webdo.tn\\\/fr\\\/actualite\\\/sport\\\/jeux-paralympiques-2024-30-athletes-tunisiens-au-rendez-vous\\\/215914\\\/#article\",\"isPartOf\":{\"@id\":\"https:\\\/\\\/www.webdo.tn\\\/fr\\\/actualite\\\/sport\\\/jeux-paralympiques-2024-30-athletes-tunisiens-au-rendez-vous\\\/215914\\\/\"},\"author\":{\"name\":\"MC\",\"@id\":\"https:\\\/\\\/www.webdo.tn\\\/fr\\\/#\\\/schema\\\/person\\\/2c4929cbf5a809e3bd38617c6ce150f6\"},\"headline\":\"Jeux paralympiques 2024 : 30 athl\u00e8tes tunisiens au rendez-vous\",\"datePublished\":\"2024-08-20T12:32:00+00:00\",\"dateModified\":\"2025-05-20T22:13:52+00:00\",\"mainEntityOfPage\":{\"@id\":\"https:\\\/\\\/www.webdo.tn\\\/fr\\\/actualite\\\/sport\\\/jeux-paralympiques-2024-30-athletes-tunisiens-au-rendez-vous\\\/215914\\\/\"},\"wordCount\":249,\"commentCount\":0,\"publisher\":{\"@id\":\"https:\\\/\\\/www.webdo.tn\\\/fr\\\/#organization\"},\"image\":{\"@id\":\"https:\\\/\\\/www.webdo.tn\\\/fr\\\/actualite\\\/sport\\\/jeux-paralympiques-2024-30-athletes-tunisiens-au-rendez-vous\\\/215914\\\/#primaryimage\"},\"thumbnailUrl\":\"https:\\\/\\\/www.webdo.tn\\\/fr\\\/wp-content\\\/uploads\\\/2024\\\/08\\\/979a305ca7fa493faedc811339c9088b.webp\",\"keywords\":[\"jeux paralympiques\",\"Paris 2024\",\"Tunisie\"],\"articleSection\":[\"Sport\"],\"inLanguage\":\"fr-FR\"},{\"@type\":\"WebPage\",\"@id\":\"https:\\\/\\\/www.webdo.tn\\\/fr\\\/actualite\\\/sport\\\/jeux-paralympiques-2024-30-athletes-tunisiens-au-rendez-vous\\\/215914\\\/\",\"url\":\"https:\\\/\\\/www.webdo.tn\\\/fr\\\/actualite\\\/sport\\\/jeux-paralympiques-2024-30-athletes-tunisiens-au-rendez-vous\\\/215914\\\/\",\"name\":\"Jeux paralympiques 2024 : 30 athl\u00e8tes tunisiens au rendez-vous\",\"isPartOf\":{\"@id\":\"https:\\\/\\\/www.webdo.tn\\\/fr\\\/#website\"},\"primaryImageOfPage\":{\"@id\":\"https:\\\/\\\/www.webdo.tn\\\/fr\\\/actualite\\\/sport\\\/jeux-paralympiques-2024-30-athletes-tunisiens-au-rendez-vous\\\/215914\\\/#primaryimage\"},\"image\":{\"@id\":\"https:\\\/\\\/www.webdo.tn\\\/fr\\\/actualite\\\/sport\\\/jeux-paralympiques-2024-30-athletes-tunisiens-au-rendez-vous\\\/215914\\\/#primaryimage\"},\"thumbnailUrl\":\"https:\\\/\\\/www.webdo.tn\\\/fr\\\/wp-content\\\/uploads\\\/2024\\\/08\\\/979a305ca7fa493faedc811339c9088b.webp\",\"datePublished\":\"2024-08-20T12:32:00+00:00\",\"dateModified\":\"2025-05-20T22:13:52+00:00\",\"description\":\"L\u2019\u00e9quipe paralympique tunisienne est \u00e0 pied d\u2019\u0153uvre. Elle a \u00e9lu domicile \u00e0 \u00c9vreux o\u00f9 elle s\u2019entra\u00eene pour les Jeux de Paris 2024\",\"breadcrumb\":{\"@id\":\"https:\\\/\\\/www.webdo.tn\\\/fr\\\/actualite\\\/sport\\\/jeux-paralympiques-2024-30-athletes-tunisiens-au-rendez-vous\\\/215914\\\/#breadcrumb\"},\"inLanguage\":\"fr-FR\",\"potentialAction\":[{\"@type\":\"ReadAction\",\"target\":[\"https:\\\/\\\/www.webdo.tn\\\/fr\\\/actualite\\\/sport\\\/jeux-paralympiques-2024-30-athletes-tunisiens-au-rendez-vous\\\/215914\\\/\"]}]},{\"@type\":\"ImageObject\",\"inLanguage\":\"fr-FR\",\"@id\":\"https:\\\/\\\/www.webdo.tn\\\/fr\\\/actualite\\\/sport\\\/jeux-paralympiques-2024-30-athletes-tunisiens-au-rendez-vous\\\/215914\\\/#primaryimage\",\"url\":\"https:\\\/\\\/www.webdo.tn\\\/fr\\\/wp-content\\\/uploads\\\/2024\\\/08\\\/979a305ca7fa493faedc811339c9088b.webp\",\"contentUrl\":\"https:\\\/\\\/www.webdo.tn\\\/fr\\\/wp-content\\\/uploads\\\/2024\\\/08\\\/979a305ca7fa493faedc811339c9088b.webp\",\"width\":750,\"height\":400,\"caption\":\"Jeux paralympiques 2024 : 30 athl\u00e8tes tunisiens au rendez-vous\"},{\"@type\":\"BreadcrumbList\",\"@id\":\"https:\\\/\\\/www.webdo.tn\\\/fr\\\/actualite\\\/sport\\\/jeux-paralympiques-2024-30-athletes-tunisiens-au-rendez-vous\\\/215914\\\/#breadcrumb\",\"itemListElement\":[{\"@type\":\"ListItem\",\"position\":1,\"name\":\"Accueil\",\"item\":\"https:\\\/\\\/www.webdo.tn\\\/fr\\\/\"},{\"@type\":\"ListItem\",\"position\":2,\"name\":\"Jeux paralympiques 2024 : 30 athl\u00e8tes tunisiens au rendez-vous\"}]},{\"@type\":\"WebSite\",\"@id\":\"https:\\\/\\\/www.webdo.tn\\\/fr\\\/#website\",\"url\":\"https:\\\/\\\/www.webdo.tn\\\/fr\\\/\",\"name\":\"webdo\",\"description\":\"Tunisie - News en Tunisie et \u00e0 l&#039;international sur Webdo.tn\",\"publisher\":{\"@id\":\"https:\\\/\\\/www.webdo.tn\\\/fr\\\/#organization\"},\"potentialAction\":[{\"@type\":\"SearchAction\",\"target\":{\"@type\":\"EntryPoint\",\"urlTemplate\":\"https:\\\/\\\/www.webdo.tn\\\/fr\\\/?s={search_term_string}\"},\"query-input\":{\"@type\":\"PropertyValueSpecification\",\"valueRequired\":true,\"valueName\":\"search_term_string\"}}],\"inLanguage\":\"fr-FR\"},{\"@type\":\"Organization\",\"@id\":\"https:\\\/\\\/www.webdo.tn\\\/fr\\\/#organization\",\"name\":\"Webdo\",\"alternateName\":\"Webdo.tn\",\"url\":\"https:\\\/\\\/www.webdo.tn\\\/fr\\\/\",\"logo\":{\"@type\":\"ImageObject\",\"inLanguage\":\"fr-FR\",\"@id\":\"https:\\\/\\\/www.webdo.tn\\\/fr\\\/#\\\/schema\\\/logo\\\/image\\\/\",\"url\":\"https:\\\/\\\/www.webdo.tn\\\/fr\\\/wp-content\\\/uploads\\\/2025\\\/06\\\/Webdo-Tunisie_168377.jpg\",\"contentUrl\":\"https:\\\/\\\/www.webdo.tn\\\/fr\\\/wp-content\\\/uploads\\\/2025\\\/06\\\/Webdo-Tunisie_168377.jpg\",\"width\":301,\"height\":301,\"caption\":\"Webdo\"},\"image\":{\"@id\":\"https:\\\/\\\/www.webdo.tn\\\/fr\\\/#\\\/schema\\\/logo\\\/image\\\/\"},\"sameAs\":[\"https:\\\/\\\/www.facebook.com\\\/webdotn\",\"https:\\\/\\\/x.com\\\/webdo_tn\"],\"description\":\"Webdo est un m\u00e9dia num\u00e9rique tunisien fond\u00e9 en 2010, sp\u00e9cialis\u00e9 dans l\u2019actualit\u00e9 nationale et internationale, l\u2019\u00e9conomie, la soci\u00e9t\u00e9 et les analyses politiques. Le site s\u2019adresse \u00e0 un large public francophone et couvre l\u2019information tunisienne en temps r\u00e9el.\",\"email\":\"redac@webdo.tn\",\"legalName\":\"YNJ SARL\",\"foundingDate\":\"2010-09-06\",\"numberOfEmployees\":{\"@type\":\"QuantitativeValue\",\"minValue\":\"11\",\"maxValue\":\"50\"}},{\"@type\":\"Person\",\"@id\":\"https:\\\/\\\/www.webdo.tn\\\/fr\\\/#\\\/schema\\\/person\\\/2c4929cbf5a809e3bd38617c6ce150f6\",\"name\":\"MC\",\"image\":{\"@type\":\"ImageObject\",\"inLanguage\":\"fr-FR\",\"@id\":\"https:\\\/\\\/secure.gravatar.com\\\/avatar\\\/a545bbb6f84efdd5553dbbc2895e3ca8f1d12c5215e00a041c9670b54aa9b18a?s=96&d=mm&r=g\",\"url\":\"https:\\\/\\\/secure.gravatar.com\\\/avatar\\\/a545bbb6f84efdd5553dbbc2895e3ca8f1d12c5215e00a041c9670b54aa9b18a?s=96&d=mm&r=g\",\"contentUrl\":\"https:\\\/\\\/secure.gravatar.com\\\/avatar\\\/a545bbb6f84efdd5553dbbc2895e3ca8f1d12c5215e00a041c9670b54aa9b18a?s=96&d=mm&r=g\",\"caption\":\"MC\"},\"url\":\"https:\\\/\\\/www.webdo.tn\\\/fr\\\/actualite\\\/author\\\/mc\\\/\"}]}<\/script>\n<!-- \/ Yoast SEO Premium plugin. -->","yoast_head_json":{"title":"Jeux paralympiques 2024 : 30 athl\u00e8tes tunisiens au rendez-vous","description":"L\u2019\u00e9quipe paralympique tunisienne est \u00e0 pied d\u2019\u0153uvre. Elle a \u00e9lu domicile \u00e0 \u00c9vreux o\u00f9 elle s\u2019entra\u00eene pour les Jeux de Paris 2024","canonical":"https:\/\/www.webdo.tn\/fr\/actualite\/sport\/jeux-paralympiques-2024-30-athletes-tunisiens-au-rendez-vous\/215914\/","og_locale":"fr_FR","og_type":"article","og_title":"Jeux paralympiques 2024 : 30 athl\u00e8tes tunisiens au rendez-vous","og_description":"L\u2019\u00e9quipe paralympique tunisienne est \u00e0 pied d\u2019\u0153uvre. Elle a \u00e9lu domicile \u00e0 \u00c9vreux o\u00f9 elle s\u2019entra\u00eene pour les Jeux de Paris 2024","og_url":"https:\/\/www.webdo.tn\/fr\/actualite\/sport\/jeux-paralympiques-2024-30-athletes-tunisiens-au-rendez-vous\/215914\/","og_site_name":"webdo","article_publisher":"https:\/\/www.facebook.com\/webdotn","article_published_time":"2024-08-20T12:32:00+00:00","article_modified_time":"2025-05-20T22:13:52+00:00","og_image":[{"width":750,"height":400,"url":"https:\/\/www.webdo.tn\/fr\/wp-content\/uploads\/2024\/08\/979a305ca7fa493faedc811339c9088b.webp","type":"image\/webp"}],"author":"MC","twitter_card":"summary_large_image","twitter_creator":"@webdo_tn","twitter_site":"@webdo_tn","twitter_misc":{"\u00c9crit par":"MC","Dur\u00e9e de lecture estim\u00e9e":"1 minute"},"schema":{"@context":"https:\/\/schema.org","@graph":[{"@type":"NewsArticle","@id":"https:\/\/www.webdo.tn\/fr\/actualite\/sport\/jeux-paralympiques-2024-30-athletes-tunisiens-au-rendez-vous\/215914\/#article","isPartOf":{"@id":"https:\/\/www.webdo.tn\/fr\/actualite\/sport\/jeux-paralympiques-2024-30-athletes-tunisiens-au-rendez-vous\/215914\/"},"author":{"name":"MC","@id":"https:\/\/www.webdo.tn\/fr\/#\/schema\/person\/2c4929cbf5a809e3bd38617c6ce150f6"},"headline":"Jeux paralympiques 2024 : 30 athl\u00e8tes tunisiens au rendez-vous","datePublished":"2024-08-20T12:32:00+00:00","dateModified":"2025-05-20T22:13:52+00:00","mainEntityOfPage":{"@id":"https:\/\/www.webdo.tn\/fr\/actualite\/sport\/jeux-paralympiques-2024-30-athletes-tunisiens-au-rendez-vous\/215914\/"},"wordCount":249,"commentCount":0,"publisher":{"@id":"https:\/\/www.webdo.tn\/fr\/#organization"},"image":{"@id":"https:\/\/www.webdo.tn\/fr\/actualite\/sport\/jeux-paralympiques-2024-30-athletes-tunisiens-au-rendez-vous\/215914\/#primaryimage"},"thumbnailUrl":"https:\/\/www.webdo.tn\/fr\/wp-content\/uploads\/2024\/08\/979a305ca7fa493faedc811339c9088b.webp","keywords":["jeux paralympiques","Paris 2024","Tunisie"],"articleSection":["Sport"],"inLanguage":"fr-FR"},{"@type":"WebPage","@id":"https:\/\/www.webdo.tn\/fr\/actualite\/sport\/jeux-paralympiques-2024-30-athletes-tunisiens-au-rendez-vous\/215914\/","url":"https:\/\/www.webdo.tn\/fr\/actualite\/sport\/jeux-paralympiques-2024-30-athletes-tunisiens-au-rendez-vous\/215914\/","name":"Jeux paralympiques 2024 : 30 athl\u00e8tes tunisiens au rendez-vous","isPartOf":{"@id":"https:\/\/www.webdo.tn\/fr\/#website"},"primaryImageOfPage":{"@id":"https:\/\/www.webdo.tn\/fr\/actualite\/sport\/jeux-paralympiques-2024-30-athletes-tunisiens-au-rendez-vous\/215914\/#primaryimage"},"image":{"@id":"https:\/\/www.webdo.tn\/fr\/actualite\/sport\/jeux-paralympiques-2024-30-athletes-tunisiens-au-rendez-vous\/215914\/#primaryimage"},"thumbnailUrl":"https:\/\/www.webdo.tn\/fr\/wp-content\/uploads\/2024\/08\/979a305ca7fa493faedc811339c9088b.webp","datePublished":"2024-08-20T12:32:00+00:00","dateModified":"2025-05-20T22:13:52+00:00","description":"L\u2019\u00e9quipe paralympique tunisienne est \u00e0 pied d\u2019\u0153uvre. Elle a \u00e9lu domicile \u00e0 \u00c9vreux o\u00f9 elle s\u2019entra\u00eene pour les Jeux de Paris 2024","breadcrumb":{"@id":"https:\/\/www.webdo.tn\/fr\/actualite\/sport\/jeux-paralympiques-2024-30-athletes-tunisiens-au-rendez-vous\/215914\/#breadcrumb"},"inLanguage":"fr-FR","potentialAction":[{"@type":"ReadAction","target":["https:\/\/www.webdo.tn\/fr\/actualite\/sport\/jeux-paralympiques-2024-30-athletes-tunisiens-au-rendez-vous\/215914\/"]}]},{"@type":"ImageObject","inLanguage":"fr-FR","@id":"https:\/\/www.webdo.tn\/fr\/actualite\/sport\/jeux-paralympiques-2024-30-athletes-tunisiens-au-rendez-vous\/215914\/#primaryimage","url":"https:\/\/www.webdo.tn\/fr\/wp-content\/uploads\/2024\/08\/979a305ca7fa493faedc811339c9088b.webp","contentUrl":"https:\/\/www.webdo.tn\/fr\/wp-content\/uploads\/2024\/08\/979a305ca7fa493faedc811339c9088b.webp","width":750,"height":400,"caption":"Jeux paralympiques 2024 : 30 athl\u00e8tes tunisiens au rendez-vous"},{"@type":"BreadcrumbList","@id":"https:\/\/www.webdo.tn\/fr\/actualite\/sport\/jeux-paralympiques-2024-30-athletes-tunisiens-au-rendez-vous\/215914\/#breadcrumb","itemListElement":[{"@type":"ListItem","position":1,"name":"Accueil","item":"https:\/\/www.webdo.tn\/fr\/"},{"@type":"ListItem","position":2,"name":"Jeux paralympiques 2024 : 30 athl\u00e8tes tunisiens au rendez-vous"}]},{"@type":"WebSite","@id":"https:\/\/www.webdo.tn\/fr\/#website","url":"https:\/\/www.webdo.tn\/fr\/","name":"webdo","description":"Tunisie - News en Tunisie et \u00e0 l&#039;international sur Webdo.tn","publisher":{"@id":"https:\/\/www.webdo.tn\/fr\/#organization"},"potentialAction":[{"@type":"SearchAction","target":{"@type":"EntryPoint","urlTemplate":"https:\/\/www.webdo.tn\/fr\/?s={search_term_string}"},"query-input":{"@type":"PropertyValueSpecification","valueRequired":true,"valueName":"search_term_string"}}],"inLanguage":"fr-FR"},{"@type":"Organization","@id":"https:\/\/www.webdo.tn\/fr\/#organization","name":"Webdo","alternateName":"Webdo.tn","url":"https:\/\/www.webdo.tn\/fr\/","logo":{"@type":"ImageObject","inLanguage":"fr-FR","@id":"https:\/\/www.webdo.tn\/fr\/#\/schema\/logo\/image\/","url":"https:\/\/www.webdo.tn\/fr\/wp-content\/uploads\/2025\/06\/Webdo-Tunisie_168377.jpg","contentUrl":"https:\/\/www.webdo.tn\/fr\/wp-content\/uploads\/2025\/06\/Webdo-Tunisie_168377.jpg","width":301,"height":301,"caption":"Webdo"},"image":{"@id":"https:\/\/www.webdo.tn\/fr\/#\/schema\/logo\/image\/"},"sameAs":["https:\/\/www.facebook.com\/webdotn","https:\/\/x.com\/webdo_tn"],"description":"Webdo est un m\u00e9dia num\u00e9rique tunisien fond\u00e9 en 2010, sp\u00e9cialis\u00e9 dans l\u2019actualit\u00e9 nationale et internationale, l\u2019\u00e9conomie, la soci\u00e9t\u00e9 et les analyses politiques. Le site s\u2019adresse \u00e0 un large public francophone et couvre l\u2019information tunisienne en temps r\u00e9el.","email":"redac@webdo.tn","legalName":"YNJ SARL","foundingDate":"2010-09-06","numberOfEmployees":{"@type":"QuantitativeValue","minValue":"11","maxValue":"50"}},{"@type":"Person","@id":"https:\/\/www.webdo.tn\/fr\/#\/schema\/person\/2c4929cbf5a809e3bd38617c6ce150f6","name":"MC","image":{"@type":"ImageObject","inLanguage":"fr-FR","@id":"https:\/\/secure.gravatar.com\/avatar\/a545bbb6f84efdd5553dbbc2895e3ca8f1d12c5215e00a041c9670b54aa9b18a?s=96&d=mm&r=g","url":"https:\/\/secure.gravatar.com\/avatar\/a545bbb6f84efdd5553dbbc2895e3ca8f1d12c5215e00a041c9670b54aa9b18a?s=96&d=mm&r=g","contentUrl":"https:\/\/secure.gravatar.com\/avatar\/a545bbb6f84efdd5553dbbc2895e3ca8f1d12c5215e00a041c9670b54aa9b18a?s=96&d=mm&r=g","caption":"MC"},"url":"https:\/\/www.webdo.tn\/fr\/actualite\/author\/mc\/"}]}},"_links":{"self":[{"href":"https:\/\/www.webdo.tn\/fr\/wp-json\/wp\/v2\/posts\/215914","targetHints":{"allow":["GET"]}}],"collection":[{"href":"https:\/\/www.webdo.tn\/fr\/wp-json\/wp\/v2\/posts"}],"about":[{"href":"https:\/\/www.webdo.tn\/fr\/wp-json\/wp\/v2\/types\/post"}],"author":[{"embeddable":true,"href":"https:\/\/www.webdo.tn\/fr\/wp-json\/wp\/v2\/users\/3162"}],"replies":[{"embeddable":true,"href":"https:\/\/www.webdo.tn\/fr\/wp-json\/wp\/v2\/comments?post=215914"}],"version-history":[{"count":0,"href":"https:\/\/www.webdo.tn\/fr\/wp-json\/wp\/v2\/posts\/215914\/revisions"}],"wp:featuredmedia":[{"embeddable":true,"href":"https:\/\/www.webdo.tn\/fr\/wp-json\/wp\/v2\/media\/290969"}],"wp:attachment":[{"href":"https:\/\/www.webdo.tn\/fr\/wp-json\/wp\/v2\/media?parent=215914"}],"wp:term":[{"taxonomy":"category","embeddable":true,"href":"https:\/\/www.webdo.tn\/fr\/wp-json\/wp\/v2\/categories?post=215914"},{"taxonomy":"post_tag","embeddable":true,"href":"https:\/\/www.webdo.tn\/fr\/wp-json\/wp\/v2\/tags?post=215914"}],"curies":[{"name":"wp","href":"https:\/\/api.w.org\/{rel}","templated":true}]}}