{"id":215910,"date":"2024-08-20T10:42:00","date_gmt":"2024-08-20T10:42:00","guid":{"rendered":"https:\/\/www.webdo.tn\/fr\/blog\/tunisie-sonia-dahmani-aujourd-hui-devant-la-cour-d-appel\/215910\/"},"modified":"2025-05-20T21:49:48","modified_gmt":"2025-05-20T21:49:48","slug":"tunisie-sonia-dahmani-aujourd-hui-devant-la-cour-d-appel","status":"publish","type":"post","link":"https:\/\/www.webdo.tn\/fr\/actualite\/national\/tunisie-sonia-dahmani-aujourd-hui-devant-la-cour-d-appel\/215910\/","title":{"rendered":"Tunisie : Sonia Dahmani, aujourd&rsquo;hui devant la cour d&rsquo;appel"},"content":{"rendered":"<p>Mise \u00e0 jour:\u00a0 \u00a0 \u00a0 \u00a0 Proc\u00e8s de Sonia Dahmani en appel : l&rsquo;audience ajourn\u00e9e au 10 septembre<\/p>\n<p>\u00a0<\/p>\n<p>\u00a0<\/p>\n<p>La Cour d\u2019appel de Tunis examinera l\u2019appel de l\u2019avocate Sonia Dahmani ce mardi 20 ao\u00fbt. Cette audience portera sur le jugement de premi\u00e8re instance qui avait condamn\u00e9 Dahmani \u00e0 une peine d\u2019un an de prison avec effet imm\u00e9diat.<\/p>\n<p>Auparavant, le juge d\u2019instruction du Tribunal de premi\u00e8re instance de Tunis avait \u00e9mis un mandat de d\u00e9p\u00f4t contre Sonia Dahmani, avant de la renvoyer devant la Chambre criminelle pour r\u00e9pondre \u00e0 des accusations li\u00e9es \u00e0 une d\u00e9claration m\u00e9diatique.<\/p>\n<p>Cette d\u00e9claration, controvers\u00e9e en raison de ses propos sur les migrants irr\u00e9guliers subsahariens en Tunisie, avait conduit \u00e0 sa condamnation imm\u00e9diate.<\/p>\n<p>Dahmani ayant interjet\u00e9 appel, la Cour d\u2019appel se r\u00e9unira aujourd&rsquo;hui pour examiner les arguments de sa d\u00e9fense.<\/p>\n","protected":false},"excerpt":{"rendered":"<p>Auparavant, le juge d\u2019instruction du Tribunal de premi\u00e8re instance de Tunis avait \u00e9mis un mandat de d\u00e9p\u00f4t contre Sonia Dahmani, avant de la renvoyer devant la C&#8230;<\/p>\n","protected":false},"author":3162,"featured_media":246751,"comment_status":"open","ping_status":"closed","sticky":false,"template":"","format":"standard","meta":{"footnotes":""},"categories":[44],"tags":[4263,3313,2608],"class_list":["post-215910","post","type-post","status-publish","format-standard","has-post-thumbnail","hentry","category-national","tag-appel","tag-sonia-dahmani","tag-tunisie"],"yoast_head":"<!-- This site is optimized with the Yoast SEO Premium plugin v27.5 (Yoast SEO v27.5) - https:\/\/yoast.com\/product\/yoast-seo-premium-wordpress\/ -->\n<title>Tunisie : Sonia Dahmani, aujourd&#039;hui devant la cour d&#039;appel<\/title>\n<meta name=\"description\" content=\"Auparavant, le juge d\u2019instruction du Tribunal de premi\u00e8re instance de Tunis avait \u00e9mis un mandat de d\u00e9p\u00f4t contre Sonia Dahmani, avant de la renvoyer devant la C...\" \/>\n<link rel=\"canonical\" href=\"https:\/\/www.webdo.tn\/fr\/actualite\/national\/tunisie-sonia-dahmani-aujourd-hui-devant-la-cour-d-appel\/215910\/\" \/>\n<meta property=\"og:locale\" content=\"fr_FR\" \/>\n<meta property=\"og:type\" content=\"article\" \/>\n<meta property=\"og:title\" content=\"Tunisie : Sonia Dahmani, aujourd&#039;hui devant la cour d&#039;appel\" \/>\n<meta property=\"og:description\" content=\"Auparavant, le juge d\u2019instruction du Tribunal de premi\u00e8re instance de Tunis avait \u00e9mis un mandat de d\u00e9p\u00f4t contre Sonia Dahmani, avant de la renvoyer devant la C...\" \/>\n<meta property=\"og:url\" content=\"https:\/\/www.webdo.tn\/fr\/actualite\/national\/tunisie-sonia-dahmani-aujourd-hui-devant-la-cour-d-appel\/215910\/\" \/>\n<meta property=\"og:site_name\" content=\"webdo\" \/>\n<meta property=\"article:publisher\" content=\"https:\/\/www.facebook.com\/webdotn\" \/>\n<meta property=\"article:published_time\" content=\"2024-08-20T10:42:00+00:00\" \/>\n<meta property=\"article:modified_time\" content=\"2025-05-20T21:49:48+00:00\" \/>\n<meta property=\"og:image\" content=\"https:\/\/www.webdo.tn\/fr\/wp-content\/uploads\/2024\/08\/ccd3e13c0d22f68f35b67305c251770c.webp\" \/>\n\t<meta property=\"og:image:width\" content=\"750\" \/>\n\t<meta property=\"og:image:height\" content=\"400\" \/>\n\t<meta property=\"og:image:type\" content=\"image\/webp\" \/>\n<meta name=\"author\" content=\"MC\" \/>\n<meta name=\"twitter:card\" content=\"summary_large_image\" \/>\n<meta name=\"twitter:creator\" content=\"@webdo_tn\" \/>\n<meta name=\"twitter:site\" content=\"@webdo_tn\" \/>\n<meta name=\"twitter:label1\" content=\"\u00c9crit par\" \/>\n\t<meta name=\"twitter:data1\" content=\"MC\" \/>\n\t<meta name=\"twitter:label2\" content=\"Dur\u00e9e de lecture estim\u00e9e\" \/>\n\t<meta name=\"twitter:data2\" content=\"1 minute\" \/>\n<script type=\"application\/ld+json\" class=\"yoast-schema-graph\">{\"@context\":\"https:\\\/\\\/schema.org\",\"@graph\":[{\"@type\":\"NewsArticle\",\"@id\":\"https:\\\/\\\/www.webdo.tn\\\/fr\\\/actualite\\\/national\\\/tunisie-sonia-dahmani-aujourd-hui-devant-la-cour-d-appel\\\/215910\\\/#article\",\"isPartOf\":{\"@id\":\"https:\\\/\\\/www.webdo.tn\\\/fr\\\/actualite\\\/national\\\/tunisie-sonia-dahmani-aujourd-hui-devant-la-cour-d-appel\\\/215910\\\/\"},\"author\":{\"name\":\"MC\",\"@id\":\"https:\\\/\\\/www.webdo.tn\\\/fr\\\/#\\\/schema\\\/person\\\/2c4929cbf5a809e3bd38617c6ce150f6\"},\"headline\":\"Tunisie : Sonia Dahmani, aujourd&rsquo;hui devant la cour d&rsquo;appel\",\"datePublished\":\"2024-08-20T10:42:00+00:00\",\"dateModified\":\"2025-05-20T21:49:48+00:00\",\"mainEntityOfPage\":{\"@id\":\"https:\\\/\\\/www.webdo.tn\\\/fr\\\/actualite\\\/national\\\/tunisie-sonia-dahmani-aujourd-hui-devant-la-cour-d-appel\\\/215910\\\/\"},\"wordCount\":157,\"commentCount\":0,\"publisher\":{\"@id\":\"https:\\\/\\\/www.webdo.tn\\\/fr\\\/#organization\"},\"image\":{\"@id\":\"https:\\\/\\\/www.webdo.tn\\\/fr\\\/actualite\\\/national\\\/tunisie-sonia-dahmani-aujourd-hui-devant-la-cour-d-appel\\\/215910\\\/#primaryimage\"},\"thumbnailUrl\":\"https:\\\/\\\/www.webdo.tn\\\/fr\\\/wp-content\\\/uploads\\\/2024\\\/08\\\/ccd3e13c0d22f68f35b67305c251770c.webp\",\"keywords\":[\"appel\",\"sonia dahmani\",\"Tunisie\"],\"articleSection\":[\"National\"],\"inLanguage\":\"fr-FR\"},{\"@type\":\"WebPage\",\"@id\":\"https:\\\/\\\/www.webdo.tn\\\/fr\\\/actualite\\\/national\\\/tunisie-sonia-dahmani-aujourd-hui-devant-la-cour-d-appel\\\/215910\\\/\",\"url\":\"https:\\\/\\\/www.webdo.tn\\\/fr\\\/actualite\\\/national\\\/tunisie-sonia-dahmani-aujourd-hui-devant-la-cour-d-appel\\\/215910\\\/\",\"name\":\"Tunisie : Sonia Dahmani, aujourd'hui devant la cour d'appel\",\"isPartOf\":{\"@id\":\"https:\\\/\\\/www.webdo.tn\\\/fr\\\/#website\"},\"primaryImageOfPage\":{\"@id\":\"https:\\\/\\\/www.webdo.tn\\\/fr\\\/actualite\\\/national\\\/tunisie-sonia-dahmani-aujourd-hui-devant-la-cour-d-appel\\\/215910\\\/#primaryimage\"},\"image\":{\"@id\":\"https:\\\/\\\/www.webdo.tn\\\/fr\\\/actualite\\\/national\\\/tunisie-sonia-dahmani-aujourd-hui-devant-la-cour-d-appel\\\/215910\\\/#primaryimage\"},\"thumbnailUrl\":\"https:\\\/\\\/www.webdo.tn\\\/fr\\\/wp-content\\\/uploads\\\/2024\\\/08\\\/ccd3e13c0d22f68f35b67305c251770c.webp\",\"datePublished\":\"2024-08-20T10:42:00+00:00\",\"dateModified\":\"2025-05-20T21:49:48+00:00\",\"description\":\"Auparavant, le juge d\u2019instruction du Tribunal de premi\u00e8re instance de Tunis avait \u00e9mis un mandat de d\u00e9p\u00f4t contre Sonia Dahmani, avant de la renvoyer devant la C...\",\"breadcrumb\":{\"@id\":\"https:\\\/\\\/www.webdo.tn\\\/fr\\\/actualite\\\/national\\\/tunisie-sonia-dahmani-aujourd-hui-devant-la-cour-d-appel\\\/215910\\\/#breadcrumb\"},\"inLanguage\":\"fr-FR\",\"potentialAction\":[{\"@type\":\"ReadAction\",\"target\":[\"https:\\\/\\\/www.webdo.tn\\\/fr\\\/actualite\\\/national\\\/tunisie-sonia-dahmani-aujourd-hui-devant-la-cour-d-appel\\\/215910\\\/\"]}]},{\"@type\":\"ImageObject\",\"inLanguage\":\"fr-FR\",\"@id\":\"https:\\\/\\\/www.webdo.tn\\\/fr\\\/actualite\\\/national\\\/tunisie-sonia-dahmani-aujourd-hui-devant-la-cour-d-appel\\\/215910\\\/#primaryimage\",\"url\":\"https:\\\/\\\/www.webdo.tn\\\/fr\\\/wp-content\\\/uploads\\\/2024\\\/08\\\/ccd3e13c0d22f68f35b67305c251770c.webp\",\"contentUrl\":\"https:\\\/\\\/www.webdo.tn\\\/fr\\\/wp-content\\\/uploads\\\/2024\\\/08\\\/ccd3e13c0d22f68f35b67305c251770c.webp\",\"width\":750,\"height\":400,\"caption\":\"Tunisie : Sonia Dahmani, aujourd'hui devant la cour d'appel\"},{\"@type\":\"BreadcrumbList\",\"@id\":\"https:\\\/\\\/www.webdo.tn\\\/fr\\\/actualite\\\/national\\\/tunisie-sonia-dahmani-aujourd-hui-devant-la-cour-d-appel\\\/215910\\\/#breadcrumb\",\"itemListElement\":[{\"@type\":\"ListItem\",\"position\":1,\"name\":\"Accueil\",\"item\":\"https:\\\/\\\/www.webdo.tn\\\/fr\\\/\"},{\"@type\":\"ListItem\",\"position\":2,\"name\":\"Tunisie : Sonia Dahmani, aujourd&#8217;hui devant la cour d&#8217;appel\"}]},{\"@type\":\"WebSite\",\"@id\":\"https:\\\/\\\/www.webdo.tn\\\/fr\\\/#website\",\"url\":\"https:\\\/\\\/www.webdo.tn\\\/fr\\\/\",\"name\":\"webdo\",\"description\":\"Tunisie - News en Tunisie et \u00e0 l&#039;international sur Webdo.tn\",\"publisher\":{\"@id\":\"https:\\\/\\\/www.webdo.tn\\\/fr\\\/#organization\"},\"potentialAction\":[{\"@type\":\"SearchAction\",\"target\":{\"@type\":\"EntryPoint\",\"urlTemplate\":\"https:\\\/\\\/www.webdo.tn\\\/fr\\\/?s={search_term_string}\"},\"query-input\":{\"@type\":\"PropertyValueSpecification\",\"valueRequired\":true,\"valueName\":\"search_term_string\"}}],\"inLanguage\":\"fr-FR\"},{\"@type\":\"Organization\",\"@id\":\"https:\\\/\\\/www.webdo.tn\\\/fr\\\/#organization\",\"name\":\"Webdo\",\"alternateName\":\"Webdo.tn\",\"url\":\"https:\\\/\\\/www.webdo.tn\\\/fr\\\/\",\"logo\":{\"@type\":\"ImageObject\",\"inLanguage\":\"fr-FR\",\"@id\":\"https:\\\/\\\/www.webdo.tn\\\/fr\\\/#\\\/schema\\\/logo\\\/image\\\/\",\"url\":\"https:\\\/\\\/www.webdo.tn\\\/fr\\\/wp-content\\\/uploads\\\/2025\\\/06\\\/Webdo-Tunisie_168377.jpg\",\"contentUrl\":\"https:\\\/\\\/www.webdo.tn\\\/fr\\\/wp-content\\\/uploads\\\/2025\\\/06\\\/Webdo-Tunisie_168377.jpg\",\"width\":301,\"height\":301,\"caption\":\"Webdo\"},\"image\":{\"@id\":\"https:\\\/\\\/www.webdo.tn\\\/fr\\\/#\\\/schema\\\/logo\\\/image\\\/\"},\"sameAs\":[\"https:\\\/\\\/www.facebook.com\\\/webdotn\",\"https:\\\/\\\/x.com\\\/webdo_tn\"],\"description\":\"Webdo est un m\u00e9dia num\u00e9rique tunisien fond\u00e9 en 2010, sp\u00e9cialis\u00e9 dans l\u2019actualit\u00e9 nationale et internationale, l\u2019\u00e9conomie, la soci\u00e9t\u00e9 et les analyses politiques. Le site s\u2019adresse \u00e0 un large public francophone et couvre l\u2019information tunisienne en temps r\u00e9el.\",\"email\":\"redac@webdo.tn\",\"legalName\":\"YNJ SARL\",\"foundingDate\":\"2010-09-06\",\"numberOfEmployees\":{\"@type\":\"QuantitativeValue\",\"minValue\":\"11\",\"maxValue\":\"50\"}},{\"@type\":\"Person\",\"@id\":\"https:\\\/\\\/www.webdo.tn\\\/fr\\\/#\\\/schema\\\/person\\\/2c4929cbf5a809e3bd38617c6ce150f6\",\"name\":\"MC\",\"image\":{\"@type\":\"ImageObject\",\"inLanguage\":\"fr-FR\",\"@id\":\"https:\\\/\\\/secure.gravatar.com\\\/avatar\\\/a545bbb6f84efdd5553dbbc2895e3ca8f1d12c5215e00a041c9670b54aa9b18a?s=96&d=mm&r=g\",\"url\":\"https:\\\/\\\/secure.gravatar.com\\\/avatar\\\/a545bbb6f84efdd5553dbbc2895e3ca8f1d12c5215e00a041c9670b54aa9b18a?s=96&d=mm&r=g\",\"contentUrl\":\"https:\\\/\\\/secure.gravatar.com\\\/avatar\\\/a545bbb6f84efdd5553dbbc2895e3ca8f1d12c5215e00a041c9670b54aa9b18a?s=96&d=mm&r=g\",\"caption\":\"MC\"},\"url\":\"https:\\\/\\\/www.webdo.tn\\\/fr\\\/actualite\\\/author\\\/mc\\\/\"}]}<\/script>\n<!-- \/ Yoast SEO Premium plugin. -->","yoast_head_json":{"title":"Tunisie : Sonia Dahmani, aujourd'hui devant la cour d'appel","description":"Auparavant, le juge d\u2019instruction du Tribunal de premi\u00e8re instance de Tunis avait \u00e9mis un mandat de d\u00e9p\u00f4t contre Sonia Dahmani, avant de la renvoyer devant la C...","canonical":"https:\/\/www.webdo.tn\/fr\/actualite\/national\/tunisie-sonia-dahmani-aujourd-hui-devant-la-cour-d-appel\/215910\/","og_locale":"fr_FR","og_type":"article","og_title":"Tunisie : Sonia Dahmani, aujourd'hui devant la cour d'appel","og_description":"Auparavant, le juge d\u2019instruction du Tribunal de premi\u00e8re instance de Tunis avait \u00e9mis un mandat de d\u00e9p\u00f4t contre Sonia Dahmani, avant de la renvoyer devant la C...","og_url":"https:\/\/www.webdo.tn\/fr\/actualite\/national\/tunisie-sonia-dahmani-aujourd-hui-devant-la-cour-d-appel\/215910\/","og_site_name":"webdo","article_publisher":"https:\/\/www.facebook.com\/webdotn","article_published_time":"2024-08-20T10:42:00+00:00","article_modified_time":"2025-05-20T21:49:48+00:00","og_image":[{"width":750,"height":400,"url":"https:\/\/www.webdo.tn\/fr\/wp-content\/uploads\/2024\/08\/ccd3e13c0d22f68f35b67305c251770c.webp","type":"image\/webp"}],"author":"MC","twitter_card":"summary_large_image","twitter_creator":"@webdo_tn","twitter_site":"@webdo_tn","twitter_misc":{"\u00c9crit par":"MC","Dur\u00e9e de lecture estim\u00e9e":"1 minute"},"schema":{"@context":"https:\/\/schema.org","@graph":[{"@type":"NewsArticle","@id":"https:\/\/www.webdo.tn\/fr\/actualite\/national\/tunisie-sonia-dahmani-aujourd-hui-devant-la-cour-d-appel\/215910\/#article","isPartOf":{"@id":"https:\/\/www.webdo.tn\/fr\/actualite\/national\/tunisie-sonia-dahmani-aujourd-hui-devant-la-cour-d-appel\/215910\/"},"author":{"name":"MC","@id":"https:\/\/www.webdo.tn\/fr\/#\/schema\/person\/2c4929cbf5a809e3bd38617c6ce150f6"},"headline":"Tunisie : Sonia Dahmani, aujourd&rsquo;hui devant la cour d&rsquo;appel","datePublished":"2024-08-20T10:42:00+00:00","dateModified":"2025-05-20T21:49:48+00:00","mainEntityOfPage":{"@id":"https:\/\/www.webdo.tn\/fr\/actualite\/national\/tunisie-sonia-dahmani-aujourd-hui-devant-la-cour-d-appel\/215910\/"},"wordCount":157,"commentCount":0,"publisher":{"@id":"https:\/\/www.webdo.tn\/fr\/#organization"},"image":{"@id":"https:\/\/www.webdo.tn\/fr\/actualite\/national\/tunisie-sonia-dahmani-aujourd-hui-devant-la-cour-d-appel\/215910\/#primaryimage"},"thumbnailUrl":"https:\/\/www.webdo.tn\/fr\/wp-content\/uploads\/2024\/08\/ccd3e13c0d22f68f35b67305c251770c.webp","keywords":["appel","sonia dahmani","Tunisie"],"articleSection":["National"],"inLanguage":"fr-FR"},{"@type":"WebPage","@id":"https:\/\/www.webdo.tn\/fr\/actualite\/national\/tunisie-sonia-dahmani-aujourd-hui-devant-la-cour-d-appel\/215910\/","url":"https:\/\/www.webdo.tn\/fr\/actualite\/national\/tunisie-sonia-dahmani-aujourd-hui-devant-la-cour-d-appel\/215910\/","name":"Tunisie : Sonia Dahmani, aujourd'hui devant la cour d'appel","isPartOf":{"@id":"https:\/\/www.webdo.tn\/fr\/#website"},"primaryImageOfPage":{"@id":"https:\/\/www.webdo.tn\/fr\/actualite\/national\/tunisie-sonia-dahmani-aujourd-hui-devant-la-cour-d-appel\/215910\/#primaryimage"},"image":{"@id":"https:\/\/www.webdo.tn\/fr\/actualite\/national\/tunisie-sonia-dahmani-aujourd-hui-devant-la-cour-d-appel\/215910\/#primaryimage"},"thumbnailUrl":"https:\/\/www.webdo.tn\/fr\/wp-content\/uploads\/2024\/08\/ccd3e13c0d22f68f35b67305c251770c.webp","datePublished":"2024-08-20T10:42:00+00:00","dateModified":"2025-05-20T21:49:48+00:00","description":"Auparavant, le juge d\u2019instruction du Tribunal de premi\u00e8re instance de Tunis avait \u00e9mis un mandat de d\u00e9p\u00f4t contre Sonia Dahmani, avant de la renvoyer devant la C...","breadcrumb":{"@id":"https:\/\/www.webdo.tn\/fr\/actualite\/national\/tunisie-sonia-dahmani-aujourd-hui-devant-la-cour-d-appel\/215910\/#breadcrumb"},"inLanguage":"fr-FR","potentialAction":[{"@type":"ReadAction","target":["https:\/\/www.webdo.tn\/fr\/actualite\/national\/tunisie-sonia-dahmani-aujourd-hui-devant-la-cour-d-appel\/215910\/"]}]},{"@type":"ImageObject","inLanguage":"fr-FR","@id":"https:\/\/www.webdo.tn\/fr\/actualite\/national\/tunisie-sonia-dahmani-aujourd-hui-devant-la-cour-d-appel\/215910\/#primaryimage","url":"https:\/\/www.webdo.tn\/fr\/wp-content\/uploads\/2024\/08\/ccd3e13c0d22f68f35b67305c251770c.webp","contentUrl":"https:\/\/www.webdo.tn\/fr\/wp-content\/uploads\/2024\/08\/ccd3e13c0d22f68f35b67305c251770c.webp","width":750,"height":400,"caption":"Tunisie : Sonia Dahmani, aujourd'hui devant la cour d'appel"},{"@type":"BreadcrumbList","@id":"https:\/\/www.webdo.tn\/fr\/actualite\/national\/tunisie-sonia-dahmani-aujourd-hui-devant-la-cour-d-appel\/215910\/#breadcrumb","itemListElement":[{"@type":"ListItem","position":1,"name":"Accueil","item":"https:\/\/www.webdo.tn\/fr\/"},{"@type":"ListItem","position":2,"name":"Tunisie : Sonia Dahmani, aujourd&#8217;hui devant la cour d&#8217;appel"}]},{"@type":"WebSite","@id":"https:\/\/www.webdo.tn\/fr\/#website","url":"https:\/\/www.webdo.tn\/fr\/","name":"webdo","description":"Tunisie - News en Tunisie et \u00e0 l&#039;international sur Webdo.tn","publisher":{"@id":"https:\/\/www.webdo.tn\/fr\/#organization"},"potentialAction":[{"@type":"SearchAction","target":{"@type":"EntryPoint","urlTemplate":"https:\/\/www.webdo.tn\/fr\/?s={search_term_string}"},"query-input":{"@type":"PropertyValueSpecification","valueRequired":true,"valueName":"search_term_string"}}],"inLanguage":"fr-FR"},{"@type":"Organization","@id":"https:\/\/www.webdo.tn\/fr\/#organization","name":"Webdo","alternateName":"Webdo.tn","url":"https:\/\/www.webdo.tn\/fr\/","logo":{"@type":"ImageObject","inLanguage":"fr-FR","@id":"https:\/\/www.webdo.tn\/fr\/#\/schema\/logo\/image\/","url":"https:\/\/www.webdo.tn\/fr\/wp-content\/uploads\/2025\/06\/Webdo-Tunisie_168377.jpg","contentUrl":"https:\/\/www.webdo.tn\/fr\/wp-content\/uploads\/2025\/06\/Webdo-Tunisie_168377.jpg","width":301,"height":301,"caption":"Webdo"},"image":{"@id":"https:\/\/www.webdo.tn\/fr\/#\/schema\/logo\/image\/"},"sameAs":["https:\/\/www.facebook.com\/webdotn","https:\/\/x.com\/webdo_tn"],"description":"Webdo est un m\u00e9dia num\u00e9rique tunisien fond\u00e9 en 2010, sp\u00e9cialis\u00e9 dans l\u2019actualit\u00e9 nationale et internationale, l\u2019\u00e9conomie, la soci\u00e9t\u00e9 et les analyses politiques. Le site s\u2019adresse \u00e0 un large public francophone et couvre l\u2019information tunisienne en temps r\u00e9el.","email":"redac@webdo.tn","legalName":"YNJ SARL","foundingDate":"2010-09-06","numberOfEmployees":{"@type":"QuantitativeValue","minValue":"11","maxValue":"50"}},{"@type":"Person","@id":"https:\/\/www.webdo.tn\/fr\/#\/schema\/person\/2c4929cbf5a809e3bd38617c6ce150f6","name":"MC","image":{"@type":"ImageObject","inLanguage":"fr-FR","@id":"https:\/\/secure.gravatar.com\/avatar\/a545bbb6f84efdd5553dbbc2895e3ca8f1d12c5215e00a041c9670b54aa9b18a?s=96&d=mm&r=g","url":"https:\/\/secure.gravatar.com\/avatar\/a545bbb6f84efdd5553dbbc2895e3ca8f1d12c5215e00a041c9670b54aa9b18a?s=96&d=mm&r=g","contentUrl":"https:\/\/secure.gravatar.com\/avatar\/a545bbb6f84efdd5553dbbc2895e3ca8f1d12c5215e00a041c9670b54aa9b18a?s=96&d=mm&r=g","caption":"MC"},"url":"https:\/\/www.webdo.tn\/fr\/actualite\/author\/mc\/"}]}},"_links":{"self":[{"href":"https:\/\/www.webdo.tn\/fr\/wp-json\/wp\/v2\/posts\/215910","targetHints":{"allow":["GET"]}}],"collection":[{"href":"https:\/\/www.webdo.tn\/fr\/wp-json\/wp\/v2\/posts"}],"about":[{"href":"https:\/\/www.webdo.tn\/fr\/wp-json\/wp\/v2\/types\/post"}],"author":[{"embeddable":true,"href":"https:\/\/www.webdo.tn\/fr\/wp-json\/wp\/v2\/users\/3162"}],"replies":[{"embeddable":true,"href":"https:\/\/www.webdo.tn\/fr\/wp-json\/wp\/v2\/comments?post=215910"}],"version-history":[{"count":0,"href":"https:\/\/www.webdo.tn\/fr\/wp-json\/wp\/v2\/posts\/215910\/revisions"}],"wp:featuredmedia":[{"embeddable":true,"href":"https:\/\/www.webdo.tn\/fr\/wp-json\/wp\/v2\/media\/246751"}],"wp:attachment":[{"href":"https:\/\/www.webdo.tn\/fr\/wp-json\/wp\/v2\/media?parent=215910"}],"wp:term":[{"taxonomy":"category","embeddable":true,"href":"https:\/\/www.webdo.tn\/fr\/wp-json\/wp\/v2\/categories?post=215910"},{"taxonomy":"post_tag","embeddable":true,"href":"https:\/\/www.webdo.tn\/fr\/wp-json\/wp\/v2\/tags?post=215910"}],"curies":[{"name":"wp","href":"https:\/\/api.w.org\/{rel}","templated":true}]}}