{"id":215904,"date":"2024-08-20T09:10:00","date_gmt":"2024-08-20T09:10:00","guid":{"rendered":"https:\/\/www.webdo.tn\/fr\/blog\/tunisie-les-quantites-de-pluies-enregistrees-ces-dernieres-24h\/215904\/"},"modified":"2025-06-04T18:08:25","modified_gmt":"2025-06-04T18:08:25","slug":"tunisie-les-quantites-de-pluies-enregistrees-ces-dernieres-24h-2","status":"publish","type":"post","link":"https:\/\/www.webdo.tn\/fr\/actualite\/national\/tunisie-les-quantites-de-pluies-enregistrees-ces-dernieres-24h-2\/215904\/","title":{"rendered":"Tunisie : Les quantit\u00e9s de pluies enregistr\u00e9es ces derni\u00e8res 24h"},"content":{"rendered":"<p>Ces derni\u00e8res 24 heures, la Tunisie a enregistr\u00e9 des pr\u00e9cipitations significatives \u00e0 travers plusieurs r\u00e9gions du pays. Ces pluies, attendues depuis plusieurs semaines, viennent rompre une p\u00e9riode de s\u00e9cheresse prolong\u00e9e et apportent un soulagement aux agriculteurs ainsi qu\u2019aux citoyens.\u00a0<\/p>\n<p> Toutefois, les quantit\u00e9s de pluie varient consid\u00e9rablement d&rsquo;une r\u00e9gion \u00e0 l&rsquo;autre, suscitant \u00e0 la fois espoirs et inqui\u00e9tudes quant aux impacts sur les cultures, les infrastructures et les r\u00e9serves d&rsquo;eau.\u00a0<\/p>\n<p>Les plus grandes quantit\u00e9s ont \u00e9t\u00e9 enregistr\u00e9s hier dans l\u2019apr\u00e8s-midi dans le gouvernorat de Sfax.<\/p>\n","protected":false},"excerpt":{"rendered":"<p>Toutefois, les quantit\u00e9s de pluie varient consid\u00e9rablement d&rsquo;une r\u00e9gion \u00e0 l&rsquo;autre, suscitant \u00e0 la fois espoirs et inqui\u00e9tudes quant aux impacts sur les cultures&#8230;<\/p>\n","protected":false},"author":3162,"featured_media":246750,"comment_status":"open","ping_status":"closed","sticky":false,"template":"","format":"standard","meta":{"footnotes":""},"categories":[44],"tags":[3163,2608],"class_list":["post-215904","post","type-post","status-publish","format-standard","has-post-thumbnail","hentry","category-national","tag-pluies","tag-tunisie"],"yoast_head":"<!-- This site is optimized with the Yoast SEO Premium plugin v27.5 (Yoast SEO v27.5) - https:\/\/yoast.com\/product\/yoast-seo-premium-wordpress\/ -->\n<title>Tunisie : Les quantit\u00e9s de pluies enregistr\u00e9es ces derni\u00e8res 24h<\/title>\n<meta name=\"description\" content=\"Toutefois, les quantit\u00e9s de pluie varient consid\u00e9rablement d&#039;une r\u00e9gion \u00e0 l&#039;autre, suscitant \u00e0 la fois espoirs et inqui\u00e9tudes quant aux impacts sur les cultures...\" \/>\n<link rel=\"canonical\" href=\"https:\/\/www.webdo.tn\/fr\/actualite\/national\/tunisie-les-quantites-de-pluies-enregistrees-ces-dernieres-24h-2\/215904\/\" \/>\n<meta property=\"og:locale\" content=\"fr_FR\" \/>\n<meta property=\"og:type\" content=\"article\" \/>\n<meta property=\"og:title\" content=\"Tunisie : Les quantit\u00e9s de pluies enregistr\u00e9es ces derni\u00e8res 24h\" \/>\n<meta property=\"og:description\" content=\"Toutefois, les quantit\u00e9s de pluie varient consid\u00e9rablement d&#039;une r\u00e9gion \u00e0 l&#039;autre, suscitant \u00e0 la fois espoirs et inqui\u00e9tudes quant aux impacts sur les cultures...\" \/>\n<meta property=\"og:url\" content=\"https:\/\/www.webdo.tn\/fr\/actualite\/national\/tunisie-les-quantites-de-pluies-enregistrees-ces-dernieres-24h-2\/215904\/\" \/>\n<meta property=\"og:site_name\" content=\"webdo\" \/>\n<meta property=\"article:publisher\" content=\"https:\/\/www.facebook.com\/webdotn\" \/>\n<meta property=\"article:published_time\" content=\"2024-08-20T09:10:00+00:00\" \/>\n<meta property=\"article:modified_time\" content=\"2025-06-04T18:08:25+00:00\" \/>\n<meta property=\"og:image\" content=\"https:\/\/www.webdo.tn\/fr\/wp-content\/uploads\/2024\/08\/a97d08c9a62f6641c25d2cb15f06883a.webp\" \/>\n\t<meta property=\"og:image:width\" content=\"750\" \/>\n\t<meta property=\"og:image:height\" content=\"400\" \/>\n\t<meta property=\"og:image:type\" content=\"image\/webp\" \/>\n<meta name=\"author\" content=\"MC\" \/>\n<meta name=\"twitter:card\" content=\"summary_large_image\" \/>\n<meta name=\"twitter:creator\" content=\"@webdo_tn\" \/>\n<meta name=\"twitter:site\" content=\"@webdo_tn\" \/>\n<meta name=\"twitter:label1\" content=\"\u00c9crit par\" \/>\n\t<meta name=\"twitter:data1\" content=\"MC\" \/>\n<script type=\"application\/ld+json\" class=\"yoast-schema-graph\">{\"@context\":\"https:\\\/\\\/schema.org\",\"@graph\":[{\"@type\":\"NewsArticle\",\"@id\":\"https:\\\/\\\/www.webdo.tn\\\/fr\\\/actualite\\\/national\\\/tunisie-les-quantites-de-pluies-enregistrees-ces-dernieres-24h-2\\\/215904\\\/#article\",\"isPartOf\":{\"@id\":\"https:\\\/\\\/www.webdo.tn\\\/fr\\\/actualite\\\/national\\\/tunisie-les-quantites-de-pluies-enregistrees-ces-dernieres-24h-2\\\/215904\\\/\"},\"author\":{\"name\":\"MC\",\"@id\":\"https:\\\/\\\/www.webdo.tn\\\/fr\\\/#\\\/schema\\\/person\\\/2c4929cbf5a809e3bd38617c6ce150f6\"},\"headline\":\"Tunisie : Les quantit\u00e9s de pluies enregistr\u00e9es ces derni\u00e8res 24h\",\"datePublished\":\"2024-08-20T09:10:00+00:00\",\"dateModified\":\"2025-06-04T18:08:25+00:00\",\"mainEntityOfPage\":{\"@id\":\"https:\\\/\\\/www.webdo.tn\\\/fr\\\/actualite\\\/national\\\/tunisie-les-quantites-de-pluies-enregistrees-ces-dernieres-24h-2\\\/215904\\\/\"},\"wordCount\":111,\"commentCount\":0,\"publisher\":{\"@id\":\"https:\\\/\\\/www.webdo.tn\\\/fr\\\/#organization\"},\"image\":{\"@id\":\"https:\\\/\\\/www.webdo.tn\\\/fr\\\/actualite\\\/national\\\/tunisie-les-quantites-de-pluies-enregistrees-ces-dernieres-24h-2\\\/215904\\\/#primaryimage\"},\"thumbnailUrl\":\"https:\\\/\\\/www.webdo.tn\\\/fr\\\/wp-content\\\/uploads\\\/2024\\\/08\\\/a97d08c9a62f6641c25d2cb15f06883a.webp\",\"keywords\":[\"pluies\",\"Tunisie\"],\"articleSection\":[\"National\"],\"inLanguage\":\"fr-FR\"},{\"@type\":\"WebPage\",\"@id\":\"https:\\\/\\\/www.webdo.tn\\\/fr\\\/actualite\\\/national\\\/tunisie-les-quantites-de-pluies-enregistrees-ces-dernieres-24h-2\\\/215904\\\/\",\"url\":\"https:\\\/\\\/www.webdo.tn\\\/fr\\\/actualite\\\/national\\\/tunisie-les-quantites-de-pluies-enregistrees-ces-dernieres-24h-2\\\/215904\\\/\",\"name\":\"Tunisie : Les quantit\u00e9s de pluies enregistr\u00e9es ces derni\u00e8res 24h\",\"isPartOf\":{\"@id\":\"https:\\\/\\\/www.webdo.tn\\\/fr\\\/#website\"},\"primaryImageOfPage\":{\"@id\":\"https:\\\/\\\/www.webdo.tn\\\/fr\\\/actualite\\\/national\\\/tunisie-les-quantites-de-pluies-enregistrees-ces-dernieres-24h-2\\\/215904\\\/#primaryimage\"},\"image\":{\"@id\":\"https:\\\/\\\/www.webdo.tn\\\/fr\\\/actualite\\\/national\\\/tunisie-les-quantites-de-pluies-enregistrees-ces-dernieres-24h-2\\\/215904\\\/#primaryimage\"},\"thumbnailUrl\":\"https:\\\/\\\/www.webdo.tn\\\/fr\\\/wp-content\\\/uploads\\\/2024\\\/08\\\/a97d08c9a62f6641c25d2cb15f06883a.webp\",\"datePublished\":\"2024-08-20T09:10:00+00:00\",\"dateModified\":\"2025-06-04T18:08:25+00:00\",\"description\":\"Toutefois, les quantit\u00e9s de pluie varient consid\u00e9rablement d'une r\u00e9gion \u00e0 l'autre, suscitant \u00e0 la fois espoirs et inqui\u00e9tudes quant aux impacts sur les cultures...\",\"breadcrumb\":{\"@id\":\"https:\\\/\\\/www.webdo.tn\\\/fr\\\/actualite\\\/national\\\/tunisie-les-quantites-de-pluies-enregistrees-ces-dernieres-24h-2\\\/215904\\\/#breadcrumb\"},\"inLanguage\":\"fr-FR\",\"potentialAction\":[{\"@type\":\"ReadAction\",\"target\":[\"https:\\\/\\\/www.webdo.tn\\\/fr\\\/actualite\\\/national\\\/tunisie-les-quantites-de-pluies-enregistrees-ces-dernieres-24h-2\\\/215904\\\/\"]}]},{\"@type\":\"ImageObject\",\"inLanguage\":\"fr-FR\",\"@id\":\"https:\\\/\\\/www.webdo.tn\\\/fr\\\/actualite\\\/national\\\/tunisie-les-quantites-de-pluies-enregistrees-ces-dernieres-24h-2\\\/215904\\\/#primaryimage\",\"url\":\"https:\\\/\\\/www.webdo.tn\\\/fr\\\/wp-content\\\/uploads\\\/2024\\\/08\\\/a97d08c9a62f6641c25d2cb15f06883a.webp\",\"contentUrl\":\"https:\\\/\\\/www.webdo.tn\\\/fr\\\/wp-content\\\/uploads\\\/2024\\\/08\\\/a97d08c9a62f6641c25d2cb15f06883a.webp\",\"width\":750,\"height\":400,\"caption\":\"Tunisie : Les quantit\u00e9s de pluies enregistr\u00e9es ces derni\u00e8res 24h\"},{\"@type\":\"BreadcrumbList\",\"@id\":\"https:\\\/\\\/www.webdo.tn\\\/fr\\\/actualite\\\/national\\\/tunisie-les-quantites-de-pluies-enregistrees-ces-dernieres-24h-2\\\/215904\\\/#breadcrumb\",\"itemListElement\":[{\"@type\":\"ListItem\",\"position\":1,\"name\":\"Accueil\",\"item\":\"https:\\\/\\\/www.webdo.tn\\\/fr\\\/\"},{\"@type\":\"ListItem\",\"position\":2,\"name\":\"Tunisie : Les quantit\u00e9s de pluies enregistr\u00e9es ces derni\u00e8res 24h\"}]},{\"@type\":\"WebSite\",\"@id\":\"https:\\\/\\\/www.webdo.tn\\\/fr\\\/#website\",\"url\":\"https:\\\/\\\/www.webdo.tn\\\/fr\\\/\",\"name\":\"webdo\",\"description\":\"Tunisie - News en Tunisie et \u00e0 l&#039;international sur Webdo.tn\",\"publisher\":{\"@id\":\"https:\\\/\\\/www.webdo.tn\\\/fr\\\/#organization\"},\"potentialAction\":[{\"@type\":\"SearchAction\",\"target\":{\"@type\":\"EntryPoint\",\"urlTemplate\":\"https:\\\/\\\/www.webdo.tn\\\/fr\\\/?s={search_term_string}\"},\"query-input\":{\"@type\":\"PropertyValueSpecification\",\"valueRequired\":true,\"valueName\":\"search_term_string\"}}],\"inLanguage\":\"fr-FR\"},{\"@type\":\"Organization\",\"@id\":\"https:\\\/\\\/www.webdo.tn\\\/fr\\\/#organization\",\"name\":\"Webdo\",\"alternateName\":\"Webdo.tn\",\"url\":\"https:\\\/\\\/www.webdo.tn\\\/fr\\\/\",\"logo\":{\"@type\":\"ImageObject\",\"inLanguage\":\"fr-FR\",\"@id\":\"https:\\\/\\\/www.webdo.tn\\\/fr\\\/#\\\/schema\\\/logo\\\/image\\\/\",\"url\":\"https:\\\/\\\/www.webdo.tn\\\/fr\\\/wp-content\\\/uploads\\\/2025\\\/06\\\/Webdo-Tunisie_168377.jpg\",\"contentUrl\":\"https:\\\/\\\/www.webdo.tn\\\/fr\\\/wp-content\\\/uploads\\\/2025\\\/06\\\/Webdo-Tunisie_168377.jpg\",\"width\":301,\"height\":301,\"caption\":\"Webdo\"},\"image\":{\"@id\":\"https:\\\/\\\/www.webdo.tn\\\/fr\\\/#\\\/schema\\\/logo\\\/image\\\/\"},\"sameAs\":[\"https:\\\/\\\/www.facebook.com\\\/webdotn\",\"https:\\\/\\\/x.com\\\/webdo_tn\"],\"description\":\"Webdo est un m\u00e9dia num\u00e9rique tunisien fond\u00e9 en 2010, sp\u00e9cialis\u00e9 dans l\u2019actualit\u00e9 nationale et internationale, l\u2019\u00e9conomie, la soci\u00e9t\u00e9 et les analyses politiques. Le site s\u2019adresse \u00e0 un large public francophone et couvre l\u2019information tunisienne en temps r\u00e9el.\",\"email\":\"redac@webdo.tn\",\"legalName\":\"YNJ SARL\",\"foundingDate\":\"2010-09-06\",\"numberOfEmployees\":{\"@type\":\"QuantitativeValue\",\"minValue\":\"11\",\"maxValue\":\"50\"}},{\"@type\":\"Person\",\"@id\":\"https:\\\/\\\/www.webdo.tn\\\/fr\\\/#\\\/schema\\\/person\\\/2c4929cbf5a809e3bd38617c6ce150f6\",\"name\":\"MC\",\"image\":{\"@type\":\"ImageObject\",\"inLanguage\":\"fr-FR\",\"@id\":\"https:\\\/\\\/secure.gravatar.com\\\/avatar\\\/a545bbb6f84efdd5553dbbc2895e3ca8f1d12c5215e00a041c9670b54aa9b18a?s=96&d=mm&r=g\",\"url\":\"https:\\\/\\\/secure.gravatar.com\\\/avatar\\\/a545bbb6f84efdd5553dbbc2895e3ca8f1d12c5215e00a041c9670b54aa9b18a?s=96&d=mm&r=g\",\"contentUrl\":\"https:\\\/\\\/secure.gravatar.com\\\/avatar\\\/a545bbb6f84efdd5553dbbc2895e3ca8f1d12c5215e00a041c9670b54aa9b18a?s=96&d=mm&r=g\",\"caption\":\"MC\"},\"url\":\"https:\\\/\\\/www.webdo.tn\\\/fr\\\/actualite\\\/author\\\/mc\\\/\"}]}<\/script>\n<!-- \/ Yoast SEO Premium plugin. -->","yoast_head_json":{"title":"Tunisie : Les quantit\u00e9s de pluies enregistr\u00e9es ces derni\u00e8res 24h","description":"Toutefois, les quantit\u00e9s de pluie varient consid\u00e9rablement d'une r\u00e9gion \u00e0 l'autre, suscitant \u00e0 la fois espoirs et inqui\u00e9tudes quant aux impacts sur les cultures...","canonical":"https:\/\/www.webdo.tn\/fr\/actualite\/national\/tunisie-les-quantites-de-pluies-enregistrees-ces-dernieres-24h-2\/215904\/","og_locale":"fr_FR","og_type":"article","og_title":"Tunisie : Les quantit\u00e9s de pluies enregistr\u00e9es ces derni\u00e8res 24h","og_description":"Toutefois, les quantit\u00e9s de pluie varient consid\u00e9rablement d'une r\u00e9gion \u00e0 l'autre, suscitant \u00e0 la fois espoirs et inqui\u00e9tudes quant aux impacts sur les cultures...","og_url":"https:\/\/www.webdo.tn\/fr\/actualite\/national\/tunisie-les-quantites-de-pluies-enregistrees-ces-dernieres-24h-2\/215904\/","og_site_name":"webdo","article_publisher":"https:\/\/www.facebook.com\/webdotn","article_published_time":"2024-08-20T09:10:00+00:00","article_modified_time":"2025-06-04T18:08:25+00:00","og_image":[{"width":750,"height":400,"url":"https:\/\/www.webdo.tn\/fr\/wp-content\/uploads\/2024\/08\/a97d08c9a62f6641c25d2cb15f06883a.webp","type":"image\/webp"}],"author":"MC","twitter_card":"summary_large_image","twitter_creator":"@webdo_tn","twitter_site":"@webdo_tn","twitter_misc":{"\u00c9crit par":"MC"},"schema":{"@context":"https:\/\/schema.org","@graph":[{"@type":"NewsArticle","@id":"https:\/\/www.webdo.tn\/fr\/actualite\/national\/tunisie-les-quantites-de-pluies-enregistrees-ces-dernieres-24h-2\/215904\/#article","isPartOf":{"@id":"https:\/\/www.webdo.tn\/fr\/actualite\/national\/tunisie-les-quantites-de-pluies-enregistrees-ces-dernieres-24h-2\/215904\/"},"author":{"name":"MC","@id":"https:\/\/www.webdo.tn\/fr\/#\/schema\/person\/2c4929cbf5a809e3bd38617c6ce150f6"},"headline":"Tunisie : Les quantit\u00e9s de pluies enregistr\u00e9es ces derni\u00e8res 24h","datePublished":"2024-08-20T09:10:00+00:00","dateModified":"2025-06-04T18:08:25+00:00","mainEntityOfPage":{"@id":"https:\/\/www.webdo.tn\/fr\/actualite\/national\/tunisie-les-quantites-de-pluies-enregistrees-ces-dernieres-24h-2\/215904\/"},"wordCount":111,"commentCount":0,"publisher":{"@id":"https:\/\/www.webdo.tn\/fr\/#organization"},"image":{"@id":"https:\/\/www.webdo.tn\/fr\/actualite\/national\/tunisie-les-quantites-de-pluies-enregistrees-ces-dernieres-24h-2\/215904\/#primaryimage"},"thumbnailUrl":"https:\/\/www.webdo.tn\/fr\/wp-content\/uploads\/2024\/08\/a97d08c9a62f6641c25d2cb15f06883a.webp","keywords":["pluies","Tunisie"],"articleSection":["National"],"inLanguage":"fr-FR"},{"@type":"WebPage","@id":"https:\/\/www.webdo.tn\/fr\/actualite\/national\/tunisie-les-quantites-de-pluies-enregistrees-ces-dernieres-24h-2\/215904\/","url":"https:\/\/www.webdo.tn\/fr\/actualite\/national\/tunisie-les-quantites-de-pluies-enregistrees-ces-dernieres-24h-2\/215904\/","name":"Tunisie : Les quantit\u00e9s de pluies enregistr\u00e9es ces derni\u00e8res 24h","isPartOf":{"@id":"https:\/\/www.webdo.tn\/fr\/#website"},"primaryImageOfPage":{"@id":"https:\/\/www.webdo.tn\/fr\/actualite\/national\/tunisie-les-quantites-de-pluies-enregistrees-ces-dernieres-24h-2\/215904\/#primaryimage"},"image":{"@id":"https:\/\/www.webdo.tn\/fr\/actualite\/national\/tunisie-les-quantites-de-pluies-enregistrees-ces-dernieres-24h-2\/215904\/#primaryimage"},"thumbnailUrl":"https:\/\/www.webdo.tn\/fr\/wp-content\/uploads\/2024\/08\/a97d08c9a62f6641c25d2cb15f06883a.webp","datePublished":"2024-08-20T09:10:00+00:00","dateModified":"2025-06-04T18:08:25+00:00","description":"Toutefois, les quantit\u00e9s de pluie varient consid\u00e9rablement d'une r\u00e9gion \u00e0 l'autre, suscitant \u00e0 la fois espoirs et inqui\u00e9tudes quant aux impacts sur les cultures...","breadcrumb":{"@id":"https:\/\/www.webdo.tn\/fr\/actualite\/national\/tunisie-les-quantites-de-pluies-enregistrees-ces-dernieres-24h-2\/215904\/#breadcrumb"},"inLanguage":"fr-FR","potentialAction":[{"@type":"ReadAction","target":["https:\/\/www.webdo.tn\/fr\/actualite\/national\/tunisie-les-quantites-de-pluies-enregistrees-ces-dernieres-24h-2\/215904\/"]}]},{"@type":"ImageObject","inLanguage":"fr-FR","@id":"https:\/\/www.webdo.tn\/fr\/actualite\/national\/tunisie-les-quantites-de-pluies-enregistrees-ces-dernieres-24h-2\/215904\/#primaryimage","url":"https:\/\/www.webdo.tn\/fr\/wp-content\/uploads\/2024\/08\/a97d08c9a62f6641c25d2cb15f06883a.webp","contentUrl":"https:\/\/www.webdo.tn\/fr\/wp-content\/uploads\/2024\/08\/a97d08c9a62f6641c25d2cb15f06883a.webp","width":750,"height":400,"caption":"Tunisie : Les quantit\u00e9s de pluies enregistr\u00e9es ces derni\u00e8res 24h"},{"@type":"BreadcrumbList","@id":"https:\/\/www.webdo.tn\/fr\/actualite\/national\/tunisie-les-quantites-de-pluies-enregistrees-ces-dernieres-24h-2\/215904\/#breadcrumb","itemListElement":[{"@type":"ListItem","position":1,"name":"Accueil","item":"https:\/\/www.webdo.tn\/fr\/"},{"@type":"ListItem","position":2,"name":"Tunisie : Les quantit\u00e9s de pluies enregistr\u00e9es ces derni\u00e8res 24h"}]},{"@type":"WebSite","@id":"https:\/\/www.webdo.tn\/fr\/#website","url":"https:\/\/www.webdo.tn\/fr\/","name":"webdo","description":"Tunisie - News en Tunisie et \u00e0 l&#039;international sur Webdo.tn","publisher":{"@id":"https:\/\/www.webdo.tn\/fr\/#organization"},"potentialAction":[{"@type":"SearchAction","target":{"@type":"EntryPoint","urlTemplate":"https:\/\/www.webdo.tn\/fr\/?s={search_term_string}"},"query-input":{"@type":"PropertyValueSpecification","valueRequired":true,"valueName":"search_term_string"}}],"inLanguage":"fr-FR"},{"@type":"Organization","@id":"https:\/\/www.webdo.tn\/fr\/#organization","name":"Webdo","alternateName":"Webdo.tn","url":"https:\/\/www.webdo.tn\/fr\/","logo":{"@type":"ImageObject","inLanguage":"fr-FR","@id":"https:\/\/www.webdo.tn\/fr\/#\/schema\/logo\/image\/","url":"https:\/\/www.webdo.tn\/fr\/wp-content\/uploads\/2025\/06\/Webdo-Tunisie_168377.jpg","contentUrl":"https:\/\/www.webdo.tn\/fr\/wp-content\/uploads\/2025\/06\/Webdo-Tunisie_168377.jpg","width":301,"height":301,"caption":"Webdo"},"image":{"@id":"https:\/\/www.webdo.tn\/fr\/#\/schema\/logo\/image\/"},"sameAs":["https:\/\/www.facebook.com\/webdotn","https:\/\/x.com\/webdo_tn"],"description":"Webdo est un m\u00e9dia num\u00e9rique tunisien fond\u00e9 en 2010, sp\u00e9cialis\u00e9 dans l\u2019actualit\u00e9 nationale et internationale, l\u2019\u00e9conomie, la soci\u00e9t\u00e9 et les analyses politiques. Le site s\u2019adresse \u00e0 un large public francophone et couvre l\u2019information tunisienne en temps r\u00e9el.","email":"redac@webdo.tn","legalName":"YNJ SARL","foundingDate":"2010-09-06","numberOfEmployees":{"@type":"QuantitativeValue","minValue":"11","maxValue":"50"}},{"@type":"Person","@id":"https:\/\/www.webdo.tn\/fr\/#\/schema\/person\/2c4929cbf5a809e3bd38617c6ce150f6","name":"MC","image":{"@type":"ImageObject","inLanguage":"fr-FR","@id":"https:\/\/secure.gravatar.com\/avatar\/a545bbb6f84efdd5553dbbc2895e3ca8f1d12c5215e00a041c9670b54aa9b18a?s=96&d=mm&r=g","url":"https:\/\/secure.gravatar.com\/avatar\/a545bbb6f84efdd5553dbbc2895e3ca8f1d12c5215e00a041c9670b54aa9b18a?s=96&d=mm&r=g","contentUrl":"https:\/\/secure.gravatar.com\/avatar\/a545bbb6f84efdd5553dbbc2895e3ca8f1d12c5215e00a041c9670b54aa9b18a?s=96&d=mm&r=g","caption":"MC"},"url":"https:\/\/www.webdo.tn\/fr\/actualite\/author\/mc\/"}]}},"_links":{"self":[{"href":"https:\/\/www.webdo.tn\/fr\/wp-json\/wp\/v2\/posts\/215904","targetHints":{"allow":["GET"]}}],"collection":[{"href":"https:\/\/www.webdo.tn\/fr\/wp-json\/wp\/v2\/posts"}],"about":[{"href":"https:\/\/www.webdo.tn\/fr\/wp-json\/wp\/v2\/types\/post"}],"author":[{"embeddable":true,"href":"https:\/\/www.webdo.tn\/fr\/wp-json\/wp\/v2\/users\/3162"}],"replies":[{"embeddable":true,"href":"https:\/\/www.webdo.tn\/fr\/wp-json\/wp\/v2\/comments?post=215904"}],"version-history":[{"count":0,"href":"https:\/\/www.webdo.tn\/fr\/wp-json\/wp\/v2\/posts\/215904\/revisions"}],"wp:featuredmedia":[{"embeddable":true,"href":"https:\/\/www.webdo.tn\/fr\/wp-json\/wp\/v2\/media\/246750"}],"wp:attachment":[{"href":"https:\/\/www.webdo.tn\/fr\/wp-json\/wp\/v2\/media?parent=215904"}],"wp:term":[{"taxonomy":"category","embeddable":true,"href":"https:\/\/www.webdo.tn\/fr\/wp-json\/wp\/v2\/categories?post=215904"},{"taxonomy":"post_tag","embeddable":true,"href":"https:\/\/www.webdo.tn\/fr\/wp-json\/wp\/v2\/tags?post=215904"}],"curies":[{"name":"wp","href":"https:\/\/api.w.org\/{rel}","templated":true}]}}