{"id":215900,"date":"2024-08-20T07:53:00","date_gmt":"2024-08-20T07:53:00","guid":{"rendered":"https:\/\/www.webdo.tn\/fr\/blog\/tunisie-ouverture-a-la-circulation-du-nouveau-tunnel-bardo-ezzahrouni\/215900\/"},"modified":"2025-05-20T22:34:54","modified_gmt":"2025-05-20T22:34:54","slug":"tunisie-ouverture-a-la-circulation-du-nouveau-tunnel-bardo-ezzahrouni","status":"publish","type":"post","link":"https:\/\/www.webdo.tn\/fr\/actualite\/national\/tunisie-ouverture-a-la-circulation-du-nouveau-tunnel-bardo-ezzahrouni\/215900\/","title":{"rendered":"Tunisie : Ouverture \u00e0 la circulation du nouveau tunnel Bardo \u2013 Ezzahrouni"},"content":{"rendered":"<p>Dans le cadre de l&rsquo;ach\u00e8vement des composantes du projet de la ligne D du r\u00e9seau ferroviaire rapide reliant \u00ab\u00a0Tunis\u00a0\u00bb \u00e0 la r\u00e9gion de \u00ab\u00a0Goba\u00e2\u00a0\u00bb dans le gouvernorat de la Manouba, la ministre de l&rsquo;\u00c9quipement et de l&rsquo;Habitat, \u00e9galement charg\u00e9e de la gestion du Minist\u00e8re des Transports, Sarah Zafrani Zenzeri, s&rsquo;est rendue hier lundi 19 ao\u00fbt 2024 dans la r\u00e9gion de \u00ab\u00a0Mellasine\u00a0\u00bb et a donn\u00e9 le signal de lancement de l&rsquo;exploitation du tunnel reliant \u00ab\u00a0Bardo\u00a0\u00bb \u00e0 \u00ab\u00a0Ezzahrouni\u00a0\u00bb.<\/p>\n<p>La ministre \u00e9tait accompagn\u00e9e par le premier d\u00e9l\u00e9gu\u00e9 charg\u00e9 de la gestion des affaires du gouvernorat de Tunis, le pr\u00e9sident-directeur g\u00e9n\u00e9ral de la Soci\u00e9t\u00e9 Tunisienne du R\u00e9seau Ferroviaire Rapide, ainsi que plusieurs responsables du Minist\u00e8re des Transports, de la Soci\u00e9t\u00e9 Tunisienne du R\u00e9seau Ferroviaire Rapide, de la Soci\u00e9t\u00e9 Nationale des Chemins de Fer Tunisiens, et des repr\u00e9sentants des autorit\u00e9s r\u00e9gionales et locales.<\/p>\n<p>Le co\u00fbt du tunnel s&rsquo;\u00e9l\u00e8ve \u00e0 13,6 millions de dinars. Il est constitu\u00e9 d&rsquo;une double voie dans les deux sens, s&rsquo;\u00e9tend sur une longueur de 300 m\u00e8tres, une largeur de 15 m\u00e8tres, et une hauteur de 4,5 m\u00e8tres.\u00a0<\/p>\n<p>Lors de son inspection de cet ouvrage d&rsquo;art, la ministre a insist\u00e9 sur la n\u00e9cessit\u00e9 de prendre les mesures appropri\u00e9es pour mieux prendre en compte les aspects environnementaux li\u00e9s \u00e0 cet ouvrage et \u00e0 son environnement ext\u00e9rieur, et de veiller \u00e0 son bon fonctionnement, garantissant ainsi son efficacit\u00e9 sociale, en tant qu&rsquo;\u00e9l\u00e9ment essentiel du projet de la ligne ferroviaire rapide D, facilitant les d\u00e9placements dans cette zone dens\u00e9ment peupl\u00e9e.\u00a0<\/p>\n<p>Elle a \u00e9galement salu\u00e9 les efforts de tous les intervenants de la Soci\u00e9t\u00e9 Tunisienne du R\u00e9seau Ferroviaire Rapide, de la Soci\u00e9t\u00e9 Nationale des Chemins de Fer Tunisiens et de toutes les parties prenantes \u00e0 la r\u00e9alisation du projet.<\/p>\n","protected":false},"excerpt":{"rendered":"<p>La ministre \u00e9tait accompagn\u00e9e par le premier d\u00e9l\u00e9gu\u00e9 charg\u00e9 de la gestion des affaires du gouvernorat de Tunis, le pr\u00e9sident-directeur g\u00e9n\u00e9ral de la Soci\u00e9t\u00e9 Tun&#8230;<\/p>\n","protected":false},"author":3175,"featured_media":246745,"comment_status":"open","ping_status":"closed","sticky":false,"template":"","format":"standard","meta":{"footnotes":""},"categories":[44],"tags":[5898,5899,3285,2608,5897],"class_list":["post-215900","post","type-post","status-publish","format-standard","has-post-thumbnail","hentry","category-national","tag-bardo","tag-ezzahrouni","tag-rfr","tag-tunisie","tag-tunnel"],"yoast_head":"<!-- This site is optimized with the Yoast SEO Premium plugin v27.4 (Yoast SEO v27.5) - https:\/\/yoast.com\/product\/yoast-seo-premium-wordpress\/ -->\n<title>Tunisie : Ouverture \u00e0 la circulation du nouveau tunnel Bardo \u2013 Ezzahrouni<\/title>\n<meta name=\"description\" content=\"La ministre \u00e9tait accompagn\u00e9e par le premier d\u00e9l\u00e9gu\u00e9 charg\u00e9 de la gestion des affaires du gouvernorat de Tunis, le pr\u00e9sident-directeur g\u00e9n\u00e9ral de la Soci\u00e9t\u00e9 Tun...\" \/>\n<link rel=\"canonical\" href=\"https:\/\/www.webdo.tn\/fr\/actualite\/national\/tunisie-ouverture-a-la-circulation-du-nouveau-tunnel-bardo-ezzahrouni\/215900\/\" \/>\n<meta property=\"og:locale\" content=\"fr_FR\" \/>\n<meta property=\"og:type\" content=\"article\" \/>\n<meta property=\"og:title\" content=\"Tunisie : Ouverture \u00e0 la circulation du nouveau tunnel Bardo \u2013 Ezzahrouni\" \/>\n<meta property=\"og:description\" content=\"La ministre \u00e9tait accompagn\u00e9e par le premier d\u00e9l\u00e9gu\u00e9 charg\u00e9 de la gestion des affaires du gouvernorat de Tunis, le pr\u00e9sident-directeur g\u00e9n\u00e9ral de la Soci\u00e9t\u00e9 Tun...\" \/>\n<meta property=\"og:url\" content=\"https:\/\/www.webdo.tn\/fr\/actualite\/national\/tunisie-ouverture-a-la-circulation-du-nouveau-tunnel-bardo-ezzahrouni\/215900\/\" \/>\n<meta property=\"og:site_name\" content=\"webdo\" \/>\n<meta property=\"article:publisher\" content=\"https:\/\/www.facebook.com\/webdotn\" \/>\n<meta property=\"article:published_time\" content=\"2024-08-20T07:53:00+00:00\" \/>\n<meta property=\"article:modified_time\" content=\"2025-05-20T22:34:54+00:00\" \/>\n<meta property=\"og:image\" content=\"https:\/\/www.webdo.tn\/fr\/wp-content\/uploads\/2024\/08\/020392cc3ebe511a8e83c1847e59ccaf.webp\" \/>\n\t<meta property=\"og:image:width\" content=\"750\" \/>\n\t<meta property=\"og:image:height\" content=\"400\" \/>\n\t<meta property=\"og:image:type\" content=\"image\/webp\" \/>\n<meta name=\"author\" content=\"CL\" \/>\n<meta name=\"twitter:card\" content=\"summary_large_image\" \/>\n<meta name=\"twitter:creator\" content=\"@webdo_tn\" \/>\n<meta name=\"twitter:site\" content=\"@webdo_tn\" \/>\n<meta name=\"twitter:label1\" content=\"\u00c9crit par\" \/>\n\t<meta name=\"twitter:data1\" content=\"CL\" \/>\n\t<meta name=\"twitter:label2\" content=\"Dur\u00e9e de lecture estim\u00e9e\" \/>\n\t<meta name=\"twitter:data2\" content=\"2 minutes\" \/>\n<script type=\"application\/ld+json\" class=\"yoast-schema-graph\">{\"@context\":\"https:\\\/\\\/schema.org\",\"@graph\":[{\"@type\":\"NewsArticle\",\"@id\":\"https:\\\/\\\/www.webdo.tn\\\/fr\\\/actualite\\\/national\\\/tunisie-ouverture-a-la-circulation-du-nouveau-tunnel-bardo-ezzahrouni\\\/215900\\\/#article\",\"isPartOf\":{\"@id\":\"https:\\\/\\\/www.webdo.tn\\\/fr\\\/actualite\\\/national\\\/tunisie-ouverture-a-la-circulation-du-nouveau-tunnel-bardo-ezzahrouni\\\/215900\\\/\"},\"author\":{\"name\":\"CL\",\"@id\":\"https:\\\/\\\/www.webdo.tn\\\/fr\\\/#\\\/schema\\\/person\\\/f35b42a42c5e2511bbd282959d6385cc\"},\"headline\":\"Tunisie : Ouverture \u00e0 la circulation du nouveau tunnel Bardo \u2013 Ezzahrouni\",\"datePublished\":\"2024-08-20T07:53:00+00:00\",\"dateModified\":\"2025-05-20T22:34:54+00:00\",\"mainEntityOfPage\":{\"@id\":\"https:\\\/\\\/www.webdo.tn\\\/fr\\\/actualite\\\/national\\\/tunisie-ouverture-a-la-circulation-du-nouveau-tunnel-bardo-ezzahrouni\\\/215900\\\/\"},\"wordCount\":328,\"commentCount\":0,\"publisher\":{\"@id\":\"https:\\\/\\\/www.webdo.tn\\\/fr\\\/#organization\"},\"image\":{\"@id\":\"https:\\\/\\\/www.webdo.tn\\\/fr\\\/actualite\\\/national\\\/tunisie-ouverture-a-la-circulation-du-nouveau-tunnel-bardo-ezzahrouni\\\/215900\\\/#primaryimage\"},\"thumbnailUrl\":\"https:\\\/\\\/www.webdo.tn\\\/fr\\\/wp-content\\\/uploads\\\/2024\\\/08\\\/020392cc3ebe511a8e83c1847e59ccaf.webp\",\"keywords\":[\"Bardo\",\"Ezzahrouni\",\"RFR\",\"Tunisie\",\"Tunnel\"],\"articleSection\":[\"National\"],\"inLanguage\":\"fr-FR\"},{\"@type\":\"WebPage\",\"@id\":\"https:\\\/\\\/www.webdo.tn\\\/fr\\\/actualite\\\/national\\\/tunisie-ouverture-a-la-circulation-du-nouveau-tunnel-bardo-ezzahrouni\\\/215900\\\/\",\"url\":\"https:\\\/\\\/www.webdo.tn\\\/fr\\\/actualite\\\/national\\\/tunisie-ouverture-a-la-circulation-du-nouveau-tunnel-bardo-ezzahrouni\\\/215900\\\/\",\"name\":\"Tunisie : Ouverture \u00e0 la circulation du nouveau tunnel Bardo \u2013 Ezzahrouni\",\"isPartOf\":{\"@id\":\"https:\\\/\\\/www.webdo.tn\\\/fr\\\/#website\"},\"primaryImageOfPage\":{\"@id\":\"https:\\\/\\\/www.webdo.tn\\\/fr\\\/actualite\\\/national\\\/tunisie-ouverture-a-la-circulation-du-nouveau-tunnel-bardo-ezzahrouni\\\/215900\\\/#primaryimage\"},\"image\":{\"@id\":\"https:\\\/\\\/www.webdo.tn\\\/fr\\\/actualite\\\/national\\\/tunisie-ouverture-a-la-circulation-du-nouveau-tunnel-bardo-ezzahrouni\\\/215900\\\/#primaryimage\"},\"thumbnailUrl\":\"https:\\\/\\\/www.webdo.tn\\\/fr\\\/wp-content\\\/uploads\\\/2024\\\/08\\\/020392cc3ebe511a8e83c1847e59ccaf.webp\",\"datePublished\":\"2024-08-20T07:53:00+00:00\",\"dateModified\":\"2025-05-20T22:34:54+00:00\",\"description\":\"La ministre \u00e9tait accompagn\u00e9e par le premier d\u00e9l\u00e9gu\u00e9 charg\u00e9 de la gestion des affaires du gouvernorat de Tunis, le pr\u00e9sident-directeur g\u00e9n\u00e9ral de la Soci\u00e9t\u00e9 Tun...\",\"breadcrumb\":{\"@id\":\"https:\\\/\\\/www.webdo.tn\\\/fr\\\/actualite\\\/national\\\/tunisie-ouverture-a-la-circulation-du-nouveau-tunnel-bardo-ezzahrouni\\\/215900\\\/#breadcrumb\"},\"inLanguage\":\"fr-FR\",\"potentialAction\":[{\"@type\":\"ReadAction\",\"target\":[\"https:\\\/\\\/www.webdo.tn\\\/fr\\\/actualite\\\/national\\\/tunisie-ouverture-a-la-circulation-du-nouveau-tunnel-bardo-ezzahrouni\\\/215900\\\/\"]}]},{\"@type\":\"ImageObject\",\"inLanguage\":\"fr-FR\",\"@id\":\"https:\\\/\\\/www.webdo.tn\\\/fr\\\/actualite\\\/national\\\/tunisie-ouverture-a-la-circulation-du-nouveau-tunnel-bardo-ezzahrouni\\\/215900\\\/#primaryimage\",\"url\":\"https:\\\/\\\/www.webdo.tn\\\/fr\\\/wp-content\\\/uploads\\\/2024\\\/08\\\/020392cc3ebe511a8e83c1847e59ccaf.webp\",\"contentUrl\":\"https:\\\/\\\/www.webdo.tn\\\/fr\\\/wp-content\\\/uploads\\\/2024\\\/08\\\/020392cc3ebe511a8e83c1847e59ccaf.webp\",\"width\":750,\"height\":400,\"caption\":\"Tunisie : Ouverture \u00e0 la circulation du nouveau tunnel Bardo \u2013 Ezzahrouni\"},{\"@type\":\"BreadcrumbList\",\"@id\":\"https:\\\/\\\/www.webdo.tn\\\/fr\\\/actualite\\\/national\\\/tunisie-ouverture-a-la-circulation-du-nouveau-tunnel-bardo-ezzahrouni\\\/215900\\\/#breadcrumb\",\"itemListElement\":[{\"@type\":\"ListItem\",\"position\":1,\"name\":\"Accueil\",\"item\":\"https:\\\/\\\/www.webdo.tn\\\/fr\\\/\"},{\"@type\":\"ListItem\",\"position\":2,\"name\":\"Tunisie : Ouverture \u00e0 la circulation du nouveau tunnel Bardo \u2013 Ezzahrouni\"}]},{\"@type\":\"WebSite\",\"@id\":\"https:\\\/\\\/www.webdo.tn\\\/fr\\\/#website\",\"url\":\"https:\\\/\\\/www.webdo.tn\\\/fr\\\/\",\"name\":\"webdo\",\"description\":\"Tunisie - News en Tunisie et \u00e0 l&#039;international sur Webdo.tn\",\"publisher\":{\"@id\":\"https:\\\/\\\/www.webdo.tn\\\/fr\\\/#organization\"},\"potentialAction\":[{\"@type\":\"SearchAction\",\"target\":{\"@type\":\"EntryPoint\",\"urlTemplate\":\"https:\\\/\\\/www.webdo.tn\\\/fr\\\/?s={search_term_string}\"},\"query-input\":{\"@type\":\"PropertyValueSpecification\",\"valueRequired\":true,\"valueName\":\"search_term_string\"}}],\"inLanguage\":\"fr-FR\"},{\"@type\":\"Organization\",\"@id\":\"https:\\\/\\\/www.webdo.tn\\\/fr\\\/#organization\",\"name\":\"Webdo\",\"alternateName\":\"Webdo.tn\",\"url\":\"https:\\\/\\\/www.webdo.tn\\\/fr\\\/\",\"logo\":{\"@type\":\"ImageObject\",\"inLanguage\":\"fr-FR\",\"@id\":\"https:\\\/\\\/www.webdo.tn\\\/fr\\\/#\\\/schema\\\/logo\\\/image\\\/\",\"url\":\"https:\\\/\\\/www.webdo.tn\\\/fr\\\/wp-content\\\/uploads\\\/2025\\\/06\\\/Webdo-Tunisie_168377.jpg\",\"contentUrl\":\"https:\\\/\\\/www.webdo.tn\\\/fr\\\/wp-content\\\/uploads\\\/2025\\\/06\\\/Webdo-Tunisie_168377.jpg\",\"width\":301,\"height\":301,\"caption\":\"Webdo\"},\"image\":{\"@id\":\"https:\\\/\\\/www.webdo.tn\\\/fr\\\/#\\\/schema\\\/logo\\\/image\\\/\"},\"sameAs\":[\"https:\\\/\\\/www.facebook.com\\\/webdotn\",\"https:\\\/\\\/x.com\\\/webdo_tn\"],\"description\":\"Webdo est un m\u00e9dia num\u00e9rique tunisien fond\u00e9 en 2010, sp\u00e9cialis\u00e9 dans l\u2019actualit\u00e9 nationale et internationale, l\u2019\u00e9conomie, la soci\u00e9t\u00e9 et les analyses politiques. Le site s\u2019adresse \u00e0 un large public francophone et couvre l\u2019information tunisienne en temps r\u00e9el.\",\"email\":\"redac@webdo.tn\",\"legalName\":\"YNJ SARL\",\"foundingDate\":\"2010-09-06\",\"numberOfEmployees\":{\"@type\":\"QuantitativeValue\",\"minValue\":\"11\",\"maxValue\":\"50\"}},{\"@type\":\"Person\",\"@id\":\"https:\\\/\\\/www.webdo.tn\\\/fr\\\/#\\\/schema\\\/person\\\/f35b42a42c5e2511bbd282959d6385cc\",\"name\":\"CL\",\"image\":{\"@type\":\"ImageObject\",\"inLanguage\":\"fr-FR\",\"@id\":\"https:\\\/\\\/secure.gravatar.com\\\/avatar\\\/1447a49909b67aa657c488aec6512e1dd6143a480c1ecfee9b5b5cd74eb3b59e?s=96&d=mm&r=g\",\"url\":\"https:\\\/\\\/secure.gravatar.com\\\/avatar\\\/1447a49909b67aa657c488aec6512e1dd6143a480c1ecfee9b5b5cd74eb3b59e?s=96&d=mm&r=g\",\"contentUrl\":\"https:\\\/\\\/secure.gravatar.com\\\/avatar\\\/1447a49909b67aa657c488aec6512e1dd6143a480c1ecfee9b5b5cd74eb3b59e?s=96&d=mm&r=g\",\"caption\":\"CL\"},\"url\":\"https:\\\/\\\/www.webdo.tn\\\/fr\\\/actualite\\\/author\\\/cl\\\/\"}]}<\/script>\n<!-- \/ Yoast SEO Premium plugin. -->","yoast_head_json":{"title":"Tunisie : Ouverture \u00e0 la circulation du nouveau tunnel Bardo \u2013 Ezzahrouni","description":"La ministre \u00e9tait accompagn\u00e9e par le premier d\u00e9l\u00e9gu\u00e9 charg\u00e9 de la gestion des affaires du gouvernorat de Tunis, le pr\u00e9sident-directeur g\u00e9n\u00e9ral de la Soci\u00e9t\u00e9 Tun...","canonical":"https:\/\/www.webdo.tn\/fr\/actualite\/national\/tunisie-ouverture-a-la-circulation-du-nouveau-tunnel-bardo-ezzahrouni\/215900\/","og_locale":"fr_FR","og_type":"article","og_title":"Tunisie : Ouverture \u00e0 la circulation du nouveau tunnel Bardo \u2013 Ezzahrouni","og_description":"La ministre \u00e9tait accompagn\u00e9e par le premier d\u00e9l\u00e9gu\u00e9 charg\u00e9 de la gestion des affaires du gouvernorat de Tunis, le pr\u00e9sident-directeur g\u00e9n\u00e9ral de la Soci\u00e9t\u00e9 Tun...","og_url":"https:\/\/www.webdo.tn\/fr\/actualite\/national\/tunisie-ouverture-a-la-circulation-du-nouveau-tunnel-bardo-ezzahrouni\/215900\/","og_site_name":"webdo","article_publisher":"https:\/\/www.facebook.com\/webdotn","article_published_time":"2024-08-20T07:53:00+00:00","article_modified_time":"2025-05-20T22:34:54+00:00","og_image":[{"width":750,"height":400,"url":"https:\/\/www.webdo.tn\/fr\/wp-content\/uploads\/2024\/08\/020392cc3ebe511a8e83c1847e59ccaf.webp","type":"image\/webp"}],"author":"CL","twitter_card":"summary_large_image","twitter_creator":"@webdo_tn","twitter_site":"@webdo_tn","twitter_misc":{"\u00c9crit par":"CL","Dur\u00e9e de lecture estim\u00e9e":"2 minutes"},"schema":{"@context":"https:\/\/schema.org","@graph":[{"@type":"NewsArticle","@id":"https:\/\/www.webdo.tn\/fr\/actualite\/national\/tunisie-ouverture-a-la-circulation-du-nouveau-tunnel-bardo-ezzahrouni\/215900\/#article","isPartOf":{"@id":"https:\/\/www.webdo.tn\/fr\/actualite\/national\/tunisie-ouverture-a-la-circulation-du-nouveau-tunnel-bardo-ezzahrouni\/215900\/"},"author":{"name":"CL","@id":"https:\/\/www.webdo.tn\/fr\/#\/schema\/person\/f35b42a42c5e2511bbd282959d6385cc"},"headline":"Tunisie : Ouverture \u00e0 la circulation du nouveau tunnel Bardo \u2013 Ezzahrouni","datePublished":"2024-08-20T07:53:00+00:00","dateModified":"2025-05-20T22:34:54+00:00","mainEntityOfPage":{"@id":"https:\/\/www.webdo.tn\/fr\/actualite\/national\/tunisie-ouverture-a-la-circulation-du-nouveau-tunnel-bardo-ezzahrouni\/215900\/"},"wordCount":328,"commentCount":0,"publisher":{"@id":"https:\/\/www.webdo.tn\/fr\/#organization"},"image":{"@id":"https:\/\/www.webdo.tn\/fr\/actualite\/national\/tunisie-ouverture-a-la-circulation-du-nouveau-tunnel-bardo-ezzahrouni\/215900\/#primaryimage"},"thumbnailUrl":"https:\/\/www.webdo.tn\/fr\/wp-content\/uploads\/2024\/08\/020392cc3ebe511a8e83c1847e59ccaf.webp","keywords":["Bardo","Ezzahrouni","RFR","Tunisie","Tunnel"],"articleSection":["National"],"inLanguage":"fr-FR"},{"@type":"WebPage","@id":"https:\/\/www.webdo.tn\/fr\/actualite\/national\/tunisie-ouverture-a-la-circulation-du-nouveau-tunnel-bardo-ezzahrouni\/215900\/","url":"https:\/\/www.webdo.tn\/fr\/actualite\/national\/tunisie-ouverture-a-la-circulation-du-nouveau-tunnel-bardo-ezzahrouni\/215900\/","name":"Tunisie : Ouverture \u00e0 la circulation du nouveau tunnel Bardo \u2013 Ezzahrouni","isPartOf":{"@id":"https:\/\/www.webdo.tn\/fr\/#website"},"primaryImageOfPage":{"@id":"https:\/\/www.webdo.tn\/fr\/actualite\/national\/tunisie-ouverture-a-la-circulation-du-nouveau-tunnel-bardo-ezzahrouni\/215900\/#primaryimage"},"image":{"@id":"https:\/\/www.webdo.tn\/fr\/actualite\/national\/tunisie-ouverture-a-la-circulation-du-nouveau-tunnel-bardo-ezzahrouni\/215900\/#primaryimage"},"thumbnailUrl":"https:\/\/www.webdo.tn\/fr\/wp-content\/uploads\/2024\/08\/020392cc3ebe511a8e83c1847e59ccaf.webp","datePublished":"2024-08-20T07:53:00+00:00","dateModified":"2025-05-20T22:34:54+00:00","description":"La ministre \u00e9tait accompagn\u00e9e par le premier d\u00e9l\u00e9gu\u00e9 charg\u00e9 de la gestion des affaires du gouvernorat de Tunis, le pr\u00e9sident-directeur g\u00e9n\u00e9ral de la Soci\u00e9t\u00e9 Tun...","breadcrumb":{"@id":"https:\/\/www.webdo.tn\/fr\/actualite\/national\/tunisie-ouverture-a-la-circulation-du-nouveau-tunnel-bardo-ezzahrouni\/215900\/#breadcrumb"},"inLanguage":"fr-FR","potentialAction":[{"@type":"ReadAction","target":["https:\/\/www.webdo.tn\/fr\/actualite\/national\/tunisie-ouverture-a-la-circulation-du-nouveau-tunnel-bardo-ezzahrouni\/215900\/"]}]},{"@type":"ImageObject","inLanguage":"fr-FR","@id":"https:\/\/www.webdo.tn\/fr\/actualite\/national\/tunisie-ouverture-a-la-circulation-du-nouveau-tunnel-bardo-ezzahrouni\/215900\/#primaryimage","url":"https:\/\/www.webdo.tn\/fr\/wp-content\/uploads\/2024\/08\/020392cc3ebe511a8e83c1847e59ccaf.webp","contentUrl":"https:\/\/www.webdo.tn\/fr\/wp-content\/uploads\/2024\/08\/020392cc3ebe511a8e83c1847e59ccaf.webp","width":750,"height":400,"caption":"Tunisie : Ouverture \u00e0 la circulation du nouveau tunnel Bardo \u2013 Ezzahrouni"},{"@type":"BreadcrumbList","@id":"https:\/\/www.webdo.tn\/fr\/actualite\/national\/tunisie-ouverture-a-la-circulation-du-nouveau-tunnel-bardo-ezzahrouni\/215900\/#breadcrumb","itemListElement":[{"@type":"ListItem","position":1,"name":"Accueil","item":"https:\/\/www.webdo.tn\/fr\/"},{"@type":"ListItem","position":2,"name":"Tunisie : Ouverture \u00e0 la circulation du nouveau tunnel Bardo \u2013 Ezzahrouni"}]},{"@type":"WebSite","@id":"https:\/\/www.webdo.tn\/fr\/#website","url":"https:\/\/www.webdo.tn\/fr\/","name":"webdo","description":"Tunisie - News en Tunisie et \u00e0 l&#039;international sur Webdo.tn","publisher":{"@id":"https:\/\/www.webdo.tn\/fr\/#organization"},"potentialAction":[{"@type":"SearchAction","target":{"@type":"EntryPoint","urlTemplate":"https:\/\/www.webdo.tn\/fr\/?s={search_term_string}"},"query-input":{"@type":"PropertyValueSpecification","valueRequired":true,"valueName":"search_term_string"}}],"inLanguage":"fr-FR"},{"@type":"Organization","@id":"https:\/\/www.webdo.tn\/fr\/#organization","name":"Webdo","alternateName":"Webdo.tn","url":"https:\/\/www.webdo.tn\/fr\/","logo":{"@type":"ImageObject","inLanguage":"fr-FR","@id":"https:\/\/www.webdo.tn\/fr\/#\/schema\/logo\/image\/","url":"https:\/\/www.webdo.tn\/fr\/wp-content\/uploads\/2025\/06\/Webdo-Tunisie_168377.jpg","contentUrl":"https:\/\/www.webdo.tn\/fr\/wp-content\/uploads\/2025\/06\/Webdo-Tunisie_168377.jpg","width":301,"height":301,"caption":"Webdo"},"image":{"@id":"https:\/\/www.webdo.tn\/fr\/#\/schema\/logo\/image\/"},"sameAs":["https:\/\/www.facebook.com\/webdotn","https:\/\/x.com\/webdo_tn"],"description":"Webdo est un m\u00e9dia num\u00e9rique tunisien fond\u00e9 en 2010, sp\u00e9cialis\u00e9 dans l\u2019actualit\u00e9 nationale et internationale, l\u2019\u00e9conomie, la soci\u00e9t\u00e9 et les analyses politiques. Le site s\u2019adresse \u00e0 un large public francophone et couvre l\u2019information tunisienne en temps r\u00e9el.","email":"redac@webdo.tn","legalName":"YNJ SARL","foundingDate":"2010-09-06","numberOfEmployees":{"@type":"QuantitativeValue","minValue":"11","maxValue":"50"}},{"@type":"Person","@id":"https:\/\/www.webdo.tn\/fr\/#\/schema\/person\/f35b42a42c5e2511bbd282959d6385cc","name":"CL","image":{"@type":"ImageObject","inLanguage":"fr-FR","@id":"https:\/\/secure.gravatar.com\/avatar\/1447a49909b67aa657c488aec6512e1dd6143a480c1ecfee9b5b5cd74eb3b59e?s=96&d=mm&r=g","url":"https:\/\/secure.gravatar.com\/avatar\/1447a49909b67aa657c488aec6512e1dd6143a480c1ecfee9b5b5cd74eb3b59e?s=96&d=mm&r=g","contentUrl":"https:\/\/secure.gravatar.com\/avatar\/1447a49909b67aa657c488aec6512e1dd6143a480c1ecfee9b5b5cd74eb3b59e?s=96&d=mm&r=g","caption":"CL"},"url":"https:\/\/www.webdo.tn\/fr\/actualite\/author\/cl\/"}]}},"_links":{"self":[{"href":"https:\/\/www.webdo.tn\/fr\/wp-json\/wp\/v2\/posts\/215900","targetHints":{"allow":["GET"]}}],"collection":[{"href":"https:\/\/www.webdo.tn\/fr\/wp-json\/wp\/v2\/posts"}],"about":[{"href":"https:\/\/www.webdo.tn\/fr\/wp-json\/wp\/v2\/types\/post"}],"author":[{"embeddable":true,"href":"https:\/\/www.webdo.tn\/fr\/wp-json\/wp\/v2\/users\/3175"}],"replies":[{"embeddable":true,"href":"https:\/\/www.webdo.tn\/fr\/wp-json\/wp\/v2\/comments?post=215900"}],"version-history":[{"count":0,"href":"https:\/\/www.webdo.tn\/fr\/wp-json\/wp\/v2\/posts\/215900\/revisions"}],"wp:featuredmedia":[{"embeddable":true,"href":"https:\/\/www.webdo.tn\/fr\/wp-json\/wp\/v2\/media\/246745"}],"wp:attachment":[{"href":"https:\/\/www.webdo.tn\/fr\/wp-json\/wp\/v2\/media?parent=215900"}],"wp:term":[{"taxonomy":"category","embeddable":true,"href":"https:\/\/www.webdo.tn\/fr\/wp-json\/wp\/v2\/categories?post=215900"},{"taxonomy":"post_tag","embeddable":true,"href":"https:\/\/www.webdo.tn\/fr\/wp-json\/wp\/v2\/tags?post=215900"}],"curies":[{"name":"wp","href":"https:\/\/api.w.org\/{rel}","templated":true}]}}