{"id":215884,"date":"2024-08-19T10:16:00","date_gmt":"2024-08-19T10:16:00","guid":{"rendered":"https:\/\/www.webdo.tn\/fr\/blog\/la-colombie-suspend-ses-exportations-de-charbon-vers-israel\/215884\/"},"modified":"2025-05-20T22:54:47","modified_gmt":"2025-05-20T22:54:47","slug":"la-colombie-suspend-ses-exportations-de-charbon-vers-israel","status":"publish","type":"post","link":"https:\/\/www.webdo.tn\/fr\/actualite\/international\/la-colombie-suspend-ses-exportations-de-charbon-vers-israel\/215884\/","title":{"rendered":"La Colombie suspend ses exportations de charbon vers Isra\u00ebl"},"content":{"rendered":"<p>Le pr\u00e9sident colombien Gustavo Petro a sign\u00e9 hier dimanche 18 ao\u00fbt, un d\u00e9cret pour suspendre les exportations de charbon de son pays vers Isra\u00ebl.\u00a0<\/p>\n<p>Ce m\u00eame, pays avait annonc\u00e9 la rupture des relations diplomatiques avec Isra\u00ebl, qualifiant le gouvernement du premier ministre Benjamin Netanyahu de \u00ab g\u00e9nocidaire\u00bb dans sa conduite de la guerre dans la bande de Gaza.\u00a0<\/p>\n<p>\u00abNous suspendrons les exportations de charbon \u00e0 Isra\u00ebl jusqu\u2019\u00e0 ce qu\u2019il arr\u00eate le g\u00e9nocide\u00bb, a \u00e9crit sur le r\u00e9seau social X ce dirigeant de gauche. Cette mesure restera en place tant que la guerre dans la bande de Gaza se poursuivra, a-t-il dit.\u00a0<\/p>\n<p>Un d\u00e9cret du minist\u00e8re du Commerce et de l\u2019industrie pr\u00e9cise que la suspension des exportations de charbon s\u2019appliquera \u00abjusqu\u2019\u00e0 ce que soient pleinement respect\u00e9es les mesures provisoires ordonn\u00e9es par la Cour internatiole \u00bb.<\/p>\n","protected":false},"excerpt":{"rendered":"<p>Ce m\u00eame, pays avait annonc\u00e9 la rupture des relations diplomatiques avec Isra\u00ebl, qualifiant le gouvernement du premier ministre Benjamin Netanyahu de \u00ab g\u00e9nocidai&#8230;<\/p>\n","protected":false},"author":3175,"featured_media":290968,"comment_status":"open","ping_status":"closed","sticky":false,"template":"","format":"standard","meta":{"footnotes":""},"categories":[2598],"tags":[6147,3020,2636],"class_list":["post-215884","post","type-post","status-publish","format-standard","has-post-thumbnail","hentry","category-international","tag-colombie","tag-exportations","tag-israel"],"yoast_head":"<!-- This site is optimized with the Yoast SEO Premium plugin v27.4 (Yoast SEO v27.5) - https:\/\/yoast.com\/product\/yoast-seo-premium-wordpress\/ -->\n<title>La Colombie suspend ses exportations de charbon vers Isra\u00ebl<\/title>\n<meta name=\"description\" content=\"Ce m\u00eame, pays avait annonc\u00e9 la rupture des relations diplomatiques avec Isra\u00ebl, qualifiant le gouvernement du premier ministre Benjamin Netanyahu de \u00ab g\u00e9nocidai...\" \/>\n<link rel=\"canonical\" href=\"https:\/\/www.webdo.tn\/fr\/actualite\/international\/la-colombie-suspend-ses-exportations-de-charbon-vers-israel\/215884\/\" \/>\n<meta property=\"og:locale\" content=\"fr_FR\" \/>\n<meta property=\"og:type\" content=\"article\" \/>\n<meta property=\"og:title\" content=\"La Colombie suspend ses exportations de charbon vers Isra\u00ebl\" \/>\n<meta property=\"og:description\" content=\"Ce m\u00eame, pays avait annonc\u00e9 la rupture des relations diplomatiques avec Isra\u00ebl, qualifiant le gouvernement du premier ministre Benjamin Netanyahu de \u00ab g\u00e9nocidai...\" \/>\n<meta property=\"og:url\" content=\"https:\/\/www.webdo.tn\/fr\/actualite\/international\/la-colombie-suspend-ses-exportations-de-charbon-vers-israel\/215884\/\" \/>\n<meta property=\"og:site_name\" content=\"webdo\" \/>\n<meta property=\"article:publisher\" content=\"https:\/\/www.facebook.com\/webdotn\" \/>\n<meta property=\"article:published_time\" content=\"2024-08-19T10:16:00+00:00\" \/>\n<meta property=\"article:modified_time\" content=\"2025-05-20T22:54:47+00:00\" \/>\n<meta property=\"og:image\" content=\"https:\/\/www.webdo.tn\/fr\/wp-content\/uploads\/2024\/08\/56449a83dfe8e3865c271b1d345d1c7e.webp\" \/>\n\t<meta property=\"og:image:width\" content=\"750\" \/>\n\t<meta property=\"og:image:height\" content=\"400\" \/>\n\t<meta property=\"og:image:type\" content=\"image\/webp\" \/>\n<meta name=\"author\" content=\"CL\" \/>\n<meta name=\"twitter:card\" content=\"summary_large_image\" \/>\n<meta name=\"twitter:creator\" content=\"@webdo_tn\" \/>\n<meta name=\"twitter:site\" content=\"@webdo_tn\" \/>\n<meta name=\"twitter:label1\" content=\"\u00c9crit par\" \/>\n\t<meta name=\"twitter:data1\" content=\"CL\" \/>\n\t<meta name=\"twitter:label2\" content=\"Dur\u00e9e de lecture estim\u00e9e\" \/>\n\t<meta name=\"twitter:data2\" content=\"1 minute\" \/>\n<script type=\"application\/ld+json\" class=\"yoast-schema-graph\">{\"@context\":\"https:\\\/\\\/schema.org\",\"@graph\":[{\"@type\":\"NewsArticle\",\"@id\":\"https:\\\/\\\/www.webdo.tn\\\/fr\\\/actualite\\\/international\\\/la-colombie-suspend-ses-exportations-de-charbon-vers-israel\\\/215884\\\/#article\",\"isPartOf\":{\"@id\":\"https:\\\/\\\/www.webdo.tn\\\/fr\\\/actualite\\\/international\\\/la-colombie-suspend-ses-exportations-de-charbon-vers-israel\\\/215884\\\/\"},\"author\":{\"name\":\"CL\",\"@id\":\"https:\\\/\\\/www.webdo.tn\\\/fr\\\/#\\\/schema\\\/person\\\/f35b42a42c5e2511bbd282959d6385cc\"},\"headline\":\"La Colombie suspend ses exportations de charbon vers Isra\u00ebl\",\"datePublished\":\"2024-08-19T10:16:00+00:00\",\"dateModified\":\"2025-05-20T22:54:47+00:00\",\"mainEntityOfPage\":{\"@id\":\"https:\\\/\\\/www.webdo.tn\\\/fr\\\/actualite\\\/international\\\/la-colombie-suspend-ses-exportations-de-charbon-vers-israel\\\/215884\\\/\"},\"wordCount\":159,\"commentCount\":0,\"publisher\":{\"@id\":\"https:\\\/\\\/www.webdo.tn\\\/fr\\\/#organization\"},\"image\":{\"@id\":\"https:\\\/\\\/www.webdo.tn\\\/fr\\\/actualite\\\/international\\\/la-colombie-suspend-ses-exportations-de-charbon-vers-israel\\\/215884\\\/#primaryimage\"},\"thumbnailUrl\":\"https:\\\/\\\/www.webdo.tn\\\/fr\\\/wp-content\\\/uploads\\\/2024\\\/08\\\/56449a83dfe8e3865c271b1d345d1c7e.webp\",\"keywords\":[\"colombie\",\"exportations\",\"isra\u00ebl\"],\"articleSection\":[\"International\"],\"inLanguage\":\"fr-FR\"},{\"@type\":\"WebPage\",\"@id\":\"https:\\\/\\\/www.webdo.tn\\\/fr\\\/actualite\\\/international\\\/la-colombie-suspend-ses-exportations-de-charbon-vers-israel\\\/215884\\\/\",\"url\":\"https:\\\/\\\/www.webdo.tn\\\/fr\\\/actualite\\\/international\\\/la-colombie-suspend-ses-exportations-de-charbon-vers-israel\\\/215884\\\/\",\"name\":\"La Colombie suspend ses exportations de charbon vers Isra\u00ebl\",\"isPartOf\":{\"@id\":\"https:\\\/\\\/www.webdo.tn\\\/fr\\\/#website\"},\"primaryImageOfPage\":{\"@id\":\"https:\\\/\\\/www.webdo.tn\\\/fr\\\/actualite\\\/international\\\/la-colombie-suspend-ses-exportations-de-charbon-vers-israel\\\/215884\\\/#primaryimage\"},\"image\":{\"@id\":\"https:\\\/\\\/www.webdo.tn\\\/fr\\\/actualite\\\/international\\\/la-colombie-suspend-ses-exportations-de-charbon-vers-israel\\\/215884\\\/#primaryimage\"},\"thumbnailUrl\":\"https:\\\/\\\/www.webdo.tn\\\/fr\\\/wp-content\\\/uploads\\\/2024\\\/08\\\/56449a83dfe8e3865c271b1d345d1c7e.webp\",\"datePublished\":\"2024-08-19T10:16:00+00:00\",\"dateModified\":\"2025-05-20T22:54:47+00:00\",\"description\":\"Ce m\u00eame, pays avait annonc\u00e9 la rupture des relations diplomatiques avec Isra\u00ebl, qualifiant le gouvernement du premier ministre Benjamin Netanyahu de \u00ab g\u00e9nocidai...\",\"breadcrumb\":{\"@id\":\"https:\\\/\\\/www.webdo.tn\\\/fr\\\/actualite\\\/international\\\/la-colombie-suspend-ses-exportations-de-charbon-vers-israel\\\/215884\\\/#breadcrumb\"},\"inLanguage\":\"fr-FR\",\"potentialAction\":[{\"@type\":\"ReadAction\",\"target\":[\"https:\\\/\\\/www.webdo.tn\\\/fr\\\/actualite\\\/international\\\/la-colombie-suspend-ses-exportations-de-charbon-vers-israel\\\/215884\\\/\"]}]},{\"@type\":\"ImageObject\",\"inLanguage\":\"fr-FR\",\"@id\":\"https:\\\/\\\/www.webdo.tn\\\/fr\\\/actualite\\\/international\\\/la-colombie-suspend-ses-exportations-de-charbon-vers-israel\\\/215884\\\/#primaryimage\",\"url\":\"https:\\\/\\\/www.webdo.tn\\\/fr\\\/wp-content\\\/uploads\\\/2024\\\/08\\\/56449a83dfe8e3865c271b1d345d1c7e.webp\",\"contentUrl\":\"https:\\\/\\\/www.webdo.tn\\\/fr\\\/wp-content\\\/uploads\\\/2024\\\/08\\\/56449a83dfe8e3865c271b1d345d1c7e.webp\",\"width\":750,\"height\":400,\"caption\":\"La Colombie suspend ses exportations de charbon vers Isra\u00ebl\"},{\"@type\":\"BreadcrumbList\",\"@id\":\"https:\\\/\\\/www.webdo.tn\\\/fr\\\/actualite\\\/international\\\/la-colombie-suspend-ses-exportations-de-charbon-vers-israel\\\/215884\\\/#breadcrumb\",\"itemListElement\":[{\"@type\":\"ListItem\",\"position\":1,\"name\":\"Accueil\",\"item\":\"https:\\\/\\\/www.webdo.tn\\\/fr\\\/\"},{\"@type\":\"ListItem\",\"position\":2,\"name\":\"La Colombie suspend ses exportations de charbon vers Isra\u00ebl\"}]},{\"@type\":\"WebSite\",\"@id\":\"https:\\\/\\\/www.webdo.tn\\\/fr\\\/#website\",\"url\":\"https:\\\/\\\/www.webdo.tn\\\/fr\\\/\",\"name\":\"webdo\",\"description\":\"Tunisie - News en Tunisie et \u00e0 l&#039;international sur Webdo.tn\",\"publisher\":{\"@id\":\"https:\\\/\\\/www.webdo.tn\\\/fr\\\/#organization\"},\"potentialAction\":[{\"@type\":\"SearchAction\",\"target\":{\"@type\":\"EntryPoint\",\"urlTemplate\":\"https:\\\/\\\/www.webdo.tn\\\/fr\\\/?s={search_term_string}\"},\"query-input\":{\"@type\":\"PropertyValueSpecification\",\"valueRequired\":true,\"valueName\":\"search_term_string\"}}],\"inLanguage\":\"fr-FR\"},{\"@type\":\"Organization\",\"@id\":\"https:\\\/\\\/www.webdo.tn\\\/fr\\\/#organization\",\"name\":\"Webdo\",\"alternateName\":\"Webdo.tn\",\"url\":\"https:\\\/\\\/www.webdo.tn\\\/fr\\\/\",\"logo\":{\"@type\":\"ImageObject\",\"inLanguage\":\"fr-FR\",\"@id\":\"https:\\\/\\\/www.webdo.tn\\\/fr\\\/#\\\/schema\\\/logo\\\/image\\\/\",\"url\":\"https:\\\/\\\/www.webdo.tn\\\/fr\\\/wp-content\\\/uploads\\\/2025\\\/06\\\/Webdo-Tunisie_168377.jpg\",\"contentUrl\":\"https:\\\/\\\/www.webdo.tn\\\/fr\\\/wp-content\\\/uploads\\\/2025\\\/06\\\/Webdo-Tunisie_168377.jpg\",\"width\":301,\"height\":301,\"caption\":\"Webdo\"},\"image\":{\"@id\":\"https:\\\/\\\/www.webdo.tn\\\/fr\\\/#\\\/schema\\\/logo\\\/image\\\/\"},\"sameAs\":[\"https:\\\/\\\/www.facebook.com\\\/webdotn\",\"https:\\\/\\\/x.com\\\/webdo_tn\"],\"description\":\"Webdo est un m\u00e9dia num\u00e9rique tunisien fond\u00e9 en 2010, sp\u00e9cialis\u00e9 dans l\u2019actualit\u00e9 nationale et internationale, l\u2019\u00e9conomie, la soci\u00e9t\u00e9 et les analyses politiques. Le site s\u2019adresse \u00e0 un large public francophone et couvre l\u2019information tunisienne en temps r\u00e9el.\",\"email\":\"redac@webdo.tn\",\"legalName\":\"YNJ SARL\",\"foundingDate\":\"2010-09-06\",\"numberOfEmployees\":{\"@type\":\"QuantitativeValue\",\"minValue\":\"11\",\"maxValue\":\"50\"}},{\"@type\":\"Person\",\"@id\":\"https:\\\/\\\/www.webdo.tn\\\/fr\\\/#\\\/schema\\\/person\\\/f35b42a42c5e2511bbd282959d6385cc\",\"name\":\"CL\",\"image\":{\"@type\":\"ImageObject\",\"inLanguage\":\"fr-FR\",\"@id\":\"https:\\\/\\\/secure.gravatar.com\\\/avatar\\\/1447a49909b67aa657c488aec6512e1dd6143a480c1ecfee9b5b5cd74eb3b59e?s=96&d=mm&r=g\",\"url\":\"https:\\\/\\\/secure.gravatar.com\\\/avatar\\\/1447a49909b67aa657c488aec6512e1dd6143a480c1ecfee9b5b5cd74eb3b59e?s=96&d=mm&r=g\",\"contentUrl\":\"https:\\\/\\\/secure.gravatar.com\\\/avatar\\\/1447a49909b67aa657c488aec6512e1dd6143a480c1ecfee9b5b5cd74eb3b59e?s=96&d=mm&r=g\",\"caption\":\"CL\"},\"url\":\"https:\\\/\\\/www.webdo.tn\\\/fr\\\/actualite\\\/author\\\/cl\\\/\"}]}<\/script>\n<!-- \/ Yoast SEO Premium plugin. -->","yoast_head_json":{"title":"La Colombie suspend ses exportations de charbon vers Isra\u00ebl","description":"Ce m\u00eame, pays avait annonc\u00e9 la rupture des relations diplomatiques avec Isra\u00ebl, qualifiant le gouvernement du premier ministre Benjamin Netanyahu de \u00ab g\u00e9nocidai...","canonical":"https:\/\/www.webdo.tn\/fr\/actualite\/international\/la-colombie-suspend-ses-exportations-de-charbon-vers-israel\/215884\/","og_locale":"fr_FR","og_type":"article","og_title":"La Colombie suspend ses exportations de charbon vers Isra\u00ebl","og_description":"Ce m\u00eame, pays avait annonc\u00e9 la rupture des relations diplomatiques avec Isra\u00ebl, qualifiant le gouvernement du premier ministre Benjamin Netanyahu de \u00ab g\u00e9nocidai...","og_url":"https:\/\/www.webdo.tn\/fr\/actualite\/international\/la-colombie-suspend-ses-exportations-de-charbon-vers-israel\/215884\/","og_site_name":"webdo","article_publisher":"https:\/\/www.facebook.com\/webdotn","article_published_time":"2024-08-19T10:16:00+00:00","article_modified_time":"2025-05-20T22:54:47+00:00","og_image":[{"width":750,"height":400,"url":"https:\/\/www.webdo.tn\/fr\/wp-content\/uploads\/2024\/08\/56449a83dfe8e3865c271b1d345d1c7e.webp","type":"image\/webp"}],"author":"CL","twitter_card":"summary_large_image","twitter_creator":"@webdo_tn","twitter_site":"@webdo_tn","twitter_misc":{"\u00c9crit par":"CL","Dur\u00e9e de lecture estim\u00e9e":"1 minute"},"schema":{"@context":"https:\/\/schema.org","@graph":[{"@type":"NewsArticle","@id":"https:\/\/www.webdo.tn\/fr\/actualite\/international\/la-colombie-suspend-ses-exportations-de-charbon-vers-israel\/215884\/#article","isPartOf":{"@id":"https:\/\/www.webdo.tn\/fr\/actualite\/international\/la-colombie-suspend-ses-exportations-de-charbon-vers-israel\/215884\/"},"author":{"name":"CL","@id":"https:\/\/www.webdo.tn\/fr\/#\/schema\/person\/f35b42a42c5e2511bbd282959d6385cc"},"headline":"La Colombie suspend ses exportations de charbon vers Isra\u00ebl","datePublished":"2024-08-19T10:16:00+00:00","dateModified":"2025-05-20T22:54:47+00:00","mainEntityOfPage":{"@id":"https:\/\/www.webdo.tn\/fr\/actualite\/international\/la-colombie-suspend-ses-exportations-de-charbon-vers-israel\/215884\/"},"wordCount":159,"commentCount":0,"publisher":{"@id":"https:\/\/www.webdo.tn\/fr\/#organization"},"image":{"@id":"https:\/\/www.webdo.tn\/fr\/actualite\/international\/la-colombie-suspend-ses-exportations-de-charbon-vers-israel\/215884\/#primaryimage"},"thumbnailUrl":"https:\/\/www.webdo.tn\/fr\/wp-content\/uploads\/2024\/08\/56449a83dfe8e3865c271b1d345d1c7e.webp","keywords":["colombie","exportations","isra\u00ebl"],"articleSection":["International"],"inLanguage":"fr-FR"},{"@type":"WebPage","@id":"https:\/\/www.webdo.tn\/fr\/actualite\/international\/la-colombie-suspend-ses-exportations-de-charbon-vers-israel\/215884\/","url":"https:\/\/www.webdo.tn\/fr\/actualite\/international\/la-colombie-suspend-ses-exportations-de-charbon-vers-israel\/215884\/","name":"La Colombie suspend ses exportations de charbon vers Isra\u00ebl","isPartOf":{"@id":"https:\/\/www.webdo.tn\/fr\/#website"},"primaryImageOfPage":{"@id":"https:\/\/www.webdo.tn\/fr\/actualite\/international\/la-colombie-suspend-ses-exportations-de-charbon-vers-israel\/215884\/#primaryimage"},"image":{"@id":"https:\/\/www.webdo.tn\/fr\/actualite\/international\/la-colombie-suspend-ses-exportations-de-charbon-vers-israel\/215884\/#primaryimage"},"thumbnailUrl":"https:\/\/www.webdo.tn\/fr\/wp-content\/uploads\/2024\/08\/56449a83dfe8e3865c271b1d345d1c7e.webp","datePublished":"2024-08-19T10:16:00+00:00","dateModified":"2025-05-20T22:54:47+00:00","description":"Ce m\u00eame, pays avait annonc\u00e9 la rupture des relations diplomatiques avec Isra\u00ebl, qualifiant le gouvernement du premier ministre Benjamin Netanyahu de \u00ab g\u00e9nocidai...","breadcrumb":{"@id":"https:\/\/www.webdo.tn\/fr\/actualite\/international\/la-colombie-suspend-ses-exportations-de-charbon-vers-israel\/215884\/#breadcrumb"},"inLanguage":"fr-FR","potentialAction":[{"@type":"ReadAction","target":["https:\/\/www.webdo.tn\/fr\/actualite\/international\/la-colombie-suspend-ses-exportations-de-charbon-vers-israel\/215884\/"]}]},{"@type":"ImageObject","inLanguage":"fr-FR","@id":"https:\/\/www.webdo.tn\/fr\/actualite\/international\/la-colombie-suspend-ses-exportations-de-charbon-vers-israel\/215884\/#primaryimage","url":"https:\/\/www.webdo.tn\/fr\/wp-content\/uploads\/2024\/08\/56449a83dfe8e3865c271b1d345d1c7e.webp","contentUrl":"https:\/\/www.webdo.tn\/fr\/wp-content\/uploads\/2024\/08\/56449a83dfe8e3865c271b1d345d1c7e.webp","width":750,"height":400,"caption":"La Colombie suspend ses exportations de charbon vers Isra\u00ebl"},{"@type":"BreadcrumbList","@id":"https:\/\/www.webdo.tn\/fr\/actualite\/international\/la-colombie-suspend-ses-exportations-de-charbon-vers-israel\/215884\/#breadcrumb","itemListElement":[{"@type":"ListItem","position":1,"name":"Accueil","item":"https:\/\/www.webdo.tn\/fr\/"},{"@type":"ListItem","position":2,"name":"La Colombie suspend ses exportations de charbon vers Isra\u00ebl"}]},{"@type":"WebSite","@id":"https:\/\/www.webdo.tn\/fr\/#website","url":"https:\/\/www.webdo.tn\/fr\/","name":"webdo","description":"Tunisie - News en Tunisie et \u00e0 l&#039;international sur Webdo.tn","publisher":{"@id":"https:\/\/www.webdo.tn\/fr\/#organization"},"potentialAction":[{"@type":"SearchAction","target":{"@type":"EntryPoint","urlTemplate":"https:\/\/www.webdo.tn\/fr\/?s={search_term_string}"},"query-input":{"@type":"PropertyValueSpecification","valueRequired":true,"valueName":"search_term_string"}}],"inLanguage":"fr-FR"},{"@type":"Organization","@id":"https:\/\/www.webdo.tn\/fr\/#organization","name":"Webdo","alternateName":"Webdo.tn","url":"https:\/\/www.webdo.tn\/fr\/","logo":{"@type":"ImageObject","inLanguage":"fr-FR","@id":"https:\/\/www.webdo.tn\/fr\/#\/schema\/logo\/image\/","url":"https:\/\/www.webdo.tn\/fr\/wp-content\/uploads\/2025\/06\/Webdo-Tunisie_168377.jpg","contentUrl":"https:\/\/www.webdo.tn\/fr\/wp-content\/uploads\/2025\/06\/Webdo-Tunisie_168377.jpg","width":301,"height":301,"caption":"Webdo"},"image":{"@id":"https:\/\/www.webdo.tn\/fr\/#\/schema\/logo\/image\/"},"sameAs":["https:\/\/www.facebook.com\/webdotn","https:\/\/x.com\/webdo_tn"],"description":"Webdo est un m\u00e9dia num\u00e9rique tunisien fond\u00e9 en 2010, sp\u00e9cialis\u00e9 dans l\u2019actualit\u00e9 nationale et internationale, l\u2019\u00e9conomie, la soci\u00e9t\u00e9 et les analyses politiques. Le site s\u2019adresse \u00e0 un large public francophone et couvre l\u2019information tunisienne en temps r\u00e9el.","email":"redac@webdo.tn","legalName":"YNJ SARL","foundingDate":"2010-09-06","numberOfEmployees":{"@type":"QuantitativeValue","minValue":"11","maxValue":"50"}},{"@type":"Person","@id":"https:\/\/www.webdo.tn\/fr\/#\/schema\/person\/f35b42a42c5e2511bbd282959d6385cc","name":"CL","image":{"@type":"ImageObject","inLanguage":"fr-FR","@id":"https:\/\/secure.gravatar.com\/avatar\/1447a49909b67aa657c488aec6512e1dd6143a480c1ecfee9b5b5cd74eb3b59e?s=96&d=mm&r=g","url":"https:\/\/secure.gravatar.com\/avatar\/1447a49909b67aa657c488aec6512e1dd6143a480c1ecfee9b5b5cd74eb3b59e?s=96&d=mm&r=g","contentUrl":"https:\/\/secure.gravatar.com\/avatar\/1447a49909b67aa657c488aec6512e1dd6143a480c1ecfee9b5b5cd74eb3b59e?s=96&d=mm&r=g","caption":"CL"},"url":"https:\/\/www.webdo.tn\/fr\/actualite\/author\/cl\/"}]}},"_links":{"self":[{"href":"https:\/\/www.webdo.tn\/fr\/wp-json\/wp\/v2\/posts\/215884","targetHints":{"allow":["GET"]}}],"collection":[{"href":"https:\/\/www.webdo.tn\/fr\/wp-json\/wp\/v2\/posts"}],"about":[{"href":"https:\/\/www.webdo.tn\/fr\/wp-json\/wp\/v2\/types\/post"}],"author":[{"embeddable":true,"href":"https:\/\/www.webdo.tn\/fr\/wp-json\/wp\/v2\/users\/3175"}],"replies":[{"embeddable":true,"href":"https:\/\/www.webdo.tn\/fr\/wp-json\/wp\/v2\/comments?post=215884"}],"version-history":[{"count":0,"href":"https:\/\/www.webdo.tn\/fr\/wp-json\/wp\/v2\/posts\/215884\/revisions"}],"wp:featuredmedia":[{"embeddable":true,"href":"https:\/\/www.webdo.tn\/fr\/wp-json\/wp\/v2\/media\/290968"}],"wp:attachment":[{"href":"https:\/\/www.webdo.tn\/fr\/wp-json\/wp\/v2\/media?parent=215884"}],"wp:term":[{"taxonomy":"category","embeddable":true,"href":"https:\/\/www.webdo.tn\/fr\/wp-json\/wp\/v2\/categories?post=215884"},{"taxonomy":"post_tag","embeddable":true,"href":"https:\/\/www.webdo.tn\/fr\/wp-json\/wp\/v2\/tags?post=215884"}],"curies":[{"name":"wp","href":"https:\/\/api.w.org\/{rel}","templated":true}]}}