{"id":215879,"date":"2024-08-19T07:36:00","date_gmt":"2024-08-19T07:36:00","guid":{"rendered":"https:\/\/www.webdo.tn\/fr\/blog\/tunisie-meteo-pluies-intenses-et-orages-aujourd-hui-sur-ces-regions\/215879\/"},"modified":"2025-05-20T22:54:46","modified_gmt":"2025-05-20T22:54:46","slug":"tunisie-meteo-pluies-intenses-et-orages-aujourd-hui-sur-ces-regions","status":"publish","type":"post","link":"https:\/\/www.webdo.tn\/fr\/actualite\/national\/tunisie-meteo-pluies-intenses-et-orages-aujourd-hui-sur-ces-regions\/215879\/","title":{"rendered":"Tunisie \u2013 M\u00e9t\u00e9o : Pluies intenses et orages, aujourd\u2019hui, sur ces r\u00e9gions"},"content":{"rendered":"<p>Selon les pr\u00e9visions de l\u2019Institut national de la m\u00e9t\u00e9orologie, plusieurs gouvernorats sont concern\u00e9s aujourd\u2019hui lundi 19 ao\u00fbt 2024, dans l\u2019apr\u00e8s-midi, par de fortes pr\u00e9cipitations et par des orages. \u00a0<\/p>\n<p>\t\t\t\t\t\t\t\t\t\u00a0<\/p>\n<p>Ce sont notamment les gouvernorats du Sahel comme Mahdia et Monastir, mais aussi Sfax et Kairouan qui connaitront, selon ces pr\u00e9visions m\u00e9t\u00e9o, de fortes pluies dans l\u2019apr\u00e8s-midi.\u00a0<\/p>\n<p>De m\u00eame certains gouvernorats du nord et du nord-est connaitront des pluies localement faibles accompagn\u00e9es de passage d\u2019orages.\u00a0<\/p>\n<p>Des pluies torrentielles accompagn\u00e9es de vents violents ont frapp\u00e9, il y a quelques jours,\u00a0les villes de Nabeul et Hammamet, causant des inondations, des bless\u00e9s et des d\u00e9g\u00e2ts mat\u00e9riels.<\/p>\n<p>En effet,Nabeul et Hammamet ont connu, ce samedi 17 ao\u00fbt 2024 de fortes pluies accompagn\u00e9es d\u2019orages et de vents intenses pendant quelques minutes, entra\u00eenant des inondations dans les rues de ces deux villes.<\/p>\n","protected":false},"excerpt":{"rendered":"<p>Ce sont notamment les gouvernorats du Sahel comme Mahdia et Monastir, mais aussi Sfax et Kairouan qui connaitront, selon ces pr\u00e9visions m\u00e9t\u00e9o, de fortes pluies&#8230;<\/p>\n","protected":false},"author":3175,"featured_media":290966,"comment_status":"open","ping_status":"closed","sticky":false,"template":"","format":"standard","meta":{"footnotes":""},"categories":[44],"tags":[5063,2670,3163,2608],"class_list":["post-215879","post","type-post","status-publish","format-standard","has-post-thumbnail","hentry","category-national","tag-gouvernorats","tag-meteo","tag-pluies","tag-tunisie"],"yoast_head":"<!-- This site is optimized with the Yoast SEO Premium plugin v27.5 (Yoast SEO v27.5) - https:\/\/yoast.com\/product\/yoast-seo-premium-wordpress\/ -->\n<title>Tunisie \u2013 M\u00e9t\u00e9o : Pluies intenses et orages, aujourd\u2019hui, sur ces r\u00e9gions<\/title>\n<meta name=\"description\" content=\"Ce sont notamment les gouvernorats du Sahel comme Mahdia et Monastir, mais aussi Sfax et Kairouan qui connaitront, selon ces pr\u00e9visions m\u00e9t\u00e9o, de fortes pluies...\" \/>\n<link rel=\"canonical\" href=\"https:\/\/www.webdo.tn\/fr\/actualite\/national\/tunisie-meteo-pluies-intenses-et-orages-aujourd-hui-sur-ces-regions\/215879\/\" \/>\n<meta property=\"og:locale\" content=\"fr_FR\" \/>\n<meta property=\"og:type\" content=\"article\" \/>\n<meta property=\"og:title\" content=\"Tunisie \u2013 M\u00e9t\u00e9o : Pluies intenses et orages, aujourd\u2019hui, sur ces r\u00e9gions\" \/>\n<meta property=\"og:description\" content=\"Ce sont notamment les gouvernorats du Sahel comme Mahdia et Monastir, mais aussi Sfax et Kairouan qui connaitront, selon ces pr\u00e9visions m\u00e9t\u00e9o, de fortes pluies...\" \/>\n<meta property=\"og:url\" content=\"https:\/\/www.webdo.tn\/fr\/actualite\/national\/tunisie-meteo-pluies-intenses-et-orages-aujourd-hui-sur-ces-regions\/215879\/\" \/>\n<meta property=\"og:site_name\" content=\"webdo\" \/>\n<meta property=\"article:publisher\" content=\"https:\/\/www.facebook.com\/webdotn\" \/>\n<meta property=\"article:published_time\" content=\"2024-08-19T07:36:00+00:00\" \/>\n<meta property=\"article:modified_time\" content=\"2025-05-20T22:54:46+00:00\" \/>\n<meta property=\"og:image\" content=\"https:\/\/www.webdo.tn\/fr\/wp-content\/uploads\/2024\/08\/b4297e9776a98a124db30ff7d4a4fe97.webp\" \/>\n\t<meta property=\"og:image:width\" content=\"703\" \/>\n\t<meta property=\"og:image:height\" content=\"375\" \/>\n\t<meta property=\"og:image:type\" content=\"image\/webp\" \/>\n<meta name=\"author\" content=\"CL\" \/>\n<meta name=\"twitter:card\" content=\"summary_large_image\" \/>\n<meta name=\"twitter:creator\" content=\"@webdo_tn\" \/>\n<meta name=\"twitter:site\" content=\"@webdo_tn\" \/>\n<meta name=\"twitter:label1\" content=\"\u00c9crit par\" \/>\n\t<meta name=\"twitter:data1\" content=\"CL\" \/>\n\t<meta name=\"twitter:label2\" content=\"Dur\u00e9e de lecture estim\u00e9e\" \/>\n\t<meta name=\"twitter:data2\" content=\"1 minute\" \/>\n<script type=\"application\/ld+json\" class=\"yoast-schema-graph\">{\"@context\":\"https:\\\/\\\/schema.org\",\"@graph\":[{\"@type\":\"NewsArticle\",\"@id\":\"https:\\\/\\\/www.webdo.tn\\\/fr\\\/actualite\\\/national\\\/tunisie-meteo-pluies-intenses-et-orages-aujourd-hui-sur-ces-regions\\\/215879\\\/#article\",\"isPartOf\":{\"@id\":\"https:\\\/\\\/www.webdo.tn\\\/fr\\\/actualite\\\/national\\\/tunisie-meteo-pluies-intenses-et-orages-aujourd-hui-sur-ces-regions\\\/215879\\\/\"},\"author\":{\"name\":\"CL\",\"@id\":\"https:\\\/\\\/www.webdo.tn\\\/fr\\\/#\\\/schema\\\/person\\\/f35b42a42c5e2511bbd282959d6385cc\"},\"headline\":\"Tunisie \u2013 M\u00e9t\u00e9o : Pluies intenses et orages, aujourd\u2019hui, sur ces r\u00e9gions\",\"datePublished\":\"2024-08-19T07:36:00+00:00\",\"dateModified\":\"2025-05-20T22:54:46+00:00\",\"mainEntityOfPage\":{\"@id\":\"https:\\\/\\\/www.webdo.tn\\\/fr\\\/actualite\\\/national\\\/tunisie-meteo-pluies-intenses-et-orages-aujourd-hui-sur-ces-regions\\\/215879\\\/\"},\"wordCount\":173,\"commentCount\":0,\"publisher\":{\"@id\":\"https:\\\/\\\/www.webdo.tn\\\/fr\\\/#organization\"},\"image\":{\"@id\":\"https:\\\/\\\/www.webdo.tn\\\/fr\\\/actualite\\\/national\\\/tunisie-meteo-pluies-intenses-et-orages-aujourd-hui-sur-ces-regions\\\/215879\\\/#primaryimage\"},\"thumbnailUrl\":\"https:\\\/\\\/www.webdo.tn\\\/fr\\\/wp-content\\\/uploads\\\/2024\\\/08\\\/b4297e9776a98a124db30ff7d4a4fe97.webp\",\"keywords\":[\"gouvernorats\",\"m\u00e9t\u00e9o\",\"pluies\",\"Tunisie\"],\"articleSection\":[\"National\"],\"inLanguage\":\"fr-FR\"},{\"@type\":\"WebPage\",\"@id\":\"https:\\\/\\\/www.webdo.tn\\\/fr\\\/actualite\\\/national\\\/tunisie-meteo-pluies-intenses-et-orages-aujourd-hui-sur-ces-regions\\\/215879\\\/\",\"url\":\"https:\\\/\\\/www.webdo.tn\\\/fr\\\/actualite\\\/national\\\/tunisie-meteo-pluies-intenses-et-orages-aujourd-hui-sur-ces-regions\\\/215879\\\/\",\"name\":\"Tunisie \u2013 M\u00e9t\u00e9o : Pluies intenses et orages, aujourd\u2019hui, sur ces r\u00e9gions\",\"isPartOf\":{\"@id\":\"https:\\\/\\\/www.webdo.tn\\\/fr\\\/#website\"},\"primaryImageOfPage\":{\"@id\":\"https:\\\/\\\/www.webdo.tn\\\/fr\\\/actualite\\\/national\\\/tunisie-meteo-pluies-intenses-et-orages-aujourd-hui-sur-ces-regions\\\/215879\\\/#primaryimage\"},\"image\":{\"@id\":\"https:\\\/\\\/www.webdo.tn\\\/fr\\\/actualite\\\/national\\\/tunisie-meteo-pluies-intenses-et-orages-aujourd-hui-sur-ces-regions\\\/215879\\\/#primaryimage\"},\"thumbnailUrl\":\"https:\\\/\\\/www.webdo.tn\\\/fr\\\/wp-content\\\/uploads\\\/2024\\\/08\\\/b4297e9776a98a124db30ff7d4a4fe97.webp\",\"datePublished\":\"2024-08-19T07:36:00+00:00\",\"dateModified\":\"2025-05-20T22:54:46+00:00\",\"description\":\"Ce sont notamment les gouvernorats du Sahel comme Mahdia et Monastir, mais aussi Sfax et Kairouan qui connaitront, selon ces pr\u00e9visions m\u00e9t\u00e9o, de fortes pluies...\",\"breadcrumb\":{\"@id\":\"https:\\\/\\\/www.webdo.tn\\\/fr\\\/actualite\\\/national\\\/tunisie-meteo-pluies-intenses-et-orages-aujourd-hui-sur-ces-regions\\\/215879\\\/#breadcrumb\"},\"inLanguage\":\"fr-FR\",\"potentialAction\":[{\"@type\":\"ReadAction\",\"target\":[\"https:\\\/\\\/www.webdo.tn\\\/fr\\\/actualite\\\/national\\\/tunisie-meteo-pluies-intenses-et-orages-aujourd-hui-sur-ces-regions\\\/215879\\\/\"]}]},{\"@type\":\"ImageObject\",\"inLanguage\":\"fr-FR\",\"@id\":\"https:\\\/\\\/www.webdo.tn\\\/fr\\\/actualite\\\/national\\\/tunisie-meteo-pluies-intenses-et-orages-aujourd-hui-sur-ces-regions\\\/215879\\\/#primaryimage\",\"url\":\"https:\\\/\\\/www.webdo.tn\\\/fr\\\/wp-content\\\/uploads\\\/2024\\\/08\\\/b4297e9776a98a124db30ff7d4a4fe97.webp\",\"contentUrl\":\"https:\\\/\\\/www.webdo.tn\\\/fr\\\/wp-content\\\/uploads\\\/2024\\\/08\\\/b4297e9776a98a124db30ff7d4a4fe97.webp\",\"width\":703,\"height\":375,\"caption\":\"Tunisie \u2013 M\u00e9t\u00e9o : Pluies intenses et orages, aujourd\u2019hui, sur ces r\u00e9gions\"},{\"@type\":\"BreadcrumbList\",\"@id\":\"https:\\\/\\\/www.webdo.tn\\\/fr\\\/actualite\\\/national\\\/tunisie-meteo-pluies-intenses-et-orages-aujourd-hui-sur-ces-regions\\\/215879\\\/#breadcrumb\",\"itemListElement\":[{\"@type\":\"ListItem\",\"position\":1,\"name\":\"Accueil\",\"item\":\"https:\\\/\\\/www.webdo.tn\\\/fr\\\/\"},{\"@type\":\"ListItem\",\"position\":2,\"name\":\"Tunisie \u2013 M\u00e9t\u00e9o : Pluies intenses et orages, aujourd\u2019hui, sur ces r\u00e9gions\"}]},{\"@type\":\"WebSite\",\"@id\":\"https:\\\/\\\/www.webdo.tn\\\/fr\\\/#website\",\"url\":\"https:\\\/\\\/www.webdo.tn\\\/fr\\\/\",\"name\":\"webdo\",\"description\":\"Tunisie - News en Tunisie et \u00e0 l&#039;international sur Webdo.tn\",\"publisher\":{\"@id\":\"https:\\\/\\\/www.webdo.tn\\\/fr\\\/#organization\"},\"potentialAction\":[{\"@type\":\"SearchAction\",\"target\":{\"@type\":\"EntryPoint\",\"urlTemplate\":\"https:\\\/\\\/www.webdo.tn\\\/fr\\\/?s={search_term_string}\"},\"query-input\":{\"@type\":\"PropertyValueSpecification\",\"valueRequired\":true,\"valueName\":\"search_term_string\"}}],\"inLanguage\":\"fr-FR\"},{\"@type\":\"Organization\",\"@id\":\"https:\\\/\\\/www.webdo.tn\\\/fr\\\/#organization\",\"name\":\"Webdo\",\"alternateName\":\"Webdo.tn\",\"url\":\"https:\\\/\\\/www.webdo.tn\\\/fr\\\/\",\"logo\":{\"@type\":\"ImageObject\",\"inLanguage\":\"fr-FR\",\"@id\":\"https:\\\/\\\/www.webdo.tn\\\/fr\\\/#\\\/schema\\\/logo\\\/image\\\/\",\"url\":\"https:\\\/\\\/www.webdo.tn\\\/fr\\\/wp-content\\\/uploads\\\/2025\\\/06\\\/Webdo-Tunisie_168377.jpg\",\"contentUrl\":\"https:\\\/\\\/www.webdo.tn\\\/fr\\\/wp-content\\\/uploads\\\/2025\\\/06\\\/Webdo-Tunisie_168377.jpg\",\"width\":301,\"height\":301,\"caption\":\"Webdo\"},\"image\":{\"@id\":\"https:\\\/\\\/www.webdo.tn\\\/fr\\\/#\\\/schema\\\/logo\\\/image\\\/\"},\"sameAs\":[\"https:\\\/\\\/www.facebook.com\\\/webdotn\",\"https:\\\/\\\/x.com\\\/webdo_tn\"],\"description\":\"Webdo est un m\u00e9dia num\u00e9rique tunisien fond\u00e9 en 2010, sp\u00e9cialis\u00e9 dans l\u2019actualit\u00e9 nationale et internationale, l\u2019\u00e9conomie, la soci\u00e9t\u00e9 et les analyses politiques. Le site s\u2019adresse \u00e0 un large public francophone et couvre l\u2019information tunisienne en temps r\u00e9el.\",\"email\":\"redac@webdo.tn\",\"legalName\":\"YNJ SARL\",\"foundingDate\":\"2010-09-06\",\"numberOfEmployees\":{\"@type\":\"QuantitativeValue\",\"minValue\":\"11\",\"maxValue\":\"50\"}},{\"@type\":\"Person\",\"@id\":\"https:\\\/\\\/www.webdo.tn\\\/fr\\\/#\\\/schema\\\/person\\\/f35b42a42c5e2511bbd282959d6385cc\",\"name\":\"CL\",\"image\":{\"@type\":\"ImageObject\",\"inLanguage\":\"fr-FR\",\"@id\":\"https:\\\/\\\/secure.gravatar.com\\\/avatar\\\/1447a49909b67aa657c488aec6512e1dd6143a480c1ecfee9b5b5cd74eb3b59e?s=96&d=mm&r=g\",\"url\":\"https:\\\/\\\/secure.gravatar.com\\\/avatar\\\/1447a49909b67aa657c488aec6512e1dd6143a480c1ecfee9b5b5cd74eb3b59e?s=96&d=mm&r=g\",\"contentUrl\":\"https:\\\/\\\/secure.gravatar.com\\\/avatar\\\/1447a49909b67aa657c488aec6512e1dd6143a480c1ecfee9b5b5cd74eb3b59e?s=96&d=mm&r=g\",\"caption\":\"CL\"},\"url\":\"https:\\\/\\\/www.webdo.tn\\\/fr\\\/actualite\\\/author\\\/cl\\\/\"}]}<\/script>\n<!-- \/ Yoast SEO Premium plugin. -->","yoast_head_json":{"title":"Tunisie \u2013 M\u00e9t\u00e9o : Pluies intenses et orages, aujourd\u2019hui, sur ces r\u00e9gions","description":"Ce sont notamment les gouvernorats du Sahel comme Mahdia et Monastir, mais aussi Sfax et Kairouan qui connaitront, selon ces pr\u00e9visions m\u00e9t\u00e9o, de fortes pluies...","canonical":"https:\/\/www.webdo.tn\/fr\/actualite\/national\/tunisie-meteo-pluies-intenses-et-orages-aujourd-hui-sur-ces-regions\/215879\/","og_locale":"fr_FR","og_type":"article","og_title":"Tunisie \u2013 M\u00e9t\u00e9o : Pluies intenses et orages, aujourd\u2019hui, sur ces r\u00e9gions","og_description":"Ce sont notamment les gouvernorats du Sahel comme Mahdia et Monastir, mais aussi Sfax et Kairouan qui connaitront, selon ces pr\u00e9visions m\u00e9t\u00e9o, de fortes pluies...","og_url":"https:\/\/www.webdo.tn\/fr\/actualite\/national\/tunisie-meteo-pluies-intenses-et-orages-aujourd-hui-sur-ces-regions\/215879\/","og_site_name":"webdo","article_publisher":"https:\/\/www.facebook.com\/webdotn","article_published_time":"2024-08-19T07:36:00+00:00","article_modified_time":"2025-05-20T22:54:46+00:00","og_image":[{"width":703,"height":375,"url":"https:\/\/www.webdo.tn\/fr\/wp-content\/uploads\/2024\/08\/b4297e9776a98a124db30ff7d4a4fe97.webp","type":"image\/webp"}],"author":"CL","twitter_card":"summary_large_image","twitter_creator":"@webdo_tn","twitter_site":"@webdo_tn","twitter_misc":{"\u00c9crit par":"CL","Dur\u00e9e de lecture estim\u00e9e":"1 minute"},"schema":{"@context":"https:\/\/schema.org","@graph":[{"@type":"NewsArticle","@id":"https:\/\/www.webdo.tn\/fr\/actualite\/national\/tunisie-meteo-pluies-intenses-et-orages-aujourd-hui-sur-ces-regions\/215879\/#article","isPartOf":{"@id":"https:\/\/www.webdo.tn\/fr\/actualite\/national\/tunisie-meteo-pluies-intenses-et-orages-aujourd-hui-sur-ces-regions\/215879\/"},"author":{"name":"CL","@id":"https:\/\/www.webdo.tn\/fr\/#\/schema\/person\/f35b42a42c5e2511bbd282959d6385cc"},"headline":"Tunisie \u2013 M\u00e9t\u00e9o : Pluies intenses et orages, aujourd\u2019hui, sur ces r\u00e9gions","datePublished":"2024-08-19T07:36:00+00:00","dateModified":"2025-05-20T22:54:46+00:00","mainEntityOfPage":{"@id":"https:\/\/www.webdo.tn\/fr\/actualite\/national\/tunisie-meteo-pluies-intenses-et-orages-aujourd-hui-sur-ces-regions\/215879\/"},"wordCount":173,"commentCount":0,"publisher":{"@id":"https:\/\/www.webdo.tn\/fr\/#organization"},"image":{"@id":"https:\/\/www.webdo.tn\/fr\/actualite\/national\/tunisie-meteo-pluies-intenses-et-orages-aujourd-hui-sur-ces-regions\/215879\/#primaryimage"},"thumbnailUrl":"https:\/\/www.webdo.tn\/fr\/wp-content\/uploads\/2024\/08\/b4297e9776a98a124db30ff7d4a4fe97.webp","keywords":["gouvernorats","m\u00e9t\u00e9o","pluies","Tunisie"],"articleSection":["National"],"inLanguage":"fr-FR"},{"@type":"WebPage","@id":"https:\/\/www.webdo.tn\/fr\/actualite\/national\/tunisie-meteo-pluies-intenses-et-orages-aujourd-hui-sur-ces-regions\/215879\/","url":"https:\/\/www.webdo.tn\/fr\/actualite\/national\/tunisie-meteo-pluies-intenses-et-orages-aujourd-hui-sur-ces-regions\/215879\/","name":"Tunisie \u2013 M\u00e9t\u00e9o : Pluies intenses et orages, aujourd\u2019hui, sur ces r\u00e9gions","isPartOf":{"@id":"https:\/\/www.webdo.tn\/fr\/#website"},"primaryImageOfPage":{"@id":"https:\/\/www.webdo.tn\/fr\/actualite\/national\/tunisie-meteo-pluies-intenses-et-orages-aujourd-hui-sur-ces-regions\/215879\/#primaryimage"},"image":{"@id":"https:\/\/www.webdo.tn\/fr\/actualite\/national\/tunisie-meteo-pluies-intenses-et-orages-aujourd-hui-sur-ces-regions\/215879\/#primaryimage"},"thumbnailUrl":"https:\/\/www.webdo.tn\/fr\/wp-content\/uploads\/2024\/08\/b4297e9776a98a124db30ff7d4a4fe97.webp","datePublished":"2024-08-19T07:36:00+00:00","dateModified":"2025-05-20T22:54:46+00:00","description":"Ce sont notamment les gouvernorats du Sahel comme Mahdia et Monastir, mais aussi Sfax et Kairouan qui connaitront, selon ces pr\u00e9visions m\u00e9t\u00e9o, de fortes pluies...","breadcrumb":{"@id":"https:\/\/www.webdo.tn\/fr\/actualite\/national\/tunisie-meteo-pluies-intenses-et-orages-aujourd-hui-sur-ces-regions\/215879\/#breadcrumb"},"inLanguage":"fr-FR","potentialAction":[{"@type":"ReadAction","target":["https:\/\/www.webdo.tn\/fr\/actualite\/national\/tunisie-meteo-pluies-intenses-et-orages-aujourd-hui-sur-ces-regions\/215879\/"]}]},{"@type":"ImageObject","inLanguage":"fr-FR","@id":"https:\/\/www.webdo.tn\/fr\/actualite\/national\/tunisie-meteo-pluies-intenses-et-orages-aujourd-hui-sur-ces-regions\/215879\/#primaryimage","url":"https:\/\/www.webdo.tn\/fr\/wp-content\/uploads\/2024\/08\/b4297e9776a98a124db30ff7d4a4fe97.webp","contentUrl":"https:\/\/www.webdo.tn\/fr\/wp-content\/uploads\/2024\/08\/b4297e9776a98a124db30ff7d4a4fe97.webp","width":703,"height":375,"caption":"Tunisie \u2013 M\u00e9t\u00e9o : Pluies intenses et orages, aujourd\u2019hui, sur ces r\u00e9gions"},{"@type":"BreadcrumbList","@id":"https:\/\/www.webdo.tn\/fr\/actualite\/national\/tunisie-meteo-pluies-intenses-et-orages-aujourd-hui-sur-ces-regions\/215879\/#breadcrumb","itemListElement":[{"@type":"ListItem","position":1,"name":"Accueil","item":"https:\/\/www.webdo.tn\/fr\/"},{"@type":"ListItem","position":2,"name":"Tunisie \u2013 M\u00e9t\u00e9o : Pluies intenses et orages, aujourd\u2019hui, sur ces r\u00e9gions"}]},{"@type":"WebSite","@id":"https:\/\/www.webdo.tn\/fr\/#website","url":"https:\/\/www.webdo.tn\/fr\/","name":"webdo","description":"Tunisie - News en Tunisie et \u00e0 l&#039;international sur Webdo.tn","publisher":{"@id":"https:\/\/www.webdo.tn\/fr\/#organization"},"potentialAction":[{"@type":"SearchAction","target":{"@type":"EntryPoint","urlTemplate":"https:\/\/www.webdo.tn\/fr\/?s={search_term_string}"},"query-input":{"@type":"PropertyValueSpecification","valueRequired":true,"valueName":"search_term_string"}}],"inLanguage":"fr-FR"},{"@type":"Organization","@id":"https:\/\/www.webdo.tn\/fr\/#organization","name":"Webdo","alternateName":"Webdo.tn","url":"https:\/\/www.webdo.tn\/fr\/","logo":{"@type":"ImageObject","inLanguage":"fr-FR","@id":"https:\/\/www.webdo.tn\/fr\/#\/schema\/logo\/image\/","url":"https:\/\/www.webdo.tn\/fr\/wp-content\/uploads\/2025\/06\/Webdo-Tunisie_168377.jpg","contentUrl":"https:\/\/www.webdo.tn\/fr\/wp-content\/uploads\/2025\/06\/Webdo-Tunisie_168377.jpg","width":301,"height":301,"caption":"Webdo"},"image":{"@id":"https:\/\/www.webdo.tn\/fr\/#\/schema\/logo\/image\/"},"sameAs":["https:\/\/www.facebook.com\/webdotn","https:\/\/x.com\/webdo_tn"],"description":"Webdo est un m\u00e9dia num\u00e9rique tunisien fond\u00e9 en 2010, sp\u00e9cialis\u00e9 dans l\u2019actualit\u00e9 nationale et internationale, l\u2019\u00e9conomie, la soci\u00e9t\u00e9 et les analyses politiques. Le site s\u2019adresse \u00e0 un large public francophone et couvre l\u2019information tunisienne en temps r\u00e9el.","email":"redac@webdo.tn","legalName":"YNJ SARL","foundingDate":"2010-09-06","numberOfEmployees":{"@type":"QuantitativeValue","minValue":"11","maxValue":"50"}},{"@type":"Person","@id":"https:\/\/www.webdo.tn\/fr\/#\/schema\/person\/f35b42a42c5e2511bbd282959d6385cc","name":"CL","image":{"@type":"ImageObject","inLanguage":"fr-FR","@id":"https:\/\/secure.gravatar.com\/avatar\/1447a49909b67aa657c488aec6512e1dd6143a480c1ecfee9b5b5cd74eb3b59e?s=96&d=mm&r=g","url":"https:\/\/secure.gravatar.com\/avatar\/1447a49909b67aa657c488aec6512e1dd6143a480c1ecfee9b5b5cd74eb3b59e?s=96&d=mm&r=g","contentUrl":"https:\/\/secure.gravatar.com\/avatar\/1447a49909b67aa657c488aec6512e1dd6143a480c1ecfee9b5b5cd74eb3b59e?s=96&d=mm&r=g","caption":"CL"},"url":"https:\/\/www.webdo.tn\/fr\/actualite\/author\/cl\/"}]}},"_links":{"self":[{"href":"https:\/\/www.webdo.tn\/fr\/wp-json\/wp\/v2\/posts\/215879","targetHints":{"allow":["GET"]}}],"collection":[{"href":"https:\/\/www.webdo.tn\/fr\/wp-json\/wp\/v2\/posts"}],"about":[{"href":"https:\/\/www.webdo.tn\/fr\/wp-json\/wp\/v2\/types\/post"}],"author":[{"embeddable":true,"href":"https:\/\/www.webdo.tn\/fr\/wp-json\/wp\/v2\/users\/3175"}],"replies":[{"embeddable":true,"href":"https:\/\/www.webdo.tn\/fr\/wp-json\/wp\/v2\/comments?post=215879"}],"version-history":[{"count":0,"href":"https:\/\/www.webdo.tn\/fr\/wp-json\/wp\/v2\/posts\/215879\/revisions"}],"wp:featuredmedia":[{"embeddable":true,"href":"https:\/\/www.webdo.tn\/fr\/wp-json\/wp\/v2\/media\/290966"}],"wp:attachment":[{"href":"https:\/\/www.webdo.tn\/fr\/wp-json\/wp\/v2\/media?parent=215879"}],"wp:term":[{"taxonomy":"category","embeddable":true,"href":"https:\/\/www.webdo.tn\/fr\/wp-json\/wp\/v2\/categories?post=215879"},{"taxonomy":"post_tag","embeddable":true,"href":"https:\/\/www.webdo.tn\/fr\/wp-json\/wp\/v2\/tags?post=215879"}],"curies":[{"name":"wp","href":"https:\/\/api.w.org\/{rel}","templated":true}]}}