{"id":215878,"date":"2024-08-18T12:48:00","date_gmt":"2024-08-18T12:48:00","guid":{"rendered":"https:\/\/www.webdo.tn\/fr\/blog\/inondations-a-nabeul-et-hammamet-des-blesses-et-des-degats-materiels\/215878\/"},"modified":"2025-05-20T22:13:52","modified_gmt":"2025-05-20T22:13:52","slug":"inondations-a-nabeul-et-hammamet-des-blesses-et-des-degats-materiels","status":"publish","type":"post","link":"https:\/\/www.webdo.tn\/fr\/actualite\/regions\/inondations-a-nabeul-et-hammamet-des-blesses-et-des-degats-materiels\/215878\/","title":{"rendered":"Inondations \u00e0 Nabeul et Hammamet : Des bless\u00e9s et des d\u00e9g\u00e2ts mat\u00e9riels"},"content":{"rendered":"<p>Des pluies torrentielles accompagn\u00e9es de vents violents ont frapp\u00e9 les villes de Nabeul et Hammamet, causant des inondations, des bless\u00e9s et des d\u00e9g\u00e2ts mat\u00e9riels.<\/p>\n<p>\t\t\t\t\t\t\t\t\tNabeul et Hammamet ont connu, ce samedi 17 ao\u00fbt 2024 de fortes pluies accompagn\u00e9es d\u2019orages et de vents intenses pendant quelques minutes, entra\u00eenant des inondations dans les rues de ces deux villes.<\/p>\n<p>Les fortes pr\u00e9cipitations ont provoqu\u00e9 des inondations dans de nombreuses zones urbaines, causant des d\u00e9g\u00e2ts mat\u00e9riels importants. Elles ont \u00e9galement entra\u00een\u00e9 la chute d\u2019arbres et de poteaux \u00e9lectriques sur les voies principales, et le souk traditionnel a \u00e9t\u00e9 inond\u00e9.<\/p>\n<p>Un mur d\u2019un h\u00f4tel \u00e0 Nabeul s\u2019est effondr\u00e9, blessant dix personnes et endommageant plusieurs v\u00e9hicules.<\/p>\n","protected":false},"excerpt":{"rendered":"<p>Nabeul et Hammamet ont connu, ce samedi 17 ao\u00fbt 2024 de fortes pluies accompagn\u00e9es d\u2019orages et de vents intenses pendant quelques minutes, entra\u00eenant des inonda&#8230;<\/p>\n","protected":false},"author":3162,"featured_media":290960,"comment_status":"open","ping_status":"closed","sticky":false,"template":"","format":"standard","meta":{"footnotes":""},"categories":[2595],"tags":[2928,9329,3607,3164,2751,3163],"class_list":["post-215878","post","type-post","status-publish","format-standard","has-post-thumbnail","hentry","category-regions","tag-blesses","tag-degats","tag-hammamet","tag-inondations","tag-nabeul","tag-pluies"],"yoast_head":"<!-- This site is optimized with the Yoast SEO Premium plugin v27.4 (Yoast SEO v27.5) - https:\/\/yoast.com\/product\/yoast-seo-premium-wordpress\/ -->\n<title>Inondations \u00e0 Nabeul et Hammamet : Des bless\u00e9s et des d\u00e9g\u00e2ts mat\u00e9riels<\/title>\n<meta name=\"description\" content=\"Nabeul et Hammamet ont connu, ce samedi 17 ao\u00fbt 2024 de fortes pluies accompagn\u00e9es d\u2019orages et de vents intenses pendant quelques minutes, entra\u00eenant des inonda...\" \/>\n<link rel=\"canonical\" href=\"https:\/\/www.webdo.tn\/fr\/actualite\/regions\/inondations-a-nabeul-et-hammamet-des-blesses-et-des-degats-materiels\/215878\/\" \/>\n<meta property=\"og:locale\" content=\"fr_FR\" \/>\n<meta property=\"og:type\" content=\"article\" \/>\n<meta property=\"og:title\" content=\"Inondations \u00e0 Nabeul et Hammamet : Des bless\u00e9s et des d\u00e9g\u00e2ts mat\u00e9riels\" \/>\n<meta property=\"og:description\" content=\"Nabeul et Hammamet ont connu, ce samedi 17 ao\u00fbt 2024 de fortes pluies accompagn\u00e9es d\u2019orages et de vents intenses pendant quelques minutes, entra\u00eenant des inonda...\" \/>\n<meta property=\"og:url\" content=\"https:\/\/www.webdo.tn\/fr\/actualite\/regions\/inondations-a-nabeul-et-hammamet-des-blesses-et-des-degats-materiels\/215878\/\" \/>\n<meta property=\"og:site_name\" content=\"webdo\" \/>\n<meta property=\"article:publisher\" content=\"https:\/\/www.facebook.com\/webdotn\" \/>\n<meta property=\"article:published_time\" content=\"2024-08-18T12:48:00+00:00\" \/>\n<meta property=\"article:modified_time\" content=\"2025-05-20T22:13:52+00:00\" \/>\n<meta property=\"og:image\" content=\"https:\/\/www.webdo.tn\/fr\/wp-content\/uploads\/2024\/08\/19e93dc188dfff18c4c6b7157e13bea1.webp\" \/>\n\t<meta property=\"og:image:width\" content=\"750\" \/>\n\t<meta property=\"og:image:height\" content=\"400\" \/>\n\t<meta property=\"og:image:type\" content=\"image\/webp\" \/>\n<meta name=\"author\" content=\"MC\" \/>\n<meta name=\"twitter:card\" content=\"summary_large_image\" \/>\n<meta name=\"twitter:creator\" content=\"@webdo_tn\" \/>\n<meta name=\"twitter:site\" content=\"@webdo_tn\" \/>\n<meta name=\"twitter:label1\" content=\"\u00c9crit par\" \/>\n\t<meta name=\"twitter:data1\" content=\"MC\" \/>\n\t<meta name=\"twitter:label2\" content=\"Dur\u00e9e de lecture estim\u00e9e\" \/>\n\t<meta name=\"twitter:data2\" content=\"1 minute\" \/>\n<script type=\"application\/ld+json\" class=\"yoast-schema-graph\">{\"@context\":\"https:\\\/\\\/schema.org\",\"@graph\":[{\"@type\":\"NewsArticle\",\"@id\":\"https:\\\/\\\/www.webdo.tn\\\/fr\\\/actualite\\\/regions\\\/inondations-a-nabeul-et-hammamet-des-blesses-et-des-degats-materiels\\\/215878\\\/#article\",\"isPartOf\":{\"@id\":\"https:\\\/\\\/www.webdo.tn\\\/fr\\\/actualite\\\/regions\\\/inondations-a-nabeul-et-hammamet-des-blesses-et-des-degats-materiels\\\/215878\\\/\"},\"author\":{\"name\":\"MC\",\"@id\":\"https:\\\/\\\/www.webdo.tn\\\/fr\\\/#\\\/schema\\\/person\\\/2c4929cbf5a809e3bd38617c6ce150f6\"},\"headline\":\"Inondations \u00e0 Nabeul et Hammamet : Des bless\u00e9s et des d\u00e9g\u00e2ts mat\u00e9riels\",\"datePublished\":\"2024-08-18T12:48:00+00:00\",\"dateModified\":\"2025-05-20T22:13:52+00:00\",\"mainEntityOfPage\":{\"@id\":\"https:\\\/\\\/www.webdo.tn\\\/fr\\\/actualite\\\/regions\\\/inondations-a-nabeul-et-hammamet-des-blesses-et-des-degats-materiels\\\/215878\\\/\"},\"wordCount\":140,\"commentCount\":0,\"publisher\":{\"@id\":\"https:\\\/\\\/www.webdo.tn\\\/fr\\\/#organization\"},\"image\":{\"@id\":\"https:\\\/\\\/www.webdo.tn\\\/fr\\\/actualite\\\/regions\\\/inondations-a-nabeul-et-hammamet-des-blesses-et-des-degats-materiels\\\/215878\\\/#primaryimage\"},\"thumbnailUrl\":\"https:\\\/\\\/www.webdo.tn\\\/fr\\\/wp-content\\\/uploads\\\/2024\\\/08\\\/19e93dc188dfff18c4c6b7157e13bea1.webp\",\"keywords\":[\"bless\u00e9s\",\"d\u00e9g\u00e2ts\",\"hammamet\",\"Inondations\",\"Nabeul\",\"pluies\"],\"articleSection\":[\"regions\"],\"inLanguage\":\"fr-FR\"},{\"@type\":\"WebPage\",\"@id\":\"https:\\\/\\\/www.webdo.tn\\\/fr\\\/actualite\\\/regions\\\/inondations-a-nabeul-et-hammamet-des-blesses-et-des-degats-materiels\\\/215878\\\/\",\"url\":\"https:\\\/\\\/www.webdo.tn\\\/fr\\\/actualite\\\/regions\\\/inondations-a-nabeul-et-hammamet-des-blesses-et-des-degats-materiels\\\/215878\\\/\",\"name\":\"Inondations \u00e0 Nabeul et Hammamet : Des bless\u00e9s et des d\u00e9g\u00e2ts mat\u00e9riels\",\"isPartOf\":{\"@id\":\"https:\\\/\\\/www.webdo.tn\\\/fr\\\/#website\"},\"primaryImageOfPage\":{\"@id\":\"https:\\\/\\\/www.webdo.tn\\\/fr\\\/actualite\\\/regions\\\/inondations-a-nabeul-et-hammamet-des-blesses-et-des-degats-materiels\\\/215878\\\/#primaryimage\"},\"image\":{\"@id\":\"https:\\\/\\\/www.webdo.tn\\\/fr\\\/actualite\\\/regions\\\/inondations-a-nabeul-et-hammamet-des-blesses-et-des-degats-materiels\\\/215878\\\/#primaryimage\"},\"thumbnailUrl\":\"https:\\\/\\\/www.webdo.tn\\\/fr\\\/wp-content\\\/uploads\\\/2024\\\/08\\\/19e93dc188dfff18c4c6b7157e13bea1.webp\",\"datePublished\":\"2024-08-18T12:48:00+00:00\",\"dateModified\":\"2025-05-20T22:13:52+00:00\",\"description\":\"Nabeul et Hammamet ont connu, ce samedi 17 ao\u00fbt 2024 de fortes pluies accompagn\u00e9es d\u2019orages et de vents intenses pendant quelques minutes, entra\u00eenant des inonda...\",\"breadcrumb\":{\"@id\":\"https:\\\/\\\/www.webdo.tn\\\/fr\\\/actualite\\\/regions\\\/inondations-a-nabeul-et-hammamet-des-blesses-et-des-degats-materiels\\\/215878\\\/#breadcrumb\"},\"inLanguage\":\"fr-FR\",\"potentialAction\":[{\"@type\":\"ReadAction\",\"target\":[\"https:\\\/\\\/www.webdo.tn\\\/fr\\\/actualite\\\/regions\\\/inondations-a-nabeul-et-hammamet-des-blesses-et-des-degats-materiels\\\/215878\\\/\"]}]},{\"@type\":\"ImageObject\",\"inLanguage\":\"fr-FR\",\"@id\":\"https:\\\/\\\/www.webdo.tn\\\/fr\\\/actualite\\\/regions\\\/inondations-a-nabeul-et-hammamet-des-blesses-et-des-degats-materiels\\\/215878\\\/#primaryimage\",\"url\":\"https:\\\/\\\/www.webdo.tn\\\/fr\\\/wp-content\\\/uploads\\\/2024\\\/08\\\/19e93dc188dfff18c4c6b7157e13bea1.webp\",\"contentUrl\":\"https:\\\/\\\/www.webdo.tn\\\/fr\\\/wp-content\\\/uploads\\\/2024\\\/08\\\/19e93dc188dfff18c4c6b7157e13bea1.webp\",\"width\":750,\"height\":400,\"caption\":\"Inondations \u00e0 Nabeul et Hammamet : Des bless\u00e9s et des d\u00e9g\u00e2ts mat\u00e9riels\"},{\"@type\":\"BreadcrumbList\",\"@id\":\"https:\\\/\\\/www.webdo.tn\\\/fr\\\/actualite\\\/regions\\\/inondations-a-nabeul-et-hammamet-des-blesses-et-des-degats-materiels\\\/215878\\\/#breadcrumb\",\"itemListElement\":[{\"@type\":\"ListItem\",\"position\":1,\"name\":\"Accueil\",\"item\":\"https:\\\/\\\/www.webdo.tn\\\/fr\\\/\"},{\"@type\":\"ListItem\",\"position\":2,\"name\":\"Inondations \u00e0 Nabeul et Hammamet : Des bless\u00e9s et des d\u00e9g\u00e2ts mat\u00e9riels\"}]},{\"@type\":\"WebSite\",\"@id\":\"https:\\\/\\\/www.webdo.tn\\\/fr\\\/#website\",\"url\":\"https:\\\/\\\/www.webdo.tn\\\/fr\\\/\",\"name\":\"webdo\",\"description\":\"Tunisie - News en Tunisie et \u00e0 l&#039;international sur Webdo.tn\",\"publisher\":{\"@id\":\"https:\\\/\\\/www.webdo.tn\\\/fr\\\/#organization\"},\"potentialAction\":[{\"@type\":\"SearchAction\",\"target\":{\"@type\":\"EntryPoint\",\"urlTemplate\":\"https:\\\/\\\/www.webdo.tn\\\/fr\\\/?s={search_term_string}\"},\"query-input\":{\"@type\":\"PropertyValueSpecification\",\"valueRequired\":true,\"valueName\":\"search_term_string\"}}],\"inLanguage\":\"fr-FR\"},{\"@type\":\"Organization\",\"@id\":\"https:\\\/\\\/www.webdo.tn\\\/fr\\\/#organization\",\"name\":\"Webdo\",\"alternateName\":\"Webdo.tn\",\"url\":\"https:\\\/\\\/www.webdo.tn\\\/fr\\\/\",\"logo\":{\"@type\":\"ImageObject\",\"inLanguage\":\"fr-FR\",\"@id\":\"https:\\\/\\\/www.webdo.tn\\\/fr\\\/#\\\/schema\\\/logo\\\/image\\\/\",\"url\":\"https:\\\/\\\/www.webdo.tn\\\/fr\\\/wp-content\\\/uploads\\\/2025\\\/06\\\/Webdo-Tunisie_168377.jpg\",\"contentUrl\":\"https:\\\/\\\/www.webdo.tn\\\/fr\\\/wp-content\\\/uploads\\\/2025\\\/06\\\/Webdo-Tunisie_168377.jpg\",\"width\":301,\"height\":301,\"caption\":\"Webdo\"},\"image\":{\"@id\":\"https:\\\/\\\/www.webdo.tn\\\/fr\\\/#\\\/schema\\\/logo\\\/image\\\/\"},\"sameAs\":[\"https:\\\/\\\/www.facebook.com\\\/webdotn\",\"https:\\\/\\\/x.com\\\/webdo_tn\"],\"description\":\"Webdo est un m\u00e9dia num\u00e9rique tunisien fond\u00e9 en 2010, sp\u00e9cialis\u00e9 dans l\u2019actualit\u00e9 nationale et internationale, l\u2019\u00e9conomie, la soci\u00e9t\u00e9 et les analyses politiques. Le site s\u2019adresse \u00e0 un large public francophone et couvre l\u2019information tunisienne en temps r\u00e9el.\",\"email\":\"redac@webdo.tn\",\"legalName\":\"YNJ SARL\",\"foundingDate\":\"2010-09-06\",\"numberOfEmployees\":{\"@type\":\"QuantitativeValue\",\"minValue\":\"11\",\"maxValue\":\"50\"}},{\"@type\":\"Person\",\"@id\":\"https:\\\/\\\/www.webdo.tn\\\/fr\\\/#\\\/schema\\\/person\\\/2c4929cbf5a809e3bd38617c6ce150f6\",\"name\":\"MC\",\"image\":{\"@type\":\"ImageObject\",\"inLanguage\":\"fr-FR\",\"@id\":\"https:\\\/\\\/secure.gravatar.com\\\/avatar\\\/a545bbb6f84efdd5553dbbc2895e3ca8f1d12c5215e00a041c9670b54aa9b18a?s=96&d=mm&r=g\",\"url\":\"https:\\\/\\\/secure.gravatar.com\\\/avatar\\\/a545bbb6f84efdd5553dbbc2895e3ca8f1d12c5215e00a041c9670b54aa9b18a?s=96&d=mm&r=g\",\"contentUrl\":\"https:\\\/\\\/secure.gravatar.com\\\/avatar\\\/a545bbb6f84efdd5553dbbc2895e3ca8f1d12c5215e00a041c9670b54aa9b18a?s=96&d=mm&r=g\",\"caption\":\"MC\"},\"url\":\"https:\\\/\\\/www.webdo.tn\\\/fr\\\/actualite\\\/author\\\/mc\\\/\"}]}<\/script>\n<!-- \/ Yoast SEO Premium plugin. -->","yoast_head_json":{"title":"Inondations \u00e0 Nabeul et Hammamet : Des bless\u00e9s et des d\u00e9g\u00e2ts mat\u00e9riels","description":"Nabeul et Hammamet ont connu, ce samedi 17 ao\u00fbt 2024 de fortes pluies accompagn\u00e9es d\u2019orages et de vents intenses pendant quelques minutes, entra\u00eenant des inonda...","canonical":"https:\/\/www.webdo.tn\/fr\/actualite\/regions\/inondations-a-nabeul-et-hammamet-des-blesses-et-des-degats-materiels\/215878\/","og_locale":"fr_FR","og_type":"article","og_title":"Inondations \u00e0 Nabeul et Hammamet : Des bless\u00e9s et des d\u00e9g\u00e2ts mat\u00e9riels","og_description":"Nabeul et Hammamet ont connu, ce samedi 17 ao\u00fbt 2024 de fortes pluies accompagn\u00e9es d\u2019orages et de vents intenses pendant quelques minutes, entra\u00eenant des inonda...","og_url":"https:\/\/www.webdo.tn\/fr\/actualite\/regions\/inondations-a-nabeul-et-hammamet-des-blesses-et-des-degats-materiels\/215878\/","og_site_name":"webdo","article_publisher":"https:\/\/www.facebook.com\/webdotn","article_published_time":"2024-08-18T12:48:00+00:00","article_modified_time":"2025-05-20T22:13:52+00:00","og_image":[{"width":750,"height":400,"url":"https:\/\/www.webdo.tn\/fr\/wp-content\/uploads\/2024\/08\/19e93dc188dfff18c4c6b7157e13bea1.webp","type":"image\/webp"}],"author":"MC","twitter_card":"summary_large_image","twitter_creator":"@webdo_tn","twitter_site":"@webdo_tn","twitter_misc":{"\u00c9crit par":"MC","Dur\u00e9e de lecture estim\u00e9e":"1 minute"},"schema":{"@context":"https:\/\/schema.org","@graph":[{"@type":"NewsArticle","@id":"https:\/\/www.webdo.tn\/fr\/actualite\/regions\/inondations-a-nabeul-et-hammamet-des-blesses-et-des-degats-materiels\/215878\/#article","isPartOf":{"@id":"https:\/\/www.webdo.tn\/fr\/actualite\/regions\/inondations-a-nabeul-et-hammamet-des-blesses-et-des-degats-materiels\/215878\/"},"author":{"name":"MC","@id":"https:\/\/www.webdo.tn\/fr\/#\/schema\/person\/2c4929cbf5a809e3bd38617c6ce150f6"},"headline":"Inondations \u00e0 Nabeul et Hammamet : Des bless\u00e9s et des d\u00e9g\u00e2ts mat\u00e9riels","datePublished":"2024-08-18T12:48:00+00:00","dateModified":"2025-05-20T22:13:52+00:00","mainEntityOfPage":{"@id":"https:\/\/www.webdo.tn\/fr\/actualite\/regions\/inondations-a-nabeul-et-hammamet-des-blesses-et-des-degats-materiels\/215878\/"},"wordCount":140,"commentCount":0,"publisher":{"@id":"https:\/\/www.webdo.tn\/fr\/#organization"},"image":{"@id":"https:\/\/www.webdo.tn\/fr\/actualite\/regions\/inondations-a-nabeul-et-hammamet-des-blesses-et-des-degats-materiels\/215878\/#primaryimage"},"thumbnailUrl":"https:\/\/www.webdo.tn\/fr\/wp-content\/uploads\/2024\/08\/19e93dc188dfff18c4c6b7157e13bea1.webp","keywords":["bless\u00e9s","d\u00e9g\u00e2ts","hammamet","Inondations","Nabeul","pluies"],"articleSection":["regions"],"inLanguage":"fr-FR"},{"@type":"WebPage","@id":"https:\/\/www.webdo.tn\/fr\/actualite\/regions\/inondations-a-nabeul-et-hammamet-des-blesses-et-des-degats-materiels\/215878\/","url":"https:\/\/www.webdo.tn\/fr\/actualite\/regions\/inondations-a-nabeul-et-hammamet-des-blesses-et-des-degats-materiels\/215878\/","name":"Inondations \u00e0 Nabeul et Hammamet : Des bless\u00e9s et des d\u00e9g\u00e2ts mat\u00e9riels","isPartOf":{"@id":"https:\/\/www.webdo.tn\/fr\/#website"},"primaryImageOfPage":{"@id":"https:\/\/www.webdo.tn\/fr\/actualite\/regions\/inondations-a-nabeul-et-hammamet-des-blesses-et-des-degats-materiels\/215878\/#primaryimage"},"image":{"@id":"https:\/\/www.webdo.tn\/fr\/actualite\/regions\/inondations-a-nabeul-et-hammamet-des-blesses-et-des-degats-materiels\/215878\/#primaryimage"},"thumbnailUrl":"https:\/\/www.webdo.tn\/fr\/wp-content\/uploads\/2024\/08\/19e93dc188dfff18c4c6b7157e13bea1.webp","datePublished":"2024-08-18T12:48:00+00:00","dateModified":"2025-05-20T22:13:52+00:00","description":"Nabeul et Hammamet ont connu, ce samedi 17 ao\u00fbt 2024 de fortes pluies accompagn\u00e9es d\u2019orages et de vents intenses pendant quelques minutes, entra\u00eenant des inonda...","breadcrumb":{"@id":"https:\/\/www.webdo.tn\/fr\/actualite\/regions\/inondations-a-nabeul-et-hammamet-des-blesses-et-des-degats-materiels\/215878\/#breadcrumb"},"inLanguage":"fr-FR","potentialAction":[{"@type":"ReadAction","target":["https:\/\/www.webdo.tn\/fr\/actualite\/regions\/inondations-a-nabeul-et-hammamet-des-blesses-et-des-degats-materiels\/215878\/"]}]},{"@type":"ImageObject","inLanguage":"fr-FR","@id":"https:\/\/www.webdo.tn\/fr\/actualite\/regions\/inondations-a-nabeul-et-hammamet-des-blesses-et-des-degats-materiels\/215878\/#primaryimage","url":"https:\/\/www.webdo.tn\/fr\/wp-content\/uploads\/2024\/08\/19e93dc188dfff18c4c6b7157e13bea1.webp","contentUrl":"https:\/\/www.webdo.tn\/fr\/wp-content\/uploads\/2024\/08\/19e93dc188dfff18c4c6b7157e13bea1.webp","width":750,"height":400,"caption":"Inondations \u00e0 Nabeul et Hammamet : Des bless\u00e9s et des d\u00e9g\u00e2ts mat\u00e9riels"},{"@type":"BreadcrumbList","@id":"https:\/\/www.webdo.tn\/fr\/actualite\/regions\/inondations-a-nabeul-et-hammamet-des-blesses-et-des-degats-materiels\/215878\/#breadcrumb","itemListElement":[{"@type":"ListItem","position":1,"name":"Accueil","item":"https:\/\/www.webdo.tn\/fr\/"},{"@type":"ListItem","position":2,"name":"Inondations \u00e0 Nabeul et Hammamet : Des bless\u00e9s et des d\u00e9g\u00e2ts mat\u00e9riels"}]},{"@type":"WebSite","@id":"https:\/\/www.webdo.tn\/fr\/#website","url":"https:\/\/www.webdo.tn\/fr\/","name":"webdo","description":"Tunisie - News en Tunisie et \u00e0 l&#039;international sur Webdo.tn","publisher":{"@id":"https:\/\/www.webdo.tn\/fr\/#organization"},"potentialAction":[{"@type":"SearchAction","target":{"@type":"EntryPoint","urlTemplate":"https:\/\/www.webdo.tn\/fr\/?s={search_term_string}"},"query-input":{"@type":"PropertyValueSpecification","valueRequired":true,"valueName":"search_term_string"}}],"inLanguage":"fr-FR"},{"@type":"Organization","@id":"https:\/\/www.webdo.tn\/fr\/#organization","name":"Webdo","alternateName":"Webdo.tn","url":"https:\/\/www.webdo.tn\/fr\/","logo":{"@type":"ImageObject","inLanguage":"fr-FR","@id":"https:\/\/www.webdo.tn\/fr\/#\/schema\/logo\/image\/","url":"https:\/\/www.webdo.tn\/fr\/wp-content\/uploads\/2025\/06\/Webdo-Tunisie_168377.jpg","contentUrl":"https:\/\/www.webdo.tn\/fr\/wp-content\/uploads\/2025\/06\/Webdo-Tunisie_168377.jpg","width":301,"height":301,"caption":"Webdo"},"image":{"@id":"https:\/\/www.webdo.tn\/fr\/#\/schema\/logo\/image\/"},"sameAs":["https:\/\/www.facebook.com\/webdotn","https:\/\/x.com\/webdo_tn"],"description":"Webdo est un m\u00e9dia num\u00e9rique tunisien fond\u00e9 en 2010, sp\u00e9cialis\u00e9 dans l\u2019actualit\u00e9 nationale et internationale, l\u2019\u00e9conomie, la soci\u00e9t\u00e9 et les analyses politiques. Le site s\u2019adresse \u00e0 un large public francophone et couvre l\u2019information tunisienne en temps r\u00e9el.","email":"redac@webdo.tn","legalName":"YNJ SARL","foundingDate":"2010-09-06","numberOfEmployees":{"@type":"QuantitativeValue","minValue":"11","maxValue":"50"}},{"@type":"Person","@id":"https:\/\/www.webdo.tn\/fr\/#\/schema\/person\/2c4929cbf5a809e3bd38617c6ce150f6","name":"MC","image":{"@type":"ImageObject","inLanguage":"fr-FR","@id":"https:\/\/secure.gravatar.com\/avatar\/a545bbb6f84efdd5553dbbc2895e3ca8f1d12c5215e00a041c9670b54aa9b18a?s=96&d=mm&r=g","url":"https:\/\/secure.gravatar.com\/avatar\/a545bbb6f84efdd5553dbbc2895e3ca8f1d12c5215e00a041c9670b54aa9b18a?s=96&d=mm&r=g","contentUrl":"https:\/\/secure.gravatar.com\/avatar\/a545bbb6f84efdd5553dbbc2895e3ca8f1d12c5215e00a041c9670b54aa9b18a?s=96&d=mm&r=g","caption":"MC"},"url":"https:\/\/www.webdo.tn\/fr\/actualite\/author\/mc\/"}]}},"_links":{"self":[{"href":"https:\/\/www.webdo.tn\/fr\/wp-json\/wp\/v2\/posts\/215878","targetHints":{"allow":["GET"]}}],"collection":[{"href":"https:\/\/www.webdo.tn\/fr\/wp-json\/wp\/v2\/posts"}],"about":[{"href":"https:\/\/www.webdo.tn\/fr\/wp-json\/wp\/v2\/types\/post"}],"author":[{"embeddable":true,"href":"https:\/\/www.webdo.tn\/fr\/wp-json\/wp\/v2\/users\/3162"}],"replies":[{"embeddable":true,"href":"https:\/\/www.webdo.tn\/fr\/wp-json\/wp\/v2\/comments?post=215878"}],"version-history":[{"count":0,"href":"https:\/\/www.webdo.tn\/fr\/wp-json\/wp\/v2\/posts\/215878\/revisions"}],"wp:featuredmedia":[{"embeddable":true,"href":"https:\/\/www.webdo.tn\/fr\/wp-json\/wp\/v2\/media\/290960"}],"wp:attachment":[{"href":"https:\/\/www.webdo.tn\/fr\/wp-json\/wp\/v2\/media?parent=215878"}],"wp:term":[{"taxonomy":"category","embeddable":true,"href":"https:\/\/www.webdo.tn\/fr\/wp-json\/wp\/v2\/categories?post=215878"},{"taxonomy":"post_tag","embeddable":true,"href":"https:\/\/www.webdo.tn\/fr\/wp-json\/wp\/v2\/tags?post=215878"}],"curies":[{"name":"wp","href":"https:\/\/api.w.org\/{rel}","templated":true}]}}