{"id":215867,"date":"2024-08-17T09:34:00","date_gmt":"2024-08-17T09:34:00","guid":{"rendered":"https:\/\/www.webdo.tn\/fr\/blog\/coupe-de-la-caf-le-st-s-impose-au-soudan-du-sud\/215867\/"},"modified":"2025-05-20T21:49:49","modified_gmt":"2025-05-20T21:49:49","slug":"coupe-de-la-caf-le-st-s-impose-au-soudan-du-sud","status":"publish","type":"post","link":"https:\/\/www.webdo.tn\/fr\/actualite\/sport\/coupe-de-la-caf-le-st-s-impose-au-soudan-du-sud\/215867\/","title":{"rendered":"Coupe de la CAF : Le ST s\u2019impose au Soudan du Sud"},"content":{"rendered":"<p>Belle entame du Stade Tunisien en Coupe de la Conf\u00e9d\u00e9ration qui est all\u00e9 s\u2019imposer au Soudan du Sud au match aller du premier tour.<\/p>\n<p>\t\t\t\t\t\t\t\t\tLe Stade Tunisien a bien entam\u00e9 son aventure en Coupe de la Conf\u00e9d\u00e9ration en allant s\u2019imposer au Soudan du Sud o\u00f9 il a battu Jamus FC Juba sur le score de 1-0.<\/p>\n<p>L&rsquo;unique but de la rencontre a \u00e9t\u00e9 inscrit par Ousmane Ouattara \u00e0 la 55\u2019.<\/p>\n<p>Le match retour aura lieu le samedi 24 ao\u00fbt au stade Hamadi Agrebi de Rades.<\/p>\n","protected":false},"excerpt":{"rendered":"<p>Belle entame du Stade Tunisien en Coupe de la Conf\u00e9d\u00e9ration qui est all\u00e9 s\u2019imposer au Soudan du Sud au match aller du premier tour.<\/p>\n","protected":false},"author":3162,"featured_media":246755,"comment_status":"open","ping_status":"closed","sticky":false,"template":"","format":"standard","meta":{"footnotes":""},"categories":[2593],"tags":[3135,4742,4600],"class_list":["post-215867","post","type-post","status-publish","format-standard","has-post-thumbnail","hentry","category-sport","tag-caf","tag-coupe-de-la-confederation","tag-stade-tunisien"],"yoast_head":"<!-- This site is optimized with the Yoast SEO Premium plugin v27.4 (Yoast SEO v27.5) - https:\/\/yoast.com\/product\/yoast-seo-premium-wordpress\/ -->\n<title>Coupe de la CAF : Le ST s\u2019impose au Soudan du Sud<\/title>\n<meta name=\"description\" content=\"Belle entame du Stade Tunisien en Coupe de la Conf\u00e9d\u00e9ration qui est all\u00e9 s\u2019imposer au Soudan du Sud au match aller du premier tour.\" \/>\n<link rel=\"canonical\" href=\"https:\/\/www.webdo.tn\/fr\/actualite\/sport\/coupe-de-la-caf-le-st-s-impose-au-soudan-du-sud\/215867\/\" \/>\n<meta property=\"og:locale\" content=\"fr_FR\" \/>\n<meta property=\"og:type\" content=\"article\" \/>\n<meta property=\"og:title\" content=\"Coupe de la CAF : Le ST s\u2019impose au Soudan du Sud\" \/>\n<meta property=\"og:description\" content=\"Belle entame du Stade Tunisien en Coupe de la Conf\u00e9d\u00e9ration qui est all\u00e9 s\u2019imposer au Soudan du Sud au match aller du premier tour.\" \/>\n<meta property=\"og:url\" content=\"https:\/\/www.webdo.tn\/fr\/actualite\/sport\/coupe-de-la-caf-le-st-s-impose-au-soudan-du-sud\/215867\/\" \/>\n<meta property=\"og:site_name\" content=\"webdo\" \/>\n<meta property=\"article:publisher\" content=\"https:\/\/www.facebook.com\/webdotn\" \/>\n<meta property=\"article:published_time\" content=\"2024-08-17T09:34:00+00:00\" \/>\n<meta property=\"article:modified_time\" content=\"2025-05-20T21:49:49+00:00\" \/>\n<meta property=\"og:image\" content=\"https:\/\/www.webdo.tn\/fr\/wp-content\/uploads\/2024\/08\/784059a9e50876f09f4ee44557ae0719.webp\" \/>\n\t<meta property=\"og:image:width\" content=\"750\" \/>\n\t<meta property=\"og:image:height\" content=\"400\" \/>\n\t<meta property=\"og:image:type\" content=\"image\/webp\" \/>\n<meta name=\"author\" content=\"MC\" \/>\n<meta name=\"twitter:card\" content=\"summary_large_image\" \/>\n<meta name=\"twitter:creator\" content=\"@webdo_tn\" \/>\n<meta name=\"twitter:site\" content=\"@webdo_tn\" \/>\n<meta name=\"twitter:label1\" content=\"\u00c9crit par\" \/>\n\t<meta name=\"twitter:data1\" content=\"MC\" \/>\n<script type=\"application\/ld+json\" class=\"yoast-schema-graph\">{\"@context\":\"https:\\\/\\\/schema.org\",\"@graph\":[{\"@type\":\"NewsArticle\",\"@id\":\"https:\\\/\\\/www.webdo.tn\\\/fr\\\/actualite\\\/sport\\\/coupe-de-la-caf-le-st-s-impose-au-soudan-du-sud\\\/215867\\\/#article\",\"isPartOf\":{\"@id\":\"https:\\\/\\\/www.webdo.tn\\\/fr\\\/actualite\\\/sport\\\/coupe-de-la-caf-le-st-s-impose-au-soudan-du-sud\\\/215867\\\/\"},\"author\":{\"name\":\"MC\",\"@id\":\"https:\\\/\\\/www.webdo.tn\\\/fr\\\/#\\\/schema\\\/person\\\/2c4929cbf5a809e3bd38617c6ce150f6\"},\"headline\":\"Coupe de la CAF : Le ST s\u2019impose au Soudan du Sud\",\"datePublished\":\"2024-08-17T09:34:00+00:00\",\"dateModified\":\"2025-05-20T21:49:49+00:00\",\"mainEntityOfPage\":{\"@id\":\"https:\\\/\\\/www.webdo.tn\\\/fr\\\/actualite\\\/sport\\\/coupe-de-la-caf-le-st-s-impose-au-soudan-du-sud\\\/215867\\\/\"},\"wordCount\":102,\"commentCount\":0,\"publisher\":{\"@id\":\"https:\\\/\\\/www.webdo.tn\\\/fr\\\/#organization\"},\"image\":{\"@id\":\"https:\\\/\\\/www.webdo.tn\\\/fr\\\/actualite\\\/sport\\\/coupe-de-la-caf-le-st-s-impose-au-soudan-du-sud\\\/215867\\\/#primaryimage\"},\"thumbnailUrl\":\"https:\\\/\\\/www.webdo.tn\\\/fr\\\/wp-content\\\/uploads\\\/2024\\\/08\\\/784059a9e50876f09f4ee44557ae0719.webp\",\"keywords\":[\"CAF\",\"coupe de la conf\u00e9d\u00e9ration\",\"stade tunisien\"],\"articleSection\":[\"Sport\"],\"inLanguage\":\"fr-FR\"},{\"@type\":\"WebPage\",\"@id\":\"https:\\\/\\\/www.webdo.tn\\\/fr\\\/actualite\\\/sport\\\/coupe-de-la-caf-le-st-s-impose-au-soudan-du-sud\\\/215867\\\/\",\"url\":\"https:\\\/\\\/www.webdo.tn\\\/fr\\\/actualite\\\/sport\\\/coupe-de-la-caf-le-st-s-impose-au-soudan-du-sud\\\/215867\\\/\",\"name\":\"Coupe de la CAF : Le ST s\u2019impose au Soudan du Sud\",\"isPartOf\":{\"@id\":\"https:\\\/\\\/www.webdo.tn\\\/fr\\\/#website\"},\"primaryImageOfPage\":{\"@id\":\"https:\\\/\\\/www.webdo.tn\\\/fr\\\/actualite\\\/sport\\\/coupe-de-la-caf-le-st-s-impose-au-soudan-du-sud\\\/215867\\\/#primaryimage\"},\"image\":{\"@id\":\"https:\\\/\\\/www.webdo.tn\\\/fr\\\/actualite\\\/sport\\\/coupe-de-la-caf-le-st-s-impose-au-soudan-du-sud\\\/215867\\\/#primaryimage\"},\"thumbnailUrl\":\"https:\\\/\\\/www.webdo.tn\\\/fr\\\/wp-content\\\/uploads\\\/2024\\\/08\\\/784059a9e50876f09f4ee44557ae0719.webp\",\"datePublished\":\"2024-08-17T09:34:00+00:00\",\"dateModified\":\"2025-05-20T21:49:49+00:00\",\"description\":\"Belle entame du Stade Tunisien en Coupe de la Conf\u00e9d\u00e9ration qui est all\u00e9 s\u2019imposer au Soudan du Sud au match aller du premier tour.\",\"breadcrumb\":{\"@id\":\"https:\\\/\\\/www.webdo.tn\\\/fr\\\/actualite\\\/sport\\\/coupe-de-la-caf-le-st-s-impose-au-soudan-du-sud\\\/215867\\\/#breadcrumb\"},\"inLanguage\":\"fr-FR\",\"potentialAction\":[{\"@type\":\"ReadAction\",\"target\":[\"https:\\\/\\\/www.webdo.tn\\\/fr\\\/actualite\\\/sport\\\/coupe-de-la-caf-le-st-s-impose-au-soudan-du-sud\\\/215867\\\/\"]}]},{\"@type\":\"ImageObject\",\"inLanguage\":\"fr-FR\",\"@id\":\"https:\\\/\\\/www.webdo.tn\\\/fr\\\/actualite\\\/sport\\\/coupe-de-la-caf-le-st-s-impose-au-soudan-du-sud\\\/215867\\\/#primaryimage\",\"url\":\"https:\\\/\\\/www.webdo.tn\\\/fr\\\/wp-content\\\/uploads\\\/2024\\\/08\\\/784059a9e50876f09f4ee44557ae0719.webp\",\"contentUrl\":\"https:\\\/\\\/www.webdo.tn\\\/fr\\\/wp-content\\\/uploads\\\/2024\\\/08\\\/784059a9e50876f09f4ee44557ae0719.webp\",\"width\":750,\"height\":400,\"caption\":\"Coupe de la CAF : Le ST s\u2019impose au Soudan du Sud\"},{\"@type\":\"BreadcrumbList\",\"@id\":\"https:\\\/\\\/www.webdo.tn\\\/fr\\\/actualite\\\/sport\\\/coupe-de-la-caf-le-st-s-impose-au-soudan-du-sud\\\/215867\\\/#breadcrumb\",\"itemListElement\":[{\"@type\":\"ListItem\",\"position\":1,\"name\":\"Accueil\",\"item\":\"https:\\\/\\\/www.webdo.tn\\\/fr\\\/\"},{\"@type\":\"ListItem\",\"position\":2,\"name\":\"Coupe de la CAF : Le ST s\u2019impose au Soudan du Sud\"}]},{\"@type\":\"WebSite\",\"@id\":\"https:\\\/\\\/www.webdo.tn\\\/fr\\\/#website\",\"url\":\"https:\\\/\\\/www.webdo.tn\\\/fr\\\/\",\"name\":\"webdo\",\"description\":\"Tunisie - News en Tunisie et \u00e0 l&#039;international sur Webdo.tn\",\"publisher\":{\"@id\":\"https:\\\/\\\/www.webdo.tn\\\/fr\\\/#organization\"},\"potentialAction\":[{\"@type\":\"SearchAction\",\"target\":{\"@type\":\"EntryPoint\",\"urlTemplate\":\"https:\\\/\\\/www.webdo.tn\\\/fr\\\/?s={search_term_string}\"},\"query-input\":{\"@type\":\"PropertyValueSpecification\",\"valueRequired\":true,\"valueName\":\"search_term_string\"}}],\"inLanguage\":\"fr-FR\"},{\"@type\":\"Organization\",\"@id\":\"https:\\\/\\\/www.webdo.tn\\\/fr\\\/#organization\",\"name\":\"Webdo\",\"alternateName\":\"Webdo.tn\",\"url\":\"https:\\\/\\\/www.webdo.tn\\\/fr\\\/\",\"logo\":{\"@type\":\"ImageObject\",\"inLanguage\":\"fr-FR\",\"@id\":\"https:\\\/\\\/www.webdo.tn\\\/fr\\\/#\\\/schema\\\/logo\\\/image\\\/\",\"url\":\"https:\\\/\\\/www.webdo.tn\\\/fr\\\/wp-content\\\/uploads\\\/2025\\\/06\\\/Webdo-Tunisie_168377.jpg\",\"contentUrl\":\"https:\\\/\\\/www.webdo.tn\\\/fr\\\/wp-content\\\/uploads\\\/2025\\\/06\\\/Webdo-Tunisie_168377.jpg\",\"width\":301,\"height\":301,\"caption\":\"Webdo\"},\"image\":{\"@id\":\"https:\\\/\\\/www.webdo.tn\\\/fr\\\/#\\\/schema\\\/logo\\\/image\\\/\"},\"sameAs\":[\"https:\\\/\\\/www.facebook.com\\\/webdotn\",\"https:\\\/\\\/x.com\\\/webdo_tn\"],\"description\":\"Webdo est un m\u00e9dia num\u00e9rique tunisien fond\u00e9 en 2010, sp\u00e9cialis\u00e9 dans l\u2019actualit\u00e9 nationale et internationale, l\u2019\u00e9conomie, la soci\u00e9t\u00e9 et les analyses politiques. Le site s\u2019adresse \u00e0 un large public francophone et couvre l\u2019information tunisienne en temps r\u00e9el.\",\"email\":\"redac@webdo.tn\",\"legalName\":\"YNJ SARL\",\"foundingDate\":\"2010-09-06\",\"numberOfEmployees\":{\"@type\":\"QuantitativeValue\",\"minValue\":\"11\",\"maxValue\":\"50\"}},{\"@type\":\"Person\",\"@id\":\"https:\\\/\\\/www.webdo.tn\\\/fr\\\/#\\\/schema\\\/person\\\/2c4929cbf5a809e3bd38617c6ce150f6\",\"name\":\"MC\",\"image\":{\"@type\":\"ImageObject\",\"inLanguage\":\"fr-FR\",\"@id\":\"https:\\\/\\\/secure.gravatar.com\\\/avatar\\\/a545bbb6f84efdd5553dbbc2895e3ca8f1d12c5215e00a041c9670b54aa9b18a?s=96&d=mm&r=g\",\"url\":\"https:\\\/\\\/secure.gravatar.com\\\/avatar\\\/a545bbb6f84efdd5553dbbc2895e3ca8f1d12c5215e00a041c9670b54aa9b18a?s=96&d=mm&r=g\",\"contentUrl\":\"https:\\\/\\\/secure.gravatar.com\\\/avatar\\\/a545bbb6f84efdd5553dbbc2895e3ca8f1d12c5215e00a041c9670b54aa9b18a?s=96&d=mm&r=g\",\"caption\":\"MC\"},\"url\":\"https:\\\/\\\/www.webdo.tn\\\/fr\\\/actualite\\\/author\\\/mc\\\/\"}]}<\/script>\n<!-- \/ Yoast SEO Premium plugin. -->","yoast_head_json":{"title":"Coupe de la CAF : Le ST s\u2019impose au Soudan du Sud","description":"Belle entame du Stade Tunisien en Coupe de la Conf\u00e9d\u00e9ration qui est all\u00e9 s\u2019imposer au Soudan du Sud au match aller du premier tour.","canonical":"https:\/\/www.webdo.tn\/fr\/actualite\/sport\/coupe-de-la-caf-le-st-s-impose-au-soudan-du-sud\/215867\/","og_locale":"fr_FR","og_type":"article","og_title":"Coupe de la CAF : Le ST s\u2019impose au Soudan du Sud","og_description":"Belle entame du Stade Tunisien en Coupe de la Conf\u00e9d\u00e9ration qui est all\u00e9 s\u2019imposer au Soudan du Sud au match aller du premier tour.","og_url":"https:\/\/www.webdo.tn\/fr\/actualite\/sport\/coupe-de-la-caf-le-st-s-impose-au-soudan-du-sud\/215867\/","og_site_name":"webdo","article_publisher":"https:\/\/www.facebook.com\/webdotn","article_published_time":"2024-08-17T09:34:00+00:00","article_modified_time":"2025-05-20T21:49:49+00:00","og_image":[{"width":750,"height":400,"url":"https:\/\/www.webdo.tn\/fr\/wp-content\/uploads\/2024\/08\/784059a9e50876f09f4ee44557ae0719.webp","type":"image\/webp"}],"author":"MC","twitter_card":"summary_large_image","twitter_creator":"@webdo_tn","twitter_site":"@webdo_tn","twitter_misc":{"\u00c9crit par":"MC"},"schema":{"@context":"https:\/\/schema.org","@graph":[{"@type":"NewsArticle","@id":"https:\/\/www.webdo.tn\/fr\/actualite\/sport\/coupe-de-la-caf-le-st-s-impose-au-soudan-du-sud\/215867\/#article","isPartOf":{"@id":"https:\/\/www.webdo.tn\/fr\/actualite\/sport\/coupe-de-la-caf-le-st-s-impose-au-soudan-du-sud\/215867\/"},"author":{"name":"MC","@id":"https:\/\/www.webdo.tn\/fr\/#\/schema\/person\/2c4929cbf5a809e3bd38617c6ce150f6"},"headline":"Coupe de la CAF : Le ST s\u2019impose au Soudan du Sud","datePublished":"2024-08-17T09:34:00+00:00","dateModified":"2025-05-20T21:49:49+00:00","mainEntityOfPage":{"@id":"https:\/\/www.webdo.tn\/fr\/actualite\/sport\/coupe-de-la-caf-le-st-s-impose-au-soudan-du-sud\/215867\/"},"wordCount":102,"commentCount":0,"publisher":{"@id":"https:\/\/www.webdo.tn\/fr\/#organization"},"image":{"@id":"https:\/\/www.webdo.tn\/fr\/actualite\/sport\/coupe-de-la-caf-le-st-s-impose-au-soudan-du-sud\/215867\/#primaryimage"},"thumbnailUrl":"https:\/\/www.webdo.tn\/fr\/wp-content\/uploads\/2024\/08\/784059a9e50876f09f4ee44557ae0719.webp","keywords":["CAF","coupe de la conf\u00e9d\u00e9ration","stade tunisien"],"articleSection":["Sport"],"inLanguage":"fr-FR"},{"@type":"WebPage","@id":"https:\/\/www.webdo.tn\/fr\/actualite\/sport\/coupe-de-la-caf-le-st-s-impose-au-soudan-du-sud\/215867\/","url":"https:\/\/www.webdo.tn\/fr\/actualite\/sport\/coupe-de-la-caf-le-st-s-impose-au-soudan-du-sud\/215867\/","name":"Coupe de la CAF : Le ST s\u2019impose au Soudan du Sud","isPartOf":{"@id":"https:\/\/www.webdo.tn\/fr\/#website"},"primaryImageOfPage":{"@id":"https:\/\/www.webdo.tn\/fr\/actualite\/sport\/coupe-de-la-caf-le-st-s-impose-au-soudan-du-sud\/215867\/#primaryimage"},"image":{"@id":"https:\/\/www.webdo.tn\/fr\/actualite\/sport\/coupe-de-la-caf-le-st-s-impose-au-soudan-du-sud\/215867\/#primaryimage"},"thumbnailUrl":"https:\/\/www.webdo.tn\/fr\/wp-content\/uploads\/2024\/08\/784059a9e50876f09f4ee44557ae0719.webp","datePublished":"2024-08-17T09:34:00+00:00","dateModified":"2025-05-20T21:49:49+00:00","description":"Belle entame du Stade Tunisien en Coupe de la Conf\u00e9d\u00e9ration qui est all\u00e9 s\u2019imposer au Soudan du Sud au match aller du premier tour.","breadcrumb":{"@id":"https:\/\/www.webdo.tn\/fr\/actualite\/sport\/coupe-de-la-caf-le-st-s-impose-au-soudan-du-sud\/215867\/#breadcrumb"},"inLanguage":"fr-FR","potentialAction":[{"@type":"ReadAction","target":["https:\/\/www.webdo.tn\/fr\/actualite\/sport\/coupe-de-la-caf-le-st-s-impose-au-soudan-du-sud\/215867\/"]}]},{"@type":"ImageObject","inLanguage":"fr-FR","@id":"https:\/\/www.webdo.tn\/fr\/actualite\/sport\/coupe-de-la-caf-le-st-s-impose-au-soudan-du-sud\/215867\/#primaryimage","url":"https:\/\/www.webdo.tn\/fr\/wp-content\/uploads\/2024\/08\/784059a9e50876f09f4ee44557ae0719.webp","contentUrl":"https:\/\/www.webdo.tn\/fr\/wp-content\/uploads\/2024\/08\/784059a9e50876f09f4ee44557ae0719.webp","width":750,"height":400,"caption":"Coupe de la CAF : Le ST s\u2019impose au Soudan du Sud"},{"@type":"BreadcrumbList","@id":"https:\/\/www.webdo.tn\/fr\/actualite\/sport\/coupe-de-la-caf-le-st-s-impose-au-soudan-du-sud\/215867\/#breadcrumb","itemListElement":[{"@type":"ListItem","position":1,"name":"Accueil","item":"https:\/\/www.webdo.tn\/fr\/"},{"@type":"ListItem","position":2,"name":"Coupe de la CAF : Le ST s\u2019impose au Soudan du Sud"}]},{"@type":"WebSite","@id":"https:\/\/www.webdo.tn\/fr\/#website","url":"https:\/\/www.webdo.tn\/fr\/","name":"webdo","description":"Tunisie - News en Tunisie et \u00e0 l&#039;international sur Webdo.tn","publisher":{"@id":"https:\/\/www.webdo.tn\/fr\/#organization"},"potentialAction":[{"@type":"SearchAction","target":{"@type":"EntryPoint","urlTemplate":"https:\/\/www.webdo.tn\/fr\/?s={search_term_string}"},"query-input":{"@type":"PropertyValueSpecification","valueRequired":true,"valueName":"search_term_string"}}],"inLanguage":"fr-FR"},{"@type":"Organization","@id":"https:\/\/www.webdo.tn\/fr\/#organization","name":"Webdo","alternateName":"Webdo.tn","url":"https:\/\/www.webdo.tn\/fr\/","logo":{"@type":"ImageObject","inLanguage":"fr-FR","@id":"https:\/\/www.webdo.tn\/fr\/#\/schema\/logo\/image\/","url":"https:\/\/www.webdo.tn\/fr\/wp-content\/uploads\/2025\/06\/Webdo-Tunisie_168377.jpg","contentUrl":"https:\/\/www.webdo.tn\/fr\/wp-content\/uploads\/2025\/06\/Webdo-Tunisie_168377.jpg","width":301,"height":301,"caption":"Webdo"},"image":{"@id":"https:\/\/www.webdo.tn\/fr\/#\/schema\/logo\/image\/"},"sameAs":["https:\/\/www.facebook.com\/webdotn","https:\/\/x.com\/webdo_tn"],"description":"Webdo est un m\u00e9dia num\u00e9rique tunisien fond\u00e9 en 2010, sp\u00e9cialis\u00e9 dans l\u2019actualit\u00e9 nationale et internationale, l\u2019\u00e9conomie, la soci\u00e9t\u00e9 et les analyses politiques. Le site s\u2019adresse \u00e0 un large public francophone et couvre l\u2019information tunisienne en temps r\u00e9el.","email":"redac@webdo.tn","legalName":"YNJ SARL","foundingDate":"2010-09-06","numberOfEmployees":{"@type":"QuantitativeValue","minValue":"11","maxValue":"50"}},{"@type":"Person","@id":"https:\/\/www.webdo.tn\/fr\/#\/schema\/person\/2c4929cbf5a809e3bd38617c6ce150f6","name":"MC","image":{"@type":"ImageObject","inLanguage":"fr-FR","@id":"https:\/\/secure.gravatar.com\/avatar\/a545bbb6f84efdd5553dbbc2895e3ca8f1d12c5215e00a041c9670b54aa9b18a?s=96&d=mm&r=g","url":"https:\/\/secure.gravatar.com\/avatar\/a545bbb6f84efdd5553dbbc2895e3ca8f1d12c5215e00a041c9670b54aa9b18a?s=96&d=mm&r=g","contentUrl":"https:\/\/secure.gravatar.com\/avatar\/a545bbb6f84efdd5553dbbc2895e3ca8f1d12c5215e00a041c9670b54aa9b18a?s=96&d=mm&r=g","caption":"MC"},"url":"https:\/\/www.webdo.tn\/fr\/actualite\/author\/mc\/"}]}},"_links":{"self":[{"href":"https:\/\/www.webdo.tn\/fr\/wp-json\/wp\/v2\/posts\/215867","targetHints":{"allow":["GET"]}}],"collection":[{"href":"https:\/\/www.webdo.tn\/fr\/wp-json\/wp\/v2\/posts"}],"about":[{"href":"https:\/\/www.webdo.tn\/fr\/wp-json\/wp\/v2\/types\/post"}],"author":[{"embeddable":true,"href":"https:\/\/www.webdo.tn\/fr\/wp-json\/wp\/v2\/users\/3162"}],"replies":[{"embeddable":true,"href":"https:\/\/www.webdo.tn\/fr\/wp-json\/wp\/v2\/comments?post=215867"}],"version-history":[{"count":0,"href":"https:\/\/www.webdo.tn\/fr\/wp-json\/wp\/v2\/posts\/215867\/revisions"}],"wp:featuredmedia":[{"embeddable":true,"href":"https:\/\/www.webdo.tn\/fr\/wp-json\/wp\/v2\/media\/246755"}],"wp:attachment":[{"href":"https:\/\/www.webdo.tn\/fr\/wp-json\/wp\/v2\/media?parent=215867"}],"wp:term":[{"taxonomy":"category","embeddable":true,"href":"https:\/\/www.webdo.tn\/fr\/wp-json\/wp\/v2\/categories?post=215867"},{"taxonomy":"post_tag","embeddable":true,"href":"https:\/\/www.webdo.tn\/fr\/wp-json\/wp\/v2\/tags?post=215867"}],"curies":[{"name":"wp","href":"https:\/\/api.w.org\/{rel}","templated":true}]}}