{"id":215862,"date":"2024-08-16T19:50:00","date_gmt":"2024-08-16T19:50:00","guid":{"rendered":"https:\/\/www.webdo.tn\/fr\/blog\/ariana-un-ingenieur-retraite-de-la-sonede-place-sous-mandat-de-depot\/215862\/"},"modified":"2025-05-21T09:04:14","modified_gmt":"2025-05-21T09:04:14","slug":"ariana-un-ingenieur-retraite-de-la-sonede-place-sous-mandat-de-depot","status":"publish","type":"post","link":"https:\/\/www.webdo.tn\/fr\/actualite\/national\/ariana-un-ingenieur-retraite-de-la-sonede-place-sous-mandat-de-depot\/215862\/","title":{"rendered":"Ariana : Un Ing\u00e9nieur retrait\u00e9 de la SONEDE plac\u00e9 sous mandat de d\u00e9p\u00f4t"},"content":{"rendered":"<p>Ce vendredi 16 ao\u00fbt 2024, un mandat de d\u00e9p\u00f4t a \u00e9t\u00e9 \u00e9mis par le juge d&rsquo;instruction du Tribunal de premi\u00e8re instance de l&rsquo;Ariana \u00e0 l&rsquo;encontre d&rsquo;un ing\u00e9nieur retrait\u00e9 de la Soci\u00e9t\u00e9 Nationale d\u2019Exploitation et de Distribution des Eaux (SONEDE).<\/p>\n<p>L\u2019ing\u00e9nieur est accus\u00e9 d&rsquo;avoir d\u00e9tourn\u00e9 l&rsquo;eau de la SONEDE vers son exploitation agricole \u00e0 Sidi Thabet dans le gouvernorat de l\u2019Ariana, o\u00f9 se trouvent 2 400 pieds de vigne.<\/p>\n<p>Les enqu\u00eates ont r\u00e9v\u00e9l\u00e9 que ce d\u00e9tournement, qui aurait dur\u00e9 plus de sept ans, a permis \u00e0 l\u2019ing\u00e9nieur de pr\u00e9lever environ 10 000 m\u00e8tres cubes d&rsquo;eau par mois. De plus, les modifications non autoris\u00e9es des canalisations ont entra\u00een\u00e9 des perturbations dans la distribution d&rsquo;eau dans les zones avoisinantes depuis plusieurs mois.<\/p>\n<p>L&rsquo;enqu\u00eate a \u00e9galement \u00e9tabli que le propri\u00e9taire de l\u2019exploitation agricole avait intentionnellement endommag\u00e9 les canalisations pour irriguer ses terres. Un employ\u00e9 de l\u2019exploitation a \u00e9t\u00e9 impliqu\u00e9 dans la destruction de ces infrastructures.<\/p>\n","protected":false},"excerpt":{"rendered":"<p>Un ing\u00e9nieur retrait\u00e9 de la SONEDE a \u00e9t\u00e9 plac\u00e9 sous mandat de d\u00e9p\u00f4t pour avoir d\u00e9tourn\u00e9 de l&rsquo;eau vers sa propri\u00e9t\u00e9 pendant plus de sept ans. Les modifications d&#8230;<\/p>\n","protected":false},"author":3166,"featured_media":246760,"comment_status":"open","ping_status":"closed","sticky":false,"template":"","format":"standard","meta":{"footnotes":""},"categories":[44],"tags":[2631,2886,2752,2608],"class_list":["post-215862","post","type-post","status-publish","format-standard","has-post-thumbnail","hentry","category-national","tag-eau","tag-mandat-de-depot","tag-sonede","tag-tunisie"],"yoast_head":"<!-- This site is optimized with the Yoast SEO Premium plugin v27.5 (Yoast SEO v27.5) - https:\/\/yoast.com\/product\/yoast-seo-premium-wordpress\/ -->\n<title>Ariana : Un Ing\u00e9nieur retrait\u00e9 de la SONEDE plac\u00e9 sous mandat de d\u00e9p\u00f4t<\/title>\n<meta name=\"description\" content=\"Un ing\u00e9nieur retrait\u00e9 de la SONEDE a \u00e9t\u00e9 plac\u00e9 sous mandat de d\u00e9p\u00f4t pour avoir d\u00e9tourn\u00e9 de l&#039;eau vers sa propri\u00e9t\u00e9 pendant plus de sept ans. Les modifications d...\" \/>\n<link rel=\"canonical\" href=\"https:\/\/www.webdo.tn\/fr\/actualite\/national\/ariana-un-ingenieur-retraite-de-la-sonede-place-sous-mandat-de-depot\/215862\/\" \/>\n<meta property=\"og:locale\" content=\"fr_FR\" \/>\n<meta property=\"og:type\" content=\"article\" \/>\n<meta property=\"og:title\" content=\"Ariana : Un Ing\u00e9nieur retrait\u00e9 de la SONEDE plac\u00e9 sous mandat de d\u00e9p\u00f4t\" \/>\n<meta property=\"og:description\" content=\"Un ing\u00e9nieur retrait\u00e9 de la SONEDE a \u00e9t\u00e9 plac\u00e9 sous mandat de d\u00e9p\u00f4t pour avoir d\u00e9tourn\u00e9 de l&#039;eau vers sa propri\u00e9t\u00e9 pendant plus de sept ans. Les modifications d...\" \/>\n<meta property=\"og:url\" content=\"https:\/\/www.webdo.tn\/fr\/actualite\/national\/ariana-un-ingenieur-retraite-de-la-sonede-place-sous-mandat-de-depot\/215862\/\" \/>\n<meta property=\"og:site_name\" content=\"webdo\" \/>\n<meta property=\"article:publisher\" content=\"https:\/\/www.facebook.com\/webdotn\" \/>\n<meta property=\"article:published_time\" content=\"2024-08-16T19:50:00+00:00\" \/>\n<meta property=\"article:modified_time\" content=\"2025-05-21T09:04:14+00:00\" \/>\n<meta property=\"og:image\" content=\"https:\/\/www.webdo.tn\/fr\/wp-content\/uploads\/2024\/08\/47dc9ce616feb5334bd01c3abd9b43fc.webp\" \/>\n\t<meta property=\"og:image:width\" content=\"750\" \/>\n\t<meta property=\"og:image:height\" content=\"400\" \/>\n\t<meta property=\"og:image:type\" content=\"image\/webp\" \/>\n<meta name=\"author\" content=\"AZ\" \/>\n<meta name=\"twitter:card\" content=\"summary_large_image\" \/>\n<meta name=\"twitter:creator\" content=\"@webdo_tn\" \/>\n<meta name=\"twitter:site\" content=\"@webdo_tn\" \/>\n<meta name=\"twitter:label1\" content=\"\u00c9crit par\" \/>\n\t<meta name=\"twitter:data1\" content=\"AZ\" \/>\n\t<meta name=\"twitter:label2\" content=\"Dur\u00e9e de lecture estim\u00e9e\" \/>\n\t<meta name=\"twitter:data2\" content=\"1 minute\" \/>\n<script type=\"application\/ld+json\" class=\"yoast-schema-graph\">{\"@context\":\"https:\\\/\\\/schema.org\",\"@graph\":[{\"@type\":\"NewsArticle\",\"@id\":\"https:\\\/\\\/www.webdo.tn\\\/fr\\\/actualite\\\/national\\\/ariana-un-ingenieur-retraite-de-la-sonede-place-sous-mandat-de-depot\\\/215862\\\/#article\",\"isPartOf\":{\"@id\":\"https:\\\/\\\/www.webdo.tn\\\/fr\\\/actualite\\\/national\\\/ariana-un-ingenieur-retraite-de-la-sonede-place-sous-mandat-de-depot\\\/215862\\\/\"},\"author\":{\"name\":\"AZ\",\"@id\":\"https:\\\/\\\/www.webdo.tn\\\/fr\\\/#\\\/schema\\\/person\\\/b8a41c04d93287d375510db360906b34\"},\"headline\":\"Ariana : Un Ing\u00e9nieur retrait\u00e9 de la SONEDE plac\u00e9 sous mandat de d\u00e9p\u00f4t\",\"datePublished\":\"2024-08-16T19:50:00+00:00\",\"dateModified\":\"2025-05-21T09:04:14+00:00\",\"mainEntityOfPage\":{\"@id\":\"https:\\\/\\\/www.webdo.tn\\\/fr\\\/actualite\\\/national\\\/ariana-un-ingenieur-retraite-de-la-sonede-place-sous-mandat-de-depot\\\/215862\\\/\"},\"wordCount\":191,\"commentCount\":0,\"publisher\":{\"@id\":\"https:\\\/\\\/www.webdo.tn\\\/fr\\\/#organization\"},\"image\":{\"@id\":\"https:\\\/\\\/www.webdo.tn\\\/fr\\\/actualite\\\/national\\\/ariana-un-ingenieur-retraite-de-la-sonede-place-sous-mandat-de-depot\\\/215862\\\/#primaryimage\"},\"thumbnailUrl\":\"https:\\\/\\\/www.webdo.tn\\\/fr\\\/wp-content\\\/uploads\\\/2024\\\/08\\\/47dc9ce616feb5334bd01c3abd9b43fc.webp\",\"keywords\":[\"eau\",\"mandat de d\u00e9p\u00f4t\",\"Sonede\",\"Tunisie\"],\"articleSection\":[\"National\"],\"inLanguage\":\"fr-FR\"},{\"@type\":\"WebPage\",\"@id\":\"https:\\\/\\\/www.webdo.tn\\\/fr\\\/actualite\\\/national\\\/ariana-un-ingenieur-retraite-de-la-sonede-place-sous-mandat-de-depot\\\/215862\\\/\",\"url\":\"https:\\\/\\\/www.webdo.tn\\\/fr\\\/actualite\\\/national\\\/ariana-un-ingenieur-retraite-de-la-sonede-place-sous-mandat-de-depot\\\/215862\\\/\",\"name\":\"Ariana : Un Ing\u00e9nieur retrait\u00e9 de la SONEDE plac\u00e9 sous mandat de d\u00e9p\u00f4t\",\"isPartOf\":{\"@id\":\"https:\\\/\\\/www.webdo.tn\\\/fr\\\/#website\"},\"primaryImageOfPage\":{\"@id\":\"https:\\\/\\\/www.webdo.tn\\\/fr\\\/actualite\\\/national\\\/ariana-un-ingenieur-retraite-de-la-sonede-place-sous-mandat-de-depot\\\/215862\\\/#primaryimage\"},\"image\":{\"@id\":\"https:\\\/\\\/www.webdo.tn\\\/fr\\\/actualite\\\/national\\\/ariana-un-ingenieur-retraite-de-la-sonede-place-sous-mandat-de-depot\\\/215862\\\/#primaryimage\"},\"thumbnailUrl\":\"https:\\\/\\\/www.webdo.tn\\\/fr\\\/wp-content\\\/uploads\\\/2024\\\/08\\\/47dc9ce616feb5334bd01c3abd9b43fc.webp\",\"datePublished\":\"2024-08-16T19:50:00+00:00\",\"dateModified\":\"2025-05-21T09:04:14+00:00\",\"description\":\"Un ing\u00e9nieur retrait\u00e9 de la SONEDE a \u00e9t\u00e9 plac\u00e9 sous mandat de d\u00e9p\u00f4t pour avoir d\u00e9tourn\u00e9 de l'eau vers sa propri\u00e9t\u00e9 pendant plus de sept ans. Les modifications d...\",\"breadcrumb\":{\"@id\":\"https:\\\/\\\/www.webdo.tn\\\/fr\\\/actualite\\\/national\\\/ariana-un-ingenieur-retraite-de-la-sonede-place-sous-mandat-de-depot\\\/215862\\\/#breadcrumb\"},\"inLanguage\":\"fr-FR\",\"potentialAction\":[{\"@type\":\"ReadAction\",\"target\":[\"https:\\\/\\\/www.webdo.tn\\\/fr\\\/actualite\\\/national\\\/ariana-un-ingenieur-retraite-de-la-sonede-place-sous-mandat-de-depot\\\/215862\\\/\"]}]},{\"@type\":\"ImageObject\",\"inLanguage\":\"fr-FR\",\"@id\":\"https:\\\/\\\/www.webdo.tn\\\/fr\\\/actualite\\\/national\\\/ariana-un-ingenieur-retraite-de-la-sonede-place-sous-mandat-de-depot\\\/215862\\\/#primaryimage\",\"url\":\"https:\\\/\\\/www.webdo.tn\\\/fr\\\/wp-content\\\/uploads\\\/2024\\\/08\\\/47dc9ce616feb5334bd01c3abd9b43fc.webp\",\"contentUrl\":\"https:\\\/\\\/www.webdo.tn\\\/fr\\\/wp-content\\\/uploads\\\/2024\\\/08\\\/47dc9ce616feb5334bd01c3abd9b43fc.webp\",\"width\":750,\"height\":400,\"caption\":\"Ariana : Un Ing\u00e9nieur retrait\u00e9 de la SONEDE plac\u00e9 sous mandat de d\u00e9p\u00f4t\"},{\"@type\":\"BreadcrumbList\",\"@id\":\"https:\\\/\\\/www.webdo.tn\\\/fr\\\/actualite\\\/national\\\/ariana-un-ingenieur-retraite-de-la-sonede-place-sous-mandat-de-depot\\\/215862\\\/#breadcrumb\",\"itemListElement\":[{\"@type\":\"ListItem\",\"position\":1,\"name\":\"Accueil\",\"item\":\"https:\\\/\\\/www.webdo.tn\\\/fr\\\/\"},{\"@type\":\"ListItem\",\"position\":2,\"name\":\"Ariana : Un Ing\u00e9nieur retrait\u00e9 de la SONEDE plac\u00e9 sous mandat de d\u00e9p\u00f4t\"}]},{\"@type\":\"WebSite\",\"@id\":\"https:\\\/\\\/www.webdo.tn\\\/fr\\\/#website\",\"url\":\"https:\\\/\\\/www.webdo.tn\\\/fr\\\/\",\"name\":\"webdo\",\"description\":\"Tunisie - News en Tunisie et \u00e0 l&#039;international sur Webdo.tn\",\"publisher\":{\"@id\":\"https:\\\/\\\/www.webdo.tn\\\/fr\\\/#organization\"},\"potentialAction\":[{\"@type\":\"SearchAction\",\"target\":{\"@type\":\"EntryPoint\",\"urlTemplate\":\"https:\\\/\\\/www.webdo.tn\\\/fr\\\/?s={search_term_string}\"},\"query-input\":{\"@type\":\"PropertyValueSpecification\",\"valueRequired\":true,\"valueName\":\"search_term_string\"}}],\"inLanguage\":\"fr-FR\"},{\"@type\":\"Organization\",\"@id\":\"https:\\\/\\\/www.webdo.tn\\\/fr\\\/#organization\",\"name\":\"Webdo\",\"alternateName\":\"Webdo.tn\",\"url\":\"https:\\\/\\\/www.webdo.tn\\\/fr\\\/\",\"logo\":{\"@type\":\"ImageObject\",\"inLanguage\":\"fr-FR\",\"@id\":\"https:\\\/\\\/www.webdo.tn\\\/fr\\\/#\\\/schema\\\/logo\\\/image\\\/\",\"url\":\"https:\\\/\\\/www.webdo.tn\\\/fr\\\/wp-content\\\/uploads\\\/2025\\\/06\\\/Webdo-Tunisie_168377.jpg\",\"contentUrl\":\"https:\\\/\\\/www.webdo.tn\\\/fr\\\/wp-content\\\/uploads\\\/2025\\\/06\\\/Webdo-Tunisie_168377.jpg\",\"width\":301,\"height\":301,\"caption\":\"Webdo\"},\"image\":{\"@id\":\"https:\\\/\\\/www.webdo.tn\\\/fr\\\/#\\\/schema\\\/logo\\\/image\\\/\"},\"sameAs\":[\"https:\\\/\\\/www.facebook.com\\\/webdotn\",\"https:\\\/\\\/x.com\\\/webdo_tn\"],\"description\":\"Webdo est un m\u00e9dia num\u00e9rique tunisien fond\u00e9 en 2010, sp\u00e9cialis\u00e9 dans l\u2019actualit\u00e9 nationale et internationale, l\u2019\u00e9conomie, la soci\u00e9t\u00e9 et les analyses politiques. Le site s\u2019adresse \u00e0 un large public francophone et couvre l\u2019information tunisienne en temps r\u00e9el.\",\"email\":\"redac@webdo.tn\",\"legalName\":\"YNJ SARL\",\"foundingDate\":\"2010-09-06\",\"numberOfEmployees\":{\"@type\":\"QuantitativeValue\",\"minValue\":\"11\",\"maxValue\":\"50\"}},{\"@type\":\"Person\",\"@id\":\"https:\\\/\\\/www.webdo.tn\\\/fr\\\/#\\\/schema\\\/person\\\/b8a41c04d93287d375510db360906b34\",\"name\":\"AZ\",\"image\":{\"@type\":\"ImageObject\",\"inLanguage\":\"fr-FR\",\"@id\":\"https:\\\/\\\/secure.gravatar.com\\\/avatar\\\/492b80bada79439de4201dce15cd41eece6c277cfdf1b53382073c79105c1f89?s=96&d=mm&r=g\",\"url\":\"https:\\\/\\\/secure.gravatar.com\\\/avatar\\\/492b80bada79439de4201dce15cd41eece6c277cfdf1b53382073c79105c1f89?s=96&d=mm&r=g\",\"contentUrl\":\"https:\\\/\\\/secure.gravatar.com\\\/avatar\\\/492b80bada79439de4201dce15cd41eece6c277cfdf1b53382073c79105c1f89?s=96&d=mm&r=g\",\"caption\":\"AZ\"},\"url\":\"https:\\\/\\\/www.webdo.tn\\\/fr\\\/actualite\\\/author\\\/az\\\/\"}]}<\/script>\n<!-- \/ Yoast SEO Premium plugin. -->","yoast_head_json":{"title":"Ariana : Un Ing\u00e9nieur retrait\u00e9 de la SONEDE plac\u00e9 sous mandat de d\u00e9p\u00f4t","description":"Un ing\u00e9nieur retrait\u00e9 de la SONEDE a \u00e9t\u00e9 plac\u00e9 sous mandat de d\u00e9p\u00f4t pour avoir d\u00e9tourn\u00e9 de l'eau vers sa propri\u00e9t\u00e9 pendant plus de sept ans. Les modifications d...","canonical":"https:\/\/www.webdo.tn\/fr\/actualite\/national\/ariana-un-ingenieur-retraite-de-la-sonede-place-sous-mandat-de-depot\/215862\/","og_locale":"fr_FR","og_type":"article","og_title":"Ariana : Un Ing\u00e9nieur retrait\u00e9 de la SONEDE plac\u00e9 sous mandat de d\u00e9p\u00f4t","og_description":"Un ing\u00e9nieur retrait\u00e9 de la SONEDE a \u00e9t\u00e9 plac\u00e9 sous mandat de d\u00e9p\u00f4t pour avoir d\u00e9tourn\u00e9 de l'eau vers sa propri\u00e9t\u00e9 pendant plus de sept ans. Les modifications d...","og_url":"https:\/\/www.webdo.tn\/fr\/actualite\/national\/ariana-un-ingenieur-retraite-de-la-sonede-place-sous-mandat-de-depot\/215862\/","og_site_name":"webdo","article_publisher":"https:\/\/www.facebook.com\/webdotn","article_published_time":"2024-08-16T19:50:00+00:00","article_modified_time":"2025-05-21T09:04:14+00:00","og_image":[{"width":750,"height":400,"url":"https:\/\/www.webdo.tn\/fr\/wp-content\/uploads\/2024\/08\/47dc9ce616feb5334bd01c3abd9b43fc.webp","type":"image\/webp"}],"author":"AZ","twitter_card":"summary_large_image","twitter_creator":"@webdo_tn","twitter_site":"@webdo_tn","twitter_misc":{"\u00c9crit par":"AZ","Dur\u00e9e de lecture estim\u00e9e":"1 minute"},"schema":{"@context":"https:\/\/schema.org","@graph":[{"@type":"NewsArticle","@id":"https:\/\/www.webdo.tn\/fr\/actualite\/national\/ariana-un-ingenieur-retraite-de-la-sonede-place-sous-mandat-de-depot\/215862\/#article","isPartOf":{"@id":"https:\/\/www.webdo.tn\/fr\/actualite\/national\/ariana-un-ingenieur-retraite-de-la-sonede-place-sous-mandat-de-depot\/215862\/"},"author":{"name":"AZ","@id":"https:\/\/www.webdo.tn\/fr\/#\/schema\/person\/b8a41c04d93287d375510db360906b34"},"headline":"Ariana : Un Ing\u00e9nieur retrait\u00e9 de la SONEDE plac\u00e9 sous mandat de d\u00e9p\u00f4t","datePublished":"2024-08-16T19:50:00+00:00","dateModified":"2025-05-21T09:04:14+00:00","mainEntityOfPage":{"@id":"https:\/\/www.webdo.tn\/fr\/actualite\/national\/ariana-un-ingenieur-retraite-de-la-sonede-place-sous-mandat-de-depot\/215862\/"},"wordCount":191,"commentCount":0,"publisher":{"@id":"https:\/\/www.webdo.tn\/fr\/#organization"},"image":{"@id":"https:\/\/www.webdo.tn\/fr\/actualite\/national\/ariana-un-ingenieur-retraite-de-la-sonede-place-sous-mandat-de-depot\/215862\/#primaryimage"},"thumbnailUrl":"https:\/\/www.webdo.tn\/fr\/wp-content\/uploads\/2024\/08\/47dc9ce616feb5334bd01c3abd9b43fc.webp","keywords":["eau","mandat de d\u00e9p\u00f4t","Sonede","Tunisie"],"articleSection":["National"],"inLanguage":"fr-FR"},{"@type":"WebPage","@id":"https:\/\/www.webdo.tn\/fr\/actualite\/national\/ariana-un-ingenieur-retraite-de-la-sonede-place-sous-mandat-de-depot\/215862\/","url":"https:\/\/www.webdo.tn\/fr\/actualite\/national\/ariana-un-ingenieur-retraite-de-la-sonede-place-sous-mandat-de-depot\/215862\/","name":"Ariana : Un Ing\u00e9nieur retrait\u00e9 de la SONEDE plac\u00e9 sous mandat de d\u00e9p\u00f4t","isPartOf":{"@id":"https:\/\/www.webdo.tn\/fr\/#website"},"primaryImageOfPage":{"@id":"https:\/\/www.webdo.tn\/fr\/actualite\/national\/ariana-un-ingenieur-retraite-de-la-sonede-place-sous-mandat-de-depot\/215862\/#primaryimage"},"image":{"@id":"https:\/\/www.webdo.tn\/fr\/actualite\/national\/ariana-un-ingenieur-retraite-de-la-sonede-place-sous-mandat-de-depot\/215862\/#primaryimage"},"thumbnailUrl":"https:\/\/www.webdo.tn\/fr\/wp-content\/uploads\/2024\/08\/47dc9ce616feb5334bd01c3abd9b43fc.webp","datePublished":"2024-08-16T19:50:00+00:00","dateModified":"2025-05-21T09:04:14+00:00","description":"Un ing\u00e9nieur retrait\u00e9 de la SONEDE a \u00e9t\u00e9 plac\u00e9 sous mandat de d\u00e9p\u00f4t pour avoir d\u00e9tourn\u00e9 de l'eau vers sa propri\u00e9t\u00e9 pendant plus de sept ans. Les modifications d...","breadcrumb":{"@id":"https:\/\/www.webdo.tn\/fr\/actualite\/national\/ariana-un-ingenieur-retraite-de-la-sonede-place-sous-mandat-de-depot\/215862\/#breadcrumb"},"inLanguage":"fr-FR","potentialAction":[{"@type":"ReadAction","target":["https:\/\/www.webdo.tn\/fr\/actualite\/national\/ariana-un-ingenieur-retraite-de-la-sonede-place-sous-mandat-de-depot\/215862\/"]}]},{"@type":"ImageObject","inLanguage":"fr-FR","@id":"https:\/\/www.webdo.tn\/fr\/actualite\/national\/ariana-un-ingenieur-retraite-de-la-sonede-place-sous-mandat-de-depot\/215862\/#primaryimage","url":"https:\/\/www.webdo.tn\/fr\/wp-content\/uploads\/2024\/08\/47dc9ce616feb5334bd01c3abd9b43fc.webp","contentUrl":"https:\/\/www.webdo.tn\/fr\/wp-content\/uploads\/2024\/08\/47dc9ce616feb5334bd01c3abd9b43fc.webp","width":750,"height":400,"caption":"Ariana : Un Ing\u00e9nieur retrait\u00e9 de la SONEDE plac\u00e9 sous mandat de d\u00e9p\u00f4t"},{"@type":"BreadcrumbList","@id":"https:\/\/www.webdo.tn\/fr\/actualite\/national\/ariana-un-ingenieur-retraite-de-la-sonede-place-sous-mandat-de-depot\/215862\/#breadcrumb","itemListElement":[{"@type":"ListItem","position":1,"name":"Accueil","item":"https:\/\/www.webdo.tn\/fr\/"},{"@type":"ListItem","position":2,"name":"Ariana : Un Ing\u00e9nieur retrait\u00e9 de la SONEDE plac\u00e9 sous mandat de d\u00e9p\u00f4t"}]},{"@type":"WebSite","@id":"https:\/\/www.webdo.tn\/fr\/#website","url":"https:\/\/www.webdo.tn\/fr\/","name":"webdo","description":"Tunisie - News en Tunisie et \u00e0 l&#039;international sur Webdo.tn","publisher":{"@id":"https:\/\/www.webdo.tn\/fr\/#organization"},"potentialAction":[{"@type":"SearchAction","target":{"@type":"EntryPoint","urlTemplate":"https:\/\/www.webdo.tn\/fr\/?s={search_term_string}"},"query-input":{"@type":"PropertyValueSpecification","valueRequired":true,"valueName":"search_term_string"}}],"inLanguage":"fr-FR"},{"@type":"Organization","@id":"https:\/\/www.webdo.tn\/fr\/#organization","name":"Webdo","alternateName":"Webdo.tn","url":"https:\/\/www.webdo.tn\/fr\/","logo":{"@type":"ImageObject","inLanguage":"fr-FR","@id":"https:\/\/www.webdo.tn\/fr\/#\/schema\/logo\/image\/","url":"https:\/\/www.webdo.tn\/fr\/wp-content\/uploads\/2025\/06\/Webdo-Tunisie_168377.jpg","contentUrl":"https:\/\/www.webdo.tn\/fr\/wp-content\/uploads\/2025\/06\/Webdo-Tunisie_168377.jpg","width":301,"height":301,"caption":"Webdo"},"image":{"@id":"https:\/\/www.webdo.tn\/fr\/#\/schema\/logo\/image\/"},"sameAs":["https:\/\/www.facebook.com\/webdotn","https:\/\/x.com\/webdo_tn"],"description":"Webdo est un m\u00e9dia num\u00e9rique tunisien fond\u00e9 en 2010, sp\u00e9cialis\u00e9 dans l\u2019actualit\u00e9 nationale et internationale, l\u2019\u00e9conomie, la soci\u00e9t\u00e9 et les analyses politiques. Le site s\u2019adresse \u00e0 un large public francophone et couvre l\u2019information tunisienne en temps r\u00e9el.","email":"redac@webdo.tn","legalName":"YNJ SARL","foundingDate":"2010-09-06","numberOfEmployees":{"@type":"QuantitativeValue","minValue":"11","maxValue":"50"}},{"@type":"Person","@id":"https:\/\/www.webdo.tn\/fr\/#\/schema\/person\/b8a41c04d93287d375510db360906b34","name":"AZ","image":{"@type":"ImageObject","inLanguage":"fr-FR","@id":"https:\/\/secure.gravatar.com\/avatar\/492b80bada79439de4201dce15cd41eece6c277cfdf1b53382073c79105c1f89?s=96&d=mm&r=g","url":"https:\/\/secure.gravatar.com\/avatar\/492b80bada79439de4201dce15cd41eece6c277cfdf1b53382073c79105c1f89?s=96&d=mm&r=g","contentUrl":"https:\/\/secure.gravatar.com\/avatar\/492b80bada79439de4201dce15cd41eece6c277cfdf1b53382073c79105c1f89?s=96&d=mm&r=g","caption":"AZ"},"url":"https:\/\/www.webdo.tn\/fr\/actualite\/author\/az\/"}]}},"_links":{"self":[{"href":"https:\/\/www.webdo.tn\/fr\/wp-json\/wp\/v2\/posts\/215862","targetHints":{"allow":["GET"]}}],"collection":[{"href":"https:\/\/www.webdo.tn\/fr\/wp-json\/wp\/v2\/posts"}],"about":[{"href":"https:\/\/www.webdo.tn\/fr\/wp-json\/wp\/v2\/types\/post"}],"author":[{"embeddable":true,"href":"https:\/\/www.webdo.tn\/fr\/wp-json\/wp\/v2\/users\/3166"}],"replies":[{"embeddable":true,"href":"https:\/\/www.webdo.tn\/fr\/wp-json\/wp\/v2\/comments?post=215862"}],"version-history":[{"count":0,"href":"https:\/\/www.webdo.tn\/fr\/wp-json\/wp\/v2\/posts\/215862\/revisions"}],"wp:featuredmedia":[{"embeddable":true,"href":"https:\/\/www.webdo.tn\/fr\/wp-json\/wp\/v2\/media\/246760"}],"wp:attachment":[{"href":"https:\/\/www.webdo.tn\/fr\/wp-json\/wp\/v2\/media?parent=215862"}],"wp:term":[{"taxonomy":"category","embeddable":true,"href":"https:\/\/www.webdo.tn\/fr\/wp-json\/wp\/v2\/categories?post=215862"},{"taxonomy":"post_tag","embeddable":true,"href":"https:\/\/www.webdo.tn\/fr\/wp-json\/wp\/v2\/tags?post=215862"}],"curies":[{"name":"wp","href":"https:\/\/api.w.org\/{rel}","templated":true}]}}