{"id":215841,"date":"2024-08-15T18:48:00","date_gmt":"2024-08-15T18:48:00","guid":{"rendered":"https:\/\/www.webdo.tn\/fr\/blog\/tunisie-du-nouveau-dans-le-projet-de-la-cite-medicale-des-aghlabides\/215841\/"},"modified":"2025-05-20T22:54:42","modified_gmt":"2025-05-20T22:54:42","slug":"tunisie-du-nouveau-dans-le-projet-de-la-cite-medicale-des-aghlabides","status":"publish","type":"post","link":"https:\/\/www.webdo.tn\/fr\/actualite\/national\/tunisie-du-nouveau-dans-le-projet-de-la-cite-medicale-des-aghlabides\/215841\/","title":{"rendered":"Tunisie : Du nouveau dans le projet de la cit\u00e9 m\u00e9dicale des Aghlabides ?"},"content":{"rendered":"<p>Le pr\u00e9sident de la R\u00e9publique, Kais Sa\u00efed, a re\u00e7u aujourd&rsquo;hui, jeudi 15 ao\u00fbt 2024, au Palais de Carthage, Sarra Za\u00e2frani Zenzeri, ministre de l&rsquo;\u00c9quipement et de l&rsquo;Habitat, \u00e9galement charg\u00e9e d&rsquo;assurer l&rsquo;int\u00e9rim au minist\u00e8re des Transports.<\/p>\n<p>Lors de cette rencontre, le Chef de l&rsquo;\u00c9tat a r\u00e9it\u00e9r\u00e9 son appel \u00e0 trouver des solutions urgentes pour le secteur des transports afin de r\u00e9duire, au moins dans un premier temps, selon son propos, la souffrance des citoyens et des citoyennes dans leurs d\u00e9placements \u00e0 l&rsquo;int\u00e9rieur et entre les villes.\u00a0<\/p>\n<p>Il a \u00e9galement soulign\u00e9 l&rsquo;importance de reconstruire ce service public, qui a \u00e9t\u00e9 d\u00e9grad\u00e9 ne laissant qu&rsquo;un nombre limit\u00e9 de bus, de trains, et de rames de m\u00e9tro, insuffisants pour r\u00e9pondre aux besoins minimaux.<\/p>\n<p>Par ailleurs, le pr\u00e9sident de la R\u00e9publique a pass\u00e9 en revue les grandes lignes du texte relatif \u00e0 la cr\u00e9ation de la cit\u00e9 m\u00e9dicale des Aghlabides \u00e0 Kairouan.\u00a0<\/p>\n<p>Il a insist\u00e9 sur la n\u00e9cessit\u00e9 de surmonter tous les obstacles, en particulier en mati\u00e8re d&rsquo;infrastructures, afin de lancer ce grand projet qui aura des effets positifs, non seulement sur le secteur de la sant\u00e9, mais aussi sur de nombreux autres secteurs.<\/p>\n<p>Autant rappeler que ce projet auquel tient le pr\u00e9sident de la R\u00e9publique tant traine toujours. En juillet 2020, la pr\u00e9sidence de la R\u00e9publique avait annonc\u00e9 le passage \u00e0 la phase II de la r\u00e9alisation du projet en question.<\/p>\n<p>Cette deuxi\u00e8me phase consiste au passage \u00e0 la r\u00e9alisation concr\u00e8te du projet apr\u00e8s l&rsquo;\u00e9laboration de sa conception.\u00a0<\/p>\n<p>Baptis\u00e9 \u00ab\u00a0Cit\u00e9 m\u00e9dicale des Aghlabides\u00a0\u00bb, ce projet comportera selon les donn\u00e9es annonc\u00e9es par la pr\u00e9sidence un grand h\u00f4pital qui assure les diff\u00e9rentes sp\u00e9cialit\u00e9s m\u00e9dicales, un pole des maladies psychiatriques, des espaces universitaires, une unit\u00e9 industrielle, une unit\u00e9 d&rsquo;\u00e9nergie renouvelable, une universit\u00e9, des foyers universitaires, une cit\u00e9 r\u00e9sidentielle, des espaces de loisir&#8230; B\u00e2ti sur 500 hectares, ce projet une fois pr\u00eat, contribuera \u00e0 la cr\u00e9ation de 50 mille emplois directs, a-t-on \u00e9galement annonc\u00e9.<\/p>\n","protected":false},"excerpt":{"rendered":"<p>Lors de cette rencontre, le Chef de l&rsquo;\u00c9tat a r\u00e9it\u00e9r\u00e9 son appel \u00e0 trouver des solutions urgentes pour le secteur des transports afin de r\u00e9duire, au moins dans un&#8230;<\/p>\n","protected":false},"author":3175,"featured_media":290956,"comment_status":"open","ping_status":"closed","sticky":false,"template":"","format":"standard","meta":{"footnotes":""},"categories":[44],"tags":[3912,3090,2614,2608],"class_list":["post-215841","post","type-post","status-publish","format-standard","has-post-thumbnail","hentry","category-national","tag-cite-medicale","tag-kairouan","tag-kais-saied","tag-tunisie"],"yoast_head":"<!-- This site is optimized with the Yoast SEO Premium plugin v27.5 (Yoast SEO v27.5) - https:\/\/yoast.com\/product\/yoast-seo-premium-wordpress\/ -->\n<title>Tunisie : Du nouveau dans le projet de la cit\u00e9 m\u00e9dicale des Aghlabides ?<\/title>\n<meta name=\"description\" content=\"Lors de cette rencontre, le Chef de l&#039;\u00c9tat a r\u00e9it\u00e9r\u00e9 son appel \u00e0 trouver des solutions urgentes pour le secteur des transports afin de r\u00e9duire, au moins dans un...\" \/>\n<link rel=\"canonical\" href=\"https:\/\/www.webdo.tn\/fr\/actualite\/national\/tunisie-du-nouveau-dans-le-projet-de-la-cite-medicale-des-aghlabides\/215841\/\" \/>\n<meta property=\"og:locale\" content=\"fr_FR\" \/>\n<meta property=\"og:type\" content=\"article\" \/>\n<meta property=\"og:title\" content=\"Tunisie : Du nouveau dans le projet de la cit\u00e9 m\u00e9dicale des Aghlabides ?\" \/>\n<meta property=\"og:description\" content=\"Lors de cette rencontre, le Chef de l&#039;\u00c9tat a r\u00e9it\u00e9r\u00e9 son appel \u00e0 trouver des solutions urgentes pour le secteur des transports afin de r\u00e9duire, au moins dans un...\" \/>\n<meta property=\"og:url\" content=\"https:\/\/www.webdo.tn\/fr\/actualite\/national\/tunisie-du-nouveau-dans-le-projet-de-la-cite-medicale-des-aghlabides\/215841\/\" \/>\n<meta property=\"og:site_name\" content=\"webdo\" \/>\n<meta property=\"article:publisher\" content=\"https:\/\/www.facebook.com\/webdotn\" \/>\n<meta property=\"article:published_time\" content=\"2024-08-15T18:48:00+00:00\" \/>\n<meta property=\"article:modified_time\" content=\"2025-05-20T22:54:42+00:00\" \/>\n<meta property=\"og:image\" content=\"https:\/\/www.webdo.tn\/fr\/wp-content\/uploads\/2024\/08\/c676d17ce2964182a8edf2093ff4a8a1.webp\" \/>\n\t<meta property=\"og:image:width\" content=\"750\" \/>\n\t<meta property=\"og:image:height\" content=\"400\" \/>\n\t<meta property=\"og:image:type\" content=\"image\/webp\" \/>\n<meta name=\"author\" content=\"CL\" \/>\n<meta name=\"twitter:card\" content=\"summary_large_image\" \/>\n<meta name=\"twitter:creator\" content=\"@webdo_tn\" \/>\n<meta name=\"twitter:site\" content=\"@webdo_tn\" \/>\n<meta name=\"twitter:label1\" content=\"\u00c9crit par\" \/>\n\t<meta name=\"twitter:data1\" content=\"CL\" \/>\n\t<meta name=\"twitter:label2\" content=\"Dur\u00e9e de lecture estim\u00e9e\" \/>\n\t<meta name=\"twitter:data2\" content=\"2 minutes\" \/>\n<script type=\"application\/ld+json\" class=\"yoast-schema-graph\">{\"@context\":\"https:\\\/\\\/schema.org\",\"@graph\":[{\"@type\":\"NewsArticle\",\"@id\":\"https:\\\/\\\/www.webdo.tn\\\/fr\\\/actualite\\\/national\\\/tunisie-du-nouveau-dans-le-projet-de-la-cite-medicale-des-aghlabides\\\/215841\\\/#article\",\"isPartOf\":{\"@id\":\"https:\\\/\\\/www.webdo.tn\\\/fr\\\/actualite\\\/national\\\/tunisie-du-nouveau-dans-le-projet-de-la-cite-medicale-des-aghlabides\\\/215841\\\/\"},\"author\":{\"name\":\"CL\",\"@id\":\"https:\\\/\\\/www.webdo.tn\\\/fr\\\/#\\\/schema\\\/person\\\/f35b42a42c5e2511bbd282959d6385cc\"},\"headline\":\"Tunisie : Du nouveau dans le projet de la cit\u00e9 m\u00e9dicale des Aghlabides ?\",\"datePublished\":\"2024-08-15T18:48:00+00:00\",\"dateModified\":\"2025-05-20T22:54:42+00:00\",\"mainEntityOfPage\":{\"@id\":\"https:\\\/\\\/www.webdo.tn\\\/fr\\\/actualite\\\/national\\\/tunisie-du-nouveau-dans-le-projet-de-la-cite-medicale-des-aghlabides\\\/215841\\\/\"},\"wordCount\":374,\"commentCount\":0,\"publisher\":{\"@id\":\"https:\\\/\\\/www.webdo.tn\\\/fr\\\/#organization\"},\"image\":{\"@id\":\"https:\\\/\\\/www.webdo.tn\\\/fr\\\/actualite\\\/national\\\/tunisie-du-nouveau-dans-le-projet-de-la-cite-medicale-des-aghlabides\\\/215841\\\/#primaryimage\"},\"thumbnailUrl\":\"https:\\\/\\\/www.webdo.tn\\\/fr\\\/wp-content\\\/uploads\\\/2024\\\/08\\\/c676d17ce2964182a8edf2093ff4a8a1.webp\",\"keywords\":[\"Cit\u00e9 m\u00e9dicale\",\"Kairouan\",\"Kais Saied\",\"Tunisie\"],\"articleSection\":[\"National\"],\"inLanguage\":\"fr-FR\"},{\"@type\":\"WebPage\",\"@id\":\"https:\\\/\\\/www.webdo.tn\\\/fr\\\/actualite\\\/national\\\/tunisie-du-nouveau-dans-le-projet-de-la-cite-medicale-des-aghlabides\\\/215841\\\/\",\"url\":\"https:\\\/\\\/www.webdo.tn\\\/fr\\\/actualite\\\/national\\\/tunisie-du-nouveau-dans-le-projet-de-la-cite-medicale-des-aghlabides\\\/215841\\\/\",\"name\":\"Tunisie : Du nouveau dans le projet de la cit\u00e9 m\u00e9dicale des Aghlabides ?\",\"isPartOf\":{\"@id\":\"https:\\\/\\\/www.webdo.tn\\\/fr\\\/#website\"},\"primaryImageOfPage\":{\"@id\":\"https:\\\/\\\/www.webdo.tn\\\/fr\\\/actualite\\\/national\\\/tunisie-du-nouveau-dans-le-projet-de-la-cite-medicale-des-aghlabides\\\/215841\\\/#primaryimage\"},\"image\":{\"@id\":\"https:\\\/\\\/www.webdo.tn\\\/fr\\\/actualite\\\/national\\\/tunisie-du-nouveau-dans-le-projet-de-la-cite-medicale-des-aghlabides\\\/215841\\\/#primaryimage\"},\"thumbnailUrl\":\"https:\\\/\\\/www.webdo.tn\\\/fr\\\/wp-content\\\/uploads\\\/2024\\\/08\\\/c676d17ce2964182a8edf2093ff4a8a1.webp\",\"datePublished\":\"2024-08-15T18:48:00+00:00\",\"dateModified\":\"2025-05-20T22:54:42+00:00\",\"description\":\"Lors de cette rencontre, le Chef de l'\u00c9tat a r\u00e9it\u00e9r\u00e9 son appel \u00e0 trouver des solutions urgentes pour le secteur des transports afin de r\u00e9duire, au moins dans un...\",\"breadcrumb\":{\"@id\":\"https:\\\/\\\/www.webdo.tn\\\/fr\\\/actualite\\\/national\\\/tunisie-du-nouveau-dans-le-projet-de-la-cite-medicale-des-aghlabides\\\/215841\\\/#breadcrumb\"},\"inLanguage\":\"fr-FR\",\"potentialAction\":[{\"@type\":\"ReadAction\",\"target\":[\"https:\\\/\\\/www.webdo.tn\\\/fr\\\/actualite\\\/national\\\/tunisie-du-nouveau-dans-le-projet-de-la-cite-medicale-des-aghlabides\\\/215841\\\/\"]}]},{\"@type\":\"ImageObject\",\"inLanguage\":\"fr-FR\",\"@id\":\"https:\\\/\\\/www.webdo.tn\\\/fr\\\/actualite\\\/national\\\/tunisie-du-nouveau-dans-le-projet-de-la-cite-medicale-des-aghlabides\\\/215841\\\/#primaryimage\",\"url\":\"https:\\\/\\\/www.webdo.tn\\\/fr\\\/wp-content\\\/uploads\\\/2024\\\/08\\\/c676d17ce2964182a8edf2093ff4a8a1.webp\",\"contentUrl\":\"https:\\\/\\\/www.webdo.tn\\\/fr\\\/wp-content\\\/uploads\\\/2024\\\/08\\\/c676d17ce2964182a8edf2093ff4a8a1.webp\",\"width\":750,\"height\":400,\"caption\":\"Tunisie : Du nouveau dans le projet de la cit\u00e9 m\u00e9dicale des Aghlabides ?\"},{\"@type\":\"BreadcrumbList\",\"@id\":\"https:\\\/\\\/www.webdo.tn\\\/fr\\\/actualite\\\/national\\\/tunisie-du-nouveau-dans-le-projet-de-la-cite-medicale-des-aghlabides\\\/215841\\\/#breadcrumb\",\"itemListElement\":[{\"@type\":\"ListItem\",\"position\":1,\"name\":\"Accueil\",\"item\":\"https:\\\/\\\/www.webdo.tn\\\/fr\\\/\"},{\"@type\":\"ListItem\",\"position\":2,\"name\":\"Tunisie : Du nouveau dans le projet de la cit\u00e9 m\u00e9dicale des Aghlabides ?\"}]},{\"@type\":\"WebSite\",\"@id\":\"https:\\\/\\\/www.webdo.tn\\\/fr\\\/#website\",\"url\":\"https:\\\/\\\/www.webdo.tn\\\/fr\\\/\",\"name\":\"webdo\",\"description\":\"Tunisie - News en Tunisie et \u00e0 l&#039;international sur Webdo.tn\",\"publisher\":{\"@id\":\"https:\\\/\\\/www.webdo.tn\\\/fr\\\/#organization\"},\"potentialAction\":[{\"@type\":\"SearchAction\",\"target\":{\"@type\":\"EntryPoint\",\"urlTemplate\":\"https:\\\/\\\/www.webdo.tn\\\/fr\\\/?s={search_term_string}\"},\"query-input\":{\"@type\":\"PropertyValueSpecification\",\"valueRequired\":true,\"valueName\":\"search_term_string\"}}],\"inLanguage\":\"fr-FR\"},{\"@type\":\"Organization\",\"@id\":\"https:\\\/\\\/www.webdo.tn\\\/fr\\\/#organization\",\"name\":\"Webdo\",\"alternateName\":\"Webdo.tn\",\"url\":\"https:\\\/\\\/www.webdo.tn\\\/fr\\\/\",\"logo\":{\"@type\":\"ImageObject\",\"inLanguage\":\"fr-FR\",\"@id\":\"https:\\\/\\\/www.webdo.tn\\\/fr\\\/#\\\/schema\\\/logo\\\/image\\\/\",\"url\":\"https:\\\/\\\/www.webdo.tn\\\/fr\\\/wp-content\\\/uploads\\\/2025\\\/06\\\/Webdo-Tunisie_168377.jpg\",\"contentUrl\":\"https:\\\/\\\/www.webdo.tn\\\/fr\\\/wp-content\\\/uploads\\\/2025\\\/06\\\/Webdo-Tunisie_168377.jpg\",\"width\":301,\"height\":301,\"caption\":\"Webdo\"},\"image\":{\"@id\":\"https:\\\/\\\/www.webdo.tn\\\/fr\\\/#\\\/schema\\\/logo\\\/image\\\/\"},\"sameAs\":[\"https:\\\/\\\/www.facebook.com\\\/webdotn\",\"https:\\\/\\\/x.com\\\/webdo_tn\"],\"description\":\"Webdo est un m\u00e9dia num\u00e9rique tunisien fond\u00e9 en 2010, sp\u00e9cialis\u00e9 dans l\u2019actualit\u00e9 nationale et internationale, l\u2019\u00e9conomie, la soci\u00e9t\u00e9 et les analyses politiques. Le site s\u2019adresse \u00e0 un large public francophone et couvre l\u2019information tunisienne en temps r\u00e9el.\",\"email\":\"redac@webdo.tn\",\"legalName\":\"YNJ SARL\",\"foundingDate\":\"2010-09-06\",\"numberOfEmployees\":{\"@type\":\"QuantitativeValue\",\"minValue\":\"11\",\"maxValue\":\"50\"}},{\"@type\":\"Person\",\"@id\":\"https:\\\/\\\/www.webdo.tn\\\/fr\\\/#\\\/schema\\\/person\\\/f35b42a42c5e2511bbd282959d6385cc\",\"name\":\"CL\",\"image\":{\"@type\":\"ImageObject\",\"inLanguage\":\"fr-FR\",\"@id\":\"https:\\\/\\\/secure.gravatar.com\\\/avatar\\\/1447a49909b67aa657c488aec6512e1dd6143a480c1ecfee9b5b5cd74eb3b59e?s=96&d=mm&r=g\",\"url\":\"https:\\\/\\\/secure.gravatar.com\\\/avatar\\\/1447a49909b67aa657c488aec6512e1dd6143a480c1ecfee9b5b5cd74eb3b59e?s=96&d=mm&r=g\",\"contentUrl\":\"https:\\\/\\\/secure.gravatar.com\\\/avatar\\\/1447a49909b67aa657c488aec6512e1dd6143a480c1ecfee9b5b5cd74eb3b59e?s=96&d=mm&r=g\",\"caption\":\"CL\"},\"url\":\"https:\\\/\\\/www.webdo.tn\\\/fr\\\/actualite\\\/author\\\/cl\\\/\"}]}<\/script>\n<!-- \/ Yoast SEO Premium plugin. -->","yoast_head_json":{"title":"Tunisie : Du nouveau dans le projet de la cit\u00e9 m\u00e9dicale des Aghlabides ?","description":"Lors de cette rencontre, le Chef de l'\u00c9tat a r\u00e9it\u00e9r\u00e9 son appel \u00e0 trouver des solutions urgentes pour le secteur des transports afin de r\u00e9duire, au moins dans un...","canonical":"https:\/\/www.webdo.tn\/fr\/actualite\/national\/tunisie-du-nouveau-dans-le-projet-de-la-cite-medicale-des-aghlabides\/215841\/","og_locale":"fr_FR","og_type":"article","og_title":"Tunisie : Du nouveau dans le projet de la cit\u00e9 m\u00e9dicale des Aghlabides ?","og_description":"Lors de cette rencontre, le Chef de l'\u00c9tat a r\u00e9it\u00e9r\u00e9 son appel \u00e0 trouver des solutions urgentes pour le secteur des transports afin de r\u00e9duire, au moins dans un...","og_url":"https:\/\/www.webdo.tn\/fr\/actualite\/national\/tunisie-du-nouveau-dans-le-projet-de-la-cite-medicale-des-aghlabides\/215841\/","og_site_name":"webdo","article_publisher":"https:\/\/www.facebook.com\/webdotn","article_published_time":"2024-08-15T18:48:00+00:00","article_modified_time":"2025-05-20T22:54:42+00:00","og_image":[{"width":750,"height":400,"url":"https:\/\/www.webdo.tn\/fr\/wp-content\/uploads\/2024\/08\/c676d17ce2964182a8edf2093ff4a8a1.webp","type":"image\/webp"}],"author":"CL","twitter_card":"summary_large_image","twitter_creator":"@webdo_tn","twitter_site":"@webdo_tn","twitter_misc":{"\u00c9crit par":"CL","Dur\u00e9e de lecture estim\u00e9e":"2 minutes"},"schema":{"@context":"https:\/\/schema.org","@graph":[{"@type":"NewsArticle","@id":"https:\/\/www.webdo.tn\/fr\/actualite\/national\/tunisie-du-nouveau-dans-le-projet-de-la-cite-medicale-des-aghlabides\/215841\/#article","isPartOf":{"@id":"https:\/\/www.webdo.tn\/fr\/actualite\/national\/tunisie-du-nouveau-dans-le-projet-de-la-cite-medicale-des-aghlabides\/215841\/"},"author":{"name":"CL","@id":"https:\/\/www.webdo.tn\/fr\/#\/schema\/person\/f35b42a42c5e2511bbd282959d6385cc"},"headline":"Tunisie : Du nouveau dans le projet de la cit\u00e9 m\u00e9dicale des Aghlabides ?","datePublished":"2024-08-15T18:48:00+00:00","dateModified":"2025-05-20T22:54:42+00:00","mainEntityOfPage":{"@id":"https:\/\/www.webdo.tn\/fr\/actualite\/national\/tunisie-du-nouveau-dans-le-projet-de-la-cite-medicale-des-aghlabides\/215841\/"},"wordCount":374,"commentCount":0,"publisher":{"@id":"https:\/\/www.webdo.tn\/fr\/#organization"},"image":{"@id":"https:\/\/www.webdo.tn\/fr\/actualite\/national\/tunisie-du-nouveau-dans-le-projet-de-la-cite-medicale-des-aghlabides\/215841\/#primaryimage"},"thumbnailUrl":"https:\/\/www.webdo.tn\/fr\/wp-content\/uploads\/2024\/08\/c676d17ce2964182a8edf2093ff4a8a1.webp","keywords":["Cit\u00e9 m\u00e9dicale","Kairouan","Kais Saied","Tunisie"],"articleSection":["National"],"inLanguage":"fr-FR"},{"@type":"WebPage","@id":"https:\/\/www.webdo.tn\/fr\/actualite\/national\/tunisie-du-nouveau-dans-le-projet-de-la-cite-medicale-des-aghlabides\/215841\/","url":"https:\/\/www.webdo.tn\/fr\/actualite\/national\/tunisie-du-nouveau-dans-le-projet-de-la-cite-medicale-des-aghlabides\/215841\/","name":"Tunisie : Du nouveau dans le projet de la cit\u00e9 m\u00e9dicale des Aghlabides ?","isPartOf":{"@id":"https:\/\/www.webdo.tn\/fr\/#website"},"primaryImageOfPage":{"@id":"https:\/\/www.webdo.tn\/fr\/actualite\/national\/tunisie-du-nouveau-dans-le-projet-de-la-cite-medicale-des-aghlabides\/215841\/#primaryimage"},"image":{"@id":"https:\/\/www.webdo.tn\/fr\/actualite\/national\/tunisie-du-nouveau-dans-le-projet-de-la-cite-medicale-des-aghlabides\/215841\/#primaryimage"},"thumbnailUrl":"https:\/\/www.webdo.tn\/fr\/wp-content\/uploads\/2024\/08\/c676d17ce2964182a8edf2093ff4a8a1.webp","datePublished":"2024-08-15T18:48:00+00:00","dateModified":"2025-05-20T22:54:42+00:00","description":"Lors de cette rencontre, le Chef de l'\u00c9tat a r\u00e9it\u00e9r\u00e9 son appel \u00e0 trouver des solutions urgentes pour le secteur des transports afin de r\u00e9duire, au moins dans un...","breadcrumb":{"@id":"https:\/\/www.webdo.tn\/fr\/actualite\/national\/tunisie-du-nouveau-dans-le-projet-de-la-cite-medicale-des-aghlabides\/215841\/#breadcrumb"},"inLanguage":"fr-FR","potentialAction":[{"@type":"ReadAction","target":["https:\/\/www.webdo.tn\/fr\/actualite\/national\/tunisie-du-nouveau-dans-le-projet-de-la-cite-medicale-des-aghlabides\/215841\/"]}]},{"@type":"ImageObject","inLanguage":"fr-FR","@id":"https:\/\/www.webdo.tn\/fr\/actualite\/national\/tunisie-du-nouveau-dans-le-projet-de-la-cite-medicale-des-aghlabides\/215841\/#primaryimage","url":"https:\/\/www.webdo.tn\/fr\/wp-content\/uploads\/2024\/08\/c676d17ce2964182a8edf2093ff4a8a1.webp","contentUrl":"https:\/\/www.webdo.tn\/fr\/wp-content\/uploads\/2024\/08\/c676d17ce2964182a8edf2093ff4a8a1.webp","width":750,"height":400,"caption":"Tunisie : Du nouveau dans le projet de la cit\u00e9 m\u00e9dicale des Aghlabides ?"},{"@type":"BreadcrumbList","@id":"https:\/\/www.webdo.tn\/fr\/actualite\/national\/tunisie-du-nouveau-dans-le-projet-de-la-cite-medicale-des-aghlabides\/215841\/#breadcrumb","itemListElement":[{"@type":"ListItem","position":1,"name":"Accueil","item":"https:\/\/www.webdo.tn\/fr\/"},{"@type":"ListItem","position":2,"name":"Tunisie : Du nouveau dans le projet de la cit\u00e9 m\u00e9dicale des Aghlabides ?"}]},{"@type":"WebSite","@id":"https:\/\/www.webdo.tn\/fr\/#website","url":"https:\/\/www.webdo.tn\/fr\/","name":"webdo","description":"Tunisie - News en Tunisie et \u00e0 l&#039;international sur Webdo.tn","publisher":{"@id":"https:\/\/www.webdo.tn\/fr\/#organization"},"potentialAction":[{"@type":"SearchAction","target":{"@type":"EntryPoint","urlTemplate":"https:\/\/www.webdo.tn\/fr\/?s={search_term_string}"},"query-input":{"@type":"PropertyValueSpecification","valueRequired":true,"valueName":"search_term_string"}}],"inLanguage":"fr-FR"},{"@type":"Organization","@id":"https:\/\/www.webdo.tn\/fr\/#organization","name":"Webdo","alternateName":"Webdo.tn","url":"https:\/\/www.webdo.tn\/fr\/","logo":{"@type":"ImageObject","inLanguage":"fr-FR","@id":"https:\/\/www.webdo.tn\/fr\/#\/schema\/logo\/image\/","url":"https:\/\/www.webdo.tn\/fr\/wp-content\/uploads\/2025\/06\/Webdo-Tunisie_168377.jpg","contentUrl":"https:\/\/www.webdo.tn\/fr\/wp-content\/uploads\/2025\/06\/Webdo-Tunisie_168377.jpg","width":301,"height":301,"caption":"Webdo"},"image":{"@id":"https:\/\/www.webdo.tn\/fr\/#\/schema\/logo\/image\/"},"sameAs":["https:\/\/www.facebook.com\/webdotn","https:\/\/x.com\/webdo_tn"],"description":"Webdo est un m\u00e9dia num\u00e9rique tunisien fond\u00e9 en 2010, sp\u00e9cialis\u00e9 dans l\u2019actualit\u00e9 nationale et internationale, l\u2019\u00e9conomie, la soci\u00e9t\u00e9 et les analyses politiques. Le site s\u2019adresse \u00e0 un large public francophone et couvre l\u2019information tunisienne en temps r\u00e9el.","email":"redac@webdo.tn","legalName":"YNJ SARL","foundingDate":"2010-09-06","numberOfEmployees":{"@type":"QuantitativeValue","minValue":"11","maxValue":"50"}},{"@type":"Person","@id":"https:\/\/www.webdo.tn\/fr\/#\/schema\/person\/f35b42a42c5e2511bbd282959d6385cc","name":"CL","image":{"@type":"ImageObject","inLanguage":"fr-FR","@id":"https:\/\/secure.gravatar.com\/avatar\/1447a49909b67aa657c488aec6512e1dd6143a480c1ecfee9b5b5cd74eb3b59e?s=96&d=mm&r=g","url":"https:\/\/secure.gravatar.com\/avatar\/1447a49909b67aa657c488aec6512e1dd6143a480c1ecfee9b5b5cd74eb3b59e?s=96&d=mm&r=g","contentUrl":"https:\/\/secure.gravatar.com\/avatar\/1447a49909b67aa657c488aec6512e1dd6143a480c1ecfee9b5b5cd74eb3b59e?s=96&d=mm&r=g","caption":"CL"},"url":"https:\/\/www.webdo.tn\/fr\/actualite\/author\/cl\/"}]}},"_links":{"self":[{"href":"https:\/\/www.webdo.tn\/fr\/wp-json\/wp\/v2\/posts\/215841","targetHints":{"allow":["GET"]}}],"collection":[{"href":"https:\/\/www.webdo.tn\/fr\/wp-json\/wp\/v2\/posts"}],"about":[{"href":"https:\/\/www.webdo.tn\/fr\/wp-json\/wp\/v2\/types\/post"}],"author":[{"embeddable":true,"href":"https:\/\/www.webdo.tn\/fr\/wp-json\/wp\/v2\/users\/3175"}],"replies":[{"embeddable":true,"href":"https:\/\/www.webdo.tn\/fr\/wp-json\/wp\/v2\/comments?post=215841"}],"version-history":[{"count":0,"href":"https:\/\/www.webdo.tn\/fr\/wp-json\/wp\/v2\/posts\/215841\/revisions"}],"wp:featuredmedia":[{"embeddable":true,"href":"https:\/\/www.webdo.tn\/fr\/wp-json\/wp\/v2\/media\/290956"}],"wp:attachment":[{"href":"https:\/\/www.webdo.tn\/fr\/wp-json\/wp\/v2\/media?parent=215841"}],"wp:term":[{"taxonomy":"category","embeddable":true,"href":"https:\/\/www.webdo.tn\/fr\/wp-json\/wp\/v2\/categories?post=215841"},{"taxonomy":"post_tag","embeddable":true,"href":"https:\/\/www.webdo.tn\/fr\/wp-json\/wp\/v2\/tags?post=215841"}],"curies":[{"name":"wp","href":"https:\/\/api.w.org\/{rel}","templated":true}]}}