{"id":215830,"date":"2024-08-15T08:57:00","date_gmt":"2024-08-15T08:57:00","guid":{"rendered":"https:\/\/www.webdo.tn\/fr\/blog\/tunisie-ligue-1-demarrage-du-championnat-le-27-aout\/215830\/"},"modified":"2025-05-20T21:49:53","modified_gmt":"2025-05-20T21:49:53","slug":"tunisie-ligue-1-demarrage-du-championnat-le-27-aout","status":"publish","type":"post","link":"https:\/\/www.webdo.tn\/fr\/actualite\/sport\/tunisie-ligue-1-demarrage-du-championnat-le-27-aout\/215830\/","title":{"rendered":"Tunisie &#8211; Ligue 1 : D\u00e9marrage du championnat le 27 ao\u00fbt"},"content":{"rendered":"<p>Pr\u00e9vu le 18 ao\u00fbt prochain, le d\u00e9marrage du championnat de Ligue avait \u00e9t\u00e9 report\u00e9. Il a \u00e9t\u00e9 finalement fix\u00e9 au 27 ao\u00fbt.<\/p>\n<p>\t\t\t\t\t\t\t\t\tLa Ligue 1 reprendra ses droits dans treize jours soit le 27 ao\u00fbt prochain, a d\u00e9cid\u00e9 le minist\u00e8re de la Jeunesse et des Sports, qui a annonc\u00e9, hier, dans un communiqu\u00e9, publi\u00e9 sur sa page Facebook, que la date de d\u00e9but du championnat de la Ligue 1 professionnelle a \u00e9t\u00e9 report\u00e9e, au 27 ou 28 ao\u00fbt 2024.<\/p>\n<p>Cette annonce a \u00e9t\u00e9 faite, apr\u00e8s une visite que le ministre de la Jeunesse et des Sports,\u00a0 Kamel Deguiche, a effectu\u00e9e au si\u00e8ge de la F\u00e9d\u00e9ration tunisienne de Football, en compagnie du chef du cabinet, Chokri Ben Hassan et du directeur g\u00e9n\u00e9ral des sports, Moncef Cherif.<\/p>\n<p>Rappelons par ailleurs que la F\u00e9d\u00e9ration tunisienne de football (FTF) est toujours sans pr\u00e9sident. Le bureau du Conseil de la FIFA avait d\u00e9cid\u00e9, le mois dernier de nommer un comit\u00e9 de normalisation pour l\u2019instance footballistique.<\/p>\n<p>Ainsi, apr\u00e8s deux prolongations, la FIFA a d\u00e9cid\u00e9 de mettre un terme au mandat au bureau f\u00e9d\u00e9ral et de nommer un comit\u00e9 de normalisation qui sera charg\u00e9 de diriger provisoirement le football tunisien, et ce, \u00e0 la veille de la saison 2024-2025.<\/p>\n<p>Le mandat du comit\u00e9 de normalisation courra jusqu\u2019\u00e0 l&rsquo;\u00e9lection d&rsquo;un nouveau bureau f\u00e9d\u00e9ral avec un d\u00e9lai maximal fix\u00e9 au 31 janvier 2025. Ce comit\u00e9 dont la composition, sera, annonc\u00e9e prochainement par la FIFA fera l\u2019objet d\u2019un contr\u00f4le d\u2019\u00e9ligibilit\u00e9 men\u00e9 par la Commission de Contr\u00f4le de la FIFA.<\/p>\n","protected":false},"excerpt":{"rendered":"<p>La Ligue 1 reprendra ses droits dans treize jours soit le 27 ao\u00fbt prochain, a d\u00e9cid\u00e9 le minist\u00e8re de la Jeunesse et des Sports, qui a annonc\u00e9, hier, dans un com&#8230;<\/p>\n","protected":false},"author":3162,"featured_media":246772,"comment_status":"open","ping_status":"closed","sticky":false,"template":"","format":"standard","meta":{"footnotes":""},"categories":[2593],"tags":[2778,2622,2777,2608],"class_list":["post-215830","post","type-post","status-publish","format-standard","has-post-thumbnail","hentry","category-sport","tag-championnat","tag-football","tag-ligue-1","tag-tunisie"],"yoast_head":"<!-- This site is optimized with the Yoast SEO Premium plugin v27.4 (Yoast SEO v27.5) - https:\/\/yoast.com\/product\/yoast-seo-premium-wordpress\/ -->\n<title>Tunisie - Ligue 1 : D\u00e9marrage du championnat le 27 ao\u00fbt<\/title>\n<meta name=\"description\" content=\"La Ligue 1 reprendra ses droits dans treize jours soit le 27 ao\u00fbt prochain, a d\u00e9cid\u00e9 le minist\u00e8re de la Jeunesse et des Sports, qui a annonc\u00e9, hier, dans un com...\" \/>\n<link rel=\"canonical\" href=\"https:\/\/www.webdo.tn\/fr\/actualite\/sport\/tunisie-ligue-1-demarrage-du-championnat-le-27-aout\/215830\/\" \/>\n<meta property=\"og:locale\" content=\"fr_FR\" \/>\n<meta property=\"og:type\" content=\"article\" \/>\n<meta property=\"og:title\" content=\"Tunisie - Ligue 1 : D\u00e9marrage du championnat le 27 ao\u00fbt\" \/>\n<meta property=\"og:description\" content=\"La Ligue 1 reprendra ses droits dans treize jours soit le 27 ao\u00fbt prochain, a d\u00e9cid\u00e9 le minist\u00e8re de la Jeunesse et des Sports, qui a annonc\u00e9, hier, dans un com...\" \/>\n<meta property=\"og:url\" content=\"https:\/\/www.webdo.tn\/fr\/actualite\/sport\/tunisie-ligue-1-demarrage-du-championnat-le-27-aout\/215830\/\" \/>\n<meta property=\"og:site_name\" content=\"webdo\" \/>\n<meta property=\"article:publisher\" content=\"https:\/\/www.facebook.com\/webdotn\" \/>\n<meta property=\"article:published_time\" content=\"2024-08-15T08:57:00+00:00\" \/>\n<meta property=\"article:modified_time\" content=\"2025-05-20T21:49:53+00:00\" \/>\n<meta property=\"og:image\" content=\"https:\/\/www.webdo.tn\/fr\/wp-content\/uploads\/2024\/08\/84e01e58283e2d6e5e367ac76e613fb4.webp\" \/>\n\t<meta property=\"og:image:width\" content=\"750\" \/>\n\t<meta property=\"og:image:height\" content=\"400\" \/>\n\t<meta property=\"og:image:type\" content=\"image\/webp\" \/>\n<meta name=\"author\" content=\"MC\" \/>\n<meta name=\"twitter:card\" content=\"summary_large_image\" \/>\n<meta name=\"twitter:creator\" content=\"@webdo_tn\" \/>\n<meta name=\"twitter:site\" content=\"@webdo_tn\" \/>\n<meta name=\"twitter:label1\" content=\"\u00c9crit par\" \/>\n\t<meta name=\"twitter:data1\" content=\"MC\" \/>\n\t<meta name=\"twitter:label2\" content=\"Dur\u00e9e de lecture estim\u00e9e\" \/>\n\t<meta name=\"twitter:data2\" content=\"1 minute\" \/>\n<script type=\"application\/ld+json\" class=\"yoast-schema-graph\">{\"@context\":\"https:\\\/\\\/schema.org\",\"@graph\":[{\"@type\":\"NewsArticle\",\"@id\":\"https:\\\/\\\/www.webdo.tn\\\/fr\\\/actualite\\\/sport\\\/tunisie-ligue-1-demarrage-du-championnat-le-27-aout\\\/215830\\\/#article\",\"isPartOf\":{\"@id\":\"https:\\\/\\\/www.webdo.tn\\\/fr\\\/actualite\\\/sport\\\/tunisie-ligue-1-demarrage-du-championnat-le-27-aout\\\/215830\\\/\"},\"author\":{\"name\":\"MC\",\"@id\":\"https:\\\/\\\/www.webdo.tn\\\/fr\\\/#\\\/schema\\\/person\\\/2c4929cbf5a809e3bd38617c6ce150f6\"},\"headline\":\"Tunisie &#8211; Ligue 1 : D\u00e9marrage du championnat le 27 ao\u00fbt\",\"datePublished\":\"2024-08-15T08:57:00+00:00\",\"dateModified\":\"2025-05-20T21:49:53+00:00\",\"mainEntityOfPage\":{\"@id\":\"https:\\\/\\\/www.webdo.tn\\\/fr\\\/actualite\\\/sport\\\/tunisie-ligue-1-demarrage-du-championnat-le-27-aout\\\/215830\\\/\"},\"wordCount\":285,\"commentCount\":0,\"publisher\":{\"@id\":\"https:\\\/\\\/www.webdo.tn\\\/fr\\\/#organization\"},\"image\":{\"@id\":\"https:\\\/\\\/www.webdo.tn\\\/fr\\\/actualite\\\/sport\\\/tunisie-ligue-1-demarrage-du-championnat-le-27-aout\\\/215830\\\/#primaryimage\"},\"thumbnailUrl\":\"https:\\\/\\\/www.webdo.tn\\\/fr\\\/wp-content\\\/uploads\\\/2024\\\/08\\\/84e01e58283e2d6e5e367ac76e613fb4.webp\",\"keywords\":[\"championnat\",\"football\",\"Ligue 1\",\"Tunisie\"],\"articleSection\":[\"Sport\"],\"inLanguage\":\"fr-FR\"},{\"@type\":\"WebPage\",\"@id\":\"https:\\\/\\\/www.webdo.tn\\\/fr\\\/actualite\\\/sport\\\/tunisie-ligue-1-demarrage-du-championnat-le-27-aout\\\/215830\\\/\",\"url\":\"https:\\\/\\\/www.webdo.tn\\\/fr\\\/actualite\\\/sport\\\/tunisie-ligue-1-demarrage-du-championnat-le-27-aout\\\/215830\\\/\",\"name\":\"Tunisie - Ligue 1 : D\u00e9marrage du championnat le 27 ao\u00fbt\",\"isPartOf\":{\"@id\":\"https:\\\/\\\/www.webdo.tn\\\/fr\\\/#website\"},\"primaryImageOfPage\":{\"@id\":\"https:\\\/\\\/www.webdo.tn\\\/fr\\\/actualite\\\/sport\\\/tunisie-ligue-1-demarrage-du-championnat-le-27-aout\\\/215830\\\/#primaryimage\"},\"image\":{\"@id\":\"https:\\\/\\\/www.webdo.tn\\\/fr\\\/actualite\\\/sport\\\/tunisie-ligue-1-demarrage-du-championnat-le-27-aout\\\/215830\\\/#primaryimage\"},\"thumbnailUrl\":\"https:\\\/\\\/www.webdo.tn\\\/fr\\\/wp-content\\\/uploads\\\/2024\\\/08\\\/84e01e58283e2d6e5e367ac76e613fb4.webp\",\"datePublished\":\"2024-08-15T08:57:00+00:00\",\"dateModified\":\"2025-05-20T21:49:53+00:00\",\"description\":\"La Ligue 1 reprendra ses droits dans treize jours soit le 27 ao\u00fbt prochain, a d\u00e9cid\u00e9 le minist\u00e8re de la Jeunesse et des Sports, qui a annonc\u00e9, hier, dans un com...\",\"breadcrumb\":{\"@id\":\"https:\\\/\\\/www.webdo.tn\\\/fr\\\/actualite\\\/sport\\\/tunisie-ligue-1-demarrage-du-championnat-le-27-aout\\\/215830\\\/#breadcrumb\"},\"inLanguage\":\"fr-FR\",\"potentialAction\":[{\"@type\":\"ReadAction\",\"target\":[\"https:\\\/\\\/www.webdo.tn\\\/fr\\\/actualite\\\/sport\\\/tunisie-ligue-1-demarrage-du-championnat-le-27-aout\\\/215830\\\/\"]}]},{\"@type\":\"ImageObject\",\"inLanguage\":\"fr-FR\",\"@id\":\"https:\\\/\\\/www.webdo.tn\\\/fr\\\/actualite\\\/sport\\\/tunisie-ligue-1-demarrage-du-championnat-le-27-aout\\\/215830\\\/#primaryimage\",\"url\":\"https:\\\/\\\/www.webdo.tn\\\/fr\\\/wp-content\\\/uploads\\\/2024\\\/08\\\/84e01e58283e2d6e5e367ac76e613fb4.webp\",\"contentUrl\":\"https:\\\/\\\/www.webdo.tn\\\/fr\\\/wp-content\\\/uploads\\\/2024\\\/08\\\/84e01e58283e2d6e5e367ac76e613fb4.webp\",\"width\":750,\"height\":400,\"caption\":\"Tunisie - Ligue 1 : D\u00e9marrage du championnat le 27 ao\u00fbt\"},{\"@type\":\"BreadcrumbList\",\"@id\":\"https:\\\/\\\/www.webdo.tn\\\/fr\\\/actualite\\\/sport\\\/tunisie-ligue-1-demarrage-du-championnat-le-27-aout\\\/215830\\\/#breadcrumb\",\"itemListElement\":[{\"@type\":\"ListItem\",\"position\":1,\"name\":\"Accueil\",\"item\":\"https:\\\/\\\/www.webdo.tn\\\/fr\\\/\"},{\"@type\":\"ListItem\",\"position\":2,\"name\":\"Tunisie &#8211; Ligue 1 : D\u00e9marrage du championnat le 27 ao\u00fbt\"}]},{\"@type\":\"WebSite\",\"@id\":\"https:\\\/\\\/www.webdo.tn\\\/fr\\\/#website\",\"url\":\"https:\\\/\\\/www.webdo.tn\\\/fr\\\/\",\"name\":\"webdo\",\"description\":\"Tunisie - News en Tunisie et \u00e0 l&#039;international sur Webdo.tn\",\"publisher\":{\"@id\":\"https:\\\/\\\/www.webdo.tn\\\/fr\\\/#organization\"},\"potentialAction\":[{\"@type\":\"SearchAction\",\"target\":{\"@type\":\"EntryPoint\",\"urlTemplate\":\"https:\\\/\\\/www.webdo.tn\\\/fr\\\/?s={search_term_string}\"},\"query-input\":{\"@type\":\"PropertyValueSpecification\",\"valueRequired\":true,\"valueName\":\"search_term_string\"}}],\"inLanguage\":\"fr-FR\"},{\"@type\":\"Organization\",\"@id\":\"https:\\\/\\\/www.webdo.tn\\\/fr\\\/#organization\",\"name\":\"Webdo\",\"alternateName\":\"Webdo.tn\",\"url\":\"https:\\\/\\\/www.webdo.tn\\\/fr\\\/\",\"logo\":{\"@type\":\"ImageObject\",\"inLanguage\":\"fr-FR\",\"@id\":\"https:\\\/\\\/www.webdo.tn\\\/fr\\\/#\\\/schema\\\/logo\\\/image\\\/\",\"url\":\"https:\\\/\\\/www.webdo.tn\\\/fr\\\/wp-content\\\/uploads\\\/2025\\\/06\\\/Webdo-Tunisie_168377.jpg\",\"contentUrl\":\"https:\\\/\\\/www.webdo.tn\\\/fr\\\/wp-content\\\/uploads\\\/2025\\\/06\\\/Webdo-Tunisie_168377.jpg\",\"width\":301,\"height\":301,\"caption\":\"Webdo\"},\"image\":{\"@id\":\"https:\\\/\\\/www.webdo.tn\\\/fr\\\/#\\\/schema\\\/logo\\\/image\\\/\"},\"sameAs\":[\"https:\\\/\\\/www.facebook.com\\\/webdotn\",\"https:\\\/\\\/x.com\\\/webdo_tn\"],\"description\":\"Webdo est un m\u00e9dia num\u00e9rique tunisien fond\u00e9 en 2010, sp\u00e9cialis\u00e9 dans l\u2019actualit\u00e9 nationale et internationale, l\u2019\u00e9conomie, la soci\u00e9t\u00e9 et les analyses politiques. Le site s\u2019adresse \u00e0 un large public francophone et couvre l\u2019information tunisienne en temps r\u00e9el.\",\"email\":\"redac@webdo.tn\",\"legalName\":\"YNJ SARL\",\"foundingDate\":\"2010-09-06\",\"numberOfEmployees\":{\"@type\":\"QuantitativeValue\",\"minValue\":\"11\",\"maxValue\":\"50\"}},{\"@type\":\"Person\",\"@id\":\"https:\\\/\\\/www.webdo.tn\\\/fr\\\/#\\\/schema\\\/person\\\/2c4929cbf5a809e3bd38617c6ce150f6\",\"name\":\"MC\",\"image\":{\"@type\":\"ImageObject\",\"inLanguage\":\"fr-FR\",\"@id\":\"https:\\\/\\\/secure.gravatar.com\\\/avatar\\\/a545bbb6f84efdd5553dbbc2895e3ca8f1d12c5215e00a041c9670b54aa9b18a?s=96&d=mm&r=g\",\"url\":\"https:\\\/\\\/secure.gravatar.com\\\/avatar\\\/a545bbb6f84efdd5553dbbc2895e3ca8f1d12c5215e00a041c9670b54aa9b18a?s=96&d=mm&r=g\",\"contentUrl\":\"https:\\\/\\\/secure.gravatar.com\\\/avatar\\\/a545bbb6f84efdd5553dbbc2895e3ca8f1d12c5215e00a041c9670b54aa9b18a?s=96&d=mm&r=g\",\"caption\":\"MC\"},\"url\":\"https:\\\/\\\/www.webdo.tn\\\/fr\\\/actualite\\\/author\\\/mc\\\/\"}]}<\/script>\n<!-- \/ Yoast SEO Premium plugin. -->","yoast_head_json":{"title":"Tunisie - Ligue 1 : D\u00e9marrage du championnat le 27 ao\u00fbt","description":"La Ligue 1 reprendra ses droits dans treize jours soit le 27 ao\u00fbt prochain, a d\u00e9cid\u00e9 le minist\u00e8re de la Jeunesse et des Sports, qui a annonc\u00e9, hier, dans un com...","canonical":"https:\/\/www.webdo.tn\/fr\/actualite\/sport\/tunisie-ligue-1-demarrage-du-championnat-le-27-aout\/215830\/","og_locale":"fr_FR","og_type":"article","og_title":"Tunisie - Ligue 1 : D\u00e9marrage du championnat le 27 ao\u00fbt","og_description":"La Ligue 1 reprendra ses droits dans treize jours soit le 27 ao\u00fbt prochain, a d\u00e9cid\u00e9 le minist\u00e8re de la Jeunesse et des Sports, qui a annonc\u00e9, hier, dans un com...","og_url":"https:\/\/www.webdo.tn\/fr\/actualite\/sport\/tunisie-ligue-1-demarrage-du-championnat-le-27-aout\/215830\/","og_site_name":"webdo","article_publisher":"https:\/\/www.facebook.com\/webdotn","article_published_time":"2024-08-15T08:57:00+00:00","article_modified_time":"2025-05-20T21:49:53+00:00","og_image":[{"width":750,"height":400,"url":"https:\/\/www.webdo.tn\/fr\/wp-content\/uploads\/2024\/08\/84e01e58283e2d6e5e367ac76e613fb4.webp","type":"image\/webp"}],"author":"MC","twitter_card":"summary_large_image","twitter_creator":"@webdo_tn","twitter_site":"@webdo_tn","twitter_misc":{"\u00c9crit par":"MC","Dur\u00e9e de lecture estim\u00e9e":"1 minute"},"schema":{"@context":"https:\/\/schema.org","@graph":[{"@type":"NewsArticle","@id":"https:\/\/www.webdo.tn\/fr\/actualite\/sport\/tunisie-ligue-1-demarrage-du-championnat-le-27-aout\/215830\/#article","isPartOf":{"@id":"https:\/\/www.webdo.tn\/fr\/actualite\/sport\/tunisie-ligue-1-demarrage-du-championnat-le-27-aout\/215830\/"},"author":{"name":"MC","@id":"https:\/\/www.webdo.tn\/fr\/#\/schema\/person\/2c4929cbf5a809e3bd38617c6ce150f6"},"headline":"Tunisie &#8211; Ligue 1 : D\u00e9marrage du championnat le 27 ao\u00fbt","datePublished":"2024-08-15T08:57:00+00:00","dateModified":"2025-05-20T21:49:53+00:00","mainEntityOfPage":{"@id":"https:\/\/www.webdo.tn\/fr\/actualite\/sport\/tunisie-ligue-1-demarrage-du-championnat-le-27-aout\/215830\/"},"wordCount":285,"commentCount":0,"publisher":{"@id":"https:\/\/www.webdo.tn\/fr\/#organization"},"image":{"@id":"https:\/\/www.webdo.tn\/fr\/actualite\/sport\/tunisie-ligue-1-demarrage-du-championnat-le-27-aout\/215830\/#primaryimage"},"thumbnailUrl":"https:\/\/www.webdo.tn\/fr\/wp-content\/uploads\/2024\/08\/84e01e58283e2d6e5e367ac76e613fb4.webp","keywords":["championnat","football","Ligue 1","Tunisie"],"articleSection":["Sport"],"inLanguage":"fr-FR"},{"@type":"WebPage","@id":"https:\/\/www.webdo.tn\/fr\/actualite\/sport\/tunisie-ligue-1-demarrage-du-championnat-le-27-aout\/215830\/","url":"https:\/\/www.webdo.tn\/fr\/actualite\/sport\/tunisie-ligue-1-demarrage-du-championnat-le-27-aout\/215830\/","name":"Tunisie - Ligue 1 : D\u00e9marrage du championnat le 27 ao\u00fbt","isPartOf":{"@id":"https:\/\/www.webdo.tn\/fr\/#website"},"primaryImageOfPage":{"@id":"https:\/\/www.webdo.tn\/fr\/actualite\/sport\/tunisie-ligue-1-demarrage-du-championnat-le-27-aout\/215830\/#primaryimage"},"image":{"@id":"https:\/\/www.webdo.tn\/fr\/actualite\/sport\/tunisie-ligue-1-demarrage-du-championnat-le-27-aout\/215830\/#primaryimage"},"thumbnailUrl":"https:\/\/www.webdo.tn\/fr\/wp-content\/uploads\/2024\/08\/84e01e58283e2d6e5e367ac76e613fb4.webp","datePublished":"2024-08-15T08:57:00+00:00","dateModified":"2025-05-20T21:49:53+00:00","description":"La Ligue 1 reprendra ses droits dans treize jours soit le 27 ao\u00fbt prochain, a d\u00e9cid\u00e9 le minist\u00e8re de la Jeunesse et des Sports, qui a annonc\u00e9, hier, dans un com...","breadcrumb":{"@id":"https:\/\/www.webdo.tn\/fr\/actualite\/sport\/tunisie-ligue-1-demarrage-du-championnat-le-27-aout\/215830\/#breadcrumb"},"inLanguage":"fr-FR","potentialAction":[{"@type":"ReadAction","target":["https:\/\/www.webdo.tn\/fr\/actualite\/sport\/tunisie-ligue-1-demarrage-du-championnat-le-27-aout\/215830\/"]}]},{"@type":"ImageObject","inLanguage":"fr-FR","@id":"https:\/\/www.webdo.tn\/fr\/actualite\/sport\/tunisie-ligue-1-demarrage-du-championnat-le-27-aout\/215830\/#primaryimage","url":"https:\/\/www.webdo.tn\/fr\/wp-content\/uploads\/2024\/08\/84e01e58283e2d6e5e367ac76e613fb4.webp","contentUrl":"https:\/\/www.webdo.tn\/fr\/wp-content\/uploads\/2024\/08\/84e01e58283e2d6e5e367ac76e613fb4.webp","width":750,"height":400,"caption":"Tunisie - Ligue 1 : D\u00e9marrage du championnat le 27 ao\u00fbt"},{"@type":"BreadcrumbList","@id":"https:\/\/www.webdo.tn\/fr\/actualite\/sport\/tunisie-ligue-1-demarrage-du-championnat-le-27-aout\/215830\/#breadcrumb","itemListElement":[{"@type":"ListItem","position":1,"name":"Accueil","item":"https:\/\/www.webdo.tn\/fr\/"},{"@type":"ListItem","position":2,"name":"Tunisie &#8211; Ligue 1 : D\u00e9marrage du championnat le 27 ao\u00fbt"}]},{"@type":"WebSite","@id":"https:\/\/www.webdo.tn\/fr\/#website","url":"https:\/\/www.webdo.tn\/fr\/","name":"webdo","description":"Tunisie - News en Tunisie et \u00e0 l&#039;international sur Webdo.tn","publisher":{"@id":"https:\/\/www.webdo.tn\/fr\/#organization"},"potentialAction":[{"@type":"SearchAction","target":{"@type":"EntryPoint","urlTemplate":"https:\/\/www.webdo.tn\/fr\/?s={search_term_string}"},"query-input":{"@type":"PropertyValueSpecification","valueRequired":true,"valueName":"search_term_string"}}],"inLanguage":"fr-FR"},{"@type":"Organization","@id":"https:\/\/www.webdo.tn\/fr\/#organization","name":"Webdo","alternateName":"Webdo.tn","url":"https:\/\/www.webdo.tn\/fr\/","logo":{"@type":"ImageObject","inLanguage":"fr-FR","@id":"https:\/\/www.webdo.tn\/fr\/#\/schema\/logo\/image\/","url":"https:\/\/www.webdo.tn\/fr\/wp-content\/uploads\/2025\/06\/Webdo-Tunisie_168377.jpg","contentUrl":"https:\/\/www.webdo.tn\/fr\/wp-content\/uploads\/2025\/06\/Webdo-Tunisie_168377.jpg","width":301,"height":301,"caption":"Webdo"},"image":{"@id":"https:\/\/www.webdo.tn\/fr\/#\/schema\/logo\/image\/"},"sameAs":["https:\/\/www.facebook.com\/webdotn","https:\/\/x.com\/webdo_tn"],"description":"Webdo est un m\u00e9dia num\u00e9rique tunisien fond\u00e9 en 2010, sp\u00e9cialis\u00e9 dans l\u2019actualit\u00e9 nationale et internationale, l\u2019\u00e9conomie, la soci\u00e9t\u00e9 et les analyses politiques. Le site s\u2019adresse \u00e0 un large public francophone et couvre l\u2019information tunisienne en temps r\u00e9el.","email":"redac@webdo.tn","legalName":"YNJ SARL","foundingDate":"2010-09-06","numberOfEmployees":{"@type":"QuantitativeValue","minValue":"11","maxValue":"50"}},{"@type":"Person","@id":"https:\/\/www.webdo.tn\/fr\/#\/schema\/person\/2c4929cbf5a809e3bd38617c6ce150f6","name":"MC","image":{"@type":"ImageObject","inLanguage":"fr-FR","@id":"https:\/\/secure.gravatar.com\/avatar\/a545bbb6f84efdd5553dbbc2895e3ca8f1d12c5215e00a041c9670b54aa9b18a?s=96&d=mm&r=g","url":"https:\/\/secure.gravatar.com\/avatar\/a545bbb6f84efdd5553dbbc2895e3ca8f1d12c5215e00a041c9670b54aa9b18a?s=96&d=mm&r=g","contentUrl":"https:\/\/secure.gravatar.com\/avatar\/a545bbb6f84efdd5553dbbc2895e3ca8f1d12c5215e00a041c9670b54aa9b18a?s=96&d=mm&r=g","caption":"MC"},"url":"https:\/\/www.webdo.tn\/fr\/actualite\/author\/mc\/"}]}},"_links":{"self":[{"href":"https:\/\/www.webdo.tn\/fr\/wp-json\/wp\/v2\/posts\/215830","targetHints":{"allow":["GET"]}}],"collection":[{"href":"https:\/\/www.webdo.tn\/fr\/wp-json\/wp\/v2\/posts"}],"about":[{"href":"https:\/\/www.webdo.tn\/fr\/wp-json\/wp\/v2\/types\/post"}],"author":[{"embeddable":true,"href":"https:\/\/www.webdo.tn\/fr\/wp-json\/wp\/v2\/users\/3162"}],"replies":[{"embeddable":true,"href":"https:\/\/www.webdo.tn\/fr\/wp-json\/wp\/v2\/comments?post=215830"}],"version-history":[{"count":0,"href":"https:\/\/www.webdo.tn\/fr\/wp-json\/wp\/v2\/posts\/215830\/revisions"}],"wp:featuredmedia":[{"embeddable":true,"href":"https:\/\/www.webdo.tn\/fr\/wp-json\/wp\/v2\/media\/246772"}],"wp:attachment":[{"href":"https:\/\/www.webdo.tn\/fr\/wp-json\/wp\/v2\/media?parent=215830"}],"wp:term":[{"taxonomy":"category","embeddable":true,"href":"https:\/\/www.webdo.tn\/fr\/wp-json\/wp\/v2\/categories?post=215830"},{"taxonomy":"post_tag","embeddable":true,"href":"https:\/\/www.webdo.tn\/fr\/wp-json\/wp\/v2\/tags?post=215830"}],"curies":[{"name":"wp","href":"https:\/\/api.w.org\/{rel}","templated":true}]}}