{"id":215823,"date":"2024-08-14T19:32:00","date_gmt":"2024-08-14T19:32:00","guid":{"rendered":"https:\/\/www.webdo.tn\/fr\/blog\/nabil-ammar-representera-la-tunisie-lors-des-commemorations-du-debarquement-en-provence\/215823\/"},"modified":"2025-05-21T09:04:16","modified_gmt":"2025-05-21T09:04:16","slug":"nabil-ammar-representera-la-tunisie-lors-des-commemorations-du-debarquement-en-provence","status":"publish","type":"post","link":"https:\/\/www.webdo.tn\/fr\/actualite\/national\/nabil-ammar-representera-la-tunisie-lors-des-commemorations-du-debarquement-en-provence\/215823\/","title":{"rendered":"Nabil Ammar repr\u00e9sentera la Tunisie lors des comm\u00e9morations du d\u00e9barquement en Provence"},"content":{"rendered":"<p>Sur instruction du pr\u00e9sident Ka\u00efs Sa\u00efed, Nabil Ammar, ministre des Affaires \u00e9trang\u00e8res, de la Migration et des Tunisiens \u00e0 l&rsquo;\u00e9tranger, repr\u00e9sentera la Tunisie lors de la c\u00e9r\u00e9monie internationale c\u00e9l\u00e9brant le 80e anniversaire du d\u00e9barquement des Alli\u00e9s en Provence.<\/p>\n<p>\t\t\t\t\t\t\t\t\tPr\u00e9vu pour le 15 ao\u00fbt 2024 \u00e0 Toulon, cet \u00e9v\u00e9nement r\u00e9unira le pr\u00e9sident fran\u00e7ais et divers dignitaires internationaux.<\/p>\n<p>La c\u00e9r\u00e9monie comm\u00e9more le d\u00e9barquement en Provence de 1944, \u00e9galement connu sous le nom d\u2019op\u00e9ration Anvil-Dragoon. Cette op\u00e9ration militaire majeure visait \u00e0 ouvrir un nouveau front en France pour all\u00e9ger la pression sur les troupes alli\u00e9es sur le front occidental apr\u00e8s le d\u00e9barquement en Normandie.<\/p>\n<p>L\u2019\u00e9v\u00e9nement honore la m\u00e9moire des soldats alli\u00e9s, dont plusieurs Tunisiens int\u00e9gr\u00e9s dans les r\u00e9giments de tirailleurs ont jou\u00e9 un r\u00f4le crucial dans la lib\u00e9ration de la France et la d\u00e9faite de l&rsquo;Allemagne nazie.<\/p>\n<p>La pr\u00e9sence tunisienne \u00e0 cet \u00e9v\u00e9nement met en lumi\u00e8re les liens historiques et les sacrifices partag\u00e9s entre les nations durant cette p\u00e9riode d\u00e9cisive de l&rsquo;histoire.<\/p>\n","protected":false},"excerpt":{"rendered":"<p>Le 15 ao\u00fbt 2024, Nabil Ammar, ministre des Affaires \u00e9trang\u00e8res, repr\u00e9sentera la Tunisie lors des c\u00e9l\u00e9brations du 80e anniversaire du d\u00e9barquement en Provence \u00e0&#8230;<\/p>\n","protected":false},"author":3166,"featured_media":246769,"comment_status":"open","ping_status":"closed","sticky":false,"template":"","format":"standard","meta":{"footnotes":""},"categories":[44],"tags":[5914,5913,5912,2608],"class_list":["post-215823","post","type-post","status-publish","format-standard","has-post-thumbnail","hentry","category-national","tag-5914","tag-debarquement-en-provence","tag-nabil-ammar","tag-tunisie"],"yoast_head":"<!-- This site is optimized with the Yoast SEO Premium plugin v27.5 (Yoast SEO v27.5) - https:\/\/yoast.com\/product\/yoast-seo-premium-wordpress\/ -->\n<title>Nabil Ammar repr\u00e9sentera la Tunisie lors des comm\u00e9morations du d\u00e9barquement en Provence<\/title>\n<meta name=\"description\" content=\"Le 15 ao\u00fbt 2024, Nabil Ammar, ministre des Affaires \u00e9trang\u00e8res, repr\u00e9sentera la Tunisie lors des c\u00e9l\u00e9brations du 80e anniversaire du d\u00e9barquement en Provence \u00e0...\" \/>\n<link rel=\"canonical\" href=\"https:\/\/www.webdo.tn\/fr\/actualite\/national\/nabil-ammar-representera-la-tunisie-lors-des-commemorations-du-debarquement-en-provence\/215823\/\" \/>\n<meta property=\"og:locale\" content=\"fr_FR\" \/>\n<meta property=\"og:type\" content=\"article\" \/>\n<meta property=\"og:title\" content=\"Nabil Ammar repr\u00e9sentera la Tunisie lors des comm\u00e9morations du d\u00e9barquement en Provence\" \/>\n<meta property=\"og:description\" content=\"Le 15 ao\u00fbt 2024, Nabil Ammar, ministre des Affaires \u00e9trang\u00e8res, repr\u00e9sentera la Tunisie lors des c\u00e9l\u00e9brations du 80e anniversaire du d\u00e9barquement en Provence \u00e0...\" \/>\n<meta property=\"og:url\" content=\"https:\/\/www.webdo.tn\/fr\/actualite\/national\/nabil-ammar-representera-la-tunisie-lors-des-commemorations-du-debarquement-en-provence\/215823\/\" \/>\n<meta property=\"og:site_name\" content=\"webdo\" \/>\n<meta property=\"article:publisher\" content=\"https:\/\/www.facebook.com\/webdotn\" \/>\n<meta property=\"article:published_time\" content=\"2024-08-14T19:32:00+00:00\" \/>\n<meta property=\"article:modified_time\" content=\"2025-05-21T09:04:16+00:00\" \/>\n<meta property=\"og:image\" content=\"https:\/\/www.webdo.tn\/fr\/wp-content\/uploads\/2024\/08\/590b3dd962e9876d189f6ccece10b8ac.webp\" \/>\n\t<meta property=\"og:image:width\" content=\"750\" \/>\n\t<meta property=\"og:image:height\" content=\"400\" \/>\n\t<meta property=\"og:image:type\" content=\"image\/webp\" \/>\n<meta name=\"author\" content=\"AZ\" \/>\n<meta name=\"twitter:card\" content=\"summary_large_image\" \/>\n<meta name=\"twitter:creator\" content=\"@webdo_tn\" \/>\n<meta name=\"twitter:site\" content=\"@webdo_tn\" \/>\n<meta name=\"twitter:label1\" content=\"\u00c9crit par\" \/>\n\t<meta name=\"twitter:data1\" content=\"AZ\" \/>\n\t<meta name=\"twitter:label2\" content=\"Dur\u00e9e de lecture estim\u00e9e\" \/>\n\t<meta name=\"twitter:data2\" content=\"1 minute\" \/>\n<script type=\"application\/ld+json\" class=\"yoast-schema-graph\">{\"@context\":\"https:\\\/\\\/schema.org\",\"@graph\":[{\"@type\":\"NewsArticle\",\"@id\":\"https:\\\/\\\/www.webdo.tn\\\/fr\\\/actualite\\\/national\\\/nabil-ammar-representera-la-tunisie-lors-des-commemorations-du-debarquement-en-provence\\\/215823\\\/#article\",\"isPartOf\":{\"@id\":\"https:\\\/\\\/www.webdo.tn\\\/fr\\\/actualite\\\/national\\\/nabil-ammar-representera-la-tunisie-lors-des-commemorations-du-debarquement-en-provence\\\/215823\\\/\"},\"author\":{\"name\":\"AZ\",\"@id\":\"https:\\\/\\\/www.webdo.tn\\\/fr\\\/#\\\/schema\\\/person\\\/b8a41c04d93287d375510db360906b34\"},\"headline\":\"Nabil Ammar repr\u00e9sentera la Tunisie lors des comm\u00e9morations du d\u00e9barquement en Provence\",\"datePublished\":\"2024-08-14T19:32:00+00:00\",\"dateModified\":\"2025-05-21T09:04:16+00:00\",\"mainEntityOfPage\":{\"@id\":\"https:\\\/\\\/www.webdo.tn\\\/fr\\\/actualite\\\/national\\\/nabil-ammar-representera-la-tunisie-lors-des-commemorations-du-debarquement-en-provence\\\/215823\\\/\"},\"wordCount\":214,\"commentCount\":0,\"publisher\":{\"@id\":\"https:\\\/\\\/www.webdo.tn\\\/fr\\\/#organization\"},\"image\":{\"@id\":\"https:\\\/\\\/www.webdo.tn\\\/fr\\\/actualite\\\/national\\\/nabil-ammar-representera-la-tunisie-lors-des-commemorations-du-debarquement-en-provence\\\/215823\\\/#primaryimage\"},\"thumbnailUrl\":\"https:\\\/\\\/www.webdo.tn\\\/fr\\\/wp-content\\\/uploads\\\/2024\\\/08\\\/590b3dd962e9876d189f6ccece10b8ac.webp\",\"keywords\":[\"1944\",\"D\u00e9barquement en Provence\",\"Nabil Ammar\",\"Tunisie\"],\"articleSection\":[\"National\"],\"inLanguage\":\"fr-FR\"},{\"@type\":\"WebPage\",\"@id\":\"https:\\\/\\\/www.webdo.tn\\\/fr\\\/actualite\\\/national\\\/nabil-ammar-representera-la-tunisie-lors-des-commemorations-du-debarquement-en-provence\\\/215823\\\/\",\"url\":\"https:\\\/\\\/www.webdo.tn\\\/fr\\\/actualite\\\/national\\\/nabil-ammar-representera-la-tunisie-lors-des-commemorations-du-debarquement-en-provence\\\/215823\\\/\",\"name\":\"Nabil Ammar repr\u00e9sentera la Tunisie lors des comm\u00e9morations du d\u00e9barquement en Provence\",\"isPartOf\":{\"@id\":\"https:\\\/\\\/www.webdo.tn\\\/fr\\\/#website\"},\"primaryImageOfPage\":{\"@id\":\"https:\\\/\\\/www.webdo.tn\\\/fr\\\/actualite\\\/national\\\/nabil-ammar-representera-la-tunisie-lors-des-commemorations-du-debarquement-en-provence\\\/215823\\\/#primaryimage\"},\"image\":{\"@id\":\"https:\\\/\\\/www.webdo.tn\\\/fr\\\/actualite\\\/national\\\/nabil-ammar-representera-la-tunisie-lors-des-commemorations-du-debarquement-en-provence\\\/215823\\\/#primaryimage\"},\"thumbnailUrl\":\"https:\\\/\\\/www.webdo.tn\\\/fr\\\/wp-content\\\/uploads\\\/2024\\\/08\\\/590b3dd962e9876d189f6ccece10b8ac.webp\",\"datePublished\":\"2024-08-14T19:32:00+00:00\",\"dateModified\":\"2025-05-21T09:04:16+00:00\",\"description\":\"Le 15 ao\u00fbt 2024, Nabil Ammar, ministre des Affaires \u00e9trang\u00e8res, repr\u00e9sentera la Tunisie lors des c\u00e9l\u00e9brations du 80e anniversaire du d\u00e9barquement en Provence \u00e0...\",\"breadcrumb\":{\"@id\":\"https:\\\/\\\/www.webdo.tn\\\/fr\\\/actualite\\\/national\\\/nabil-ammar-representera-la-tunisie-lors-des-commemorations-du-debarquement-en-provence\\\/215823\\\/#breadcrumb\"},\"inLanguage\":\"fr-FR\",\"potentialAction\":[{\"@type\":\"ReadAction\",\"target\":[\"https:\\\/\\\/www.webdo.tn\\\/fr\\\/actualite\\\/national\\\/nabil-ammar-representera-la-tunisie-lors-des-commemorations-du-debarquement-en-provence\\\/215823\\\/\"]}]},{\"@type\":\"ImageObject\",\"inLanguage\":\"fr-FR\",\"@id\":\"https:\\\/\\\/www.webdo.tn\\\/fr\\\/actualite\\\/national\\\/nabil-ammar-representera-la-tunisie-lors-des-commemorations-du-debarquement-en-provence\\\/215823\\\/#primaryimage\",\"url\":\"https:\\\/\\\/www.webdo.tn\\\/fr\\\/wp-content\\\/uploads\\\/2024\\\/08\\\/590b3dd962e9876d189f6ccece10b8ac.webp\",\"contentUrl\":\"https:\\\/\\\/www.webdo.tn\\\/fr\\\/wp-content\\\/uploads\\\/2024\\\/08\\\/590b3dd962e9876d189f6ccece10b8ac.webp\",\"width\":750,\"height\":400,\"caption\":\"Nabil Ammar repr\u00e9sentera la Tunisie lors des comm\u00e9morations du d\u00e9barquement en Provence\"},{\"@type\":\"BreadcrumbList\",\"@id\":\"https:\\\/\\\/www.webdo.tn\\\/fr\\\/actualite\\\/national\\\/nabil-ammar-representera-la-tunisie-lors-des-commemorations-du-debarquement-en-provence\\\/215823\\\/#breadcrumb\",\"itemListElement\":[{\"@type\":\"ListItem\",\"position\":1,\"name\":\"Accueil\",\"item\":\"https:\\\/\\\/www.webdo.tn\\\/fr\\\/\"},{\"@type\":\"ListItem\",\"position\":2,\"name\":\"Nabil Ammar repr\u00e9sentera la Tunisie lors des comm\u00e9morations du d\u00e9barquement en Provence\"}]},{\"@type\":\"WebSite\",\"@id\":\"https:\\\/\\\/www.webdo.tn\\\/fr\\\/#website\",\"url\":\"https:\\\/\\\/www.webdo.tn\\\/fr\\\/\",\"name\":\"webdo\",\"description\":\"Tunisie - News en Tunisie et \u00e0 l&#039;international sur Webdo.tn\",\"publisher\":{\"@id\":\"https:\\\/\\\/www.webdo.tn\\\/fr\\\/#organization\"},\"potentialAction\":[{\"@type\":\"SearchAction\",\"target\":{\"@type\":\"EntryPoint\",\"urlTemplate\":\"https:\\\/\\\/www.webdo.tn\\\/fr\\\/?s={search_term_string}\"},\"query-input\":{\"@type\":\"PropertyValueSpecification\",\"valueRequired\":true,\"valueName\":\"search_term_string\"}}],\"inLanguage\":\"fr-FR\"},{\"@type\":\"Organization\",\"@id\":\"https:\\\/\\\/www.webdo.tn\\\/fr\\\/#organization\",\"name\":\"Webdo\",\"alternateName\":\"Webdo.tn\",\"url\":\"https:\\\/\\\/www.webdo.tn\\\/fr\\\/\",\"logo\":{\"@type\":\"ImageObject\",\"inLanguage\":\"fr-FR\",\"@id\":\"https:\\\/\\\/www.webdo.tn\\\/fr\\\/#\\\/schema\\\/logo\\\/image\\\/\",\"url\":\"https:\\\/\\\/www.webdo.tn\\\/fr\\\/wp-content\\\/uploads\\\/2025\\\/06\\\/Webdo-Tunisie_168377.jpg\",\"contentUrl\":\"https:\\\/\\\/www.webdo.tn\\\/fr\\\/wp-content\\\/uploads\\\/2025\\\/06\\\/Webdo-Tunisie_168377.jpg\",\"width\":301,\"height\":301,\"caption\":\"Webdo\"},\"image\":{\"@id\":\"https:\\\/\\\/www.webdo.tn\\\/fr\\\/#\\\/schema\\\/logo\\\/image\\\/\"},\"sameAs\":[\"https:\\\/\\\/www.facebook.com\\\/webdotn\",\"https:\\\/\\\/x.com\\\/webdo_tn\"],\"description\":\"Webdo est un m\u00e9dia num\u00e9rique tunisien fond\u00e9 en 2010, sp\u00e9cialis\u00e9 dans l\u2019actualit\u00e9 nationale et internationale, l\u2019\u00e9conomie, la soci\u00e9t\u00e9 et les analyses politiques. Le site s\u2019adresse \u00e0 un large public francophone et couvre l\u2019information tunisienne en temps r\u00e9el.\",\"email\":\"redac@webdo.tn\",\"legalName\":\"YNJ SARL\",\"foundingDate\":\"2010-09-06\",\"numberOfEmployees\":{\"@type\":\"QuantitativeValue\",\"minValue\":\"11\",\"maxValue\":\"50\"}},{\"@type\":\"Person\",\"@id\":\"https:\\\/\\\/www.webdo.tn\\\/fr\\\/#\\\/schema\\\/person\\\/b8a41c04d93287d375510db360906b34\",\"name\":\"AZ\",\"image\":{\"@type\":\"ImageObject\",\"inLanguage\":\"fr-FR\",\"@id\":\"https:\\\/\\\/secure.gravatar.com\\\/avatar\\\/492b80bada79439de4201dce15cd41eece6c277cfdf1b53382073c79105c1f89?s=96&d=mm&r=g\",\"url\":\"https:\\\/\\\/secure.gravatar.com\\\/avatar\\\/492b80bada79439de4201dce15cd41eece6c277cfdf1b53382073c79105c1f89?s=96&d=mm&r=g\",\"contentUrl\":\"https:\\\/\\\/secure.gravatar.com\\\/avatar\\\/492b80bada79439de4201dce15cd41eece6c277cfdf1b53382073c79105c1f89?s=96&d=mm&r=g\",\"caption\":\"AZ\"},\"url\":\"https:\\\/\\\/www.webdo.tn\\\/fr\\\/actualite\\\/author\\\/az\\\/\"}]}<\/script>\n<!-- \/ Yoast SEO Premium plugin. -->","yoast_head_json":{"title":"Nabil Ammar repr\u00e9sentera la Tunisie lors des comm\u00e9morations du d\u00e9barquement en Provence","description":"Le 15 ao\u00fbt 2024, Nabil Ammar, ministre des Affaires \u00e9trang\u00e8res, repr\u00e9sentera la Tunisie lors des c\u00e9l\u00e9brations du 80e anniversaire du d\u00e9barquement en Provence \u00e0...","canonical":"https:\/\/www.webdo.tn\/fr\/actualite\/national\/nabil-ammar-representera-la-tunisie-lors-des-commemorations-du-debarquement-en-provence\/215823\/","og_locale":"fr_FR","og_type":"article","og_title":"Nabil Ammar repr\u00e9sentera la Tunisie lors des comm\u00e9morations du d\u00e9barquement en Provence","og_description":"Le 15 ao\u00fbt 2024, Nabil Ammar, ministre des Affaires \u00e9trang\u00e8res, repr\u00e9sentera la Tunisie lors des c\u00e9l\u00e9brations du 80e anniversaire du d\u00e9barquement en Provence \u00e0...","og_url":"https:\/\/www.webdo.tn\/fr\/actualite\/national\/nabil-ammar-representera-la-tunisie-lors-des-commemorations-du-debarquement-en-provence\/215823\/","og_site_name":"webdo","article_publisher":"https:\/\/www.facebook.com\/webdotn","article_published_time":"2024-08-14T19:32:00+00:00","article_modified_time":"2025-05-21T09:04:16+00:00","og_image":[{"width":750,"height":400,"url":"https:\/\/www.webdo.tn\/fr\/wp-content\/uploads\/2024\/08\/590b3dd962e9876d189f6ccece10b8ac.webp","type":"image\/webp"}],"author":"AZ","twitter_card":"summary_large_image","twitter_creator":"@webdo_tn","twitter_site":"@webdo_tn","twitter_misc":{"\u00c9crit par":"AZ","Dur\u00e9e de lecture estim\u00e9e":"1 minute"},"schema":{"@context":"https:\/\/schema.org","@graph":[{"@type":"NewsArticle","@id":"https:\/\/www.webdo.tn\/fr\/actualite\/national\/nabil-ammar-representera-la-tunisie-lors-des-commemorations-du-debarquement-en-provence\/215823\/#article","isPartOf":{"@id":"https:\/\/www.webdo.tn\/fr\/actualite\/national\/nabil-ammar-representera-la-tunisie-lors-des-commemorations-du-debarquement-en-provence\/215823\/"},"author":{"name":"AZ","@id":"https:\/\/www.webdo.tn\/fr\/#\/schema\/person\/b8a41c04d93287d375510db360906b34"},"headline":"Nabil Ammar repr\u00e9sentera la Tunisie lors des comm\u00e9morations du d\u00e9barquement en Provence","datePublished":"2024-08-14T19:32:00+00:00","dateModified":"2025-05-21T09:04:16+00:00","mainEntityOfPage":{"@id":"https:\/\/www.webdo.tn\/fr\/actualite\/national\/nabil-ammar-representera-la-tunisie-lors-des-commemorations-du-debarquement-en-provence\/215823\/"},"wordCount":214,"commentCount":0,"publisher":{"@id":"https:\/\/www.webdo.tn\/fr\/#organization"},"image":{"@id":"https:\/\/www.webdo.tn\/fr\/actualite\/national\/nabil-ammar-representera-la-tunisie-lors-des-commemorations-du-debarquement-en-provence\/215823\/#primaryimage"},"thumbnailUrl":"https:\/\/www.webdo.tn\/fr\/wp-content\/uploads\/2024\/08\/590b3dd962e9876d189f6ccece10b8ac.webp","keywords":["1944","D\u00e9barquement en Provence","Nabil Ammar","Tunisie"],"articleSection":["National"],"inLanguage":"fr-FR"},{"@type":"WebPage","@id":"https:\/\/www.webdo.tn\/fr\/actualite\/national\/nabil-ammar-representera-la-tunisie-lors-des-commemorations-du-debarquement-en-provence\/215823\/","url":"https:\/\/www.webdo.tn\/fr\/actualite\/national\/nabil-ammar-representera-la-tunisie-lors-des-commemorations-du-debarquement-en-provence\/215823\/","name":"Nabil Ammar repr\u00e9sentera la Tunisie lors des comm\u00e9morations du d\u00e9barquement en Provence","isPartOf":{"@id":"https:\/\/www.webdo.tn\/fr\/#website"},"primaryImageOfPage":{"@id":"https:\/\/www.webdo.tn\/fr\/actualite\/national\/nabil-ammar-representera-la-tunisie-lors-des-commemorations-du-debarquement-en-provence\/215823\/#primaryimage"},"image":{"@id":"https:\/\/www.webdo.tn\/fr\/actualite\/national\/nabil-ammar-representera-la-tunisie-lors-des-commemorations-du-debarquement-en-provence\/215823\/#primaryimage"},"thumbnailUrl":"https:\/\/www.webdo.tn\/fr\/wp-content\/uploads\/2024\/08\/590b3dd962e9876d189f6ccece10b8ac.webp","datePublished":"2024-08-14T19:32:00+00:00","dateModified":"2025-05-21T09:04:16+00:00","description":"Le 15 ao\u00fbt 2024, Nabil Ammar, ministre des Affaires \u00e9trang\u00e8res, repr\u00e9sentera la Tunisie lors des c\u00e9l\u00e9brations du 80e anniversaire du d\u00e9barquement en Provence \u00e0...","breadcrumb":{"@id":"https:\/\/www.webdo.tn\/fr\/actualite\/national\/nabil-ammar-representera-la-tunisie-lors-des-commemorations-du-debarquement-en-provence\/215823\/#breadcrumb"},"inLanguage":"fr-FR","potentialAction":[{"@type":"ReadAction","target":["https:\/\/www.webdo.tn\/fr\/actualite\/national\/nabil-ammar-representera-la-tunisie-lors-des-commemorations-du-debarquement-en-provence\/215823\/"]}]},{"@type":"ImageObject","inLanguage":"fr-FR","@id":"https:\/\/www.webdo.tn\/fr\/actualite\/national\/nabil-ammar-representera-la-tunisie-lors-des-commemorations-du-debarquement-en-provence\/215823\/#primaryimage","url":"https:\/\/www.webdo.tn\/fr\/wp-content\/uploads\/2024\/08\/590b3dd962e9876d189f6ccece10b8ac.webp","contentUrl":"https:\/\/www.webdo.tn\/fr\/wp-content\/uploads\/2024\/08\/590b3dd962e9876d189f6ccece10b8ac.webp","width":750,"height":400,"caption":"Nabil Ammar repr\u00e9sentera la Tunisie lors des comm\u00e9morations du d\u00e9barquement en Provence"},{"@type":"BreadcrumbList","@id":"https:\/\/www.webdo.tn\/fr\/actualite\/national\/nabil-ammar-representera-la-tunisie-lors-des-commemorations-du-debarquement-en-provence\/215823\/#breadcrumb","itemListElement":[{"@type":"ListItem","position":1,"name":"Accueil","item":"https:\/\/www.webdo.tn\/fr\/"},{"@type":"ListItem","position":2,"name":"Nabil Ammar repr\u00e9sentera la Tunisie lors des comm\u00e9morations du d\u00e9barquement en Provence"}]},{"@type":"WebSite","@id":"https:\/\/www.webdo.tn\/fr\/#website","url":"https:\/\/www.webdo.tn\/fr\/","name":"webdo","description":"Tunisie - News en Tunisie et \u00e0 l&#039;international sur Webdo.tn","publisher":{"@id":"https:\/\/www.webdo.tn\/fr\/#organization"},"potentialAction":[{"@type":"SearchAction","target":{"@type":"EntryPoint","urlTemplate":"https:\/\/www.webdo.tn\/fr\/?s={search_term_string}"},"query-input":{"@type":"PropertyValueSpecification","valueRequired":true,"valueName":"search_term_string"}}],"inLanguage":"fr-FR"},{"@type":"Organization","@id":"https:\/\/www.webdo.tn\/fr\/#organization","name":"Webdo","alternateName":"Webdo.tn","url":"https:\/\/www.webdo.tn\/fr\/","logo":{"@type":"ImageObject","inLanguage":"fr-FR","@id":"https:\/\/www.webdo.tn\/fr\/#\/schema\/logo\/image\/","url":"https:\/\/www.webdo.tn\/fr\/wp-content\/uploads\/2025\/06\/Webdo-Tunisie_168377.jpg","contentUrl":"https:\/\/www.webdo.tn\/fr\/wp-content\/uploads\/2025\/06\/Webdo-Tunisie_168377.jpg","width":301,"height":301,"caption":"Webdo"},"image":{"@id":"https:\/\/www.webdo.tn\/fr\/#\/schema\/logo\/image\/"},"sameAs":["https:\/\/www.facebook.com\/webdotn","https:\/\/x.com\/webdo_tn"],"description":"Webdo est un m\u00e9dia num\u00e9rique tunisien fond\u00e9 en 2010, sp\u00e9cialis\u00e9 dans l\u2019actualit\u00e9 nationale et internationale, l\u2019\u00e9conomie, la soci\u00e9t\u00e9 et les analyses politiques. Le site s\u2019adresse \u00e0 un large public francophone et couvre l\u2019information tunisienne en temps r\u00e9el.","email":"redac@webdo.tn","legalName":"YNJ SARL","foundingDate":"2010-09-06","numberOfEmployees":{"@type":"QuantitativeValue","minValue":"11","maxValue":"50"}},{"@type":"Person","@id":"https:\/\/www.webdo.tn\/fr\/#\/schema\/person\/b8a41c04d93287d375510db360906b34","name":"AZ","image":{"@type":"ImageObject","inLanguage":"fr-FR","@id":"https:\/\/secure.gravatar.com\/avatar\/492b80bada79439de4201dce15cd41eece6c277cfdf1b53382073c79105c1f89?s=96&d=mm&r=g","url":"https:\/\/secure.gravatar.com\/avatar\/492b80bada79439de4201dce15cd41eece6c277cfdf1b53382073c79105c1f89?s=96&d=mm&r=g","contentUrl":"https:\/\/secure.gravatar.com\/avatar\/492b80bada79439de4201dce15cd41eece6c277cfdf1b53382073c79105c1f89?s=96&d=mm&r=g","caption":"AZ"},"url":"https:\/\/www.webdo.tn\/fr\/actualite\/author\/az\/"}]}},"_links":{"self":[{"href":"https:\/\/www.webdo.tn\/fr\/wp-json\/wp\/v2\/posts\/215823","targetHints":{"allow":["GET"]}}],"collection":[{"href":"https:\/\/www.webdo.tn\/fr\/wp-json\/wp\/v2\/posts"}],"about":[{"href":"https:\/\/www.webdo.tn\/fr\/wp-json\/wp\/v2\/types\/post"}],"author":[{"embeddable":true,"href":"https:\/\/www.webdo.tn\/fr\/wp-json\/wp\/v2\/users\/3166"}],"replies":[{"embeddable":true,"href":"https:\/\/www.webdo.tn\/fr\/wp-json\/wp\/v2\/comments?post=215823"}],"version-history":[{"count":0,"href":"https:\/\/www.webdo.tn\/fr\/wp-json\/wp\/v2\/posts\/215823\/revisions"}],"wp:featuredmedia":[{"embeddable":true,"href":"https:\/\/www.webdo.tn\/fr\/wp-json\/wp\/v2\/media\/246769"}],"wp:attachment":[{"href":"https:\/\/www.webdo.tn\/fr\/wp-json\/wp\/v2\/media?parent=215823"}],"wp:term":[{"taxonomy":"category","embeddable":true,"href":"https:\/\/www.webdo.tn\/fr\/wp-json\/wp\/v2\/categories?post=215823"},{"taxonomy":"post_tag","embeddable":true,"href":"https:\/\/www.webdo.tn\/fr\/wp-json\/wp\/v2\/tags?post=215823"}],"curies":[{"name":"wp","href":"https:\/\/api.w.org\/{rel}","templated":true}]}}