{"id":215820,"date":"2024-08-14T18:48:00","date_gmt":"2024-08-14T18:48:00","guid":{"rendered":"https:\/\/www.webdo.tn\/fr\/blog\/k2rhym-condamne-a-quatre-ans-de-prison\/215820\/"},"modified":"2025-05-21T09:06:38","modified_gmt":"2025-05-21T09:06:38","slug":"k2rhym-condamne-a-quatre-ans-de-prison","status":"publish","type":"post","link":"https:\/\/www.webdo.tn\/fr\/actualite\/national\/k2rhym-condamne-a-quatre-ans-de-prison\/215820\/","title":{"rendered":"K2rhym condamn\u00e9 \u00e0 quatre ans de prison"},"content":{"rendered":"<p>Ce mercredi 14 ao\u00fbt 2024, la chambre correctionnelle du tribunal de premi\u00e8re instance de Jendouba a condamn\u00e9 le rappeur Karim Gharbi, alias K2rhym, \u00e0 quatre ans de prison, \u00e0 une amende de 5 000 dinars, et l&rsquo;a priv\u00e9 \u00e0 vie de se pr\u00e9senter \u00e0 toute \u00e9lection. Cette d\u00e9cision fait suite \u00e0 des accusations de collecte ill\u00e9gale de parrainages contre r\u00e9tributions financi\u00e8res.<\/p>\n<p>\t\t\t\t\t\t\t\t\tDans la m\u00eame affaire, le pr\u00e9sident du conseil local de Jendouba a \u00e9t\u00e9 condamn\u00e9 \u00e0 un an de prison et \u00e0 une amende de 1 000 dinars. Une femme, jug\u00e9e par contumace, a \u00e9cop\u00e9 de quatre ans de prison avec ex\u00e9cution imm\u00e9diate, une amende de 5 000 dinars, et a \u00e9t\u00e9 priv\u00e9e de son droit de vote pour une dur\u00e9e de six ans. Ces sentences ont \u00e9t\u00e9 prononc\u00e9es apr\u00e8s que le tribunal a confirm\u00e9 les accusations port\u00e9es par le minist\u00e8re public, concernant la collecte de parrainages en \u00e9change de r\u00e9tributions financi\u00e8res, selon les d\u00e9clarations&rsquo; du porte-parole du tribunal, Alaeddine Aouadi, \u00e0 l&rsquo;Agence Tunis Afrique Presse (TAP).<\/p>\n<p>Les condamnations font suite \u00e0 une enqu\u00eate men\u00e9e par la police judiciaire de Jendouba. Le procureur avait \u00e9mis un mandat de d\u00e9p\u00f4t contre les accus\u00e9s pour tentative d&rsquo;influence sur les \u00e9lecteurs, en violation de l&rsquo;article 161 du code \u00e9lectoral de 2014. L&rsquo;enqu\u00eate a r\u00e9v\u00e9l\u00e9 que des dons en argent ou en nature avaient \u00e9t\u00e9 offerts pour influencer les \u00e9lecteurs et inciter certains \u00e0 s&rsquo;abstenir de voter.<\/p>\n<p>La chambre correctionnelle de Jendouba a \u00e9galement rendu des jugements sur d&rsquo;autres suspects impliqu\u00e9s dans cette affaire. Quatre femmes, interpell\u00e9es en juillet pour avoir achet\u00e9 des parrainages, ont \u00e9t\u00e9 condamn\u00e9es \u00e0 des peines de prison allant de deux \u00e0 quatre ans et priv\u00e9es de leur droit de vote pendant dix ans. Les enqu\u00eates se poursuivent pour \u00e9tablir l&rsquo;\u00e9tendue compl\u00e8te des responsabilit\u00e9s.<\/p>\n<p>Pour rappel, la candidature de Karim Gharbi aux \u00e9lections pr\u00e9sidentielles avait \u00e9t\u00e9 rejet\u00e9e par l&rsquo;Instance Sup\u00e9rieure Ind\u00e9pendante pour les \u00c9lections (ISIE). Il avait pr\u00e9c\u00e9demment exprim\u00e9 son m\u00e9contentement sur les r\u00e9seaux sociaux en raison du manque du bulletin n\u00b03, un document essentiel pour sa candidature.<\/p>\n","protected":false},"excerpt":{"rendered":"<p>Le tribunal de premi\u00e8re instance de Jendouba a condamn\u00e9 le rappeur Karim Gharbi \u00e0 quatre ans de prison et \u00e0 une interdiction \u00e0 vie de se pr\u00e9senter aux \u00e9lections&#8230;<\/p>\n","protected":false},"author":3166,"featured_media":290952,"comment_status":"open","ping_status":"closed","sticky":false,"template":"","format":"standard","meta":{"footnotes":""},"categories":[44],"tags":[10363,4428,6108,5696,2608],"class_list":["post-215820","post","type-post","status-publish","format-standard","has-post-thumbnail","hentry","category-national","tag-karim-gharbi","tag-election-presidentielle","tag-k2rhym","tag-parrainage","tag-tunisie"],"yoast_head":"<!-- This site is optimized with the Yoast SEO Premium plugin v27.4 (Yoast SEO v27.5) - https:\/\/yoast.com\/product\/yoast-seo-premium-wordpress\/ -->\n<title>K2rhym condamn\u00e9 \u00e0 quatre ans de prison<\/title>\n<meta name=\"description\" content=\"Le tribunal de premi\u00e8re instance de Jendouba a condamn\u00e9 le rappeur Karim Gharbi \u00e0 quatre ans de prison et \u00e0 une interdiction \u00e0 vie de se pr\u00e9senter aux \u00e9lections...\" \/>\n<link rel=\"canonical\" href=\"https:\/\/www.webdo.tn\/fr\/actualite\/national\/k2rhym-condamne-a-quatre-ans-de-prison\/215820\/\" \/>\n<meta property=\"og:locale\" content=\"fr_FR\" \/>\n<meta property=\"og:type\" content=\"article\" \/>\n<meta property=\"og:title\" content=\"K2rhym condamn\u00e9 \u00e0 quatre ans de prison\" \/>\n<meta property=\"og:description\" content=\"Le tribunal de premi\u00e8re instance de Jendouba a condamn\u00e9 le rappeur Karim Gharbi \u00e0 quatre ans de prison et \u00e0 une interdiction \u00e0 vie de se pr\u00e9senter aux \u00e9lections...\" \/>\n<meta property=\"og:url\" content=\"https:\/\/www.webdo.tn\/fr\/actualite\/national\/k2rhym-condamne-a-quatre-ans-de-prison\/215820\/\" \/>\n<meta property=\"og:site_name\" content=\"webdo\" \/>\n<meta property=\"article:publisher\" content=\"https:\/\/www.facebook.com\/webdotn\" \/>\n<meta property=\"article:published_time\" content=\"2024-08-14T18:48:00+00:00\" \/>\n<meta property=\"article:modified_time\" content=\"2025-05-21T09:06:38+00:00\" \/>\n<meta property=\"og:image\" content=\"https:\/\/www.webdo.tn\/fr\/wp-content\/uploads\/2024\/08\/81cc8cfced8fba8e7d273fceb3add892.webp\" \/>\n\t<meta property=\"og:image:width\" content=\"750\" \/>\n\t<meta property=\"og:image:height\" content=\"400\" \/>\n\t<meta property=\"og:image:type\" content=\"image\/webp\" \/>\n<meta name=\"author\" content=\"AZ\" \/>\n<meta name=\"twitter:card\" content=\"summary_large_image\" \/>\n<meta name=\"twitter:creator\" content=\"@webdo_tn\" \/>\n<meta name=\"twitter:site\" content=\"@webdo_tn\" \/>\n<meta name=\"twitter:label1\" content=\"\u00c9crit par\" \/>\n\t<meta name=\"twitter:data1\" content=\"AZ\" \/>\n\t<meta name=\"twitter:label2\" content=\"Dur\u00e9e de lecture estim\u00e9e\" \/>\n\t<meta name=\"twitter:data2\" content=\"2 minutes\" \/>\n<script type=\"application\/ld+json\" class=\"yoast-schema-graph\">{\"@context\":\"https:\\\/\\\/schema.org\",\"@graph\":[{\"@type\":\"NewsArticle\",\"@id\":\"https:\\\/\\\/www.webdo.tn\\\/fr\\\/actualite\\\/national\\\/k2rhym-condamne-a-quatre-ans-de-prison\\\/215820\\\/#article\",\"isPartOf\":{\"@id\":\"https:\\\/\\\/www.webdo.tn\\\/fr\\\/actualite\\\/national\\\/k2rhym-condamne-a-quatre-ans-de-prison\\\/215820\\\/\"},\"author\":{\"name\":\"AZ\",\"@id\":\"https:\\\/\\\/www.webdo.tn\\\/fr\\\/#\\\/schema\\\/person\\\/b8a41c04d93287d375510db360906b34\"},\"headline\":\"K2rhym condamn\u00e9 \u00e0 quatre ans de prison\",\"datePublished\":\"2024-08-14T18:48:00+00:00\",\"dateModified\":\"2025-05-21T09:06:38+00:00\",\"mainEntityOfPage\":{\"@id\":\"https:\\\/\\\/www.webdo.tn\\\/fr\\\/actualite\\\/national\\\/k2rhym-condamne-a-quatre-ans-de-prison\\\/215820\\\/\"},\"wordCount\":377,\"commentCount\":0,\"publisher\":{\"@id\":\"https:\\\/\\\/www.webdo.tn\\\/fr\\\/#organization\"},\"image\":{\"@id\":\"https:\\\/\\\/www.webdo.tn\\\/fr\\\/actualite\\\/national\\\/k2rhym-condamne-a-quatre-ans-de-prison\\\/215820\\\/#primaryimage\"},\"thumbnailUrl\":\"https:\\\/\\\/www.webdo.tn\\\/fr\\\/wp-content\\\/uploads\\\/2024\\\/08\\\/81cc8cfced8fba8e7d273fceb3add892.webp\",\"keywords\":[\"'Karim Gharbi']\",\"\u00e9lection pr\u00e9sidentielle\",\"k2rhym\",\"parrainage\",\"Tunisie\"],\"articleSection\":[\"National\"],\"inLanguage\":\"fr-FR\"},{\"@type\":\"WebPage\",\"@id\":\"https:\\\/\\\/www.webdo.tn\\\/fr\\\/actualite\\\/national\\\/k2rhym-condamne-a-quatre-ans-de-prison\\\/215820\\\/\",\"url\":\"https:\\\/\\\/www.webdo.tn\\\/fr\\\/actualite\\\/national\\\/k2rhym-condamne-a-quatre-ans-de-prison\\\/215820\\\/\",\"name\":\"K2rhym condamn\u00e9 \u00e0 quatre ans de prison\",\"isPartOf\":{\"@id\":\"https:\\\/\\\/www.webdo.tn\\\/fr\\\/#website\"},\"primaryImageOfPage\":{\"@id\":\"https:\\\/\\\/www.webdo.tn\\\/fr\\\/actualite\\\/national\\\/k2rhym-condamne-a-quatre-ans-de-prison\\\/215820\\\/#primaryimage\"},\"image\":{\"@id\":\"https:\\\/\\\/www.webdo.tn\\\/fr\\\/actualite\\\/national\\\/k2rhym-condamne-a-quatre-ans-de-prison\\\/215820\\\/#primaryimage\"},\"thumbnailUrl\":\"https:\\\/\\\/www.webdo.tn\\\/fr\\\/wp-content\\\/uploads\\\/2024\\\/08\\\/81cc8cfced8fba8e7d273fceb3add892.webp\",\"datePublished\":\"2024-08-14T18:48:00+00:00\",\"dateModified\":\"2025-05-21T09:06:38+00:00\",\"description\":\"Le tribunal de premi\u00e8re instance de Jendouba a condamn\u00e9 le rappeur Karim Gharbi \u00e0 quatre ans de prison et \u00e0 une interdiction \u00e0 vie de se pr\u00e9senter aux \u00e9lections...\",\"breadcrumb\":{\"@id\":\"https:\\\/\\\/www.webdo.tn\\\/fr\\\/actualite\\\/national\\\/k2rhym-condamne-a-quatre-ans-de-prison\\\/215820\\\/#breadcrumb\"},\"inLanguage\":\"fr-FR\",\"potentialAction\":[{\"@type\":\"ReadAction\",\"target\":[\"https:\\\/\\\/www.webdo.tn\\\/fr\\\/actualite\\\/national\\\/k2rhym-condamne-a-quatre-ans-de-prison\\\/215820\\\/\"]}]},{\"@type\":\"ImageObject\",\"inLanguage\":\"fr-FR\",\"@id\":\"https:\\\/\\\/www.webdo.tn\\\/fr\\\/actualite\\\/national\\\/k2rhym-condamne-a-quatre-ans-de-prison\\\/215820\\\/#primaryimage\",\"url\":\"https:\\\/\\\/www.webdo.tn\\\/fr\\\/wp-content\\\/uploads\\\/2024\\\/08\\\/81cc8cfced8fba8e7d273fceb3add892.webp\",\"contentUrl\":\"https:\\\/\\\/www.webdo.tn\\\/fr\\\/wp-content\\\/uploads\\\/2024\\\/08\\\/81cc8cfced8fba8e7d273fceb3add892.webp\",\"width\":750,\"height\":400,\"caption\":\"K2rhym condamn\u00e9 \u00e0 quatre ans de prison\"},{\"@type\":\"BreadcrumbList\",\"@id\":\"https:\\\/\\\/www.webdo.tn\\\/fr\\\/actualite\\\/national\\\/k2rhym-condamne-a-quatre-ans-de-prison\\\/215820\\\/#breadcrumb\",\"itemListElement\":[{\"@type\":\"ListItem\",\"position\":1,\"name\":\"Accueil\",\"item\":\"https:\\\/\\\/www.webdo.tn\\\/fr\\\/\"},{\"@type\":\"ListItem\",\"position\":2,\"name\":\"K2rhym condamn\u00e9 \u00e0 quatre ans de prison\"}]},{\"@type\":\"WebSite\",\"@id\":\"https:\\\/\\\/www.webdo.tn\\\/fr\\\/#website\",\"url\":\"https:\\\/\\\/www.webdo.tn\\\/fr\\\/\",\"name\":\"webdo\",\"description\":\"Tunisie - News en Tunisie et \u00e0 l&#039;international sur Webdo.tn\",\"publisher\":{\"@id\":\"https:\\\/\\\/www.webdo.tn\\\/fr\\\/#organization\"},\"potentialAction\":[{\"@type\":\"SearchAction\",\"target\":{\"@type\":\"EntryPoint\",\"urlTemplate\":\"https:\\\/\\\/www.webdo.tn\\\/fr\\\/?s={search_term_string}\"},\"query-input\":{\"@type\":\"PropertyValueSpecification\",\"valueRequired\":true,\"valueName\":\"search_term_string\"}}],\"inLanguage\":\"fr-FR\"},{\"@type\":\"Organization\",\"@id\":\"https:\\\/\\\/www.webdo.tn\\\/fr\\\/#organization\",\"name\":\"Webdo\",\"alternateName\":\"Webdo.tn\",\"url\":\"https:\\\/\\\/www.webdo.tn\\\/fr\\\/\",\"logo\":{\"@type\":\"ImageObject\",\"inLanguage\":\"fr-FR\",\"@id\":\"https:\\\/\\\/www.webdo.tn\\\/fr\\\/#\\\/schema\\\/logo\\\/image\\\/\",\"url\":\"https:\\\/\\\/www.webdo.tn\\\/fr\\\/wp-content\\\/uploads\\\/2025\\\/06\\\/Webdo-Tunisie_168377.jpg\",\"contentUrl\":\"https:\\\/\\\/www.webdo.tn\\\/fr\\\/wp-content\\\/uploads\\\/2025\\\/06\\\/Webdo-Tunisie_168377.jpg\",\"width\":301,\"height\":301,\"caption\":\"Webdo\"},\"image\":{\"@id\":\"https:\\\/\\\/www.webdo.tn\\\/fr\\\/#\\\/schema\\\/logo\\\/image\\\/\"},\"sameAs\":[\"https:\\\/\\\/www.facebook.com\\\/webdotn\",\"https:\\\/\\\/x.com\\\/webdo_tn\"],\"description\":\"Webdo est un m\u00e9dia num\u00e9rique tunisien fond\u00e9 en 2010, sp\u00e9cialis\u00e9 dans l\u2019actualit\u00e9 nationale et internationale, l\u2019\u00e9conomie, la soci\u00e9t\u00e9 et les analyses politiques. Le site s\u2019adresse \u00e0 un large public francophone et couvre l\u2019information tunisienne en temps r\u00e9el.\",\"email\":\"redac@webdo.tn\",\"legalName\":\"YNJ SARL\",\"foundingDate\":\"2010-09-06\",\"numberOfEmployees\":{\"@type\":\"QuantitativeValue\",\"minValue\":\"11\",\"maxValue\":\"50\"}},{\"@type\":\"Person\",\"@id\":\"https:\\\/\\\/www.webdo.tn\\\/fr\\\/#\\\/schema\\\/person\\\/b8a41c04d93287d375510db360906b34\",\"name\":\"AZ\",\"image\":{\"@type\":\"ImageObject\",\"inLanguage\":\"fr-FR\",\"@id\":\"https:\\\/\\\/secure.gravatar.com\\\/avatar\\\/492b80bada79439de4201dce15cd41eece6c277cfdf1b53382073c79105c1f89?s=96&d=mm&r=g\",\"url\":\"https:\\\/\\\/secure.gravatar.com\\\/avatar\\\/492b80bada79439de4201dce15cd41eece6c277cfdf1b53382073c79105c1f89?s=96&d=mm&r=g\",\"contentUrl\":\"https:\\\/\\\/secure.gravatar.com\\\/avatar\\\/492b80bada79439de4201dce15cd41eece6c277cfdf1b53382073c79105c1f89?s=96&d=mm&r=g\",\"caption\":\"AZ\"},\"url\":\"https:\\\/\\\/www.webdo.tn\\\/fr\\\/actualite\\\/author\\\/az\\\/\"}]}<\/script>\n<!-- \/ Yoast SEO Premium plugin. -->","yoast_head_json":{"title":"K2rhym condamn\u00e9 \u00e0 quatre ans de prison","description":"Le tribunal de premi\u00e8re instance de Jendouba a condamn\u00e9 le rappeur Karim Gharbi \u00e0 quatre ans de prison et \u00e0 une interdiction \u00e0 vie de se pr\u00e9senter aux \u00e9lections...","canonical":"https:\/\/www.webdo.tn\/fr\/actualite\/national\/k2rhym-condamne-a-quatre-ans-de-prison\/215820\/","og_locale":"fr_FR","og_type":"article","og_title":"K2rhym condamn\u00e9 \u00e0 quatre ans de prison","og_description":"Le tribunal de premi\u00e8re instance de Jendouba a condamn\u00e9 le rappeur Karim Gharbi \u00e0 quatre ans de prison et \u00e0 une interdiction \u00e0 vie de se pr\u00e9senter aux \u00e9lections...","og_url":"https:\/\/www.webdo.tn\/fr\/actualite\/national\/k2rhym-condamne-a-quatre-ans-de-prison\/215820\/","og_site_name":"webdo","article_publisher":"https:\/\/www.facebook.com\/webdotn","article_published_time":"2024-08-14T18:48:00+00:00","article_modified_time":"2025-05-21T09:06:38+00:00","og_image":[{"width":750,"height":400,"url":"https:\/\/www.webdo.tn\/fr\/wp-content\/uploads\/2024\/08\/81cc8cfced8fba8e7d273fceb3add892.webp","type":"image\/webp"}],"author":"AZ","twitter_card":"summary_large_image","twitter_creator":"@webdo_tn","twitter_site":"@webdo_tn","twitter_misc":{"\u00c9crit par":"AZ","Dur\u00e9e de lecture estim\u00e9e":"2 minutes"},"schema":{"@context":"https:\/\/schema.org","@graph":[{"@type":"NewsArticle","@id":"https:\/\/www.webdo.tn\/fr\/actualite\/national\/k2rhym-condamne-a-quatre-ans-de-prison\/215820\/#article","isPartOf":{"@id":"https:\/\/www.webdo.tn\/fr\/actualite\/national\/k2rhym-condamne-a-quatre-ans-de-prison\/215820\/"},"author":{"name":"AZ","@id":"https:\/\/www.webdo.tn\/fr\/#\/schema\/person\/b8a41c04d93287d375510db360906b34"},"headline":"K2rhym condamn\u00e9 \u00e0 quatre ans de prison","datePublished":"2024-08-14T18:48:00+00:00","dateModified":"2025-05-21T09:06:38+00:00","mainEntityOfPage":{"@id":"https:\/\/www.webdo.tn\/fr\/actualite\/national\/k2rhym-condamne-a-quatre-ans-de-prison\/215820\/"},"wordCount":377,"commentCount":0,"publisher":{"@id":"https:\/\/www.webdo.tn\/fr\/#organization"},"image":{"@id":"https:\/\/www.webdo.tn\/fr\/actualite\/national\/k2rhym-condamne-a-quatre-ans-de-prison\/215820\/#primaryimage"},"thumbnailUrl":"https:\/\/www.webdo.tn\/fr\/wp-content\/uploads\/2024\/08\/81cc8cfced8fba8e7d273fceb3add892.webp","keywords":["'Karim Gharbi']","\u00e9lection pr\u00e9sidentielle","k2rhym","parrainage","Tunisie"],"articleSection":["National"],"inLanguage":"fr-FR"},{"@type":"WebPage","@id":"https:\/\/www.webdo.tn\/fr\/actualite\/national\/k2rhym-condamne-a-quatre-ans-de-prison\/215820\/","url":"https:\/\/www.webdo.tn\/fr\/actualite\/national\/k2rhym-condamne-a-quatre-ans-de-prison\/215820\/","name":"K2rhym condamn\u00e9 \u00e0 quatre ans de prison","isPartOf":{"@id":"https:\/\/www.webdo.tn\/fr\/#website"},"primaryImageOfPage":{"@id":"https:\/\/www.webdo.tn\/fr\/actualite\/national\/k2rhym-condamne-a-quatre-ans-de-prison\/215820\/#primaryimage"},"image":{"@id":"https:\/\/www.webdo.tn\/fr\/actualite\/national\/k2rhym-condamne-a-quatre-ans-de-prison\/215820\/#primaryimage"},"thumbnailUrl":"https:\/\/www.webdo.tn\/fr\/wp-content\/uploads\/2024\/08\/81cc8cfced8fba8e7d273fceb3add892.webp","datePublished":"2024-08-14T18:48:00+00:00","dateModified":"2025-05-21T09:06:38+00:00","description":"Le tribunal de premi\u00e8re instance de Jendouba a condamn\u00e9 le rappeur Karim Gharbi \u00e0 quatre ans de prison et \u00e0 une interdiction \u00e0 vie de se pr\u00e9senter aux \u00e9lections...","breadcrumb":{"@id":"https:\/\/www.webdo.tn\/fr\/actualite\/national\/k2rhym-condamne-a-quatre-ans-de-prison\/215820\/#breadcrumb"},"inLanguage":"fr-FR","potentialAction":[{"@type":"ReadAction","target":["https:\/\/www.webdo.tn\/fr\/actualite\/national\/k2rhym-condamne-a-quatre-ans-de-prison\/215820\/"]}]},{"@type":"ImageObject","inLanguage":"fr-FR","@id":"https:\/\/www.webdo.tn\/fr\/actualite\/national\/k2rhym-condamne-a-quatre-ans-de-prison\/215820\/#primaryimage","url":"https:\/\/www.webdo.tn\/fr\/wp-content\/uploads\/2024\/08\/81cc8cfced8fba8e7d273fceb3add892.webp","contentUrl":"https:\/\/www.webdo.tn\/fr\/wp-content\/uploads\/2024\/08\/81cc8cfced8fba8e7d273fceb3add892.webp","width":750,"height":400,"caption":"K2rhym condamn\u00e9 \u00e0 quatre ans de prison"},{"@type":"BreadcrumbList","@id":"https:\/\/www.webdo.tn\/fr\/actualite\/national\/k2rhym-condamne-a-quatre-ans-de-prison\/215820\/#breadcrumb","itemListElement":[{"@type":"ListItem","position":1,"name":"Accueil","item":"https:\/\/www.webdo.tn\/fr\/"},{"@type":"ListItem","position":2,"name":"K2rhym condamn\u00e9 \u00e0 quatre ans de prison"}]},{"@type":"WebSite","@id":"https:\/\/www.webdo.tn\/fr\/#website","url":"https:\/\/www.webdo.tn\/fr\/","name":"webdo","description":"Tunisie - News en Tunisie et \u00e0 l&#039;international sur Webdo.tn","publisher":{"@id":"https:\/\/www.webdo.tn\/fr\/#organization"},"potentialAction":[{"@type":"SearchAction","target":{"@type":"EntryPoint","urlTemplate":"https:\/\/www.webdo.tn\/fr\/?s={search_term_string}"},"query-input":{"@type":"PropertyValueSpecification","valueRequired":true,"valueName":"search_term_string"}}],"inLanguage":"fr-FR"},{"@type":"Organization","@id":"https:\/\/www.webdo.tn\/fr\/#organization","name":"Webdo","alternateName":"Webdo.tn","url":"https:\/\/www.webdo.tn\/fr\/","logo":{"@type":"ImageObject","inLanguage":"fr-FR","@id":"https:\/\/www.webdo.tn\/fr\/#\/schema\/logo\/image\/","url":"https:\/\/www.webdo.tn\/fr\/wp-content\/uploads\/2025\/06\/Webdo-Tunisie_168377.jpg","contentUrl":"https:\/\/www.webdo.tn\/fr\/wp-content\/uploads\/2025\/06\/Webdo-Tunisie_168377.jpg","width":301,"height":301,"caption":"Webdo"},"image":{"@id":"https:\/\/www.webdo.tn\/fr\/#\/schema\/logo\/image\/"},"sameAs":["https:\/\/www.facebook.com\/webdotn","https:\/\/x.com\/webdo_tn"],"description":"Webdo est un m\u00e9dia num\u00e9rique tunisien fond\u00e9 en 2010, sp\u00e9cialis\u00e9 dans l\u2019actualit\u00e9 nationale et internationale, l\u2019\u00e9conomie, la soci\u00e9t\u00e9 et les analyses politiques. Le site s\u2019adresse \u00e0 un large public francophone et couvre l\u2019information tunisienne en temps r\u00e9el.","email":"redac@webdo.tn","legalName":"YNJ SARL","foundingDate":"2010-09-06","numberOfEmployees":{"@type":"QuantitativeValue","minValue":"11","maxValue":"50"}},{"@type":"Person","@id":"https:\/\/www.webdo.tn\/fr\/#\/schema\/person\/b8a41c04d93287d375510db360906b34","name":"AZ","image":{"@type":"ImageObject","inLanguage":"fr-FR","@id":"https:\/\/secure.gravatar.com\/avatar\/492b80bada79439de4201dce15cd41eece6c277cfdf1b53382073c79105c1f89?s=96&d=mm&r=g","url":"https:\/\/secure.gravatar.com\/avatar\/492b80bada79439de4201dce15cd41eece6c277cfdf1b53382073c79105c1f89?s=96&d=mm&r=g","contentUrl":"https:\/\/secure.gravatar.com\/avatar\/492b80bada79439de4201dce15cd41eece6c277cfdf1b53382073c79105c1f89?s=96&d=mm&r=g","caption":"AZ"},"url":"https:\/\/www.webdo.tn\/fr\/actualite\/author\/az\/"}]}},"_links":{"self":[{"href":"https:\/\/www.webdo.tn\/fr\/wp-json\/wp\/v2\/posts\/215820","targetHints":{"allow":["GET"]}}],"collection":[{"href":"https:\/\/www.webdo.tn\/fr\/wp-json\/wp\/v2\/posts"}],"about":[{"href":"https:\/\/www.webdo.tn\/fr\/wp-json\/wp\/v2\/types\/post"}],"author":[{"embeddable":true,"href":"https:\/\/www.webdo.tn\/fr\/wp-json\/wp\/v2\/users\/3166"}],"replies":[{"embeddable":true,"href":"https:\/\/www.webdo.tn\/fr\/wp-json\/wp\/v2\/comments?post=215820"}],"version-history":[{"count":0,"href":"https:\/\/www.webdo.tn\/fr\/wp-json\/wp\/v2\/posts\/215820\/revisions"}],"wp:featuredmedia":[{"embeddable":true,"href":"https:\/\/www.webdo.tn\/fr\/wp-json\/wp\/v2\/media\/290952"}],"wp:attachment":[{"href":"https:\/\/www.webdo.tn\/fr\/wp-json\/wp\/v2\/media?parent=215820"}],"wp:term":[{"taxonomy":"category","embeddable":true,"href":"https:\/\/www.webdo.tn\/fr\/wp-json\/wp\/v2\/categories?post=215820"},{"taxonomy":"post_tag","embeddable":true,"href":"https:\/\/www.webdo.tn\/fr\/wp-json\/wp\/v2\/tags?post=215820"}],"curies":[{"name":"wp","href":"https:\/\/api.w.org\/{rel}","templated":true}]}}