{"id":215817,"date":"2024-08-14T13:31:00","date_gmt":"2024-08-14T13:31:00","guid":{"rendered":"https:\/\/www.webdo.tn\/fr\/blog\/le-nouveau-pont-de-bizerte-operationnel-le-2-septembre-2027\/215817\/"},"modified":"2025-05-20T22:13:51","modified_gmt":"2025-05-20T22:13:51","slug":"le-nouveau-pont-de-bizerte-operationnel-le-2-septembre-2027","status":"publish","type":"post","link":"https:\/\/www.webdo.tn\/fr\/actualite\/national\/le-nouveau-pont-de-bizerte-operationnel-le-2-septembre-2027\/215817\/","title":{"rendered":"Le nouveau pont de Bizerte op\u00e9rationnel le 2 septembre\u2026 2027"},"content":{"rendered":"<p>Le nouveau pont de Bizerte sera pr\u00eat dans trois ans. Il s&rsquo;\u00e9tendra sur 2,07 km de longueur dont 900 m\u00e8tres sur le canal, \u00e0 56 m\u00e8tres de la surface de la mer.<\/p>\n<p>\t\t\t\t\t\t\t\t\tSichuan Road and Bridge Group (SRBG) qui s\u2019est vue attribu\u00e9 la r\u00e9alisation de la tranche principale du projet du nouveau pont de Bizerte, a re\u00e7u le feu vert pour d\u00e9marrer les travaux.<\/p>\n<p>Selon Chen Junfeng, directeur g\u00e9n\u00e9ral adjoint de l\u2019antenne tunisienne de SRBG, le feu vert pour le d\u00e9marrage des travaux a \u00e9t\u00e9 re\u00e7u du gouvernement tunisien \u00e0 la mi-juillet 2024. Il a d\u00e9clar\u00e9 \u00e0 l\u2019agence de presse chinoise Xinhua que \u00ab\u00a0l\u2019ensemble du projet prendra au total 1140 jours et sera achev\u00e9 le 2 septembre 2027\u00a0\u00bb.<\/p>\n<p>Le minist\u00e8re de l&rsquo;\u00c9quipement a r\u00e9cemment r\u00e9vis\u00e9 le co\u00fbt total du projet de 750 millions de dinars \u00e0 1040 millions de dinars. Le financement proviendra du budget de l&rsquo;\u00c9tat, de la Banque europ\u00e9enne d&rsquo;investissement et de la Banque africaine de d\u00e9veloppement.<\/p>\n<p>Sichuan Road &amp; Bridge Group (en abr\u00e9g\u00e9 SRBG), anciennement Sichuan Road &amp; Bridge Co Ltd, est une soci\u00e9t\u00e9 cr\u00e9\u00e9e le 28 d\u00e9cembre 1999 en Chine dont l&rsquo;activit\u00e9 principale est la conception, l&rsquo;investissement, la construction et l&rsquo;exploitation d&rsquo;infrastructures de transport.<\/p>\n<p>La plupart des activit\u00e9s de l&rsquo;entreprise se d\u00e9roule en Chine, mais elle r\u00e9alise \u00e9galement des travaux en \u00c9rythr\u00e9e, en Norv\u00e8ge, en Tanzanie, au Cambodge et aux \u00c9mirats arabes unis et en Tunisie.<\/p>\n","protected":false},"excerpt":{"rendered":"<p>Le nouveau pont de Bizerte sera pr\u00eat dans trois ans. Il s&rsquo;\u00e9tendra sur 2,07 km de longueur dont 900 m\u00e8tres sur le canal, \u00e0 56 m\u00e8tres de la surface de la mer.<\/p>\n","protected":false},"author":3162,"featured_media":290951,"comment_status":"open","ping_status":"closed","sticky":false,"template":"","format":"standard","meta":{"footnotes":""},"categories":[44],"tags":[7252,7253,2608],"class_list":["post-215817","post","type-post","status-publish","format-standard","has-post-thumbnail","hentry","category-national","tag-pont-de-bizerte","tag-sichuan-road-and-bridge-group","tag-tunisie"],"yoast_head":"<!-- This site is optimized with the Yoast SEO Premium plugin v27.5 (Yoast SEO v27.5) - https:\/\/yoast.com\/product\/yoast-seo-premium-wordpress\/ -->\n<title>Le nouveau pont de Bizerte op\u00e9rationnel le 2 septembre\u2026 2027<\/title>\n<meta name=\"description\" content=\"Le nouveau pont de Bizerte sera pr\u00eat dans trois ans. Il s&#039;\u00e9tendra sur 2,07 km de longueur dont 900 m\u00e8tres sur le canal, \u00e0 56 m\u00e8tres de la surface de la mer.\" \/>\n<link rel=\"canonical\" href=\"https:\/\/www.webdo.tn\/fr\/actualite\/national\/le-nouveau-pont-de-bizerte-operationnel-le-2-septembre-2027\/215817\/\" \/>\n<meta property=\"og:locale\" content=\"fr_FR\" \/>\n<meta property=\"og:type\" content=\"article\" \/>\n<meta property=\"og:title\" content=\"Le nouveau pont de Bizerte op\u00e9rationnel le 2 septembre\u2026 2027\" \/>\n<meta property=\"og:description\" content=\"Le nouveau pont de Bizerte sera pr\u00eat dans trois ans. Il s&#039;\u00e9tendra sur 2,07 km de longueur dont 900 m\u00e8tres sur le canal, \u00e0 56 m\u00e8tres de la surface de la mer.\" \/>\n<meta property=\"og:url\" content=\"https:\/\/www.webdo.tn\/fr\/actualite\/national\/le-nouveau-pont-de-bizerte-operationnel-le-2-septembre-2027\/215817\/\" \/>\n<meta property=\"og:site_name\" content=\"webdo\" \/>\n<meta property=\"article:publisher\" content=\"https:\/\/www.facebook.com\/webdotn\" \/>\n<meta property=\"article:published_time\" content=\"2024-08-14T13:31:00+00:00\" \/>\n<meta property=\"article:modified_time\" content=\"2025-05-20T22:13:51+00:00\" \/>\n<meta property=\"og:image\" content=\"https:\/\/www.webdo.tn\/fr\/wp-content\/uploads\/2024\/08\/724506214b45f5d481936d7470f7e39b.webp\" \/>\n\t<meta property=\"og:image:width\" content=\"750\" \/>\n\t<meta property=\"og:image:height\" content=\"400\" \/>\n\t<meta property=\"og:image:type\" content=\"image\/webp\" \/>\n<meta name=\"author\" content=\"MC\" \/>\n<meta name=\"twitter:card\" content=\"summary_large_image\" \/>\n<meta name=\"twitter:creator\" content=\"@webdo_tn\" \/>\n<meta name=\"twitter:site\" content=\"@webdo_tn\" \/>\n<meta name=\"twitter:label1\" content=\"\u00c9crit par\" \/>\n\t<meta name=\"twitter:data1\" content=\"MC\" \/>\n\t<meta name=\"twitter:label2\" content=\"Dur\u00e9e de lecture estim\u00e9e\" \/>\n\t<meta name=\"twitter:data2\" content=\"1 minute\" \/>\n<script type=\"application\/ld+json\" class=\"yoast-schema-graph\">{\"@context\":\"https:\\\/\\\/schema.org\",\"@graph\":[{\"@type\":\"NewsArticle\",\"@id\":\"https:\\\/\\\/www.webdo.tn\\\/fr\\\/actualite\\\/national\\\/le-nouveau-pont-de-bizerte-operationnel-le-2-septembre-2027\\\/215817\\\/#article\",\"isPartOf\":{\"@id\":\"https:\\\/\\\/www.webdo.tn\\\/fr\\\/actualite\\\/national\\\/le-nouveau-pont-de-bizerte-operationnel-le-2-septembre-2027\\\/215817\\\/\"},\"author\":{\"name\":\"MC\",\"@id\":\"https:\\\/\\\/www.webdo.tn\\\/fr\\\/#\\\/schema\\\/person\\\/2c4929cbf5a809e3bd38617c6ce150f6\"},\"headline\":\"Le nouveau pont de Bizerte op\u00e9rationnel le 2 septembre\u2026 2027\",\"datePublished\":\"2024-08-14T13:31:00+00:00\",\"dateModified\":\"2025-05-20T22:13:51+00:00\",\"mainEntityOfPage\":{\"@id\":\"https:\\\/\\\/www.webdo.tn\\\/fr\\\/actualite\\\/national\\\/le-nouveau-pont-de-bizerte-operationnel-le-2-septembre-2027\\\/215817\\\/\"},\"wordCount\":263,\"commentCount\":0,\"publisher\":{\"@id\":\"https:\\\/\\\/www.webdo.tn\\\/fr\\\/#organization\"},\"image\":{\"@id\":\"https:\\\/\\\/www.webdo.tn\\\/fr\\\/actualite\\\/national\\\/le-nouveau-pont-de-bizerte-operationnel-le-2-septembre-2027\\\/215817\\\/#primaryimage\"},\"thumbnailUrl\":\"https:\\\/\\\/www.webdo.tn\\\/fr\\\/wp-content\\\/uploads\\\/2024\\\/08\\\/724506214b45f5d481936d7470f7e39b.webp\",\"keywords\":[\"pont de bizerte\",\"Sichuan Road and Bridge Group\",\"Tunisie\"],\"articleSection\":[\"National\"],\"inLanguage\":\"fr-FR\"},{\"@type\":\"WebPage\",\"@id\":\"https:\\\/\\\/www.webdo.tn\\\/fr\\\/actualite\\\/national\\\/le-nouveau-pont-de-bizerte-operationnel-le-2-septembre-2027\\\/215817\\\/\",\"url\":\"https:\\\/\\\/www.webdo.tn\\\/fr\\\/actualite\\\/national\\\/le-nouveau-pont-de-bizerte-operationnel-le-2-septembre-2027\\\/215817\\\/\",\"name\":\"Le nouveau pont de Bizerte op\u00e9rationnel le 2 septembre\u2026 2027\",\"isPartOf\":{\"@id\":\"https:\\\/\\\/www.webdo.tn\\\/fr\\\/#website\"},\"primaryImageOfPage\":{\"@id\":\"https:\\\/\\\/www.webdo.tn\\\/fr\\\/actualite\\\/national\\\/le-nouveau-pont-de-bizerte-operationnel-le-2-septembre-2027\\\/215817\\\/#primaryimage\"},\"image\":{\"@id\":\"https:\\\/\\\/www.webdo.tn\\\/fr\\\/actualite\\\/national\\\/le-nouveau-pont-de-bizerte-operationnel-le-2-septembre-2027\\\/215817\\\/#primaryimage\"},\"thumbnailUrl\":\"https:\\\/\\\/www.webdo.tn\\\/fr\\\/wp-content\\\/uploads\\\/2024\\\/08\\\/724506214b45f5d481936d7470f7e39b.webp\",\"datePublished\":\"2024-08-14T13:31:00+00:00\",\"dateModified\":\"2025-05-20T22:13:51+00:00\",\"description\":\"Le nouveau pont de Bizerte sera pr\u00eat dans trois ans. Il s'\u00e9tendra sur 2,07 km de longueur dont 900 m\u00e8tres sur le canal, \u00e0 56 m\u00e8tres de la surface de la mer.\",\"breadcrumb\":{\"@id\":\"https:\\\/\\\/www.webdo.tn\\\/fr\\\/actualite\\\/national\\\/le-nouveau-pont-de-bizerte-operationnel-le-2-septembre-2027\\\/215817\\\/#breadcrumb\"},\"inLanguage\":\"fr-FR\",\"potentialAction\":[{\"@type\":\"ReadAction\",\"target\":[\"https:\\\/\\\/www.webdo.tn\\\/fr\\\/actualite\\\/national\\\/le-nouveau-pont-de-bizerte-operationnel-le-2-septembre-2027\\\/215817\\\/\"]}]},{\"@type\":\"ImageObject\",\"inLanguage\":\"fr-FR\",\"@id\":\"https:\\\/\\\/www.webdo.tn\\\/fr\\\/actualite\\\/national\\\/le-nouveau-pont-de-bizerte-operationnel-le-2-septembre-2027\\\/215817\\\/#primaryimage\",\"url\":\"https:\\\/\\\/www.webdo.tn\\\/fr\\\/wp-content\\\/uploads\\\/2024\\\/08\\\/724506214b45f5d481936d7470f7e39b.webp\",\"contentUrl\":\"https:\\\/\\\/www.webdo.tn\\\/fr\\\/wp-content\\\/uploads\\\/2024\\\/08\\\/724506214b45f5d481936d7470f7e39b.webp\",\"width\":750,\"height\":400,\"caption\":\"Le nouveau pont de Bizerte op\u00e9rationnel le 2 septembre\u2026 2027\"},{\"@type\":\"BreadcrumbList\",\"@id\":\"https:\\\/\\\/www.webdo.tn\\\/fr\\\/actualite\\\/national\\\/le-nouveau-pont-de-bizerte-operationnel-le-2-septembre-2027\\\/215817\\\/#breadcrumb\",\"itemListElement\":[{\"@type\":\"ListItem\",\"position\":1,\"name\":\"Accueil\",\"item\":\"https:\\\/\\\/www.webdo.tn\\\/fr\\\/\"},{\"@type\":\"ListItem\",\"position\":2,\"name\":\"Le nouveau pont de Bizerte op\u00e9rationnel le 2 septembre\u2026 2027\"}]},{\"@type\":\"WebSite\",\"@id\":\"https:\\\/\\\/www.webdo.tn\\\/fr\\\/#website\",\"url\":\"https:\\\/\\\/www.webdo.tn\\\/fr\\\/\",\"name\":\"webdo\",\"description\":\"Tunisie - News en Tunisie et \u00e0 l&#039;international sur Webdo.tn\",\"publisher\":{\"@id\":\"https:\\\/\\\/www.webdo.tn\\\/fr\\\/#organization\"},\"potentialAction\":[{\"@type\":\"SearchAction\",\"target\":{\"@type\":\"EntryPoint\",\"urlTemplate\":\"https:\\\/\\\/www.webdo.tn\\\/fr\\\/?s={search_term_string}\"},\"query-input\":{\"@type\":\"PropertyValueSpecification\",\"valueRequired\":true,\"valueName\":\"search_term_string\"}}],\"inLanguage\":\"fr-FR\"},{\"@type\":\"Organization\",\"@id\":\"https:\\\/\\\/www.webdo.tn\\\/fr\\\/#organization\",\"name\":\"Webdo\",\"alternateName\":\"Webdo.tn\",\"url\":\"https:\\\/\\\/www.webdo.tn\\\/fr\\\/\",\"logo\":{\"@type\":\"ImageObject\",\"inLanguage\":\"fr-FR\",\"@id\":\"https:\\\/\\\/www.webdo.tn\\\/fr\\\/#\\\/schema\\\/logo\\\/image\\\/\",\"url\":\"https:\\\/\\\/www.webdo.tn\\\/fr\\\/wp-content\\\/uploads\\\/2025\\\/06\\\/Webdo-Tunisie_168377.jpg\",\"contentUrl\":\"https:\\\/\\\/www.webdo.tn\\\/fr\\\/wp-content\\\/uploads\\\/2025\\\/06\\\/Webdo-Tunisie_168377.jpg\",\"width\":301,\"height\":301,\"caption\":\"Webdo\"},\"image\":{\"@id\":\"https:\\\/\\\/www.webdo.tn\\\/fr\\\/#\\\/schema\\\/logo\\\/image\\\/\"},\"sameAs\":[\"https:\\\/\\\/www.facebook.com\\\/webdotn\",\"https:\\\/\\\/x.com\\\/webdo_tn\"],\"description\":\"Webdo est un m\u00e9dia num\u00e9rique tunisien fond\u00e9 en 2010, sp\u00e9cialis\u00e9 dans l\u2019actualit\u00e9 nationale et internationale, l\u2019\u00e9conomie, la soci\u00e9t\u00e9 et les analyses politiques. Le site s\u2019adresse \u00e0 un large public francophone et couvre l\u2019information tunisienne en temps r\u00e9el.\",\"email\":\"redac@webdo.tn\",\"legalName\":\"YNJ SARL\",\"foundingDate\":\"2010-09-06\",\"numberOfEmployees\":{\"@type\":\"QuantitativeValue\",\"minValue\":\"11\",\"maxValue\":\"50\"}},{\"@type\":\"Person\",\"@id\":\"https:\\\/\\\/www.webdo.tn\\\/fr\\\/#\\\/schema\\\/person\\\/2c4929cbf5a809e3bd38617c6ce150f6\",\"name\":\"MC\",\"image\":{\"@type\":\"ImageObject\",\"inLanguage\":\"fr-FR\",\"@id\":\"https:\\\/\\\/secure.gravatar.com\\\/avatar\\\/a545bbb6f84efdd5553dbbc2895e3ca8f1d12c5215e00a041c9670b54aa9b18a?s=96&d=mm&r=g\",\"url\":\"https:\\\/\\\/secure.gravatar.com\\\/avatar\\\/a545bbb6f84efdd5553dbbc2895e3ca8f1d12c5215e00a041c9670b54aa9b18a?s=96&d=mm&r=g\",\"contentUrl\":\"https:\\\/\\\/secure.gravatar.com\\\/avatar\\\/a545bbb6f84efdd5553dbbc2895e3ca8f1d12c5215e00a041c9670b54aa9b18a?s=96&d=mm&r=g\",\"caption\":\"MC\"},\"url\":\"https:\\\/\\\/www.webdo.tn\\\/fr\\\/actualite\\\/author\\\/mc\\\/\"}]}<\/script>\n<!-- \/ Yoast SEO Premium plugin. -->","yoast_head_json":{"title":"Le nouveau pont de Bizerte op\u00e9rationnel le 2 septembre\u2026 2027","description":"Le nouveau pont de Bizerte sera pr\u00eat dans trois ans. Il s'\u00e9tendra sur 2,07 km de longueur dont 900 m\u00e8tres sur le canal, \u00e0 56 m\u00e8tres de la surface de la mer.","canonical":"https:\/\/www.webdo.tn\/fr\/actualite\/national\/le-nouveau-pont-de-bizerte-operationnel-le-2-septembre-2027\/215817\/","og_locale":"fr_FR","og_type":"article","og_title":"Le nouveau pont de Bizerte op\u00e9rationnel le 2 septembre\u2026 2027","og_description":"Le nouveau pont de Bizerte sera pr\u00eat dans trois ans. Il s'\u00e9tendra sur 2,07 km de longueur dont 900 m\u00e8tres sur le canal, \u00e0 56 m\u00e8tres de la surface de la mer.","og_url":"https:\/\/www.webdo.tn\/fr\/actualite\/national\/le-nouveau-pont-de-bizerte-operationnel-le-2-septembre-2027\/215817\/","og_site_name":"webdo","article_publisher":"https:\/\/www.facebook.com\/webdotn","article_published_time":"2024-08-14T13:31:00+00:00","article_modified_time":"2025-05-20T22:13:51+00:00","og_image":[{"width":750,"height":400,"url":"https:\/\/www.webdo.tn\/fr\/wp-content\/uploads\/2024\/08\/724506214b45f5d481936d7470f7e39b.webp","type":"image\/webp"}],"author":"MC","twitter_card":"summary_large_image","twitter_creator":"@webdo_tn","twitter_site":"@webdo_tn","twitter_misc":{"\u00c9crit par":"MC","Dur\u00e9e de lecture estim\u00e9e":"1 minute"},"schema":{"@context":"https:\/\/schema.org","@graph":[{"@type":"NewsArticle","@id":"https:\/\/www.webdo.tn\/fr\/actualite\/national\/le-nouveau-pont-de-bizerte-operationnel-le-2-septembre-2027\/215817\/#article","isPartOf":{"@id":"https:\/\/www.webdo.tn\/fr\/actualite\/national\/le-nouveau-pont-de-bizerte-operationnel-le-2-septembre-2027\/215817\/"},"author":{"name":"MC","@id":"https:\/\/www.webdo.tn\/fr\/#\/schema\/person\/2c4929cbf5a809e3bd38617c6ce150f6"},"headline":"Le nouveau pont de Bizerte op\u00e9rationnel le 2 septembre\u2026 2027","datePublished":"2024-08-14T13:31:00+00:00","dateModified":"2025-05-20T22:13:51+00:00","mainEntityOfPage":{"@id":"https:\/\/www.webdo.tn\/fr\/actualite\/national\/le-nouveau-pont-de-bizerte-operationnel-le-2-septembre-2027\/215817\/"},"wordCount":263,"commentCount":0,"publisher":{"@id":"https:\/\/www.webdo.tn\/fr\/#organization"},"image":{"@id":"https:\/\/www.webdo.tn\/fr\/actualite\/national\/le-nouveau-pont-de-bizerte-operationnel-le-2-septembre-2027\/215817\/#primaryimage"},"thumbnailUrl":"https:\/\/www.webdo.tn\/fr\/wp-content\/uploads\/2024\/08\/724506214b45f5d481936d7470f7e39b.webp","keywords":["pont de bizerte","Sichuan Road and Bridge Group","Tunisie"],"articleSection":["National"],"inLanguage":"fr-FR"},{"@type":"WebPage","@id":"https:\/\/www.webdo.tn\/fr\/actualite\/national\/le-nouveau-pont-de-bizerte-operationnel-le-2-septembre-2027\/215817\/","url":"https:\/\/www.webdo.tn\/fr\/actualite\/national\/le-nouveau-pont-de-bizerte-operationnel-le-2-septembre-2027\/215817\/","name":"Le nouveau pont de Bizerte op\u00e9rationnel le 2 septembre\u2026 2027","isPartOf":{"@id":"https:\/\/www.webdo.tn\/fr\/#website"},"primaryImageOfPage":{"@id":"https:\/\/www.webdo.tn\/fr\/actualite\/national\/le-nouveau-pont-de-bizerte-operationnel-le-2-septembre-2027\/215817\/#primaryimage"},"image":{"@id":"https:\/\/www.webdo.tn\/fr\/actualite\/national\/le-nouveau-pont-de-bizerte-operationnel-le-2-septembre-2027\/215817\/#primaryimage"},"thumbnailUrl":"https:\/\/www.webdo.tn\/fr\/wp-content\/uploads\/2024\/08\/724506214b45f5d481936d7470f7e39b.webp","datePublished":"2024-08-14T13:31:00+00:00","dateModified":"2025-05-20T22:13:51+00:00","description":"Le nouveau pont de Bizerte sera pr\u00eat dans trois ans. Il s'\u00e9tendra sur 2,07 km de longueur dont 900 m\u00e8tres sur le canal, \u00e0 56 m\u00e8tres de la surface de la mer.","breadcrumb":{"@id":"https:\/\/www.webdo.tn\/fr\/actualite\/national\/le-nouveau-pont-de-bizerte-operationnel-le-2-septembre-2027\/215817\/#breadcrumb"},"inLanguage":"fr-FR","potentialAction":[{"@type":"ReadAction","target":["https:\/\/www.webdo.tn\/fr\/actualite\/national\/le-nouveau-pont-de-bizerte-operationnel-le-2-septembre-2027\/215817\/"]}]},{"@type":"ImageObject","inLanguage":"fr-FR","@id":"https:\/\/www.webdo.tn\/fr\/actualite\/national\/le-nouveau-pont-de-bizerte-operationnel-le-2-septembre-2027\/215817\/#primaryimage","url":"https:\/\/www.webdo.tn\/fr\/wp-content\/uploads\/2024\/08\/724506214b45f5d481936d7470f7e39b.webp","contentUrl":"https:\/\/www.webdo.tn\/fr\/wp-content\/uploads\/2024\/08\/724506214b45f5d481936d7470f7e39b.webp","width":750,"height":400,"caption":"Le nouveau pont de Bizerte op\u00e9rationnel le 2 septembre\u2026 2027"},{"@type":"BreadcrumbList","@id":"https:\/\/www.webdo.tn\/fr\/actualite\/national\/le-nouveau-pont-de-bizerte-operationnel-le-2-septembre-2027\/215817\/#breadcrumb","itemListElement":[{"@type":"ListItem","position":1,"name":"Accueil","item":"https:\/\/www.webdo.tn\/fr\/"},{"@type":"ListItem","position":2,"name":"Le nouveau pont de Bizerte op\u00e9rationnel le 2 septembre\u2026 2027"}]},{"@type":"WebSite","@id":"https:\/\/www.webdo.tn\/fr\/#website","url":"https:\/\/www.webdo.tn\/fr\/","name":"webdo","description":"Tunisie - News en Tunisie et \u00e0 l&#039;international sur Webdo.tn","publisher":{"@id":"https:\/\/www.webdo.tn\/fr\/#organization"},"potentialAction":[{"@type":"SearchAction","target":{"@type":"EntryPoint","urlTemplate":"https:\/\/www.webdo.tn\/fr\/?s={search_term_string}"},"query-input":{"@type":"PropertyValueSpecification","valueRequired":true,"valueName":"search_term_string"}}],"inLanguage":"fr-FR"},{"@type":"Organization","@id":"https:\/\/www.webdo.tn\/fr\/#organization","name":"Webdo","alternateName":"Webdo.tn","url":"https:\/\/www.webdo.tn\/fr\/","logo":{"@type":"ImageObject","inLanguage":"fr-FR","@id":"https:\/\/www.webdo.tn\/fr\/#\/schema\/logo\/image\/","url":"https:\/\/www.webdo.tn\/fr\/wp-content\/uploads\/2025\/06\/Webdo-Tunisie_168377.jpg","contentUrl":"https:\/\/www.webdo.tn\/fr\/wp-content\/uploads\/2025\/06\/Webdo-Tunisie_168377.jpg","width":301,"height":301,"caption":"Webdo"},"image":{"@id":"https:\/\/www.webdo.tn\/fr\/#\/schema\/logo\/image\/"},"sameAs":["https:\/\/www.facebook.com\/webdotn","https:\/\/x.com\/webdo_tn"],"description":"Webdo est un m\u00e9dia num\u00e9rique tunisien fond\u00e9 en 2010, sp\u00e9cialis\u00e9 dans l\u2019actualit\u00e9 nationale et internationale, l\u2019\u00e9conomie, la soci\u00e9t\u00e9 et les analyses politiques. Le site s\u2019adresse \u00e0 un large public francophone et couvre l\u2019information tunisienne en temps r\u00e9el.","email":"redac@webdo.tn","legalName":"YNJ SARL","foundingDate":"2010-09-06","numberOfEmployees":{"@type":"QuantitativeValue","minValue":"11","maxValue":"50"}},{"@type":"Person","@id":"https:\/\/www.webdo.tn\/fr\/#\/schema\/person\/2c4929cbf5a809e3bd38617c6ce150f6","name":"MC","image":{"@type":"ImageObject","inLanguage":"fr-FR","@id":"https:\/\/secure.gravatar.com\/avatar\/a545bbb6f84efdd5553dbbc2895e3ca8f1d12c5215e00a041c9670b54aa9b18a?s=96&d=mm&r=g","url":"https:\/\/secure.gravatar.com\/avatar\/a545bbb6f84efdd5553dbbc2895e3ca8f1d12c5215e00a041c9670b54aa9b18a?s=96&d=mm&r=g","contentUrl":"https:\/\/secure.gravatar.com\/avatar\/a545bbb6f84efdd5553dbbc2895e3ca8f1d12c5215e00a041c9670b54aa9b18a?s=96&d=mm&r=g","caption":"MC"},"url":"https:\/\/www.webdo.tn\/fr\/actualite\/author\/mc\/"}]}},"_links":{"self":[{"href":"https:\/\/www.webdo.tn\/fr\/wp-json\/wp\/v2\/posts\/215817","targetHints":{"allow":["GET"]}}],"collection":[{"href":"https:\/\/www.webdo.tn\/fr\/wp-json\/wp\/v2\/posts"}],"about":[{"href":"https:\/\/www.webdo.tn\/fr\/wp-json\/wp\/v2\/types\/post"}],"author":[{"embeddable":true,"href":"https:\/\/www.webdo.tn\/fr\/wp-json\/wp\/v2\/users\/3162"}],"replies":[{"embeddable":true,"href":"https:\/\/www.webdo.tn\/fr\/wp-json\/wp\/v2\/comments?post=215817"}],"version-history":[{"count":0,"href":"https:\/\/www.webdo.tn\/fr\/wp-json\/wp\/v2\/posts\/215817\/revisions"}],"wp:featuredmedia":[{"embeddable":true,"href":"https:\/\/www.webdo.tn\/fr\/wp-json\/wp\/v2\/media\/290951"}],"wp:attachment":[{"href":"https:\/\/www.webdo.tn\/fr\/wp-json\/wp\/v2\/media?parent=215817"}],"wp:term":[{"taxonomy":"category","embeddable":true,"href":"https:\/\/www.webdo.tn\/fr\/wp-json\/wp\/v2\/categories?post=215817"},{"taxonomy":"post_tag","embeddable":true,"href":"https:\/\/www.webdo.tn\/fr\/wp-json\/wp\/v2\/tags?post=215817"}],"curies":[{"name":"wp","href":"https:\/\/api.w.org\/{rel}","templated":true}]}}