{"id":215816,"date":"2024-08-14T13:04:00","date_gmt":"2024-08-14T13:04:00","guid":{"rendered":"https:\/\/www.webdo.tn\/fr\/blog\/les-docteurs-au-chomage-lancent-un-nouvel-appel-a-kais-saied\/215816\/"},"modified":"2025-05-20T22:54:41","modified_gmt":"2025-05-20T22:54:41","slug":"les-docteurs-au-chomage-lancent-un-nouvel-appel-a-kais-saied","status":"publish","type":"post","link":"https:\/\/www.webdo.tn\/fr\/actualite\/national\/les-docteurs-au-chomage-lancent-un-nouvel-appel-a-kais-saied\/215816\/","title":{"rendered":"Les docteurs au ch\u00f4mage lancent un nouvel appel \u00e0 Kais Saied"},"content":{"rendered":"<p>Un certain nombre de docteurs au ch\u00f4mage ont \u00e0 nouveau organis\u00e9, aujourd\u2019hui mercredi 14 ao\u00fbt 2024, un sit-in devant le si\u00e8ge du minist\u00e8re de l&rsquo;Enseignement sup\u00e9rieur pour demander l&rsquo;intervention urgente du Pr\u00e9sident de la R\u00e9publique afin de r\u00e9soudre leur situation en suspens depuis des ann\u00e9es.<\/p>\n<p>\t\t\t\t\t\t\t\t\tSelon Ramzi Ben Jaddou, coordinateur au sein de la Coordination des docteurs ch\u00f4meurs, ils avaient \u00e9t\u00e9 invit\u00e9s lors du sit-in qu&rsquo;ils ont organis\u00e9 le 17 juillet 2024 par la Pr\u00e9sidence de la R\u00e9publique, \u00e0 travers le conseiller pr\u00e9sidentiel charg\u00e9 des dossiers sociaux.<\/p>\n<p>Le Pr\u00e9sident de la R\u00e9publique avait, le jour m\u00eame, demand\u00e9 au ministre de l&rsquo;Enseignement sup\u00e9rieur et de la Recherche scientifique de s&rsquo;occuper de ce dossier et de trouver des solutions urgentes.<\/p>\n<p>Le porte-parole a ajout\u00e9 que les docteurs au ch\u00f4mage sont les victimes d&rsquo;une d\u00e9cennie de marginalisation et que la solution \u00e0 ce probl\u00e8me ne d\u00e9pend pas uniquement du minist\u00e8re de l&rsquo;Enseignement sup\u00e9rieur, ce dernier n&rsquo;\u00e9tant pas en mesure d&rsquo;absorber leur nombre, d&rsquo;autant plus que 85 % des chercheurs travaillent au sein d&rsquo;autres minist\u00e8res et institutions publiques.<\/p>\n<p>Ramzi Ben Jaddou a \u00e9galement soulign\u00e9 que le dossier des docteurs doit \u00eatre abord\u00e9 de mani\u00e8re approfondie lors d&rsquo;un conseil minist\u00e9riel en pr\u00e9sence des diff\u00e9rents minist\u00e8res concern\u00e9s et que des solutions urgentes doivent \u00eatre trouv\u00e9es.\u00a0<\/p>\n<p>Il a affirm\u00e9, dans une d\u00e9claration \u00e0 Mosa\u00efque FM, qu&rsquo;ils sont revenus protester pour envoyer un message au pr\u00e9sident de la R\u00e9publique. \u00ab Monsieur le Pr\u00e9sident, la solution est entre vos mains, alors, s&rsquo;il vous pla\u00eet, h\u00e2tez-vous de la trouver car les docteurs sont \u00e9puis\u00e9s \u00bb, a-t-il d\u00e9clar\u00e9.<\/p>\n","protected":false},"excerpt":{"rendered":"<p>Selon Ramzi Ben Jaddou, coordinateur au sein de la Coordination des docteurs ch\u00f4meurs, ils avaient \u00e9t\u00e9 invit\u00e9s lors du sit-in qu&rsquo;ils ont organis\u00e9 le 17 juillet&#8230;<\/p>\n","protected":false},"author":3175,"featured_media":290950,"comment_status":"open","ping_status":"closed","sticky":false,"template":"","format":"standard","meta":{"footnotes":""},"categories":[44],"tags":[5067,7492,2614,2608],"class_list":["post-215816","post","type-post","status-publish","format-standard","has-post-thumbnail","hentry","category-national","tag-chomage","tag-docteurs","tag-kais-saied","tag-tunisie"],"yoast_head":"<!-- This site is optimized with the Yoast SEO Premium plugin v27.5 (Yoast SEO v27.5) - https:\/\/yoast.com\/product\/yoast-seo-premium-wordpress\/ -->\n<title>Les docteurs au ch\u00f4mage lancent un nouvel appel \u00e0 Kais Saied<\/title>\n<meta name=\"description\" content=\"Selon Ramzi Ben Jaddou, coordinateur au sein de la Coordination des docteurs ch\u00f4meurs, ils avaient \u00e9t\u00e9 invit\u00e9s lors du sit-in qu&#039;ils ont organis\u00e9 le 17 juillet...\" \/>\n<link rel=\"canonical\" href=\"https:\/\/www.webdo.tn\/fr\/actualite\/national\/les-docteurs-au-chomage-lancent-un-nouvel-appel-a-kais-saied\/215816\/\" \/>\n<meta property=\"og:locale\" content=\"fr_FR\" \/>\n<meta property=\"og:type\" content=\"article\" \/>\n<meta property=\"og:title\" content=\"Les docteurs au ch\u00f4mage lancent un nouvel appel \u00e0 Kais Saied\" \/>\n<meta property=\"og:description\" content=\"Selon Ramzi Ben Jaddou, coordinateur au sein de la Coordination des docteurs ch\u00f4meurs, ils avaient \u00e9t\u00e9 invit\u00e9s lors du sit-in qu&#039;ils ont organis\u00e9 le 17 juillet...\" \/>\n<meta property=\"og:url\" content=\"https:\/\/www.webdo.tn\/fr\/actualite\/national\/les-docteurs-au-chomage-lancent-un-nouvel-appel-a-kais-saied\/215816\/\" \/>\n<meta property=\"og:site_name\" content=\"webdo\" \/>\n<meta property=\"article:publisher\" content=\"https:\/\/www.facebook.com\/webdotn\" \/>\n<meta property=\"article:published_time\" content=\"2024-08-14T13:04:00+00:00\" \/>\n<meta property=\"article:modified_time\" content=\"2025-05-20T22:54:41+00:00\" \/>\n<meta property=\"og:image\" content=\"https:\/\/www.webdo.tn\/fr\/wp-content\/uploads\/2024\/08\/f89fb3a1d3ecab73bba2c3beb076f7d7.webp\" \/>\n\t<meta property=\"og:image:width\" content=\"750\" \/>\n\t<meta property=\"og:image:height\" content=\"400\" \/>\n\t<meta property=\"og:image:type\" content=\"image\/webp\" \/>\n<meta name=\"author\" content=\"CL\" \/>\n<meta name=\"twitter:card\" content=\"summary_large_image\" \/>\n<meta name=\"twitter:creator\" content=\"@webdo_tn\" \/>\n<meta name=\"twitter:site\" content=\"@webdo_tn\" \/>\n<meta name=\"twitter:label1\" content=\"\u00c9crit par\" \/>\n\t<meta name=\"twitter:data1\" content=\"CL\" \/>\n\t<meta name=\"twitter:label2\" content=\"Dur\u00e9e de lecture estim\u00e9e\" \/>\n\t<meta name=\"twitter:data2\" content=\"1 minute\" \/>\n<script type=\"application\/ld+json\" class=\"yoast-schema-graph\">{\"@context\":\"https:\\\/\\\/schema.org\",\"@graph\":[{\"@type\":\"NewsArticle\",\"@id\":\"https:\\\/\\\/www.webdo.tn\\\/fr\\\/actualite\\\/national\\\/les-docteurs-au-chomage-lancent-un-nouvel-appel-a-kais-saied\\\/215816\\\/#article\",\"isPartOf\":{\"@id\":\"https:\\\/\\\/www.webdo.tn\\\/fr\\\/actualite\\\/national\\\/les-docteurs-au-chomage-lancent-un-nouvel-appel-a-kais-saied\\\/215816\\\/\"},\"author\":{\"name\":\"CL\",\"@id\":\"https:\\\/\\\/www.webdo.tn\\\/fr\\\/#\\\/schema\\\/person\\\/f35b42a42c5e2511bbd282959d6385cc\"},\"headline\":\"Les docteurs au ch\u00f4mage lancent un nouvel appel \u00e0 Kais Saied\",\"datePublished\":\"2024-08-14T13:04:00+00:00\",\"dateModified\":\"2025-05-20T22:54:41+00:00\",\"mainEntityOfPage\":{\"@id\":\"https:\\\/\\\/www.webdo.tn\\\/fr\\\/actualite\\\/national\\\/les-docteurs-au-chomage-lancent-un-nouvel-appel-a-kais-saied\\\/215816\\\/\"},\"wordCount\":312,\"commentCount\":0,\"publisher\":{\"@id\":\"https:\\\/\\\/www.webdo.tn\\\/fr\\\/#organization\"},\"image\":{\"@id\":\"https:\\\/\\\/www.webdo.tn\\\/fr\\\/actualite\\\/national\\\/les-docteurs-au-chomage-lancent-un-nouvel-appel-a-kais-saied\\\/215816\\\/#primaryimage\"},\"thumbnailUrl\":\"https:\\\/\\\/www.webdo.tn\\\/fr\\\/wp-content\\\/uploads\\\/2024\\\/08\\\/f89fb3a1d3ecab73bba2c3beb076f7d7.webp\",\"keywords\":[\"Ch\u00f4mage\",\"Docteurs\",\"Kais Saied\",\"Tunisie\"],\"articleSection\":[\"National\"],\"inLanguage\":\"fr-FR\"},{\"@type\":\"WebPage\",\"@id\":\"https:\\\/\\\/www.webdo.tn\\\/fr\\\/actualite\\\/national\\\/les-docteurs-au-chomage-lancent-un-nouvel-appel-a-kais-saied\\\/215816\\\/\",\"url\":\"https:\\\/\\\/www.webdo.tn\\\/fr\\\/actualite\\\/national\\\/les-docteurs-au-chomage-lancent-un-nouvel-appel-a-kais-saied\\\/215816\\\/\",\"name\":\"Les docteurs au ch\u00f4mage lancent un nouvel appel \u00e0 Kais Saied\",\"isPartOf\":{\"@id\":\"https:\\\/\\\/www.webdo.tn\\\/fr\\\/#website\"},\"primaryImageOfPage\":{\"@id\":\"https:\\\/\\\/www.webdo.tn\\\/fr\\\/actualite\\\/national\\\/les-docteurs-au-chomage-lancent-un-nouvel-appel-a-kais-saied\\\/215816\\\/#primaryimage\"},\"image\":{\"@id\":\"https:\\\/\\\/www.webdo.tn\\\/fr\\\/actualite\\\/national\\\/les-docteurs-au-chomage-lancent-un-nouvel-appel-a-kais-saied\\\/215816\\\/#primaryimage\"},\"thumbnailUrl\":\"https:\\\/\\\/www.webdo.tn\\\/fr\\\/wp-content\\\/uploads\\\/2024\\\/08\\\/f89fb3a1d3ecab73bba2c3beb076f7d7.webp\",\"datePublished\":\"2024-08-14T13:04:00+00:00\",\"dateModified\":\"2025-05-20T22:54:41+00:00\",\"description\":\"Selon Ramzi Ben Jaddou, coordinateur au sein de la Coordination des docteurs ch\u00f4meurs, ils avaient \u00e9t\u00e9 invit\u00e9s lors du sit-in qu'ils ont organis\u00e9 le 17 juillet...\",\"breadcrumb\":{\"@id\":\"https:\\\/\\\/www.webdo.tn\\\/fr\\\/actualite\\\/national\\\/les-docteurs-au-chomage-lancent-un-nouvel-appel-a-kais-saied\\\/215816\\\/#breadcrumb\"},\"inLanguage\":\"fr-FR\",\"potentialAction\":[{\"@type\":\"ReadAction\",\"target\":[\"https:\\\/\\\/www.webdo.tn\\\/fr\\\/actualite\\\/national\\\/les-docteurs-au-chomage-lancent-un-nouvel-appel-a-kais-saied\\\/215816\\\/\"]}]},{\"@type\":\"ImageObject\",\"inLanguage\":\"fr-FR\",\"@id\":\"https:\\\/\\\/www.webdo.tn\\\/fr\\\/actualite\\\/national\\\/les-docteurs-au-chomage-lancent-un-nouvel-appel-a-kais-saied\\\/215816\\\/#primaryimage\",\"url\":\"https:\\\/\\\/www.webdo.tn\\\/fr\\\/wp-content\\\/uploads\\\/2024\\\/08\\\/f89fb3a1d3ecab73bba2c3beb076f7d7.webp\",\"contentUrl\":\"https:\\\/\\\/www.webdo.tn\\\/fr\\\/wp-content\\\/uploads\\\/2024\\\/08\\\/f89fb3a1d3ecab73bba2c3beb076f7d7.webp\",\"width\":750,\"height\":400,\"caption\":\"Les docteurs au ch\u00f4mage lancent un nouvel appel \u00e0 Kais Saied\"},{\"@type\":\"BreadcrumbList\",\"@id\":\"https:\\\/\\\/www.webdo.tn\\\/fr\\\/actualite\\\/national\\\/les-docteurs-au-chomage-lancent-un-nouvel-appel-a-kais-saied\\\/215816\\\/#breadcrumb\",\"itemListElement\":[{\"@type\":\"ListItem\",\"position\":1,\"name\":\"Accueil\",\"item\":\"https:\\\/\\\/www.webdo.tn\\\/fr\\\/\"},{\"@type\":\"ListItem\",\"position\":2,\"name\":\"Les docteurs au ch\u00f4mage lancent un nouvel appel \u00e0 Kais Saied\"}]},{\"@type\":\"WebSite\",\"@id\":\"https:\\\/\\\/www.webdo.tn\\\/fr\\\/#website\",\"url\":\"https:\\\/\\\/www.webdo.tn\\\/fr\\\/\",\"name\":\"webdo\",\"description\":\"Tunisie - News en Tunisie et \u00e0 l&#039;international sur Webdo.tn\",\"publisher\":{\"@id\":\"https:\\\/\\\/www.webdo.tn\\\/fr\\\/#organization\"},\"potentialAction\":[{\"@type\":\"SearchAction\",\"target\":{\"@type\":\"EntryPoint\",\"urlTemplate\":\"https:\\\/\\\/www.webdo.tn\\\/fr\\\/?s={search_term_string}\"},\"query-input\":{\"@type\":\"PropertyValueSpecification\",\"valueRequired\":true,\"valueName\":\"search_term_string\"}}],\"inLanguage\":\"fr-FR\"},{\"@type\":\"Organization\",\"@id\":\"https:\\\/\\\/www.webdo.tn\\\/fr\\\/#organization\",\"name\":\"Webdo\",\"alternateName\":\"Webdo.tn\",\"url\":\"https:\\\/\\\/www.webdo.tn\\\/fr\\\/\",\"logo\":{\"@type\":\"ImageObject\",\"inLanguage\":\"fr-FR\",\"@id\":\"https:\\\/\\\/www.webdo.tn\\\/fr\\\/#\\\/schema\\\/logo\\\/image\\\/\",\"url\":\"https:\\\/\\\/www.webdo.tn\\\/fr\\\/wp-content\\\/uploads\\\/2025\\\/06\\\/Webdo-Tunisie_168377.jpg\",\"contentUrl\":\"https:\\\/\\\/www.webdo.tn\\\/fr\\\/wp-content\\\/uploads\\\/2025\\\/06\\\/Webdo-Tunisie_168377.jpg\",\"width\":301,\"height\":301,\"caption\":\"Webdo\"},\"image\":{\"@id\":\"https:\\\/\\\/www.webdo.tn\\\/fr\\\/#\\\/schema\\\/logo\\\/image\\\/\"},\"sameAs\":[\"https:\\\/\\\/www.facebook.com\\\/webdotn\",\"https:\\\/\\\/x.com\\\/webdo_tn\"],\"description\":\"Webdo est un m\u00e9dia num\u00e9rique tunisien fond\u00e9 en 2010, sp\u00e9cialis\u00e9 dans l\u2019actualit\u00e9 nationale et internationale, l\u2019\u00e9conomie, la soci\u00e9t\u00e9 et les analyses politiques. Le site s\u2019adresse \u00e0 un large public francophone et couvre l\u2019information tunisienne en temps r\u00e9el.\",\"email\":\"redac@webdo.tn\",\"legalName\":\"YNJ SARL\",\"foundingDate\":\"2010-09-06\",\"numberOfEmployees\":{\"@type\":\"QuantitativeValue\",\"minValue\":\"11\",\"maxValue\":\"50\"}},{\"@type\":\"Person\",\"@id\":\"https:\\\/\\\/www.webdo.tn\\\/fr\\\/#\\\/schema\\\/person\\\/f35b42a42c5e2511bbd282959d6385cc\",\"name\":\"CL\",\"image\":{\"@type\":\"ImageObject\",\"inLanguage\":\"fr-FR\",\"@id\":\"https:\\\/\\\/secure.gravatar.com\\\/avatar\\\/1447a49909b67aa657c488aec6512e1dd6143a480c1ecfee9b5b5cd74eb3b59e?s=96&d=mm&r=g\",\"url\":\"https:\\\/\\\/secure.gravatar.com\\\/avatar\\\/1447a49909b67aa657c488aec6512e1dd6143a480c1ecfee9b5b5cd74eb3b59e?s=96&d=mm&r=g\",\"contentUrl\":\"https:\\\/\\\/secure.gravatar.com\\\/avatar\\\/1447a49909b67aa657c488aec6512e1dd6143a480c1ecfee9b5b5cd74eb3b59e?s=96&d=mm&r=g\",\"caption\":\"CL\"},\"url\":\"https:\\\/\\\/www.webdo.tn\\\/fr\\\/actualite\\\/author\\\/cl\\\/\"}]}<\/script>\n<!-- \/ Yoast SEO Premium plugin. -->","yoast_head_json":{"title":"Les docteurs au ch\u00f4mage lancent un nouvel appel \u00e0 Kais Saied","description":"Selon Ramzi Ben Jaddou, coordinateur au sein de la Coordination des docteurs ch\u00f4meurs, ils avaient \u00e9t\u00e9 invit\u00e9s lors du sit-in qu'ils ont organis\u00e9 le 17 juillet...","canonical":"https:\/\/www.webdo.tn\/fr\/actualite\/national\/les-docteurs-au-chomage-lancent-un-nouvel-appel-a-kais-saied\/215816\/","og_locale":"fr_FR","og_type":"article","og_title":"Les docteurs au ch\u00f4mage lancent un nouvel appel \u00e0 Kais Saied","og_description":"Selon Ramzi Ben Jaddou, coordinateur au sein de la Coordination des docteurs ch\u00f4meurs, ils avaient \u00e9t\u00e9 invit\u00e9s lors du sit-in qu'ils ont organis\u00e9 le 17 juillet...","og_url":"https:\/\/www.webdo.tn\/fr\/actualite\/national\/les-docteurs-au-chomage-lancent-un-nouvel-appel-a-kais-saied\/215816\/","og_site_name":"webdo","article_publisher":"https:\/\/www.facebook.com\/webdotn","article_published_time":"2024-08-14T13:04:00+00:00","article_modified_time":"2025-05-20T22:54:41+00:00","og_image":[{"width":750,"height":400,"url":"https:\/\/www.webdo.tn\/fr\/wp-content\/uploads\/2024\/08\/f89fb3a1d3ecab73bba2c3beb076f7d7.webp","type":"image\/webp"}],"author":"CL","twitter_card":"summary_large_image","twitter_creator":"@webdo_tn","twitter_site":"@webdo_tn","twitter_misc":{"\u00c9crit par":"CL","Dur\u00e9e de lecture estim\u00e9e":"1 minute"},"schema":{"@context":"https:\/\/schema.org","@graph":[{"@type":"NewsArticle","@id":"https:\/\/www.webdo.tn\/fr\/actualite\/national\/les-docteurs-au-chomage-lancent-un-nouvel-appel-a-kais-saied\/215816\/#article","isPartOf":{"@id":"https:\/\/www.webdo.tn\/fr\/actualite\/national\/les-docteurs-au-chomage-lancent-un-nouvel-appel-a-kais-saied\/215816\/"},"author":{"name":"CL","@id":"https:\/\/www.webdo.tn\/fr\/#\/schema\/person\/f35b42a42c5e2511bbd282959d6385cc"},"headline":"Les docteurs au ch\u00f4mage lancent un nouvel appel \u00e0 Kais Saied","datePublished":"2024-08-14T13:04:00+00:00","dateModified":"2025-05-20T22:54:41+00:00","mainEntityOfPage":{"@id":"https:\/\/www.webdo.tn\/fr\/actualite\/national\/les-docteurs-au-chomage-lancent-un-nouvel-appel-a-kais-saied\/215816\/"},"wordCount":312,"commentCount":0,"publisher":{"@id":"https:\/\/www.webdo.tn\/fr\/#organization"},"image":{"@id":"https:\/\/www.webdo.tn\/fr\/actualite\/national\/les-docteurs-au-chomage-lancent-un-nouvel-appel-a-kais-saied\/215816\/#primaryimage"},"thumbnailUrl":"https:\/\/www.webdo.tn\/fr\/wp-content\/uploads\/2024\/08\/f89fb3a1d3ecab73bba2c3beb076f7d7.webp","keywords":["Ch\u00f4mage","Docteurs","Kais Saied","Tunisie"],"articleSection":["National"],"inLanguage":"fr-FR"},{"@type":"WebPage","@id":"https:\/\/www.webdo.tn\/fr\/actualite\/national\/les-docteurs-au-chomage-lancent-un-nouvel-appel-a-kais-saied\/215816\/","url":"https:\/\/www.webdo.tn\/fr\/actualite\/national\/les-docteurs-au-chomage-lancent-un-nouvel-appel-a-kais-saied\/215816\/","name":"Les docteurs au ch\u00f4mage lancent un nouvel appel \u00e0 Kais Saied","isPartOf":{"@id":"https:\/\/www.webdo.tn\/fr\/#website"},"primaryImageOfPage":{"@id":"https:\/\/www.webdo.tn\/fr\/actualite\/national\/les-docteurs-au-chomage-lancent-un-nouvel-appel-a-kais-saied\/215816\/#primaryimage"},"image":{"@id":"https:\/\/www.webdo.tn\/fr\/actualite\/national\/les-docteurs-au-chomage-lancent-un-nouvel-appel-a-kais-saied\/215816\/#primaryimage"},"thumbnailUrl":"https:\/\/www.webdo.tn\/fr\/wp-content\/uploads\/2024\/08\/f89fb3a1d3ecab73bba2c3beb076f7d7.webp","datePublished":"2024-08-14T13:04:00+00:00","dateModified":"2025-05-20T22:54:41+00:00","description":"Selon Ramzi Ben Jaddou, coordinateur au sein de la Coordination des docteurs ch\u00f4meurs, ils avaient \u00e9t\u00e9 invit\u00e9s lors du sit-in qu'ils ont organis\u00e9 le 17 juillet...","breadcrumb":{"@id":"https:\/\/www.webdo.tn\/fr\/actualite\/national\/les-docteurs-au-chomage-lancent-un-nouvel-appel-a-kais-saied\/215816\/#breadcrumb"},"inLanguage":"fr-FR","potentialAction":[{"@type":"ReadAction","target":["https:\/\/www.webdo.tn\/fr\/actualite\/national\/les-docteurs-au-chomage-lancent-un-nouvel-appel-a-kais-saied\/215816\/"]}]},{"@type":"ImageObject","inLanguage":"fr-FR","@id":"https:\/\/www.webdo.tn\/fr\/actualite\/national\/les-docteurs-au-chomage-lancent-un-nouvel-appel-a-kais-saied\/215816\/#primaryimage","url":"https:\/\/www.webdo.tn\/fr\/wp-content\/uploads\/2024\/08\/f89fb3a1d3ecab73bba2c3beb076f7d7.webp","contentUrl":"https:\/\/www.webdo.tn\/fr\/wp-content\/uploads\/2024\/08\/f89fb3a1d3ecab73bba2c3beb076f7d7.webp","width":750,"height":400,"caption":"Les docteurs au ch\u00f4mage lancent un nouvel appel \u00e0 Kais Saied"},{"@type":"BreadcrumbList","@id":"https:\/\/www.webdo.tn\/fr\/actualite\/national\/les-docteurs-au-chomage-lancent-un-nouvel-appel-a-kais-saied\/215816\/#breadcrumb","itemListElement":[{"@type":"ListItem","position":1,"name":"Accueil","item":"https:\/\/www.webdo.tn\/fr\/"},{"@type":"ListItem","position":2,"name":"Les docteurs au ch\u00f4mage lancent un nouvel appel \u00e0 Kais Saied"}]},{"@type":"WebSite","@id":"https:\/\/www.webdo.tn\/fr\/#website","url":"https:\/\/www.webdo.tn\/fr\/","name":"webdo","description":"Tunisie - News en Tunisie et \u00e0 l&#039;international sur Webdo.tn","publisher":{"@id":"https:\/\/www.webdo.tn\/fr\/#organization"},"potentialAction":[{"@type":"SearchAction","target":{"@type":"EntryPoint","urlTemplate":"https:\/\/www.webdo.tn\/fr\/?s={search_term_string}"},"query-input":{"@type":"PropertyValueSpecification","valueRequired":true,"valueName":"search_term_string"}}],"inLanguage":"fr-FR"},{"@type":"Organization","@id":"https:\/\/www.webdo.tn\/fr\/#organization","name":"Webdo","alternateName":"Webdo.tn","url":"https:\/\/www.webdo.tn\/fr\/","logo":{"@type":"ImageObject","inLanguage":"fr-FR","@id":"https:\/\/www.webdo.tn\/fr\/#\/schema\/logo\/image\/","url":"https:\/\/www.webdo.tn\/fr\/wp-content\/uploads\/2025\/06\/Webdo-Tunisie_168377.jpg","contentUrl":"https:\/\/www.webdo.tn\/fr\/wp-content\/uploads\/2025\/06\/Webdo-Tunisie_168377.jpg","width":301,"height":301,"caption":"Webdo"},"image":{"@id":"https:\/\/www.webdo.tn\/fr\/#\/schema\/logo\/image\/"},"sameAs":["https:\/\/www.facebook.com\/webdotn","https:\/\/x.com\/webdo_tn"],"description":"Webdo est un m\u00e9dia num\u00e9rique tunisien fond\u00e9 en 2010, sp\u00e9cialis\u00e9 dans l\u2019actualit\u00e9 nationale et internationale, l\u2019\u00e9conomie, la soci\u00e9t\u00e9 et les analyses politiques. Le site s\u2019adresse \u00e0 un large public francophone et couvre l\u2019information tunisienne en temps r\u00e9el.","email":"redac@webdo.tn","legalName":"YNJ SARL","foundingDate":"2010-09-06","numberOfEmployees":{"@type":"QuantitativeValue","minValue":"11","maxValue":"50"}},{"@type":"Person","@id":"https:\/\/www.webdo.tn\/fr\/#\/schema\/person\/f35b42a42c5e2511bbd282959d6385cc","name":"CL","image":{"@type":"ImageObject","inLanguage":"fr-FR","@id":"https:\/\/secure.gravatar.com\/avatar\/1447a49909b67aa657c488aec6512e1dd6143a480c1ecfee9b5b5cd74eb3b59e?s=96&d=mm&r=g","url":"https:\/\/secure.gravatar.com\/avatar\/1447a49909b67aa657c488aec6512e1dd6143a480c1ecfee9b5b5cd74eb3b59e?s=96&d=mm&r=g","contentUrl":"https:\/\/secure.gravatar.com\/avatar\/1447a49909b67aa657c488aec6512e1dd6143a480c1ecfee9b5b5cd74eb3b59e?s=96&d=mm&r=g","caption":"CL"},"url":"https:\/\/www.webdo.tn\/fr\/actualite\/author\/cl\/"}]}},"_links":{"self":[{"href":"https:\/\/www.webdo.tn\/fr\/wp-json\/wp\/v2\/posts\/215816","targetHints":{"allow":["GET"]}}],"collection":[{"href":"https:\/\/www.webdo.tn\/fr\/wp-json\/wp\/v2\/posts"}],"about":[{"href":"https:\/\/www.webdo.tn\/fr\/wp-json\/wp\/v2\/types\/post"}],"author":[{"embeddable":true,"href":"https:\/\/www.webdo.tn\/fr\/wp-json\/wp\/v2\/users\/3175"}],"replies":[{"embeddable":true,"href":"https:\/\/www.webdo.tn\/fr\/wp-json\/wp\/v2\/comments?post=215816"}],"version-history":[{"count":0,"href":"https:\/\/www.webdo.tn\/fr\/wp-json\/wp\/v2\/posts\/215816\/revisions"}],"wp:featuredmedia":[{"embeddable":true,"href":"https:\/\/www.webdo.tn\/fr\/wp-json\/wp\/v2\/media\/290950"}],"wp:attachment":[{"href":"https:\/\/www.webdo.tn\/fr\/wp-json\/wp\/v2\/media?parent=215816"}],"wp:term":[{"taxonomy":"category","embeddable":true,"href":"https:\/\/www.webdo.tn\/fr\/wp-json\/wp\/v2\/categories?post=215816"},{"taxonomy":"post_tag","embeddable":true,"href":"https:\/\/www.webdo.tn\/fr\/wp-json\/wp\/v2\/tags?post=215816"}],"curies":[{"name":"wp","href":"https:\/\/api.w.org\/{rel}","templated":true}]}}