{"id":215815,"date":"2024-08-14T12:53:00","date_gmt":"2024-08-14T12:53:00","guid":{"rendered":"https:\/\/www.webdo.tn\/fr\/blog\/les-compagnies-aeriennes-du-moyen-orient-se-precipitent-pour-recruter-des-pilotes\/215815\/"},"modified":"2025-05-20T22:13:51","modified_gmt":"2025-05-20T22:13:51","slug":"les-compagnies-aeriennes-du-moyen-orient-se-precipitent-pour-recruter-des-pilotes","status":"publish","type":"post","link":"https:\/\/www.webdo.tn\/fr\/actualite\/international\/les-compagnies-aeriennes-du-moyen-orient-se-precipitent-pour-recruter-des-pilotes\/215815\/","title":{"rendered":"Les compagnies a\u00e9riennes du Moyen-Orient se pr\u00e9cipitent pour recruter des pilotes"},"content":{"rendered":"<p>La p\u00e9nurie de pilotes menace les ambitions de l&rsquo;industrie a\u00e9ronautique en pleine croissance au Moyen-Orient, avertissent les analystes, obligeant les compagnies a\u00e9riennes \u00e0 renforcer leurs efforts de recrutement.<\/p>\n<p>\tJusqu&rsquo;\u00e0 18 000 pilotes suppl\u00e9mentaires n\u00e9cessaires<br \/>\n\tEmirates souhaite embaucher 1700 personnes<br \/>\n\tRiyadh Air se joint \u00e0 la bataille des talents<\/p>\n<p>Selon un cabinet de conseil en management, l&rsquo;industrie mondiale manquera de pr\u00e8s de 80.000 pilotes d&rsquo;ici 2032. Le Moyen-Orient devrait en manquer jusqu&rsquo;\u00e0 18.000.<\/p>\n<p>La p\u00e9nurie de talents a \u00e9t\u00e9 exacerb\u00e9e par la pand\u00e9mie de Covid-19, qui a pouss\u00e9 de nombreux pilotes \u00e0 prendre une retraite anticip\u00e9e ou \u00e0 quitter la profession alors que les flottes \u00e9taient clou\u00e9es au sol. Si le trafic a\u00e9rien a repris, les niveaux de recrutement sont encore loin d&rsquo;\u00eatre atteints.<\/p>\n<p>Emirates compte plus de 4400 pilotes et envisage d&rsquo;en recruter 1700 suppl\u00e9mentaires au cours des trois prochaines ann\u00e9es. La compagnie a\u00e9rienne de Duba\u00ef organise cette ann\u00e9e des tourn\u00e9es de recrutement dans 26 villes de 18 pays.<\/p>\n<p>Le carnet de commandes en pleine expansion de la compagnie a\u00e9rienne accro\u00eet la demande. Emirates a 310 appareils en pr\u00e9paration, avec une flotte d&rsquo;Airbus A350 qui devrait commencer \u00e0 voler plus tard cette ann\u00e9e et des Boeing 777 qui devraient arriver en 2025.<\/p>\n<p>Le Moyen-Orient se dote \u00e9galement d&rsquo;une nouvelle compagnie a\u00e9rienne qui devra concurrencer le personnel et les passagers. Riyadh Air, propri\u00e9t\u00e9 du Fonds d&rsquo;investissement public saoudien, devrait d\u00e9marrer ses op\u00e9rations \u00e0 la mi-2025.<\/p>\n<p>L&rsquo;entreprise souhaite recruter 700 pilotes au cours des trois prochaines ann\u00e9es. L&rsquo;an dernier, elle a organis\u00e9 des campagnes de recrutement en Arabie saoudite, \u00e0 Casablanca, \u00e0 Duba\u00ef, \u00e0 Paris et \u00e0 Londres.<\/p>\n<p>Le mois dernier, Etihad Airways a lanc\u00e9 une campagne de recrutement pour attirer des\u00a0 centaines\u00a0 de nouveaux pilotes. La compagnie a\u00e9rienne d\u2019Abu Dhabi n\u2019a pas publi\u00e9 de chiffres pr\u00e9cis sur sa campagne de recrutement, mais elle vise \u00e0 doubler la taille de sa flotte de 2022 d\u2019ici 2030.<\/p>\n<p>D&rsquo;autres compagnies a\u00e9riennes r\u00e9gionales ont \u00e9galement de gros carnets de commandes. Turkish Airlines souhaite augmenter la taille de sa flotte \u00e0 813 appareils d&rsquo;ici 2033. Flydubai attend sa commande de 11 milliards de dollars pour 30 jets Dreamliner \u00e0 fuselage large.<\/p>\n<p>La compagnie a\u00e9rienne saoudienne \u00e0 bas prix Flyadeal a command\u00e9 51 avions Airbus \u00e0 fuselage \u00e9troit en mai. Saudia, l&rsquo;un des transporteurs nationaux du royaume, \u00e0 105 jets en route d&rsquo;Airbus, le premier lot devant \u00eatre livr\u00e9 d\u00e9but 2026.<\/p>\n<p>Partout dans le monde, les compagnies a\u00e9riennes augmentent les salaires et les avantages sociaux pour attirer et retenir les talents. Aux \u00c9tats-Unis, o\u00f9 le salaire moyen d&rsquo;un pilote est d&rsquo;environ 250.000 dollars, Delta et d&rsquo;autres transporteurs proposent des augmentations de salaire d&rsquo;environ 30%.<\/p>\n","protected":false},"excerpt":{"rendered":"<p>Selon un cabinet de conseil en management, l&rsquo;industrie mondiale manquera de pr\u00e8s de 80.000 pilotes d&rsquo;ici 2032. Le Moyen-Orient devrait en manquer jusqu&rsquo;\u00e0 18.000&#8230;<\/p>\n","protected":false},"author":3162,"featured_media":290949,"comment_status":"open","ping_status":"closed","sticky":false,"template":"","format":"standard","meta":{"footnotes":""},"categories":[2598],"tags":[10362,10361,5156,3872],"class_list":["post-215815","post","type-post","status-publish","format-standard","has-post-thumbnail","hentry","category-international","tag-compagnies-aeriennes","tag-pilotes","tag-moyen-orient","tag-recrutement"],"yoast_head":"<!-- This site is optimized with the Yoast SEO Premium plugin v27.4 (Yoast SEO v27.5) - https:\/\/yoast.com\/product\/yoast-seo-premium-wordpress\/ -->\n<title>Les compagnies a\u00e9riennes du Moyen-Orient se pr\u00e9cipitent pour recruter des pilotes<\/title>\n<meta name=\"description\" content=\"Selon un cabinet de conseil en management, l&#039;industrie mondiale manquera de pr\u00e8s de 80.000 pilotes d&#039;ici 2032. Le Moyen-Orient devrait en manquer jusqu&#039;\u00e0 18.000...\" \/>\n<link rel=\"canonical\" href=\"https:\/\/www.webdo.tn\/fr\/actualite\/international\/les-compagnies-aeriennes-du-moyen-orient-se-precipitent-pour-recruter-des-pilotes\/215815\/\" \/>\n<meta property=\"og:locale\" content=\"fr_FR\" \/>\n<meta property=\"og:type\" content=\"article\" \/>\n<meta property=\"og:title\" content=\"Les compagnies a\u00e9riennes du Moyen-Orient se pr\u00e9cipitent pour recruter des pilotes\" \/>\n<meta property=\"og:description\" content=\"Selon un cabinet de conseil en management, l&#039;industrie mondiale manquera de pr\u00e8s de 80.000 pilotes d&#039;ici 2032. Le Moyen-Orient devrait en manquer jusqu&#039;\u00e0 18.000...\" \/>\n<meta property=\"og:url\" content=\"https:\/\/www.webdo.tn\/fr\/actualite\/international\/les-compagnies-aeriennes-du-moyen-orient-se-precipitent-pour-recruter-des-pilotes\/215815\/\" \/>\n<meta property=\"og:site_name\" content=\"webdo\" \/>\n<meta property=\"article:publisher\" content=\"https:\/\/www.facebook.com\/webdotn\" \/>\n<meta property=\"article:published_time\" content=\"2024-08-14T12:53:00+00:00\" \/>\n<meta property=\"article:modified_time\" content=\"2025-05-20T22:13:51+00:00\" \/>\n<meta property=\"og:image\" content=\"https:\/\/www.webdo.tn\/fr\/wp-content\/uploads\/2024\/08\/5ce50cc7359eecb83a5a6dacd90bb437.webp\" \/>\n\t<meta property=\"og:image:width\" content=\"750\" \/>\n\t<meta property=\"og:image:height\" content=\"400\" \/>\n\t<meta property=\"og:image:type\" content=\"image\/webp\" \/>\n<meta name=\"author\" content=\"MC\" \/>\n<meta name=\"twitter:card\" content=\"summary_large_image\" \/>\n<meta name=\"twitter:creator\" content=\"@webdo_tn\" \/>\n<meta name=\"twitter:site\" content=\"@webdo_tn\" \/>\n<meta name=\"twitter:label1\" content=\"\u00c9crit par\" \/>\n\t<meta name=\"twitter:data1\" content=\"MC\" \/>\n\t<meta name=\"twitter:label2\" content=\"Dur\u00e9e de lecture estim\u00e9e\" \/>\n\t<meta name=\"twitter:data2\" content=\"2 minutes\" \/>\n<script type=\"application\/ld+json\" class=\"yoast-schema-graph\">{\"@context\":\"https:\\\/\\\/schema.org\",\"@graph\":[{\"@type\":\"NewsArticle\",\"@id\":\"https:\\\/\\\/www.webdo.tn\\\/fr\\\/actualite\\\/international\\\/les-compagnies-aeriennes-du-moyen-orient-se-precipitent-pour-recruter-des-pilotes\\\/215815\\\/#article\",\"isPartOf\":{\"@id\":\"https:\\\/\\\/www.webdo.tn\\\/fr\\\/actualite\\\/international\\\/les-compagnies-aeriennes-du-moyen-orient-se-precipitent-pour-recruter-des-pilotes\\\/215815\\\/\"},\"author\":{\"name\":\"MC\",\"@id\":\"https:\\\/\\\/www.webdo.tn\\\/fr\\\/#\\\/schema\\\/person\\\/2c4929cbf5a809e3bd38617c6ce150f6\"},\"headline\":\"Les compagnies a\u00e9riennes du Moyen-Orient se pr\u00e9cipitent pour recruter des pilotes\",\"datePublished\":\"2024-08-14T12:53:00+00:00\",\"dateModified\":\"2025-05-20T22:13:51+00:00\",\"mainEntityOfPage\":{\"@id\":\"https:\\\/\\\/www.webdo.tn\\\/fr\\\/actualite\\\/international\\\/les-compagnies-aeriennes-du-moyen-orient-se-precipitent-pour-recruter-des-pilotes\\\/215815\\\/\"},\"wordCount\":463,\"commentCount\":0,\"publisher\":{\"@id\":\"https:\\\/\\\/www.webdo.tn\\\/fr\\\/#organization\"},\"image\":{\"@id\":\"https:\\\/\\\/www.webdo.tn\\\/fr\\\/actualite\\\/international\\\/les-compagnies-aeriennes-du-moyen-orient-se-precipitent-pour-recruter-des-pilotes\\\/215815\\\/#primaryimage\"},\"thumbnailUrl\":\"https:\\\/\\\/www.webdo.tn\\\/fr\\\/wp-content\\\/uploads\\\/2024\\\/08\\\/5ce50cc7359eecb83a5a6dacd90bb437.webp\",\"keywords\":[\"'compagnies a\u00e9riennes']\",\"'pilotes'\",\"moyen-orient\",\"recrutement\"],\"articleSection\":[\"International\"],\"inLanguage\":\"fr-FR\"},{\"@type\":\"WebPage\",\"@id\":\"https:\\\/\\\/www.webdo.tn\\\/fr\\\/actualite\\\/international\\\/les-compagnies-aeriennes-du-moyen-orient-se-precipitent-pour-recruter-des-pilotes\\\/215815\\\/\",\"url\":\"https:\\\/\\\/www.webdo.tn\\\/fr\\\/actualite\\\/international\\\/les-compagnies-aeriennes-du-moyen-orient-se-precipitent-pour-recruter-des-pilotes\\\/215815\\\/\",\"name\":\"Les compagnies a\u00e9riennes du Moyen-Orient se pr\u00e9cipitent pour recruter des pilotes\",\"isPartOf\":{\"@id\":\"https:\\\/\\\/www.webdo.tn\\\/fr\\\/#website\"},\"primaryImageOfPage\":{\"@id\":\"https:\\\/\\\/www.webdo.tn\\\/fr\\\/actualite\\\/international\\\/les-compagnies-aeriennes-du-moyen-orient-se-precipitent-pour-recruter-des-pilotes\\\/215815\\\/#primaryimage\"},\"image\":{\"@id\":\"https:\\\/\\\/www.webdo.tn\\\/fr\\\/actualite\\\/international\\\/les-compagnies-aeriennes-du-moyen-orient-se-precipitent-pour-recruter-des-pilotes\\\/215815\\\/#primaryimage\"},\"thumbnailUrl\":\"https:\\\/\\\/www.webdo.tn\\\/fr\\\/wp-content\\\/uploads\\\/2024\\\/08\\\/5ce50cc7359eecb83a5a6dacd90bb437.webp\",\"datePublished\":\"2024-08-14T12:53:00+00:00\",\"dateModified\":\"2025-05-20T22:13:51+00:00\",\"description\":\"Selon un cabinet de conseil en management, l'industrie mondiale manquera de pr\u00e8s de 80.000 pilotes d'ici 2032. Le Moyen-Orient devrait en manquer jusqu'\u00e0 18.000...\",\"breadcrumb\":{\"@id\":\"https:\\\/\\\/www.webdo.tn\\\/fr\\\/actualite\\\/international\\\/les-compagnies-aeriennes-du-moyen-orient-se-precipitent-pour-recruter-des-pilotes\\\/215815\\\/#breadcrumb\"},\"inLanguage\":\"fr-FR\",\"potentialAction\":[{\"@type\":\"ReadAction\",\"target\":[\"https:\\\/\\\/www.webdo.tn\\\/fr\\\/actualite\\\/international\\\/les-compagnies-aeriennes-du-moyen-orient-se-precipitent-pour-recruter-des-pilotes\\\/215815\\\/\"]}]},{\"@type\":\"ImageObject\",\"inLanguage\":\"fr-FR\",\"@id\":\"https:\\\/\\\/www.webdo.tn\\\/fr\\\/actualite\\\/international\\\/les-compagnies-aeriennes-du-moyen-orient-se-precipitent-pour-recruter-des-pilotes\\\/215815\\\/#primaryimage\",\"url\":\"https:\\\/\\\/www.webdo.tn\\\/fr\\\/wp-content\\\/uploads\\\/2024\\\/08\\\/5ce50cc7359eecb83a5a6dacd90bb437.webp\",\"contentUrl\":\"https:\\\/\\\/www.webdo.tn\\\/fr\\\/wp-content\\\/uploads\\\/2024\\\/08\\\/5ce50cc7359eecb83a5a6dacd90bb437.webp\",\"width\":750,\"height\":400,\"caption\":\"Les compagnies a\u00e9riennes du Moyen-Orient se pr\u00e9cipitent pour recruter des pilotes\"},{\"@type\":\"BreadcrumbList\",\"@id\":\"https:\\\/\\\/www.webdo.tn\\\/fr\\\/actualite\\\/international\\\/les-compagnies-aeriennes-du-moyen-orient-se-precipitent-pour-recruter-des-pilotes\\\/215815\\\/#breadcrumb\",\"itemListElement\":[{\"@type\":\"ListItem\",\"position\":1,\"name\":\"Accueil\",\"item\":\"https:\\\/\\\/www.webdo.tn\\\/fr\\\/\"},{\"@type\":\"ListItem\",\"position\":2,\"name\":\"Les compagnies a\u00e9riennes du Moyen-Orient se pr\u00e9cipitent pour recruter des pilotes\"}]},{\"@type\":\"WebSite\",\"@id\":\"https:\\\/\\\/www.webdo.tn\\\/fr\\\/#website\",\"url\":\"https:\\\/\\\/www.webdo.tn\\\/fr\\\/\",\"name\":\"webdo\",\"description\":\"Tunisie - News en Tunisie et \u00e0 l&#039;international sur Webdo.tn\",\"publisher\":{\"@id\":\"https:\\\/\\\/www.webdo.tn\\\/fr\\\/#organization\"},\"potentialAction\":[{\"@type\":\"SearchAction\",\"target\":{\"@type\":\"EntryPoint\",\"urlTemplate\":\"https:\\\/\\\/www.webdo.tn\\\/fr\\\/?s={search_term_string}\"},\"query-input\":{\"@type\":\"PropertyValueSpecification\",\"valueRequired\":true,\"valueName\":\"search_term_string\"}}],\"inLanguage\":\"fr-FR\"},{\"@type\":\"Organization\",\"@id\":\"https:\\\/\\\/www.webdo.tn\\\/fr\\\/#organization\",\"name\":\"Webdo\",\"alternateName\":\"Webdo.tn\",\"url\":\"https:\\\/\\\/www.webdo.tn\\\/fr\\\/\",\"logo\":{\"@type\":\"ImageObject\",\"inLanguage\":\"fr-FR\",\"@id\":\"https:\\\/\\\/www.webdo.tn\\\/fr\\\/#\\\/schema\\\/logo\\\/image\\\/\",\"url\":\"https:\\\/\\\/www.webdo.tn\\\/fr\\\/wp-content\\\/uploads\\\/2025\\\/06\\\/Webdo-Tunisie_168377.jpg\",\"contentUrl\":\"https:\\\/\\\/www.webdo.tn\\\/fr\\\/wp-content\\\/uploads\\\/2025\\\/06\\\/Webdo-Tunisie_168377.jpg\",\"width\":301,\"height\":301,\"caption\":\"Webdo\"},\"image\":{\"@id\":\"https:\\\/\\\/www.webdo.tn\\\/fr\\\/#\\\/schema\\\/logo\\\/image\\\/\"},\"sameAs\":[\"https:\\\/\\\/www.facebook.com\\\/webdotn\",\"https:\\\/\\\/x.com\\\/webdo_tn\"],\"description\":\"Webdo est un m\u00e9dia num\u00e9rique tunisien fond\u00e9 en 2010, sp\u00e9cialis\u00e9 dans l\u2019actualit\u00e9 nationale et internationale, l\u2019\u00e9conomie, la soci\u00e9t\u00e9 et les analyses politiques. Le site s\u2019adresse \u00e0 un large public francophone et couvre l\u2019information tunisienne en temps r\u00e9el.\",\"email\":\"redac@webdo.tn\",\"legalName\":\"YNJ SARL\",\"foundingDate\":\"2010-09-06\",\"numberOfEmployees\":{\"@type\":\"QuantitativeValue\",\"minValue\":\"11\",\"maxValue\":\"50\"}},{\"@type\":\"Person\",\"@id\":\"https:\\\/\\\/www.webdo.tn\\\/fr\\\/#\\\/schema\\\/person\\\/2c4929cbf5a809e3bd38617c6ce150f6\",\"name\":\"MC\",\"image\":{\"@type\":\"ImageObject\",\"inLanguage\":\"fr-FR\",\"@id\":\"https:\\\/\\\/secure.gravatar.com\\\/avatar\\\/a545bbb6f84efdd5553dbbc2895e3ca8f1d12c5215e00a041c9670b54aa9b18a?s=96&d=mm&r=g\",\"url\":\"https:\\\/\\\/secure.gravatar.com\\\/avatar\\\/a545bbb6f84efdd5553dbbc2895e3ca8f1d12c5215e00a041c9670b54aa9b18a?s=96&d=mm&r=g\",\"contentUrl\":\"https:\\\/\\\/secure.gravatar.com\\\/avatar\\\/a545bbb6f84efdd5553dbbc2895e3ca8f1d12c5215e00a041c9670b54aa9b18a?s=96&d=mm&r=g\",\"caption\":\"MC\"},\"url\":\"https:\\\/\\\/www.webdo.tn\\\/fr\\\/actualite\\\/author\\\/mc\\\/\"}]}<\/script>\n<!-- \/ Yoast SEO Premium plugin. -->","yoast_head_json":{"title":"Les compagnies a\u00e9riennes du Moyen-Orient se pr\u00e9cipitent pour recruter des pilotes","description":"Selon un cabinet de conseil en management, l'industrie mondiale manquera de pr\u00e8s de 80.000 pilotes d'ici 2032. Le Moyen-Orient devrait en manquer jusqu'\u00e0 18.000...","canonical":"https:\/\/www.webdo.tn\/fr\/actualite\/international\/les-compagnies-aeriennes-du-moyen-orient-se-precipitent-pour-recruter-des-pilotes\/215815\/","og_locale":"fr_FR","og_type":"article","og_title":"Les compagnies a\u00e9riennes du Moyen-Orient se pr\u00e9cipitent pour recruter des pilotes","og_description":"Selon un cabinet de conseil en management, l'industrie mondiale manquera de pr\u00e8s de 80.000 pilotes d'ici 2032. Le Moyen-Orient devrait en manquer jusqu'\u00e0 18.000...","og_url":"https:\/\/www.webdo.tn\/fr\/actualite\/international\/les-compagnies-aeriennes-du-moyen-orient-se-precipitent-pour-recruter-des-pilotes\/215815\/","og_site_name":"webdo","article_publisher":"https:\/\/www.facebook.com\/webdotn","article_published_time":"2024-08-14T12:53:00+00:00","article_modified_time":"2025-05-20T22:13:51+00:00","og_image":[{"width":750,"height":400,"url":"https:\/\/www.webdo.tn\/fr\/wp-content\/uploads\/2024\/08\/5ce50cc7359eecb83a5a6dacd90bb437.webp","type":"image\/webp"}],"author":"MC","twitter_card":"summary_large_image","twitter_creator":"@webdo_tn","twitter_site":"@webdo_tn","twitter_misc":{"\u00c9crit par":"MC","Dur\u00e9e de lecture estim\u00e9e":"2 minutes"},"schema":{"@context":"https:\/\/schema.org","@graph":[{"@type":"NewsArticle","@id":"https:\/\/www.webdo.tn\/fr\/actualite\/international\/les-compagnies-aeriennes-du-moyen-orient-se-precipitent-pour-recruter-des-pilotes\/215815\/#article","isPartOf":{"@id":"https:\/\/www.webdo.tn\/fr\/actualite\/international\/les-compagnies-aeriennes-du-moyen-orient-se-precipitent-pour-recruter-des-pilotes\/215815\/"},"author":{"name":"MC","@id":"https:\/\/www.webdo.tn\/fr\/#\/schema\/person\/2c4929cbf5a809e3bd38617c6ce150f6"},"headline":"Les compagnies a\u00e9riennes du Moyen-Orient se pr\u00e9cipitent pour recruter des pilotes","datePublished":"2024-08-14T12:53:00+00:00","dateModified":"2025-05-20T22:13:51+00:00","mainEntityOfPage":{"@id":"https:\/\/www.webdo.tn\/fr\/actualite\/international\/les-compagnies-aeriennes-du-moyen-orient-se-precipitent-pour-recruter-des-pilotes\/215815\/"},"wordCount":463,"commentCount":0,"publisher":{"@id":"https:\/\/www.webdo.tn\/fr\/#organization"},"image":{"@id":"https:\/\/www.webdo.tn\/fr\/actualite\/international\/les-compagnies-aeriennes-du-moyen-orient-se-precipitent-pour-recruter-des-pilotes\/215815\/#primaryimage"},"thumbnailUrl":"https:\/\/www.webdo.tn\/fr\/wp-content\/uploads\/2024\/08\/5ce50cc7359eecb83a5a6dacd90bb437.webp","keywords":["'compagnies a\u00e9riennes']","'pilotes'","moyen-orient","recrutement"],"articleSection":["International"],"inLanguage":"fr-FR"},{"@type":"WebPage","@id":"https:\/\/www.webdo.tn\/fr\/actualite\/international\/les-compagnies-aeriennes-du-moyen-orient-se-precipitent-pour-recruter-des-pilotes\/215815\/","url":"https:\/\/www.webdo.tn\/fr\/actualite\/international\/les-compagnies-aeriennes-du-moyen-orient-se-precipitent-pour-recruter-des-pilotes\/215815\/","name":"Les compagnies a\u00e9riennes du Moyen-Orient se pr\u00e9cipitent pour recruter des pilotes","isPartOf":{"@id":"https:\/\/www.webdo.tn\/fr\/#website"},"primaryImageOfPage":{"@id":"https:\/\/www.webdo.tn\/fr\/actualite\/international\/les-compagnies-aeriennes-du-moyen-orient-se-precipitent-pour-recruter-des-pilotes\/215815\/#primaryimage"},"image":{"@id":"https:\/\/www.webdo.tn\/fr\/actualite\/international\/les-compagnies-aeriennes-du-moyen-orient-se-precipitent-pour-recruter-des-pilotes\/215815\/#primaryimage"},"thumbnailUrl":"https:\/\/www.webdo.tn\/fr\/wp-content\/uploads\/2024\/08\/5ce50cc7359eecb83a5a6dacd90bb437.webp","datePublished":"2024-08-14T12:53:00+00:00","dateModified":"2025-05-20T22:13:51+00:00","description":"Selon un cabinet de conseil en management, l'industrie mondiale manquera de pr\u00e8s de 80.000 pilotes d'ici 2032. Le Moyen-Orient devrait en manquer jusqu'\u00e0 18.000...","breadcrumb":{"@id":"https:\/\/www.webdo.tn\/fr\/actualite\/international\/les-compagnies-aeriennes-du-moyen-orient-se-precipitent-pour-recruter-des-pilotes\/215815\/#breadcrumb"},"inLanguage":"fr-FR","potentialAction":[{"@type":"ReadAction","target":["https:\/\/www.webdo.tn\/fr\/actualite\/international\/les-compagnies-aeriennes-du-moyen-orient-se-precipitent-pour-recruter-des-pilotes\/215815\/"]}]},{"@type":"ImageObject","inLanguage":"fr-FR","@id":"https:\/\/www.webdo.tn\/fr\/actualite\/international\/les-compagnies-aeriennes-du-moyen-orient-se-precipitent-pour-recruter-des-pilotes\/215815\/#primaryimage","url":"https:\/\/www.webdo.tn\/fr\/wp-content\/uploads\/2024\/08\/5ce50cc7359eecb83a5a6dacd90bb437.webp","contentUrl":"https:\/\/www.webdo.tn\/fr\/wp-content\/uploads\/2024\/08\/5ce50cc7359eecb83a5a6dacd90bb437.webp","width":750,"height":400,"caption":"Les compagnies a\u00e9riennes du Moyen-Orient se pr\u00e9cipitent pour recruter des pilotes"},{"@type":"BreadcrumbList","@id":"https:\/\/www.webdo.tn\/fr\/actualite\/international\/les-compagnies-aeriennes-du-moyen-orient-se-precipitent-pour-recruter-des-pilotes\/215815\/#breadcrumb","itemListElement":[{"@type":"ListItem","position":1,"name":"Accueil","item":"https:\/\/www.webdo.tn\/fr\/"},{"@type":"ListItem","position":2,"name":"Les compagnies a\u00e9riennes du Moyen-Orient se pr\u00e9cipitent pour recruter des pilotes"}]},{"@type":"WebSite","@id":"https:\/\/www.webdo.tn\/fr\/#website","url":"https:\/\/www.webdo.tn\/fr\/","name":"webdo","description":"Tunisie - News en Tunisie et \u00e0 l&#039;international sur Webdo.tn","publisher":{"@id":"https:\/\/www.webdo.tn\/fr\/#organization"},"potentialAction":[{"@type":"SearchAction","target":{"@type":"EntryPoint","urlTemplate":"https:\/\/www.webdo.tn\/fr\/?s={search_term_string}"},"query-input":{"@type":"PropertyValueSpecification","valueRequired":true,"valueName":"search_term_string"}}],"inLanguage":"fr-FR"},{"@type":"Organization","@id":"https:\/\/www.webdo.tn\/fr\/#organization","name":"Webdo","alternateName":"Webdo.tn","url":"https:\/\/www.webdo.tn\/fr\/","logo":{"@type":"ImageObject","inLanguage":"fr-FR","@id":"https:\/\/www.webdo.tn\/fr\/#\/schema\/logo\/image\/","url":"https:\/\/www.webdo.tn\/fr\/wp-content\/uploads\/2025\/06\/Webdo-Tunisie_168377.jpg","contentUrl":"https:\/\/www.webdo.tn\/fr\/wp-content\/uploads\/2025\/06\/Webdo-Tunisie_168377.jpg","width":301,"height":301,"caption":"Webdo"},"image":{"@id":"https:\/\/www.webdo.tn\/fr\/#\/schema\/logo\/image\/"},"sameAs":["https:\/\/www.facebook.com\/webdotn","https:\/\/x.com\/webdo_tn"],"description":"Webdo est un m\u00e9dia num\u00e9rique tunisien fond\u00e9 en 2010, sp\u00e9cialis\u00e9 dans l\u2019actualit\u00e9 nationale et internationale, l\u2019\u00e9conomie, la soci\u00e9t\u00e9 et les analyses politiques. Le site s\u2019adresse \u00e0 un large public francophone et couvre l\u2019information tunisienne en temps r\u00e9el.","email":"redac@webdo.tn","legalName":"YNJ SARL","foundingDate":"2010-09-06","numberOfEmployees":{"@type":"QuantitativeValue","minValue":"11","maxValue":"50"}},{"@type":"Person","@id":"https:\/\/www.webdo.tn\/fr\/#\/schema\/person\/2c4929cbf5a809e3bd38617c6ce150f6","name":"MC","image":{"@type":"ImageObject","inLanguage":"fr-FR","@id":"https:\/\/secure.gravatar.com\/avatar\/a545bbb6f84efdd5553dbbc2895e3ca8f1d12c5215e00a041c9670b54aa9b18a?s=96&d=mm&r=g","url":"https:\/\/secure.gravatar.com\/avatar\/a545bbb6f84efdd5553dbbc2895e3ca8f1d12c5215e00a041c9670b54aa9b18a?s=96&d=mm&r=g","contentUrl":"https:\/\/secure.gravatar.com\/avatar\/a545bbb6f84efdd5553dbbc2895e3ca8f1d12c5215e00a041c9670b54aa9b18a?s=96&d=mm&r=g","caption":"MC"},"url":"https:\/\/www.webdo.tn\/fr\/actualite\/author\/mc\/"}]}},"_links":{"self":[{"href":"https:\/\/www.webdo.tn\/fr\/wp-json\/wp\/v2\/posts\/215815","targetHints":{"allow":["GET"]}}],"collection":[{"href":"https:\/\/www.webdo.tn\/fr\/wp-json\/wp\/v2\/posts"}],"about":[{"href":"https:\/\/www.webdo.tn\/fr\/wp-json\/wp\/v2\/types\/post"}],"author":[{"embeddable":true,"href":"https:\/\/www.webdo.tn\/fr\/wp-json\/wp\/v2\/users\/3162"}],"replies":[{"embeddable":true,"href":"https:\/\/www.webdo.tn\/fr\/wp-json\/wp\/v2\/comments?post=215815"}],"version-history":[{"count":0,"href":"https:\/\/www.webdo.tn\/fr\/wp-json\/wp\/v2\/posts\/215815\/revisions"}],"wp:featuredmedia":[{"embeddable":true,"href":"https:\/\/www.webdo.tn\/fr\/wp-json\/wp\/v2\/media\/290949"}],"wp:attachment":[{"href":"https:\/\/www.webdo.tn\/fr\/wp-json\/wp\/v2\/media?parent=215815"}],"wp:term":[{"taxonomy":"category","embeddable":true,"href":"https:\/\/www.webdo.tn\/fr\/wp-json\/wp\/v2\/categories?post=215815"},{"taxonomy":"post_tag","embeddable":true,"href":"https:\/\/www.webdo.tn\/fr\/wp-json\/wp\/v2\/tags?post=215815"}],"curies":[{"name":"wp","href":"https:\/\/api.w.org\/{rel}","templated":true}]}}