{"id":215795,"date":"2024-08-13T11:47:00","date_gmt":"2024-08-13T11:47:00","guid":{"rendered":"https:\/\/www.webdo.tn\/fr\/blog\/tunisie-baisse-des-temperatures-a-partir-de-jeudi\/215795\/"},"modified":"2025-05-20T21:49:58","modified_gmt":"2025-05-20T21:49:58","slug":"tunisie-baisse-des-temperatures-a-partir-de-jeudi","status":"publish","type":"post","link":"https:\/\/www.webdo.tn\/fr\/actualite\/national\/tunisie-baisse-des-temperatures-a-partir-de-jeudi\/215795\/","title":{"rendered":"Tunisie : Baisse des temp\u00e9ratures \u00e0 partir de jeudi"},"content":{"rendered":"<p>La canicule est \u00e0 son comble en ce mois d\u2019ao\u00fbt. Le thermom\u00e8tre est au maximum et les temp\u00e9ratures atteindront 44\u00b0C dans le sud-ouest, aujourd\u2019hui.<\/p>\n<p>\t\t\t\t\t\t\t\t\tSelon les pr\u00e9visions de l\u2019Institut National de la M\u00e9t\u00e9orologie (INM), le ciel sera partiellement \u00e0 dens\u00e9ment nuageux, cet apr\u00e8s-midi, sur les hauteurs ouest du nord et du centre, avec l\u2019apparition de cellules orageuses accompagn\u00e9es de quelques pluies.<\/p>\n<p>Les temp\u00e9ratures maximales seront comprises entre 32\u00b0C et 38\u00b0C sur les c\u00f4tes est et les hauteurs du centre-ouest, entre 39\u00b0C et 42\u00b0C dans le reste des r\u00e9gions, et atteindront 44\u00b0C dans le sud-ouest, accompagn\u00e9es localement de vent de sirocco.<\/p>\n<p>Toujours selon les pr\u00e9visions de l\u2019INM, des pluies sont attendues en Tunisie ce mercredi 14 ao\u00fbt 2024. Ces pr\u00e9cipitations orageuses affecteront principalement le nord et le centre du pays, ainsi que Tunis, o\u00f9 de faibles pluies sont \u00e9galement possibles \u00e0 Nabeul.<\/p>\n<p>Demain, mercredi, les temp\u00e9ratures conna\u00eetront une hausse significative, avec des moyennes allant de 35\u00b0C \u00e0 41\u00b0C, et atteignant jusqu\u2019\u00e0 44\u00b0C \u00e0 Kairouan, Tozeur et K\u00e9bili.<\/p>\n<p>Les temp\u00e9ratures devraient commencer \u00e0 baisser \u00e0 partir de jeudi, avec un retour \u00e0 des niveaux plus frais pour le d\u00e9but de la semaine prochaine. Ces pr\u00e9visions restent sujettes \u00e0 ajustement selon l\u2019\u00e9volution des conditions m\u00e9t\u00e9orologiques.<\/p>\n","protected":false},"excerpt":{"rendered":"<p>Selon les pr\u00e9visions de l\u2019Institut National de la M\u00e9t\u00e9orologie (INM), le ciel sera partiellement \u00e0 dens\u00e9ment nuageux, cet apr\u00e8s-midi, sur les hauteurs ouest du&#8230;<\/p>\n","protected":false},"author":3162,"featured_media":246783,"comment_status":"open","ping_status":"closed","sticky":false,"template":"","format":"standard","meta":{"footnotes":""},"categories":[44],"tags":[5930,3319,2670,2672,5931,2608],"class_list":["post-215795","post","type-post","status-publish","format-standard","has-post-thumbnail","hentry","category-national","tag-canicule","tag-chaleur","tag-meteo","tag-temperatures","tag-thermometre","tag-tunisie"],"yoast_head":"<!-- This site is optimized with the Yoast SEO Premium plugin v27.4 (Yoast SEO v27.5) - https:\/\/yoast.com\/product\/yoast-seo-premium-wordpress\/ -->\n<title>Tunisie : Baisse des temp\u00e9ratures \u00e0 partir de jeudi<\/title>\n<meta name=\"description\" content=\"Selon les pr\u00e9visions de l\u2019Institut National de la M\u00e9t\u00e9orologie (INM), le ciel sera partiellement \u00e0 dens\u00e9ment nuageux, cet apr\u00e8s-midi, sur les hauteurs ouest du...\" \/>\n<link rel=\"canonical\" href=\"https:\/\/www.webdo.tn\/fr\/actualite\/national\/tunisie-baisse-des-temperatures-a-partir-de-jeudi\/215795\/\" \/>\n<meta property=\"og:locale\" content=\"fr_FR\" \/>\n<meta property=\"og:type\" content=\"article\" \/>\n<meta property=\"og:title\" content=\"Tunisie : Baisse des temp\u00e9ratures \u00e0 partir de jeudi\" \/>\n<meta property=\"og:description\" content=\"Selon les pr\u00e9visions de l\u2019Institut National de la M\u00e9t\u00e9orologie (INM), le ciel sera partiellement \u00e0 dens\u00e9ment nuageux, cet apr\u00e8s-midi, sur les hauteurs ouest du...\" \/>\n<meta property=\"og:url\" content=\"https:\/\/www.webdo.tn\/fr\/actualite\/national\/tunisie-baisse-des-temperatures-a-partir-de-jeudi\/215795\/\" \/>\n<meta property=\"og:site_name\" content=\"webdo\" \/>\n<meta property=\"article:publisher\" content=\"https:\/\/www.facebook.com\/webdotn\" \/>\n<meta property=\"article:published_time\" content=\"2024-08-13T11:47:00+00:00\" \/>\n<meta property=\"article:modified_time\" content=\"2025-05-20T21:49:58+00:00\" \/>\n<meta property=\"og:image\" content=\"https:\/\/www.webdo.tn\/fr\/wp-content\/uploads\/2024\/08\/0931f70395f73d8f4c81591f04da89b5.webp\" \/>\n\t<meta property=\"og:image:width\" content=\"750\" \/>\n\t<meta property=\"og:image:height\" content=\"400\" \/>\n\t<meta property=\"og:image:type\" content=\"image\/webp\" \/>\n<meta name=\"author\" content=\"MC\" \/>\n<meta name=\"twitter:card\" content=\"summary_large_image\" \/>\n<meta name=\"twitter:creator\" content=\"@webdo_tn\" \/>\n<meta name=\"twitter:site\" content=\"@webdo_tn\" \/>\n<meta name=\"twitter:label1\" content=\"\u00c9crit par\" \/>\n\t<meta name=\"twitter:data1\" content=\"MC\" \/>\n\t<meta name=\"twitter:label2\" content=\"Dur\u00e9e de lecture estim\u00e9e\" \/>\n\t<meta name=\"twitter:data2\" content=\"1 minute\" \/>\n<script type=\"application\/ld+json\" class=\"yoast-schema-graph\">{\"@context\":\"https:\\\/\\\/schema.org\",\"@graph\":[{\"@type\":\"NewsArticle\",\"@id\":\"https:\\\/\\\/www.webdo.tn\\\/fr\\\/actualite\\\/national\\\/tunisie-baisse-des-temperatures-a-partir-de-jeudi\\\/215795\\\/#article\",\"isPartOf\":{\"@id\":\"https:\\\/\\\/www.webdo.tn\\\/fr\\\/actualite\\\/national\\\/tunisie-baisse-des-temperatures-a-partir-de-jeudi\\\/215795\\\/\"},\"author\":{\"name\":\"MC\",\"@id\":\"https:\\\/\\\/www.webdo.tn\\\/fr\\\/#\\\/schema\\\/person\\\/2c4929cbf5a809e3bd38617c6ce150f6\"},\"headline\":\"Tunisie : Baisse des temp\u00e9ratures \u00e0 partir de jeudi\",\"datePublished\":\"2024-08-13T11:47:00+00:00\",\"dateModified\":\"2025-05-20T21:49:58+00:00\",\"mainEntityOfPage\":{\"@id\":\"https:\\\/\\\/www.webdo.tn\\\/fr\\\/actualite\\\/national\\\/tunisie-baisse-des-temperatures-a-partir-de-jeudi\\\/215795\\\/\"},\"wordCount\":229,\"commentCount\":0,\"publisher\":{\"@id\":\"https:\\\/\\\/www.webdo.tn\\\/fr\\\/#organization\"},\"image\":{\"@id\":\"https:\\\/\\\/www.webdo.tn\\\/fr\\\/actualite\\\/national\\\/tunisie-baisse-des-temperatures-a-partir-de-jeudi\\\/215795\\\/#primaryimage\"},\"thumbnailUrl\":\"https:\\\/\\\/www.webdo.tn\\\/fr\\\/wp-content\\\/uploads\\\/2024\\\/08\\\/0931f70395f73d8f4c81591f04da89b5.webp\",\"keywords\":[\"Canicule\",\"chaleur\",\"m\u00e9t\u00e9o\",\"temp\u00e9ratures\",\"thermom\u00e8tre\",\"Tunisie\"],\"articleSection\":[\"National\"],\"inLanguage\":\"fr-FR\"},{\"@type\":\"WebPage\",\"@id\":\"https:\\\/\\\/www.webdo.tn\\\/fr\\\/actualite\\\/national\\\/tunisie-baisse-des-temperatures-a-partir-de-jeudi\\\/215795\\\/\",\"url\":\"https:\\\/\\\/www.webdo.tn\\\/fr\\\/actualite\\\/national\\\/tunisie-baisse-des-temperatures-a-partir-de-jeudi\\\/215795\\\/\",\"name\":\"Tunisie : Baisse des temp\u00e9ratures \u00e0 partir de jeudi\",\"isPartOf\":{\"@id\":\"https:\\\/\\\/www.webdo.tn\\\/fr\\\/#website\"},\"primaryImageOfPage\":{\"@id\":\"https:\\\/\\\/www.webdo.tn\\\/fr\\\/actualite\\\/national\\\/tunisie-baisse-des-temperatures-a-partir-de-jeudi\\\/215795\\\/#primaryimage\"},\"image\":{\"@id\":\"https:\\\/\\\/www.webdo.tn\\\/fr\\\/actualite\\\/national\\\/tunisie-baisse-des-temperatures-a-partir-de-jeudi\\\/215795\\\/#primaryimage\"},\"thumbnailUrl\":\"https:\\\/\\\/www.webdo.tn\\\/fr\\\/wp-content\\\/uploads\\\/2024\\\/08\\\/0931f70395f73d8f4c81591f04da89b5.webp\",\"datePublished\":\"2024-08-13T11:47:00+00:00\",\"dateModified\":\"2025-05-20T21:49:58+00:00\",\"description\":\"Selon les pr\u00e9visions de l\u2019Institut National de la M\u00e9t\u00e9orologie (INM), le ciel sera partiellement \u00e0 dens\u00e9ment nuageux, cet apr\u00e8s-midi, sur les hauteurs ouest du...\",\"breadcrumb\":{\"@id\":\"https:\\\/\\\/www.webdo.tn\\\/fr\\\/actualite\\\/national\\\/tunisie-baisse-des-temperatures-a-partir-de-jeudi\\\/215795\\\/#breadcrumb\"},\"inLanguage\":\"fr-FR\",\"potentialAction\":[{\"@type\":\"ReadAction\",\"target\":[\"https:\\\/\\\/www.webdo.tn\\\/fr\\\/actualite\\\/national\\\/tunisie-baisse-des-temperatures-a-partir-de-jeudi\\\/215795\\\/\"]}]},{\"@type\":\"ImageObject\",\"inLanguage\":\"fr-FR\",\"@id\":\"https:\\\/\\\/www.webdo.tn\\\/fr\\\/actualite\\\/national\\\/tunisie-baisse-des-temperatures-a-partir-de-jeudi\\\/215795\\\/#primaryimage\",\"url\":\"https:\\\/\\\/www.webdo.tn\\\/fr\\\/wp-content\\\/uploads\\\/2024\\\/08\\\/0931f70395f73d8f4c81591f04da89b5.webp\",\"contentUrl\":\"https:\\\/\\\/www.webdo.tn\\\/fr\\\/wp-content\\\/uploads\\\/2024\\\/08\\\/0931f70395f73d8f4c81591f04da89b5.webp\",\"width\":750,\"height\":400,\"caption\":\"Tunisie : Baisse des temp\u00e9ratures \u00e0 partir de jeudi\"},{\"@type\":\"BreadcrumbList\",\"@id\":\"https:\\\/\\\/www.webdo.tn\\\/fr\\\/actualite\\\/national\\\/tunisie-baisse-des-temperatures-a-partir-de-jeudi\\\/215795\\\/#breadcrumb\",\"itemListElement\":[{\"@type\":\"ListItem\",\"position\":1,\"name\":\"Accueil\",\"item\":\"https:\\\/\\\/www.webdo.tn\\\/fr\\\/\"},{\"@type\":\"ListItem\",\"position\":2,\"name\":\"Tunisie : Baisse des temp\u00e9ratures \u00e0 partir de jeudi\"}]},{\"@type\":\"WebSite\",\"@id\":\"https:\\\/\\\/www.webdo.tn\\\/fr\\\/#website\",\"url\":\"https:\\\/\\\/www.webdo.tn\\\/fr\\\/\",\"name\":\"webdo\",\"description\":\"Tunisie - News en Tunisie et \u00e0 l&#039;international sur Webdo.tn\",\"publisher\":{\"@id\":\"https:\\\/\\\/www.webdo.tn\\\/fr\\\/#organization\"},\"potentialAction\":[{\"@type\":\"SearchAction\",\"target\":{\"@type\":\"EntryPoint\",\"urlTemplate\":\"https:\\\/\\\/www.webdo.tn\\\/fr\\\/?s={search_term_string}\"},\"query-input\":{\"@type\":\"PropertyValueSpecification\",\"valueRequired\":true,\"valueName\":\"search_term_string\"}}],\"inLanguage\":\"fr-FR\"},{\"@type\":\"Organization\",\"@id\":\"https:\\\/\\\/www.webdo.tn\\\/fr\\\/#organization\",\"name\":\"Webdo\",\"alternateName\":\"Webdo.tn\",\"url\":\"https:\\\/\\\/www.webdo.tn\\\/fr\\\/\",\"logo\":{\"@type\":\"ImageObject\",\"inLanguage\":\"fr-FR\",\"@id\":\"https:\\\/\\\/www.webdo.tn\\\/fr\\\/#\\\/schema\\\/logo\\\/image\\\/\",\"url\":\"https:\\\/\\\/www.webdo.tn\\\/fr\\\/wp-content\\\/uploads\\\/2025\\\/06\\\/Webdo-Tunisie_168377.jpg\",\"contentUrl\":\"https:\\\/\\\/www.webdo.tn\\\/fr\\\/wp-content\\\/uploads\\\/2025\\\/06\\\/Webdo-Tunisie_168377.jpg\",\"width\":301,\"height\":301,\"caption\":\"Webdo\"},\"image\":{\"@id\":\"https:\\\/\\\/www.webdo.tn\\\/fr\\\/#\\\/schema\\\/logo\\\/image\\\/\"},\"sameAs\":[\"https:\\\/\\\/www.facebook.com\\\/webdotn\",\"https:\\\/\\\/x.com\\\/webdo_tn\"],\"description\":\"Webdo est un m\u00e9dia num\u00e9rique tunisien fond\u00e9 en 2010, sp\u00e9cialis\u00e9 dans l\u2019actualit\u00e9 nationale et internationale, l\u2019\u00e9conomie, la soci\u00e9t\u00e9 et les analyses politiques. Le site s\u2019adresse \u00e0 un large public francophone et couvre l\u2019information tunisienne en temps r\u00e9el.\",\"email\":\"redac@webdo.tn\",\"legalName\":\"YNJ SARL\",\"foundingDate\":\"2010-09-06\",\"numberOfEmployees\":{\"@type\":\"QuantitativeValue\",\"minValue\":\"11\",\"maxValue\":\"50\"}},{\"@type\":\"Person\",\"@id\":\"https:\\\/\\\/www.webdo.tn\\\/fr\\\/#\\\/schema\\\/person\\\/2c4929cbf5a809e3bd38617c6ce150f6\",\"name\":\"MC\",\"image\":{\"@type\":\"ImageObject\",\"inLanguage\":\"fr-FR\",\"@id\":\"https:\\\/\\\/secure.gravatar.com\\\/avatar\\\/a545bbb6f84efdd5553dbbc2895e3ca8f1d12c5215e00a041c9670b54aa9b18a?s=96&d=mm&r=g\",\"url\":\"https:\\\/\\\/secure.gravatar.com\\\/avatar\\\/a545bbb6f84efdd5553dbbc2895e3ca8f1d12c5215e00a041c9670b54aa9b18a?s=96&d=mm&r=g\",\"contentUrl\":\"https:\\\/\\\/secure.gravatar.com\\\/avatar\\\/a545bbb6f84efdd5553dbbc2895e3ca8f1d12c5215e00a041c9670b54aa9b18a?s=96&d=mm&r=g\",\"caption\":\"MC\"},\"url\":\"https:\\\/\\\/www.webdo.tn\\\/fr\\\/actualite\\\/author\\\/mc\\\/\"}]}<\/script>\n<!-- \/ Yoast SEO Premium plugin. -->","yoast_head_json":{"title":"Tunisie : Baisse des temp\u00e9ratures \u00e0 partir de jeudi","description":"Selon les pr\u00e9visions de l\u2019Institut National de la M\u00e9t\u00e9orologie (INM), le ciel sera partiellement \u00e0 dens\u00e9ment nuageux, cet apr\u00e8s-midi, sur les hauteurs ouest du...","canonical":"https:\/\/www.webdo.tn\/fr\/actualite\/national\/tunisie-baisse-des-temperatures-a-partir-de-jeudi\/215795\/","og_locale":"fr_FR","og_type":"article","og_title":"Tunisie : Baisse des temp\u00e9ratures \u00e0 partir de jeudi","og_description":"Selon les pr\u00e9visions de l\u2019Institut National de la M\u00e9t\u00e9orologie (INM), le ciel sera partiellement \u00e0 dens\u00e9ment nuageux, cet apr\u00e8s-midi, sur les hauteurs ouest du...","og_url":"https:\/\/www.webdo.tn\/fr\/actualite\/national\/tunisie-baisse-des-temperatures-a-partir-de-jeudi\/215795\/","og_site_name":"webdo","article_publisher":"https:\/\/www.facebook.com\/webdotn","article_published_time":"2024-08-13T11:47:00+00:00","article_modified_time":"2025-05-20T21:49:58+00:00","og_image":[{"width":750,"height":400,"url":"https:\/\/www.webdo.tn\/fr\/wp-content\/uploads\/2024\/08\/0931f70395f73d8f4c81591f04da89b5.webp","type":"image\/webp"}],"author":"MC","twitter_card":"summary_large_image","twitter_creator":"@webdo_tn","twitter_site":"@webdo_tn","twitter_misc":{"\u00c9crit par":"MC","Dur\u00e9e de lecture estim\u00e9e":"1 minute"},"schema":{"@context":"https:\/\/schema.org","@graph":[{"@type":"NewsArticle","@id":"https:\/\/www.webdo.tn\/fr\/actualite\/national\/tunisie-baisse-des-temperatures-a-partir-de-jeudi\/215795\/#article","isPartOf":{"@id":"https:\/\/www.webdo.tn\/fr\/actualite\/national\/tunisie-baisse-des-temperatures-a-partir-de-jeudi\/215795\/"},"author":{"name":"MC","@id":"https:\/\/www.webdo.tn\/fr\/#\/schema\/person\/2c4929cbf5a809e3bd38617c6ce150f6"},"headline":"Tunisie : Baisse des temp\u00e9ratures \u00e0 partir de jeudi","datePublished":"2024-08-13T11:47:00+00:00","dateModified":"2025-05-20T21:49:58+00:00","mainEntityOfPage":{"@id":"https:\/\/www.webdo.tn\/fr\/actualite\/national\/tunisie-baisse-des-temperatures-a-partir-de-jeudi\/215795\/"},"wordCount":229,"commentCount":0,"publisher":{"@id":"https:\/\/www.webdo.tn\/fr\/#organization"},"image":{"@id":"https:\/\/www.webdo.tn\/fr\/actualite\/national\/tunisie-baisse-des-temperatures-a-partir-de-jeudi\/215795\/#primaryimage"},"thumbnailUrl":"https:\/\/www.webdo.tn\/fr\/wp-content\/uploads\/2024\/08\/0931f70395f73d8f4c81591f04da89b5.webp","keywords":["Canicule","chaleur","m\u00e9t\u00e9o","temp\u00e9ratures","thermom\u00e8tre","Tunisie"],"articleSection":["National"],"inLanguage":"fr-FR"},{"@type":"WebPage","@id":"https:\/\/www.webdo.tn\/fr\/actualite\/national\/tunisie-baisse-des-temperatures-a-partir-de-jeudi\/215795\/","url":"https:\/\/www.webdo.tn\/fr\/actualite\/national\/tunisie-baisse-des-temperatures-a-partir-de-jeudi\/215795\/","name":"Tunisie : Baisse des temp\u00e9ratures \u00e0 partir de jeudi","isPartOf":{"@id":"https:\/\/www.webdo.tn\/fr\/#website"},"primaryImageOfPage":{"@id":"https:\/\/www.webdo.tn\/fr\/actualite\/national\/tunisie-baisse-des-temperatures-a-partir-de-jeudi\/215795\/#primaryimage"},"image":{"@id":"https:\/\/www.webdo.tn\/fr\/actualite\/national\/tunisie-baisse-des-temperatures-a-partir-de-jeudi\/215795\/#primaryimage"},"thumbnailUrl":"https:\/\/www.webdo.tn\/fr\/wp-content\/uploads\/2024\/08\/0931f70395f73d8f4c81591f04da89b5.webp","datePublished":"2024-08-13T11:47:00+00:00","dateModified":"2025-05-20T21:49:58+00:00","description":"Selon les pr\u00e9visions de l\u2019Institut National de la M\u00e9t\u00e9orologie (INM), le ciel sera partiellement \u00e0 dens\u00e9ment nuageux, cet apr\u00e8s-midi, sur les hauteurs ouest du...","breadcrumb":{"@id":"https:\/\/www.webdo.tn\/fr\/actualite\/national\/tunisie-baisse-des-temperatures-a-partir-de-jeudi\/215795\/#breadcrumb"},"inLanguage":"fr-FR","potentialAction":[{"@type":"ReadAction","target":["https:\/\/www.webdo.tn\/fr\/actualite\/national\/tunisie-baisse-des-temperatures-a-partir-de-jeudi\/215795\/"]}]},{"@type":"ImageObject","inLanguage":"fr-FR","@id":"https:\/\/www.webdo.tn\/fr\/actualite\/national\/tunisie-baisse-des-temperatures-a-partir-de-jeudi\/215795\/#primaryimage","url":"https:\/\/www.webdo.tn\/fr\/wp-content\/uploads\/2024\/08\/0931f70395f73d8f4c81591f04da89b5.webp","contentUrl":"https:\/\/www.webdo.tn\/fr\/wp-content\/uploads\/2024\/08\/0931f70395f73d8f4c81591f04da89b5.webp","width":750,"height":400,"caption":"Tunisie : Baisse des temp\u00e9ratures \u00e0 partir de jeudi"},{"@type":"BreadcrumbList","@id":"https:\/\/www.webdo.tn\/fr\/actualite\/national\/tunisie-baisse-des-temperatures-a-partir-de-jeudi\/215795\/#breadcrumb","itemListElement":[{"@type":"ListItem","position":1,"name":"Accueil","item":"https:\/\/www.webdo.tn\/fr\/"},{"@type":"ListItem","position":2,"name":"Tunisie : Baisse des temp\u00e9ratures \u00e0 partir de jeudi"}]},{"@type":"WebSite","@id":"https:\/\/www.webdo.tn\/fr\/#website","url":"https:\/\/www.webdo.tn\/fr\/","name":"webdo","description":"Tunisie - News en Tunisie et \u00e0 l&#039;international sur Webdo.tn","publisher":{"@id":"https:\/\/www.webdo.tn\/fr\/#organization"},"potentialAction":[{"@type":"SearchAction","target":{"@type":"EntryPoint","urlTemplate":"https:\/\/www.webdo.tn\/fr\/?s={search_term_string}"},"query-input":{"@type":"PropertyValueSpecification","valueRequired":true,"valueName":"search_term_string"}}],"inLanguage":"fr-FR"},{"@type":"Organization","@id":"https:\/\/www.webdo.tn\/fr\/#organization","name":"Webdo","alternateName":"Webdo.tn","url":"https:\/\/www.webdo.tn\/fr\/","logo":{"@type":"ImageObject","inLanguage":"fr-FR","@id":"https:\/\/www.webdo.tn\/fr\/#\/schema\/logo\/image\/","url":"https:\/\/www.webdo.tn\/fr\/wp-content\/uploads\/2025\/06\/Webdo-Tunisie_168377.jpg","contentUrl":"https:\/\/www.webdo.tn\/fr\/wp-content\/uploads\/2025\/06\/Webdo-Tunisie_168377.jpg","width":301,"height":301,"caption":"Webdo"},"image":{"@id":"https:\/\/www.webdo.tn\/fr\/#\/schema\/logo\/image\/"},"sameAs":["https:\/\/www.facebook.com\/webdotn","https:\/\/x.com\/webdo_tn"],"description":"Webdo est un m\u00e9dia num\u00e9rique tunisien fond\u00e9 en 2010, sp\u00e9cialis\u00e9 dans l\u2019actualit\u00e9 nationale et internationale, l\u2019\u00e9conomie, la soci\u00e9t\u00e9 et les analyses politiques. Le site s\u2019adresse \u00e0 un large public francophone et couvre l\u2019information tunisienne en temps r\u00e9el.","email":"redac@webdo.tn","legalName":"YNJ SARL","foundingDate":"2010-09-06","numberOfEmployees":{"@type":"QuantitativeValue","minValue":"11","maxValue":"50"}},{"@type":"Person","@id":"https:\/\/www.webdo.tn\/fr\/#\/schema\/person\/2c4929cbf5a809e3bd38617c6ce150f6","name":"MC","image":{"@type":"ImageObject","inLanguage":"fr-FR","@id":"https:\/\/secure.gravatar.com\/avatar\/a545bbb6f84efdd5553dbbc2895e3ca8f1d12c5215e00a041c9670b54aa9b18a?s=96&d=mm&r=g","url":"https:\/\/secure.gravatar.com\/avatar\/a545bbb6f84efdd5553dbbc2895e3ca8f1d12c5215e00a041c9670b54aa9b18a?s=96&d=mm&r=g","contentUrl":"https:\/\/secure.gravatar.com\/avatar\/a545bbb6f84efdd5553dbbc2895e3ca8f1d12c5215e00a041c9670b54aa9b18a?s=96&d=mm&r=g","caption":"MC"},"url":"https:\/\/www.webdo.tn\/fr\/actualite\/author\/mc\/"}]}},"_links":{"self":[{"href":"https:\/\/www.webdo.tn\/fr\/wp-json\/wp\/v2\/posts\/215795","targetHints":{"allow":["GET"]}}],"collection":[{"href":"https:\/\/www.webdo.tn\/fr\/wp-json\/wp\/v2\/posts"}],"about":[{"href":"https:\/\/www.webdo.tn\/fr\/wp-json\/wp\/v2\/types\/post"}],"author":[{"embeddable":true,"href":"https:\/\/www.webdo.tn\/fr\/wp-json\/wp\/v2\/users\/3162"}],"replies":[{"embeddable":true,"href":"https:\/\/www.webdo.tn\/fr\/wp-json\/wp\/v2\/comments?post=215795"}],"version-history":[{"count":0,"href":"https:\/\/www.webdo.tn\/fr\/wp-json\/wp\/v2\/posts\/215795\/revisions"}],"wp:featuredmedia":[{"embeddable":true,"href":"https:\/\/www.webdo.tn\/fr\/wp-json\/wp\/v2\/media\/246783"}],"wp:attachment":[{"href":"https:\/\/www.webdo.tn\/fr\/wp-json\/wp\/v2\/media?parent=215795"}],"wp:term":[{"taxonomy":"category","embeddable":true,"href":"https:\/\/www.webdo.tn\/fr\/wp-json\/wp\/v2\/categories?post=215795"},{"taxonomy":"post_tag","embeddable":true,"href":"https:\/\/www.webdo.tn\/fr\/wp-json\/wp\/v2\/tags?post=215795"}],"curies":[{"name":"wp","href":"https:\/\/api.w.org\/{rel}","templated":true}]}}