{"id":215792,"date":"2024-08-13T11:03:00","date_gmt":"2024-08-13T11:03:00","guid":{"rendered":"https:\/\/www.webdo.tn\/fr\/blog\/la-goulette-prieres-pour-la-paix-autour-de-notre-dame-de-trapani\/215792\/"},"modified":"2024-08-13T11:03:00","modified_gmt":"2024-08-13T11:03:00","slug":"la-goulette-prieres-pour-la-paix-autour-de-notre-dame-de-trapani","status":"publish","type":"post","link":"https:\/\/www.webdo.tn\/fr\/actualite\/chroniques\/la-goulette-prieres-pour-la-paix-autour-de-notre-dame-de-trapani\/215792\/","title":{"rendered":"La Goulette : Pri\u00e8res pour la paix autour de Notre-Dame de Trapani"},"content":{"rendered":"<p>La traditionnelle procession de la Madone de Trapani aura lieu jeudi 15 ao\u00fbt \u00e0 la Goulette, en l&rsquo;\u00e9glise Saint-Augustin et Saint-Fid\u00e8le.<\/p>\n<p>\t\t\t\t\t\t\t\t\tComme chaque ann\u00e9e, \u00e0 l&rsquo;occasion de la c\u00e9l\u00e9bration de l&rsquo;Assomption, l&rsquo;\u00e9glise catholique de la Goulette accueille ce jeudi 15 ao\u00fbt \u00e0 18h, une messe solennelle qui sera suivie par la procession de Notre-Dame de Trapani.<\/p>\n<p>Cette c\u00e9l\u00e9bration est d&rsquo;abord une rencontre de pri\u00e8res avec des fid\u00e8les et des croyants r\u00e9unis dans la diversit\u00e9 si embl\u00e9matique de la Goulette et de la tradition tunisienne.<\/p>\n<p>En ce sens, les circonstances du monde, surtout en Palestine, invitent \u00e0 la sobri\u00e9t\u00e9.\u00a0 C&rsquo;est pour cette raison que la c\u00e9l\u00e9bration de cette ann\u00e9e voudrait donner un signe humble et fort de pri\u00e8re pour la paix par l&rsquo;intercession de la Vierge Marie.<\/p>\n<p>Apr\u00e8s la messe qui sera pr\u00e9sid\u00e9e par Monseigneur Nicolas Lhernould, archev\u00eaque de Tunisie, la procession aura lieu sur le parvis de l&rsquo;\u00e9glise dans la symbolique d&rsquo;une communaut\u00e9 humaine rassembl\u00e9e dans la paix.<\/p>\n<p>Ainsi, la traditionnelle procession aura \u00e0 c\u0153ur, aussi bien la gravit\u00e9 du monde que l&rsquo;esp\u00e9rance de porter ensemble la paix dans la richesse de notre diversit\u00e9.<\/p>\n<p>L&rsquo;heure sera ce 15 ao\u00fbt \u00e0 la joie de l&rsquo;\u00e9v\u00e9nement dans l&rsquo;humilit\u00e9 \u00e0 laquelle invitent les circonstances du monde.<\/p>\n<p>Aujourd&rsquo;hui, face aux d\u00e9fis du monde, la Vierge pleure mais malgr\u00e9 la tristesse et les larmes, elle demeure une esp\u00e9rance tr\u00e8s forte qui invite \u00e0 la joie de construire la paix.<\/p>\n<p>Comme chaque ann\u00e9e, l&rsquo;\u00e9glise de la Goulette recevra des centaines de visiteurs de toutes les confessions dans un moment de communaut\u00e9 de pri\u00e8res.<\/p>\n","protected":false},"excerpt":{"rendered":"<p>Comme chaque ann\u00e9e, \u00e0 l&rsquo;occasion de la c\u00e9l\u00e9bration de l&rsquo;Assomption, l&rsquo;\u00e9glise catholique de la Goulette accueille ce jeudi 15 ao\u00fbt \u00e0 18h, une messe solennelle qu&#8230;<\/p>\n","protected":false},"author":3229,"featured_media":290948,"comment_status":"open","ping_status":"closed","sticky":false,"template":"","format":"standard","meta":{"footnotes":""},"categories":[2596],"tags":[10360,10359,4759,3958,7792],"class_list":["post-215792","post","type-post","status-publish","format-standard","has-post-thumbnail","hentry","category-chroniques","tag-assomption","tag-notre-dame-de-trapani","tag-eglise","tag-la-goulette","tag-paix"],"yoast_head":"<!-- This site is optimized with the Yoast SEO Premium plugin v27.5 (Yoast SEO v27.5) - https:\/\/yoast.com\/product\/yoast-seo-premium-wordpress\/ -->\n<title>La Goulette : Pri\u00e8res pour la paix autour de Notre-Dame de Trapani<\/title>\n<meta name=\"description\" content=\"Comme chaque ann\u00e9e, \u00e0 l&#039;occasion de la c\u00e9l\u00e9bration de l&#039;Assomption, l&#039;\u00e9glise catholique de la Goulette accueille ce jeudi 15 ao\u00fbt \u00e0 18h, une messe solennelle qu...\" \/>\n<link rel=\"canonical\" href=\"https:\/\/www.webdo.tn\/fr\/actualite\/chroniques\/la-goulette-prieres-pour-la-paix-autour-de-notre-dame-de-trapani\/215792\/\" \/>\n<meta property=\"og:locale\" content=\"fr_FR\" \/>\n<meta property=\"og:type\" content=\"article\" \/>\n<meta property=\"og:title\" content=\"La Goulette : Pri\u00e8res pour la paix autour de Notre-Dame de Trapani\" \/>\n<meta property=\"og:description\" content=\"Comme chaque ann\u00e9e, \u00e0 l&#039;occasion de la c\u00e9l\u00e9bration de l&#039;Assomption, l&#039;\u00e9glise catholique de la Goulette accueille ce jeudi 15 ao\u00fbt \u00e0 18h, une messe solennelle qu...\" \/>\n<meta property=\"og:url\" content=\"https:\/\/www.webdo.tn\/fr\/actualite\/chroniques\/la-goulette-prieres-pour-la-paix-autour-de-notre-dame-de-trapani\/215792\/\" \/>\n<meta property=\"og:site_name\" content=\"webdo\" \/>\n<meta property=\"article:publisher\" content=\"https:\/\/www.facebook.com\/webdotn\" \/>\n<meta property=\"article:author\" content=\"https:\/\/www.facebook.com\/hatem.bourial.2025\" \/>\n<meta property=\"article:published_time\" content=\"2024-08-13T11:03:00+00:00\" \/>\n<meta property=\"og:image\" content=\"https:\/\/www.webdo.tn\/fr\/wp-content\/uploads\/2024\/08\/89af32ad3b773105894d8e6b8cddb56b.webp\" \/>\n\t<meta property=\"og:image:width\" content=\"720\" \/>\n\t<meta property=\"og:image:height\" content=\"384\" \/>\n\t<meta property=\"og:image:type\" content=\"image\/webp\" \/>\n<meta name=\"author\" content=\"Hatem Bourial\" \/>\n<meta name=\"twitter:card\" content=\"summary_large_image\" \/>\n<meta name=\"twitter:creator\" content=\"@webdo_tn\" \/>\n<meta name=\"twitter:site\" content=\"@webdo_tn\" \/>\n<meta name=\"twitter:label1\" content=\"\u00c9crit par\" \/>\n\t<meta name=\"twitter:data1\" content=\"Hatem Bourial\" \/>\n\t<meta name=\"twitter:label2\" content=\"Dur\u00e9e de lecture estim\u00e9e\" \/>\n\t<meta name=\"twitter:data2\" content=\"1 minute\" \/>\n<script type=\"application\/ld+json\" class=\"yoast-schema-graph\">{\"@context\":\"https:\\\/\\\/schema.org\",\"@graph\":[{\"@type\":\"NewsArticle\",\"@id\":\"https:\\\/\\\/www.webdo.tn\\\/fr\\\/actualite\\\/chroniques\\\/la-goulette-prieres-pour-la-paix-autour-de-notre-dame-de-trapani\\\/215792\\\/#article\",\"isPartOf\":{\"@id\":\"https:\\\/\\\/www.webdo.tn\\\/fr\\\/actualite\\\/chroniques\\\/la-goulette-prieres-pour-la-paix-autour-de-notre-dame-de-trapani\\\/215792\\\/\"},\"author\":{\"name\":\"Hatem Bourial\",\"@id\":\"https:\\\/\\\/www.webdo.tn\\\/fr\\\/#\\\/schema\\\/person\\\/6bc0beba2cd23aec27cb5df85ca2554f\"},\"headline\":\"La Goulette : Pri\u00e8res pour la paix autour de Notre-Dame de Trapani\",\"datePublished\":\"2024-08-13T11:03:00+00:00\",\"mainEntityOfPage\":{\"@id\":\"https:\\\/\\\/www.webdo.tn\\\/fr\\\/actualite\\\/chroniques\\\/la-goulette-prieres-pour-la-paix-autour-de-notre-dame-de-trapani\\\/215792\\\/\"},\"wordCount\":304,\"commentCount\":0,\"publisher\":{\"@id\":\"https:\\\/\\\/www.webdo.tn\\\/fr\\\/#organization\"},\"image\":{\"@id\":\"https:\\\/\\\/www.webdo.tn\\\/fr\\\/actualite\\\/chroniques\\\/la-goulette-prieres-pour-la-paix-autour-de-notre-dame-de-trapani\\\/215792\\\/#primaryimage\"},\"thumbnailUrl\":\"https:\\\/\\\/www.webdo.tn\\\/fr\\\/wp-content\\\/uploads\\\/2024\\\/08\\\/89af32ad3b773105894d8e6b8cddb56b.webp\",\"keywords\":[\"'Assomption']\",\"'Notre-Dame de Trapani'\",\"\u00e9glise\",\"la goulette\",\"paix\"],\"articleSection\":[\"Chroniques\"],\"inLanguage\":\"fr-FR\"},{\"@type\":\"WebPage\",\"@id\":\"https:\\\/\\\/www.webdo.tn\\\/fr\\\/actualite\\\/chroniques\\\/la-goulette-prieres-pour-la-paix-autour-de-notre-dame-de-trapani\\\/215792\\\/\",\"url\":\"https:\\\/\\\/www.webdo.tn\\\/fr\\\/actualite\\\/chroniques\\\/la-goulette-prieres-pour-la-paix-autour-de-notre-dame-de-trapani\\\/215792\\\/\",\"name\":\"La Goulette : Pri\u00e8res pour la paix autour de Notre-Dame de Trapani\",\"isPartOf\":{\"@id\":\"https:\\\/\\\/www.webdo.tn\\\/fr\\\/#website\"},\"primaryImageOfPage\":{\"@id\":\"https:\\\/\\\/www.webdo.tn\\\/fr\\\/actualite\\\/chroniques\\\/la-goulette-prieres-pour-la-paix-autour-de-notre-dame-de-trapani\\\/215792\\\/#primaryimage\"},\"image\":{\"@id\":\"https:\\\/\\\/www.webdo.tn\\\/fr\\\/actualite\\\/chroniques\\\/la-goulette-prieres-pour-la-paix-autour-de-notre-dame-de-trapani\\\/215792\\\/#primaryimage\"},\"thumbnailUrl\":\"https:\\\/\\\/www.webdo.tn\\\/fr\\\/wp-content\\\/uploads\\\/2024\\\/08\\\/89af32ad3b773105894d8e6b8cddb56b.webp\",\"datePublished\":\"2024-08-13T11:03:00+00:00\",\"description\":\"Comme chaque ann\u00e9e, \u00e0 l'occasion de la c\u00e9l\u00e9bration de l'Assomption, l'\u00e9glise catholique de la Goulette accueille ce jeudi 15 ao\u00fbt \u00e0 18h, une messe solennelle qu...\",\"breadcrumb\":{\"@id\":\"https:\\\/\\\/www.webdo.tn\\\/fr\\\/actualite\\\/chroniques\\\/la-goulette-prieres-pour-la-paix-autour-de-notre-dame-de-trapani\\\/215792\\\/#breadcrumb\"},\"inLanguage\":\"fr-FR\",\"potentialAction\":[{\"@type\":\"ReadAction\",\"target\":[\"https:\\\/\\\/www.webdo.tn\\\/fr\\\/actualite\\\/chroniques\\\/la-goulette-prieres-pour-la-paix-autour-de-notre-dame-de-trapani\\\/215792\\\/\"]}]},{\"@type\":\"ImageObject\",\"inLanguage\":\"fr-FR\",\"@id\":\"https:\\\/\\\/www.webdo.tn\\\/fr\\\/actualite\\\/chroniques\\\/la-goulette-prieres-pour-la-paix-autour-de-notre-dame-de-trapani\\\/215792\\\/#primaryimage\",\"url\":\"https:\\\/\\\/www.webdo.tn\\\/fr\\\/wp-content\\\/uploads\\\/2024\\\/08\\\/89af32ad3b773105894d8e6b8cddb56b.webp\",\"contentUrl\":\"https:\\\/\\\/www.webdo.tn\\\/fr\\\/wp-content\\\/uploads\\\/2024\\\/08\\\/89af32ad3b773105894d8e6b8cddb56b.webp\",\"width\":720,\"height\":384,\"caption\":\"La Goulette : Pri\u00e8res pour la paix autour de Notre-Dame de Trapani\"},{\"@type\":\"BreadcrumbList\",\"@id\":\"https:\\\/\\\/www.webdo.tn\\\/fr\\\/actualite\\\/chroniques\\\/la-goulette-prieres-pour-la-paix-autour-de-notre-dame-de-trapani\\\/215792\\\/#breadcrumb\",\"itemListElement\":[{\"@type\":\"ListItem\",\"position\":1,\"name\":\"Accueil\",\"item\":\"https:\\\/\\\/www.webdo.tn\\\/fr\\\/\"},{\"@type\":\"ListItem\",\"position\":2,\"name\":\"La Goulette : Pri\u00e8res pour la paix autour de Notre-Dame de Trapani\"}]},{\"@type\":\"WebSite\",\"@id\":\"https:\\\/\\\/www.webdo.tn\\\/fr\\\/#website\",\"url\":\"https:\\\/\\\/www.webdo.tn\\\/fr\\\/\",\"name\":\"webdo\",\"description\":\"Tunisie - News en Tunisie et \u00e0 l&#039;international sur Webdo.tn\",\"publisher\":{\"@id\":\"https:\\\/\\\/www.webdo.tn\\\/fr\\\/#organization\"},\"potentialAction\":[{\"@type\":\"SearchAction\",\"target\":{\"@type\":\"EntryPoint\",\"urlTemplate\":\"https:\\\/\\\/www.webdo.tn\\\/fr\\\/?s={search_term_string}\"},\"query-input\":{\"@type\":\"PropertyValueSpecification\",\"valueRequired\":true,\"valueName\":\"search_term_string\"}}],\"inLanguage\":\"fr-FR\"},{\"@type\":\"Organization\",\"@id\":\"https:\\\/\\\/www.webdo.tn\\\/fr\\\/#organization\",\"name\":\"Webdo\",\"alternateName\":\"Webdo.tn\",\"url\":\"https:\\\/\\\/www.webdo.tn\\\/fr\\\/\",\"logo\":{\"@type\":\"ImageObject\",\"inLanguage\":\"fr-FR\",\"@id\":\"https:\\\/\\\/www.webdo.tn\\\/fr\\\/#\\\/schema\\\/logo\\\/image\\\/\",\"url\":\"https:\\\/\\\/www.webdo.tn\\\/fr\\\/wp-content\\\/uploads\\\/2025\\\/06\\\/Webdo-Tunisie_168377.jpg\",\"contentUrl\":\"https:\\\/\\\/www.webdo.tn\\\/fr\\\/wp-content\\\/uploads\\\/2025\\\/06\\\/Webdo-Tunisie_168377.jpg\",\"width\":301,\"height\":301,\"caption\":\"Webdo\"},\"image\":{\"@id\":\"https:\\\/\\\/www.webdo.tn\\\/fr\\\/#\\\/schema\\\/logo\\\/image\\\/\"},\"sameAs\":[\"https:\\\/\\\/www.facebook.com\\\/webdotn\",\"https:\\\/\\\/x.com\\\/webdo_tn\"],\"description\":\"Webdo est un m\u00e9dia num\u00e9rique tunisien fond\u00e9 en 2010, sp\u00e9cialis\u00e9 dans l\u2019actualit\u00e9 nationale et internationale, l\u2019\u00e9conomie, la soci\u00e9t\u00e9 et les analyses politiques. Le site s\u2019adresse \u00e0 un large public francophone et couvre l\u2019information tunisienne en temps r\u00e9el.\",\"email\":\"redac@webdo.tn\",\"legalName\":\"YNJ SARL\",\"foundingDate\":\"2010-09-06\",\"numberOfEmployees\":{\"@type\":\"QuantitativeValue\",\"minValue\":\"11\",\"maxValue\":\"50\"}},{\"@type\":\"Person\",\"@id\":\"https:\\\/\\\/www.webdo.tn\\\/fr\\\/#\\\/schema\\\/person\\\/6bc0beba2cd23aec27cb5df85ca2554f\",\"name\":\"Hatem Bourial\",\"image\":{\"@type\":\"ImageObject\",\"inLanguage\":\"fr-FR\",\"@id\":\"https:\\\/\\\/www.webdo.tn\\\/fr\\\/wp-content\\\/uploads\\\/2026\\\/04\\\/hatem-bourial_avatar-96x96.jpg\",\"url\":\"https:\\\/\\\/www.webdo.tn\\\/fr\\\/wp-content\\\/uploads\\\/2026\\\/04\\\/hatem-bourial_avatar-96x96.jpg\",\"contentUrl\":\"https:\\\/\\\/www.webdo.tn\\\/fr\\\/wp-content\\\/uploads\\\/2026\\\/04\\\/hatem-bourial_avatar-96x96.jpg\",\"caption\":\"Hatem Bourial\"},\"description\":\"Hatem Bourial est journaliste, \u00e9crivain et chroniqueur tunisien. Actif depuis plusieurs d\u00e9cennies, il s\u2019est impos\u00e9 comme un observateur attentif de la soci\u00e9t\u00e9 tunisienne, m\u00ealant dans ses \u00e9crits m\u00e9moire, culture et analyse du quotidien. Auteur de nombreux ouvrages, il d\u00e9veloppe une \u0153uvre \u00e0 la crois\u00e9e du r\u00e9cit, de la po\u00e9sie et de l\u2019observation sociologique. Parall\u00e8lement \u00e0 ses contributions dans la presse, il intervient r\u00e9guli\u00e8rement \u00e0 la radio et dans des espaces culturels, o\u00f9 il explore les enjeux li\u00e9s au patrimoine, \u00e0 l\u2019identit\u00e9 et aux transformations du monde contemporain. \u00c0 travers ses chroniques, Hatem Bourial propose une lecture sensible et approfondie de l\u2019actualit\u00e9, nourrie par une exp\u00e9rience journalistique et litt\u00e9raire reconnue. \ud83d\udd17 Facebook : https:\\\/\\\/www.facebook.com\\\/hatem.bourial.2025\",\"sameAs\":[\"https:\\\/\\\/www.facebook.com\\\/hatem.bourial.2025\",\"https:\\\/\\\/fr.wikipedia.org\\\/wiki\\\/Fichier:Hatem_Bourial.jpg\"],\"knowsAbout\":[\"Culture & patrimoine tunisien\",\"Chronique soci\u00e9tale\",\"Litt\u00e9rature & m\u00e9moire\",\"Cin\u00e9ma & critique culturelle\",\"Identit\u00e9 & mutations sociales\"],\"knowsLanguage\":[\"Arabe\",\"Fran\u00e7ais\",\"Anglais\",\"Italien\",\"Polonais\"],\"jobTitle\":\"Journaliste, \u00e9crivain et chroniqueur culturel\",\"worksFor\":\"Webdo\",\"url\":\"https:\\\/\\\/www.webdo.tn\\\/fr\\\/actualite\\\/author\\\/hatem-bourial-2\\\/\"}]}<\/script>\n<!-- \/ Yoast SEO Premium plugin. -->","yoast_head_json":{"title":"La Goulette : Pri\u00e8res pour la paix autour de Notre-Dame de Trapani","description":"Comme chaque ann\u00e9e, \u00e0 l'occasion de la c\u00e9l\u00e9bration de l'Assomption, l'\u00e9glise catholique de la Goulette accueille ce jeudi 15 ao\u00fbt \u00e0 18h, une messe solennelle qu...","canonical":"https:\/\/www.webdo.tn\/fr\/actualite\/chroniques\/la-goulette-prieres-pour-la-paix-autour-de-notre-dame-de-trapani\/215792\/","og_locale":"fr_FR","og_type":"article","og_title":"La Goulette : Pri\u00e8res pour la paix autour de Notre-Dame de Trapani","og_description":"Comme chaque ann\u00e9e, \u00e0 l'occasion de la c\u00e9l\u00e9bration de l'Assomption, l'\u00e9glise catholique de la Goulette accueille ce jeudi 15 ao\u00fbt \u00e0 18h, une messe solennelle qu...","og_url":"https:\/\/www.webdo.tn\/fr\/actualite\/chroniques\/la-goulette-prieres-pour-la-paix-autour-de-notre-dame-de-trapani\/215792\/","og_site_name":"webdo","article_publisher":"https:\/\/www.facebook.com\/webdotn","article_author":"https:\/\/www.facebook.com\/hatem.bourial.2025","article_published_time":"2024-08-13T11:03:00+00:00","og_image":[{"width":720,"height":384,"url":"https:\/\/www.webdo.tn\/fr\/wp-content\/uploads\/2024\/08\/89af32ad3b773105894d8e6b8cddb56b.webp","type":"image\/webp"}],"author":"Hatem Bourial","twitter_card":"summary_large_image","twitter_creator":"@webdo_tn","twitter_site":"@webdo_tn","twitter_misc":{"\u00c9crit par":"Hatem Bourial","Dur\u00e9e de lecture estim\u00e9e":"1 minute"},"schema":{"@context":"https:\/\/schema.org","@graph":[{"@type":"NewsArticle","@id":"https:\/\/www.webdo.tn\/fr\/actualite\/chroniques\/la-goulette-prieres-pour-la-paix-autour-de-notre-dame-de-trapani\/215792\/#article","isPartOf":{"@id":"https:\/\/www.webdo.tn\/fr\/actualite\/chroniques\/la-goulette-prieres-pour-la-paix-autour-de-notre-dame-de-trapani\/215792\/"},"author":{"name":"Hatem Bourial","@id":"https:\/\/www.webdo.tn\/fr\/#\/schema\/person\/6bc0beba2cd23aec27cb5df85ca2554f"},"headline":"La Goulette : Pri\u00e8res pour la paix autour de Notre-Dame de Trapani","datePublished":"2024-08-13T11:03:00+00:00","mainEntityOfPage":{"@id":"https:\/\/www.webdo.tn\/fr\/actualite\/chroniques\/la-goulette-prieres-pour-la-paix-autour-de-notre-dame-de-trapani\/215792\/"},"wordCount":304,"commentCount":0,"publisher":{"@id":"https:\/\/www.webdo.tn\/fr\/#organization"},"image":{"@id":"https:\/\/www.webdo.tn\/fr\/actualite\/chroniques\/la-goulette-prieres-pour-la-paix-autour-de-notre-dame-de-trapani\/215792\/#primaryimage"},"thumbnailUrl":"https:\/\/www.webdo.tn\/fr\/wp-content\/uploads\/2024\/08\/89af32ad3b773105894d8e6b8cddb56b.webp","keywords":["'Assomption']","'Notre-Dame de Trapani'","\u00e9glise","la goulette","paix"],"articleSection":["Chroniques"],"inLanguage":"fr-FR"},{"@type":"WebPage","@id":"https:\/\/www.webdo.tn\/fr\/actualite\/chroniques\/la-goulette-prieres-pour-la-paix-autour-de-notre-dame-de-trapani\/215792\/","url":"https:\/\/www.webdo.tn\/fr\/actualite\/chroniques\/la-goulette-prieres-pour-la-paix-autour-de-notre-dame-de-trapani\/215792\/","name":"La Goulette : Pri\u00e8res pour la paix autour de Notre-Dame de Trapani","isPartOf":{"@id":"https:\/\/www.webdo.tn\/fr\/#website"},"primaryImageOfPage":{"@id":"https:\/\/www.webdo.tn\/fr\/actualite\/chroniques\/la-goulette-prieres-pour-la-paix-autour-de-notre-dame-de-trapani\/215792\/#primaryimage"},"image":{"@id":"https:\/\/www.webdo.tn\/fr\/actualite\/chroniques\/la-goulette-prieres-pour-la-paix-autour-de-notre-dame-de-trapani\/215792\/#primaryimage"},"thumbnailUrl":"https:\/\/www.webdo.tn\/fr\/wp-content\/uploads\/2024\/08\/89af32ad3b773105894d8e6b8cddb56b.webp","datePublished":"2024-08-13T11:03:00+00:00","description":"Comme chaque ann\u00e9e, \u00e0 l'occasion de la c\u00e9l\u00e9bration de l'Assomption, l'\u00e9glise catholique de la Goulette accueille ce jeudi 15 ao\u00fbt \u00e0 18h, une messe solennelle qu...","breadcrumb":{"@id":"https:\/\/www.webdo.tn\/fr\/actualite\/chroniques\/la-goulette-prieres-pour-la-paix-autour-de-notre-dame-de-trapani\/215792\/#breadcrumb"},"inLanguage":"fr-FR","potentialAction":[{"@type":"ReadAction","target":["https:\/\/www.webdo.tn\/fr\/actualite\/chroniques\/la-goulette-prieres-pour-la-paix-autour-de-notre-dame-de-trapani\/215792\/"]}]},{"@type":"ImageObject","inLanguage":"fr-FR","@id":"https:\/\/www.webdo.tn\/fr\/actualite\/chroniques\/la-goulette-prieres-pour-la-paix-autour-de-notre-dame-de-trapani\/215792\/#primaryimage","url":"https:\/\/www.webdo.tn\/fr\/wp-content\/uploads\/2024\/08\/89af32ad3b773105894d8e6b8cddb56b.webp","contentUrl":"https:\/\/www.webdo.tn\/fr\/wp-content\/uploads\/2024\/08\/89af32ad3b773105894d8e6b8cddb56b.webp","width":720,"height":384,"caption":"La Goulette : Pri\u00e8res pour la paix autour de Notre-Dame de Trapani"},{"@type":"BreadcrumbList","@id":"https:\/\/www.webdo.tn\/fr\/actualite\/chroniques\/la-goulette-prieres-pour-la-paix-autour-de-notre-dame-de-trapani\/215792\/#breadcrumb","itemListElement":[{"@type":"ListItem","position":1,"name":"Accueil","item":"https:\/\/www.webdo.tn\/fr\/"},{"@type":"ListItem","position":2,"name":"La Goulette : Pri\u00e8res pour la paix autour de Notre-Dame de Trapani"}]},{"@type":"WebSite","@id":"https:\/\/www.webdo.tn\/fr\/#website","url":"https:\/\/www.webdo.tn\/fr\/","name":"webdo","description":"Tunisie - News en Tunisie et \u00e0 l&#039;international sur Webdo.tn","publisher":{"@id":"https:\/\/www.webdo.tn\/fr\/#organization"},"potentialAction":[{"@type":"SearchAction","target":{"@type":"EntryPoint","urlTemplate":"https:\/\/www.webdo.tn\/fr\/?s={search_term_string}"},"query-input":{"@type":"PropertyValueSpecification","valueRequired":true,"valueName":"search_term_string"}}],"inLanguage":"fr-FR"},{"@type":"Organization","@id":"https:\/\/www.webdo.tn\/fr\/#organization","name":"Webdo","alternateName":"Webdo.tn","url":"https:\/\/www.webdo.tn\/fr\/","logo":{"@type":"ImageObject","inLanguage":"fr-FR","@id":"https:\/\/www.webdo.tn\/fr\/#\/schema\/logo\/image\/","url":"https:\/\/www.webdo.tn\/fr\/wp-content\/uploads\/2025\/06\/Webdo-Tunisie_168377.jpg","contentUrl":"https:\/\/www.webdo.tn\/fr\/wp-content\/uploads\/2025\/06\/Webdo-Tunisie_168377.jpg","width":301,"height":301,"caption":"Webdo"},"image":{"@id":"https:\/\/www.webdo.tn\/fr\/#\/schema\/logo\/image\/"},"sameAs":["https:\/\/www.facebook.com\/webdotn","https:\/\/x.com\/webdo_tn"],"description":"Webdo est un m\u00e9dia num\u00e9rique tunisien fond\u00e9 en 2010, sp\u00e9cialis\u00e9 dans l\u2019actualit\u00e9 nationale et internationale, l\u2019\u00e9conomie, la soci\u00e9t\u00e9 et les analyses politiques. Le site s\u2019adresse \u00e0 un large public francophone et couvre l\u2019information tunisienne en temps r\u00e9el.","email":"redac@webdo.tn","legalName":"YNJ SARL","foundingDate":"2010-09-06","numberOfEmployees":{"@type":"QuantitativeValue","minValue":"11","maxValue":"50"}},{"@type":"Person","@id":"https:\/\/www.webdo.tn\/fr\/#\/schema\/person\/6bc0beba2cd23aec27cb5df85ca2554f","name":"Hatem Bourial","image":{"@type":"ImageObject","inLanguage":"fr-FR","@id":"https:\/\/www.webdo.tn\/fr\/wp-content\/uploads\/2026\/04\/hatem-bourial_avatar-96x96.jpg","url":"https:\/\/www.webdo.tn\/fr\/wp-content\/uploads\/2026\/04\/hatem-bourial_avatar-96x96.jpg","contentUrl":"https:\/\/www.webdo.tn\/fr\/wp-content\/uploads\/2026\/04\/hatem-bourial_avatar-96x96.jpg","caption":"Hatem Bourial"},"description":"Hatem Bourial est journaliste, \u00e9crivain et chroniqueur tunisien. Actif depuis plusieurs d\u00e9cennies, il s\u2019est impos\u00e9 comme un observateur attentif de la soci\u00e9t\u00e9 tunisienne, m\u00ealant dans ses \u00e9crits m\u00e9moire, culture et analyse du quotidien. Auteur de nombreux ouvrages, il d\u00e9veloppe une \u0153uvre \u00e0 la crois\u00e9e du r\u00e9cit, de la po\u00e9sie et de l\u2019observation sociologique. Parall\u00e8lement \u00e0 ses contributions dans la presse, il intervient r\u00e9guli\u00e8rement \u00e0 la radio et dans des espaces culturels, o\u00f9 il explore les enjeux li\u00e9s au patrimoine, \u00e0 l\u2019identit\u00e9 et aux transformations du monde contemporain. \u00c0 travers ses chroniques, Hatem Bourial propose une lecture sensible et approfondie de l\u2019actualit\u00e9, nourrie par une exp\u00e9rience journalistique et litt\u00e9raire reconnue. \ud83d\udd17 Facebook : https:\/\/www.facebook.com\/hatem.bourial.2025","sameAs":["https:\/\/www.facebook.com\/hatem.bourial.2025","https:\/\/fr.wikipedia.org\/wiki\/Fichier:Hatem_Bourial.jpg"],"knowsAbout":["Culture & patrimoine tunisien","Chronique soci\u00e9tale","Litt\u00e9rature & m\u00e9moire","Cin\u00e9ma & critique culturelle","Identit\u00e9 & mutations sociales"],"knowsLanguage":["Arabe","Fran\u00e7ais","Anglais","Italien","Polonais"],"jobTitle":"Journaliste, \u00e9crivain et chroniqueur culturel","worksFor":"Webdo","url":"https:\/\/www.webdo.tn\/fr\/actualite\/author\/hatem-bourial-2\/"}]}},"_links":{"self":[{"href":"https:\/\/www.webdo.tn\/fr\/wp-json\/wp\/v2\/posts\/215792","targetHints":{"allow":["GET"]}}],"collection":[{"href":"https:\/\/www.webdo.tn\/fr\/wp-json\/wp\/v2\/posts"}],"about":[{"href":"https:\/\/www.webdo.tn\/fr\/wp-json\/wp\/v2\/types\/post"}],"author":[{"embeddable":true,"href":"https:\/\/www.webdo.tn\/fr\/wp-json\/wp\/v2\/users\/3229"}],"replies":[{"embeddable":true,"href":"https:\/\/www.webdo.tn\/fr\/wp-json\/wp\/v2\/comments?post=215792"}],"version-history":[{"count":0,"href":"https:\/\/www.webdo.tn\/fr\/wp-json\/wp\/v2\/posts\/215792\/revisions"}],"wp:featuredmedia":[{"embeddable":true,"href":"https:\/\/www.webdo.tn\/fr\/wp-json\/wp\/v2\/media\/290948"}],"wp:attachment":[{"href":"https:\/\/www.webdo.tn\/fr\/wp-json\/wp\/v2\/media?parent=215792"}],"wp:term":[{"taxonomy":"category","embeddable":true,"href":"https:\/\/www.webdo.tn\/fr\/wp-json\/wp\/v2\/categories?post=215792"},{"taxonomy":"post_tag","embeddable":true,"href":"https:\/\/www.webdo.tn\/fr\/wp-json\/wp\/v2\/tags?post=215792"}],"curies":[{"name":"wp","href":"https:\/\/api.w.org\/{rel}","templated":true}]}}