{"id":215776,"date":"2024-08-12T13:17:00","date_gmt":"2024-08-12T13:17:00","guid":{"rendered":"https:\/\/www.webdo.tn\/fr\/blog\/gaza-un-bilan-de-pres-de-40-000-morts-et-92-000-blesses\/215776\/"},"modified":"2025-05-20T22:13:49","modified_gmt":"2025-05-20T22:13:49","slug":"gaza-un-bilan-de-pres-de-40-000-morts-et-92-000-blesses","status":"publish","type":"post","link":"https:\/\/www.webdo.tn\/fr\/actualite\/international\/gaza-un-bilan-de-pres-de-40-000-morts-et-92-000-blesses\/215776\/","title":{"rendered":"Gaza : Un bilan de pr\u00e8s de 40.000 morts et 92.000 bless\u00e9s"},"content":{"rendered":"<p>Le minist\u00e8re de la Sant\u00e9 du gouvernement du Hamas dans la bande de Gaza a annonc\u00e9, aujourd\u2019hui, un nouveau bilan des victimes dans le territoire palestinien depuis le d\u00e9but de la guerre contre Isra\u00ebl, entr\u00e9e dans son onzi\u00e8me mois.<\/p>\n<p>\t\t\t\t\t\t\t\t\tDes sources m\u00e9dicales palestiniennes ont annonc\u00e9, ce lundi 12 ao\u00fbt 2024, que le bilan de l\u2019agression de l\u2019occupation contre la bande de Gaza s\u2019est alourdi \u00e0 39.897 martyrs et 92.152 bless\u00e9s, depuis le 7 octobre 2023.<\/p>\n<p>Les m\u00eames sources ont ajout\u00e9 que les forces d&rsquo;occupation isra\u00e9liennes ont commis trois massacres contre des familles dans la bande de Gaza, au cours des derni\u00e8res 48 heures, tuant 142 personnes.<\/p>\n<p>Elles ont soulign\u00e9 que des milliers de victimes se trouvent toujours sous les d\u00e9combres des b\u00e2timents d\u00e9truits et sur les routes.<\/p>\n","protected":false},"excerpt":{"rendered":"<p>Des sources m\u00e9dicales palestiniennes ont annonc\u00e9, ce lundi 12 ao\u00fbt 2024, que le bilan de l\u2019agression de l\u2019occupation contre la bande de Gaza s\u2019est alourdi \u00e0 39&#8230;.<\/p>\n","protected":false},"author":3162,"featured_media":290938,"comment_status":"open","ping_status":"closed","sticky":false,"template":"","format":"standard","meta":{"footnotes":""},"categories":[2598],"tags":[5941,2928,2689,4472,3208,2688],"class_list":["post-215776","post","type-post","status-publish","format-standard","has-post-thumbnail","hentry","category-international","tag-bilan","tag-blesses","tag-gaza","tag-martyrs","tag-morts","tag-palestine"],"yoast_head":"<!-- This site is optimized with the Yoast SEO Premium plugin v27.5 (Yoast SEO v27.5) - https:\/\/yoast.com\/product\/yoast-seo-premium-wordpress\/ -->\n<title>Gaza : Un bilan de pr\u00e8s de 40.000 morts et 92.000 bless\u00e9s<\/title>\n<meta name=\"description\" content=\"Des sources m\u00e9dicales palestiniennes ont annonc\u00e9, ce lundi 12 ao\u00fbt 2024, que le bilan de l\u2019agression de l\u2019occupation contre la bande de Gaza s\u2019est alourdi \u00e0 39....\" \/>\n<link rel=\"canonical\" href=\"https:\/\/www.webdo.tn\/fr\/actualite\/international\/gaza-un-bilan-de-pres-de-40-000-morts-et-92-000-blesses\/215776\/\" \/>\n<meta property=\"og:locale\" content=\"fr_FR\" \/>\n<meta property=\"og:type\" content=\"article\" \/>\n<meta property=\"og:title\" content=\"Gaza : Un bilan de pr\u00e8s de 40.000 morts et 92.000 bless\u00e9s\" \/>\n<meta property=\"og:description\" content=\"Des sources m\u00e9dicales palestiniennes ont annonc\u00e9, ce lundi 12 ao\u00fbt 2024, que le bilan de l\u2019agression de l\u2019occupation contre la bande de Gaza s\u2019est alourdi \u00e0 39....\" \/>\n<meta property=\"og:url\" content=\"https:\/\/www.webdo.tn\/fr\/actualite\/international\/gaza-un-bilan-de-pres-de-40-000-morts-et-92-000-blesses\/215776\/\" \/>\n<meta property=\"og:site_name\" content=\"webdo\" \/>\n<meta property=\"article:publisher\" content=\"https:\/\/www.facebook.com\/webdotn\" \/>\n<meta property=\"article:published_time\" content=\"2024-08-12T13:17:00+00:00\" \/>\n<meta property=\"article:modified_time\" content=\"2025-05-20T22:13:49+00:00\" \/>\n<meta property=\"og:image\" content=\"https:\/\/www.webdo.tn\/fr\/wp-content\/uploads\/2024\/08\/52be02047124b95c21e1396cc1ef5777.webp\" \/>\n\t<meta property=\"og:image:width\" content=\"750\" \/>\n\t<meta property=\"og:image:height\" content=\"400\" \/>\n\t<meta property=\"og:image:type\" content=\"image\/webp\" \/>\n<meta name=\"author\" content=\"MC\" \/>\n<meta name=\"twitter:card\" content=\"summary_large_image\" \/>\n<meta name=\"twitter:creator\" content=\"@webdo_tn\" \/>\n<meta name=\"twitter:site\" content=\"@webdo_tn\" \/>\n<meta name=\"twitter:label1\" content=\"\u00c9crit par\" \/>\n\t<meta name=\"twitter:data1\" content=\"MC\" \/>\n\t<meta name=\"twitter:label2\" content=\"Dur\u00e9e de lecture estim\u00e9e\" \/>\n\t<meta name=\"twitter:data2\" content=\"1 minute\" \/>\n<script type=\"application\/ld+json\" class=\"yoast-schema-graph\">{\"@context\":\"https:\\\/\\\/schema.org\",\"@graph\":[{\"@type\":\"NewsArticle\",\"@id\":\"https:\\\/\\\/www.webdo.tn\\\/fr\\\/actualite\\\/international\\\/gaza-un-bilan-de-pres-de-40-000-morts-et-92-000-blesses\\\/215776\\\/#article\",\"isPartOf\":{\"@id\":\"https:\\\/\\\/www.webdo.tn\\\/fr\\\/actualite\\\/international\\\/gaza-un-bilan-de-pres-de-40-000-morts-et-92-000-blesses\\\/215776\\\/\"},\"author\":{\"name\":\"MC\",\"@id\":\"https:\\\/\\\/www.webdo.tn\\\/fr\\\/#\\\/schema\\\/person\\\/2c4929cbf5a809e3bd38617c6ce150f6\"},\"headline\":\"Gaza : Un bilan de pr\u00e8s de 40.000 morts et 92.000 bless\u00e9s\",\"datePublished\":\"2024-08-12T13:17:00+00:00\",\"dateModified\":\"2025-05-20T22:13:49+00:00\",\"mainEntityOfPage\":{\"@id\":\"https:\\\/\\\/www.webdo.tn\\\/fr\\\/actualite\\\/international\\\/gaza-un-bilan-de-pres-de-40-000-morts-et-92-000-blesses\\\/215776\\\/\"},\"wordCount\":148,\"commentCount\":0,\"publisher\":{\"@id\":\"https:\\\/\\\/www.webdo.tn\\\/fr\\\/#organization\"},\"image\":{\"@id\":\"https:\\\/\\\/www.webdo.tn\\\/fr\\\/actualite\\\/international\\\/gaza-un-bilan-de-pres-de-40-000-morts-et-92-000-blesses\\\/215776\\\/#primaryimage\"},\"thumbnailUrl\":\"https:\\\/\\\/www.webdo.tn\\\/fr\\\/wp-content\\\/uploads\\\/2024\\\/08\\\/52be02047124b95c21e1396cc1ef5777.webp\",\"keywords\":[\"bilan\",\"bless\u00e9s\",\"Gaza\",\"Martyrs\",\"morts\",\"Palestine\"],\"articleSection\":[\"International\"],\"inLanguage\":\"fr-FR\"},{\"@type\":\"WebPage\",\"@id\":\"https:\\\/\\\/www.webdo.tn\\\/fr\\\/actualite\\\/international\\\/gaza-un-bilan-de-pres-de-40-000-morts-et-92-000-blesses\\\/215776\\\/\",\"url\":\"https:\\\/\\\/www.webdo.tn\\\/fr\\\/actualite\\\/international\\\/gaza-un-bilan-de-pres-de-40-000-morts-et-92-000-blesses\\\/215776\\\/\",\"name\":\"Gaza : Un bilan de pr\u00e8s de 40.000 morts et 92.000 bless\u00e9s\",\"isPartOf\":{\"@id\":\"https:\\\/\\\/www.webdo.tn\\\/fr\\\/#website\"},\"primaryImageOfPage\":{\"@id\":\"https:\\\/\\\/www.webdo.tn\\\/fr\\\/actualite\\\/international\\\/gaza-un-bilan-de-pres-de-40-000-morts-et-92-000-blesses\\\/215776\\\/#primaryimage\"},\"image\":{\"@id\":\"https:\\\/\\\/www.webdo.tn\\\/fr\\\/actualite\\\/international\\\/gaza-un-bilan-de-pres-de-40-000-morts-et-92-000-blesses\\\/215776\\\/#primaryimage\"},\"thumbnailUrl\":\"https:\\\/\\\/www.webdo.tn\\\/fr\\\/wp-content\\\/uploads\\\/2024\\\/08\\\/52be02047124b95c21e1396cc1ef5777.webp\",\"datePublished\":\"2024-08-12T13:17:00+00:00\",\"dateModified\":\"2025-05-20T22:13:49+00:00\",\"description\":\"Des sources m\u00e9dicales palestiniennes ont annonc\u00e9, ce lundi 12 ao\u00fbt 2024, que le bilan de l\u2019agression de l\u2019occupation contre la bande de Gaza s\u2019est alourdi \u00e0 39....\",\"breadcrumb\":{\"@id\":\"https:\\\/\\\/www.webdo.tn\\\/fr\\\/actualite\\\/international\\\/gaza-un-bilan-de-pres-de-40-000-morts-et-92-000-blesses\\\/215776\\\/#breadcrumb\"},\"inLanguage\":\"fr-FR\",\"potentialAction\":[{\"@type\":\"ReadAction\",\"target\":[\"https:\\\/\\\/www.webdo.tn\\\/fr\\\/actualite\\\/international\\\/gaza-un-bilan-de-pres-de-40-000-morts-et-92-000-blesses\\\/215776\\\/\"]}]},{\"@type\":\"ImageObject\",\"inLanguage\":\"fr-FR\",\"@id\":\"https:\\\/\\\/www.webdo.tn\\\/fr\\\/actualite\\\/international\\\/gaza-un-bilan-de-pres-de-40-000-morts-et-92-000-blesses\\\/215776\\\/#primaryimage\",\"url\":\"https:\\\/\\\/www.webdo.tn\\\/fr\\\/wp-content\\\/uploads\\\/2024\\\/08\\\/52be02047124b95c21e1396cc1ef5777.webp\",\"contentUrl\":\"https:\\\/\\\/www.webdo.tn\\\/fr\\\/wp-content\\\/uploads\\\/2024\\\/08\\\/52be02047124b95c21e1396cc1ef5777.webp\",\"width\":750,\"height\":400,\"caption\":\"Gaza : Un bilan de pr\u00e8s de 40.000 morts et 92.000 bless\u00e9s\"},{\"@type\":\"BreadcrumbList\",\"@id\":\"https:\\\/\\\/www.webdo.tn\\\/fr\\\/actualite\\\/international\\\/gaza-un-bilan-de-pres-de-40-000-morts-et-92-000-blesses\\\/215776\\\/#breadcrumb\",\"itemListElement\":[{\"@type\":\"ListItem\",\"position\":1,\"name\":\"Accueil\",\"item\":\"https:\\\/\\\/www.webdo.tn\\\/fr\\\/\"},{\"@type\":\"ListItem\",\"position\":2,\"name\":\"Gaza : Un bilan de pr\u00e8s de 40.000 morts et 92.000 bless\u00e9s\"}]},{\"@type\":\"WebSite\",\"@id\":\"https:\\\/\\\/www.webdo.tn\\\/fr\\\/#website\",\"url\":\"https:\\\/\\\/www.webdo.tn\\\/fr\\\/\",\"name\":\"webdo\",\"description\":\"Tunisie - News en Tunisie et \u00e0 l&#039;international sur Webdo.tn\",\"publisher\":{\"@id\":\"https:\\\/\\\/www.webdo.tn\\\/fr\\\/#organization\"},\"potentialAction\":[{\"@type\":\"SearchAction\",\"target\":{\"@type\":\"EntryPoint\",\"urlTemplate\":\"https:\\\/\\\/www.webdo.tn\\\/fr\\\/?s={search_term_string}\"},\"query-input\":{\"@type\":\"PropertyValueSpecification\",\"valueRequired\":true,\"valueName\":\"search_term_string\"}}],\"inLanguage\":\"fr-FR\"},{\"@type\":\"Organization\",\"@id\":\"https:\\\/\\\/www.webdo.tn\\\/fr\\\/#organization\",\"name\":\"Webdo\",\"alternateName\":\"Webdo.tn\",\"url\":\"https:\\\/\\\/www.webdo.tn\\\/fr\\\/\",\"logo\":{\"@type\":\"ImageObject\",\"inLanguage\":\"fr-FR\",\"@id\":\"https:\\\/\\\/www.webdo.tn\\\/fr\\\/#\\\/schema\\\/logo\\\/image\\\/\",\"url\":\"https:\\\/\\\/www.webdo.tn\\\/fr\\\/wp-content\\\/uploads\\\/2025\\\/06\\\/Webdo-Tunisie_168377.jpg\",\"contentUrl\":\"https:\\\/\\\/www.webdo.tn\\\/fr\\\/wp-content\\\/uploads\\\/2025\\\/06\\\/Webdo-Tunisie_168377.jpg\",\"width\":301,\"height\":301,\"caption\":\"Webdo\"},\"image\":{\"@id\":\"https:\\\/\\\/www.webdo.tn\\\/fr\\\/#\\\/schema\\\/logo\\\/image\\\/\"},\"sameAs\":[\"https:\\\/\\\/www.facebook.com\\\/webdotn\",\"https:\\\/\\\/x.com\\\/webdo_tn\"],\"description\":\"Webdo est un m\u00e9dia num\u00e9rique tunisien fond\u00e9 en 2010, sp\u00e9cialis\u00e9 dans l\u2019actualit\u00e9 nationale et internationale, l\u2019\u00e9conomie, la soci\u00e9t\u00e9 et les analyses politiques. Le site s\u2019adresse \u00e0 un large public francophone et couvre l\u2019information tunisienne en temps r\u00e9el.\",\"email\":\"redac@webdo.tn\",\"legalName\":\"YNJ SARL\",\"foundingDate\":\"2010-09-06\",\"numberOfEmployees\":{\"@type\":\"QuantitativeValue\",\"minValue\":\"11\",\"maxValue\":\"50\"}},{\"@type\":\"Person\",\"@id\":\"https:\\\/\\\/www.webdo.tn\\\/fr\\\/#\\\/schema\\\/person\\\/2c4929cbf5a809e3bd38617c6ce150f6\",\"name\":\"MC\",\"image\":{\"@type\":\"ImageObject\",\"inLanguage\":\"fr-FR\",\"@id\":\"https:\\\/\\\/secure.gravatar.com\\\/avatar\\\/a545bbb6f84efdd5553dbbc2895e3ca8f1d12c5215e00a041c9670b54aa9b18a?s=96&d=mm&r=g\",\"url\":\"https:\\\/\\\/secure.gravatar.com\\\/avatar\\\/a545bbb6f84efdd5553dbbc2895e3ca8f1d12c5215e00a041c9670b54aa9b18a?s=96&d=mm&r=g\",\"contentUrl\":\"https:\\\/\\\/secure.gravatar.com\\\/avatar\\\/a545bbb6f84efdd5553dbbc2895e3ca8f1d12c5215e00a041c9670b54aa9b18a?s=96&d=mm&r=g\",\"caption\":\"MC\"},\"url\":\"https:\\\/\\\/www.webdo.tn\\\/fr\\\/actualite\\\/author\\\/mc\\\/\"}]}<\/script>\n<!-- \/ Yoast SEO Premium plugin. -->","yoast_head_json":{"title":"Gaza : Un bilan de pr\u00e8s de 40.000 morts et 92.000 bless\u00e9s","description":"Des sources m\u00e9dicales palestiniennes ont annonc\u00e9, ce lundi 12 ao\u00fbt 2024, que le bilan de l\u2019agression de l\u2019occupation contre la bande de Gaza s\u2019est alourdi \u00e0 39....","canonical":"https:\/\/www.webdo.tn\/fr\/actualite\/international\/gaza-un-bilan-de-pres-de-40-000-morts-et-92-000-blesses\/215776\/","og_locale":"fr_FR","og_type":"article","og_title":"Gaza : Un bilan de pr\u00e8s de 40.000 morts et 92.000 bless\u00e9s","og_description":"Des sources m\u00e9dicales palestiniennes ont annonc\u00e9, ce lundi 12 ao\u00fbt 2024, que le bilan de l\u2019agression de l\u2019occupation contre la bande de Gaza s\u2019est alourdi \u00e0 39....","og_url":"https:\/\/www.webdo.tn\/fr\/actualite\/international\/gaza-un-bilan-de-pres-de-40-000-morts-et-92-000-blesses\/215776\/","og_site_name":"webdo","article_publisher":"https:\/\/www.facebook.com\/webdotn","article_published_time":"2024-08-12T13:17:00+00:00","article_modified_time":"2025-05-20T22:13:49+00:00","og_image":[{"width":750,"height":400,"url":"https:\/\/www.webdo.tn\/fr\/wp-content\/uploads\/2024\/08\/52be02047124b95c21e1396cc1ef5777.webp","type":"image\/webp"}],"author":"MC","twitter_card":"summary_large_image","twitter_creator":"@webdo_tn","twitter_site":"@webdo_tn","twitter_misc":{"\u00c9crit par":"MC","Dur\u00e9e de lecture estim\u00e9e":"1 minute"},"schema":{"@context":"https:\/\/schema.org","@graph":[{"@type":"NewsArticle","@id":"https:\/\/www.webdo.tn\/fr\/actualite\/international\/gaza-un-bilan-de-pres-de-40-000-morts-et-92-000-blesses\/215776\/#article","isPartOf":{"@id":"https:\/\/www.webdo.tn\/fr\/actualite\/international\/gaza-un-bilan-de-pres-de-40-000-morts-et-92-000-blesses\/215776\/"},"author":{"name":"MC","@id":"https:\/\/www.webdo.tn\/fr\/#\/schema\/person\/2c4929cbf5a809e3bd38617c6ce150f6"},"headline":"Gaza : Un bilan de pr\u00e8s de 40.000 morts et 92.000 bless\u00e9s","datePublished":"2024-08-12T13:17:00+00:00","dateModified":"2025-05-20T22:13:49+00:00","mainEntityOfPage":{"@id":"https:\/\/www.webdo.tn\/fr\/actualite\/international\/gaza-un-bilan-de-pres-de-40-000-morts-et-92-000-blesses\/215776\/"},"wordCount":148,"commentCount":0,"publisher":{"@id":"https:\/\/www.webdo.tn\/fr\/#organization"},"image":{"@id":"https:\/\/www.webdo.tn\/fr\/actualite\/international\/gaza-un-bilan-de-pres-de-40-000-morts-et-92-000-blesses\/215776\/#primaryimage"},"thumbnailUrl":"https:\/\/www.webdo.tn\/fr\/wp-content\/uploads\/2024\/08\/52be02047124b95c21e1396cc1ef5777.webp","keywords":["bilan","bless\u00e9s","Gaza","Martyrs","morts","Palestine"],"articleSection":["International"],"inLanguage":"fr-FR"},{"@type":"WebPage","@id":"https:\/\/www.webdo.tn\/fr\/actualite\/international\/gaza-un-bilan-de-pres-de-40-000-morts-et-92-000-blesses\/215776\/","url":"https:\/\/www.webdo.tn\/fr\/actualite\/international\/gaza-un-bilan-de-pres-de-40-000-morts-et-92-000-blesses\/215776\/","name":"Gaza : Un bilan de pr\u00e8s de 40.000 morts et 92.000 bless\u00e9s","isPartOf":{"@id":"https:\/\/www.webdo.tn\/fr\/#website"},"primaryImageOfPage":{"@id":"https:\/\/www.webdo.tn\/fr\/actualite\/international\/gaza-un-bilan-de-pres-de-40-000-morts-et-92-000-blesses\/215776\/#primaryimage"},"image":{"@id":"https:\/\/www.webdo.tn\/fr\/actualite\/international\/gaza-un-bilan-de-pres-de-40-000-morts-et-92-000-blesses\/215776\/#primaryimage"},"thumbnailUrl":"https:\/\/www.webdo.tn\/fr\/wp-content\/uploads\/2024\/08\/52be02047124b95c21e1396cc1ef5777.webp","datePublished":"2024-08-12T13:17:00+00:00","dateModified":"2025-05-20T22:13:49+00:00","description":"Des sources m\u00e9dicales palestiniennes ont annonc\u00e9, ce lundi 12 ao\u00fbt 2024, que le bilan de l\u2019agression de l\u2019occupation contre la bande de Gaza s\u2019est alourdi \u00e0 39....","breadcrumb":{"@id":"https:\/\/www.webdo.tn\/fr\/actualite\/international\/gaza-un-bilan-de-pres-de-40-000-morts-et-92-000-blesses\/215776\/#breadcrumb"},"inLanguage":"fr-FR","potentialAction":[{"@type":"ReadAction","target":["https:\/\/www.webdo.tn\/fr\/actualite\/international\/gaza-un-bilan-de-pres-de-40-000-morts-et-92-000-blesses\/215776\/"]}]},{"@type":"ImageObject","inLanguage":"fr-FR","@id":"https:\/\/www.webdo.tn\/fr\/actualite\/international\/gaza-un-bilan-de-pres-de-40-000-morts-et-92-000-blesses\/215776\/#primaryimage","url":"https:\/\/www.webdo.tn\/fr\/wp-content\/uploads\/2024\/08\/52be02047124b95c21e1396cc1ef5777.webp","contentUrl":"https:\/\/www.webdo.tn\/fr\/wp-content\/uploads\/2024\/08\/52be02047124b95c21e1396cc1ef5777.webp","width":750,"height":400,"caption":"Gaza : Un bilan de pr\u00e8s de 40.000 morts et 92.000 bless\u00e9s"},{"@type":"BreadcrumbList","@id":"https:\/\/www.webdo.tn\/fr\/actualite\/international\/gaza-un-bilan-de-pres-de-40-000-morts-et-92-000-blesses\/215776\/#breadcrumb","itemListElement":[{"@type":"ListItem","position":1,"name":"Accueil","item":"https:\/\/www.webdo.tn\/fr\/"},{"@type":"ListItem","position":2,"name":"Gaza : Un bilan de pr\u00e8s de 40.000 morts et 92.000 bless\u00e9s"}]},{"@type":"WebSite","@id":"https:\/\/www.webdo.tn\/fr\/#website","url":"https:\/\/www.webdo.tn\/fr\/","name":"webdo","description":"Tunisie - News en Tunisie et \u00e0 l&#039;international sur Webdo.tn","publisher":{"@id":"https:\/\/www.webdo.tn\/fr\/#organization"},"potentialAction":[{"@type":"SearchAction","target":{"@type":"EntryPoint","urlTemplate":"https:\/\/www.webdo.tn\/fr\/?s={search_term_string}"},"query-input":{"@type":"PropertyValueSpecification","valueRequired":true,"valueName":"search_term_string"}}],"inLanguage":"fr-FR"},{"@type":"Organization","@id":"https:\/\/www.webdo.tn\/fr\/#organization","name":"Webdo","alternateName":"Webdo.tn","url":"https:\/\/www.webdo.tn\/fr\/","logo":{"@type":"ImageObject","inLanguage":"fr-FR","@id":"https:\/\/www.webdo.tn\/fr\/#\/schema\/logo\/image\/","url":"https:\/\/www.webdo.tn\/fr\/wp-content\/uploads\/2025\/06\/Webdo-Tunisie_168377.jpg","contentUrl":"https:\/\/www.webdo.tn\/fr\/wp-content\/uploads\/2025\/06\/Webdo-Tunisie_168377.jpg","width":301,"height":301,"caption":"Webdo"},"image":{"@id":"https:\/\/www.webdo.tn\/fr\/#\/schema\/logo\/image\/"},"sameAs":["https:\/\/www.facebook.com\/webdotn","https:\/\/x.com\/webdo_tn"],"description":"Webdo est un m\u00e9dia num\u00e9rique tunisien fond\u00e9 en 2010, sp\u00e9cialis\u00e9 dans l\u2019actualit\u00e9 nationale et internationale, l\u2019\u00e9conomie, la soci\u00e9t\u00e9 et les analyses politiques. Le site s\u2019adresse \u00e0 un large public francophone et couvre l\u2019information tunisienne en temps r\u00e9el.","email":"redac@webdo.tn","legalName":"YNJ SARL","foundingDate":"2010-09-06","numberOfEmployees":{"@type":"QuantitativeValue","minValue":"11","maxValue":"50"}},{"@type":"Person","@id":"https:\/\/www.webdo.tn\/fr\/#\/schema\/person\/2c4929cbf5a809e3bd38617c6ce150f6","name":"MC","image":{"@type":"ImageObject","inLanguage":"fr-FR","@id":"https:\/\/secure.gravatar.com\/avatar\/a545bbb6f84efdd5553dbbc2895e3ca8f1d12c5215e00a041c9670b54aa9b18a?s=96&d=mm&r=g","url":"https:\/\/secure.gravatar.com\/avatar\/a545bbb6f84efdd5553dbbc2895e3ca8f1d12c5215e00a041c9670b54aa9b18a?s=96&d=mm&r=g","contentUrl":"https:\/\/secure.gravatar.com\/avatar\/a545bbb6f84efdd5553dbbc2895e3ca8f1d12c5215e00a041c9670b54aa9b18a?s=96&d=mm&r=g","caption":"MC"},"url":"https:\/\/www.webdo.tn\/fr\/actualite\/author\/mc\/"}]}},"_links":{"self":[{"href":"https:\/\/www.webdo.tn\/fr\/wp-json\/wp\/v2\/posts\/215776","targetHints":{"allow":["GET"]}}],"collection":[{"href":"https:\/\/www.webdo.tn\/fr\/wp-json\/wp\/v2\/posts"}],"about":[{"href":"https:\/\/www.webdo.tn\/fr\/wp-json\/wp\/v2\/types\/post"}],"author":[{"embeddable":true,"href":"https:\/\/www.webdo.tn\/fr\/wp-json\/wp\/v2\/users\/3162"}],"replies":[{"embeddable":true,"href":"https:\/\/www.webdo.tn\/fr\/wp-json\/wp\/v2\/comments?post=215776"}],"version-history":[{"count":0,"href":"https:\/\/www.webdo.tn\/fr\/wp-json\/wp\/v2\/posts\/215776\/revisions"}],"wp:featuredmedia":[{"embeddable":true,"href":"https:\/\/www.webdo.tn\/fr\/wp-json\/wp\/v2\/media\/290938"}],"wp:attachment":[{"href":"https:\/\/www.webdo.tn\/fr\/wp-json\/wp\/v2\/media?parent=215776"}],"wp:term":[{"taxonomy":"category","embeddable":true,"href":"https:\/\/www.webdo.tn\/fr\/wp-json\/wp\/v2\/categories?post=215776"},{"taxonomy":"post_tag","embeddable":true,"href":"https:\/\/www.webdo.tn\/fr\/wp-json\/wp\/v2\/tags?post=215776"}],"curies":[{"name":"wp","href":"https:\/\/api.w.org\/{rel}","templated":true}]}}