{"id":215775,"date":"2024-08-12T12:43:00","date_gmt":"2024-08-12T12:43:00","guid":{"rendered":"https:\/\/www.webdo.tn\/fr\/blog\/volley-u20-la-tunisie-sacree-championne-d-afrique\/215775\/"},"modified":"2025-05-20T22:13:50","modified_gmt":"2025-05-20T22:13:50","slug":"volley-u20-la-tunisie-sacree-championne-d-afrique","status":"publish","type":"post","link":"https:\/\/www.webdo.tn\/fr\/actualite\/sport\/volley-u20-la-tunisie-sacree-championne-d-afrique\/215775\/","title":{"rendered":"Volley U20 : La Tunisie sacr\u00e9e championne d\u2019Afrique"},"content":{"rendered":"<p>La Tunisie U20 a \u00e9t\u00e9 sacr\u00e9e pour la 11\u00e8me fois de son histoire et se qualifie pour la Coupe du monde de la cat\u00e9gorie des moins de 20 ans.<\/p>\n<p>\t\t\t\t\t\t\t\t\tLa s\u00e9lection masculine de volley-ball a remport\u00e9 le 21\u1d49 Championnat d&rsquo;Afrique des nations juniors (U20) en battant son homologue \u00e9gyptienne sur le score de 3 sets \u00e0 2 (25-27, 25-16, 22-25, 25-21, 15-13), en finale disput\u00e9e dimanche \u00e0 la salle Mechtel, au Belv\u00e9d\u00e8re.<\/p>\n<p>Au cours d&rsquo;un match tr\u00e8s serr\u00e9, les deux \u00e9quipes se sont livr\u00e9es \u00e0 un chass\u00e9-crois\u00e9 intense qui a fini en faveur des Tunisiens. Suite \u00e0 cette victoire, les Tunisiens remportent leur 11\u1d49 titre continental et se qualifient \u00e0 la Coupe du monde 2025 en compagnie de l\u2019Egypte.<\/p>\n<p>La troisi\u00e8me place est revenue au Maroc, vainqueur, samedi, en match de classement, du Burundi 3-0 (25-23, 25-16, 25-18).<\/p>\n","protected":false},"excerpt":{"rendered":"<p>La s\u00e9lection masculine de volley-ball a remport\u00e9 le 21\u1d49 Championnat d&rsquo;Afrique des nations juniors (U20) en battant son homologue \u00e9gyptienne sur le score de 3 se&#8230;<\/p>\n","protected":false},"author":3162,"featured_media":290940,"comment_status":"open","ping_status":"closed","sticky":false,"template":"","format":"standard","meta":{"footnotes":""},"categories":[2593],"tags":[8403,4066,3183,2608,8367,5733],"class_list":["post-215775","post","type-post","status-publish","format-standard","has-post-thumbnail","hentry","category-sport","tag-championnat-dafrique","tag-coupe-du-monde","tag-egypte","tag-tunisie","tag-u20","tag-volleyball"],"yoast_head":"<!-- This site is optimized with the Yoast SEO Premium plugin v27.4 (Yoast SEO v27.5) - https:\/\/yoast.com\/product\/yoast-seo-premium-wordpress\/ -->\n<title>Volley U20 : La Tunisie sacr\u00e9e championne d\u2019Afrique<\/title>\n<meta name=\"description\" content=\"La s\u00e9lection masculine de volley-ball a remport\u00e9 le 21\u1d49 Championnat d&#039;Afrique des nations juniors (U20) en battant son homologue \u00e9gyptienne sur le score de 3 se...\" \/>\n<link rel=\"canonical\" href=\"https:\/\/www.webdo.tn\/fr\/actualite\/sport\/volley-u20-la-tunisie-sacree-championne-d-afrique\/215775\/\" \/>\n<meta property=\"og:locale\" content=\"fr_FR\" \/>\n<meta property=\"og:type\" content=\"article\" \/>\n<meta property=\"og:title\" content=\"Volley U20 : La Tunisie sacr\u00e9e championne d\u2019Afrique\" \/>\n<meta property=\"og:description\" content=\"La s\u00e9lection masculine de volley-ball a remport\u00e9 le 21\u1d49 Championnat d&#039;Afrique des nations juniors (U20) en battant son homologue \u00e9gyptienne sur le score de 3 se...\" \/>\n<meta property=\"og:url\" content=\"https:\/\/www.webdo.tn\/fr\/actualite\/sport\/volley-u20-la-tunisie-sacree-championne-d-afrique\/215775\/\" \/>\n<meta property=\"og:site_name\" content=\"webdo\" \/>\n<meta property=\"article:publisher\" content=\"https:\/\/www.facebook.com\/webdotn\" \/>\n<meta property=\"article:published_time\" content=\"2024-08-12T12:43:00+00:00\" \/>\n<meta property=\"article:modified_time\" content=\"2025-05-20T22:13:50+00:00\" \/>\n<meta property=\"og:image\" content=\"https:\/\/www.webdo.tn\/fr\/wp-content\/uploads\/2024\/08\/3f9bf9ab3c1ca2e300a8c16ba93ca47c.webp\" \/>\n\t<meta property=\"og:image:width\" content=\"750\" \/>\n\t<meta property=\"og:image:height\" content=\"400\" \/>\n\t<meta property=\"og:image:type\" content=\"image\/webp\" \/>\n<meta name=\"author\" content=\"MC\" \/>\n<meta name=\"twitter:card\" content=\"summary_large_image\" \/>\n<meta name=\"twitter:creator\" content=\"@webdo_tn\" \/>\n<meta name=\"twitter:site\" content=\"@webdo_tn\" \/>\n<meta name=\"twitter:label1\" content=\"\u00c9crit par\" \/>\n\t<meta name=\"twitter:data1\" content=\"MC\" \/>\n\t<meta name=\"twitter:label2\" content=\"Dur\u00e9e de lecture estim\u00e9e\" \/>\n\t<meta name=\"twitter:data2\" content=\"1 minute\" \/>\n<script type=\"application\/ld+json\" class=\"yoast-schema-graph\">{\"@context\":\"https:\\\/\\\/schema.org\",\"@graph\":[{\"@type\":\"NewsArticle\",\"@id\":\"https:\\\/\\\/www.webdo.tn\\\/fr\\\/actualite\\\/sport\\\/volley-u20-la-tunisie-sacree-championne-d-afrique\\\/215775\\\/#article\",\"isPartOf\":{\"@id\":\"https:\\\/\\\/www.webdo.tn\\\/fr\\\/actualite\\\/sport\\\/volley-u20-la-tunisie-sacree-championne-d-afrique\\\/215775\\\/\"},\"author\":{\"name\":\"MC\",\"@id\":\"https:\\\/\\\/www.webdo.tn\\\/fr\\\/#\\\/schema\\\/person\\\/2c4929cbf5a809e3bd38617c6ce150f6\"},\"headline\":\"Volley U20 : La Tunisie sacr\u00e9e championne d\u2019Afrique\",\"datePublished\":\"2024-08-12T12:43:00+00:00\",\"dateModified\":\"2025-05-20T22:13:50+00:00\",\"mainEntityOfPage\":{\"@id\":\"https:\\\/\\\/www.webdo.tn\\\/fr\\\/actualite\\\/sport\\\/volley-u20-la-tunisie-sacree-championne-d-afrique\\\/215775\\\/\"},\"wordCount\":149,\"commentCount\":0,\"publisher\":{\"@id\":\"https:\\\/\\\/www.webdo.tn\\\/fr\\\/#organization\"},\"image\":{\"@id\":\"https:\\\/\\\/www.webdo.tn\\\/fr\\\/actualite\\\/sport\\\/volley-u20-la-tunisie-sacree-championne-d-afrique\\\/215775\\\/#primaryimage\"},\"thumbnailUrl\":\"https:\\\/\\\/www.webdo.tn\\\/fr\\\/wp-content\\\/uploads\\\/2024\\\/08\\\/3f9bf9ab3c1ca2e300a8c16ba93ca47c.webp\",\"keywords\":[\"championnat d'afrique\",\"Coupe du Monde\",\"Egypte\",\"Tunisie\",\"U20\",\"Volleyball\"],\"articleSection\":[\"Sport\"],\"inLanguage\":\"fr-FR\"},{\"@type\":\"WebPage\",\"@id\":\"https:\\\/\\\/www.webdo.tn\\\/fr\\\/actualite\\\/sport\\\/volley-u20-la-tunisie-sacree-championne-d-afrique\\\/215775\\\/\",\"url\":\"https:\\\/\\\/www.webdo.tn\\\/fr\\\/actualite\\\/sport\\\/volley-u20-la-tunisie-sacree-championne-d-afrique\\\/215775\\\/\",\"name\":\"Volley U20 : La Tunisie sacr\u00e9e championne d\u2019Afrique\",\"isPartOf\":{\"@id\":\"https:\\\/\\\/www.webdo.tn\\\/fr\\\/#website\"},\"primaryImageOfPage\":{\"@id\":\"https:\\\/\\\/www.webdo.tn\\\/fr\\\/actualite\\\/sport\\\/volley-u20-la-tunisie-sacree-championne-d-afrique\\\/215775\\\/#primaryimage\"},\"image\":{\"@id\":\"https:\\\/\\\/www.webdo.tn\\\/fr\\\/actualite\\\/sport\\\/volley-u20-la-tunisie-sacree-championne-d-afrique\\\/215775\\\/#primaryimage\"},\"thumbnailUrl\":\"https:\\\/\\\/www.webdo.tn\\\/fr\\\/wp-content\\\/uploads\\\/2024\\\/08\\\/3f9bf9ab3c1ca2e300a8c16ba93ca47c.webp\",\"datePublished\":\"2024-08-12T12:43:00+00:00\",\"dateModified\":\"2025-05-20T22:13:50+00:00\",\"description\":\"La s\u00e9lection masculine de volley-ball a remport\u00e9 le 21\u1d49 Championnat d'Afrique des nations juniors (U20) en battant son homologue \u00e9gyptienne sur le score de 3 se...\",\"breadcrumb\":{\"@id\":\"https:\\\/\\\/www.webdo.tn\\\/fr\\\/actualite\\\/sport\\\/volley-u20-la-tunisie-sacree-championne-d-afrique\\\/215775\\\/#breadcrumb\"},\"inLanguage\":\"fr-FR\",\"potentialAction\":[{\"@type\":\"ReadAction\",\"target\":[\"https:\\\/\\\/www.webdo.tn\\\/fr\\\/actualite\\\/sport\\\/volley-u20-la-tunisie-sacree-championne-d-afrique\\\/215775\\\/\"]}]},{\"@type\":\"ImageObject\",\"inLanguage\":\"fr-FR\",\"@id\":\"https:\\\/\\\/www.webdo.tn\\\/fr\\\/actualite\\\/sport\\\/volley-u20-la-tunisie-sacree-championne-d-afrique\\\/215775\\\/#primaryimage\",\"url\":\"https:\\\/\\\/www.webdo.tn\\\/fr\\\/wp-content\\\/uploads\\\/2024\\\/08\\\/3f9bf9ab3c1ca2e300a8c16ba93ca47c.webp\",\"contentUrl\":\"https:\\\/\\\/www.webdo.tn\\\/fr\\\/wp-content\\\/uploads\\\/2024\\\/08\\\/3f9bf9ab3c1ca2e300a8c16ba93ca47c.webp\",\"width\":750,\"height\":400,\"caption\":\"Volley U20 : La Tunisie sacr\u00e9e championne d\u2019Afrique\"},{\"@type\":\"BreadcrumbList\",\"@id\":\"https:\\\/\\\/www.webdo.tn\\\/fr\\\/actualite\\\/sport\\\/volley-u20-la-tunisie-sacree-championne-d-afrique\\\/215775\\\/#breadcrumb\",\"itemListElement\":[{\"@type\":\"ListItem\",\"position\":1,\"name\":\"Accueil\",\"item\":\"https:\\\/\\\/www.webdo.tn\\\/fr\\\/\"},{\"@type\":\"ListItem\",\"position\":2,\"name\":\"Volley U20 : La Tunisie sacr\u00e9e championne d\u2019Afrique\"}]},{\"@type\":\"WebSite\",\"@id\":\"https:\\\/\\\/www.webdo.tn\\\/fr\\\/#website\",\"url\":\"https:\\\/\\\/www.webdo.tn\\\/fr\\\/\",\"name\":\"webdo\",\"description\":\"Tunisie - News en Tunisie et \u00e0 l&#039;international sur Webdo.tn\",\"publisher\":{\"@id\":\"https:\\\/\\\/www.webdo.tn\\\/fr\\\/#organization\"},\"potentialAction\":[{\"@type\":\"SearchAction\",\"target\":{\"@type\":\"EntryPoint\",\"urlTemplate\":\"https:\\\/\\\/www.webdo.tn\\\/fr\\\/?s={search_term_string}\"},\"query-input\":{\"@type\":\"PropertyValueSpecification\",\"valueRequired\":true,\"valueName\":\"search_term_string\"}}],\"inLanguage\":\"fr-FR\"},{\"@type\":\"Organization\",\"@id\":\"https:\\\/\\\/www.webdo.tn\\\/fr\\\/#organization\",\"name\":\"Webdo\",\"alternateName\":\"Webdo.tn\",\"url\":\"https:\\\/\\\/www.webdo.tn\\\/fr\\\/\",\"logo\":{\"@type\":\"ImageObject\",\"inLanguage\":\"fr-FR\",\"@id\":\"https:\\\/\\\/www.webdo.tn\\\/fr\\\/#\\\/schema\\\/logo\\\/image\\\/\",\"url\":\"https:\\\/\\\/www.webdo.tn\\\/fr\\\/wp-content\\\/uploads\\\/2025\\\/06\\\/Webdo-Tunisie_168377.jpg\",\"contentUrl\":\"https:\\\/\\\/www.webdo.tn\\\/fr\\\/wp-content\\\/uploads\\\/2025\\\/06\\\/Webdo-Tunisie_168377.jpg\",\"width\":301,\"height\":301,\"caption\":\"Webdo\"},\"image\":{\"@id\":\"https:\\\/\\\/www.webdo.tn\\\/fr\\\/#\\\/schema\\\/logo\\\/image\\\/\"},\"sameAs\":[\"https:\\\/\\\/www.facebook.com\\\/webdotn\",\"https:\\\/\\\/x.com\\\/webdo_tn\"],\"description\":\"Webdo est un m\u00e9dia num\u00e9rique tunisien fond\u00e9 en 2010, sp\u00e9cialis\u00e9 dans l\u2019actualit\u00e9 nationale et internationale, l\u2019\u00e9conomie, la soci\u00e9t\u00e9 et les analyses politiques. Le site s\u2019adresse \u00e0 un large public francophone et couvre l\u2019information tunisienne en temps r\u00e9el.\",\"email\":\"redac@webdo.tn\",\"legalName\":\"YNJ SARL\",\"foundingDate\":\"2010-09-06\",\"numberOfEmployees\":{\"@type\":\"QuantitativeValue\",\"minValue\":\"11\",\"maxValue\":\"50\"}},{\"@type\":\"Person\",\"@id\":\"https:\\\/\\\/www.webdo.tn\\\/fr\\\/#\\\/schema\\\/person\\\/2c4929cbf5a809e3bd38617c6ce150f6\",\"name\":\"MC\",\"image\":{\"@type\":\"ImageObject\",\"inLanguage\":\"fr-FR\",\"@id\":\"https:\\\/\\\/secure.gravatar.com\\\/avatar\\\/a545bbb6f84efdd5553dbbc2895e3ca8f1d12c5215e00a041c9670b54aa9b18a?s=96&d=mm&r=g\",\"url\":\"https:\\\/\\\/secure.gravatar.com\\\/avatar\\\/a545bbb6f84efdd5553dbbc2895e3ca8f1d12c5215e00a041c9670b54aa9b18a?s=96&d=mm&r=g\",\"contentUrl\":\"https:\\\/\\\/secure.gravatar.com\\\/avatar\\\/a545bbb6f84efdd5553dbbc2895e3ca8f1d12c5215e00a041c9670b54aa9b18a?s=96&d=mm&r=g\",\"caption\":\"MC\"},\"url\":\"https:\\\/\\\/www.webdo.tn\\\/fr\\\/actualite\\\/author\\\/mc\\\/\"}]}<\/script>\n<!-- \/ Yoast SEO Premium plugin. -->","yoast_head_json":{"title":"Volley U20 : La Tunisie sacr\u00e9e championne d\u2019Afrique","description":"La s\u00e9lection masculine de volley-ball a remport\u00e9 le 21\u1d49 Championnat d'Afrique des nations juniors (U20) en battant son homologue \u00e9gyptienne sur le score de 3 se...","canonical":"https:\/\/www.webdo.tn\/fr\/actualite\/sport\/volley-u20-la-tunisie-sacree-championne-d-afrique\/215775\/","og_locale":"fr_FR","og_type":"article","og_title":"Volley U20 : La Tunisie sacr\u00e9e championne d\u2019Afrique","og_description":"La s\u00e9lection masculine de volley-ball a remport\u00e9 le 21\u1d49 Championnat d'Afrique des nations juniors (U20) en battant son homologue \u00e9gyptienne sur le score de 3 se...","og_url":"https:\/\/www.webdo.tn\/fr\/actualite\/sport\/volley-u20-la-tunisie-sacree-championne-d-afrique\/215775\/","og_site_name":"webdo","article_publisher":"https:\/\/www.facebook.com\/webdotn","article_published_time":"2024-08-12T12:43:00+00:00","article_modified_time":"2025-05-20T22:13:50+00:00","og_image":[{"width":750,"height":400,"url":"https:\/\/www.webdo.tn\/fr\/wp-content\/uploads\/2024\/08\/3f9bf9ab3c1ca2e300a8c16ba93ca47c.webp","type":"image\/webp"}],"author":"MC","twitter_card":"summary_large_image","twitter_creator":"@webdo_tn","twitter_site":"@webdo_tn","twitter_misc":{"\u00c9crit par":"MC","Dur\u00e9e de lecture estim\u00e9e":"1 minute"},"schema":{"@context":"https:\/\/schema.org","@graph":[{"@type":"NewsArticle","@id":"https:\/\/www.webdo.tn\/fr\/actualite\/sport\/volley-u20-la-tunisie-sacree-championne-d-afrique\/215775\/#article","isPartOf":{"@id":"https:\/\/www.webdo.tn\/fr\/actualite\/sport\/volley-u20-la-tunisie-sacree-championne-d-afrique\/215775\/"},"author":{"name":"MC","@id":"https:\/\/www.webdo.tn\/fr\/#\/schema\/person\/2c4929cbf5a809e3bd38617c6ce150f6"},"headline":"Volley U20 : La Tunisie sacr\u00e9e championne d\u2019Afrique","datePublished":"2024-08-12T12:43:00+00:00","dateModified":"2025-05-20T22:13:50+00:00","mainEntityOfPage":{"@id":"https:\/\/www.webdo.tn\/fr\/actualite\/sport\/volley-u20-la-tunisie-sacree-championne-d-afrique\/215775\/"},"wordCount":149,"commentCount":0,"publisher":{"@id":"https:\/\/www.webdo.tn\/fr\/#organization"},"image":{"@id":"https:\/\/www.webdo.tn\/fr\/actualite\/sport\/volley-u20-la-tunisie-sacree-championne-d-afrique\/215775\/#primaryimage"},"thumbnailUrl":"https:\/\/www.webdo.tn\/fr\/wp-content\/uploads\/2024\/08\/3f9bf9ab3c1ca2e300a8c16ba93ca47c.webp","keywords":["championnat d'afrique","Coupe du Monde","Egypte","Tunisie","U20","Volleyball"],"articleSection":["Sport"],"inLanguage":"fr-FR"},{"@type":"WebPage","@id":"https:\/\/www.webdo.tn\/fr\/actualite\/sport\/volley-u20-la-tunisie-sacree-championne-d-afrique\/215775\/","url":"https:\/\/www.webdo.tn\/fr\/actualite\/sport\/volley-u20-la-tunisie-sacree-championne-d-afrique\/215775\/","name":"Volley U20 : La Tunisie sacr\u00e9e championne d\u2019Afrique","isPartOf":{"@id":"https:\/\/www.webdo.tn\/fr\/#website"},"primaryImageOfPage":{"@id":"https:\/\/www.webdo.tn\/fr\/actualite\/sport\/volley-u20-la-tunisie-sacree-championne-d-afrique\/215775\/#primaryimage"},"image":{"@id":"https:\/\/www.webdo.tn\/fr\/actualite\/sport\/volley-u20-la-tunisie-sacree-championne-d-afrique\/215775\/#primaryimage"},"thumbnailUrl":"https:\/\/www.webdo.tn\/fr\/wp-content\/uploads\/2024\/08\/3f9bf9ab3c1ca2e300a8c16ba93ca47c.webp","datePublished":"2024-08-12T12:43:00+00:00","dateModified":"2025-05-20T22:13:50+00:00","description":"La s\u00e9lection masculine de volley-ball a remport\u00e9 le 21\u1d49 Championnat d'Afrique des nations juniors (U20) en battant son homologue \u00e9gyptienne sur le score de 3 se...","breadcrumb":{"@id":"https:\/\/www.webdo.tn\/fr\/actualite\/sport\/volley-u20-la-tunisie-sacree-championne-d-afrique\/215775\/#breadcrumb"},"inLanguage":"fr-FR","potentialAction":[{"@type":"ReadAction","target":["https:\/\/www.webdo.tn\/fr\/actualite\/sport\/volley-u20-la-tunisie-sacree-championne-d-afrique\/215775\/"]}]},{"@type":"ImageObject","inLanguage":"fr-FR","@id":"https:\/\/www.webdo.tn\/fr\/actualite\/sport\/volley-u20-la-tunisie-sacree-championne-d-afrique\/215775\/#primaryimage","url":"https:\/\/www.webdo.tn\/fr\/wp-content\/uploads\/2024\/08\/3f9bf9ab3c1ca2e300a8c16ba93ca47c.webp","contentUrl":"https:\/\/www.webdo.tn\/fr\/wp-content\/uploads\/2024\/08\/3f9bf9ab3c1ca2e300a8c16ba93ca47c.webp","width":750,"height":400,"caption":"Volley U20 : La Tunisie sacr\u00e9e championne d\u2019Afrique"},{"@type":"BreadcrumbList","@id":"https:\/\/www.webdo.tn\/fr\/actualite\/sport\/volley-u20-la-tunisie-sacree-championne-d-afrique\/215775\/#breadcrumb","itemListElement":[{"@type":"ListItem","position":1,"name":"Accueil","item":"https:\/\/www.webdo.tn\/fr\/"},{"@type":"ListItem","position":2,"name":"Volley U20 : La Tunisie sacr\u00e9e championne d\u2019Afrique"}]},{"@type":"WebSite","@id":"https:\/\/www.webdo.tn\/fr\/#website","url":"https:\/\/www.webdo.tn\/fr\/","name":"webdo","description":"Tunisie - News en Tunisie et \u00e0 l&#039;international sur Webdo.tn","publisher":{"@id":"https:\/\/www.webdo.tn\/fr\/#organization"},"potentialAction":[{"@type":"SearchAction","target":{"@type":"EntryPoint","urlTemplate":"https:\/\/www.webdo.tn\/fr\/?s={search_term_string}"},"query-input":{"@type":"PropertyValueSpecification","valueRequired":true,"valueName":"search_term_string"}}],"inLanguage":"fr-FR"},{"@type":"Organization","@id":"https:\/\/www.webdo.tn\/fr\/#organization","name":"Webdo","alternateName":"Webdo.tn","url":"https:\/\/www.webdo.tn\/fr\/","logo":{"@type":"ImageObject","inLanguage":"fr-FR","@id":"https:\/\/www.webdo.tn\/fr\/#\/schema\/logo\/image\/","url":"https:\/\/www.webdo.tn\/fr\/wp-content\/uploads\/2025\/06\/Webdo-Tunisie_168377.jpg","contentUrl":"https:\/\/www.webdo.tn\/fr\/wp-content\/uploads\/2025\/06\/Webdo-Tunisie_168377.jpg","width":301,"height":301,"caption":"Webdo"},"image":{"@id":"https:\/\/www.webdo.tn\/fr\/#\/schema\/logo\/image\/"},"sameAs":["https:\/\/www.facebook.com\/webdotn","https:\/\/x.com\/webdo_tn"],"description":"Webdo est un m\u00e9dia num\u00e9rique tunisien fond\u00e9 en 2010, sp\u00e9cialis\u00e9 dans l\u2019actualit\u00e9 nationale et internationale, l\u2019\u00e9conomie, la soci\u00e9t\u00e9 et les analyses politiques. Le site s\u2019adresse \u00e0 un large public francophone et couvre l\u2019information tunisienne en temps r\u00e9el.","email":"redac@webdo.tn","legalName":"YNJ SARL","foundingDate":"2010-09-06","numberOfEmployees":{"@type":"QuantitativeValue","minValue":"11","maxValue":"50"}},{"@type":"Person","@id":"https:\/\/www.webdo.tn\/fr\/#\/schema\/person\/2c4929cbf5a809e3bd38617c6ce150f6","name":"MC","image":{"@type":"ImageObject","inLanguage":"fr-FR","@id":"https:\/\/secure.gravatar.com\/avatar\/a545bbb6f84efdd5553dbbc2895e3ca8f1d12c5215e00a041c9670b54aa9b18a?s=96&d=mm&r=g","url":"https:\/\/secure.gravatar.com\/avatar\/a545bbb6f84efdd5553dbbc2895e3ca8f1d12c5215e00a041c9670b54aa9b18a?s=96&d=mm&r=g","contentUrl":"https:\/\/secure.gravatar.com\/avatar\/a545bbb6f84efdd5553dbbc2895e3ca8f1d12c5215e00a041c9670b54aa9b18a?s=96&d=mm&r=g","caption":"MC"},"url":"https:\/\/www.webdo.tn\/fr\/actualite\/author\/mc\/"}]}},"_links":{"self":[{"href":"https:\/\/www.webdo.tn\/fr\/wp-json\/wp\/v2\/posts\/215775","targetHints":{"allow":["GET"]}}],"collection":[{"href":"https:\/\/www.webdo.tn\/fr\/wp-json\/wp\/v2\/posts"}],"about":[{"href":"https:\/\/www.webdo.tn\/fr\/wp-json\/wp\/v2\/types\/post"}],"author":[{"embeddable":true,"href":"https:\/\/www.webdo.tn\/fr\/wp-json\/wp\/v2\/users\/3162"}],"replies":[{"embeddable":true,"href":"https:\/\/www.webdo.tn\/fr\/wp-json\/wp\/v2\/comments?post=215775"}],"version-history":[{"count":0,"href":"https:\/\/www.webdo.tn\/fr\/wp-json\/wp\/v2\/posts\/215775\/revisions"}],"wp:featuredmedia":[{"embeddable":true,"href":"https:\/\/www.webdo.tn\/fr\/wp-json\/wp\/v2\/media\/290940"}],"wp:attachment":[{"href":"https:\/\/www.webdo.tn\/fr\/wp-json\/wp\/v2\/media?parent=215775"}],"wp:term":[{"taxonomy":"category","embeddable":true,"href":"https:\/\/www.webdo.tn\/fr\/wp-json\/wp\/v2\/categories?post=215775"},{"taxonomy":"post_tag","embeddable":true,"href":"https:\/\/www.webdo.tn\/fr\/wp-json\/wp\/v2\/tags?post=215775"}],"curies":[{"name":"wp","href":"https:\/\/api.w.org\/{rel}","templated":true}]}}