{"id":215774,"date":"2024-08-12T12:20:00","date_gmt":"2024-08-12T12:20:00","guid":{"rendered":"https:\/\/www.webdo.tn\/fr\/blog\/tunisie-dix-detenus-ont-beneficie-des-procedures-de-reglement-dans-le-cadre-de-la-nouvelle-loi-sur-les-cheques\/215774\/"},"modified":"2025-05-20T22:13:49","modified_gmt":"2025-05-20T22:13:49","slug":"tunisie-dix-detenus-ont-beneficie-des-procedures-de-reglement-dans-le-cadre-de-la-nouvelle-loi-sur-les-cheques","status":"publish","type":"post","link":"https:\/\/www.webdo.tn\/fr\/actualite\/national\/tunisie-dix-detenus-ont-beneficie-des-procedures-de-reglement-dans-le-cadre-de-la-nouvelle-loi-sur-les-cheques\/215774\/","title":{"rendered":"Dix d\u00e9tenus ont b\u00e9n\u00e9fici\u00e9 des proc\u00e9dures de r\u00e8glement dans le cadre de la nouvelle loi sur les ch\u00e8ques"},"content":{"rendered":"<p>Le juge Elias Miladi, conseiller aupr\u00e8s du cabinet de la ministre de la Justice, a r\u00e9v\u00e9l\u00e9 aujourd&rsquo;hui, lundi 12 ao\u00fbt 2024, qu&rsquo;il n&rsquo;existe pas de d\u00e9crets d&rsquo;application relatifs \u00e0 la nouvelle loi sur les ch\u00e8ques publi\u00e9e au Journal officiel le 2 ao\u00fbt dernier.<\/p>\n<p>\t\t\t\t\t\t\t\t\tSelon Miladi, le b\u00e9n\u00e9fice des proc\u00e9dures de r\u00e8glement commence \u00e0 partir de la date de publication de la loi au Journal officiel. Il a confirm\u00e9 dans une d\u00e9claration faite \u00e0 la radio Jawhara FM que dix d\u00e9tenus ont b\u00e9n\u00e9fici\u00e9 des proc\u00e9dures de r\u00e8glement.<\/p>\n<p>\u00ab\u00a0La loi n\u00b041 de l&rsquo;ann\u00e9e 2024, dat\u00e9e du 2 ao\u00fbt 2024, relative \u00e0 la modification et au compl\u00e9ment de certaines dispositions du Code de commerce, a \u00e9t\u00e9 publi\u00e9e le 2 ao\u00fbt dernier avec effet imm\u00e9diat, \u00e0 l&rsquo;exception de certaines dispositions pr\u00e9vues par les articles 4, 5 et 6 de ladite loi.<\/p>\n<p>Cela signifie que la loi est entr\u00e9e en vigueur imm\u00e9diatement, \u00e0 l&rsquo;exception de certaines dispositions concernant la cr\u00e9ation d&rsquo;une plateforme num\u00e9rique ou le nouveau format des ch\u00e8ques, lesquelles n\u00e9cessitent un certain temps pour \u00eatre mises en \u0153uvre par les banques\u00a0\u00bb, a-t-il dit.<\/p>\n<p>Il a ajout\u00e9 : \u00ab\u00a0Les personnes concern\u00e9es b\u00e9n\u00e9ficient des proc\u00e9dures de r\u00e8glement \u00e0 partir de la date de publication du texte, et il n&rsquo;y a pas de d\u00e9crets d&rsquo;application concernant les proc\u00e9dures de r\u00e8glement pr\u00e9vues par l&rsquo;article 6, contrairement \u00e0 ce qui est diffus\u00e9 sur les r\u00e9seaux sociaux.<\/p>\n<p>Ainsi, toute personne ayant re\u00e7u un jugement ou \u00e9tant sous enqu\u00eate ou en proc\u00e8s, et ayant re\u00e7u un certificat de non-paiement avant la date de publication de la loi, c&rsquo;est-\u00e0-dire le 2 ao\u00fbt, peut b\u00e9n\u00e9ficier du r\u00e8glement, et il n&rsquo;existe pas de d\u00e9crets d&rsquo;application \u00e0 cet \u00e9gard. La loi n&rsquo;est pas suspendue dans son ex\u00e9cution ; ce sont des informations erron\u00e9es diffus\u00e9es sur les r\u00e9seaux sociaux.<\/p>\n<p>Le b\u00e9n\u00e9fice des proc\u00e9dures de r\u00e8glement pr\u00e9vues par l&rsquo;article 6 de la loi commence \u00e0 l&rsquo;initiative de la personne concern\u00e9e, ce qui signifie que le titulaire du ch\u00e8que faisant l&rsquo;objet de la proc\u00e9dure est celui qui prend l&rsquo;initiative et entreprend les d\u00e9marches de r\u00e8glement\u00a0\u00bb.<\/p>\n<p>\u00ab\u00a0Certains ont pris des engagements depuis la date de publication de la loi. Par exemple, il y avait jusqu&rsquo;au 26 juillet dernier 542 personnes incarc\u00e9r\u00e9es, et jusqu&rsquo;\u00e0 hier, le nombre est pass\u00e9 \u00e0 532, ce qui signifie que dix personnes ont quitt\u00e9 la prison.<\/p>\n<p>Nous n&rsquo;avons pas actuellement de statistiques sur le format de r\u00e8glement appliqu\u00e9, mais il est certain que dix personnes ont quitt\u00e9 la prison. La loi concerne toutes les cat\u00e9gories impliqu\u00e9es dans l&rsquo;infraction des ch\u00e8ques sans provision\u00a0\u00bb, a-t-il encore indiqu\u00e9.<\/p>\n","protected":false},"excerpt":{"rendered":"<p>Le juge Elias Miladi, conseiller aupr\u00e8s du cabinet de la ministre de la Justice, a r\u00e9v\u00e9l\u00e9 aujourd&rsquo;hui, lundi 12 ao\u00fbt 2024, qu&rsquo;il n&rsquo;existe pas de d\u00e9crets d&rsquo;appli&#8230;<\/p>\n","protected":false},"author":3162,"featured_media":290939,"comment_status":"open","ping_status":"closed","sticky":false,"template":"","format":"standard","meta":{"footnotes":""},"categories":[44],"tags":[4159,6154,3033,2608],"class_list":["post-215774","post","type-post","status-publish","format-standard","has-post-thumbnail","hentry","category-national","tag-cheque","tag-code-de-commerce","tag-loi","tag-tunisie"],"yoast_head":"<!-- This site is optimized with the Yoast SEO Premium plugin v27.5 (Yoast SEO v27.5) - https:\/\/yoast.com\/product\/yoast-seo-premium-wordpress\/ -->\n<title>Dix d\u00e9tenus ont b\u00e9n\u00e9fici\u00e9 des proc\u00e9dures de r\u00e8glement dans le cadre de la nouvelle loi sur les ch\u00e8ques<\/title>\n<meta name=\"description\" content=\"Le juge Elias Miladi, conseiller aupr\u00e8s du cabinet de la ministre de la Justice, a r\u00e9v\u00e9l\u00e9 aujourd&#039;hui, lundi 12 ao\u00fbt 2024, qu&#039;il n&#039;existe pas de d\u00e9crets d&#039;appli...\" \/>\n<link rel=\"canonical\" href=\"https:\/\/www.webdo.tn\/fr\/actualite\/national\/tunisie-dix-detenus-ont-beneficie-des-procedures-de-reglement-dans-le-cadre-de-la-nouvelle-loi-sur-les-cheques\/215774\/\" \/>\n<meta property=\"og:locale\" content=\"fr_FR\" \/>\n<meta property=\"og:type\" content=\"article\" \/>\n<meta property=\"og:title\" content=\"Dix d\u00e9tenus ont b\u00e9n\u00e9fici\u00e9 des proc\u00e9dures de r\u00e8glement dans le cadre de la nouvelle loi sur les ch\u00e8ques\" \/>\n<meta property=\"og:description\" content=\"Le juge Elias Miladi, conseiller aupr\u00e8s du cabinet de la ministre de la Justice, a r\u00e9v\u00e9l\u00e9 aujourd&#039;hui, lundi 12 ao\u00fbt 2024, qu&#039;il n&#039;existe pas de d\u00e9crets d&#039;appli...\" \/>\n<meta property=\"og:url\" content=\"https:\/\/www.webdo.tn\/fr\/actualite\/national\/tunisie-dix-detenus-ont-beneficie-des-procedures-de-reglement-dans-le-cadre-de-la-nouvelle-loi-sur-les-cheques\/215774\/\" \/>\n<meta property=\"og:site_name\" content=\"webdo\" \/>\n<meta property=\"article:publisher\" content=\"https:\/\/www.facebook.com\/webdotn\" \/>\n<meta property=\"article:published_time\" content=\"2024-08-12T12:20:00+00:00\" \/>\n<meta property=\"article:modified_time\" content=\"2025-05-20T22:13:49+00:00\" \/>\n<meta property=\"og:image\" content=\"https:\/\/www.webdo.tn\/fr\/wp-content\/uploads\/2024\/08\/cbe216ba9d2ced41fc4744b287e72637.webp\" \/>\n\t<meta property=\"og:image:width\" content=\"750\" \/>\n\t<meta property=\"og:image:height\" content=\"400\" \/>\n\t<meta property=\"og:image:type\" content=\"image\/webp\" \/>\n<meta name=\"author\" content=\"MC\" \/>\n<meta name=\"twitter:card\" content=\"summary_large_image\" \/>\n<meta name=\"twitter:creator\" content=\"@webdo_tn\" \/>\n<meta name=\"twitter:site\" content=\"@webdo_tn\" \/>\n<meta name=\"twitter:label1\" content=\"\u00c9crit par\" \/>\n\t<meta name=\"twitter:data1\" content=\"MC\" \/>\n\t<meta name=\"twitter:label2\" content=\"Dur\u00e9e de lecture estim\u00e9e\" \/>\n\t<meta name=\"twitter:data2\" content=\"2 minutes\" \/>\n<script type=\"application\/ld+json\" class=\"yoast-schema-graph\">{\"@context\":\"https:\\\/\\\/schema.org\",\"@graph\":[{\"@type\":\"NewsArticle\",\"@id\":\"https:\\\/\\\/www.webdo.tn\\\/fr\\\/actualite\\\/national\\\/tunisie-dix-detenus-ont-beneficie-des-procedures-de-reglement-dans-le-cadre-de-la-nouvelle-loi-sur-les-cheques\\\/215774\\\/#article\",\"isPartOf\":{\"@id\":\"https:\\\/\\\/www.webdo.tn\\\/fr\\\/actualite\\\/national\\\/tunisie-dix-detenus-ont-beneficie-des-procedures-de-reglement-dans-le-cadre-de-la-nouvelle-loi-sur-les-cheques\\\/215774\\\/\"},\"author\":{\"name\":\"MC\",\"@id\":\"https:\\\/\\\/www.webdo.tn\\\/fr\\\/#\\\/schema\\\/person\\\/2c4929cbf5a809e3bd38617c6ce150f6\"},\"headline\":\"Dix d\u00e9tenus ont b\u00e9n\u00e9fici\u00e9 des proc\u00e9dures de r\u00e8glement dans le cadre de la nouvelle loi sur les ch\u00e8ques\",\"datePublished\":\"2024-08-12T12:20:00+00:00\",\"dateModified\":\"2025-05-20T22:13:49+00:00\",\"mainEntityOfPage\":{\"@id\":\"https:\\\/\\\/www.webdo.tn\\\/fr\\\/actualite\\\/national\\\/tunisie-dix-detenus-ont-beneficie-des-procedures-de-reglement-dans-le-cadre-de-la-nouvelle-loi-sur-les-cheques\\\/215774\\\/\"},\"wordCount\":509,\"commentCount\":0,\"publisher\":{\"@id\":\"https:\\\/\\\/www.webdo.tn\\\/fr\\\/#organization\"},\"image\":{\"@id\":\"https:\\\/\\\/www.webdo.tn\\\/fr\\\/actualite\\\/national\\\/tunisie-dix-detenus-ont-beneficie-des-procedures-de-reglement-dans-le-cadre-de-la-nouvelle-loi-sur-les-cheques\\\/215774\\\/#primaryimage\"},\"thumbnailUrl\":\"https:\\\/\\\/www.webdo.tn\\\/fr\\\/wp-content\\\/uploads\\\/2024\\\/08\\\/cbe216ba9d2ced41fc4744b287e72637.webp\",\"keywords\":[\"ch\u00e9que\",\"code de commerce\",\"loi\",\"Tunisie\"],\"articleSection\":[\"National\"],\"inLanguage\":\"fr-FR\"},{\"@type\":\"WebPage\",\"@id\":\"https:\\\/\\\/www.webdo.tn\\\/fr\\\/actualite\\\/national\\\/tunisie-dix-detenus-ont-beneficie-des-procedures-de-reglement-dans-le-cadre-de-la-nouvelle-loi-sur-les-cheques\\\/215774\\\/\",\"url\":\"https:\\\/\\\/www.webdo.tn\\\/fr\\\/actualite\\\/national\\\/tunisie-dix-detenus-ont-beneficie-des-procedures-de-reglement-dans-le-cadre-de-la-nouvelle-loi-sur-les-cheques\\\/215774\\\/\",\"name\":\"Dix d\u00e9tenus ont b\u00e9n\u00e9fici\u00e9 des proc\u00e9dures de r\u00e8glement dans le cadre de la nouvelle loi sur les ch\u00e8ques\",\"isPartOf\":{\"@id\":\"https:\\\/\\\/www.webdo.tn\\\/fr\\\/#website\"},\"primaryImageOfPage\":{\"@id\":\"https:\\\/\\\/www.webdo.tn\\\/fr\\\/actualite\\\/national\\\/tunisie-dix-detenus-ont-beneficie-des-procedures-de-reglement-dans-le-cadre-de-la-nouvelle-loi-sur-les-cheques\\\/215774\\\/#primaryimage\"},\"image\":{\"@id\":\"https:\\\/\\\/www.webdo.tn\\\/fr\\\/actualite\\\/national\\\/tunisie-dix-detenus-ont-beneficie-des-procedures-de-reglement-dans-le-cadre-de-la-nouvelle-loi-sur-les-cheques\\\/215774\\\/#primaryimage\"},\"thumbnailUrl\":\"https:\\\/\\\/www.webdo.tn\\\/fr\\\/wp-content\\\/uploads\\\/2024\\\/08\\\/cbe216ba9d2ced41fc4744b287e72637.webp\",\"datePublished\":\"2024-08-12T12:20:00+00:00\",\"dateModified\":\"2025-05-20T22:13:49+00:00\",\"description\":\"Le juge Elias Miladi, conseiller aupr\u00e8s du cabinet de la ministre de la Justice, a r\u00e9v\u00e9l\u00e9 aujourd'hui, lundi 12 ao\u00fbt 2024, qu'il n'existe pas de d\u00e9crets d'appli...\",\"breadcrumb\":{\"@id\":\"https:\\\/\\\/www.webdo.tn\\\/fr\\\/actualite\\\/national\\\/tunisie-dix-detenus-ont-beneficie-des-procedures-de-reglement-dans-le-cadre-de-la-nouvelle-loi-sur-les-cheques\\\/215774\\\/#breadcrumb\"},\"inLanguage\":\"fr-FR\",\"potentialAction\":[{\"@type\":\"ReadAction\",\"target\":[\"https:\\\/\\\/www.webdo.tn\\\/fr\\\/actualite\\\/national\\\/tunisie-dix-detenus-ont-beneficie-des-procedures-de-reglement-dans-le-cadre-de-la-nouvelle-loi-sur-les-cheques\\\/215774\\\/\"]}]},{\"@type\":\"ImageObject\",\"inLanguage\":\"fr-FR\",\"@id\":\"https:\\\/\\\/www.webdo.tn\\\/fr\\\/actualite\\\/national\\\/tunisie-dix-detenus-ont-beneficie-des-procedures-de-reglement-dans-le-cadre-de-la-nouvelle-loi-sur-les-cheques\\\/215774\\\/#primaryimage\",\"url\":\"https:\\\/\\\/www.webdo.tn\\\/fr\\\/wp-content\\\/uploads\\\/2024\\\/08\\\/cbe216ba9d2ced41fc4744b287e72637.webp\",\"contentUrl\":\"https:\\\/\\\/www.webdo.tn\\\/fr\\\/wp-content\\\/uploads\\\/2024\\\/08\\\/cbe216ba9d2ced41fc4744b287e72637.webp\",\"width\":750,\"height\":400,\"caption\":\"Dix d\u00e9tenus ont b\u00e9n\u00e9fici\u00e9 des proc\u00e9dures de r\u00e8glement dans le cadre de la nouvelle loi sur les ch\u00e8ques\"},{\"@type\":\"BreadcrumbList\",\"@id\":\"https:\\\/\\\/www.webdo.tn\\\/fr\\\/actualite\\\/national\\\/tunisie-dix-detenus-ont-beneficie-des-procedures-de-reglement-dans-le-cadre-de-la-nouvelle-loi-sur-les-cheques\\\/215774\\\/#breadcrumb\",\"itemListElement\":[{\"@type\":\"ListItem\",\"position\":1,\"name\":\"Accueil\",\"item\":\"https:\\\/\\\/www.webdo.tn\\\/fr\\\/\"},{\"@type\":\"ListItem\",\"position\":2,\"name\":\"Dix d\u00e9tenus ont b\u00e9n\u00e9fici\u00e9 des proc\u00e9dures de r\u00e8glement dans le cadre de la nouvelle loi sur les ch\u00e8ques\"}]},{\"@type\":\"WebSite\",\"@id\":\"https:\\\/\\\/www.webdo.tn\\\/fr\\\/#website\",\"url\":\"https:\\\/\\\/www.webdo.tn\\\/fr\\\/\",\"name\":\"webdo\",\"description\":\"Tunisie - News en Tunisie et \u00e0 l&#039;international sur Webdo.tn\",\"publisher\":{\"@id\":\"https:\\\/\\\/www.webdo.tn\\\/fr\\\/#organization\"},\"potentialAction\":[{\"@type\":\"SearchAction\",\"target\":{\"@type\":\"EntryPoint\",\"urlTemplate\":\"https:\\\/\\\/www.webdo.tn\\\/fr\\\/?s={search_term_string}\"},\"query-input\":{\"@type\":\"PropertyValueSpecification\",\"valueRequired\":true,\"valueName\":\"search_term_string\"}}],\"inLanguage\":\"fr-FR\"},{\"@type\":\"Organization\",\"@id\":\"https:\\\/\\\/www.webdo.tn\\\/fr\\\/#organization\",\"name\":\"Webdo\",\"alternateName\":\"Webdo.tn\",\"url\":\"https:\\\/\\\/www.webdo.tn\\\/fr\\\/\",\"logo\":{\"@type\":\"ImageObject\",\"inLanguage\":\"fr-FR\",\"@id\":\"https:\\\/\\\/www.webdo.tn\\\/fr\\\/#\\\/schema\\\/logo\\\/image\\\/\",\"url\":\"https:\\\/\\\/www.webdo.tn\\\/fr\\\/wp-content\\\/uploads\\\/2025\\\/06\\\/Webdo-Tunisie_168377.jpg\",\"contentUrl\":\"https:\\\/\\\/www.webdo.tn\\\/fr\\\/wp-content\\\/uploads\\\/2025\\\/06\\\/Webdo-Tunisie_168377.jpg\",\"width\":301,\"height\":301,\"caption\":\"Webdo\"},\"image\":{\"@id\":\"https:\\\/\\\/www.webdo.tn\\\/fr\\\/#\\\/schema\\\/logo\\\/image\\\/\"},\"sameAs\":[\"https:\\\/\\\/www.facebook.com\\\/webdotn\",\"https:\\\/\\\/x.com\\\/webdo_tn\"],\"description\":\"Webdo est un m\u00e9dia num\u00e9rique tunisien fond\u00e9 en 2010, sp\u00e9cialis\u00e9 dans l\u2019actualit\u00e9 nationale et internationale, l\u2019\u00e9conomie, la soci\u00e9t\u00e9 et les analyses politiques. Le site s\u2019adresse \u00e0 un large public francophone et couvre l\u2019information tunisienne en temps r\u00e9el.\",\"email\":\"redac@webdo.tn\",\"legalName\":\"YNJ SARL\",\"foundingDate\":\"2010-09-06\",\"numberOfEmployees\":{\"@type\":\"QuantitativeValue\",\"minValue\":\"11\",\"maxValue\":\"50\"}},{\"@type\":\"Person\",\"@id\":\"https:\\\/\\\/www.webdo.tn\\\/fr\\\/#\\\/schema\\\/person\\\/2c4929cbf5a809e3bd38617c6ce150f6\",\"name\":\"MC\",\"image\":{\"@type\":\"ImageObject\",\"inLanguage\":\"fr-FR\",\"@id\":\"https:\\\/\\\/secure.gravatar.com\\\/avatar\\\/a545bbb6f84efdd5553dbbc2895e3ca8f1d12c5215e00a041c9670b54aa9b18a?s=96&d=mm&r=g\",\"url\":\"https:\\\/\\\/secure.gravatar.com\\\/avatar\\\/a545bbb6f84efdd5553dbbc2895e3ca8f1d12c5215e00a041c9670b54aa9b18a?s=96&d=mm&r=g\",\"contentUrl\":\"https:\\\/\\\/secure.gravatar.com\\\/avatar\\\/a545bbb6f84efdd5553dbbc2895e3ca8f1d12c5215e00a041c9670b54aa9b18a?s=96&d=mm&r=g\",\"caption\":\"MC\"},\"url\":\"https:\\\/\\\/www.webdo.tn\\\/fr\\\/actualite\\\/author\\\/mc\\\/\"}]}<\/script>\n<!-- \/ Yoast SEO Premium plugin. -->","yoast_head_json":{"title":"Dix d\u00e9tenus ont b\u00e9n\u00e9fici\u00e9 des proc\u00e9dures de r\u00e8glement dans le cadre de la nouvelle loi sur les ch\u00e8ques","description":"Le juge Elias Miladi, conseiller aupr\u00e8s du cabinet de la ministre de la Justice, a r\u00e9v\u00e9l\u00e9 aujourd'hui, lundi 12 ao\u00fbt 2024, qu'il n'existe pas de d\u00e9crets d'appli...","canonical":"https:\/\/www.webdo.tn\/fr\/actualite\/national\/tunisie-dix-detenus-ont-beneficie-des-procedures-de-reglement-dans-le-cadre-de-la-nouvelle-loi-sur-les-cheques\/215774\/","og_locale":"fr_FR","og_type":"article","og_title":"Dix d\u00e9tenus ont b\u00e9n\u00e9fici\u00e9 des proc\u00e9dures de r\u00e8glement dans le cadre de la nouvelle loi sur les ch\u00e8ques","og_description":"Le juge Elias Miladi, conseiller aupr\u00e8s du cabinet de la ministre de la Justice, a r\u00e9v\u00e9l\u00e9 aujourd'hui, lundi 12 ao\u00fbt 2024, qu'il n'existe pas de d\u00e9crets d'appli...","og_url":"https:\/\/www.webdo.tn\/fr\/actualite\/national\/tunisie-dix-detenus-ont-beneficie-des-procedures-de-reglement-dans-le-cadre-de-la-nouvelle-loi-sur-les-cheques\/215774\/","og_site_name":"webdo","article_publisher":"https:\/\/www.facebook.com\/webdotn","article_published_time":"2024-08-12T12:20:00+00:00","article_modified_time":"2025-05-20T22:13:49+00:00","og_image":[{"width":750,"height":400,"url":"https:\/\/www.webdo.tn\/fr\/wp-content\/uploads\/2024\/08\/cbe216ba9d2ced41fc4744b287e72637.webp","type":"image\/webp"}],"author":"MC","twitter_card":"summary_large_image","twitter_creator":"@webdo_tn","twitter_site":"@webdo_tn","twitter_misc":{"\u00c9crit par":"MC","Dur\u00e9e de lecture estim\u00e9e":"2 minutes"},"schema":{"@context":"https:\/\/schema.org","@graph":[{"@type":"NewsArticle","@id":"https:\/\/www.webdo.tn\/fr\/actualite\/national\/tunisie-dix-detenus-ont-beneficie-des-procedures-de-reglement-dans-le-cadre-de-la-nouvelle-loi-sur-les-cheques\/215774\/#article","isPartOf":{"@id":"https:\/\/www.webdo.tn\/fr\/actualite\/national\/tunisie-dix-detenus-ont-beneficie-des-procedures-de-reglement-dans-le-cadre-de-la-nouvelle-loi-sur-les-cheques\/215774\/"},"author":{"name":"MC","@id":"https:\/\/www.webdo.tn\/fr\/#\/schema\/person\/2c4929cbf5a809e3bd38617c6ce150f6"},"headline":"Dix d\u00e9tenus ont b\u00e9n\u00e9fici\u00e9 des proc\u00e9dures de r\u00e8glement dans le cadre de la nouvelle loi sur les ch\u00e8ques","datePublished":"2024-08-12T12:20:00+00:00","dateModified":"2025-05-20T22:13:49+00:00","mainEntityOfPage":{"@id":"https:\/\/www.webdo.tn\/fr\/actualite\/national\/tunisie-dix-detenus-ont-beneficie-des-procedures-de-reglement-dans-le-cadre-de-la-nouvelle-loi-sur-les-cheques\/215774\/"},"wordCount":509,"commentCount":0,"publisher":{"@id":"https:\/\/www.webdo.tn\/fr\/#organization"},"image":{"@id":"https:\/\/www.webdo.tn\/fr\/actualite\/national\/tunisie-dix-detenus-ont-beneficie-des-procedures-de-reglement-dans-le-cadre-de-la-nouvelle-loi-sur-les-cheques\/215774\/#primaryimage"},"thumbnailUrl":"https:\/\/www.webdo.tn\/fr\/wp-content\/uploads\/2024\/08\/cbe216ba9d2ced41fc4744b287e72637.webp","keywords":["ch\u00e9que","code de commerce","loi","Tunisie"],"articleSection":["National"],"inLanguage":"fr-FR"},{"@type":"WebPage","@id":"https:\/\/www.webdo.tn\/fr\/actualite\/national\/tunisie-dix-detenus-ont-beneficie-des-procedures-de-reglement-dans-le-cadre-de-la-nouvelle-loi-sur-les-cheques\/215774\/","url":"https:\/\/www.webdo.tn\/fr\/actualite\/national\/tunisie-dix-detenus-ont-beneficie-des-procedures-de-reglement-dans-le-cadre-de-la-nouvelle-loi-sur-les-cheques\/215774\/","name":"Dix d\u00e9tenus ont b\u00e9n\u00e9fici\u00e9 des proc\u00e9dures de r\u00e8glement dans le cadre de la nouvelle loi sur les ch\u00e8ques","isPartOf":{"@id":"https:\/\/www.webdo.tn\/fr\/#website"},"primaryImageOfPage":{"@id":"https:\/\/www.webdo.tn\/fr\/actualite\/national\/tunisie-dix-detenus-ont-beneficie-des-procedures-de-reglement-dans-le-cadre-de-la-nouvelle-loi-sur-les-cheques\/215774\/#primaryimage"},"image":{"@id":"https:\/\/www.webdo.tn\/fr\/actualite\/national\/tunisie-dix-detenus-ont-beneficie-des-procedures-de-reglement-dans-le-cadre-de-la-nouvelle-loi-sur-les-cheques\/215774\/#primaryimage"},"thumbnailUrl":"https:\/\/www.webdo.tn\/fr\/wp-content\/uploads\/2024\/08\/cbe216ba9d2ced41fc4744b287e72637.webp","datePublished":"2024-08-12T12:20:00+00:00","dateModified":"2025-05-20T22:13:49+00:00","description":"Le juge Elias Miladi, conseiller aupr\u00e8s du cabinet de la ministre de la Justice, a r\u00e9v\u00e9l\u00e9 aujourd'hui, lundi 12 ao\u00fbt 2024, qu'il n'existe pas de d\u00e9crets d'appli...","breadcrumb":{"@id":"https:\/\/www.webdo.tn\/fr\/actualite\/national\/tunisie-dix-detenus-ont-beneficie-des-procedures-de-reglement-dans-le-cadre-de-la-nouvelle-loi-sur-les-cheques\/215774\/#breadcrumb"},"inLanguage":"fr-FR","potentialAction":[{"@type":"ReadAction","target":["https:\/\/www.webdo.tn\/fr\/actualite\/national\/tunisie-dix-detenus-ont-beneficie-des-procedures-de-reglement-dans-le-cadre-de-la-nouvelle-loi-sur-les-cheques\/215774\/"]}]},{"@type":"ImageObject","inLanguage":"fr-FR","@id":"https:\/\/www.webdo.tn\/fr\/actualite\/national\/tunisie-dix-detenus-ont-beneficie-des-procedures-de-reglement-dans-le-cadre-de-la-nouvelle-loi-sur-les-cheques\/215774\/#primaryimage","url":"https:\/\/www.webdo.tn\/fr\/wp-content\/uploads\/2024\/08\/cbe216ba9d2ced41fc4744b287e72637.webp","contentUrl":"https:\/\/www.webdo.tn\/fr\/wp-content\/uploads\/2024\/08\/cbe216ba9d2ced41fc4744b287e72637.webp","width":750,"height":400,"caption":"Dix d\u00e9tenus ont b\u00e9n\u00e9fici\u00e9 des proc\u00e9dures de r\u00e8glement dans le cadre de la nouvelle loi sur les ch\u00e8ques"},{"@type":"BreadcrumbList","@id":"https:\/\/www.webdo.tn\/fr\/actualite\/national\/tunisie-dix-detenus-ont-beneficie-des-procedures-de-reglement-dans-le-cadre-de-la-nouvelle-loi-sur-les-cheques\/215774\/#breadcrumb","itemListElement":[{"@type":"ListItem","position":1,"name":"Accueil","item":"https:\/\/www.webdo.tn\/fr\/"},{"@type":"ListItem","position":2,"name":"Dix d\u00e9tenus ont b\u00e9n\u00e9fici\u00e9 des proc\u00e9dures de r\u00e8glement dans le cadre de la nouvelle loi sur les ch\u00e8ques"}]},{"@type":"WebSite","@id":"https:\/\/www.webdo.tn\/fr\/#website","url":"https:\/\/www.webdo.tn\/fr\/","name":"webdo","description":"Tunisie - News en Tunisie et \u00e0 l&#039;international sur Webdo.tn","publisher":{"@id":"https:\/\/www.webdo.tn\/fr\/#organization"},"potentialAction":[{"@type":"SearchAction","target":{"@type":"EntryPoint","urlTemplate":"https:\/\/www.webdo.tn\/fr\/?s={search_term_string}"},"query-input":{"@type":"PropertyValueSpecification","valueRequired":true,"valueName":"search_term_string"}}],"inLanguage":"fr-FR"},{"@type":"Organization","@id":"https:\/\/www.webdo.tn\/fr\/#organization","name":"Webdo","alternateName":"Webdo.tn","url":"https:\/\/www.webdo.tn\/fr\/","logo":{"@type":"ImageObject","inLanguage":"fr-FR","@id":"https:\/\/www.webdo.tn\/fr\/#\/schema\/logo\/image\/","url":"https:\/\/www.webdo.tn\/fr\/wp-content\/uploads\/2025\/06\/Webdo-Tunisie_168377.jpg","contentUrl":"https:\/\/www.webdo.tn\/fr\/wp-content\/uploads\/2025\/06\/Webdo-Tunisie_168377.jpg","width":301,"height":301,"caption":"Webdo"},"image":{"@id":"https:\/\/www.webdo.tn\/fr\/#\/schema\/logo\/image\/"},"sameAs":["https:\/\/www.facebook.com\/webdotn","https:\/\/x.com\/webdo_tn"],"description":"Webdo est un m\u00e9dia num\u00e9rique tunisien fond\u00e9 en 2010, sp\u00e9cialis\u00e9 dans l\u2019actualit\u00e9 nationale et internationale, l\u2019\u00e9conomie, la soci\u00e9t\u00e9 et les analyses politiques. Le site s\u2019adresse \u00e0 un large public francophone et couvre l\u2019information tunisienne en temps r\u00e9el.","email":"redac@webdo.tn","legalName":"YNJ SARL","foundingDate":"2010-09-06","numberOfEmployees":{"@type":"QuantitativeValue","minValue":"11","maxValue":"50"}},{"@type":"Person","@id":"https:\/\/www.webdo.tn\/fr\/#\/schema\/person\/2c4929cbf5a809e3bd38617c6ce150f6","name":"MC","image":{"@type":"ImageObject","inLanguage":"fr-FR","@id":"https:\/\/secure.gravatar.com\/avatar\/a545bbb6f84efdd5553dbbc2895e3ca8f1d12c5215e00a041c9670b54aa9b18a?s=96&d=mm&r=g","url":"https:\/\/secure.gravatar.com\/avatar\/a545bbb6f84efdd5553dbbc2895e3ca8f1d12c5215e00a041c9670b54aa9b18a?s=96&d=mm&r=g","contentUrl":"https:\/\/secure.gravatar.com\/avatar\/a545bbb6f84efdd5553dbbc2895e3ca8f1d12c5215e00a041c9670b54aa9b18a?s=96&d=mm&r=g","caption":"MC"},"url":"https:\/\/www.webdo.tn\/fr\/actualite\/author\/mc\/"}]}},"_links":{"self":[{"href":"https:\/\/www.webdo.tn\/fr\/wp-json\/wp\/v2\/posts\/215774","targetHints":{"allow":["GET"]}}],"collection":[{"href":"https:\/\/www.webdo.tn\/fr\/wp-json\/wp\/v2\/posts"}],"about":[{"href":"https:\/\/www.webdo.tn\/fr\/wp-json\/wp\/v2\/types\/post"}],"author":[{"embeddable":true,"href":"https:\/\/www.webdo.tn\/fr\/wp-json\/wp\/v2\/users\/3162"}],"replies":[{"embeddable":true,"href":"https:\/\/www.webdo.tn\/fr\/wp-json\/wp\/v2\/comments?post=215774"}],"version-history":[{"count":0,"href":"https:\/\/www.webdo.tn\/fr\/wp-json\/wp\/v2\/posts\/215774\/revisions"}],"wp:featuredmedia":[{"embeddable":true,"href":"https:\/\/www.webdo.tn\/fr\/wp-json\/wp\/v2\/media\/290939"}],"wp:attachment":[{"href":"https:\/\/www.webdo.tn\/fr\/wp-json\/wp\/v2\/media?parent=215774"}],"wp:term":[{"taxonomy":"category","embeddable":true,"href":"https:\/\/www.webdo.tn\/fr\/wp-json\/wp\/v2\/categories?post=215774"},{"taxonomy":"post_tag","embeddable":true,"href":"https:\/\/www.webdo.tn\/fr\/wp-json\/wp\/v2\/tags?post=215774"}],"curies":[{"name":"wp","href":"https:\/\/api.w.org\/{rel}","templated":true}]}}