{"id":215763,"date":"2024-08-11T12:35:00","date_gmt":"2024-08-11T12:35:00","guid":{"rendered":"https:\/\/www.webdo.tn\/fr\/blog\/sarra-zaafrani-l-augmentation-du-nombre-de-trajets-tunis-annaba-pourrait-etre-envisagee-si-la-ligne-s-avere-rentable\/215763\/"},"modified":"2025-05-21T09:04:20","modified_gmt":"2025-05-21T09:04:20","slug":"sarra-zaafrani-l-augmentation-du-nombre-de-trajets-tunis-annaba-pourrait-etre-envisagee-si-la-ligne-s-avere-rentable","status":"publish","type":"post","link":"https:\/\/www.webdo.tn\/fr\/actualite\/national\/sarra-zaafrani-l-augmentation-du-nombre-de-trajets-tunis-annaba-pourrait-etre-envisagee-si-la-ligne-s-avere-rentable\/215763\/","title":{"rendered":"Sarra Zaafrani : \u00ab\u00a0L&rsquo;augmentation du nombre de trajets Tunis-Annaba pourrait \u00eatre envisag\u00e9e si la ligne s\u2019av\u00e8re rentable\u00a0\u00bb"},"content":{"rendered":"<p>\u00c0 huit heures ce matin, le train reliant Tunis \u00e0 Annaba, en Alg\u00e9rie, a quitt\u00e9 la gare de Barcelone pour son voyage inaugural, mettant fin \u00e0 une interruption de trois d\u00e9cennies. Ce premier trajet marque le retour tant attendu de cette ligne ferroviaire, exclusivement d\u00e9di\u00e9 aux passagers se rendant \u00e0 Annaba.<\/p>\n<p>\t\t\t\t\t\t\t\t\tLa ministre des Transports par int\u00e9rim, Sarra Zaafrani Zenzri, a annonc\u00e9 que cette ligne effectuera d\u00e9sormais trois voyages par semaine, les lundis, mercredis et vendredis, avec un d\u00e9part de Tunis. Elle a \u00e9galement pr\u00e9cis\u00e9 qu&rsquo;une augmentation du nombre de trajets pourrait \u00eatre envisag\u00e9e si la ligne s\u2019av\u00e8re rentable.<\/p>\n<p>Pour ce premier voyage, environ 80 passagers tunisiens ont embarqu\u00e9 \u00e0 la gare de Barcelone. Les passagers alg\u00e9riens et ceux montant \u00e0 partir d\u2019autres stations ne sont pas inclus dans ce chiffre, selon les informations fournies par Taoufik Boufaied, pr\u00e9sident-directeur g\u00e9n\u00e9ral de la Soci\u00e9t\u00e9 nationale des chemins de fer tunisiens (SNCFT).<\/p>\n<p>Le train, qui dispose d&rsquo;une capacit\u00e9 d&rsquo;environ 300 passagers, repr\u00e9sente une nouvelle option de transport pour les voyageurs tunisiens et alg\u00e9riens, renfor\u00e7ant ainsi les \u00e9changes entre les deux pays voisins.<\/p>\n","protected":false},"excerpt":{"rendered":"<p>Le train Tunis-Annaba a repris du service apr\u00e8s 30 ans d&rsquo;interruption. Dor\u00e9navant, trois trajets hebdomadaires sont propos\u00e9s, avec des d\u00e9parts de Tunis les lund&#8230;<\/p>\n","protected":false},"author":3166,"featured_media":246795,"comment_status":"open","ping_status":"closed","sticky":false,"template":"","format":"standard","meta":{"footnotes":""},"categories":[44],"tags":[5939,4161,2640,2608],"class_list":["post-215763","post","type-post","status-publish","format-standard","has-post-thumbnail","hentry","category-national","tag-annaba","tag-train","tag-tunis","tag-tunisie"],"yoast_head":"<!-- This site is optimized with the Yoast SEO Premium plugin v27.4 (Yoast SEO v27.5) - https:\/\/yoast.com\/product\/yoast-seo-premium-wordpress\/ -->\n<title>Sarra Zaafrani : L&#039;augmentation du nombre de trajets Tunis-Annaba pourrait \u00eatre envisag\u00e9e si la ligne s\u2019av\u00e8re rentable<\/title>\n<meta name=\"description\" content=\"Le train Tunis-Annaba a repris du service apr\u00e8s 30 ans d&#039;interruption. Dor\u00e9navant, trois trajets hebdomadaires sont propos\u00e9s, avec des d\u00e9parts de Tunis les lund...\" \/>\n<link rel=\"canonical\" href=\"https:\/\/www.webdo.tn\/fr\/actualite\/national\/sarra-zaafrani-l-augmentation-du-nombre-de-trajets-tunis-annaba-pourrait-etre-envisagee-si-la-ligne-s-avere-rentable\/215763\/\" \/>\n<meta property=\"og:locale\" content=\"fr_FR\" \/>\n<meta property=\"og:type\" content=\"article\" \/>\n<meta property=\"og:title\" content=\"Sarra Zaafrani : &quot;L&#039;augmentation du nombre de trajets Tunis-Annaba pourrait \u00eatre envisag\u00e9e si la ligne s\u2019av\u00e8re rentable&quot;\" \/>\n<meta property=\"og:description\" content=\"Le train Tunis-Annaba a repris du service apr\u00e8s 30 ans d&#039;interruption. Dor\u00e9navant, trois trajets hebdomadaires sont propos\u00e9s, avec des d\u00e9parts de Tunis les lund...\" \/>\n<meta property=\"og:url\" content=\"https:\/\/www.webdo.tn\/fr\/actualite\/national\/sarra-zaafrani-l-augmentation-du-nombre-de-trajets-tunis-annaba-pourrait-etre-envisagee-si-la-ligne-s-avere-rentable\/215763\/\" \/>\n<meta property=\"og:site_name\" content=\"webdo\" \/>\n<meta property=\"article:publisher\" content=\"https:\/\/www.facebook.com\/webdotn\" \/>\n<meta property=\"article:published_time\" content=\"2024-08-11T12:35:00+00:00\" \/>\n<meta property=\"article:modified_time\" content=\"2025-05-21T09:04:20+00:00\" \/>\n<meta property=\"og:image\" content=\"https:\/\/www.webdo.tn\/fr\/wp-content\/uploads\/2024\/08\/566905282ddea7181520ace5ca4bcd4f.webp\" \/>\n\t<meta property=\"og:image:width\" content=\"750\" \/>\n\t<meta property=\"og:image:height\" content=\"400\" \/>\n\t<meta property=\"og:image:type\" content=\"image\/webp\" \/>\n<meta name=\"author\" content=\"AZ\" \/>\n<meta name=\"twitter:card\" content=\"summary_large_image\" \/>\n<meta name=\"twitter:creator\" content=\"@webdo_tn\" \/>\n<meta name=\"twitter:site\" content=\"@webdo_tn\" \/>\n<meta name=\"twitter:label1\" content=\"\u00c9crit par\" \/>\n\t<meta name=\"twitter:data1\" content=\"AZ\" \/>\n\t<meta name=\"twitter:label2\" content=\"Dur\u00e9e de lecture estim\u00e9e\" \/>\n\t<meta name=\"twitter:data2\" content=\"1 minute\" \/>\n<script type=\"application\/ld+json\" class=\"yoast-schema-graph\">{\"@context\":\"https:\\\/\\\/schema.org\",\"@graph\":[{\"@type\":\"NewsArticle\",\"@id\":\"https:\\\/\\\/www.webdo.tn\\\/fr\\\/actualite\\\/national\\\/sarra-zaafrani-l-augmentation-du-nombre-de-trajets-tunis-annaba-pourrait-etre-envisagee-si-la-ligne-s-avere-rentable\\\/215763\\\/#article\",\"isPartOf\":{\"@id\":\"https:\\\/\\\/www.webdo.tn\\\/fr\\\/actualite\\\/national\\\/sarra-zaafrani-l-augmentation-du-nombre-de-trajets-tunis-annaba-pourrait-etre-envisagee-si-la-ligne-s-avere-rentable\\\/215763\\\/\"},\"author\":{\"name\":\"AZ\",\"@id\":\"https:\\\/\\\/www.webdo.tn\\\/fr\\\/#\\\/schema\\\/person\\\/b8a41c04d93287d375510db360906b34\"},\"headline\":\"Sarra Zaafrani : \u00ab\u00a0L&rsquo;augmentation du nombre de trajets Tunis-Annaba pourrait \u00eatre envisag\u00e9e si la ligne s\u2019av\u00e8re rentable\u00a0\u00bb\",\"datePublished\":\"2024-08-11T12:35:00+00:00\",\"dateModified\":\"2025-05-21T09:04:20+00:00\",\"mainEntityOfPage\":{\"@id\":\"https:\\\/\\\/www.webdo.tn\\\/fr\\\/actualite\\\/national\\\/sarra-zaafrani-l-augmentation-du-nombre-de-trajets-tunis-annaba-pourrait-etre-envisagee-si-la-ligne-s-avere-rentable\\\/215763\\\/\"},\"wordCount\":214,\"commentCount\":0,\"publisher\":{\"@id\":\"https:\\\/\\\/www.webdo.tn\\\/fr\\\/#organization\"},\"image\":{\"@id\":\"https:\\\/\\\/www.webdo.tn\\\/fr\\\/actualite\\\/national\\\/sarra-zaafrani-l-augmentation-du-nombre-de-trajets-tunis-annaba-pourrait-etre-envisagee-si-la-ligne-s-avere-rentable\\\/215763\\\/#primaryimage\"},\"thumbnailUrl\":\"https:\\\/\\\/www.webdo.tn\\\/fr\\\/wp-content\\\/uploads\\\/2024\\\/08\\\/566905282ddea7181520ace5ca4bcd4f.webp\",\"keywords\":[\"annaba\",\"Train\",\"Tunis\",\"Tunisie\"],\"articleSection\":[\"National\"],\"inLanguage\":\"fr-FR\"},{\"@type\":\"WebPage\",\"@id\":\"https:\\\/\\\/www.webdo.tn\\\/fr\\\/actualite\\\/national\\\/sarra-zaafrani-l-augmentation-du-nombre-de-trajets-tunis-annaba-pourrait-etre-envisagee-si-la-ligne-s-avere-rentable\\\/215763\\\/\",\"url\":\"https:\\\/\\\/www.webdo.tn\\\/fr\\\/actualite\\\/national\\\/sarra-zaafrani-l-augmentation-du-nombre-de-trajets-tunis-annaba-pourrait-etre-envisagee-si-la-ligne-s-avere-rentable\\\/215763\\\/\",\"name\":\"Sarra Zaafrani : L'augmentation du nombre de trajets Tunis-Annaba pourrait \u00eatre envisag\u00e9e si la ligne s\u2019av\u00e8re rentable\",\"isPartOf\":{\"@id\":\"https:\\\/\\\/www.webdo.tn\\\/fr\\\/#website\"},\"primaryImageOfPage\":{\"@id\":\"https:\\\/\\\/www.webdo.tn\\\/fr\\\/actualite\\\/national\\\/sarra-zaafrani-l-augmentation-du-nombre-de-trajets-tunis-annaba-pourrait-etre-envisagee-si-la-ligne-s-avere-rentable\\\/215763\\\/#primaryimage\"},\"image\":{\"@id\":\"https:\\\/\\\/www.webdo.tn\\\/fr\\\/actualite\\\/national\\\/sarra-zaafrani-l-augmentation-du-nombre-de-trajets-tunis-annaba-pourrait-etre-envisagee-si-la-ligne-s-avere-rentable\\\/215763\\\/#primaryimage\"},\"thumbnailUrl\":\"https:\\\/\\\/www.webdo.tn\\\/fr\\\/wp-content\\\/uploads\\\/2024\\\/08\\\/566905282ddea7181520ace5ca4bcd4f.webp\",\"datePublished\":\"2024-08-11T12:35:00+00:00\",\"dateModified\":\"2025-05-21T09:04:20+00:00\",\"description\":\"Le train Tunis-Annaba a repris du service apr\u00e8s 30 ans d'interruption. Dor\u00e9navant, trois trajets hebdomadaires sont propos\u00e9s, avec des d\u00e9parts de Tunis les lund...\",\"breadcrumb\":{\"@id\":\"https:\\\/\\\/www.webdo.tn\\\/fr\\\/actualite\\\/national\\\/sarra-zaafrani-l-augmentation-du-nombre-de-trajets-tunis-annaba-pourrait-etre-envisagee-si-la-ligne-s-avere-rentable\\\/215763\\\/#breadcrumb\"},\"inLanguage\":\"fr-FR\",\"potentialAction\":[{\"@type\":\"ReadAction\",\"target\":[\"https:\\\/\\\/www.webdo.tn\\\/fr\\\/actualite\\\/national\\\/sarra-zaafrani-l-augmentation-du-nombre-de-trajets-tunis-annaba-pourrait-etre-envisagee-si-la-ligne-s-avere-rentable\\\/215763\\\/\"]}]},{\"@type\":\"ImageObject\",\"inLanguage\":\"fr-FR\",\"@id\":\"https:\\\/\\\/www.webdo.tn\\\/fr\\\/actualite\\\/national\\\/sarra-zaafrani-l-augmentation-du-nombre-de-trajets-tunis-annaba-pourrait-etre-envisagee-si-la-ligne-s-avere-rentable\\\/215763\\\/#primaryimage\",\"url\":\"https:\\\/\\\/www.webdo.tn\\\/fr\\\/wp-content\\\/uploads\\\/2024\\\/08\\\/566905282ddea7181520ace5ca4bcd4f.webp\",\"contentUrl\":\"https:\\\/\\\/www.webdo.tn\\\/fr\\\/wp-content\\\/uploads\\\/2024\\\/08\\\/566905282ddea7181520ace5ca4bcd4f.webp\",\"width\":750,\"height\":400,\"caption\":\"Sarra Zaafrani : \\\"L'augmentation du nombre de trajets Tunis-Annaba pourrait \u00eatre envisag\u00e9e si la ligne s\u2019av\u00e8re rentable\\\"\"},{\"@type\":\"BreadcrumbList\",\"@id\":\"https:\\\/\\\/www.webdo.tn\\\/fr\\\/actualite\\\/national\\\/sarra-zaafrani-l-augmentation-du-nombre-de-trajets-tunis-annaba-pourrait-etre-envisagee-si-la-ligne-s-avere-rentable\\\/215763\\\/#breadcrumb\",\"itemListElement\":[{\"@type\":\"ListItem\",\"position\":1,\"name\":\"Accueil\",\"item\":\"https:\\\/\\\/www.webdo.tn\\\/fr\\\/\"},{\"@type\":\"ListItem\",\"position\":2,\"name\":\"Sarra Zaafrani : &#8220;L&#8217;augmentation du nombre de trajets Tunis-Annaba pourrait \u00eatre envisag\u00e9e si la ligne s\u2019av\u00e8re rentable&#8221;\"}]},{\"@type\":\"WebSite\",\"@id\":\"https:\\\/\\\/www.webdo.tn\\\/fr\\\/#website\",\"url\":\"https:\\\/\\\/www.webdo.tn\\\/fr\\\/\",\"name\":\"webdo\",\"description\":\"Tunisie - News en Tunisie et \u00e0 l&#039;international sur Webdo.tn\",\"publisher\":{\"@id\":\"https:\\\/\\\/www.webdo.tn\\\/fr\\\/#organization\"},\"potentialAction\":[{\"@type\":\"SearchAction\",\"target\":{\"@type\":\"EntryPoint\",\"urlTemplate\":\"https:\\\/\\\/www.webdo.tn\\\/fr\\\/?s={search_term_string}\"},\"query-input\":{\"@type\":\"PropertyValueSpecification\",\"valueRequired\":true,\"valueName\":\"search_term_string\"}}],\"inLanguage\":\"fr-FR\"},{\"@type\":\"Organization\",\"@id\":\"https:\\\/\\\/www.webdo.tn\\\/fr\\\/#organization\",\"name\":\"Webdo\",\"alternateName\":\"Webdo.tn\",\"url\":\"https:\\\/\\\/www.webdo.tn\\\/fr\\\/\",\"logo\":{\"@type\":\"ImageObject\",\"inLanguage\":\"fr-FR\",\"@id\":\"https:\\\/\\\/www.webdo.tn\\\/fr\\\/#\\\/schema\\\/logo\\\/image\\\/\",\"url\":\"https:\\\/\\\/www.webdo.tn\\\/fr\\\/wp-content\\\/uploads\\\/2025\\\/06\\\/Webdo-Tunisie_168377.jpg\",\"contentUrl\":\"https:\\\/\\\/www.webdo.tn\\\/fr\\\/wp-content\\\/uploads\\\/2025\\\/06\\\/Webdo-Tunisie_168377.jpg\",\"width\":301,\"height\":301,\"caption\":\"Webdo\"},\"image\":{\"@id\":\"https:\\\/\\\/www.webdo.tn\\\/fr\\\/#\\\/schema\\\/logo\\\/image\\\/\"},\"sameAs\":[\"https:\\\/\\\/www.facebook.com\\\/webdotn\",\"https:\\\/\\\/x.com\\\/webdo_tn\"],\"description\":\"Webdo est un m\u00e9dia num\u00e9rique tunisien fond\u00e9 en 2010, sp\u00e9cialis\u00e9 dans l\u2019actualit\u00e9 nationale et internationale, l\u2019\u00e9conomie, la soci\u00e9t\u00e9 et les analyses politiques. Le site s\u2019adresse \u00e0 un large public francophone et couvre l\u2019information tunisienne en temps r\u00e9el.\",\"email\":\"redac@webdo.tn\",\"legalName\":\"YNJ SARL\",\"foundingDate\":\"2010-09-06\",\"numberOfEmployees\":{\"@type\":\"QuantitativeValue\",\"minValue\":\"11\",\"maxValue\":\"50\"}},{\"@type\":\"Person\",\"@id\":\"https:\\\/\\\/www.webdo.tn\\\/fr\\\/#\\\/schema\\\/person\\\/b8a41c04d93287d375510db360906b34\",\"name\":\"AZ\",\"image\":{\"@type\":\"ImageObject\",\"inLanguage\":\"fr-FR\",\"@id\":\"https:\\\/\\\/secure.gravatar.com\\\/avatar\\\/492b80bada79439de4201dce15cd41eece6c277cfdf1b53382073c79105c1f89?s=96&d=mm&r=g\",\"url\":\"https:\\\/\\\/secure.gravatar.com\\\/avatar\\\/492b80bada79439de4201dce15cd41eece6c277cfdf1b53382073c79105c1f89?s=96&d=mm&r=g\",\"contentUrl\":\"https:\\\/\\\/secure.gravatar.com\\\/avatar\\\/492b80bada79439de4201dce15cd41eece6c277cfdf1b53382073c79105c1f89?s=96&d=mm&r=g\",\"caption\":\"AZ\"},\"url\":\"https:\\\/\\\/www.webdo.tn\\\/fr\\\/actualite\\\/author\\\/az\\\/\"}]}<\/script>\n<!-- \/ Yoast SEO Premium plugin. -->","yoast_head_json":{"title":"Sarra Zaafrani : L'augmentation du nombre de trajets Tunis-Annaba pourrait \u00eatre envisag\u00e9e si la ligne s\u2019av\u00e8re rentable","description":"Le train Tunis-Annaba a repris du service apr\u00e8s 30 ans d'interruption. Dor\u00e9navant, trois trajets hebdomadaires sont propos\u00e9s, avec des d\u00e9parts de Tunis les lund...","canonical":"https:\/\/www.webdo.tn\/fr\/actualite\/national\/sarra-zaafrani-l-augmentation-du-nombre-de-trajets-tunis-annaba-pourrait-etre-envisagee-si-la-ligne-s-avere-rentable\/215763\/","og_locale":"fr_FR","og_type":"article","og_title":"Sarra Zaafrani : \"L'augmentation du nombre de trajets Tunis-Annaba pourrait \u00eatre envisag\u00e9e si la ligne s\u2019av\u00e8re rentable\"","og_description":"Le train Tunis-Annaba a repris du service apr\u00e8s 30 ans d'interruption. Dor\u00e9navant, trois trajets hebdomadaires sont propos\u00e9s, avec des d\u00e9parts de Tunis les lund...","og_url":"https:\/\/www.webdo.tn\/fr\/actualite\/national\/sarra-zaafrani-l-augmentation-du-nombre-de-trajets-tunis-annaba-pourrait-etre-envisagee-si-la-ligne-s-avere-rentable\/215763\/","og_site_name":"webdo","article_publisher":"https:\/\/www.facebook.com\/webdotn","article_published_time":"2024-08-11T12:35:00+00:00","article_modified_time":"2025-05-21T09:04:20+00:00","og_image":[{"width":750,"height":400,"url":"https:\/\/www.webdo.tn\/fr\/wp-content\/uploads\/2024\/08\/566905282ddea7181520ace5ca4bcd4f.webp","type":"image\/webp"}],"author":"AZ","twitter_card":"summary_large_image","twitter_creator":"@webdo_tn","twitter_site":"@webdo_tn","twitter_misc":{"\u00c9crit par":"AZ","Dur\u00e9e de lecture estim\u00e9e":"1 minute"},"schema":{"@context":"https:\/\/schema.org","@graph":[{"@type":"NewsArticle","@id":"https:\/\/www.webdo.tn\/fr\/actualite\/national\/sarra-zaafrani-l-augmentation-du-nombre-de-trajets-tunis-annaba-pourrait-etre-envisagee-si-la-ligne-s-avere-rentable\/215763\/#article","isPartOf":{"@id":"https:\/\/www.webdo.tn\/fr\/actualite\/national\/sarra-zaafrani-l-augmentation-du-nombre-de-trajets-tunis-annaba-pourrait-etre-envisagee-si-la-ligne-s-avere-rentable\/215763\/"},"author":{"name":"AZ","@id":"https:\/\/www.webdo.tn\/fr\/#\/schema\/person\/b8a41c04d93287d375510db360906b34"},"headline":"Sarra Zaafrani : \u00ab\u00a0L&rsquo;augmentation du nombre de trajets Tunis-Annaba pourrait \u00eatre envisag\u00e9e si la ligne s\u2019av\u00e8re rentable\u00a0\u00bb","datePublished":"2024-08-11T12:35:00+00:00","dateModified":"2025-05-21T09:04:20+00:00","mainEntityOfPage":{"@id":"https:\/\/www.webdo.tn\/fr\/actualite\/national\/sarra-zaafrani-l-augmentation-du-nombre-de-trajets-tunis-annaba-pourrait-etre-envisagee-si-la-ligne-s-avere-rentable\/215763\/"},"wordCount":214,"commentCount":0,"publisher":{"@id":"https:\/\/www.webdo.tn\/fr\/#organization"},"image":{"@id":"https:\/\/www.webdo.tn\/fr\/actualite\/national\/sarra-zaafrani-l-augmentation-du-nombre-de-trajets-tunis-annaba-pourrait-etre-envisagee-si-la-ligne-s-avere-rentable\/215763\/#primaryimage"},"thumbnailUrl":"https:\/\/www.webdo.tn\/fr\/wp-content\/uploads\/2024\/08\/566905282ddea7181520ace5ca4bcd4f.webp","keywords":["annaba","Train","Tunis","Tunisie"],"articleSection":["National"],"inLanguage":"fr-FR"},{"@type":"WebPage","@id":"https:\/\/www.webdo.tn\/fr\/actualite\/national\/sarra-zaafrani-l-augmentation-du-nombre-de-trajets-tunis-annaba-pourrait-etre-envisagee-si-la-ligne-s-avere-rentable\/215763\/","url":"https:\/\/www.webdo.tn\/fr\/actualite\/national\/sarra-zaafrani-l-augmentation-du-nombre-de-trajets-tunis-annaba-pourrait-etre-envisagee-si-la-ligne-s-avere-rentable\/215763\/","name":"Sarra Zaafrani : L'augmentation du nombre de trajets Tunis-Annaba pourrait \u00eatre envisag\u00e9e si la ligne s\u2019av\u00e8re rentable","isPartOf":{"@id":"https:\/\/www.webdo.tn\/fr\/#website"},"primaryImageOfPage":{"@id":"https:\/\/www.webdo.tn\/fr\/actualite\/national\/sarra-zaafrani-l-augmentation-du-nombre-de-trajets-tunis-annaba-pourrait-etre-envisagee-si-la-ligne-s-avere-rentable\/215763\/#primaryimage"},"image":{"@id":"https:\/\/www.webdo.tn\/fr\/actualite\/national\/sarra-zaafrani-l-augmentation-du-nombre-de-trajets-tunis-annaba-pourrait-etre-envisagee-si-la-ligne-s-avere-rentable\/215763\/#primaryimage"},"thumbnailUrl":"https:\/\/www.webdo.tn\/fr\/wp-content\/uploads\/2024\/08\/566905282ddea7181520ace5ca4bcd4f.webp","datePublished":"2024-08-11T12:35:00+00:00","dateModified":"2025-05-21T09:04:20+00:00","description":"Le train Tunis-Annaba a repris du service apr\u00e8s 30 ans d'interruption. Dor\u00e9navant, trois trajets hebdomadaires sont propos\u00e9s, avec des d\u00e9parts de Tunis les lund...","breadcrumb":{"@id":"https:\/\/www.webdo.tn\/fr\/actualite\/national\/sarra-zaafrani-l-augmentation-du-nombre-de-trajets-tunis-annaba-pourrait-etre-envisagee-si-la-ligne-s-avere-rentable\/215763\/#breadcrumb"},"inLanguage":"fr-FR","potentialAction":[{"@type":"ReadAction","target":["https:\/\/www.webdo.tn\/fr\/actualite\/national\/sarra-zaafrani-l-augmentation-du-nombre-de-trajets-tunis-annaba-pourrait-etre-envisagee-si-la-ligne-s-avere-rentable\/215763\/"]}]},{"@type":"ImageObject","inLanguage":"fr-FR","@id":"https:\/\/www.webdo.tn\/fr\/actualite\/national\/sarra-zaafrani-l-augmentation-du-nombre-de-trajets-tunis-annaba-pourrait-etre-envisagee-si-la-ligne-s-avere-rentable\/215763\/#primaryimage","url":"https:\/\/www.webdo.tn\/fr\/wp-content\/uploads\/2024\/08\/566905282ddea7181520ace5ca4bcd4f.webp","contentUrl":"https:\/\/www.webdo.tn\/fr\/wp-content\/uploads\/2024\/08\/566905282ddea7181520ace5ca4bcd4f.webp","width":750,"height":400,"caption":"Sarra Zaafrani : \"L'augmentation du nombre de trajets Tunis-Annaba pourrait \u00eatre envisag\u00e9e si la ligne s\u2019av\u00e8re rentable\""},{"@type":"BreadcrumbList","@id":"https:\/\/www.webdo.tn\/fr\/actualite\/national\/sarra-zaafrani-l-augmentation-du-nombre-de-trajets-tunis-annaba-pourrait-etre-envisagee-si-la-ligne-s-avere-rentable\/215763\/#breadcrumb","itemListElement":[{"@type":"ListItem","position":1,"name":"Accueil","item":"https:\/\/www.webdo.tn\/fr\/"},{"@type":"ListItem","position":2,"name":"Sarra Zaafrani : &#8220;L&#8217;augmentation du nombre de trajets Tunis-Annaba pourrait \u00eatre envisag\u00e9e si la ligne s\u2019av\u00e8re rentable&#8221;"}]},{"@type":"WebSite","@id":"https:\/\/www.webdo.tn\/fr\/#website","url":"https:\/\/www.webdo.tn\/fr\/","name":"webdo","description":"Tunisie - News en Tunisie et \u00e0 l&#039;international sur Webdo.tn","publisher":{"@id":"https:\/\/www.webdo.tn\/fr\/#organization"},"potentialAction":[{"@type":"SearchAction","target":{"@type":"EntryPoint","urlTemplate":"https:\/\/www.webdo.tn\/fr\/?s={search_term_string}"},"query-input":{"@type":"PropertyValueSpecification","valueRequired":true,"valueName":"search_term_string"}}],"inLanguage":"fr-FR"},{"@type":"Organization","@id":"https:\/\/www.webdo.tn\/fr\/#organization","name":"Webdo","alternateName":"Webdo.tn","url":"https:\/\/www.webdo.tn\/fr\/","logo":{"@type":"ImageObject","inLanguage":"fr-FR","@id":"https:\/\/www.webdo.tn\/fr\/#\/schema\/logo\/image\/","url":"https:\/\/www.webdo.tn\/fr\/wp-content\/uploads\/2025\/06\/Webdo-Tunisie_168377.jpg","contentUrl":"https:\/\/www.webdo.tn\/fr\/wp-content\/uploads\/2025\/06\/Webdo-Tunisie_168377.jpg","width":301,"height":301,"caption":"Webdo"},"image":{"@id":"https:\/\/www.webdo.tn\/fr\/#\/schema\/logo\/image\/"},"sameAs":["https:\/\/www.facebook.com\/webdotn","https:\/\/x.com\/webdo_tn"],"description":"Webdo est un m\u00e9dia num\u00e9rique tunisien fond\u00e9 en 2010, sp\u00e9cialis\u00e9 dans l\u2019actualit\u00e9 nationale et internationale, l\u2019\u00e9conomie, la soci\u00e9t\u00e9 et les analyses politiques. Le site s\u2019adresse \u00e0 un large public francophone et couvre l\u2019information tunisienne en temps r\u00e9el.","email":"redac@webdo.tn","legalName":"YNJ SARL","foundingDate":"2010-09-06","numberOfEmployees":{"@type":"QuantitativeValue","minValue":"11","maxValue":"50"}},{"@type":"Person","@id":"https:\/\/www.webdo.tn\/fr\/#\/schema\/person\/b8a41c04d93287d375510db360906b34","name":"AZ","image":{"@type":"ImageObject","inLanguage":"fr-FR","@id":"https:\/\/secure.gravatar.com\/avatar\/492b80bada79439de4201dce15cd41eece6c277cfdf1b53382073c79105c1f89?s=96&d=mm&r=g","url":"https:\/\/secure.gravatar.com\/avatar\/492b80bada79439de4201dce15cd41eece6c277cfdf1b53382073c79105c1f89?s=96&d=mm&r=g","contentUrl":"https:\/\/secure.gravatar.com\/avatar\/492b80bada79439de4201dce15cd41eece6c277cfdf1b53382073c79105c1f89?s=96&d=mm&r=g","caption":"AZ"},"url":"https:\/\/www.webdo.tn\/fr\/actualite\/author\/az\/"}]}},"_links":{"self":[{"href":"https:\/\/www.webdo.tn\/fr\/wp-json\/wp\/v2\/posts\/215763","targetHints":{"allow":["GET"]}}],"collection":[{"href":"https:\/\/www.webdo.tn\/fr\/wp-json\/wp\/v2\/posts"}],"about":[{"href":"https:\/\/www.webdo.tn\/fr\/wp-json\/wp\/v2\/types\/post"}],"author":[{"embeddable":true,"href":"https:\/\/www.webdo.tn\/fr\/wp-json\/wp\/v2\/users\/3166"}],"replies":[{"embeddable":true,"href":"https:\/\/www.webdo.tn\/fr\/wp-json\/wp\/v2\/comments?post=215763"}],"version-history":[{"count":0,"href":"https:\/\/www.webdo.tn\/fr\/wp-json\/wp\/v2\/posts\/215763\/revisions"}],"wp:featuredmedia":[{"embeddable":true,"href":"https:\/\/www.webdo.tn\/fr\/wp-json\/wp\/v2\/media\/246795"}],"wp:attachment":[{"href":"https:\/\/www.webdo.tn\/fr\/wp-json\/wp\/v2\/media?parent=215763"}],"wp:term":[{"taxonomy":"category","embeddable":true,"href":"https:\/\/www.webdo.tn\/fr\/wp-json\/wp\/v2\/categories?post=215763"},{"taxonomy":"post_tag","embeddable":true,"href":"https:\/\/www.webdo.tn\/fr\/wp-json\/wp\/v2\/tags?post=215763"}],"curies":[{"name":"wp","href":"https:\/\/api.w.org\/{rel}","templated":true}]}}