{"id":215761,"date":"2024-08-11T10:16:00","date_gmt":"2024-08-11T10:16:00","guid":{"rendered":"https:\/\/www.webdo.tn\/fr\/blog\/retour-du-train-tunis-annaba-premier-depart-effectue-ce-matin\/215761\/"},"modified":"2025-05-21T09:04:18","modified_gmt":"2025-05-21T09:04:18","slug":"retour-du-train-tunis-annaba-premier-depart-effectue-ce-matin","status":"publish","type":"post","link":"https:\/\/www.webdo.tn\/fr\/actualite\/national\/retour-du-train-tunis-annaba-premier-depart-effectue-ce-matin\/215761\/","title":{"rendered":"Retour du train Tunis-Annaba : Premier d\u00e9part effectu\u00e9 ce matin"},"content":{"rendered":"<p>La Soci\u00e9t\u00e9 Nationale des Chemins de Fer Tunisiens (SNCFT) a annonc\u00e9 la reprise du service ferroviaire entre Tunis et Annaba (Alg\u00e9rie) apr\u00e8s une interruption de trente ans. Ce matin, dimanche 11 ao\u00fbt 2024, le premier voyage commercial a eu lieu, avec un d\u00e9part \u00e0 8h00 depuis la gare de Tunis.<\/p>\n<p>\t\t\t\t\t\t\t\t\tLes prochains voyages sont programm\u00e9s pour les mercredi 14 et vendredi 16 ao\u00fbt 2024, avec un d\u00e9part \u00e0 8h25, toujours depuis la gare de Tunis. Ce service est sp\u00e9cifiquement destin\u00e9 au transport international entre la Tunisie et l&rsquo;Alg\u00e9rie.<\/p>\n<p>Le programme r\u00e9gulier des trajets pr\u00e9voit des d\u00e9parts depuis Tunis vers Annaba les lundi, mercredi, et vendredi \u00e0 8h25. Les retours d&rsquo;Annaba vers Tunis sont pr\u00e9vus les mardi, jeudi, et dimanche \u00e0 9h00. Le train effectuera des arr\u00eats \u00e0 B\u00e9ja, Jendouba, Ghardimaou, et Souk Ahras dans les deux directions.<\/p>\n<p>Les tarifs des billets sont fix\u00e9s \u00e0 38 dinars tunisiens pour un aller simple en deuxi\u00e8me classe et 44 dinars en premi\u00e8re classe. Pour un aller-retour, les prix sont de 71 dinars en deuxi\u00e8me classe et 81 dinars en premi\u00e8re classe, avec une r\u00e9servation obligatoire avant le retour. La SNCFT offre la gratuit\u00e9 du transport pour les enfants de moins de 4 ans et propose des tarifs r\u00e9duits pour les enfants de 4 \u00e0 12 ans.<\/p>\n","protected":false},"excerpt":{"rendered":"<p>Le train Tunis-Annaba a repris du service ce matin apr\u00e8s 30 ans d&rsquo;interruption. D\u00e9couvrez les d\u00e9tails des trajets, horaires, et tarifs propos\u00e9s par la SNCFT.<\/p>\n","protected":false},"author":3166,"featured_media":246793,"comment_status":"open","ping_status":"closed","sticky":false,"template":"","format":"standard","meta":{"footnotes":""},"categories":[44],"tags":[2907,5939,4161,2640,2608],"class_list":["post-215761","post","type-post","status-publish","format-standard","has-post-thumbnail","hentry","category-national","tag-algerie","tag-annaba","tag-train","tag-tunis","tag-tunisie"],"yoast_head":"<!-- This site is optimized with the Yoast SEO Premium plugin v27.4 (Yoast SEO v27.5) - https:\/\/yoast.com\/product\/yoast-seo-premium-wordpress\/ -->\n<title>Retour du train Tunis-Annaba : Premier d\u00e9part effectu\u00e9 ce matin<\/title>\n<meta name=\"description\" content=\"Le train Tunis-Annaba a repris du service ce matin apr\u00e8s 30 ans d&#039;interruption. D\u00e9couvrez les d\u00e9tails des trajets, horaires, et tarifs propos\u00e9s par la SNCFT.\" \/>\n<link rel=\"canonical\" href=\"https:\/\/www.webdo.tn\/fr\/actualite\/national\/retour-du-train-tunis-annaba-premier-depart-effectue-ce-matin\/215761\/\" \/>\n<meta property=\"og:locale\" content=\"fr_FR\" \/>\n<meta property=\"og:type\" content=\"article\" \/>\n<meta property=\"og:title\" content=\"Retour du train Tunis-Annaba : Premier d\u00e9part effectu\u00e9 ce matin\" \/>\n<meta property=\"og:description\" content=\"Le train Tunis-Annaba a repris du service ce matin apr\u00e8s 30 ans d&#039;interruption. D\u00e9couvrez les d\u00e9tails des trajets, horaires, et tarifs propos\u00e9s par la SNCFT.\" \/>\n<meta property=\"og:url\" content=\"https:\/\/www.webdo.tn\/fr\/actualite\/national\/retour-du-train-tunis-annaba-premier-depart-effectue-ce-matin\/215761\/\" \/>\n<meta property=\"og:site_name\" content=\"webdo\" \/>\n<meta property=\"article:publisher\" content=\"https:\/\/www.facebook.com\/webdotn\" \/>\n<meta property=\"article:published_time\" content=\"2024-08-11T10:16:00+00:00\" \/>\n<meta property=\"article:modified_time\" content=\"2025-05-21T09:04:18+00:00\" \/>\n<meta property=\"og:image\" content=\"https:\/\/www.webdo.tn\/fr\/wp-content\/uploads\/2024\/08\/b7ffc85b1d302de6932214fa97a6185c.webp\" \/>\n\t<meta property=\"og:image:width\" content=\"750\" \/>\n\t<meta property=\"og:image:height\" content=\"400\" \/>\n\t<meta property=\"og:image:type\" content=\"image\/webp\" \/>\n<meta name=\"author\" content=\"AZ\" \/>\n<meta name=\"twitter:card\" content=\"summary_large_image\" \/>\n<meta name=\"twitter:creator\" content=\"@webdo_tn\" \/>\n<meta name=\"twitter:site\" content=\"@webdo_tn\" \/>\n<meta name=\"twitter:label1\" content=\"\u00c9crit par\" \/>\n\t<meta name=\"twitter:data1\" content=\"AZ\" \/>\n\t<meta name=\"twitter:label2\" content=\"Dur\u00e9e de lecture estim\u00e9e\" \/>\n\t<meta name=\"twitter:data2\" content=\"1 minute\" \/>\n<script type=\"application\/ld+json\" class=\"yoast-schema-graph\">{\"@context\":\"https:\\\/\\\/schema.org\",\"@graph\":[{\"@type\":\"NewsArticle\",\"@id\":\"https:\\\/\\\/www.webdo.tn\\\/fr\\\/actualite\\\/national\\\/retour-du-train-tunis-annaba-premier-depart-effectue-ce-matin\\\/215761\\\/#article\",\"isPartOf\":{\"@id\":\"https:\\\/\\\/www.webdo.tn\\\/fr\\\/actualite\\\/national\\\/retour-du-train-tunis-annaba-premier-depart-effectue-ce-matin\\\/215761\\\/\"},\"author\":{\"name\":\"AZ\",\"@id\":\"https:\\\/\\\/www.webdo.tn\\\/fr\\\/#\\\/schema\\\/person\\\/b8a41c04d93287d375510db360906b34\"},\"headline\":\"Retour du train Tunis-Annaba : Premier d\u00e9part effectu\u00e9 ce matin\",\"datePublished\":\"2024-08-11T10:16:00+00:00\",\"dateModified\":\"2025-05-21T09:04:18+00:00\",\"mainEntityOfPage\":{\"@id\":\"https:\\\/\\\/www.webdo.tn\\\/fr\\\/actualite\\\/national\\\/retour-du-train-tunis-annaba-premier-depart-effectue-ce-matin\\\/215761\\\/\"},\"wordCount\":229,\"commentCount\":0,\"publisher\":{\"@id\":\"https:\\\/\\\/www.webdo.tn\\\/fr\\\/#organization\"},\"image\":{\"@id\":\"https:\\\/\\\/www.webdo.tn\\\/fr\\\/actualite\\\/national\\\/retour-du-train-tunis-annaba-premier-depart-effectue-ce-matin\\\/215761\\\/#primaryimage\"},\"thumbnailUrl\":\"https:\\\/\\\/www.webdo.tn\\\/fr\\\/wp-content\\\/uploads\\\/2024\\\/08\\\/b7ffc85b1d302de6932214fa97a6185c.webp\",\"keywords\":[\"Alg\u00e9rie\",\"annaba\",\"Train\",\"Tunis\",\"Tunisie\"],\"articleSection\":[\"National\"],\"inLanguage\":\"fr-FR\"},{\"@type\":\"WebPage\",\"@id\":\"https:\\\/\\\/www.webdo.tn\\\/fr\\\/actualite\\\/national\\\/retour-du-train-tunis-annaba-premier-depart-effectue-ce-matin\\\/215761\\\/\",\"url\":\"https:\\\/\\\/www.webdo.tn\\\/fr\\\/actualite\\\/national\\\/retour-du-train-tunis-annaba-premier-depart-effectue-ce-matin\\\/215761\\\/\",\"name\":\"Retour du train Tunis-Annaba : Premier d\u00e9part effectu\u00e9 ce matin\",\"isPartOf\":{\"@id\":\"https:\\\/\\\/www.webdo.tn\\\/fr\\\/#website\"},\"primaryImageOfPage\":{\"@id\":\"https:\\\/\\\/www.webdo.tn\\\/fr\\\/actualite\\\/national\\\/retour-du-train-tunis-annaba-premier-depart-effectue-ce-matin\\\/215761\\\/#primaryimage\"},\"image\":{\"@id\":\"https:\\\/\\\/www.webdo.tn\\\/fr\\\/actualite\\\/national\\\/retour-du-train-tunis-annaba-premier-depart-effectue-ce-matin\\\/215761\\\/#primaryimage\"},\"thumbnailUrl\":\"https:\\\/\\\/www.webdo.tn\\\/fr\\\/wp-content\\\/uploads\\\/2024\\\/08\\\/b7ffc85b1d302de6932214fa97a6185c.webp\",\"datePublished\":\"2024-08-11T10:16:00+00:00\",\"dateModified\":\"2025-05-21T09:04:18+00:00\",\"description\":\"Le train Tunis-Annaba a repris du service ce matin apr\u00e8s 30 ans d'interruption. D\u00e9couvrez les d\u00e9tails des trajets, horaires, et tarifs propos\u00e9s par la SNCFT.\",\"breadcrumb\":{\"@id\":\"https:\\\/\\\/www.webdo.tn\\\/fr\\\/actualite\\\/national\\\/retour-du-train-tunis-annaba-premier-depart-effectue-ce-matin\\\/215761\\\/#breadcrumb\"},\"inLanguage\":\"fr-FR\",\"potentialAction\":[{\"@type\":\"ReadAction\",\"target\":[\"https:\\\/\\\/www.webdo.tn\\\/fr\\\/actualite\\\/national\\\/retour-du-train-tunis-annaba-premier-depart-effectue-ce-matin\\\/215761\\\/\"]}]},{\"@type\":\"ImageObject\",\"inLanguage\":\"fr-FR\",\"@id\":\"https:\\\/\\\/www.webdo.tn\\\/fr\\\/actualite\\\/national\\\/retour-du-train-tunis-annaba-premier-depart-effectue-ce-matin\\\/215761\\\/#primaryimage\",\"url\":\"https:\\\/\\\/www.webdo.tn\\\/fr\\\/wp-content\\\/uploads\\\/2024\\\/08\\\/b7ffc85b1d302de6932214fa97a6185c.webp\",\"contentUrl\":\"https:\\\/\\\/www.webdo.tn\\\/fr\\\/wp-content\\\/uploads\\\/2024\\\/08\\\/b7ffc85b1d302de6932214fa97a6185c.webp\",\"width\":750,\"height\":400,\"caption\":\"Retour du train Tunis-Annaba : Premier d\u00e9part effectu\u00e9 ce matin\"},{\"@type\":\"BreadcrumbList\",\"@id\":\"https:\\\/\\\/www.webdo.tn\\\/fr\\\/actualite\\\/national\\\/retour-du-train-tunis-annaba-premier-depart-effectue-ce-matin\\\/215761\\\/#breadcrumb\",\"itemListElement\":[{\"@type\":\"ListItem\",\"position\":1,\"name\":\"Accueil\",\"item\":\"https:\\\/\\\/www.webdo.tn\\\/fr\\\/\"},{\"@type\":\"ListItem\",\"position\":2,\"name\":\"Retour du train Tunis-Annaba : Premier d\u00e9part effectu\u00e9 ce matin\"}]},{\"@type\":\"WebSite\",\"@id\":\"https:\\\/\\\/www.webdo.tn\\\/fr\\\/#website\",\"url\":\"https:\\\/\\\/www.webdo.tn\\\/fr\\\/\",\"name\":\"webdo\",\"description\":\"Tunisie - News en Tunisie et \u00e0 l&#039;international sur Webdo.tn\",\"publisher\":{\"@id\":\"https:\\\/\\\/www.webdo.tn\\\/fr\\\/#organization\"},\"potentialAction\":[{\"@type\":\"SearchAction\",\"target\":{\"@type\":\"EntryPoint\",\"urlTemplate\":\"https:\\\/\\\/www.webdo.tn\\\/fr\\\/?s={search_term_string}\"},\"query-input\":{\"@type\":\"PropertyValueSpecification\",\"valueRequired\":true,\"valueName\":\"search_term_string\"}}],\"inLanguage\":\"fr-FR\"},{\"@type\":\"Organization\",\"@id\":\"https:\\\/\\\/www.webdo.tn\\\/fr\\\/#organization\",\"name\":\"Webdo\",\"alternateName\":\"Webdo.tn\",\"url\":\"https:\\\/\\\/www.webdo.tn\\\/fr\\\/\",\"logo\":{\"@type\":\"ImageObject\",\"inLanguage\":\"fr-FR\",\"@id\":\"https:\\\/\\\/www.webdo.tn\\\/fr\\\/#\\\/schema\\\/logo\\\/image\\\/\",\"url\":\"https:\\\/\\\/www.webdo.tn\\\/fr\\\/wp-content\\\/uploads\\\/2025\\\/06\\\/Webdo-Tunisie_168377.jpg\",\"contentUrl\":\"https:\\\/\\\/www.webdo.tn\\\/fr\\\/wp-content\\\/uploads\\\/2025\\\/06\\\/Webdo-Tunisie_168377.jpg\",\"width\":301,\"height\":301,\"caption\":\"Webdo\"},\"image\":{\"@id\":\"https:\\\/\\\/www.webdo.tn\\\/fr\\\/#\\\/schema\\\/logo\\\/image\\\/\"},\"sameAs\":[\"https:\\\/\\\/www.facebook.com\\\/webdotn\",\"https:\\\/\\\/x.com\\\/webdo_tn\"],\"description\":\"Webdo est un m\u00e9dia num\u00e9rique tunisien fond\u00e9 en 2010, sp\u00e9cialis\u00e9 dans l\u2019actualit\u00e9 nationale et internationale, l\u2019\u00e9conomie, la soci\u00e9t\u00e9 et les analyses politiques. Le site s\u2019adresse \u00e0 un large public francophone et couvre l\u2019information tunisienne en temps r\u00e9el.\",\"email\":\"redac@webdo.tn\",\"legalName\":\"YNJ SARL\",\"foundingDate\":\"2010-09-06\",\"numberOfEmployees\":{\"@type\":\"QuantitativeValue\",\"minValue\":\"11\",\"maxValue\":\"50\"}},{\"@type\":\"Person\",\"@id\":\"https:\\\/\\\/www.webdo.tn\\\/fr\\\/#\\\/schema\\\/person\\\/b8a41c04d93287d375510db360906b34\",\"name\":\"AZ\",\"image\":{\"@type\":\"ImageObject\",\"inLanguage\":\"fr-FR\",\"@id\":\"https:\\\/\\\/secure.gravatar.com\\\/avatar\\\/492b80bada79439de4201dce15cd41eece6c277cfdf1b53382073c79105c1f89?s=96&d=mm&r=g\",\"url\":\"https:\\\/\\\/secure.gravatar.com\\\/avatar\\\/492b80bada79439de4201dce15cd41eece6c277cfdf1b53382073c79105c1f89?s=96&d=mm&r=g\",\"contentUrl\":\"https:\\\/\\\/secure.gravatar.com\\\/avatar\\\/492b80bada79439de4201dce15cd41eece6c277cfdf1b53382073c79105c1f89?s=96&d=mm&r=g\",\"caption\":\"AZ\"},\"url\":\"https:\\\/\\\/www.webdo.tn\\\/fr\\\/actualite\\\/author\\\/az\\\/\"}]}<\/script>\n<!-- \/ Yoast SEO Premium plugin. -->","yoast_head_json":{"title":"Retour du train Tunis-Annaba : Premier d\u00e9part effectu\u00e9 ce matin","description":"Le train Tunis-Annaba a repris du service ce matin apr\u00e8s 30 ans d'interruption. D\u00e9couvrez les d\u00e9tails des trajets, horaires, et tarifs propos\u00e9s par la SNCFT.","canonical":"https:\/\/www.webdo.tn\/fr\/actualite\/national\/retour-du-train-tunis-annaba-premier-depart-effectue-ce-matin\/215761\/","og_locale":"fr_FR","og_type":"article","og_title":"Retour du train Tunis-Annaba : Premier d\u00e9part effectu\u00e9 ce matin","og_description":"Le train Tunis-Annaba a repris du service ce matin apr\u00e8s 30 ans d'interruption. D\u00e9couvrez les d\u00e9tails des trajets, horaires, et tarifs propos\u00e9s par la SNCFT.","og_url":"https:\/\/www.webdo.tn\/fr\/actualite\/national\/retour-du-train-tunis-annaba-premier-depart-effectue-ce-matin\/215761\/","og_site_name":"webdo","article_publisher":"https:\/\/www.facebook.com\/webdotn","article_published_time":"2024-08-11T10:16:00+00:00","article_modified_time":"2025-05-21T09:04:18+00:00","og_image":[{"width":750,"height":400,"url":"https:\/\/www.webdo.tn\/fr\/wp-content\/uploads\/2024\/08\/b7ffc85b1d302de6932214fa97a6185c.webp","type":"image\/webp"}],"author":"AZ","twitter_card":"summary_large_image","twitter_creator":"@webdo_tn","twitter_site":"@webdo_tn","twitter_misc":{"\u00c9crit par":"AZ","Dur\u00e9e de lecture estim\u00e9e":"1 minute"},"schema":{"@context":"https:\/\/schema.org","@graph":[{"@type":"NewsArticle","@id":"https:\/\/www.webdo.tn\/fr\/actualite\/national\/retour-du-train-tunis-annaba-premier-depart-effectue-ce-matin\/215761\/#article","isPartOf":{"@id":"https:\/\/www.webdo.tn\/fr\/actualite\/national\/retour-du-train-tunis-annaba-premier-depart-effectue-ce-matin\/215761\/"},"author":{"name":"AZ","@id":"https:\/\/www.webdo.tn\/fr\/#\/schema\/person\/b8a41c04d93287d375510db360906b34"},"headline":"Retour du train Tunis-Annaba : Premier d\u00e9part effectu\u00e9 ce matin","datePublished":"2024-08-11T10:16:00+00:00","dateModified":"2025-05-21T09:04:18+00:00","mainEntityOfPage":{"@id":"https:\/\/www.webdo.tn\/fr\/actualite\/national\/retour-du-train-tunis-annaba-premier-depart-effectue-ce-matin\/215761\/"},"wordCount":229,"commentCount":0,"publisher":{"@id":"https:\/\/www.webdo.tn\/fr\/#organization"},"image":{"@id":"https:\/\/www.webdo.tn\/fr\/actualite\/national\/retour-du-train-tunis-annaba-premier-depart-effectue-ce-matin\/215761\/#primaryimage"},"thumbnailUrl":"https:\/\/www.webdo.tn\/fr\/wp-content\/uploads\/2024\/08\/b7ffc85b1d302de6932214fa97a6185c.webp","keywords":["Alg\u00e9rie","annaba","Train","Tunis","Tunisie"],"articleSection":["National"],"inLanguage":"fr-FR"},{"@type":"WebPage","@id":"https:\/\/www.webdo.tn\/fr\/actualite\/national\/retour-du-train-tunis-annaba-premier-depart-effectue-ce-matin\/215761\/","url":"https:\/\/www.webdo.tn\/fr\/actualite\/national\/retour-du-train-tunis-annaba-premier-depart-effectue-ce-matin\/215761\/","name":"Retour du train Tunis-Annaba : Premier d\u00e9part effectu\u00e9 ce matin","isPartOf":{"@id":"https:\/\/www.webdo.tn\/fr\/#website"},"primaryImageOfPage":{"@id":"https:\/\/www.webdo.tn\/fr\/actualite\/national\/retour-du-train-tunis-annaba-premier-depart-effectue-ce-matin\/215761\/#primaryimage"},"image":{"@id":"https:\/\/www.webdo.tn\/fr\/actualite\/national\/retour-du-train-tunis-annaba-premier-depart-effectue-ce-matin\/215761\/#primaryimage"},"thumbnailUrl":"https:\/\/www.webdo.tn\/fr\/wp-content\/uploads\/2024\/08\/b7ffc85b1d302de6932214fa97a6185c.webp","datePublished":"2024-08-11T10:16:00+00:00","dateModified":"2025-05-21T09:04:18+00:00","description":"Le train Tunis-Annaba a repris du service ce matin apr\u00e8s 30 ans d'interruption. D\u00e9couvrez les d\u00e9tails des trajets, horaires, et tarifs propos\u00e9s par la SNCFT.","breadcrumb":{"@id":"https:\/\/www.webdo.tn\/fr\/actualite\/national\/retour-du-train-tunis-annaba-premier-depart-effectue-ce-matin\/215761\/#breadcrumb"},"inLanguage":"fr-FR","potentialAction":[{"@type":"ReadAction","target":["https:\/\/www.webdo.tn\/fr\/actualite\/national\/retour-du-train-tunis-annaba-premier-depart-effectue-ce-matin\/215761\/"]}]},{"@type":"ImageObject","inLanguage":"fr-FR","@id":"https:\/\/www.webdo.tn\/fr\/actualite\/national\/retour-du-train-tunis-annaba-premier-depart-effectue-ce-matin\/215761\/#primaryimage","url":"https:\/\/www.webdo.tn\/fr\/wp-content\/uploads\/2024\/08\/b7ffc85b1d302de6932214fa97a6185c.webp","contentUrl":"https:\/\/www.webdo.tn\/fr\/wp-content\/uploads\/2024\/08\/b7ffc85b1d302de6932214fa97a6185c.webp","width":750,"height":400,"caption":"Retour du train Tunis-Annaba : Premier d\u00e9part effectu\u00e9 ce matin"},{"@type":"BreadcrumbList","@id":"https:\/\/www.webdo.tn\/fr\/actualite\/national\/retour-du-train-tunis-annaba-premier-depart-effectue-ce-matin\/215761\/#breadcrumb","itemListElement":[{"@type":"ListItem","position":1,"name":"Accueil","item":"https:\/\/www.webdo.tn\/fr\/"},{"@type":"ListItem","position":2,"name":"Retour du train Tunis-Annaba : Premier d\u00e9part effectu\u00e9 ce matin"}]},{"@type":"WebSite","@id":"https:\/\/www.webdo.tn\/fr\/#website","url":"https:\/\/www.webdo.tn\/fr\/","name":"webdo","description":"Tunisie - News en Tunisie et \u00e0 l&#039;international sur Webdo.tn","publisher":{"@id":"https:\/\/www.webdo.tn\/fr\/#organization"},"potentialAction":[{"@type":"SearchAction","target":{"@type":"EntryPoint","urlTemplate":"https:\/\/www.webdo.tn\/fr\/?s={search_term_string}"},"query-input":{"@type":"PropertyValueSpecification","valueRequired":true,"valueName":"search_term_string"}}],"inLanguage":"fr-FR"},{"@type":"Organization","@id":"https:\/\/www.webdo.tn\/fr\/#organization","name":"Webdo","alternateName":"Webdo.tn","url":"https:\/\/www.webdo.tn\/fr\/","logo":{"@type":"ImageObject","inLanguage":"fr-FR","@id":"https:\/\/www.webdo.tn\/fr\/#\/schema\/logo\/image\/","url":"https:\/\/www.webdo.tn\/fr\/wp-content\/uploads\/2025\/06\/Webdo-Tunisie_168377.jpg","contentUrl":"https:\/\/www.webdo.tn\/fr\/wp-content\/uploads\/2025\/06\/Webdo-Tunisie_168377.jpg","width":301,"height":301,"caption":"Webdo"},"image":{"@id":"https:\/\/www.webdo.tn\/fr\/#\/schema\/logo\/image\/"},"sameAs":["https:\/\/www.facebook.com\/webdotn","https:\/\/x.com\/webdo_tn"],"description":"Webdo est un m\u00e9dia num\u00e9rique tunisien fond\u00e9 en 2010, sp\u00e9cialis\u00e9 dans l\u2019actualit\u00e9 nationale et internationale, l\u2019\u00e9conomie, la soci\u00e9t\u00e9 et les analyses politiques. Le site s\u2019adresse \u00e0 un large public francophone et couvre l\u2019information tunisienne en temps r\u00e9el.","email":"redac@webdo.tn","legalName":"YNJ SARL","foundingDate":"2010-09-06","numberOfEmployees":{"@type":"QuantitativeValue","minValue":"11","maxValue":"50"}},{"@type":"Person","@id":"https:\/\/www.webdo.tn\/fr\/#\/schema\/person\/b8a41c04d93287d375510db360906b34","name":"AZ","image":{"@type":"ImageObject","inLanguage":"fr-FR","@id":"https:\/\/secure.gravatar.com\/avatar\/492b80bada79439de4201dce15cd41eece6c277cfdf1b53382073c79105c1f89?s=96&d=mm&r=g","url":"https:\/\/secure.gravatar.com\/avatar\/492b80bada79439de4201dce15cd41eece6c277cfdf1b53382073c79105c1f89?s=96&d=mm&r=g","contentUrl":"https:\/\/secure.gravatar.com\/avatar\/492b80bada79439de4201dce15cd41eece6c277cfdf1b53382073c79105c1f89?s=96&d=mm&r=g","caption":"AZ"},"url":"https:\/\/www.webdo.tn\/fr\/actualite\/author\/az\/"}]}},"_links":{"self":[{"href":"https:\/\/www.webdo.tn\/fr\/wp-json\/wp\/v2\/posts\/215761","targetHints":{"allow":["GET"]}}],"collection":[{"href":"https:\/\/www.webdo.tn\/fr\/wp-json\/wp\/v2\/posts"}],"about":[{"href":"https:\/\/www.webdo.tn\/fr\/wp-json\/wp\/v2\/types\/post"}],"author":[{"embeddable":true,"href":"https:\/\/www.webdo.tn\/fr\/wp-json\/wp\/v2\/users\/3166"}],"replies":[{"embeddable":true,"href":"https:\/\/www.webdo.tn\/fr\/wp-json\/wp\/v2\/comments?post=215761"}],"version-history":[{"count":0,"href":"https:\/\/www.webdo.tn\/fr\/wp-json\/wp\/v2\/posts\/215761\/revisions"}],"wp:featuredmedia":[{"embeddable":true,"href":"https:\/\/www.webdo.tn\/fr\/wp-json\/wp\/v2\/media\/246793"}],"wp:attachment":[{"href":"https:\/\/www.webdo.tn\/fr\/wp-json\/wp\/v2\/media?parent=215761"}],"wp:term":[{"taxonomy":"category","embeddable":true,"href":"https:\/\/www.webdo.tn\/fr\/wp-json\/wp\/v2\/categories?post=215761"},{"taxonomy":"post_tag","embeddable":true,"href":"https:\/\/www.webdo.tn\/fr\/wp-json\/wp\/v2\/tags?post=215761"}],"curies":[{"name":"wp","href":"https:\/\/api.w.org\/{rel}","templated":true}]}}