{"id":215751,"date":"2024-08-10T09:31:00","date_gmt":"2024-08-10T09:31:00","guid":{"rendered":"https:\/\/www.webdo.tn\/fr\/blog\/sidi-bou-said-la-kharja-annuelle-aura-lieu-a-partir-de-dimanche\/215751\/"},"modified":"2025-05-14T09:51:58","modified_gmt":"2025-05-14T09:51:58","slug":"sidi-bou-said-la-kharja-annuelle-aura-lieu-a-partir-de-dimanche","status":"publish","type":"post","link":"https:\/\/www.webdo.tn\/fr\/actualite\/chroniques\/sidi-bou-said-la-kharja-annuelle-aura-lieu-a-partir-de-dimanche\/215751\/","title":{"rendered":"Sidi Bou Said : La Kharja annuelle aura lieu \u00e0 partir de dimanche"},"content":{"rendered":"<p>Moment tr\u00e8s attendu, la traditionnelle procession de Sidi Bou Said se d\u00e9roulera \u00e0 partir de dimanche 11 ao\u00fbt en milieu d&rsquo;apr\u00e8s-midi. Un rituel haut en couleurs et ins\u00e9parable de l&rsquo;\u00e9t\u00e9.\u00a0<\/p>\n<p>Quiconque n&rsquo;aurait pas assist\u00e9 ne serait-ce qu&rsquo;une fois \u00e0 la traditionnelle kharja de Sidi Bou Said, devrait le faire toutes affaires cessantes car cet \u00e9v\u00e9nement rituel fait partie int\u00e9grante des coutumes de la colline mystique.\u00a0<\/p>\n<p>S&rsquo;ebranlant du mausol\u00e9e de Sidi Bou Said, cette procession, pr\u00e9c\u00e9d\u00e9e par des oriflammes et accompagn\u00e9e de chants spirituels, fera le tour du village pour une b\u00e9n\u00e9diction annuelle.\u00a0<\/p>\n<p>La kharja de Sidi Bou Said est une tradition estivale, li\u00e9e \u00e0 d&rsquo;autres processions qui se d\u00e9roulent durant l&rsquo;\u00e9t\u00e9 \u00e0 Sidi Belhassen, Sidi Ali El Hattab ou Sidi Ch\u00e9rif. Au-del\u00e0 de son caract\u00e8re rituel, cette procession est au fil des ans, devenue une attraction pour les touristes tunisiens et \u00e9trangers qui sont nombreux \u00e0 s&rsquo;y rendre.\u00a0<\/p>\n<p>Pour l&rsquo;heure, la zaouia de Sidi Bou Said se pr\u00e9pare pour l&rsquo;\u00e9v\u00e9nement qui aura lieu \u00e0 partir de ce dimanche et qui sans aucun doute, devrait attirer la grande foule au village perch\u00e9 de la banlieue nord de Tunis.<\/p>\n","protected":false},"excerpt":{"rendered":"<p>Quiconque n&rsquo;aurait pas assist\u00e9 ne serait-ce qu&rsquo;une fois \u00e0 la traditionnelle kharja de Sidi Bou Said, devrait le faire toutes affaires cessantes car cet \u00e9v\u00e9nemen&#8230;<\/p>\n","protected":false},"author":3229,"featured_media":246816,"comment_status":"open","ping_status":"closed","sticky":false,"template":"","format":"standard","meta":{"footnotes":""},"categories":[2596],"tags":[5832,4832,2608],"class_list":["post-215751","post","type-post","status-publish","format-standard","has-post-thumbnail","hentry","category-chroniques","tag-kharja","tag-sidi-bou-said","tag-tunisie"],"yoast_head":"<!-- This site is optimized with the Yoast SEO Premium plugin v27.4 (Yoast SEO v27.5) - https:\/\/yoast.com\/product\/yoast-seo-premium-wordpress\/ -->\n<title>Sidi Bou Said : La Kharja annuelle aura lieu \u00e0 partir de dimanche<\/title>\n<meta name=\"description\" content=\"Quiconque n&#039;aurait pas assist\u00e9 ne serait-ce qu&#039;une fois \u00e0 la traditionnelle kharja de Sidi Bou Said, devrait le faire toutes affaires cessantes car cet \u00e9v\u00e9nemen...\" \/>\n<link rel=\"canonical\" href=\"https:\/\/www.webdo.tn\/fr\/actualite\/chroniques\/sidi-bou-said-la-kharja-annuelle-aura-lieu-a-partir-de-dimanche\/215751\/\" \/>\n<meta property=\"og:locale\" content=\"fr_FR\" \/>\n<meta property=\"og:type\" content=\"article\" \/>\n<meta property=\"og:title\" content=\"Sidi Bou Said : La Kharja annuelle aura lieu \u00e0 partir de dimanche\" \/>\n<meta property=\"og:description\" content=\"Quiconque n&#039;aurait pas assist\u00e9 ne serait-ce qu&#039;une fois \u00e0 la traditionnelle kharja de Sidi Bou Said, devrait le faire toutes affaires cessantes car cet \u00e9v\u00e9nemen...\" \/>\n<meta property=\"og:url\" content=\"https:\/\/www.webdo.tn\/fr\/actualite\/chroniques\/sidi-bou-said-la-kharja-annuelle-aura-lieu-a-partir-de-dimanche\/215751\/\" \/>\n<meta property=\"og:site_name\" content=\"webdo\" \/>\n<meta property=\"article:publisher\" content=\"https:\/\/www.facebook.com\/webdotn\" \/>\n<meta property=\"article:author\" content=\"https:\/\/www.facebook.com\/hatem.bourial.2025\" \/>\n<meta property=\"article:published_time\" content=\"2024-08-10T09:31:00+00:00\" \/>\n<meta property=\"article:modified_time\" content=\"2025-05-14T09:51:58+00:00\" \/>\n<meta property=\"og:image\" content=\"https:\/\/www.webdo.tn\/fr\/wp-content\/uploads\/2024\/08\/e5835a068b390ea18210a3f4b4d2ef87.webp\" \/>\n\t<meta property=\"og:image:width\" content=\"750\" \/>\n\t<meta property=\"og:image:height\" content=\"400\" \/>\n\t<meta property=\"og:image:type\" content=\"image\/webp\" \/>\n<meta name=\"author\" content=\"Hatem Bourial\" \/>\n<meta name=\"twitter:card\" content=\"summary_large_image\" \/>\n<meta name=\"twitter:creator\" content=\"@webdo_tn\" \/>\n<meta name=\"twitter:site\" content=\"@webdo_tn\" \/>\n<meta name=\"twitter:label1\" content=\"\u00c9crit par\" \/>\n\t<meta name=\"twitter:data1\" content=\"Hatem Bourial\" \/>\n\t<meta name=\"twitter:label2\" content=\"Dur\u00e9e de lecture estim\u00e9e\" \/>\n\t<meta name=\"twitter:data2\" content=\"1 minute\" \/>\n<script type=\"application\/ld+json\" class=\"yoast-schema-graph\">{\"@context\":\"https:\\\/\\\/schema.org\",\"@graph\":[{\"@type\":\"NewsArticle\",\"@id\":\"https:\\\/\\\/www.webdo.tn\\\/fr\\\/actualite\\\/chroniques\\\/sidi-bou-said-la-kharja-annuelle-aura-lieu-a-partir-de-dimanche\\\/215751\\\/#article\",\"isPartOf\":{\"@id\":\"https:\\\/\\\/www.webdo.tn\\\/fr\\\/actualite\\\/chroniques\\\/sidi-bou-said-la-kharja-annuelle-aura-lieu-a-partir-de-dimanche\\\/215751\\\/\"},\"author\":{\"name\":\"Hatem Bourial\",\"@id\":\"https:\\\/\\\/www.webdo.tn\\\/fr\\\/#\\\/schema\\\/person\\\/6bc0beba2cd23aec27cb5df85ca2554f\"},\"headline\":\"Sidi Bou Said : La Kharja annuelle aura lieu \u00e0 partir de dimanche\",\"datePublished\":\"2024-08-10T09:31:00+00:00\",\"dateModified\":\"2025-05-14T09:51:58+00:00\",\"mainEntityOfPage\":{\"@id\":\"https:\\\/\\\/www.webdo.tn\\\/fr\\\/actualite\\\/chroniques\\\/sidi-bou-said-la-kharja-annuelle-aura-lieu-a-partir-de-dimanche\\\/215751\\\/\"},\"wordCount\":221,\"commentCount\":0,\"publisher\":{\"@id\":\"https:\\\/\\\/www.webdo.tn\\\/fr\\\/#organization\"},\"image\":{\"@id\":\"https:\\\/\\\/www.webdo.tn\\\/fr\\\/actualite\\\/chroniques\\\/sidi-bou-said-la-kharja-annuelle-aura-lieu-a-partir-de-dimanche\\\/215751\\\/#primaryimage\"},\"thumbnailUrl\":\"https:\\\/\\\/www.webdo.tn\\\/fr\\\/wp-content\\\/uploads\\\/2024\\\/08\\\/e5835a068b390ea18210a3f4b4d2ef87.webp\",\"keywords\":[\"Kharja\",\"sidi bou said\",\"Tunisie\"],\"articleSection\":[\"Chroniques\"],\"inLanguage\":\"fr-FR\"},{\"@type\":\"WebPage\",\"@id\":\"https:\\\/\\\/www.webdo.tn\\\/fr\\\/actualite\\\/chroniques\\\/sidi-bou-said-la-kharja-annuelle-aura-lieu-a-partir-de-dimanche\\\/215751\\\/\",\"url\":\"https:\\\/\\\/www.webdo.tn\\\/fr\\\/actualite\\\/chroniques\\\/sidi-bou-said-la-kharja-annuelle-aura-lieu-a-partir-de-dimanche\\\/215751\\\/\",\"name\":\"Sidi Bou Said : La Kharja annuelle aura lieu \u00e0 partir de dimanche\",\"isPartOf\":{\"@id\":\"https:\\\/\\\/www.webdo.tn\\\/fr\\\/#website\"},\"primaryImageOfPage\":{\"@id\":\"https:\\\/\\\/www.webdo.tn\\\/fr\\\/actualite\\\/chroniques\\\/sidi-bou-said-la-kharja-annuelle-aura-lieu-a-partir-de-dimanche\\\/215751\\\/#primaryimage\"},\"image\":{\"@id\":\"https:\\\/\\\/www.webdo.tn\\\/fr\\\/actualite\\\/chroniques\\\/sidi-bou-said-la-kharja-annuelle-aura-lieu-a-partir-de-dimanche\\\/215751\\\/#primaryimage\"},\"thumbnailUrl\":\"https:\\\/\\\/www.webdo.tn\\\/fr\\\/wp-content\\\/uploads\\\/2024\\\/08\\\/e5835a068b390ea18210a3f4b4d2ef87.webp\",\"datePublished\":\"2024-08-10T09:31:00+00:00\",\"dateModified\":\"2025-05-14T09:51:58+00:00\",\"description\":\"Quiconque n'aurait pas assist\u00e9 ne serait-ce qu'une fois \u00e0 la traditionnelle kharja de Sidi Bou Said, devrait le faire toutes affaires cessantes car cet \u00e9v\u00e9nemen...\",\"breadcrumb\":{\"@id\":\"https:\\\/\\\/www.webdo.tn\\\/fr\\\/actualite\\\/chroniques\\\/sidi-bou-said-la-kharja-annuelle-aura-lieu-a-partir-de-dimanche\\\/215751\\\/#breadcrumb\"},\"inLanguage\":\"fr-FR\",\"potentialAction\":[{\"@type\":\"ReadAction\",\"target\":[\"https:\\\/\\\/www.webdo.tn\\\/fr\\\/actualite\\\/chroniques\\\/sidi-bou-said-la-kharja-annuelle-aura-lieu-a-partir-de-dimanche\\\/215751\\\/\"]}]},{\"@type\":\"ImageObject\",\"inLanguage\":\"fr-FR\",\"@id\":\"https:\\\/\\\/www.webdo.tn\\\/fr\\\/actualite\\\/chroniques\\\/sidi-bou-said-la-kharja-annuelle-aura-lieu-a-partir-de-dimanche\\\/215751\\\/#primaryimage\",\"url\":\"https:\\\/\\\/www.webdo.tn\\\/fr\\\/wp-content\\\/uploads\\\/2024\\\/08\\\/e5835a068b390ea18210a3f4b4d2ef87.webp\",\"contentUrl\":\"https:\\\/\\\/www.webdo.tn\\\/fr\\\/wp-content\\\/uploads\\\/2024\\\/08\\\/e5835a068b390ea18210a3f4b4d2ef87.webp\",\"width\":750,\"height\":400,\"caption\":\"Sidi Bou Said : La Kharja annuelle aura lieu \u00e0 partir de dimanche\"},{\"@type\":\"BreadcrumbList\",\"@id\":\"https:\\\/\\\/www.webdo.tn\\\/fr\\\/actualite\\\/chroniques\\\/sidi-bou-said-la-kharja-annuelle-aura-lieu-a-partir-de-dimanche\\\/215751\\\/#breadcrumb\",\"itemListElement\":[{\"@type\":\"ListItem\",\"position\":1,\"name\":\"Accueil\",\"item\":\"https:\\\/\\\/www.webdo.tn\\\/fr\\\/\"},{\"@type\":\"ListItem\",\"position\":2,\"name\":\"Sidi Bou Said : La Kharja annuelle aura lieu \u00e0 partir de dimanche\"}]},{\"@type\":\"WebSite\",\"@id\":\"https:\\\/\\\/www.webdo.tn\\\/fr\\\/#website\",\"url\":\"https:\\\/\\\/www.webdo.tn\\\/fr\\\/\",\"name\":\"webdo\",\"description\":\"Tunisie - News en Tunisie et \u00e0 l&#039;international sur Webdo.tn\",\"publisher\":{\"@id\":\"https:\\\/\\\/www.webdo.tn\\\/fr\\\/#organization\"},\"potentialAction\":[{\"@type\":\"SearchAction\",\"target\":{\"@type\":\"EntryPoint\",\"urlTemplate\":\"https:\\\/\\\/www.webdo.tn\\\/fr\\\/?s={search_term_string}\"},\"query-input\":{\"@type\":\"PropertyValueSpecification\",\"valueRequired\":true,\"valueName\":\"search_term_string\"}}],\"inLanguage\":\"fr-FR\"},{\"@type\":\"Organization\",\"@id\":\"https:\\\/\\\/www.webdo.tn\\\/fr\\\/#organization\",\"name\":\"Webdo\",\"alternateName\":\"Webdo.tn\",\"url\":\"https:\\\/\\\/www.webdo.tn\\\/fr\\\/\",\"logo\":{\"@type\":\"ImageObject\",\"inLanguage\":\"fr-FR\",\"@id\":\"https:\\\/\\\/www.webdo.tn\\\/fr\\\/#\\\/schema\\\/logo\\\/image\\\/\",\"url\":\"https:\\\/\\\/www.webdo.tn\\\/fr\\\/wp-content\\\/uploads\\\/2025\\\/06\\\/Webdo-Tunisie_168377.jpg\",\"contentUrl\":\"https:\\\/\\\/www.webdo.tn\\\/fr\\\/wp-content\\\/uploads\\\/2025\\\/06\\\/Webdo-Tunisie_168377.jpg\",\"width\":301,\"height\":301,\"caption\":\"Webdo\"},\"image\":{\"@id\":\"https:\\\/\\\/www.webdo.tn\\\/fr\\\/#\\\/schema\\\/logo\\\/image\\\/\"},\"sameAs\":[\"https:\\\/\\\/www.facebook.com\\\/webdotn\",\"https:\\\/\\\/x.com\\\/webdo_tn\"],\"description\":\"Webdo est un m\u00e9dia num\u00e9rique tunisien fond\u00e9 en 2010, sp\u00e9cialis\u00e9 dans l\u2019actualit\u00e9 nationale et internationale, l\u2019\u00e9conomie, la soci\u00e9t\u00e9 et les analyses politiques. Le site s\u2019adresse \u00e0 un large public francophone et couvre l\u2019information tunisienne en temps r\u00e9el.\",\"email\":\"redac@webdo.tn\",\"legalName\":\"YNJ SARL\",\"foundingDate\":\"2010-09-06\",\"numberOfEmployees\":{\"@type\":\"QuantitativeValue\",\"minValue\":\"11\",\"maxValue\":\"50\"}},{\"@type\":\"Person\",\"@id\":\"https:\\\/\\\/www.webdo.tn\\\/fr\\\/#\\\/schema\\\/person\\\/6bc0beba2cd23aec27cb5df85ca2554f\",\"name\":\"Hatem Bourial\",\"image\":{\"@type\":\"ImageObject\",\"inLanguage\":\"fr-FR\",\"@id\":\"https:\\\/\\\/www.webdo.tn\\\/fr\\\/wp-content\\\/uploads\\\/2026\\\/04\\\/hatem-bourial_avatar-96x96.jpg\",\"url\":\"https:\\\/\\\/www.webdo.tn\\\/fr\\\/wp-content\\\/uploads\\\/2026\\\/04\\\/hatem-bourial_avatar-96x96.jpg\",\"contentUrl\":\"https:\\\/\\\/www.webdo.tn\\\/fr\\\/wp-content\\\/uploads\\\/2026\\\/04\\\/hatem-bourial_avatar-96x96.jpg\",\"caption\":\"Hatem Bourial\"},\"description\":\"Hatem Bourial est journaliste, \u00e9crivain et chroniqueur tunisien. Actif depuis plusieurs d\u00e9cennies, il s\u2019est impos\u00e9 comme un observateur attentif de la soci\u00e9t\u00e9 tunisienne, m\u00ealant dans ses \u00e9crits m\u00e9moire, culture et analyse du quotidien. Auteur de nombreux ouvrages, il d\u00e9veloppe une \u0153uvre \u00e0 la crois\u00e9e du r\u00e9cit, de la po\u00e9sie et de l\u2019observation sociologique. Parall\u00e8lement \u00e0 ses contributions dans la presse, il intervient r\u00e9guli\u00e8rement \u00e0 la radio et dans des espaces culturels, o\u00f9 il explore les enjeux li\u00e9s au patrimoine, \u00e0 l\u2019identit\u00e9 et aux transformations du monde contemporain. \u00c0 travers ses chroniques, Hatem Bourial propose une lecture sensible et approfondie de l\u2019actualit\u00e9, nourrie par une exp\u00e9rience journalistique et litt\u00e9raire reconnue. \ud83d\udd17 Facebook : https:\\\/\\\/www.facebook.com\\\/hatem.bourial.2025\",\"sameAs\":[\"https:\\\/\\\/www.facebook.com\\\/hatem.bourial.2025\",\"https:\\\/\\\/fr.wikipedia.org\\\/wiki\\\/Fichier:Hatem_Bourial.jpg\"],\"knowsAbout\":[\"Culture & patrimoine tunisien\",\"Chronique soci\u00e9tale\",\"Litt\u00e9rature & m\u00e9moire\",\"Cin\u00e9ma & critique culturelle\",\"Identit\u00e9 & mutations sociales\"],\"knowsLanguage\":[\"Arabe\",\"Fran\u00e7ais\",\"Anglais\",\"Italien\",\"Polonais\"],\"jobTitle\":\"Journaliste, \u00e9crivain et chroniqueur culturel\",\"worksFor\":\"Webdo\",\"url\":\"https:\\\/\\\/www.webdo.tn\\\/fr\\\/actualite\\\/author\\\/hatem-bourial-2\\\/\"}]}<\/script>\n<!-- \/ Yoast SEO Premium plugin. -->","yoast_head_json":{"title":"Sidi Bou Said : La Kharja annuelle aura lieu \u00e0 partir de dimanche","description":"Quiconque n'aurait pas assist\u00e9 ne serait-ce qu'une fois \u00e0 la traditionnelle kharja de Sidi Bou Said, devrait le faire toutes affaires cessantes car cet \u00e9v\u00e9nemen...","canonical":"https:\/\/www.webdo.tn\/fr\/actualite\/chroniques\/sidi-bou-said-la-kharja-annuelle-aura-lieu-a-partir-de-dimanche\/215751\/","og_locale":"fr_FR","og_type":"article","og_title":"Sidi Bou Said : La Kharja annuelle aura lieu \u00e0 partir de dimanche","og_description":"Quiconque n'aurait pas assist\u00e9 ne serait-ce qu'une fois \u00e0 la traditionnelle kharja de Sidi Bou Said, devrait le faire toutes affaires cessantes car cet \u00e9v\u00e9nemen...","og_url":"https:\/\/www.webdo.tn\/fr\/actualite\/chroniques\/sidi-bou-said-la-kharja-annuelle-aura-lieu-a-partir-de-dimanche\/215751\/","og_site_name":"webdo","article_publisher":"https:\/\/www.facebook.com\/webdotn","article_author":"https:\/\/www.facebook.com\/hatem.bourial.2025","article_published_time":"2024-08-10T09:31:00+00:00","article_modified_time":"2025-05-14T09:51:58+00:00","og_image":[{"width":750,"height":400,"url":"https:\/\/www.webdo.tn\/fr\/wp-content\/uploads\/2024\/08\/e5835a068b390ea18210a3f4b4d2ef87.webp","type":"image\/webp"}],"author":"Hatem Bourial","twitter_card":"summary_large_image","twitter_creator":"@webdo_tn","twitter_site":"@webdo_tn","twitter_misc":{"\u00c9crit par":"Hatem Bourial","Dur\u00e9e de lecture estim\u00e9e":"1 minute"},"schema":{"@context":"https:\/\/schema.org","@graph":[{"@type":"NewsArticle","@id":"https:\/\/www.webdo.tn\/fr\/actualite\/chroniques\/sidi-bou-said-la-kharja-annuelle-aura-lieu-a-partir-de-dimanche\/215751\/#article","isPartOf":{"@id":"https:\/\/www.webdo.tn\/fr\/actualite\/chroniques\/sidi-bou-said-la-kharja-annuelle-aura-lieu-a-partir-de-dimanche\/215751\/"},"author":{"name":"Hatem Bourial","@id":"https:\/\/www.webdo.tn\/fr\/#\/schema\/person\/6bc0beba2cd23aec27cb5df85ca2554f"},"headline":"Sidi Bou Said : La Kharja annuelle aura lieu \u00e0 partir de dimanche","datePublished":"2024-08-10T09:31:00+00:00","dateModified":"2025-05-14T09:51:58+00:00","mainEntityOfPage":{"@id":"https:\/\/www.webdo.tn\/fr\/actualite\/chroniques\/sidi-bou-said-la-kharja-annuelle-aura-lieu-a-partir-de-dimanche\/215751\/"},"wordCount":221,"commentCount":0,"publisher":{"@id":"https:\/\/www.webdo.tn\/fr\/#organization"},"image":{"@id":"https:\/\/www.webdo.tn\/fr\/actualite\/chroniques\/sidi-bou-said-la-kharja-annuelle-aura-lieu-a-partir-de-dimanche\/215751\/#primaryimage"},"thumbnailUrl":"https:\/\/www.webdo.tn\/fr\/wp-content\/uploads\/2024\/08\/e5835a068b390ea18210a3f4b4d2ef87.webp","keywords":["Kharja","sidi bou said","Tunisie"],"articleSection":["Chroniques"],"inLanguage":"fr-FR"},{"@type":"WebPage","@id":"https:\/\/www.webdo.tn\/fr\/actualite\/chroniques\/sidi-bou-said-la-kharja-annuelle-aura-lieu-a-partir-de-dimanche\/215751\/","url":"https:\/\/www.webdo.tn\/fr\/actualite\/chroniques\/sidi-bou-said-la-kharja-annuelle-aura-lieu-a-partir-de-dimanche\/215751\/","name":"Sidi Bou Said : La Kharja annuelle aura lieu \u00e0 partir de dimanche","isPartOf":{"@id":"https:\/\/www.webdo.tn\/fr\/#website"},"primaryImageOfPage":{"@id":"https:\/\/www.webdo.tn\/fr\/actualite\/chroniques\/sidi-bou-said-la-kharja-annuelle-aura-lieu-a-partir-de-dimanche\/215751\/#primaryimage"},"image":{"@id":"https:\/\/www.webdo.tn\/fr\/actualite\/chroniques\/sidi-bou-said-la-kharja-annuelle-aura-lieu-a-partir-de-dimanche\/215751\/#primaryimage"},"thumbnailUrl":"https:\/\/www.webdo.tn\/fr\/wp-content\/uploads\/2024\/08\/e5835a068b390ea18210a3f4b4d2ef87.webp","datePublished":"2024-08-10T09:31:00+00:00","dateModified":"2025-05-14T09:51:58+00:00","description":"Quiconque n'aurait pas assist\u00e9 ne serait-ce qu'une fois \u00e0 la traditionnelle kharja de Sidi Bou Said, devrait le faire toutes affaires cessantes car cet \u00e9v\u00e9nemen...","breadcrumb":{"@id":"https:\/\/www.webdo.tn\/fr\/actualite\/chroniques\/sidi-bou-said-la-kharja-annuelle-aura-lieu-a-partir-de-dimanche\/215751\/#breadcrumb"},"inLanguage":"fr-FR","potentialAction":[{"@type":"ReadAction","target":["https:\/\/www.webdo.tn\/fr\/actualite\/chroniques\/sidi-bou-said-la-kharja-annuelle-aura-lieu-a-partir-de-dimanche\/215751\/"]}]},{"@type":"ImageObject","inLanguage":"fr-FR","@id":"https:\/\/www.webdo.tn\/fr\/actualite\/chroniques\/sidi-bou-said-la-kharja-annuelle-aura-lieu-a-partir-de-dimanche\/215751\/#primaryimage","url":"https:\/\/www.webdo.tn\/fr\/wp-content\/uploads\/2024\/08\/e5835a068b390ea18210a3f4b4d2ef87.webp","contentUrl":"https:\/\/www.webdo.tn\/fr\/wp-content\/uploads\/2024\/08\/e5835a068b390ea18210a3f4b4d2ef87.webp","width":750,"height":400,"caption":"Sidi Bou Said : La Kharja annuelle aura lieu \u00e0 partir de dimanche"},{"@type":"BreadcrumbList","@id":"https:\/\/www.webdo.tn\/fr\/actualite\/chroniques\/sidi-bou-said-la-kharja-annuelle-aura-lieu-a-partir-de-dimanche\/215751\/#breadcrumb","itemListElement":[{"@type":"ListItem","position":1,"name":"Accueil","item":"https:\/\/www.webdo.tn\/fr\/"},{"@type":"ListItem","position":2,"name":"Sidi Bou Said : La Kharja annuelle aura lieu \u00e0 partir de dimanche"}]},{"@type":"WebSite","@id":"https:\/\/www.webdo.tn\/fr\/#website","url":"https:\/\/www.webdo.tn\/fr\/","name":"webdo","description":"Tunisie - News en Tunisie et \u00e0 l&#039;international sur Webdo.tn","publisher":{"@id":"https:\/\/www.webdo.tn\/fr\/#organization"},"potentialAction":[{"@type":"SearchAction","target":{"@type":"EntryPoint","urlTemplate":"https:\/\/www.webdo.tn\/fr\/?s={search_term_string}"},"query-input":{"@type":"PropertyValueSpecification","valueRequired":true,"valueName":"search_term_string"}}],"inLanguage":"fr-FR"},{"@type":"Organization","@id":"https:\/\/www.webdo.tn\/fr\/#organization","name":"Webdo","alternateName":"Webdo.tn","url":"https:\/\/www.webdo.tn\/fr\/","logo":{"@type":"ImageObject","inLanguage":"fr-FR","@id":"https:\/\/www.webdo.tn\/fr\/#\/schema\/logo\/image\/","url":"https:\/\/www.webdo.tn\/fr\/wp-content\/uploads\/2025\/06\/Webdo-Tunisie_168377.jpg","contentUrl":"https:\/\/www.webdo.tn\/fr\/wp-content\/uploads\/2025\/06\/Webdo-Tunisie_168377.jpg","width":301,"height":301,"caption":"Webdo"},"image":{"@id":"https:\/\/www.webdo.tn\/fr\/#\/schema\/logo\/image\/"},"sameAs":["https:\/\/www.facebook.com\/webdotn","https:\/\/x.com\/webdo_tn"],"description":"Webdo est un m\u00e9dia num\u00e9rique tunisien fond\u00e9 en 2010, sp\u00e9cialis\u00e9 dans l\u2019actualit\u00e9 nationale et internationale, l\u2019\u00e9conomie, la soci\u00e9t\u00e9 et les analyses politiques. Le site s\u2019adresse \u00e0 un large public francophone et couvre l\u2019information tunisienne en temps r\u00e9el.","email":"redac@webdo.tn","legalName":"YNJ SARL","foundingDate":"2010-09-06","numberOfEmployees":{"@type":"QuantitativeValue","minValue":"11","maxValue":"50"}},{"@type":"Person","@id":"https:\/\/www.webdo.tn\/fr\/#\/schema\/person\/6bc0beba2cd23aec27cb5df85ca2554f","name":"Hatem Bourial","image":{"@type":"ImageObject","inLanguage":"fr-FR","@id":"https:\/\/www.webdo.tn\/fr\/wp-content\/uploads\/2026\/04\/hatem-bourial_avatar-96x96.jpg","url":"https:\/\/www.webdo.tn\/fr\/wp-content\/uploads\/2026\/04\/hatem-bourial_avatar-96x96.jpg","contentUrl":"https:\/\/www.webdo.tn\/fr\/wp-content\/uploads\/2026\/04\/hatem-bourial_avatar-96x96.jpg","caption":"Hatem Bourial"},"description":"Hatem Bourial est journaliste, \u00e9crivain et chroniqueur tunisien. Actif depuis plusieurs d\u00e9cennies, il s\u2019est impos\u00e9 comme un observateur attentif de la soci\u00e9t\u00e9 tunisienne, m\u00ealant dans ses \u00e9crits m\u00e9moire, culture et analyse du quotidien. Auteur de nombreux ouvrages, il d\u00e9veloppe une \u0153uvre \u00e0 la crois\u00e9e du r\u00e9cit, de la po\u00e9sie et de l\u2019observation sociologique. Parall\u00e8lement \u00e0 ses contributions dans la presse, il intervient r\u00e9guli\u00e8rement \u00e0 la radio et dans des espaces culturels, o\u00f9 il explore les enjeux li\u00e9s au patrimoine, \u00e0 l\u2019identit\u00e9 et aux transformations du monde contemporain. \u00c0 travers ses chroniques, Hatem Bourial propose une lecture sensible et approfondie de l\u2019actualit\u00e9, nourrie par une exp\u00e9rience journalistique et litt\u00e9raire reconnue. \ud83d\udd17 Facebook : https:\/\/www.facebook.com\/hatem.bourial.2025","sameAs":["https:\/\/www.facebook.com\/hatem.bourial.2025","https:\/\/fr.wikipedia.org\/wiki\/Fichier:Hatem_Bourial.jpg"],"knowsAbout":["Culture & patrimoine tunisien","Chronique soci\u00e9tale","Litt\u00e9rature & m\u00e9moire","Cin\u00e9ma & critique culturelle","Identit\u00e9 & mutations sociales"],"knowsLanguage":["Arabe","Fran\u00e7ais","Anglais","Italien","Polonais"],"jobTitle":"Journaliste, \u00e9crivain et chroniqueur culturel","worksFor":"Webdo","url":"https:\/\/www.webdo.tn\/fr\/actualite\/author\/hatem-bourial-2\/"}]}},"_links":{"self":[{"href":"https:\/\/www.webdo.tn\/fr\/wp-json\/wp\/v2\/posts\/215751","targetHints":{"allow":["GET"]}}],"collection":[{"href":"https:\/\/www.webdo.tn\/fr\/wp-json\/wp\/v2\/posts"}],"about":[{"href":"https:\/\/www.webdo.tn\/fr\/wp-json\/wp\/v2\/types\/post"}],"author":[{"embeddable":true,"href":"https:\/\/www.webdo.tn\/fr\/wp-json\/wp\/v2\/users\/3229"}],"replies":[{"embeddable":true,"href":"https:\/\/www.webdo.tn\/fr\/wp-json\/wp\/v2\/comments?post=215751"}],"version-history":[{"count":0,"href":"https:\/\/www.webdo.tn\/fr\/wp-json\/wp\/v2\/posts\/215751\/revisions"}],"wp:featuredmedia":[{"embeddable":true,"href":"https:\/\/www.webdo.tn\/fr\/wp-json\/wp\/v2\/media\/246816"}],"wp:attachment":[{"href":"https:\/\/www.webdo.tn\/fr\/wp-json\/wp\/v2\/media?parent=215751"}],"wp:term":[{"taxonomy":"category","embeddable":true,"href":"https:\/\/www.webdo.tn\/fr\/wp-json\/wp\/v2\/categories?post=215751"},{"taxonomy":"post_tag","embeddable":true,"href":"https:\/\/www.webdo.tn\/fr\/wp-json\/wp\/v2\/tags?post=215751"}],"curies":[{"name":"wp","href":"https:\/\/api.w.org\/{rel}","templated":true}]}}