{"id":215749,"date":"2024-08-10T08:19:00","date_gmt":"2024-08-10T08:19:00","guid":{"rendered":"https:\/\/www.webdo.tn\/fr\/blog\/massacre-a-gaza-100-morts-dans-une-frappe-sioniste-contre-une-ecole\/215749\/"},"modified":"2025-05-20T22:35:02","modified_gmt":"2025-05-20T22:35:02","slug":"massacre-a-gaza-100-morts-dans-une-frappe-sioniste-contre-une-ecole","status":"publish","type":"post","link":"https:\/\/www.webdo.tn\/fr\/actualite\/international\/massacre-a-gaza-100-morts-dans-une-frappe-sioniste-contre-une-ecole\/215749\/","title":{"rendered":"Massacre \u00e0 Gaza : 100 morts dans une frappe sioniste contre une \u00e9cole"},"content":{"rendered":"<p>Dans un nouveau massacre horrible, une frappe isra\u00e9lienne men\u00e9e contre une \u00e9cole de Gaza accueillant des d\u00e9plac\u00e9s et des r\u00e9fugi\u00e9s a tu\u00e9 au moins 100 Palestiniens et fait des dizaines de bless\u00e9s.\u00a0<\/p>\n<p>Alors que l&rsquo;arm\u00e9e sioniste pr\u00e9tend avoir vis\u00e9 un centre de commandement du Hamas, toutes les victimes \u00e9taient des civils.\u00a0<\/p>\n<p>Le mouvement Hamas a d\u00e9nonc\u00e9 \u00ab\u00a0une dangereuse escalade\u00a0\u00bb dans la guerre men\u00e9e par l&rsquo;arm\u00e9e isra\u00e9lienne dans le territoire palestinien, apr\u00e8s cette frappe.\u00a0<\/p>\n<p>\u00ab\u00a0Le massacre de l&rsquo;\u00e9cole Al-Tabi&rsquo;een (&#8230;) est un crime horrible qui repr\u00e9sente une escalade dangereuse\u00a0\u00bb, a d\u00e9clar\u00e9 le Hamas dans un communiqu\u00e9. Il s&rsquo;agit de l&rsquo;une des frappes les plus meurtri\u00e8res depuis le d\u00e9but de la guerre le 7 octobre dans la bande de Gaza, d\u00e9clench\u00e9e par une attaque sans pr\u00e9c\u00e9dent du Hamas sur le sol isra\u00e9lien.<\/p>\n","protected":false},"excerpt":{"rendered":"<p>Alors que l&rsquo;arm\u00e9e sioniste pr\u00e9tend avoir vis\u00e9 un centre de commandement du Hamas, toutes les victimes \u00e9taient des civils.\u00a0<\/p>\n","protected":false},"author":3175,"featured_media":246811,"comment_status":"open","ping_status":"closed","sticky":false,"template":"","format":"standard","meta":{"footnotes":""},"categories":[2598],"tags":[2689,2636,5948],"class_list":["post-215749","post","type-post","status-publish","format-standard","has-post-thumbnail","hentry","category-international","tag-gaza","tag-israel","tag-massacre"],"yoast_head":"<!-- This site is optimized with the Yoast SEO Premium plugin v27.5 (Yoast SEO v27.5) - https:\/\/yoast.com\/product\/yoast-seo-premium-wordpress\/ -->\n<title>Massacre \u00e0 Gaza : 100 morts dans une frappe sioniste contre une \u00e9cole<\/title>\n<meta name=\"description\" content=\"Alors que l&#039;arm\u00e9e sioniste pr\u00e9tend avoir vis\u00e9 un centre de commandement du Hamas, toutes les victimes \u00e9taient des civils.\u00a0\" \/>\n<link rel=\"canonical\" href=\"https:\/\/www.webdo.tn\/fr\/actualite\/international\/massacre-a-gaza-100-morts-dans-une-frappe-sioniste-contre-une-ecole\/215749\/\" \/>\n<meta property=\"og:locale\" content=\"fr_FR\" \/>\n<meta property=\"og:type\" content=\"article\" \/>\n<meta property=\"og:title\" content=\"Massacre \u00e0 Gaza : 100 morts dans une frappe sioniste contre une \u00e9cole\" \/>\n<meta property=\"og:description\" content=\"Alors que l&#039;arm\u00e9e sioniste pr\u00e9tend avoir vis\u00e9 un centre de commandement du Hamas, toutes les victimes \u00e9taient des civils.\u00a0\" \/>\n<meta property=\"og:url\" content=\"https:\/\/www.webdo.tn\/fr\/actualite\/international\/massacre-a-gaza-100-morts-dans-une-frappe-sioniste-contre-une-ecole\/215749\/\" \/>\n<meta property=\"og:site_name\" content=\"webdo\" \/>\n<meta property=\"article:publisher\" content=\"https:\/\/www.facebook.com\/webdotn\" \/>\n<meta property=\"article:published_time\" content=\"2024-08-10T08:19:00+00:00\" \/>\n<meta property=\"article:modified_time\" content=\"2025-05-20T22:35:02+00:00\" \/>\n<meta property=\"og:image\" content=\"https:\/\/www.webdo.tn\/fr\/wp-content\/uploads\/2024\/08\/4acfd6f254084beb54d6146e44e99cac.webp\" \/>\n\t<meta property=\"og:image:width\" content=\"750\" \/>\n\t<meta property=\"og:image:height\" content=\"400\" \/>\n\t<meta property=\"og:image:type\" content=\"image\/webp\" \/>\n<meta name=\"author\" content=\"CL\" \/>\n<meta name=\"twitter:card\" content=\"summary_large_image\" \/>\n<meta name=\"twitter:creator\" content=\"@webdo_tn\" \/>\n<meta name=\"twitter:site\" content=\"@webdo_tn\" \/>\n<meta name=\"twitter:label1\" content=\"\u00c9crit par\" \/>\n\t<meta name=\"twitter:data1\" content=\"CL\" \/>\n\t<meta name=\"twitter:label2\" content=\"Dur\u00e9e de lecture estim\u00e9e\" \/>\n\t<meta name=\"twitter:data2\" content=\"1 minute\" \/>\n<script type=\"application\/ld+json\" class=\"yoast-schema-graph\">{\"@context\":\"https:\\\/\\\/schema.org\",\"@graph\":[{\"@type\":\"NewsArticle\",\"@id\":\"https:\\\/\\\/www.webdo.tn\\\/fr\\\/actualite\\\/international\\\/massacre-a-gaza-100-morts-dans-une-frappe-sioniste-contre-une-ecole\\\/215749\\\/#article\",\"isPartOf\":{\"@id\":\"https:\\\/\\\/www.webdo.tn\\\/fr\\\/actualite\\\/international\\\/massacre-a-gaza-100-morts-dans-une-frappe-sioniste-contre-une-ecole\\\/215749\\\/\"},\"author\":{\"name\":\"CL\",\"@id\":\"https:\\\/\\\/www.webdo.tn\\\/fr\\\/#\\\/schema\\\/person\\\/f35b42a42c5e2511bbd282959d6385cc\"},\"headline\":\"Massacre \u00e0 Gaza : 100 morts dans une frappe sioniste contre une \u00e9cole\",\"datePublished\":\"2024-08-10T08:19:00+00:00\",\"dateModified\":\"2025-05-20T22:35:02+00:00\",\"mainEntityOfPage\":{\"@id\":\"https:\\\/\\\/www.webdo.tn\\\/fr\\\/actualite\\\/international\\\/massacre-a-gaza-100-morts-dans-une-frappe-sioniste-contre-une-ecole\\\/215749\\\/\"},\"wordCount\":166,\"commentCount\":0,\"publisher\":{\"@id\":\"https:\\\/\\\/www.webdo.tn\\\/fr\\\/#organization\"},\"image\":{\"@id\":\"https:\\\/\\\/www.webdo.tn\\\/fr\\\/actualite\\\/international\\\/massacre-a-gaza-100-morts-dans-une-frappe-sioniste-contre-une-ecole\\\/215749\\\/#primaryimage\"},\"thumbnailUrl\":\"https:\\\/\\\/www.webdo.tn\\\/fr\\\/wp-content\\\/uploads\\\/2024\\\/08\\\/4acfd6f254084beb54d6146e44e99cac.webp\",\"keywords\":[\"Gaza\",\"isra\u00ebl\",\"massacre\"],\"articleSection\":[\"International\"],\"inLanguage\":\"fr-FR\"},{\"@type\":\"WebPage\",\"@id\":\"https:\\\/\\\/www.webdo.tn\\\/fr\\\/actualite\\\/international\\\/massacre-a-gaza-100-morts-dans-une-frappe-sioniste-contre-une-ecole\\\/215749\\\/\",\"url\":\"https:\\\/\\\/www.webdo.tn\\\/fr\\\/actualite\\\/international\\\/massacre-a-gaza-100-morts-dans-une-frappe-sioniste-contre-une-ecole\\\/215749\\\/\",\"name\":\"Massacre \u00e0 Gaza : 100 morts dans une frappe sioniste contre une \u00e9cole\",\"isPartOf\":{\"@id\":\"https:\\\/\\\/www.webdo.tn\\\/fr\\\/#website\"},\"primaryImageOfPage\":{\"@id\":\"https:\\\/\\\/www.webdo.tn\\\/fr\\\/actualite\\\/international\\\/massacre-a-gaza-100-morts-dans-une-frappe-sioniste-contre-une-ecole\\\/215749\\\/#primaryimage\"},\"image\":{\"@id\":\"https:\\\/\\\/www.webdo.tn\\\/fr\\\/actualite\\\/international\\\/massacre-a-gaza-100-morts-dans-une-frappe-sioniste-contre-une-ecole\\\/215749\\\/#primaryimage\"},\"thumbnailUrl\":\"https:\\\/\\\/www.webdo.tn\\\/fr\\\/wp-content\\\/uploads\\\/2024\\\/08\\\/4acfd6f254084beb54d6146e44e99cac.webp\",\"datePublished\":\"2024-08-10T08:19:00+00:00\",\"dateModified\":\"2025-05-20T22:35:02+00:00\",\"description\":\"Alors que l'arm\u00e9e sioniste pr\u00e9tend avoir vis\u00e9 un centre de commandement du Hamas, toutes les victimes \u00e9taient des civils.\u00a0\",\"breadcrumb\":{\"@id\":\"https:\\\/\\\/www.webdo.tn\\\/fr\\\/actualite\\\/international\\\/massacre-a-gaza-100-morts-dans-une-frappe-sioniste-contre-une-ecole\\\/215749\\\/#breadcrumb\"},\"inLanguage\":\"fr-FR\",\"potentialAction\":[{\"@type\":\"ReadAction\",\"target\":[\"https:\\\/\\\/www.webdo.tn\\\/fr\\\/actualite\\\/international\\\/massacre-a-gaza-100-morts-dans-une-frappe-sioniste-contre-une-ecole\\\/215749\\\/\"]}]},{\"@type\":\"ImageObject\",\"inLanguage\":\"fr-FR\",\"@id\":\"https:\\\/\\\/www.webdo.tn\\\/fr\\\/actualite\\\/international\\\/massacre-a-gaza-100-morts-dans-une-frappe-sioniste-contre-une-ecole\\\/215749\\\/#primaryimage\",\"url\":\"https:\\\/\\\/www.webdo.tn\\\/fr\\\/wp-content\\\/uploads\\\/2024\\\/08\\\/4acfd6f254084beb54d6146e44e99cac.webp\",\"contentUrl\":\"https:\\\/\\\/www.webdo.tn\\\/fr\\\/wp-content\\\/uploads\\\/2024\\\/08\\\/4acfd6f254084beb54d6146e44e99cac.webp\",\"width\":750,\"height\":400,\"caption\":\"Massacre \u00e0 Gaza : 100 morts dans une frappe sioniste contre une \u00e9cole\"},{\"@type\":\"BreadcrumbList\",\"@id\":\"https:\\\/\\\/www.webdo.tn\\\/fr\\\/actualite\\\/international\\\/massacre-a-gaza-100-morts-dans-une-frappe-sioniste-contre-une-ecole\\\/215749\\\/#breadcrumb\",\"itemListElement\":[{\"@type\":\"ListItem\",\"position\":1,\"name\":\"Accueil\",\"item\":\"https:\\\/\\\/www.webdo.tn\\\/fr\\\/\"},{\"@type\":\"ListItem\",\"position\":2,\"name\":\"Massacre \u00e0 Gaza : 100 morts dans une frappe sioniste contre une \u00e9cole\"}]},{\"@type\":\"WebSite\",\"@id\":\"https:\\\/\\\/www.webdo.tn\\\/fr\\\/#website\",\"url\":\"https:\\\/\\\/www.webdo.tn\\\/fr\\\/\",\"name\":\"webdo\",\"description\":\"Tunisie - News en Tunisie et \u00e0 l&#039;international sur Webdo.tn\",\"publisher\":{\"@id\":\"https:\\\/\\\/www.webdo.tn\\\/fr\\\/#organization\"},\"potentialAction\":[{\"@type\":\"SearchAction\",\"target\":{\"@type\":\"EntryPoint\",\"urlTemplate\":\"https:\\\/\\\/www.webdo.tn\\\/fr\\\/?s={search_term_string}\"},\"query-input\":{\"@type\":\"PropertyValueSpecification\",\"valueRequired\":true,\"valueName\":\"search_term_string\"}}],\"inLanguage\":\"fr-FR\"},{\"@type\":\"Organization\",\"@id\":\"https:\\\/\\\/www.webdo.tn\\\/fr\\\/#organization\",\"name\":\"Webdo\",\"alternateName\":\"Webdo.tn\",\"url\":\"https:\\\/\\\/www.webdo.tn\\\/fr\\\/\",\"logo\":{\"@type\":\"ImageObject\",\"inLanguage\":\"fr-FR\",\"@id\":\"https:\\\/\\\/www.webdo.tn\\\/fr\\\/#\\\/schema\\\/logo\\\/image\\\/\",\"url\":\"https:\\\/\\\/www.webdo.tn\\\/fr\\\/wp-content\\\/uploads\\\/2025\\\/06\\\/Webdo-Tunisie_168377.jpg\",\"contentUrl\":\"https:\\\/\\\/www.webdo.tn\\\/fr\\\/wp-content\\\/uploads\\\/2025\\\/06\\\/Webdo-Tunisie_168377.jpg\",\"width\":301,\"height\":301,\"caption\":\"Webdo\"},\"image\":{\"@id\":\"https:\\\/\\\/www.webdo.tn\\\/fr\\\/#\\\/schema\\\/logo\\\/image\\\/\"},\"sameAs\":[\"https:\\\/\\\/www.facebook.com\\\/webdotn\",\"https:\\\/\\\/x.com\\\/webdo_tn\"],\"description\":\"Webdo est un m\u00e9dia num\u00e9rique tunisien fond\u00e9 en 2010, sp\u00e9cialis\u00e9 dans l\u2019actualit\u00e9 nationale et internationale, l\u2019\u00e9conomie, la soci\u00e9t\u00e9 et les analyses politiques. Le site s\u2019adresse \u00e0 un large public francophone et couvre l\u2019information tunisienne en temps r\u00e9el.\",\"email\":\"redac@webdo.tn\",\"legalName\":\"YNJ SARL\",\"foundingDate\":\"2010-09-06\",\"numberOfEmployees\":{\"@type\":\"QuantitativeValue\",\"minValue\":\"11\",\"maxValue\":\"50\"}},{\"@type\":\"Person\",\"@id\":\"https:\\\/\\\/www.webdo.tn\\\/fr\\\/#\\\/schema\\\/person\\\/f35b42a42c5e2511bbd282959d6385cc\",\"name\":\"CL\",\"image\":{\"@type\":\"ImageObject\",\"inLanguage\":\"fr-FR\",\"@id\":\"https:\\\/\\\/secure.gravatar.com\\\/avatar\\\/1447a49909b67aa657c488aec6512e1dd6143a480c1ecfee9b5b5cd74eb3b59e?s=96&d=mm&r=g\",\"url\":\"https:\\\/\\\/secure.gravatar.com\\\/avatar\\\/1447a49909b67aa657c488aec6512e1dd6143a480c1ecfee9b5b5cd74eb3b59e?s=96&d=mm&r=g\",\"contentUrl\":\"https:\\\/\\\/secure.gravatar.com\\\/avatar\\\/1447a49909b67aa657c488aec6512e1dd6143a480c1ecfee9b5b5cd74eb3b59e?s=96&d=mm&r=g\",\"caption\":\"CL\"},\"url\":\"https:\\\/\\\/www.webdo.tn\\\/fr\\\/actualite\\\/author\\\/cl\\\/\"}]}<\/script>\n<!-- \/ Yoast SEO Premium plugin. -->","yoast_head_json":{"title":"Massacre \u00e0 Gaza : 100 morts dans une frappe sioniste contre une \u00e9cole","description":"Alors que l'arm\u00e9e sioniste pr\u00e9tend avoir vis\u00e9 un centre de commandement du Hamas, toutes les victimes \u00e9taient des civils.\u00a0","canonical":"https:\/\/www.webdo.tn\/fr\/actualite\/international\/massacre-a-gaza-100-morts-dans-une-frappe-sioniste-contre-une-ecole\/215749\/","og_locale":"fr_FR","og_type":"article","og_title":"Massacre \u00e0 Gaza : 100 morts dans une frappe sioniste contre une \u00e9cole","og_description":"Alors que l'arm\u00e9e sioniste pr\u00e9tend avoir vis\u00e9 un centre de commandement du Hamas, toutes les victimes \u00e9taient des civils.\u00a0","og_url":"https:\/\/www.webdo.tn\/fr\/actualite\/international\/massacre-a-gaza-100-morts-dans-une-frappe-sioniste-contre-une-ecole\/215749\/","og_site_name":"webdo","article_publisher":"https:\/\/www.facebook.com\/webdotn","article_published_time":"2024-08-10T08:19:00+00:00","article_modified_time":"2025-05-20T22:35:02+00:00","og_image":[{"width":750,"height":400,"url":"https:\/\/www.webdo.tn\/fr\/wp-content\/uploads\/2024\/08\/4acfd6f254084beb54d6146e44e99cac.webp","type":"image\/webp"}],"author":"CL","twitter_card":"summary_large_image","twitter_creator":"@webdo_tn","twitter_site":"@webdo_tn","twitter_misc":{"\u00c9crit par":"CL","Dur\u00e9e de lecture estim\u00e9e":"1 minute"},"schema":{"@context":"https:\/\/schema.org","@graph":[{"@type":"NewsArticle","@id":"https:\/\/www.webdo.tn\/fr\/actualite\/international\/massacre-a-gaza-100-morts-dans-une-frappe-sioniste-contre-une-ecole\/215749\/#article","isPartOf":{"@id":"https:\/\/www.webdo.tn\/fr\/actualite\/international\/massacre-a-gaza-100-morts-dans-une-frappe-sioniste-contre-une-ecole\/215749\/"},"author":{"name":"CL","@id":"https:\/\/www.webdo.tn\/fr\/#\/schema\/person\/f35b42a42c5e2511bbd282959d6385cc"},"headline":"Massacre \u00e0 Gaza : 100 morts dans une frappe sioniste contre une \u00e9cole","datePublished":"2024-08-10T08:19:00+00:00","dateModified":"2025-05-20T22:35:02+00:00","mainEntityOfPage":{"@id":"https:\/\/www.webdo.tn\/fr\/actualite\/international\/massacre-a-gaza-100-morts-dans-une-frappe-sioniste-contre-une-ecole\/215749\/"},"wordCount":166,"commentCount":0,"publisher":{"@id":"https:\/\/www.webdo.tn\/fr\/#organization"},"image":{"@id":"https:\/\/www.webdo.tn\/fr\/actualite\/international\/massacre-a-gaza-100-morts-dans-une-frappe-sioniste-contre-une-ecole\/215749\/#primaryimage"},"thumbnailUrl":"https:\/\/www.webdo.tn\/fr\/wp-content\/uploads\/2024\/08\/4acfd6f254084beb54d6146e44e99cac.webp","keywords":["Gaza","isra\u00ebl","massacre"],"articleSection":["International"],"inLanguage":"fr-FR"},{"@type":"WebPage","@id":"https:\/\/www.webdo.tn\/fr\/actualite\/international\/massacre-a-gaza-100-morts-dans-une-frappe-sioniste-contre-une-ecole\/215749\/","url":"https:\/\/www.webdo.tn\/fr\/actualite\/international\/massacre-a-gaza-100-morts-dans-une-frappe-sioniste-contre-une-ecole\/215749\/","name":"Massacre \u00e0 Gaza : 100 morts dans une frappe sioniste contre une \u00e9cole","isPartOf":{"@id":"https:\/\/www.webdo.tn\/fr\/#website"},"primaryImageOfPage":{"@id":"https:\/\/www.webdo.tn\/fr\/actualite\/international\/massacre-a-gaza-100-morts-dans-une-frappe-sioniste-contre-une-ecole\/215749\/#primaryimage"},"image":{"@id":"https:\/\/www.webdo.tn\/fr\/actualite\/international\/massacre-a-gaza-100-morts-dans-une-frappe-sioniste-contre-une-ecole\/215749\/#primaryimage"},"thumbnailUrl":"https:\/\/www.webdo.tn\/fr\/wp-content\/uploads\/2024\/08\/4acfd6f254084beb54d6146e44e99cac.webp","datePublished":"2024-08-10T08:19:00+00:00","dateModified":"2025-05-20T22:35:02+00:00","description":"Alors que l'arm\u00e9e sioniste pr\u00e9tend avoir vis\u00e9 un centre de commandement du Hamas, toutes les victimes \u00e9taient des civils.\u00a0","breadcrumb":{"@id":"https:\/\/www.webdo.tn\/fr\/actualite\/international\/massacre-a-gaza-100-morts-dans-une-frappe-sioniste-contre-une-ecole\/215749\/#breadcrumb"},"inLanguage":"fr-FR","potentialAction":[{"@type":"ReadAction","target":["https:\/\/www.webdo.tn\/fr\/actualite\/international\/massacre-a-gaza-100-morts-dans-une-frappe-sioniste-contre-une-ecole\/215749\/"]}]},{"@type":"ImageObject","inLanguage":"fr-FR","@id":"https:\/\/www.webdo.tn\/fr\/actualite\/international\/massacre-a-gaza-100-morts-dans-une-frappe-sioniste-contre-une-ecole\/215749\/#primaryimage","url":"https:\/\/www.webdo.tn\/fr\/wp-content\/uploads\/2024\/08\/4acfd6f254084beb54d6146e44e99cac.webp","contentUrl":"https:\/\/www.webdo.tn\/fr\/wp-content\/uploads\/2024\/08\/4acfd6f254084beb54d6146e44e99cac.webp","width":750,"height":400,"caption":"Massacre \u00e0 Gaza : 100 morts dans une frappe sioniste contre une \u00e9cole"},{"@type":"BreadcrumbList","@id":"https:\/\/www.webdo.tn\/fr\/actualite\/international\/massacre-a-gaza-100-morts-dans-une-frappe-sioniste-contre-une-ecole\/215749\/#breadcrumb","itemListElement":[{"@type":"ListItem","position":1,"name":"Accueil","item":"https:\/\/www.webdo.tn\/fr\/"},{"@type":"ListItem","position":2,"name":"Massacre \u00e0 Gaza : 100 morts dans une frappe sioniste contre une \u00e9cole"}]},{"@type":"WebSite","@id":"https:\/\/www.webdo.tn\/fr\/#website","url":"https:\/\/www.webdo.tn\/fr\/","name":"webdo","description":"Tunisie - News en Tunisie et \u00e0 l&#039;international sur Webdo.tn","publisher":{"@id":"https:\/\/www.webdo.tn\/fr\/#organization"},"potentialAction":[{"@type":"SearchAction","target":{"@type":"EntryPoint","urlTemplate":"https:\/\/www.webdo.tn\/fr\/?s={search_term_string}"},"query-input":{"@type":"PropertyValueSpecification","valueRequired":true,"valueName":"search_term_string"}}],"inLanguage":"fr-FR"},{"@type":"Organization","@id":"https:\/\/www.webdo.tn\/fr\/#organization","name":"Webdo","alternateName":"Webdo.tn","url":"https:\/\/www.webdo.tn\/fr\/","logo":{"@type":"ImageObject","inLanguage":"fr-FR","@id":"https:\/\/www.webdo.tn\/fr\/#\/schema\/logo\/image\/","url":"https:\/\/www.webdo.tn\/fr\/wp-content\/uploads\/2025\/06\/Webdo-Tunisie_168377.jpg","contentUrl":"https:\/\/www.webdo.tn\/fr\/wp-content\/uploads\/2025\/06\/Webdo-Tunisie_168377.jpg","width":301,"height":301,"caption":"Webdo"},"image":{"@id":"https:\/\/www.webdo.tn\/fr\/#\/schema\/logo\/image\/"},"sameAs":["https:\/\/www.facebook.com\/webdotn","https:\/\/x.com\/webdo_tn"],"description":"Webdo est un m\u00e9dia num\u00e9rique tunisien fond\u00e9 en 2010, sp\u00e9cialis\u00e9 dans l\u2019actualit\u00e9 nationale et internationale, l\u2019\u00e9conomie, la soci\u00e9t\u00e9 et les analyses politiques. Le site s\u2019adresse \u00e0 un large public francophone et couvre l\u2019information tunisienne en temps r\u00e9el.","email":"redac@webdo.tn","legalName":"YNJ SARL","foundingDate":"2010-09-06","numberOfEmployees":{"@type":"QuantitativeValue","minValue":"11","maxValue":"50"}},{"@type":"Person","@id":"https:\/\/www.webdo.tn\/fr\/#\/schema\/person\/f35b42a42c5e2511bbd282959d6385cc","name":"CL","image":{"@type":"ImageObject","inLanguage":"fr-FR","@id":"https:\/\/secure.gravatar.com\/avatar\/1447a49909b67aa657c488aec6512e1dd6143a480c1ecfee9b5b5cd74eb3b59e?s=96&d=mm&r=g","url":"https:\/\/secure.gravatar.com\/avatar\/1447a49909b67aa657c488aec6512e1dd6143a480c1ecfee9b5b5cd74eb3b59e?s=96&d=mm&r=g","contentUrl":"https:\/\/secure.gravatar.com\/avatar\/1447a49909b67aa657c488aec6512e1dd6143a480c1ecfee9b5b5cd74eb3b59e?s=96&d=mm&r=g","caption":"CL"},"url":"https:\/\/www.webdo.tn\/fr\/actualite\/author\/cl\/"}]}},"_links":{"self":[{"href":"https:\/\/www.webdo.tn\/fr\/wp-json\/wp\/v2\/posts\/215749","targetHints":{"allow":["GET"]}}],"collection":[{"href":"https:\/\/www.webdo.tn\/fr\/wp-json\/wp\/v2\/posts"}],"about":[{"href":"https:\/\/www.webdo.tn\/fr\/wp-json\/wp\/v2\/types\/post"}],"author":[{"embeddable":true,"href":"https:\/\/www.webdo.tn\/fr\/wp-json\/wp\/v2\/users\/3175"}],"replies":[{"embeddable":true,"href":"https:\/\/www.webdo.tn\/fr\/wp-json\/wp\/v2\/comments?post=215749"}],"version-history":[{"count":0,"href":"https:\/\/www.webdo.tn\/fr\/wp-json\/wp\/v2\/posts\/215749\/revisions"}],"wp:featuredmedia":[{"embeddable":true,"href":"https:\/\/www.webdo.tn\/fr\/wp-json\/wp\/v2\/media\/246811"}],"wp:attachment":[{"href":"https:\/\/www.webdo.tn\/fr\/wp-json\/wp\/v2\/media?parent=215749"}],"wp:term":[{"taxonomy":"category","embeddable":true,"href":"https:\/\/www.webdo.tn\/fr\/wp-json\/wp\/v2\/categories?post=215749"},{"taxonomy":"post_tag","embeddable":true,"href":"https:\/\/www.webdo.tn\/fr\/wp-json\/wp\/v2\/tags?post=215749"}],"curies":[{"name":"wp","href":"https:\/\/api.w.org\/{rel}","templated":true}]}}