{"id":215744,"date":"2024-08-09T19:24:00","date_gmt":"2024-08-09T19:24:00","guid":{"rendered":"https:\/\/www.webdo.tn\/fr\/blog\/kais-saied-la-tunisie-ne-tolerera-pas-les-personnes-en-situation-irreguliere-sur-son-territoire\/215744\/"},"modified":"2025-05-21T09:04:24","modified_gmt":"2025-05-21T09:04:24","slug":"kais-saied-la-tunisie-ne-tolerera-pas-les-personnes-en-situation-irreguliere-sur-son-territoire","status":"publish","type":"post","link":"https:\/\/www.webdo.tn\/fr\/actualite\/national\/kais-saied-la-tunisie-ne-tolerera-pas-les-personnes-en-situation-irreguliere-sur-son-territoire\/215744\/","title":{"rendered":"Ka\u00efs Sa\u00efed : \u00ab\u00a0La Tunisie ne tol\u00e9rera pas les personnes en situation irr\u00e9guli\u00e8re sur son territoire\u00a0\u00bb"},"content":{"rendered":"<p>Le pr\u00e9sident de la R\u00e9publique, Ka\u00efs Sa\u00efed, a re\u00e7u ce vendredi 9 ao\u00fbt 2024 au Palais de Carthage L\u00e9on Kacou Adom, ministre des Affaires \u00e9trang\u00e8res, de l&rsquo;Int\u00e9gration africaine et des Ivoiriens de l&rsquo;ext\u00e9rieur. Cette rencontre s&rsquo;inscrit dans le cadre des efforts continus pour renforcer les relations entre la Tunisie et la C\u00f4te d&rsquo;Ivoire.<\/p>\n<p>\t\t\t\t\t\t\t\t\tLe pr\u00e9sident Sa\u00efed a soulign\u00e9 l&rsquo;importance de l&rsquo;appartenance de la Tunisie au continent africain et a r\u00e9affirm\u00e9 son engagement \u00e0 d\u00e9velopper les relations d&rsquo;amiti\u00e9 et de coop\u00e9ration avec les pays africains. Il a mis en avant les ressources humaines et naturelles consid\u00e9rables de l&rsquo;Afrique, qui peuvent aider \u00e0 surmonter les d\u00e9fis \u00e9conomiques et sociaux.<\/p>\n<p>Le pr\u00e9sident a exprim\u00e9 sa satisfaction quant aux progr\u00e8s r\u00e9alis\u00e9s dans les relations entre la Tunisie et la C\u00f4te d&rsquo;Ivoire dans divers domaines. Il a appel\u00e9 \u00e0 un renforcement de la coop\u00e9ration, notamment dans les secteurs \u00e9conomique, commercial, \u00e9ducatif, scientifique, technologique, culturel et de la sant\u00e9. Il a \u00e9galement encourag\u00e9 le partenariat entre les secteurs priv\u00e9s des deux pays pour la r\u00e9alisation de projets diversifi\u00e9s.<\/p>\n<p>Concernant l&rsquo;immigration irr\u00e9guli\u00e8re, le pr\u00e9sident Sa\u00efed a affirm\u00e9 que la Tunisie accueille les ressortissants africains avec humanit\u00e9, mais ne tol\u00e9rera pas les personnes en situation irr\u00e9guli\u00e8re sur son territoire. Il a plaid\u00e9 pour une approche globale et consensuelle pour traiter ce probl\u00e8me, en s&rsquo;attaquant aux causes profondes et en luttant contre les r\u00e9seaux criminels impliqu\u00e9s.<\/p>\n","protected":false},"excerpt":{"rendered":"<p>Rencontre entre Ka\u00efs Sa\u00efed et L\u00e9on Kacou Adom : Renforcement des relations Tuniso-Ivoiriennes, coop\u00e9ration \u00e9conomique, culturelle et gestion de l&rsquo;immigration ir&#8230;<\/p>\n","protected":false},"author":3166,"featured_media":246810,"comment_status":"open","ping_status":"closed","sticky":false,"template":"","format":"standard","meta":{"footnotes":""},"categories":[44],"tags":[5946,2614,5947,2608],"class_list":["post-215744","post","type-post","status-publish","format-standard","has-post-thumbnail","hentry","category-national","tag-cote-divoire","tag-kais-saied","tag-leon-kacou-adom","tag-tunisie"],"yoast_head":"<!-- This site is optimized with the Yoast SEO Premium plugin v27.5 (Yoast SEO v27.5) - https:\/\/yoast.com\/product\/yoast-seo-premium-wordpress\/ -->\n<title>Ka\u00efs Sa\u00efed : La Tunisie ne tol\u00e9rera pas les personnes en situation irr\u00e9guli\u00e8re sur son territoire<\/title>\n<meta name=\"description\" content=\"Rencontre entre Ka\u00efs Sa\u00efed et L\u00e9on Kacou Adom : Renforcement des relations Tuniso-Ivoiriennes, coop\u00e9ration \u00e9conomique, culturelle et gestion de l&#039;immigration ir...\" \/>\n<link rel=\"canonical\" href=\"https:\/\/www.webdo.tn\/fr\/actualite\/national\/kais-saied-la-tunisie-ne-tolerera-pas-les-personnes-en-situation-irreguliere-sur-son-territoire\/215744\/\" \/>\n<meta property=\"og:locale\" content=\"fr_FR\" \/>\n<meta property=\"og:type\" content=\"article\" \/>\n<meta property=\"og:title\" content=\"Ka\u00efs Sa\u00efed : &quot;La Tunisie ne tol\u00e9rera pas les personnes en situation irr\u00e9guli\u00e8re sur son territoire&quot;\" \/>\n<meta property=\"og:description\" content=\"Rencontre entre Ka\u00efs Sa\u00efed et L\u00e9on Kacou Adom : Renforcement des relations Tuniso-Ivoiriennes, coop\u00e9ration \u00e9conomique, culturelle et gestion de l&#039;immigration ir...\" \/>\n<meta property=\"og:url\" content=\"https:\/\/www.webdo.tn\/fr\/actualite\/national\/kais-saied-la-tunisie-ne-tolerera-pas-les-personnes-en-situation-irreguliere-sur-son-territoire\/215744\/\" \/>\n<meta property=\"og:site_name\" content=\"webdo\" \/>\n<meta property=\"article:publisher\" content=\"https:\/\/www.facebook.com\/webdotn\" \/>\n<meta property=\"article:published_time\" content=\"2024-08-09T19:24:00+00:00\" \/>\n<meta property=\"article:modified_time\" content=\"2025-05-21T09:04:24+00:00\" \/>\n<meta property=\"og:image\" content=\"https:\/\/www.webdo.tn\/fr\/wp-content\/uploads\/2024\/08\/df0bb0baa471c71509b5b26dca65b4ba.webp\" \/>\n\t<meta property=\"og:image:width\" content=\"750\" \/>\n\t<meta property=\"og:image:height\" content=\"400\" \/>\n\t<meta property=\"og:image:type\" content=\"image\/webp\" \/>\n<meta name=\"author\" content=\"AZ\" \/>\n<meta name=\"twitter:card\" content=\"summary_large_image\" \/>\n<meta name=\"twitter:creator\" content=\"@webdo_tn\" \/>\n<meta name=\"twitter:site\" content=\"@webdo_tn\" \/>\n<meta name=\"twitter:label1\" content=\"\u00c9crit par\" \/>\n\t<meta name=\"twitter:data1\" content=\"AZ\" \/>\n\t<meta name=\"twitter:label2\" content=\"Dur\u00e9e de lecture estim\u00e9e\" \/>\n\t<meta name=\"twitter:data2\" content=\"1 minute\" \/>\n<script type=\"application\/ld+json\" class=\"yoast-schema-graph\">{\"@context\":\"https:\\\/\\\/schema.org\",\"@graph\":[{\"@type\":\"NewsArticle\",\"@id\":\"https:\\\/\\\/www.webdo.tn\\\/fr\\\/actualite\\\/national\\\/kais-saied-la-tunisie-ne-tolerera-pas-les-personnes-en-situation-irreguliere-sur-son-territoire\\\/215744\\\/#article\",\"isPartOf\":{\"@id\":\"https:\\\/\\\/www.webdo.tn\\\/fr\\\/actualite\\\/national\\\/kais-saied-la-tunisie-ne-tolerera-pas-les-personnes-en-situation-irreguliere-sur-son-territoire\\\/215744\\\/\"},\"author\":{\"name\":\"AZ\",\"@id\":\"https:\\\/\\\/www.webdo.tn\\\/fr\\\/#\\\/schema\\\/person\\\/b8a41c04d93287d375510db360906b34\"},\"headline\":\"Ka\u00efs Sa\u00efed : \u00ab\u00a0La Tunisie ne tol\u00e9rera pas les personnes en situation irr\u00e9guli\u00e8re sur son territoire\u00a0\u00bb\",\"datePublished\":\"2024-08-09T19:24:00+00:00\",\"dateModified\":\"2025-05-21T09:04:24+00:00\",\"mainEntityOfPage\":{\"@id\":\"https:\\\/\\\/www.webdo.tn\\\/fr\\\/actualite\\\/national\\\/kais-saied-la-tunisie-ne-tolerera-pas-les-personnes-en-situation-irreguliere-sur-son-territoire\\\/215744\\\/\"},\"wordCount\":290,\"commentCount\":0,\"publisher\":{\"@id\":\"https:\\\/\\\/www.webdo.tn\\\/fr\\\/#organization\"},\"image\":{\"@id\":\"https:\\\/\\\/www.webdo.tn\\\/fr\\\/actualite\\\/national\\\/kais-saied-la-tunisie-ne-tolerera-pas-les-personnes-en-situation-irreguliere-sur-son-territoire\\\/215744\\\/#primaryimage\"},\"thumbnailUrl\":\"https:\\\/\\\/www.webdo.tn\\\/fr\\\/wp-content\\\/uploads\\\/2024\\\/08\\\/df0bb0baa471c71509b5b26dca65b4ba.webp\",\"keywords\":[\"C\u00f4te-d'Ivoire\",\"Kais Saied\",\"L\u00e9on Kacou Adom\",\"Tunisie\"],\"articleSection\":[\"National\"],\"inLanguage\":\"fr-FR\"},{\"@type\":\"WebPage\",\"@id\":\"https:\\\/\\\/www.webdo.tn\\\/fr\\\/actualite\\\/national\\\/kais-saied-la-tunisie-ne-tolerera-pas-les-personnes-en-situation-irreguliere-sur-son-territoire\\\/215744\\\/\",\"url\":\"https:\\\/\\\/www.webdo.tn\\\/fr\\\/actualite\\\/national\\\/kais-saied-la-tunisie-ne-tolerera-pas-les-personnes-en-situation-irreguliere-sur-son-territoire\\\/215744\\\/\",\"name\":\"Ka\u00efs Sa\u00efed : La Tunisie ne tol\u00e9rera pas les personnes en situation irr\u00e9guli\u00e8re sur son territoire\",\"isPartOf\":{\"@id\":\"https:\\\/\\\/www.webdo.tn\\\/fr\\\/#website\"},\"primaryImageOfPage\":{\"@id\":\"https:\\\/\\\/www.webdo.tn\\\/fr\\\/actualite\\\/national\\\/kais-saied-la-tunisie-ne-tolerera-pas-les-personnes-en-situation-irreguliere-sur-son-territoire\\\/215744\\\/#primaryimage\"},\"image\":{\"@id\":\"https:\\\/\\\/www.webdo.tn\\\/fr\\\/actualite\\\/national\\\/kais-saied-la-tunisie-ne-tolerera-pas-les-personnes-en-situation-irreguliere-sur-son-territoire\\\/215744\\\/#primaryimage\"},\"thumbnailUrl\":\"https:\\\/\\\/www.webdo.tn\\\/fr\\\/wp-content\\\/uploads\\\/2024\\\/08\\\/df0bb0baa471c71509b5b26dca65b4ba.webp\",\"datePublished\":\"2024-08-09T19:24:00+00:00\",\"dateModified\":\"2025-05-21T09:04:24+00:00\",\"description\":\"Rencontre entre Ka\u00efs Sa\u00efed et L\u00e9on Kacou Adom : Renforcement des relations Tuniso-Ivoiriennes, coop\u00e9ration \u00e9conomique, culturelle et gestion de l'immigration ir...\",\"breadcrumb\":{\"@id\":\"https:\\\/\\\/www.webdo.tn\\\/fr\\\/actualite\\\/national\\\/kais-saied-la-tunisie-ne-tolerera-pas-les-personnes-en-situation-irreguliere-sur-son-territoire\\\/215744\\\/#breadcrumb\"},\"inLanguage\":\"fr-FR\",\"potentialAction\":[{\"@type\":\"ReadAction\",\"target\":[\"https:\\\/\\\/www.webdo.tn\\\/fr\\\/actualite\\\/national\\\/kais-saied-la-tunisie-ne-tolerera-pas-les-personnes-en-situation-irreguliere-sur-son-territoire\\\/215744\\\/\"]}]},{\"@type\":\"ImageObject\",\"inLanguage\":\"fr-FR\",\"@id\":\"https:\\\/\\\/www.webdo.tn\\\/fr\\\/actualite\\\/national\\\/kais-saied-la-tunisie-ne-tolerera-pas-les-personnes-en-situation-irreguliere-sur-son-territoire\\\/215744\\\/#primaryimage\",\"url\":\"https:\\\/\\\/www.webdo.tn\\\/fr\\\/wp-content\\\/uploads\\\/2024\\\/08\\\/df0bb0baa471c71509b5b26dca65b4ba.webp\",\"contentUrl\":\"https:\\\/\\\/www.webdo.tn\\\/fr\\\/wp-content\\\/uploads\\\/2024\\\/08\\\/df0bb0baa471c71509b5b26dca65b4ba.webp\",\"width\":750,\"height\":400,\"caption\":\"Ka\u00efs Sa\u00efed : \\\"La Tunisie ne tol\u00e9rera pas les personnes en situation irr\u00e9guli\u00e8re sur son territoire\\\"\"},{\"@type\":\"BreadcrumbList\",\"@id\":\"https:\\\/\\\/www.webdo.tn\\\/fr\\\/actualite\\\/national\\\/kais-saied-la-tunisie-ne-tolerera-pas-les-personnes-en-situation-irreguliere-sur-son-territoire\\\/215744\\\/#breadcrumb\",\"itemListElement\":[{\"@type\":\"ListItem\",\"position\":1,\"name\":\"Accueil\",\"item\":\"https:\\\/\\\/www.webdo.tn\\\/fr\\\/\"},{\"@type\":\"ListItem\",\"position\":2,\"name\":\"Ka\u00efs Sa\u00efed : &#8220;La Tunisie ne tol\u00e9rera pas les personnes en situation irr\u00e9guli\u00e8re sur son territoire&#8221;\"}]},{\"@type\":\"WebSite\",\"@id\":\"https:\\\/\\\/www.webdo.tn\\\/fr\\\/#website\",\"url\":\"https:\\\/\\\/www.webdo.tn\\\/fr\\\/\",\"name\":\"webdo\",\"description\":\"Tunisie - News en Tunisie et \u00e0 l&#039;international sur Webdo.tn\",\"publisher\":{\"@id\":\"https:\\\/\\\/www.webdo.tn\\\/fr\\\/#organization\"},\"potentialAction\":[{\"@type\":\"SearchAction\",\"target\":{\"@type\":\"EntryPoint\",\"urlTemplate\":\"https:\\\/\\\/www.webdo.tn\\\/fr\\\/?s={search_term_string}\"},\"query-input\":{\"@type\":\"PropertyValueSpecification\",\"valueRequired\":true,\"valueName\":\"search_term_string\"}}],\"inLanguage\":\"fr-FR\"},{\"@type\":\"Organization\",\"@id\":\"https:\\\/\\\/www.webdo.tn\\\/fr\\\/#organization\",\"name\":\"Webdo\",\"alternateName\":\"Webdo.tn\",\"url\":\"https:\\\/\\\/www.webdo.tn\\\/fr\\\/\",\"logo\":{\"@type\":\"ImageObject\",\"inLanguage\":\"fr-FR\",\"@id\":\"https:\\\/\\\/www.webdo.tn\\\/fr\\\/#\\\/schema\\\/logo\\\/image\\\/\",\"url\":\"https:\\\/\\\/www.webdo.tn\\\/fr\\\/wp-content\\\/uploads\\\/2025\\\/06\\\/Webdo-Tunisie_168377.jpg\",\"contentUrl\":\"https:\\\/\\\/www.webdo.tn\\\/fr\\\/wp-content\\\/uploads\\\/2025\\\/06\\\/Webdo-Tunisie_168377.jpg\",\"width\":301,\"height\":301,\"caption\":\"Webdo\"},\"image\":{\"@id\":\"https:\\\/\\\/www.webdo.tn\\\/fr\\\/#\\\/schema\\\/logo\\\/image\\\/\"},\"sameAs\":[\"https:\\\/\\\/www.facebook.com\\\/webdotn\",\"https:\\\/\\\/x.com\\\/webdo_tn\"],\"description\":\"Webdo est un m\u00e9dia num\u00e9rique tunisien fond\u00e9 en 2010, sp\u00e9cialis\u00e9 dans l\u2019actualit\u00e9 nationale et internationale, l\u2019\u00e9conomie, la soci\u00e9t\u00e9 et les analyses politiques. Le site s\u2019adresse \u00e0 un large public francophone et couvre l\u2019information tunisienne en temps r\u00e9el.\",\"email\":\"redac@webdo.tn\",\"legalName\":\"YNJ SARL\",\"foundingDate\":\"2010-09-06\",\"numberOfEmployees\":{\"@type\":\"QuantitativeValue\",\"minValue\":\"11\",\"maxValue\":\"50\"}},{\"@type\":\"Person\",\"@id\":\"https:\\\/\\\/www.webdo.tn\\\/fr\\\/#\\\/schema\\\/person\\\/b8a41c04d93287d375510db360906b34\",\"name\":\"AZ\",\"image\":{\"@type\":\"ImageObject\",\"inLanguage\":\"fr-FR\",\"@id\":\"https:\\\/\\\/secure.gravatar.com\\\/avatar\\\/492b80bada79439de4201dce15cd41eece6c277cfdf1b53382073c79105c1f89?s=96&d=mm&r=g\",\"url\":\"https:\\\/\\\/secure.gravatar.com\\\/avatar\\\/492b80bada79439de4201dce15cd41eece6c277cfdf1b53382073c79105c1f89?s=96&d=mm&r=g\",\"contentUrl\":\"https:\\\/\\\/secure.gravatar.com\\\/avatar\\\/492b80bada79439de4201dce15cd41eece6c277cfdf1b53382073c79105c1f89?s=96&d=mm&r=g\",\"caption\":\"AZ\"},\"url\":\"https:\\\/\\\/www.webdo.tn\\\/fr\\\/actualite\\\/author\\\/az\\\/\"}]}<\/script>\n<!-- \/ Yoast SEO Premium plugin. -->","yoast_head_json":{"title":"Ka\u00efs Sa\u00efed : La Tunisie ne tol\u00e9rera pas les personnes en situation irr\u00e9guli\u00e8re sur son territoire","description":"Rencontre entre Ka\u00efs Sa\u00efed et L\u00e9on Kacou Adom : Renforcement des relations Tuniso-Ivoiriennes, coop\u00e9ration \u00e9conomique, culturelle et gestion de l'immigration ir...","canonical":"https:\/\/www.webdo.tn\/fr\/actualite\/national\/kais-saied-la-tunisie-ne-tolerera-pas-les-personnes-en-situation-irreguliere-sur-son-territoire\/215744\/","og_locale":"fr_FR","og_type":"article","og_title":"Ka\u00efs Sa\u00efed : \"La Tunisie ne tol\u00e9rera pas les personnes en situation irr\u00e9guli\u00e8re sur son territoire\"","og_description":"Rencontre entre Ka\u00efs Sa\u00efed et L\u00e9on Kacou Adom : Renforcement des relations Tuniso-Ivoiriennes, coop\u00e9ration \u00e9conomique, culturelle et gestion de l'immigration ir...","og_url":"https:\/\/www.webdo.tn\/fr\/actualite\/national\/kais-saied-la-tunisie-ne-tolerera-pas-les-personnes-en-situation-irreguliere-sur-son-territoire\/215744\/","og_site_name":"webdo","article_publisher":"https:\/\/www.facebook.com\/webdotn","article_published_time":"2024-08-09T19:24:00+00:00","article_modified_time":"2025-05-21T09:04:24+00:00","og_image":[{"width":750,"height":400,"url":"https:\/\/www.webdo.tn\/fr\/wp-content\/uploads\/2024\/08\/df0bb0baa471c71509b5b26dca65b4ba.webp","type":"image\/webp"}],"author":"AZ","twitter_card":"summary_large_image","twitter_creator":"@webdo_tn","twitter_site":"@webdo_tn","twitter_misc":{"\u00c9crit par":"AZ","Dur\u00e9e de lecture estim\u00e9e":"1 minute"},"schema":{"@context":"https:\/\/schema.org","@graph":[{"@type":"NewsArticle","@id":"https:\/\/www.webdo.tn\/fr\/actualite\/national\/kais-saied-la-tunisie-ne-tolerera-pas-les-personnes-en-situation-irreguliere-sur-son-territoire\/215744\/#article","isPartOf":{"@id":"https:\/\/www.webdo.tn\/fr\/actualite\/national\/kais-saied-la-tunisie-ne-tolerera-pas-les-personnes-en-situation-irreguliere-sur-son-territoire\/215744\/"},"author":{"name":"AZ","@id":"https:\/\/www.webdo.tn\/fr\/#\/schema\/person\/b8a41c04d93287d375510db360906b34"},"headline":"Ka\u00efs Sa\u00efed : \u00ab\u00a0La Tunisie ne tol\u00e9rera pas les personnes en situation irr\u00e9guli\u00e8re sur son territoire\u00a0\u00bb","datePublished":"2024-08-09T19:24:00+00:00","dateModified":"2025-05-21T09:04:24+00:00","mainEntityOfPage":{"@id":"https:\/\/www.webdo.tn\/fr\/actualite\/national\/kais-saied-la-tunisie-ne-tolerera-pas-les-personnes-en-situation-irreguliere-sur-son-territoire\/215744\/"},"wordCount":290,"commentCount":0,"publisher":{"@id":"https:\/\/www.webdo.tn\/fr\/#organization"},"image":{"@id":"https:\/\/www.webdo.tn\/fr\/actualite\/national\/kais-saied-la-tunisie-ne-tolerera-pas-les-personnes-en-situation-irreguliere-sur-son-territoire\/215744\/#primaryimage"},"thumbnailUrl":"https:\/\/www.webdo.tn\/fr\/wp-content\/uploads\/2024\/08\/df0bb0baa471c71509b5b26dca65b4ba.webp","keywords":["C\u00f4te-d'Ivoire","Kais Saied","L\u00e9on Kacou Adom","Tunisie"],"articleSection":["National"],"inLanguage":"fr-FR"},{"@type":"WebPage","@id":"https:\/\/www.webdo.tn\/fr\/actualite\/national\/kais-saied-la-tunisie-ne-tolerera-pas-les-personnes-en-situation-irreguliere-sur-son-territoire\/215744\/","url":"https:\/\/www.webdo.tn\/fr\/actualite\/national\/kais-saied-la-tunisie-ne-tolerera-pas-les-personnes-en-situation-irreguliere-sur-son-territoire\/215744\/","name":"Ka\u00efs Sa\u00efed : La Tunisie ne tol\u00e9rera pas les personnes en situation irr\u00e9guli\u00e8re sur son territoire","isPartOf":{"@id":"https:\/\/www.webdo.tn\/fr\/#website"},"primaryImageOfPage":{"@id":"https:\/\/www.webdo.tn\/fr\/actualite\/national\/kais-saied-la-tunisie-ne-tolerera-pas-les-personnes-en-situation-irreguliere-sur-son-territoire\/215744\/#primaryimage"},"image":{"@id":"https:\/\/www.webdo.tn\/fr\/actualite\/national\/kais-saied-la-tunisie-ne-tolerera-pas-les-personnes-en-situation-irreguliere-sur-son-territoire\/215744\/#primaryimage"},"thumbnailUrl":"https:\/\/www.webdo.tn\/fr\/wp-content\/uploads\/2024\/08\/df0bb0baa471c71509b5b26dca65b4ba.webp","datePublished":"2024-08-09T19:24:00+00:00","dateModified":"2025-05-21T09:04:24+00:00","description":"Rencontre entre Ka\u00efs Sa\u00efed et L\u00e9on Kacou Adom : Renforcement des relations Tuniso-Ivoiriennes, coop\u00e9ration \u00e9conomique, culturelle et gestion de l'immigration ir...","breadcrumb":{"@id":"https:\/\/www.webdo.tn\/fr\/actualite\/national\/kais-saied-la-tunisie-ne-tolerera-pas-les-personnes-en-situation-irreguliere-sur-son-territoire\/215744\/#breadcrumb"},"inLanguage":"fr-FR","potentialAction":[{"@type":"ReadAction","target":["https:\/\/www.webdo.tn\/fr\/actualite\/national\/kais-saied-la-tunisie-ne-tolerera-pas-les-personnes-en-situation-irreguliere-sur-son-territoire\/215744\/"]}]},{"@type":"ImageObject","inLanguage":"fr-FR","@id":"https:\/\/www.webdo.tn\/fr\/actualite\/national\/kais-saied-la-tunisie-ne-tolerera-pas-les-personnes-en-situation-irreguliere-sur-son-territoire\/215744\/#primaryimage","url":"https:\/\/www.webdo.tn\/fr\/wp-content\/uploads\/2024\/08\/df0bb0baa471c71509b5b26dca65b4ba.webp","contentUrl":"https:\/\/www.webdo.tn\/fr\/wp-content\/uploads\/2024\/08\/df0bb0baa471c71509b5b26dca65b4ba.webp","width":750,"height":400,"caption":"Ka\u00efs Sa\u00efed : \"La Tunisie ne tol\u00e9rera pas les personnes en situation irr\u00e9guli\u00e8re sur son territoire\""},{"@type":"BreadcrumbList","@id":"https:\/\/www.webdo.tn\/fr\/actualite\/national\/kais-saied-la-tunisie-ne-tolerera-pas-les-personnes-en-situation-irreguliere-sur-son-territoire\/215744\/#breadcrumb","itemListElement":[{"@type":"ListItem","position":1,"name":"Accueil","item":"https:\/\/www.webdo.tn\/fr\/"},{"@type":"ListItem","position":2,"name":"Ka\u00efs Sa\u00efed : &#8220;La Tunisie ne tol\u00e9rera pas les personnes en situation irr\u00e9guli\u00e8re sur son territoire&#8221;"}]},{"@type":"WebSite","@id":"https:\/\/www.webdo.tn\/fr\/#website","url":"https:\/\/www.webdo.tn\/fr\/","name":"webdo","description":"Tunisie - News en Tunisie et \u00e0 l&#039;international sur Webdo.tn","publisher":{"@id":"https:\/\/www.webdo.tn\/fr\/#organization"},"potentialAction":[{"@type":"SearchAction","target":{"@type":"EntryPoint","urlTemplate":"https:\/\/www.webdo.tn\/fr\/?s={search_term_string}"},"query-input":{"@type":"PropertyValueSpecification","valueRequired":true,"valueName":"search_term_string"}}],"inLanguage":"fr-FR"},{"@type":"Organization","@id":"https:\/\/www.webdo.tn\/fr\/#organization","name":"Webdo","alternateName":"Webdo.tn","url":"https:\/\/www.webdo.tn\/fr\/","logo":{"@type":"ImageObject","inLanguage":"fr-FR","@id":"https:\/\/www.webdo.tn\/fr\/#\/schema\/logo\/image\/","url":"https:\/\/www.webdo.tn\/fr\/wp-content\/uploads\/2025\/06\/Webdo-Tunisie_168377.jpg","contentUrl":"https:\/\/www.webdo.tn\/fr\/wp-content\/uploads\/2025\/06\/Webdo-Tunisie_168377.jpg","width":301,"height":301,"caption":"Webdo"},"image":{"@id":"https:\/\/www.webdo.tn\/fr\/#\/schema\/logo\/image\/"},"sameAs":["https:\/\/www.facebook.com\/webdotn","https:\/\/x.com\/webdo_tn"],"description":"Webdo est un m\u00e9dia num\u00e9rique tunisien fond\u00e9 en 2010, sp\u00e9cialis\u00e9 dans l\u2019actualit\u00e9 nationale et internationale, l\u2019\u00e9conomie, la soci\u00e9t\u00e9 et les analyses politiques. Le site s\u2019adresse \u00e0 un large public francophone et couvre l\u2019information tunisienne en temps r\u00e9el.","email":"redac@webdo.tn","legalName":"YNJ SARL","foundingDate":"2010-09-06","numberOfEmployees":{"@type":"QuantitativeValue","minValue":"11","maxValue":"50"}},{"@type":"Person","@id":"https:\/\/www.webdo.tn\/fr\/#\/schema\/person\/b8a41c04d93287d375510db360906b34","name":"AZ","image":{"@type":"ImageObject","inLanguage":"fr-FR","@id":"https:\/\/secure.gravatar.com\/avatar\/492b80bada79439de4201dce15cd41eece6c277cfdf1b53382073c79105c1f89?s=96&d=mm&r=g","url":"https:\/\/secure.gravatar.com\/avatar\/492b80bada79439de4201dce15cd41eece6c277cfdf1b53382073c79105c1f89?s=96&d=mm&r=g","contentUrl":"https:\/\/secure.gravatar.com\/avatar\/492b80bada79439de4201dce15cd41eece6c277cfdf1b53382073c79105c1f89?s=96&d=mm&r=g","caption":"AZ"},"url":"https:\/\/www.webdo.tn\/fr\/actualite\/author\/az\/"}]}},"_links":{"self":[{"href":"https:\/\/www.webdo.tn\/fr\/wp-json\/wp\/v2\/posts\/215744","targetHints":{"allow":["GET"]}}],"collection":[{"href":"https:\/\/www.webdo.tn\/fr\/wp-json\/wp\/v2\/posts"}],"about":[{"href":"https:\/\/www.webdo.tn\/fr\/wp-json\/wp\/v2\/types\/post"}],"author":[{"embeddable":true,"href":"https:\/\/www.webdo.tn\/fr\/wp-json\/wp\/v2\/users\/3166"}],"replies":[{"embeddable":true,"href":"https:\/\/www.webdo.tn\/fr\/wp-json\/wp\/v2\/comments?post=215744"}],"version-history":[{"count":0,"href":"https:\/\/www.webdo.tn\/fr\/wp-json\/wp\/v2\/posts\/215744\/revisions"}],"wp:featuredmedia":[{"embeddable":true,"href":"https:\/\/www.webdo.tn\/fr\/wp-json\/wp\/v2\/media\/246810"}],"wp:attachment":[{"href":"https:\/\/www.webdo.tn\/fr\/wp-json\/wp\/v2\/media?parent=215744"}],"wp:term":[{"taxonomy":"category","embeddable":true,"href":"https:\/\/www.webdo.tn\/fr\/wp-json\/wp\/v2\/categories?post=215744"},{"taxonomy":"post_tag","embeddable":true,"href":"https:\/\/www.webdo.tn\/fr\/wp-json\/wp\/v2\/tags?post=215744"}],"curies":[{"name":"wp","href":"https:\/\/api.w.org\/{rel}","templated":true}]}}