{"id":215732,"date":"2024-08-09T08:54:00","date_gmt":"2024-08-09T08:54:00","guid":{"rendered":"https:\/\/www.webdo.tn\/fr\/blog\/sousse-espionnage-complot-lourdes-accusations-contre-des-etrangers\/215732\/"},"modified":"2025-05-20T22:34:59","modified_gmt":"2025-05-20T22:34:59","slug":"sousse-espionnage-complot-lourdes-accusations-contre-des-etrangers","status":"publish","type":"post","link":"https:\/\/www.webdo.tn\/fr\/actualite\/national\/sousse-espionnage-complot-lourdes-accusations-contre-des-etrangers\/215732\/","title":{"rendered":"Sousse : Espionnage, complot\u2026 Lourdes accusations contre des \u00e9trangers"},"content":{"rendered":"<p>Le porte-parole du tribunal de premi\u00e8re instance de Sousse 1, Wissem Ch\u00e9rif, a d\u00e9clar\u00e9 que le minist\u00e8re public du m\u00eame tribunal a ordonn\u00e9, hier jeudi, la d\u00e9tention d&rsquo;une femme de nationalit\u00e9 europ\u00e9enne, d&rsquo;une autre femme d&rsquo;un pays voisin, de trois personnes originaires d&rsquo;Afrique subsaharienne et de quatre Tunisiens, dont le propri\u00e9taire d&rsquo;un appartement suspect situ\u00e9 dans la r\u00e9gion de Bouhsina, \u00e0 Sousse.\u00a0<\/p>\n<p>Cela fait suite \u00e0 une descente effectu\u00e9e par les forces de s\u00e9curit\u00e9 dans l&rsquo;appartement en question, o\u00f9 11 ordinateurs de bureau ont \u00e9t\u00e9 saisis.<\/p>\n<p>Wissem Ch\u00e9rif a ajout\u00e9 dans une d\u00e9claration \u00e0 l&rsquo;Agence Tunis-Afrique-Presse (TAP) que le minist\u00e8re public a confi\u00e9 la poursuite de l&rsquo;enqu\u00eate \u00e0 une brigade centrale. L&rsquo;enqu\u00eate a r\u00e9v\u00e9l\u00e9 que les suspects pr\u00e9tendaient g\u00e9rer des activit\u00e9s suspectes depuis cet appartement, notamment en s&rsquo;occupant des affaires des migrants clandestins dans un pays europ\u00e9en \u00e0 partir de la Tunisie.<\/p>\n<p>Il a \u00e9galement pr\u00e9cis\u00e9 que la responsable de la soci\u00e9t\u00e9, une femme de nationalit\u00e9 europ\u00e9enne, a affirm\u00e9 dans ses d\u00e9clarations qu&rsquo;elle utilisait l&rsquo;appartement comme un centre d&rsquo;appel d\u00e9di\u00e9 aux affaires des migrants en situation irr\u00e9guli\u00e8re dans un pays europ\u00e9en, dans le but de r\u00e9gulariser leur situation ill\u00e9gale en collaboration avec des avocats \u00e9trangers depuis la Tunisie.<\/p>\n<p>Le minist\u00e8re public a port\u00e9 plusieurs accusations contre les neuf suspects, notamment la formation d&rsquo;une entente en vue d&rsquo;attenter aux biens et aux personnes, le complot contre la s\u00e9curit\u00e9 int\u00e9rieure et ext\u00e9rieure de l&rsquo;\u00c9tat avec l&rsquo;intention d&rsquo;espionnage en tentant de porter atteinte \u00e0 l&rsquo;int\u00e9grit\u00e9 territoriale de la Tunisie, l&rsquo;entr\u00e9e et le s\u00e9jour sur le territoire tunisien sans respecter les conditions l\u00e9gales, l&rsquo;adh\u00e9sion \u00e0 un groupe non national dans le but de commettre des crimes de traite des personnes, ainsi que la commission d\u00e9lib\u00e9r\u00e9e de crimes de blanchiment d&rsquo;argent.<\/p>\n","protected":false},"excerpt":{"rendered":"<p>Cela fait suite \u00e0 une descente effectu\u00e9e par les forces de s\u00e9curit\u00e9 dans l&rsquo;appartement en question, o\u00f9 11 ordinateurs de bureau ont \u00e9t\u00e9 saisis.<\/p>\n","protected":false},"author":3175,"featured_media":246802,"comment_status":"open","ping_status":"closed","sticky":false,"template":"","format":"standard","meta":{"footnotes":""},"categories":[44],"tags":[4629,2619,2699,2608],"class_list":["post-215732","post","type-post","status-publish","format-standard","has-post-thumbnail","hentry","category-national","tag-etrangers","tag-justice","tag-sousse","tag-tunisie"],"yoast_head":"<!-- This site is optimized with the Yoast SEO Premium plugin v27.5 (Yoast SEO v27.5) - https:\/\/yoast.com\/product\/yoast-seo-premium-wordpress\/ -->\n<title>Sousse : Espionnage, complot\u2026 Lourdes accusations contre des \u00e9trangers<\/title>\n<meta name=\"description\" content=\"Cela fait suite \u00e0 une descente effectu\u00e9e par les forces de s\u00e9curit\u00e9 dans l&#039;appartement en question, o\u00f9 11 ordinateurs de bureau ont \u00e9t\u00e9 saisis.\" \/>\n<link rel=\"canonical\" href=\"https:\/\/www.webdo.tn\/fr\/actualite\/national\/sousse-espionnage-complot-lourdes-accusations-contre-des-etrangers\/215732\/\" \/>\n<meta property=\"og:locale\" content=\"fr_FR\" \/>\n<meta property=\"og:type\" content=\"article\" \/>\n<meta property=\"og:title\" content=\"Sousse : Espionnage, complot\u2026 Lourdes accusations contre des \u00e9trangers\" \/>\n<meta property=\"og:description\" content=\"Cela fait suite \u00e0 une descente effectu\u00e9e par les forces de s\u00e9curit\u00e9 dans l&#039;appartement en question, o\u00f9 11 ordinateurs de bureau ont \u00e9t\u00e9 saisis.\" \/>\n<meta property=\"og:url\" content=\"https:\/\/www.webdo.tn\/fr\/actualite\/national\/sousse-espionnage-complot-lourdes-accusations-contre-des-etrangers\/215732\/\" \/>\n<meta property=\"og:site_name\" content=\"webdo\" \/>\n<meta property=\"article:publisher\" content=\"https:\/\/www.facebook.com\/webdotn\" \/>\n<meta property=\"article:published_time\" content=\"2024-08-09T08:54:00+00:00\" \/>\n<meta property=\"article:modified_time\" content=\"2025-05-20T22:34:59+00:00\" \/>\n<meta property=\"og:image\" content=\"https:\/\/www.webdo.tn\/fr\/wp-content\/uploads\/2024\/08\/7d36596f9822a14fa7b1f635a62976e0.webp\" \/>\n\t<meta property=\"og:image:width\" content=\"750\" \/>\n\t<meta property=\"og:image:height\" content=\"400\" \/>\n\t<meta property=\"og:image:type\" content=\"image\/webp\" \/>\n<meta name=\"author\" content=\"CL\" \/>\n<meta name=\"twitter:card\" content=\"summary_large_image\" \/>\n<meta name=\"twitter:creator\" content=\"@webdo_tn\" \/>\n<meta name=\"twitter:site\" content=\"@webdo_tn\" \/>\n<meta name=\"twitter:label1\" content=\"\u00c9crit par\" \/>\n\t<meta name=\"twitter:data1\" content=\"CL\" \/>\n\t<meta name=\"twitter:label2\" content=\"Dur\u00e9e de lecture estim\u00e9e\" \/>\n\t<meta name=\"twitter:data2\" content=\"2 minutes\" \/>\n<script type=\"application\/ld+json\" class=\"yoast-schema-graph\">{\"@context\":\"https:\\\/\\\/schema.org\",\"@graph\":[{\"@type\":\"NewsArticle\",\"@id\":\"https:\\\/\\\/www.webdo.tn\\\/fr\\\/actualite\\\/national\\\/sousse-espionnage-complot-lourdes-accusations-contre-des-etrangers\\\/215732\\\/#article\",\"isPartOf\":{\"@id\":\"https:\\\/\\\/www.webdo.tn\\\/fr\\\/actualite\\\/national\\\/sousse-espionnage-complot-lourdes-accusations-contre-des-etrangers\\\/215732\\\/\"},\"author\":{\"name\":\"CL\",\"@id\":\"https:\\\/\\\/www.webdo.tn\\\/fr\\\/#\\\/schema\\\/person\\\/f35b42a42c5e2511bbd282959d6385cc\"},\"headline\":\"Sousse : Espionnage, complot\u2026 Lourdes accusations contre des \u00e9trangers\",\"datePublished\":\"2024-08-09T08:54:00+00:00\",\"dateModified\":\"2025-05-20T22:34:59+00:00\",\"mainEntityOfPage\":{\"@id\":\"https:\\\/\\\/www.webdo.tn\\\/fr\\\/actualite\\\/national\\\/sousse-espionnage-complot-lourdes-accusations-contre-des-etrangers\\\/215732\\\/\"},\"wordCount\":351,\"commentCount\":0,\"publisher\":{\"@id\":\"https:\\\/\\\/www.webdo.tn\\\/fr\\\/#organization\"},\"image\":{\"@id\":\"https:\\\/\\\/www.webdo.tn\\\/fr\\\/actualite\\\/national\\\/sousse-espionnage-complot-lourdes-accusations-contre-des-etrangers\\\/215732\\\/#primaryimage\"},\"thumbnailUrl\":\"https:\\\/\\\/www.webdo.tn\\\/fr\\\/wp-content\\\/uploads\\\/2024\\\/08\\\/7d36596f9822a14fa7b1f635a62976e0.webp\",\"keywords\":[\"\u00e9trangers\",\"justice\",\"Sousse\",\"Tunisie\"],\"articleSection\":[\"National\"],\"inLanguage\":\"fr-FR\"},{\"@type\":\"WebPage\",\"@id\":\"https:\\\/\\\/www.webdo.tn\\\/fr\\\/actualite\\\/national\\\/sousse-espionnage-complot-lourdes-accusations-contre-des-etrangers\\\/215732\\\/\",\"url\":\"https:\\\/\\\/www.webdo.tn\\\/fr\\\/actualite\\\/national\\\/sousse-espionnage-complot-lourdes-accusations-contre-des-etrangers\\\/215732\\\/\",\"name\":\"Sousse : Espionnage, complot\u2026 Lourdes accusations contre des \u00e9trangers\",\"isPartOf\":{\"@id\":\"https:\\\/\\\/www.webdo.tn\\\/fr\\\/#website\"},\"primaryImageOfPage\":{\"@id\":\"https:\\\/\\\/www.webdo.tn\\\/fr\\\/actualite\\\/national\\\/sousse-espionnage-complot-lourdes-accusations-contre-des-etrangers\\\/215732\\\/#primaryimage\"},\"image\":{\"@id\":\"https:\\\/\\\/www.webdo.tn\\\/fr\\\/actualite\\\/national\\\/sousse-espionnage-complot-lourdes-accusations-contre-des-etrangers\\\/215732\\\/#primaryimage\"},\"thumbnailUrl\":\"https:\\\/\\\/www.webdo.tn\\\/fr\\\/wp-content\\\/uploads\\\/2024\\\/08\\\/7d36596f9822a14fa7b1f635a62976e0.webp\",\"datePublished\":\"2024-08-09T08:54:00+00:00\",\"dateModified\":\"2025-05-20T22:34:59+00:00\",\"description\":\"Cela fait suite \u00e0 une descente effectu\u00e9e par les forces de s\u00e9curit\u00e9 dans l'appartement en question, o\u00f9 11 ordinateurs de bureau ont \u00e9t\u00e9 saisis.\",\"breadcrumb\":{\"@id\":\"https:\\\/\\\/www.webdo.tn\\\/fr\\\/actualite\\\/national\\\/sousse-espionnage-complot-lourdes-accusations-contre-des-etrangers\\\/215732\\\/#breadcrumb\"},\"inLanguage\":\"fr-FR\",\"potentialAction\":[{\"@type\":\"ReadAction\",\"target\":[\"https:\\\/\\\/www.webdo.tn\\\/fr\\\/actualite\\\/national\\\/sousse-espionnage-complot-lourdes-accusations-contre-des-etrangers\\\/215732\\\/\"]}]},{\"@type\":\"ImageObject\",\"inLanguage\":\"fr-FR\",\"@id\":\"https:\\\/\\\/www.webdo.tn\\\/fr\\\/actualite\\\/national\\\/sousse-espionnage-complot-lourdes-accusations-contre-des-etrangers\\\/215732\\\/#primaryimage\",\"url\":\"https:\\\/\\\/www.webdo.tn\\\/fr\\\/wp-content\\\/uploads\\\/2024\\\/08\\\/7d36596f9822a14fa7b1f635a62976e0.webp\",\"contentUrl\":\"https:\\\/\\\/www.webdo.tn\\\/fr\\\/wp-content\\\/uploads\\\/2024\\\/08\\\/7d36596f9822a14fa7b1f635a62976e0.webp\",\"width\":750,\"height\":400,\"caption\":\"Sousse : Espionnage, complot\u2026 Lourdes accusations contre des \u00e9trangers\"},{\"@type\":\"BreadcrumbList\",\"@id\":\"https:\\\/\\\/www.webdo.tn\\\/fr\\\/actualite\\\/national\\\/sousse-espionnage-complot-lourdes-accusations-contre-des-etrangers\\\/215732\\\/#breadcrumb\",\"itemListElement\":[{\"@type\":\"ListItem\",\"position\":1,\"name\":\"Accueil\",\"item\":\"https:\\\/\\\/www.webdo.tn\\\/fr\\\/\"},{\"@type\":\"ListItem\",\"position\":2,\"name\":\"Sousse : Espionnage, complot\u2026 Lourdes accusations contre des \u00e9trangers\"}]},{\"@type\":\"WebSite\",\"@id\":\"https:\\\/\\\/www.webdo.tn\\\/fr\\\/#website\",\"url\":\"https:\\\/\\\/www.webdo.tn\\\/fr\\\/\",\"name\":\"webdo\",\"description\":\"Tunisie - News en Tunisie et \u00e0 l&#039;international sur Webdo.tn\",\"publisher\":{\"@id\":\"https:\\\/\\\/www.webdo.tn\\\/fr\\\/#organization\"},\"potentialAction\":[{\"@type\":\"SearchAction\",\"target\":{\"@type\":\"EntryPoint\",\"urlTemplate\":\"https:\\\/\\\/www.webdo.tn\\\/fr\\\/?s={search_term_string}\"},\"query-input\":{\"@type\":\"PropertyValueSpecification\",\"valueRequired\":true,\"valueName\":\"search_term_string\"}}],\"inLanguage\":\"fr-FR\"},{\"@type\":\"Organization\",\"@id\":\"https:\\\/\\\/www.webdo.tn\\\/fr\\\/#organization\",\"name\":\"Webdo\",\"alternateName\":\"Webdo.tn\",\"url\":\"https:\\\/\\\/www.webdo.tn\\\/fr\\\/\",\"logo\":{\"@type\":\"ImageObject\",\"inLanguage\":\"fr-FR\",\"@id\":\"https:\\\/\\\/www.webdo.tn\\\/fr\\\/#\\\/schema\\\/logo\\\/image\\\/\",\"url\":\"https:\\\/\\\/www.webdo.tn\\\/fr\\\/wp-content\\\/uploads\\\/2025\\\/06\\\/Webdo-Tunisie_168377.jpg\",\"contentUrl\":\"https:\\\/\\\/www.webdo.tn\\\/fr\\\/wp-content\\\/uploads\\\/2025\\\/06\\\/Webdo-Tunisie_168377.jpg\",\"width\":301,\"height\":301,\"caption\":\"Webdo\"},\"image\":{\"@id\":\"https:\\\/\\\/www.webdo.tn\\\/fr\\\/#\\\/schema\\\/logo\\\/image\\\/\"},\"sameAs\":[\"https:\\\/\\\/www.facebook.com\\\/webdotn\",\"https:\\\/\\\/x.com\\\/webdo_tn\"],\"description\":\"Webdo est un m\u00e9dia num\u00e9rique tunisien fond\u00e9 en 2010, sp\u00e9cialis\u00e9 dans l\u2019actualit\u00e9 nationale et internationale, l\u2019\u00e9conomie, la soci\u00e9t\u00e9 et les analyses politiques. Le site s\u2019adresse \u00e0 un large public francophone et couvre l\u2019information tunisienne en temps r\u00e9el.\",\"email\":\"redac@webdo.tn\",\"legalName\":\"YNJ SARL\",\"foundingDate\":\"2010-09-06\",\"numberOfEmployees\":{\"@type\":\"QuantitativeValue\",\"minValue\":\"11\",\"maxValue\":\"50\"}},{\"@type\":\"Person\",\"@id\":\"https:\\\/\\\/www.webdo.tn\\\/fr\\\/#\\\/schema\\\/person\\\/f35b42a42c5e2511bbd282959d6385cc\",\"name\":\"CL\",\"image\":{\"@type\":\"ImageObject\",\"inLanguage\":\"fr-FR\",\"@id\":\"https:\\\/\\\/secure.gravatar.com\\\/avatar\\\/1447a49909b67aa657c488aec6512e1dd6143a480c1ecfee9b5b5cd74eb3b59e?s=96&d=mm&r=g\",\"url\":\"https:\\\/\\\/secure.gravatar.com\\\/avatar\\\/1447a49909b67aa657c488aec6512e1dd6143a480c1ecfee9b5b5cd74eb3b59e?s=96&d=mm&r=g\",\"contentUrl\":\"https:\\\/\\\/secure.gravatar.com\\\/avatar\\\/1447a49909b67aa657c488aec6512e1dd6143a480c1ecfee9b5b5cd74eb3b59e?s=96&d=mm&r=g\",\"caption\":\"CL\"},\"url\":\"https:\\\/\\\/www.webdo.tn\\\/fr\\\/actualite\\\/author\\\/cl\\\/\"}]}<\/script>\n<!-- \/ Yoast SEO Premium plugin. -->","yoast_head_json":{"title":"Sousse : Espionnage, complot\u2026 Lourdes accusations contre des \u00e9trangers","description":"Cela fait suite \u00e0 une descente effectu\u00e9e par les forces de s\u00e9curit\u00e9 dans l'appartement en question, o\u00f9 11 ordinateurs de bureau ont \u00e9t\u00e9 saisis.","canonical":"https:\/\/www.webdo.tn\/fr\/actualite\/national\/sousse-espionnage-complot-lourdes-accusations-contre-des-etrangers\/215732\/","og_locale":"fr_FR","og_type":"article","og_title":"Sousse : Espionnage, complot\u2026 Lourdes accusations contre des \u00e9trangers","og_description":"Cela fait suite \u00e0 une descente effectu\u00e9e par les forces de s\u00e9curit\u00e9 dans l'appartement en question, o\u00f9 11 ordinateurs de bureau ont \u00e9t\u00e9 saisis.","og_url":"https:\/\/www.webdo.tn\/fr\/actualite\/national\/sousse-espionnage-complot-lourdes-accusations-contre-des-etrangers\/215732\/","og_site_name":"webdo","article_publisher":"https:\/\/www.facebook.com\/webdotn","article_published_time":"2024-08-09T08:54:00+00:00","article_modified_time":"2025-05-20T22:34:59+00:00","og_image":[{"width":750,"height":400,"url":"https:\/\/www.webdo.tn\/fr\/wp-content\/uploads\/2024\/08\/7d36596f9822a14fa7b1f635a62976e0.webp","type":"image\/webp"}],"author":"CL","twitter_card":"summary_large_image","twitter_creator":"@webdo_tn","twitter_site":"@webdo_tn","twitter_misc":{"\u00c9crit par":"CL","Dur\u00e9e de lecture estim\u00e9e":"2 minutes"},"schema":{"@context":"https:\/\/schema.org","@graph":[{"@type":"NewsArticle","@id":"https:\/\/www.webdo.tn\/fr\/actualite\/national\/sousse-espionnage-complot-lourdes-accusations-contre-des-etrangers\/215732\/#article","isPartOf":{"@id":"https:\/\/www.webdo.tn\/fr\/actualite\/national\/sousse-espionnage-complot-lourdes-accusations-contre-des-etrangers\/215732\/"},"author":{"name":"CL","@id":"https:\/\/www.webdo.tn\/fr\/#\/schema\/person\/f35b42a42c5e2511bbd282959d6385cc"},"headline":"Sousse : Espionnage, complot\u2026 Lourdes accusations contre des \u00e9trangers","datePublished":"2024-08-09T08:54:00+00:00","dateModified":"2025-05-20T22:34:59+00:00","mainEntityOfPage":{"@id":"https:\/\/www.webdo.tn\/fr\/actualite\/national\/sousse-espionnage-complot-lourdes-accusations-contre-des-etrangers\/215732\/"},"wordCount":351,"commentCount":0,"publisher":{"@id":"https:\/\/www.webdo.tn\/fr\/#organization"},"image":{"@id":"https:\/\/www.webdo.tn\/fr\/actualite\/national\/sousse-espionnage-complot-lourdes-accusations-contre-des-etrangers\/215732\/#primaryimage"},"thumbnailUrl":"https:\/\/www.webdo.tn\/fr\/wp-content\/uploads\/2024\/08\/7d36596f9822a14fa7b1f635a62976e0.webp","keywords":["\u00e9trangers","justice","Sousse","Tunisie"],"articleSection":["National"],"inLanguage":"fr-FR"},{"@type":"WebPage","@id":"https:\/\/www.webdo.tn\/fr\/actualite\/national\/sousse-espionnage-complot-lourdes-accusations-contre-des-etrangers\/215732\/","url":"https:\/\/www.webdo.tn\/fr\/actualite\/national\/sousse-espionnage-complot-lourdes-accusations-contre-des-etrangers\/215732\/","name":"Sousse : Espionnage, complot\u2026 Lourdes accusations contre des \u00e9trangers","isPartOf":{"@id":"https:\/\/www.webdo.tn\/fr\/#website"},"primaryImageOfPage":{"@id":"https:\/\/www.webdo.tn\/fr\/actualite\/national\/sousse-espionnage-complot-lourdes-accusations-contre-des-etrangers\/215732\/#primaryimage"},"image":{"@id":"https:\/\/www.webdo.tn\/fr\/actualite\/national\/sousse-espionnage-complot-lourdes-accusations-contre-des-etrangers\/215732\/#primaryimage"},"thumbnailUrl":"https:\/\/www.webdo.tn\/fr\/wp-content\/uploads\/2024\/08\/7d36596f9822a14fa7b1f635a62976e0.webp","datePublished":"2024-08-09T08:54:00+00:00","dateModified":"2025-05-20T22:34:59+00:00","description":"Cela fait suite \u00e0 une descente effectu\u00e9e par les forces de s\u00e9curit\u00e9 dans l'appartement en question, o\u00f9 11 ordinateurs de bureau ont \u00e9t\u00e9 saisis.","breadcrumb":{"@id":"https:\/\/www.webdo.tn\/fr\/actualite\/national\/sousse-espionnage-complot-lourdes-accusations-contre-des-etrangers\/215732\/#breadcrumb"},"inLanguage":"fr-FR","potentialAction":[{"@type":"ReadAction","target":["https:\/\/www.webdo.tn\/fr\/actualite\/national\/sousse-espionnage-complot-lourdes-accusations-contre-des-etrangers\/215732\/"]}]},{"@type":"ImageObject","inLanguage":"fr-FR","@id":"https:\/\/www.webdo.tn\/fr\/actualite\/national\/sousse-espionnage-complot-lourdes-accusations-contre-des-etrangers\/215732\/#primaryimage","url":"https:\/\/www.webdo.tn\/fr\/wp-content\/uploads\/2024\/08\/7d36596f9822a14fa7b1f635a62976e0.webp","contentUrl":"https:\/\/www.webdo.tn\/fr\/wp-content\/uploads\/2024\/08\/7d36596f9822a14fa7b1f635a62976e0.webp","width":750,"height":400,"caption":"Sousse : Espionnage, complot\u2026 Lourdes accusations contre des \u00e9trangers"},{"@type":"BreadcrumbList","@id":"https:\/\/www.webdo.tn\/fr\/actualite\/national\/sousse-espionnage-complot-lourdes-accusations-contre-des-etrangers\/215732\/#breadcrumb","itemListElement":[{"@type":"ListItem","position":1,"name":"Accueil","item":"https:\/\/www.webdo.tn\/fr\/"},{"@type":"ListItem","position":2,"name":"Sousse : Espionnage, complot\u2026 Lourdes accusations contre des \u00e9trangers"}]},{"@type":"WebSite","@id":"https:\/\/www.webdo.tn\/fr\/#website","url":"https:\/\/www.webdo.tn\/fr\/","name":"webdo","description":"Tunisie - News en Tunisie et \u00e0 l&#039;international sur Webdo.tn","publisher":{"@id":"https:\/\/www.webdo.tn\/fr\/#organization"},"potentialAction":[{"@type":"SearchAction","target":{"@type":"EntryPoint","urlTemplate":"https:\/\/www.webdo.tn\/fr\/?s={search_term_string}"},"query-input":{"@type":"PropertyValueSpecification","valueRequired":true,"valueName":"search_term_string"}}],"inLanguage":"fr-FR"},{"@type":"Organization","@id":"https:\/\/www.webdo.tn\/fr\/#organization","name":"Webdo","alternateName":"Webdo.tn","url":"https:\/\/www.webdo.tn\/fr\/","logo":{"@type":"ImageObject","inLanguage":"fr-FR","@id":"https:\/\/www.webdo.tn\/fr\/#\/schema\/logo\/image\/","url":"https:\/\/www.webdo.tn\/fr\/wp-content\/uploads\/2025\/06\/Webdo-Tunisie_168377.jpg","contentUrl":"https:\/\/www.webdo.tn\/fr\/wp-content\/uploads\/2025\/06\/Webdo-Tunisie_168377.jpg","width":301,"height":301,"caption":"Webdo"},"image":{"@id":"https:\/\/www.webdo.tn\/fr\/#\/schema\/logo\/image\/"},"sameAs":["https:\/\/www.facebook.com\/webdotn","https:\/\/x.com\/webdo_tn"],"description":"Webdo est un m\u00e9dia num\u00e9rique tunisien fond\u00e9 en 2010, sp\u00e9cialis\u00e9 dans l\u2019actualit\u00e9 nationale et internationale, l\u2019\u00e9conomie, la soci\u00e9t\u00e9 et les analyses politiques. Le site s\u2019adresse \u00e0 un large public francophone et couvre l\u2019information tunisienne en temps r\u00e9el.","email":"redac@webdo.tn","legalName":"YNJ SARL","foundingDate":"2010-09-06","numberOfEmployees":{"@type":"QuantitativeValue","minValue":"11","maxValue":"50"}},{"@type":"Person","@id":"https:\/\/www.webdo.tn\/fr\/#\/schema\/person\/f35b42a42c5e2511bbd282959d6385cc","name":"CL","image":{"@type":"ImageObject","inLanguage":"fr-FR","@id":"https:\/\/secure.gravatar.com\/avatar\/1447a49909b67aa657c488aec6512e1dd6143a480c1ecfee9b5b5cd74eb3b59e?s=96&d=mm&r=g","url":"https:\/\/secure.gravatar.com\/avatar\/1447a49909b67aa657c488aec6512e1dd6143a480c1ecfee9b5b5cd74eb3b59e?s=96&d=mm&r=g","contentUrl":"https:\/\/secure.gravatar.com\/avatar\/1447a49909b67aa657c488aec6512e1dd6143a480c1ecfee9b5b5cd74eb3b59e?s=96&d=mm&r=g","caption":"CL"},"url":"https:\/\/www.webdo.tn\/fr\/actualite\/author\/cl\/"}]}},"_links":{"self":[{"href":"https:\/\/www.webdo.tn\/fr\/wp-json\/wp\/v2\/posts\/215732","targetHints":{"allow":["GET"]}}],"collection":[{"href":"https:\/\/www.webdo.tn\/fr\/wp-json\/wp\/v2\/posts"}],"about":[{"href":"https:\/\/www.webdo.tn\/fr\/wp-json\/wp\/v2\/types\/post"}],"author":[{"embeddable":true,"href":"https:\/\/www.webdo.tn\/fr\/wp-json\/wp\/v2\/users\/3175"}],"replies":[{"embeddable":true,"href":"https:\/\/www.webdo.tn\/fr\/wp-json\/wp\/v2\/comments?post=215732"}],"version-history":[{"count":0,"href":"https:\/\/www.webdo.tn\/fr\/wp-json\/wp\/v2\/posts\/215732\/revisions"}],"wp:featuredmedia":[{"embeddable":true,"href":"https:\/\/www.webdo.tn\/fr\/wp-json\/wp\/v2\/media\/246802"}],"wp:attachment":[{"href":"https:\/\/www.webdo.tn\/fr\/wp-json\/wp\/v2\/media?parent=215732"}],"wp:term":[{"taxonomy":"category","embeddable":true,"href":"https:\/\/www.webdo.tn\/fr\/wp-json\/wp\/v2\/categories?post=215732"},{"taxonomy":"post_tag","embeddable":true,"href":"https:\/\/www.webdo.tn\/fr\/wp-json\/wp\/v2\/tags?post=215732"}],"curies":[{"name":"wp","href":"https:\/\/api.w.org\/{rel}","templated":true}]}}