{"id":215730,"date":"2024-08-09T08:26:00","date_gmt":"2024-08-09T08:26:00","guid":{"rendered":"https:\/\/www.webdo.tn\/fr\/blog\/jo-paris-2024-ahmed-jaouadi-declare-forfait\/215730\/"},"modified":"2025-05-20T22:54:38","modified_gmt":"2025-05-20T22:54:38","slug":"jo-paris-2024-ahmed-jaouadi-declare-forfait","status":"publish","type":"post","link":"https:\/\/www.webdo.tn\/fr\/actualite\/sport\/jo-paris-2024-ahmed-jaouadi-declare-forfait\/215730\/","title":{"rendered":"JO Paris 2024 : Ahmed Jaouadi d\u00e9clare forfait"},"content":{"rendered":"<p>Le chef de la d\u00e9l\u00e9gation tunisienne aux Jeux Olympiques de Paris 2024, Ridha Manna\u00ef, a annonc\u00e9 qu&rsquo;\u00e0 la suite d&rsquo;un l\u00e9ger malaise ressenti par le nageur Ahmed Jaouadi et conform\u00e9ment aux examens m\u00e9dicaux effectu\u00e9s par le m\u00e9decin de la d\u00e9l\u00e9gation, il a \u00e9t\u00e9 d\u00e9cid\u00e9 de ne pas l&rsquo;inclure dans la course de 10 000 m\u00e8tres en eau libre dans la Seine, pr\u00e9vue pour aujourd&rsquo;hui, vendredi 9 ao\u00fbt 2024.<\/p>\n<p>Le nageur tunisien Ahmed Jaouadi n\u2019est pas parvenu \u00e0 monter sur le podium lors des deux pr\u00e9c\u00e9dentes course du 1500 et 800 m\u00e8tres nage libre.\u00a0<\/p>\n<p>Il est \u00e0 noter que Jaouadi \u00e9tait proche de remporter le bronze au 800 m\u00e8tres nage libre en terminant \u00e0 la quatri\u00e8me place. Le jeune tunisien devait se rattraper dans le reste des \u00e9preuves olympiques, d&rsquo;autant plus que ses chances de m\u00e9daille semblaient prometteuses.<\/p>\n","protected":false},"excerpt":{"rendered":"<p>Le nageur tunisien Ahmed Jaouadi n\u2019est pas parvenu \u00e0 monter sur le podium lors des deux pr\u00e9c\u00e9dentes course du 1500 et 800 m\u00e8tres nage libre.<\/p>\n","protected":false},"author":3175,"featured_media":290929,"comment_status":"open","ping_status":"closed","sticky":false,"template":"","format":"standard","meta":{"footnotes":""},"categories":[2593],"tags":[3253,5974,2608],"class_list":["post-215730","post","type-post","status-publish","format-standard","has-post-thumbnail","hentry","category-sport","tag-ahmed-jaouadi","tag-jo-paris-2024","tag-tunisie"],"yoast_head":"<!-- This site is optimized with the Yoast SEO Premium plugin v27.4 (Yoast SEO v27.5) - https:\/\/yoast.com\/product\/yoast-seo-premium-wordpress\/ -->\n<title>JO Paris 2024 : Ahmed Jaouadi d\u00e9clare forfait<\/title>\n<meta name=\"description\" content=\"Le nageur tunisien Ahmed Jaouadi n\u2019est pas parvenu \u00e0 monter sur le podium lors des deux pr\u00e9c\u00e9dentes course du 1500 et 800 m\u00e8tres nage libre.\" \/>\n<link rel=\"canonical\" href=\"https:\/\/www.webdo.tn\/fr\/actualite\/sport\/jo-paris-2024-ahmed-jaouadi-declare-forfait\/215730\/\" \/>\n<meta property=\"og:locale\" content=\"fr_FR\" \/>\n<meta property=\"og:type\" content=\"article\" \/>\n<meta property=\"og:title\" content=\"JO Paris 2024 : Ahmed Jaouadi d\u00e9clare forfait\" \/>\n<meta property=\"og:description\" content=\"Le nageur tunisien Ahmed Jaouadi n\u2019est pas parvenu \u00e0 monter sur le podium lors des deux pr\u00e9c\u00e9dentes course du 1500 et 800 m\u00e8tres nage libre.\" \/>\n<meta property=\"og:url\" content=\"https:\/\/www.webdo.tn\/fr\/actualite\/sport\/jo-paris-2024-ahmed-jaouadi-declare-forfait\/215730\/\" \/>\n<meta property=\"og:site_name\" content=\"webdo\" \/>\n<meta property=\"article:publisher\" content=\"https:\/\/www.facebook.com\/webdotn\" \/>\n<meta property=\"article:published_time\" content=\"2024-08-09T08:26:00+00:00\" \/>\n<meta property=\"article:modified_time\" content=\"2025-05-20T22:54:38+00:00\" \/>\n<meta property=\"og:image\" content=\"https:\/\/www.webdo.tn\/fr\/wp-content\/uploads\/2024\/08\/cd4cc16b7b2fc3b824f018d7e02eaa05.webp\" \/>\n\t<meta property=\"og:image:width\" content=\"750\" \/>\n\t<meta property=\"og:image:height\" content=\"400\" \/>\n\t<meta property=\"og:image:type\" content=\"image\/webp\" \/>\n<meta name=\"author\" content=\"CL\" \/>\n<meta name=\"twitter:card\" content=\"summary_large_image\" \/>\n<meta name=\"twitter:creator\" content=\"@webdo_tn\" \/>\n<meta name=\"twitter:site\" content=\"@webdo_tn\" \/>\n<meta name=\"twitter:label1\" content=\"\u00c9crit par\" \/>\n\t<meta name=\"twitter:data1\" content=\"CL\" \/>\n\t<meta name=\"twitter:label2\" content=\"Dur\u00e9e de lecture estim\u00e9e\" \/>\n\t<meta name=\"twitter:data2\" content=\"1 minute\" \/>\n<script type=\"application\/ld+json\" class=\"yoast-schema-graph\">{\"@context\":\"https:\\\/\\\/schema.org\",\"@graph\":[{\"@type\":\"NewsArticle\",\"@id\":\"https:\\\/\\\/www.webdo.tn\\\/fr\\\/actualite\\\/sport\\\/jo-paris-2024-ahmed-jaouadi-declare-forfait\\\/215730\\\/#article\",\"isPartOf\":{\"@id\":\"https:\\\/\\\/www.webdo.tn\\\/fr\\\/actualite\\\/sport\\\/jo-paris-2024-ahmed-jaouadi-declare-forfait\\\/215730\\\/\"},\"author\":{\"name\":\"CL\",\"@id\":\"https:\\\/\\\/www.webdo.tn\\\/fr\\\/#\\\/schema\\\/person\\\/f35b42a42c5e2511bbd282959d6385cc\"},\"headline\":\"JO Paris 2024 : Ahmed Jaouadi d\u00e9clare forfait\",\"datePublished\":\"2024-08-09T08:26:00+00:00\",\"dateModified\":\"2025-05-20T22:54:38+00:00\",\"mainEntityOfPage\":{\"@id\":\"https:\\\/\\\/www.webdo.tn\\\/fr\\\/actualite\\\/sport\\\/jo-paris-2024-ahmed-jaouadi-declare-forfait\\\/215730\\\/\"},\"wordCount\":157,\"commentCount\":0,\"publisher\":{\"@id\":\"https:\\\/\\\/www.webdo.tn\\\/fr\\\/#organization\"},\"image\":{\"@id\":\"https:\\\/\\\/www.webdo.tn\\\/fr\\\/actualite\\\/sport\\\/jo-paris-2024-ahmed-jaouadi-declare-forfait\\\/215730\\\/#primaryimage\"},\"thumbnailUrl\":\"https:\\\/\\\/www.webdo.tn\\\/fr\\\/wp-content\\\/uploads\\\/2024\\\/08\\\/cd4cc16b7b2fc3b824f018d7e02eaa05.webp\",\"keywords\":[\"Ahmed Jaouadi\",\"JO Paris 2024\",\"Tunisie\"],\"articleSection\":[\"Sport\"],\"inLanguage\":\"fr-FR\"},{\"@type\":\"WebPage\",\"@id\":\"https:\\\/\\\/www.webdo.tn\\\/fr\\\/actualite\\\/sport\\\/jo-paris-2024-ahmed-jaouadi-declare-forfait\\\/215730\\\/\",\"url\":\"https:\\\/\\\/www.webdo.tn\\\/fr\\\/actualite\\\/sport\\\/jo-paris-2024-ahmed-jaouadi-declare-forfait\\\/215730\\\/\",\"name\":\"JO Paris 2024 : Ahmed Jaouadi d\u00e9clare forfait\",\"isPartOf\":{\"@id\":\"https:\\\/\\\/www.webdo.tn\\\/fr\\\/#website\"},\"primaryImageOfPage\":{\"@id\":\"https:\\\/\\\/www.webdo.tn\\\/fr\\\/actualite\\\/sport\\\/jo-paris-2024-ahmed-jaouadi-declare-forfait\\\/215730\\\/#primaryimage\"},\"image\":{\"@id\":\"https:\\\/\\\/www.webdo.tn\\\/fr\\\/actualite\\\/sport\\\/jo-paris-2024-ahmed-jaouadi-declare-forfait\\\/215730\\\/#primaryimage\"},\"thumbnailUrl\":\"https:\\\/\\\/www.webdo.tn\\\/fr\\\/wp-content\\\/uploads\\\/2024\\\/08\\\/cd4cc16b7b2fc3b824f018d7e02eaa05.webp\",\"datePublished\":\"2024-08-09T08:26:00+00:00\",\"dateModified\":\"2025-05-20T22:54:38+00:00\",\"description\":\"Le nageur tunisien Ahmed Jaouadi n\u2019est pas parvenu \u00e0 monter sur le podium lors des deux pr\u00e9c\u00e9dentes course du 1500 et 800 m\u00e8tres nage libre.\",\"breadcrumb\":{\"@id\":\"https:\\\/\\\/www.webdo.tn\\\/fr\\\/actualite\\\/sport\\\/jo-paris-2024-ahmed-jaouadi-declare-forfait\\\/215730\\\/#breadcrumb\"},\"inLanguage\":\"fr-FR\",\"potentialAction\":[{\"@type\":\"ReadAction\",\"target\":[\"https:\\\/\\\/www.webdo.tn\\\/fr\\\/actualite\\\/sport\\\/jo-paris-2024-ahmed-jaouadi-declare-forfait\\\/215730\\\/\"]}]},{\"@type\":\"ImageObject\",\"inLanguage\":\"fr-FR\",\"@id\":\"https:\\\/\\\/www.webdo.tn\\\/fr\\\/actualite\\\/sport\\\/jo-paris-2024-ahmed-jaouadi-declare-forfait\\\/215730\\\/#primaryimage\",\"url\":\"https:\\\/\\\/www.webdo.tn\\\/fr\\\/wp-content\\\/uploads\\\/2024\\\/08\\\/cd4cc16b7b2fc3b824f018d7e02eaa05.webp\",\"contentUrl\":\"https:\\\/\\\/www.webdo.tn\\\/fr\\\/wp-content\\\/uploads\\\/2024\\\/08\\\/cd4cc16b7b2fc3b824f018d7e02eaa05.webp\",\"width\":750,\"height\":400,\"caption\":\"JO Paris 2024 : Ahmed Jaouadi d\u00e9clare forfait\"},{\"@type\":\"BreadcrumbList\",\"@id\":\"https:\\\/\\\/www.webdo.tn\\\/fr\\\/actualite\\\/sport\\\/jo-paris-2024-ahmed-jaouadi-declare-forfait\\\/215730\\\/#breadcrumb\",\"itemListElement\":[{\"@type\":\"ListItem\",\"position\":1,\"name\":\"Accueil\",\"item\":\"https:\\\/\\\/www.webdo.tn\\\/fr\\\/\"},{\"@type\":\"ListItem\",\"position\":2,\"name\":\"JO Paris 2024 : Ahmed Jaouadi d\u00e9clare forfait\"}]},{\"@type\":\"WebSite\",\"@id\":\"https:\\\/\\\/www.webdo.tn\\\/fr\\\/#website\",\"url\":\"https:\\\/\\\/www.webdo.tn\\\/fr\\\/\",\"name\":\"webdo\",\"description\":\"Tunisie - News en Tunisie et \u00e0 l&#039;international sur Webdo.tn\",\"publisher\":{\"@id\":\"https:\\\/\\\/www.webdo.tn\\\/fr\\\/#organization\"},\"potentialAction\":[{\"@type\":\"SearchAction\",\"target\":{\"@type\":\"EntryPoint\",\"urlTemplate\":\"https:\\\/\\\/www.webdo.tn\\\/fr\\\/?s={search_term_string}\"},\"query-input\":{\"@type\":\"PropertyValueSpecification\",\"valueRequired\":true,\"valueName\":\"search_term_string\"}}],\"inLanguage\":\"fr-FR\"},{\"@type\":\"Organization\",\"@id\":\"https:\\\/\\\/www.webdo.tn\\\/fr\\\/#organization\",\"name\":\"Webdo\",\"alternateName\":\"Webdo.tn\",\"url\":\"https:\\\/\\\/www.webdo.tn\\\/fr\\\/\",\"logo\":{\"@type\":\"ImageObject\",\"inLanguage\":\"fr-FR\",\"@id\":\"https:\\\/\\\/www.webdo.tn\\\/fr\\\/#\\\/schema\\\/logo\\\/image\\\/\",\"url\":\"https:\\\/\\\/www.webdo.tn\\\/fr\\\/wp-content\\\/uploads\\\/2025\\\/06\\\/Webdo-Tunisie_168377.jpg\",\"contentUrl\":\"https:\\\/\\\/www.webdo.tn\\\/fr\\\/wp-content\\\/uploads\\\/2025\\\/06\\\/Webdo-Tunisie_168377.jpg\",\"width\":301,\"height\":301,\"caption\":\"Webdo\"},\"image\":{\"@id\":\"https:\\\/\\\/www.webdo.tn\\\/fr\\\/#\\\/schema\\\/logo\\\/image\\\/\"},\"sameAs\":[\"https:\\\/\\\/www.facebook.com\\\/webdotn\",\"https:\\\/\\\/x.com\\\/webdo_tn\"],\"description\":\"Webdo est un m\u00e9dia num\u00e9rique tunisien fond\u00e9 en 2010, sp\u00e9cialis\u00e9 dans l\u2019actualit\u00e9 nationale et internationale, l\u2019\u00e9conomie, la soci\u00e9t\u00e9 et les analyses politiques. Le site s\u2019adresse \u00e0 un large public francophone et couvre l\u2019information tunisienne en temps r\u00e9el.\",\"email\":\"redac@webdo.tn\",\"legalName\":\"YNJ SARL\",\"foundingDate\":\"2010-09-06\",\"numberOfEmployees\":{\"@type\":\"QuantitativeValue\",\"minValue\":\"11\",\"maxValue\":\"50\"}},{\"@type\":\"Person\",\"@id\":\"https:\\\/\\\/www.webdo.tn\\\/fr\\\/#\\\/schema\\\/person\\\/f35b42a42c5e2511bbd282959d6385cc\",\"name\":\"CL\",\"image\":{\"@type\":\"ImageObject\",\"inLanguage\":\"fr-FR\",\"@id\":\"https:\\\/\\\/secure.gravatar.com\\\/avatar\\\/1447a49909b67aa657c488aec6512e1dd6143a480c1ecfee9b5b5cd74eb3b59e?s=96&d=mm&r=g\",\"url\":\"https:\\\/\\\/secure.gravatar.com\\\/avatar\\\/1447a49909b67aa657c488aec6512e1dd6143a480c1ecfee9b5b5cd74eb3b59e?s=96&d=mm&r=g\",\"contentUrl\":\"https:\\\/\\\/secure.gravatar.com\\\/avatar\\\/1447a49909b67aa657c488aec6512e1dd6143a480c1ecfee9b5b5cd74eb3b59e?s=96&d=mm&r=g\",\"caption\":\"CL\"},\"url\":\"https:\\\/\\\/www.webdo.tn\\\/fr\\\/actualite\\\/author\\\/cl\\\/\"}]}<\/script>\n<!-- \/ Yoast SEO Premium plugin. -->","yoast_head_json":{"title":"JO Paris 2024 : Ahmed Jaouadi d\u00e9clare forfait","description":"Le nageur tunisien Ahmed Jaouadi n\u2019est pas parvenu \u00e0 monter sur le podium lors des deux pr\u00e9c\u00e9dentes course du 1500 et 800 m\u00e8tres nage libre.","canonical":"https:\/\/www.webdo.tn\/fr\/actualite\/sport\/jo-paris-2024-ahmed-jaouadi-declare-forfait\/215730\/","og_locale":"fr_FR","og_type":"article","og_title":"JO Paris 2024 : Ahmed Jaouadi d\u00e9clare forfait","og_description":"Le nageur tunisien Ahmed Jaouadi n\u2019est pas parvenu \u00e0 monter sur le podium lors des deux pr\u00e9c\u00e9dentes course du 1500 et 800 m\u00e8tres nage libre.","og_url":"https:\/\/www.webdo.tn\/fr\/actualite\/sport\/jo-paris-2024-ahmed-jaouadi-declare-forfait\/215730\/","og_site_name":"webdo","article_publisher":"https:\/\/www.facebook.com\/webdotn","article_published_time":"2024-08-09T08:26:00+00:00","article_modified_time":"2025-05-20T22:54:38+00:00","og_image":[{"width":750,"height":400,"url":"https:\/\/www.webdo.tn\/fr\/wp-content\/uploads\/2024\/08\/cd4cc16b7b2fc3b824f018d7e02eaa05.webp","type":"image\/webp"}],"author":"CL","twitter_card":"summary_large_image","twitter_creator":"@webdo_tn","twitter_site":"@webdo_tn","twitter_misc":{"\u00c9crit par":"CL","Dur\u00e9e de lecture estim\u00e9e":"1 minute"},"schema":{"@context":"https:\/\/schema.org","@graph":[{"@type":"NewsArticle","@id":"https:\/\/www.webdo.tn\/fr\/actualite\/sport\/jo-paris-2024-ahmed-jaouadi-declare-forfait\/215730\/#article","isPartOf":{"@id":"https:\/\/www.webdo.tn\/fr\/actualite\/sport\/jo-paris-2024-ahmed-jaouadi-declare-forfait\/215730\/"},"author":{"name":"CL","@id":"https:\/\/www.webdo.tn\/fr\/#\/schema\/person\/f35b42a42c5e2511bbd282959d6385cc"},"headline":"JO Paris 2024 : Ahmed Jaouadi d\u00e9clare forfait","datePublished":"2024-08-09T08:26:00+00:00","dateModified":"2025-05-20T22:54:38+00:00","mainEntityOfPage":{"@id":"https:\/\/www.webdo.tn\/fr\/actualite\/sport\/jo-paris-2024-ahmed-jaouadi-declare-forfait\/215730\/"},"wordCount":157,"commentCount":0,"publisher":{"@id":"https:\/\/www.webdo.tn\/fr\/#organization"},"image":{"@id":"https:\/\/www.webdo.tn\/fr\/actualite\/sport\/jo-paris-2024-ahmed-jaouadi-declare-forfait\/215730\/#primaryimage"},"thumbnailUrl":"https:\/\/www.webdo.tn\/fr\/wp-content\/uploads\/2024\/08\/cd4cc16b7b2fc3b824f018d7e02eaa05.webp","keywords":["Ahmed Jaouadi","JO Paris 2024","Tunisie"],"articleSection":["Sport"],"inLanguage":"fr-FR"},{"@type":"WebPage","@id":"https:\/\/www.webdo.tn\/fr\/actualite\/sport\/jo-paris-2024-ahmed-jaouadi-declare-forfait\/215730\/","url":"https:\/\/www.webdo.tn\/fr\/actualite\/sport\/jo-paris-2024-ahmed-jaouadi-declare-forfait\/215730\/","name":"JO Paris 2024 : Ahmed Jaouadi d\u00e9clare forfait","isPartOf":{"@id":"https:\/\/www.webdo.tn\/fr\/#website"},"primaryImageOfPage":{"@id":"https:\/\/www.webdo.tn\/fr\/actualite\/sport\/jo-paris-2024-ahmed-jaouadi-declare-forfait\/215730\/#primaryimage"},"image":{"@id":"https:\/\/www.webdo.tn\/fr\/actualite\/sport\/jo-paris-2024-ahmed-jaouadi-declare-forfait\/215730\/#primaryimage"},"thumbnailUrl":"https:\/\/www.webdo.tn\/fr\/wp-content\/uploads\/2024\/08\/cd4cc16b7b2fc3b824f018d7e02eaa05.webp","datePublished":"2024-08-09T08:26:00+00:00","dateModified":"2025-05-20T22:54:38+00:00","description":"Le nageur tunisien Ahmed Jaouadi n\u2019est pas parvenu \u00e0 monter sur le podium lors des deux pr\u00e9c\u00e9dentes course du 1500 et 800 m\u00e8tres nage libre.","breadcrumb":{"@id":"https:\/\/www.webdo.tn\/fr\/actualite\/sport\/jo-paris-2024-ahmed-jaouadi-declare-forfait\/215730\/#breadcrumb"},"inLanguage":"fr-FR","potentialAction":[{"@type":"ReadAction","target":["https:\/\/www.webdo.tn\/fr\/actualite\/sport\/jo-paris-2024-ahmed-jaouadi-declare-forfait\/215730\/"]}]},{"@type":"ImageObject","inLanguage":"fr-FR","@id":"https:\/\/www.webdo.tn\/fr\/actualite\/sport\/jo-paris-2024-ahmed-jaouadi-declare-forfait\/215730\/#primaryimage","url":"https:\/\/www.webdo.tn\/fr\/wp-content\/uploads\/2024\/08\/cd4cc16b7b2fc3b824f018d7e02eaa05.webp","contentUrl":"https:\/\/www.webdo.tn\/fr\/wp-content\/uploads\/2024\/08\/cd4cc16b7b2fc3b824f018d7e02eaa05.webp","width":750,"height":400,"caption":"JO Paris 2024 : Ahmed Jaouadi d\u00e9clare forfait"},{"@type":"BreadcrumbList","@id":"https:\/\/www.webdo.tn\/fr\/actualite\/sport\/jo-paris-2024-ahmed-jaouadi-declare-forfait\/215730\/#breadcrumb","itemListElement":[{"@type":"ListItem","position":1,"name":"Accueil","item":"https:\/\/www.webdo.tn\/fr\/"},{"@type":"ListItem","position":2,"name":"JO Paris 2024 : Ahmed Jaouadi d\u00e9clare forfait"}]},{"@type":"WebSite","@id":"https:\/\/www.webdo.tn\/fr\/#website","url":"https:\/\/www.webdo.tn\/fr\/","name":"webdo","description":"Tunisie - News en Tunisie et \u00e0 l&#039;international sur Webdo.tn","publisher":{"@id":"https:\/\/www.webdo.tn\/fr\/#organization"},"potentialAction":[{"@type":"SearchAction","target":{"@type":"EntryPoint","urlTemplate":"https:\/\/www.webdo.tn\/fr\/?s={search_term_string}"},"query-input":{"@type":"PropertyValueSpecification","valueRequired":true,"valueName":"search_term_string"}}],"inLanguage":"fr-FR"},{"@type":"Organization","@id":"https:\/\/www.webdo.tn\/fr\/#organization","name":"Webdo","alternateName":"Webdo.tn","url":"https:\/\/www.webdo.tn\/fr\/","logo":{"@type":"ImageObject","inLanguage":"fr-FR","@id":"https:\/\/www.webdo.tn\/fr\/#\/schema\/logo\/image\/","url":"https:\/\/www.webdo.tn\/fr\/wp-content\/uploads\/2025\/06\/Webdo-Tunisie_168377.jpg","contentUrl":"https:\/\/www.webdo.tn\/fr\/wp-content\/uploads\/2025\/06\/Webdo-Tunisie_168377.jpg","width":301,"height":301,"caption":"Webdo"},"image":{"@id":"https:\/\/www.webdo.tn\/fr\/#\/schema\/logo\/image\/"},"sameAs":["https:\/\/www.facebook.com\/webdotn","https:\/\/x.com\/webdo_tn"],"description":"Webdo est un m\u00e9dia num\u00e9rique tunisien fond\u00e9 en 2010, sp\u00e9cialis\u00e9 dans l\u2019actualit\u00e9 nationale et internationale, l\u2019\u00e9conomie, la soci\u00e9t\u00e9 et les analyses politiques. Le site s\u2019adresse \u00e0 un large public francophone et couvre l\u2019information tunisienne en temps r\u00e9el.","email":"redac@webdo.tn","legalName":"YNJ SARL","foundingDate":"2010-09-06","numberOfEmployees":{"@type":"QuantitativeValue","minValue":"11","maxValue":"50"}},{"@type":"Person","@id":"https:\/\/www.webdo.tn\/fr\/#\/schema\/person\/f35b42a42c5e2511bbd282959d6385cc","name":"CL","image":{"@type":"ImageObject","inLanguage":"fr-FR","@id":"https:\/\/secure.gravatar.com\/avatar\/1447a49909b67aa657c488aec6512e1dd6143a480c1ecfee9b5b5cd74eb3b59e?s=96&d=mm&r=g","url":"https:\/\/secure.gravatar.com\/avatar\/1447a49909b67aa657c488aec6512e1dd6143a480c1ecfee9b5b5cd74eb3b59e?s=96&d=mm&r=g","contentUrl":"https:\/\/secure.gravatar.com\/avatar\/1447a49909b67aa657c488aec6512e1dd6143a480c1ecfee9b5b5cd74eb3b59e?s=96&d=mm&r=g","caption":"CL"},"url":"https:\/\/www.webdo.tn\/fr\/actualite\/author\/cl\/"}]}},"_links":{"self":[{"href":"https:\/\/www.webdo.tn\/fr\/wp-json\/wp\/v2\/posts\/215730","targetHints":{"allow":["GET"]}}],"collection":[{"href":"https:\/\/www.webdo.tn\/fr\/wp-json\/wp\/v2\/posts"}],"about":[{"href":"https:\/\/www.webdo.tn\/fr\/wp-json\/wp\/v2\/types\/post"}],"author":[{"embeddable":true,"href":"https:\/\/www.webdo.tn\/fr\/wp-json\/wp\/v2\/users\/3175"}],"replies":[{"embeddable":true,"href":"https:\/\/www.webdo.tn\/fr\/wp-json\/wp\/v2\/comments?post=215730"}],"version-history":[{"count":0,"href":"https:\/\/www.webdo.tn\/fr\/wp-json\/wp\/v2\/posts\/215730\/revisions"}],"wp:featuredmedia":[{"embeddable":true,"href":"https:\/\/www.webdo.tn\/fr\/wp-json\/wp\/v2\/media\/290929"}],"wp:attachment":[{"href":"https:\/\/www.webdo.tn\/fr\/wp-json\/wp\/v2\/media?parent=215730"}],"wp:term":[{"taxonomy":"category","embeddable":true,"href":"https:\/\/www.webdo.tn\/fr\/wp-json\/wp\/v2\/categories?post=215730"},{"taxonomy":"post_tag","embeddable":true,"href":"https:\/\/www.webdo.tn\/fr\/wp-json\/wp\/v2\/tags?post=215730"}],"curies":[{"name":"wp","href":"https:\/\/api.w.org\/{rel}","templated":true}]}}