{"id":215728,"date":"2024-08-09T07:56:00","date_gmt":"2024-08-09T07:56:00","guid":{"rendered":"https:\/\/www.webdo.tn\/fr\/blog\/tunisie-baisse-de-l-afflux-des-touristes-tunisiens-et-algeriens-a-cause-de-l-eau\/215728\/"},"modified":"2025-05-20T22:54:39","modified_gmt":"2025-05-20T22:54:39","slug":"tunisie-baisse-de-l-afflux-des-touristes-tunisiens-et-algeriens-a-cause-de-l-eau","status":"publish","type":"post","link":"https:\/\/www.webdo.tn\/fr\/actualite\/national\/tunisie-baisse-de-l-afflux-des-touristes-tunisiens-et-algeriens-a-cause-de-l-eau\/215728\/","title":{"rendered":"Tunisie : Baisse de l\u2019afflux des touristes tunisiens et alg\u00e9riens \u00e0 cause de l\u2019eau ?"},"content":{"rendered":"<p>Le vice-pr\u00e9sident de la F\u00e9d\u00e9ration tunisienne des h\u00f4teliers (FTH), Slim Jammassi, est revenu hier sur l\u2019actuelle saison touristique.\u00a0<\/p>\n<p>S\u2019exprimant dans une d\u00e9claration \u00e0 l\u2019agence TAP, il a not\u00e9 une baisse du nombre de touristes alg\u00e9riens et tunisiens qui a \u00e9t\u00e9 observ\u00e9e dans diff\u00e9rentes r\u00e9gions touristiques du pays.\u00a0<\/p>\n<p>Il a attribu\u00e9 ce fait \u00e0 la baisse du pouvoir d&rsquo;achat et aux coupures d&rsquo;eau, \u00ab car beaucoup pensent que les h\u00f4tels souffrent d&rsquo;un manque d&rsquo;eau, alors qu&rsquo;ils disposent de r\u00e9servoirs d&rsquo;eau \u00bb.\u00a0<\/p>\n<p>Il a \u00e9galement soulign\u00e9 que l&rsquo;\u00c9tat fait de gros efforts pour dessaler l&rsquo;eau, avec des stations de dessalement qui devraient bient\u00f4t \u00eatre op\u00e9rationnelles, exprimant l&rsquo;espoir que la situation s&rsquo;am\u00e9liorera l&rsquo;ann\u00e9e prochaine.<\/p>\n<p>Slim Jammassi a \u00e9galement \u00e9voqu\u00e9 la possibilit\u00e9 de prolonger la saison touristique jusqu&rsquo;en d\u00e9cembre prochain si le rythme des vols organis\u00e9s par les agences de voyages se maintient. Il a toutefois regrett\u00e9 l&rsquo;insuffisance des vols pour transporter les touristes europ\u00e9ens et m\u00eame maghr\u00e9bins vers la Tunisie.<\/p>\n<p>Pourtant, selon les pr\u00e9visions, le secteur du tourisme tunisien s&rsquo;appr\u00eate \u00e0 conna\u00eetre une ann\u00e9e record. C&rsquo;est le conseil\u00a0mondial du voyage et du tourisme (WTTC) qui confirme cette tendance.\u00a0<\/p>\n<p>\u00a0L&rsquo;organisme international anticipe une injection de 23 milliards de dinars dans l&rsquo;\u00e9conomie nationale cette ann\u00e9e, marquant ainsi un retour en force de cette industrie cl\u00e9 pour le pays.<\/p>\n","protected":false},"excerpt":{"rendered":"<p>S\u2019exprimant dans une d\u00e9claration \u00e0 l\u2019agence TAP, il a not\u00e9 une baisse du nombre de touristes alg\u00e9riens et tunisiens qui a \u00e9t\u00e9 observ\u00e9e dans diff\u00e9rentes r\u00e9gions&#8230;<\/p>\n","protected":false},"author":3175,"featured_media":290931,"comment_status":"open","ping_status":"closed","sticky":false,"template":"","format":"standard","meta":{"footnotes":""},"categories":[44],"tags":[6597,2798,2608],"class_list":["post-215728","post","type-post","status-publish","format-standard","has-post-thumbnail","hentry","category-national","tag-hotels","tag-tourisme","tag-tunisie"],"yoast_head":"<!-- This site is optimized with the Yoast SEO Premium plugin v27.5 (Yoast SEO v27.5) - https:\/\/yoast.com\/product\/yoast-seo-premium-wordpress\/ -->\n<title>Tunisie : Baisse de l\u2019afflux des touristes tunisiens et alg\u00e9riens \u00e0 cause de l\u2019eau ?<\/title>\n<meta name=\"description\" content=\"S\u2019exprimant dans une d\u00e9claration \u00e0 l\u2019agence TAP, il a not\u00e9 une baisse du nombre de touristes alg\u00e9riens et tunisiens qui a \u00e9t\u00e9 observ\u00e9e dans diff\u00e9rentes r\u00e9gions...\" \/>\n<link rel=\"canonical\" href=\"https:\/\/www.webdo.tn\/fr\/actualite\/national\/tunisie-baisse-de-l-afflux-des-touristes-tunisiens-et-algeriens-a-cause-de-l-eau\/215728\/\" \/>\n<meta property=\"og:locale\" content=\"fr_FR\" \/>\n<meta property=\"og:type\" content=\"article\" \/>\n<meta property=\"og:title\" content=\"Tunisie : Baisse de l\u2019afflux des touristes tunisiens et alg\u00e9riens \u00e0 cause de l\u2019eau ?\" \/>\n<meta property=\"og:description\" content=\"S\u2019exprimant dans une d\u00e9claration \u00e0 l\u2019agence TAP, il a not\u00e9 une baisse du nombre de touristes alg\u00e9riens et tunisiens qui a \u00e9t\u00e9 observ\u00e9e dans diff\u00e9rentes r\u00e9gions...\" \/>\n<meta property=\"og:url\" content=\"https:\/\/www.webdo.tn\/fr\/actualite\/national\/tunisie-baisse-de-l-afflux-des-touristes-tunisiens-et-algeriens-a-cause-de-l-eau\/215728\/\" \/>\n<meta property=\"og:site_name\" content=\"webdo\" \/>\n<meta property=\"article:publisher\" content=\"https:\/\/www.facebook.com\/webdotn\" \/>\n<meta property=\"article:published_time\" content=\"2024-08-09T07:56:00+00:00\" \/>\n<meta property=\"article:modified_time\" content=\"2025-05-20T22:54:39+00:00\" \/>\n<meta property=\"og:image\" content=\"https:\/\/www.webdo.tn\/fr\/wp-content\/uploads\/2024\/08\/0c7d3f54df2ae1331d52f87512e01f55.webp\" \/>\n\t<meta property=\"og:image:width\" content=\"750\" \/>\n\t<meta property=\"og:image:height\" content=\"400\" \/>\n\t<meta property=\"og:image:type\" content=\"image\/webp\" \/>\n<meta name=\"author\" content=\"CL\" \/>\n<meta name=\"twitter:card\" content=\"summary_large_image\" \/>\n<meta name=\"twitter:creator\" content=\"@webdo_tn\" \/>\n<meta name=\"twitter:site\" content=\"@webdo_tn\" \/>\n<meta name=\"twitter:label1\" content=\"\u00c9crit par\" \/>\n\t<meta name=\"twitter:data1\" content=\"CL\" \/>\n\t<meta name=\"twitter:label2\" content=\"Dur\u00e9e de lecture estim\u00e9e\" \/>\n\t<meta name=\"twitter:data2\" content=\"1 minute\" \/>\n<script type=\"application\/ld+json\" class=\"yoast-schema-graph\">{\"@context\":\"https:\\\/\\\/schema.org\",\"@graph\":[{\"@type\":\"NewsArticle\",\"@id\":\"https:\\\/\\\/www.webdo.tn\\\/fr\\\/actualite\\\/national\\\/tunisie-baisse-de-l-afflux-des-touristes-tunisiens-et-algeriens-a-cause-de-l-eau\\\/215728\\\/#article\",\"isPartOf\":{\"@id\":\"https:\\\/\\\/www.webdo.tn\\\/fr\\\/actualite\\\/national\\\/tunisie-baisse-de-l-afflux-des-touristes-tunisiens-et-algeriens-a-cause-de-l-eau\\\/215728\\\/\"},\"author\":{\"name\":\"CL\",\"@id\":\"https:\\\/\\\/www.webdo.tn\\\/fr\\\/#\\\/schema\\\/person\\\/f35b42a42c5e2511bbd282959d6385cc\"},\"headline\":\"Tunisie : Baisse de l\u2019afflux des touristes tunisiens et alg\u00e9riens \u00e0 cause de l\u2019eau ?\",\"datePublished\":\"2024-08-09T07:56:00+00:00\",\"dateModified\":\"2025-05-20T22:54:39+00:00\",\"mainEntityOfPage\":{\"@id\":\"https:\\\/\\\/www.webdo.tn\\\/fr\\\/actualite\\\/national\\\/tunisie-baisse-de-l-afflux-des-touristes-tunisiens-et-algeriens-a-cause-de-l-eau\\\/215728\\\/\"},\"wordCount\":268,\"commentCount\":0,\"publisher\":{\"@id\":\"https:\\\/\\\/www.webdo.tn\\\/fr\\\/#organization\"},\"image\":{\"@id\":\"https:\\\/\\\/www.webdo.tn\\\/fr\\\/actualite\\\/national\\\/tunisie-baisse-de-l-afflux-des-touristes-tunisiens-et-algeriens-a-cause-de-l-eau\\\/215728\\\/#primaryimage\"},\"thumbnailUrl\":\"https:\\\/\\\/www.webdo.tn\\\/fr\\\/wp-content\\\/uploads\\\/2024\\\/08\\\/0c7d3f54df2ae1331d52f87512e01f55.webp\",\"keywords\":[\"hotels\",\"Tourisme\",\"Tunisie\"],\"articleSection\":[\"National\"],\"inLanguage\":\"fr-FR\"},{\"@type\":\"WebPage\",\"@id\":\"https:\\\/\\\/www.webdo.tn\\\/fr\\\/actualite\\\/national\\\/tunisie-baisse-de-l-afflux-des-touristes-tunisiens-et-algeriens-a-cause-de-l-eau\\\/215728\\\/\",\"url\":\"https:\\\/\\\/www.webdo.tn\\\/fr\\\/actualite\\\/national\\\/tunisie-baisse-de-l-afflux-des-touristes-tunisiens-et-algeriens-a-cause-de-l-eau\\\/215728\\\/\",\"name\":\"Tunisie : Baisse de l\u2019afflux des touristes tunisiens et alg\u00e9riens \u00e0 cause de l\u2019eau ?\",\"isPartOf\":{\"@id\":\"https:\\\/\\\/www.webdo.tn\\\/fr\\\/#website\"},\"primaryImageOfPage\":{\"@id\":\"https:\\\/\\\/www.webdo.tn\\\/fr\\\/actualite\\\/national\\\/tunisie-baisse-de-l-afflux-des-touristes-tunisiens-et-algeriens-a-cause-de-l-eau\\\/215728\\\/#primaryimage\"},\"image\":{\"@id\":\"https:\\\/\\\/www.webdo.tn\\\/fr\\\/actualite\\\/national\\\/tunisie-baisse-de-l-afflux-des-touristes-tunisiens-et-algeriens-a-cause-de-l-eau\\\/215728\\\/#primaryimage\"},\"thumbnailUrl\":\"https:\\\/\\\/www.webdo.tn\\\/fr\\\/wp-content\\\/uploads\\\/2024\\\/08\\\/0c7d3f54df2ae1331d52f87512e01f55.webp\",\"datePublished\":\"2024-08-09T07:56:00+00:00\",\"dateModified\":\"2025-05-20T22:54:39+00:00\",\"description\":\"S\u2019exprimant dans une d\u00e9claration \u00e0 l\u2019agence TAP, il a not\u00e9 une baisse du nombre de touristes alg\u00e9riens et tunisiens qui a \u00e9t\u00e9 observ\u00e9e dans diff\u00e9rentes r\u00e9gions...\",\"breadcrumb\":{\"@id\":\"https:\\\/\\\/www.webdo.tn\\\/fr\\\/actualite\\\/national\\\/tunisie-baisse-de-l-afflux-des-touristes-tunisiens-et-algeriens-a-cause-de-l-eau\\\/215728\\\/#breadcrumb\"},\"inLanguage\":\"fr-FR\",\"potentialAction\":[{\"@type\":\"ReadAction\",\"target\":[\"https:\\\/\\\/www.webdo.tn\\\/fr\\\/actualite\\\/national\\\/tunisie-baisse-de-l-afflux-des-touristes-tunisiens-et-algeriens-a-cause-de-l-eau\\\/215728\\\/\"]}]},{\"@type\":\"ImageObject\",\"inLanguage\":\"fr-FR\",\"@id\":\"https:\\\/\\\/www.webdo.tn\\\/fr\\\/actualite\\\/national\\\/tunisie-baisse-de-l-afflux-des-touristes-tunisiens-et-algeriens-a-cause-de-l-eau\\\/215728\\\/#primaryimage\",\"url\":\"https:\\\/\\\/www.webdo.tn\\\/fr\\\/wp-content\\\/uploads\\\/2024\\\/08\\\/0c7d3f54df2ae1331d52f87512e01f55.webp\",\"contentUrl\":\"https:\\\/\\\/www.webdo.tn\\\/fr\\\/wp-content\\\/uploads\\\/2024\\\/08\\\/0c7d3f54df2ae1331d52f87512e01f55.webp\",\"width\":750,\"height\":400,\"caption\":\"Tunisie : Baisse de l\u2019afflux des touristes tunisiens et alg\u00e9riens \u00e0 cause de l\u2019eau ?\"},{\"@type\":\"BreadcrumbList\",\"@id\":\"https:\\\/\\\/www.webdo.tn\\\/fr\\\/actualite\\\/national\\\/tunisie-baisse-de-l-afflux-des-touristes-tunisiens-et-algeriens-a-cause-de-l-eau\\\/215728\\\/#breadcrumb\",\"itemListElement\":[{\"@type\":\"ListItem\",\"position\":1,\"name\":\"Accueil\",\"item\":\"https:\\\/\\\/www.webdo.tn\\\/fr\\\/\"},{\"@type\":\"ListItem\",\"position\":2,\"name\":\"Tunisie : Baisse de l\u2019afflux des touristes tunisiens et alg\u00e9riens \u00e0 cause de l\u2019eau ?\"}]},{\"@type\":\"WebSite\",\"@id\":\"https:\\\/\\\/www.webdo.tn\\\/fr\\\/#website\",\"url\":\"https:\\\/\\\/www.webdo.tn\\\/fr\\\/\",\"name\":\"webdo\",\"description\":\"Tunisie - News en Tunisie et \u00e0 l&#039;international sur Webdo.tn\",\"publisher\":{\"@id\":\"https:\\\/\\\/www.webdo.tn\\\/fr\\\/#organization\"},\"potentialAction\":[{\"@type\":\"SearchAction\",\"target\":{\"@type\":\"EntryPoint\",\"urlTemplate\":\"https:\\\/\\\/www.webdo.tn\\\/fr\\\/?s={search_term_string}\"},\"query-input\":{\"@type\":\"PropertyValueSpecification\",\"valueRequired\":true,\"valueName\":\"search_term_string\"}}],\"inLanguage\":\"fr-FR\"},{\"@type\":\"Organization\",\"@id\":\"https:\\\/\\\/www.webdo.tn\\\/fr\\\/#organization\",\"name\":\"Webdo\",\"alternateName\":\"Webdo.tn\",\"url\":\"https:\\\/\\\/www.webdo.tn\\\/fr\\\/\",\"logo\":{\"@type\":\"ImageObject\",\"inLanguage\":\"fr-FR\",\"@id\":\"https:\\\/\\\/www.webdo.tn\\\/fr\\\/#\\\/schema\\\/logo\\\/image\\\/\",\"url\":\"https:\\\/\\\/www.webdo.tn\\\/fr\\\/wp-content\\\/uploads\\\/2025\\\/06\\\/Webdo-Tunisie_168377.jpg\",\"contentUrl\":\"https:\\\/\\\/www.webdo.tn\\\/fr\\\/wp-content\\\/uploads\\\/2025\\\/06\\\/Webdo-Tunisie_168377.jpg\",\"width\":301,\"height\":301,\"caption\":\"Webdo\"},\"image\":{\"@id\":\"https:\\\/\\\/www.webdo.tn\\\/fr\\\/#\\\/schema\\\/logo\\\/image\\\/\"},\"sameAs\":[\"https:\\\/\\\/www.facebook.com\\\/webdotn\",\"https:\\\/\\\/x.com\\\/webdo_tn\"],\"description\":\"Webdo est un m\u00e9dia num\u00e9rique tunisien fond\u00e9 en 2010, sp\u00e9cialis\u00e9 dans l\u2019actualit\u00e9 nationale et internationale, l\u2019\u00e9conomie, la soci\u00e9t\u00e9 et les analyses politiques. Le site s\u2019adresse \u00e0 un large public francophone et couvre l\u2019information tunisienne en temps r\u00e9el.\",\"email\":\"redac@webdo.tn\",\"legalName\":\"YNJ SARL\",\"foundingDate\":\"2010-09-06\",\"numberOfEmployees\":{\"@type\":\"QuantitativeValue\",\"minValue\":\"11\",\"maxValue\":\"50\"}},{\"@type\":\"Person\",\"@id\":\"https:\\\/\\\/www.webdo.tn\\\/fr\\\/#\\\/schema\\\/person\\\/f35b42a42c5e2511bbd282959d6385cc\",\"name\":\"CL\",\"image\":{\"@type\":\"ImageObject\",\"inLanguage\":\"fr-FR\",\"@id\":\"https:\\\/\\\/secure.gravatar.com\\\/avatar\\\/1447a49909b67aa657c488aec6512e1dd6143a480c1ecfee9b5b5cd74eb3b59e?s=96&d=mm&r=g\",\"url\":\"https:\\\/\\\/secure.gravatar.com\\\/avatar\\\/1447a49909b67aa657c488aec6512e1dd6143a480c1ecfee9b5b5cd74eb3b59e?s=96&d=mm&r=g\",\"contentUrl\":\"https:\\\/\\\/secure.gravatar.com\\\/avatar\\\/1447a49909b67aa657c488aec6512e1dd6143a480c1ecfee9b5b5cd74eb3b59e?s=96&d=mm&r=g\",\"caption\":\"CL\"},\"url\":\"https:\\\/\\\/www.webdo.tn\\\/fr\\\/actualite\\\/author\\\/cl\\\/\"}]}<\/script>\n<!-- \/ Yoast SEO Premium plugin. -->","yoast_head_json":{"title":"Tunisie : Baisse de l\u2019afflux des touristes tunisiens et alg\u00e9riens \u00e0 cause de l\u2019eau ?","description":"S\u2019exprimant dans une d\u00e9claration \u00e0 l\u2019agence TAP, il a not\u00e9 une baisse du nombre de touristes alg\u00e9riens et tunisiens qui a \u00e9t\u00e9 observ\u00e9e dans diff\u00e9rentes r\u00e9gions...","canonical":"https:\/\/www.webdo.tn\/fr\/actualite\/national\/tunisie-baisse-de-l-afflux-des-touristes-tunisiens-et-algeriens-a-cause-de-l-eau\/215728\/","og_locale":"fr_FR","og_type":"article","og_title":"Tunisie : Baisse de l\u2019afflux des touristes tunisiens et alg\u00e9riens \u00e0 cause de l\u2019eau ?","og_description":"S\u2019exprimant dans une d\u00e9claration \u00e0 l\u2019agence TAP, il a not\u00e9 une baisse du nombre de touristes alg\u00e9riens et tunisiens qui a \u00e9t\u00e9 observ\u00e9e dans diff\u00e9rentes r\u00e9gions...","og_url":"https:\/\/www.webdo.tn\/fr\/actualite\/national\/tunisie-baisse-de-l-afflux-des-touristes-tunisiens-et-algeriens-a-cause-de-l-eau\/215728\/","og_site_name":"webdo","article_publisher":"https:\/\/www.facebook.com\/webdotn","article_published_time":"2024-08-09T07:56:00+00:00","article_modified_time":"2025-05-20T22:54:39+00:00","og_image":[{"width":750,"height":400,"url":"https:\/\/www.webdo.tn\/fr\/wp-content\/uploads\/2024\/08\/0c7d3f54df2ae1331d52f87512e01f55.webp","type":"image\/webp"}],"author":"CL","twitter_card":"summary_large_image","twitter_creator":"@webdo_tn","twitter_site":"@webdo_tn","twitter_misc":{"\u00c9crit par":"CL","Dur\u00e9e de lecture estim\u00e9e":"1 minute"},"schema":{"@context":"https:\/\/schema.org","@graph":[{"@type":"NewsArticle","@id":"https:\/\/www.webdo.tn\/fr\/actualite\/national\/tunisie-baisse-de-l-afflux-des-touristes-tunisiens-et-algeriens-a-cause-de-l-eau\/215728\/#article","isPartOf":{"@id":"https:\/\/www.webdo.tn\/fr\/actualite\/national\/tunisie-baisse-de-l-afflux-des-touristes-tunisiens-et-algeriens-a-cause-de-l-eau\/215728\/"},"author":{"name":"CL","@id":"https:\/\/www.webdo.tn\/fr\/#\/schema\/person\/f35b42a42c5e2511bbd282959d6385cc"},"headline":"Tunisie : Baisse de l\u2019afflux des touristes tunisiens et alg\u00e9riens \u00e0 cause de l\u2019eau ?","datePublished":"2024-08-09T07:56:00+00:00","dateModified":"2025-05-20T22:54:39+00:00","mainEntityOfPage":{"@id":"https:\/\/www.webdo.tn\/fr\/actualite\/national\/tunisie-baisse-de-l-afflux-des-touristes-tunisiens-et-algeriens-a-cause-de-l-eau\/215728\/"},"wordCount":268,"commentCount":0,"publisher":{"@id":"https:\/\/www.webdo.tn\/fr\/#organization"},"image":{"@id":"https:\/\/www.webdo.tn\/fr\/actualite\/national\/tunisie-baisse-de-l-afflux-des-touristes-tunisiens-et-algeriens-a-cause-de-l-eau\/215728\/#primaryimage"},"thumbnailUrl":"https:\/\/www.webdo.tn\/fr\/wp-content\/uploads\/2024\/08\/0c7d3f54df2ae1331d52f87512e01f55.webp","keywords":["hotels","Tourisme","Tunisie"],"articleSection":["National"],"inLanguage":"fr-FR"},{"@type":"WebPage","@id":"https:\/\/www.webdo.tn\/fr\/actualite\/national\/tunisie-baisse-de-l-afflux-des-touristes-tunisiens-et-algeriens-a-cause-de-l-eau\/215728\/","url":"https:\/\/www.webdo.tn\/fr\/actualite\/national\/tunisie-baisse-de-l-afflux-des-touristes-tunisiens-et-algeriens-a-cause-de-l-eau\/215728\/","name":"Tunisie : Baisse de l\u2019afflux des touristes tunisiens et alg\u00e9riens \u00e0 cause de l\u2019eau ?","isPartOf":{"@id":"https:\/\/www.webdo.tn\/fr\/#website"},"primaryImageOfPage":{"@id":"https:\/\/www.webdo.tn\/fr\/actualite\/national\/tunisie-baisse-de-l-afflux-des-touristes-tunisiens-et-algeriens-a-cause-de-l-eau\/215728\/#primaryimage"},"image":{"@id":"https:\/\/www.webdo.tn\/fr\/actualite\/national\/tunisie-baisse-de-l-afflux-des-touristes-tunisiens-et-algeriens-a-cause-de-l-eau\/215728\/#primaryimage"},"thumbnailUrl":"https:\/\/www.webdo.tn\/fr\/wp-content\/uploads\/2024\/08\/0c7d3f54df2ae1331d52f87512e01f55.webp","datePublished":"2024-08-09T07:56:00+00:00","dateModified":"2025-05-20T22:54:39+00:00","description":"S\u2019exprimant dans une d\u00e9claration \u00e0 l\u2019agence TAP, il a not\u00e9 une baisse du nombre de touristes alg\u00e9riens et tunisiens qui a \u00e9t\u00e9 observ\u00e9e dans diff\u00e9rentes r\u00e9gions...","breadcrumb":{"@id":"https:\/\/www.webdo.tn\/fr\/actualite\/national\/tunisie-baisse-de-l-afflux-des-touristes-tunisiens-et-algeriens-a-cause-de-l-eau\/215728\/#breadcrumb"},"inLanguage":"fr-FR","potentialAction":[{"@type":"ReadAction","target":["https:\/\/www.webdo.tn\/fr\/actualite\/national\/tunisie-baisse-de-l-afflux-des-touristes-tunisiens-et-algeriens-a-cause-de-l-eau\/215728\/"]}]},{"@type":"ImageObject","inLanguage":"fr-FR","@id":"https:\/\/www.webdo.tn\/fr\/actualite\/national\/tunisie-baisse-de-l-afflux-des-touristes-tunisiens-et-algeriens-a-cause-de-l-eau\/215728\/#primaryimage","url":"https:\/\/www.webdo.tn\/fr\/wp-content\/uploads\/2024\/08\/0c7d3f54df2ae1331d52f87512e01f55.webp","contentUrl":"https:\/\/www.webdo.tn\/fr\/wp-content\/uploads\/2024\/08\/0c7d3f54df2ae1331d52f87512e01f55.webp","width":750,"height":400,"caption":"Tunisie : Baisse de l\u2019afflux des touristes tunisiens et alg\u00e9riens \u00e0 cause de l\u2019eau ?"},{"@type":"BreadcrumbList","@id":"https:\/\/www.webdo.tn\/fr\/actualite\/national\/tunisie-baisse-de-l-afflux-des-touristes-tunisiens-et-algeriens-a-cause-de-l-eau\/215728\/#breadcrumb","itemListElement":[{"@type":"ListItem","position":1,"name":"Accueil","item":"https:\/\/www.webdo.tn\/fr\/"},{"@type":"ListItem","position":2,"name":"Tunisie : Baisse de l\u2019afflux des touristes tunisiens et alg\u00e9riens \u00e0 cause de l\u2019eau ?"}]},{"@type":"WebSite","@id":"https:\/\/www.webdo.tn\/fr\/#website","url":"https:\/\/www.webdo.tn\/fr\/","name":"webdo","description":"Tunisie - News en Tunisie et \u00e0 l&#039;international sur Webdo.tn","publisher":{"@id":"https:\/\/www.webdo.tn\/fr\/#organization"},"potentialAction":[{"@type":"SearchAction","target":{"@type":"EntryPoint","urlTemplate":"https:\/\/www.webdo.tn\/fr\/?s={search_term_string}"},"query-input":{"@type":"PropertyValueSpecification","valueRequired":true,"valueName":"search_term_string"}}],"inLanguage":"fr-FR"},{"@type":"Organization","@id":"https:\/\/www.webdo.tn\/fr\/#organization","name":"Webdo","alternateName":"Webdo.tn","url":"https:\/\/www.webdo.tn\/fr\/","logo":{"@type":"ImageObject","inLanguage":"fr-FR","@id":"https:\/\/www.webdo.tn\/fr\/#\/schema\/logo\/image\/","url":"https:\/\/www.webdo.tn\/fr\/wp-content\/uploads\/2025\/06\/Webdo-Tunisie_168377.jpg","contentUrl":"https:\/\/www.webdo.tn\/fr\/wp-content\/uploads\/2025\/06\/Webdo-Tunisie_168377.jpg","width":301,"height":301,"caption":"Webdo"},"image":{"@id":"https:\/\/www.webdo.tn\/fr\/#\/schema\/logo\/image\/"},"sameAs":["https:\/\/www.facebook.com\/webdotn","https:\/\/x.com\/webdo_tn"],"description":"Webdo est un m\u00e9dia num\u00e9rique tunisien fond\u00e9 en 2010, sp\u00e9cialis\u00e9 dans l\u2019actualit\u00e9 nationale et internationale, l\u2019\u00e9conomie, la soci\u00e9t\u00e9 et les analyses politiques. Le site s\u2019adresse \u00e0 un large public francophone et couvre l\u2019information tunisienne en temps r\u00e9el.","email":"redac@webdo.tn","legalName":"YNJ SARL","foundingDate":"2010-09-06","numberOfEmployees":{"@type":"QuantitativeValue","minValue":"11","maxValue":"50"}},{"@type":"Person","@id":"https:\/\/www.webdo.tn\/fr\/#\/schema\/person\/f35b42a42c5e2511bbd282959d6385cc","name":"CL","image":{"@type":"ImageObject","inLanguage":"fr-FR","@id":"https:\/\/secure.gravatar.com\/avatar\/1447a49909b67aa657c488aec6512e1dd6143a480c1ecfee9b5b5cd74eb3b59e?s=96&d=mm&r=g","url":"https:\/\/secure.gravatar.com\/avatar\/1447a49909b67aa657c488aec6512e1dd6143a480c1ecfee9b5b5cd74eb3b59e?s=96&d=mm&r=g","contentUrl":"https:\/\/secure.gravatar.com\/avatar\/1447a49909b67aa657c488aec6512e1dd6143a480c1ecfee9b5b5cd74eb3b59e?s=96&d=mm&r=g","caption":"CL"},"url":"https:\/\/www.webdo.tn\/fr\/actualite\/author\/cl\/"}]}},"_links":{"self":[{"href":"https:\/\/www.webdo.tn\/fr\/wp-json\/wp\/v2\/posts\/215728","targetHints":{"allow":["GET"]}}],"collection":[{"href":"https:\/\/www.webdo.tn\/fr\/wp-json\/wp\/v2\/posts"}],"about":[{"href":"https:\/\/www.webdo.tn\/fr\/wp-json\/wp\/v2\/types\/post"}],"author":[{"embeddable":true,"href":"https:\/\/www.webdo.tn\/fr\/wp-json\/wp\/v2\/users\/3175"}],"replies":[{"embeddable":true,"href":"https:\/\/www.webdo.tn\/fr\/wp-json\/wp\/v2\/comments?post=215728"}],"version-history":[{"count":0,"href":"https:\/\/www.webdo.tn\/fr\/wp-json\/wp\/v2\/posts\/215728\/revisions"}],"wp:featuredmedia":[{"embeddable":true,"href":"https:\/\/www.webdo.tn\/fr\/wp-json\/wp\/v2\/media\/290931"}],"wp:attachment":[{"href":"https:\/\/www.webdo.tn\/fr\/wp-json\/wp\/v2\/media?parent=215728"}],"wp:term":[{"taxonomy":"category","embeddable":true,"href":"https:\/\/www.webdo.tn\/fr\/wp-json\/wp\/v2\/categories?post=215728"},{"taxonomy":"post_tag","embeddable":true,"href":"https:\/\/www.webdo.tn\/fr\/wp-json\/wp\/v2\/tags?post=215728"}],"curies":[{"name":"wp","href":"https:\/\/api.w.org\/{rel}","templated":true}]}}