{"id":215723,"date":"2024-08-08T16:26:00","date_gmt":"2024-08-08T16:26:00","guid":{"rendered":"https:\/\/www.webdo.tn\/fr\/blog\/affaires-de-terrorisme-21-accuses-dont-ghannouchi-et-chahed-renvoyes-devant-la-justice\/215723\/"},"modified":"2025-05-21T09:06:29","modified_gmt":"2025-05-21T09:06:29","slug":"affaires-de-terrorisme-21-accuses-dont-ghannouchi-et-chahed-renvoyes-devant-la-justice","status":"publish","type":"post","link":"https:\/\/www.webdo.tn\/fr\/actualite\/national\/affaires-de-terrorisme-21-accuses-dont-ghannouchi-et-chahed-renvoyes-devant-la-justice\/215723\/","title":{"rendered":"Affaires de terrorisme : 21 accus\u00e9s dont Ghannouchi et Chahed renvoy\u00e9s devant la chambre criminelle"},"content":{"rendered":"<p>La chambre d&rsquo;accusation sp\u00e9cialis\u00e9e dans les affaires de terrorisme aupr\u00e8s de la Cour d&rsquo;appel de Tunis a d\u00e9cid\u00e9, ce jeudi 8 ao\u00fbt 2024, de renvoyer 21 accus\u00e9s, dont Rached Ghannouchi, Youssef Chahed et Lotfi Zitoun, devant la chambre criminelle sp\u00e9cialis\u00e9e dans les affaires de terrorisme du tribunal de premi\u00e8re instance de Tunis.<\/p>\n<p>Les accus\u00e9s seront jug\u00e9s pour des crimes \u00e0 caract\u00e8re terroriste, selon les informations fournies par Habib Torkhani, porte-parole de la Cour d&rsquo;appel \u00e0 la radio Mosa\u00efque FM.<\/p>\n<p>Parmi les personnes concern\u00e9es par cette d\u00e9cision figurent \u00e9galement Nadia Akacha, Kamal Bedoui, Kamal Guizani et Mustapha Khedhr, ainsi que d\u2019autres individus.<\/p>\n<p>Habib Torkhani a pr\u00e9cis\u00e9 que le renvoi concerne sp\u00e9cifiquement des faits de terrorisme. Il a \u00e9galement mentionn\u00e9 que les demandes de lib\u00e9ration provisoire des accus\u00e9s d\u00e9tenus dans cette affaire ont \u00e9t\u00e9 rejet\u00e9es.<\/p>\n","protected":false},"excerpt":{"rendered":"<p>La Cour d&rsquo;appel de Tunis a renvoy\u00e9 21 accus\u00e9s, dont Rached Ghannouchi et Youssef Chahed, devant la chambre criminelle sp\u00e9cialis\u00e9e pour juger des crimes terroris&#8230;<\/p>\n","protected":false},"author":3166,"featured_media":290926,"comment_status":"open","ping_status":"closed","sticky":false,"template":"","format":"standard","meta":{"footnotes":""},"categories":[44],"tags":[4127,2619,2608],"class_list":["post-215723","post","type-post","status-publish","format-standard","has-post-thumbnail","hentry","category-national","tag-ghannouchi","tag-justice","tag-tunisie"],"yoast_head":"<!-- This site is optimized with the Yoast SEO Premium plugin v27.4 (Yoast SEO v27.5) - https:\/\/yoast.com\/product\/yoast-seo-premium-wordpress\/ -->\n<title>Affaires de terrorisme : 21 accus\u00e9s dont Ghannouchi et Chahed renvoy\u00e9s devant la chambre criminelle<\/title>\n<meta name=\"description\" content=\"La Cour d&#039;appel de Tunis a renvoy\u00e9 21 accus\u00e9s, dont Rached Ghannouchi et Youssef Chahed, devant la chambre criminelle sp\u00e9cialis\u00e9e pour juger des crimes terroris...\" \/>\n<link rel=\"canonical\" href=\"https:\/\/www.webdo.tn\/fr\/actualite\/national\/affaires-de-terrorisme-21-accuses-dont-ghannouchi-et-chahed-renvoyes-devant-la-justice\/215723\/\" \/>\n<meta property=\"og:locale\" content=\"fr_FR\" \/>\n<meta property=\"og:type\" content=\"article\" \/>\n<meta property=\"og:title\" content=\"Affaires de terrorisme : 21 accus\u00e9s dont Ghannouchi et Chahed renvoy\u00e9s devant la chambre criminelle\" \/>\n<meta property=\"og:description\" content=\"La Cour d&#039;appel de Tunis a renvoy\u00e9 21 accus\u00e9s, dont Rached Ghannouchi et Youssef Chahed, devant la chambre criminelle sp\u00e9cialis\u00e9e pour juger des crimes terroris...\" \/>\n<meta property=\"og:url\" content=\"https:\/\/www.webdo.tn\/fr\/actualite\/national\/affaires-de-terrorisme-21-accuses-dont-ghannouchi-et-chahed-renvoyes-devant-la-justice\/215723\/\" \/>\n<meta property=\"og:site_name\" content=\"webdo\" \/>\n<meta property=\"article:publisher\" content=\"https:\/\/www.facebook.com\/webdotn\" \/>\n<meta property=\"article:published_time\" content=\"2024-08-08T16:26:00+00:00\" \/>\n<meta property=\"article:modified_time\" content=\"2025-05-21T09:06:29+00:00\" \/>\n<meta property=\"og:image\" content=\"https:\/\/www.webdo.tn\/fr\/wp-content\/uploads\/2024\/08\/553101a2430234c66aff45ddfe435218.webp\" \/>\n\t<meta property=\"og:image:width\" content=\"680\" \/>\n\t<meta property=\"og:image:height\" content=\"363\" \/>\n\t<meta property=\"og:image:type\" content=\"image\/webp\" \/>\n<meta name=\"author\" content=\"AZ\" \/>\n<meta name=\"twitter:card\" content=\"summary_large_image\" \/>\n<meta name=\"twitter:creator\" content=\"@webdo_tn\" \/>\n<meta name=\"twitter:site\" content=\"@webdo_tn\" \/>\n<meta name=\"twitter:label1\" content=\"\u00c9crit par\" \/>\n\t<meta name=\"twitter:data1\" content=\"AZ\" \/>\n\t<meta name=\"twitter:label2\" content=\"Dur\u00e9e de lecture estim\u00e9e\" \/>\n\t<meta name=\"twitter:data2\" content=\"1 minute\" \/>\n<script type=\"application\/ld+json\" class=\"yoast-schema-graph\">{\"@context\":\"https:\\\/\\\/schema.org\",\"@graph\":[{\"@type\":\"NewsArticle\",\"@id\":\"https:\\\/\\\/www.webdo.tn\\\/fr\\\/actualite\\\/national\\\/affaires-de-terrorisme-21-accuses-dont-ghannouchi-et-chahed-renvoyes-devant-la-justice\\\/215723\\\/#article\",\"isPartOf\":{\"@id\":\"https:\\\/\\\/www.webdo.tn\\\/fr\\\/actualite\\\/national\\\/affaires-de-terrorisme-21-accuses-dont-ghannouchi-et-chahed-renvoyes-devant-la-justice\\\/215723\\\/\"},\"author\":{\"name\":\"AZ\",\"@id\":\"https:\\\/\\\/www.webdo.tn\\\/fr\\\/#\\\/schema\\\/person\\\/b8a41c04d93287d375510db360906b34\"},\"headline\":\"Affaires de terrorisme : 21 accus\u00e9s dont Ghannouchi et Chahed renvoy\u00e9s devant la chambre criminelle\",\"datePublished\":\"2024-08-08T16:26:00+00:00\",\"dateModified\":\"2025-05-21T09:06:29+00:00\",\"mainEntityOfPage\":{\"@id\":\"https:\\\/\\\/www.webdo.tn\\\/fr\\\/actualite\\\/national\\\/affaires-de-terrorisme-21-accuses-dont-ghannouchi-et-chahed-renvoyes-devant-la-justice\\\/215723\\\/\"},\"wordCount\":168,\"commentCount\":0,\"publisher\":{\"@id\":\"https:\\\/\\\/www.webdo.tn\\\/fr\\\/#organization\"},\"image\":{\"@id\":\"https:\\\/\\\/www.webdo.tn\\\/fr\\\/actualite\\\/national\\\/affaires-de-terrorisme-21-accuses-dont-ghannouchi-et-chahed-renvoyes-devant-la-justice\\\/215723\\\/#primaryimage\"},\"thumbnailUrl\":\"https:\\\/\\\/www.webdo.tn\\\/fr\\\/wp-content\\\/uploads\\\/2024\\\/08\\\/553101a2430234c66aff45ddfe435218.webp\",\"keywords\":[\"Ghannouchi\",\"justice\",\"Tunisie\"],\"articleSection\":[\"National\"],\"inLanguage\":\"fr-FR\"},{\"@type\":\"WebPage\",\"@id\":\"https:\\\/\\\/www.webdo.tn\\\/fr\\\/actualite\\\/national\\\/affaires-de-terrorisme-21-accuses-dont-ghannouchi-et-chahed-renvoyes-devant-la-justice\\\/215723\\\/\",\"url\":\"https:\\\/\\\/www.webdo.tn\\\/fr\\\/actualite\\\/national\\\/affaires-de-terrorisme-21-accuses-dont-ghannouchi-et-chahed-renvoyes-devant-la-justice\\\/215723\\\/\",\"name\":\"Affaires de terrorisme : 21 accus\u00e9s dont Ghannouchi et Chahed renvoy\u00e9s devant la chambre criminelle\",\"isPartOf\":{\"@id\":\"https:\\\/\\\/www.webdo.tn\\\/fr\\\/#website\"},\"primaryImageOfPage\":{\"@id\":\"https:\\\/\\\/www.webdo.tn\\\/fr\\\/actualite\\\/national\\\/affaires-de-terrorisme-21-accuses-dont-ghannouchi-et-chahed-renvoyes-devant-la-justice\\\/215723\\\/#primaryimage\"},\"image\":{\"@id\":\"https:\\\/\\\/www.webdo.tn\\\/fr\\\/actualite\\\/national\\\/affaires-de-terrorisme-21-accuses-dont-ghannouchi-et-chahed-renvoyes-devant-la-justice\\\/215723\\\/#primaryimage\"},\"thumbnailUrl\":\"https:\\\/\\\/www.webdo.tn\\\/fr\\\/wp-content\\\/uploads\\\/2024\\\/08\\\/553101a2430234c66aff45ddfe435218.webp\",\"datePublished\":\"2024-08-08T16:26:00+00:00\",\"dateModified\":\"2025-05-21T09:06:29+00:00\",\"description\":\"La Cour d'appel de Tunis a renvoy\u00e9 21 accus\u00e9s, dont Rached Ghannouchi et Youssef Chahed, devant la chambre criminelle sp\u00e9cialis\u00e9e pour juger des crimes terroris...\",\"breadcrumb\":{\"@id\":\"https:\\\/\\\/www.webdo.tn\\\/fr\\\/actualite\\\/national\\\/affaires-de-terrorisme-21-accuses-dont-ghannouchi-et-chahed-renvoyes-devant-la-justice\\\/215723\\\/#breadcrumb\"},\"inLanguage\":\"fr-FR\",\"potentialAction\":[{\"@type\":\"ReadAction\",\"target\":[\"https:\\\/\\\/www.webdo.tn\\\/fr\\\/actualite\\\/national\\\/affaires-de-terrorisme-21-accuses-dont-ghannouchi-et-chahed-renvoyes-devant-la-justice\\\/215723\\\/\"]}]},{\"@type\":\"ImageObject\",\"inLanguage\":\"fr-FR\",\"@id\":\"https:\\\/\\\/www.webdo.tn\\\/fr\\\/actualite\\\/national\\\/affaires-de-terrorisme-21-accuses-dont-ghannouchi-et-chahed-renvoyes-devant-la-justice\\\/215723\\\/#primaryimage\",\"url\":\"https:\\\/\\\/www.webdo.tn\\\/fr\\\/wp-content\\\/uploads\\\/2024\\\/08\\\/553101a2430234c66aff45ddfe435218.webp\",\"contentUrl\":\"https:\\\/\\\/www.webdo.tn\\\/fr\\\/wp-content\\\/uploads\\\/2024\\\/08\\\/553101a2430234c66aff45ddfe435218.webp\",\"width\":680,\"height\":363,\"caption\":\"Affaires de terrorisme : 21 accus\u00e9s dont Ghannouchi et Chahed renvoy\u00e9s devant la chambre criminelle\"},{\"@type\":\"BreadcrumbList\",\"@id\":\"https:\\\/\\\/www.webdo.tn\\\/fr\\\/actualite\\\/national\\\/affaires-de-terrorisme-21-accuses-dont-ghannouchi-et-chahed-renvoyes-devant-la-justice\\\/215723\\\/#breadcrumb\",\"itemListElement\":[{\"@type\":\"ListItem\",\"position\":1,\"name\":\"Accueil\",\"item\":\"https:\\\/\\\/www.webdo.tn\\\/fr\\\/\"},{\"@type\":\"ListItem\",\"position\":2,\"name\":\"Affaires de terrorisme : 21 accus\u00e9s dont Ghannouchi et Chahed renvoy\u00e9s devant la chambre criminelle\"}]},{\"@type\":\"WebSite\",\"@id\":\"https:\\\/\\\/www.webdo.tn\\\/fr\\\/#website\",\"url\":\"https:\\\/\\\/www.webdo.tn\\\/fr\\\/\",\"name\":\"webdo\",\"description\":\"Tunisie - News en Tunisie et \u00e0 l&#039;international sur Webdo.tn\",\"publisher\":{\"@id\":\"https:\\\/\\\/www.webdo.tn\\\/fr\\\/#organization\"},\"potentialAction\":[{\"@type\":\"SearchAction\",\"target\":{\"@type\":\"EntryPoint\",\"urlTemplate\":\"https:\\\/\\\/www.webdo.tn\\\/fr\\\/?s={search_term_string}\"},\"query-input\":{\"@type\":\"PropertyValueSpecification\",\"valueRequired\":true,\"valueName\":\"search_term_string\"}}],\"inLanguage\":\"fr-FR\"},{\"@type\":\"Organization\",\"@id\":\"https:\\\/\\\/www.webdo.tn\\\/fr\\\/#organization\",\"name\":\"Webdo\",\"alternateName\":\"Webdo.tn\",\"url\":\"https:\\\/\\\/www.webdo.tn\\\/fr\\\/\",\"logo\":{\"@type\":\"ImageObject\",\"inLanguage\":\"fr-FR\",\"@id\":\"https:\\\/\\\/www.webdo.tn\\\/fr\\\/#\\\/schema\\\/logo\\\/image\\\/\",\"url\":\"https:\\\/\\\/www.webdo.tn\\\/fr\\\/wp-content\\\/uploads\\\/2025\\\/06\\\/Webdo-Tunisie_168377.jpg\",\"contentUrl\":\"https:\\\/\\\/www.webdo.tn\\\/fr\\\/wp-content\\\/uploads\\\/2025\\\/06\\\/Webdo-Tunisie_168377.jpg\",\"width\":301,\"height\":301,\"caption\":\"Webdo\"},\"image\":{\"@id\":\"https:\\\/\\\/www.webdo.tn\\\/fr\\\/#\\\/schema\\\/logo\\\/image\\\/\"},\"sameAs\":[\"https:\\\/\\\/www.facebook.com\\\/webdotn\",\"https:\\\/\\\/x.com\\\/webdo_tn\"],\"description\":\"Webdo est un m\u00e9dia num\u00e9rique tunisien fond\u00e9 en 2010, sp\u00e9cialis\u00e9 dans l\u2019actualit\u00e9 nationale et internationale, l\u2019\u00e9conomie, la soci\u00e9t\u00e9 et les analyses politiques. Le site s\u2019adresse \u00e0 un large public francophone et couvre l\u2019information tunisienne en temps r\u00e9el.\",\"email\":\"redac@webdo.tn\",\"legalName\":\"YNJ SARL\",\"foundingDate\":\"2010-09-06\",\"numberOfEmployees\":{\"@type\":\"QuantitativeValue\",\"minValue\":\"11\",\"maxValue\":\"50\"}},{\"@type\":\"Person\",\"@id\":\"https:\\\/\\\/www.webdo.tn\\\/fr\\\/#\\\/schema\\\/person\\\/b8a41c04d93287d375510db360906b34\",\"name\":\"AZ\",\"image\":{\"@type\":\"ImageObject\",\"inLanguage\":\"fr-FR\",\"@id\":\"https:\\\/\\\/secure.gravatar.com\\\/avatar\\\/492b80bada79439de4201dce15cd41eece6c277cfdf1b53382073c79105c1f89?s=96&d=mm&r=g\",\"url\":\"https:\\\/\\\/secure.gravatar.com\\\/avatar\\\/492b80bada79439de4201dce15cd41eece6c277cfdf1b53382073c79105c1f89?s=96&d=mm&r=g\",\"contentUrl\":\"https:\\\/\\\/secure.gravatar.com\\\/avatar\\\/492b80bada79439de4201dce15cd41eece6c277cfdf1b53382073c79105c1f89?s=96&d=mm&r=g\",\"caption\":\"AZ\"},\"url\":\"https:\\\/\\\/www.webdo.tn\\\/fr\\\/actualite\\\/author\\\/az\\\/\"}]}<\/script>\n<!-- \/ Yoast SEO Premium plugin. -->","yoast_head_json":{"title":"Affaires de terrorisme : 21 accus\u00e9s dont Ghannouchi et Chahed renvoy\u00e9s devant la chambre criminelle","description":"La Cour d'appel de Tunis a renvoy\u00e9 21 accus\u00e9s, dont Rached Ghannouchi et Youssef Chahed, devant la chambre criminelle sp\u00e9cialis\u00e9e pour juger des crimes terroris...","canonical":"https:\/\/www.webdo.tn\/fr\/actualite\/national\/affaires-de-terrorisme-21-accuses-dont-ghannouchi-et-chahed-renvoyes-devant-la-justice\/215723\/","og_locale":"fr_FR","og_type":"article","og_title":"Affaires de terrorisme : 21 accus\u00e9s dont Ghannouchi et Chahed renvoy\u00e9s devant la chambre criminelle","og_description":"La Cour d'appel de Tunis a renvoy\u00e9 21 accus\u00e9s, dont Rached Ghannouchi et Youssef Chahed, devant la chambre criminelle sp\u00e9cialis\u00e9e pour juger des crimes terroris...","og_url":"https:\/\/www.webdo.tn\/fr\/actualite\/national\/affaires-de-terrorisme-21-accuses-dont-ghannouchi-et-chahed-renvoyes-devant-la-justice\/215723\/","og_site_name":"webdo","article_publisher":"https:\/\/www.facebook.com\/webdotn","article_published_time":"2024-08-08T16:26:00+00:00","article_modified_time":"2025-05-21T09:06:29+00:00","og_image":[{"width":680,"height":363,"url":"https:\/\/www.webdo.tn\/fr\/wp-content\/uploads\/2024\/08\/553101a2430234c66aff45ddfe435218.webp","type":"image\/webp"}],"author":"AZ","twitter_card":"summary_large_image","twitter_creator":"@webdo_tn","twitter_site":"@webdo_tn","twitter_misc":{"\u00c9crit par":"AZ","Dur\u00e9e de lecture estim\u00e9e":"1 minute"},"schema":{"@context":"https:\/\/schema.org","@graph":[{"@type":"NewsArticle","@id":"https:\/\/www.webdo.tn\/fr\/actualite\/national\/affaires-de-terrorisme-21-accuses-dont-ghannouchi-et-chahed-renvoyes-devant-la-justice\/215723\/#article","isPartOf":{"@id":"https:\/\/www.webdo.tn\/fr\/actualite\/national\/affaires-de-terrorisme-21-accuses-dont-ghannouchi-et-chahed-renvoyes-devant-la-justice\/215723\/"},"author":{"name":"AZ","@id":"https:\/\/www.webdo.tn\/fr\/#\/schema\/person\/b8a41c04d93287d375510db360906b34"},"headline":"Affaires de terrorisme : 21 accus\u00e9s dont Ghannouchi et Chahed renvoy\u00e9s devant la chambre criminelle","datePublished":"2024-08-08T16:26:00+00:00","dateModified":"2025-05-21T09:06:29+00:00","mainEntityOfPage":{"@id":"https:\/\/www.webdo.tn\/fr\/actualite\/national\/affaires-de-terrorisme-21-accuses-dont-ghannouchi-et-chahed-renvoyes-devant-la-justice\/215723\/"},"wordCount":168,"commentCount":0,"publisher":{"@id":"https:\/\/www.webdo.tn\/fr\/#organization"},"image":{"@id":"https:\/\/www.webdo.tn\/fr\/actualite\/national\/affaires-de-terrorisme-21-accuses-dont-ghannouchi-et-chahed-renvoyes-devant-la-justice\/215723\/#primaryimage"},"thumbnailUrl":"https:\/\/www.webdo.tn\/fr\/wp-content\/uploads\/2024\/08\/553101a2430234c66aff45ddfe435218.webp","keywords":["Ghannouchi","justice","Tunisie"],"articleSection":["National"],"inLanguage":"fr-FR"},{"@type":"WebPage","@id":"https:\/\/www.webdo.tn\/fr\/actualite\/national\/affaires-de-terrorisme-21-accuses-dont-ghannouchi-et-chahed-renvoyes-devant-la-justice\/215723\/","url":"https:\/\/www.webdo.tn\/fr\/actualite\/national\/affaires-de-terrorisme-21-accuses-dont-ghannouchi-et-chahed-renvoyes-devant-la-justice\/215723\/","name":"Affaires de terrorisme : 21 accus\u00e9s dont Ghannouchi et Chahed renvoy\u00e9s devant la chambre criminelle","isPartOf":{"@id":"https:\/\/www.webdo.tn\/fr\/#website"},"primaryImageOfPage":{"@id":"https:\/\/www.webdo.tn\/fr\/actualite\/national\/affaires-de-terrorisme-21-accuses-dont-ghannouchi-et-chahed-renvoyes-devant-la-justice\/215723\/#primaryimage"},"image":{"@id":"https:\/\/www.webdo.tn\/fr\/actualite\/national\/affaires-de-terrorisme-21-accuses-dont-ghannouchi-et-chahed-renvoyes-devant-la-justice\/215723\/#primaryimage"},"thumbnailUrl":"https:\/\/www.webdo.tn\/fr\/wp-content\/uploads\/2024\/08\/553101a2430234c66aff45ddfe435218.webp","datePublished":"2024-08-08T16:26:00+00:00","dateModified":"2025-05-21T09:06:29+00:00","description":"La Cour d'appel de Tunis a renvoy\u00e9 21 accus\u00e9s, dont Rached Ghannouchi et Youssef Chahed, devant la chambre criminelle sp\u00e9cialis\u00e9e pour juger des crimes terroris...","breadcrumb":{"@id":"https:\/\/www.webdo.tn\/fr\/actualite\/national\/affaires-de-terrorisme-21-accuses-dont-ghannouchi-et-chahed-renvoyes-devant-la-justice\/215723\/#breadcrumb"},"inLanguage":"fr-FR","potentialAction":[{"@type":"ReadAction","target":["https:\/\/www.webdo.tn\/fr\/actualite\/national\/affaires-de-terrorisme-21-accuses-dont-ghannouchi-et-chahed-renvoyes-devant-la-justice\/215723\/"]}]},{"@type":"ImageObject","inLanguage":"fr-FR","@id":"https:\/\/www.webdo.tn\/fr\/actualite\/national\/affaires-de-terrorisme-21-accuses-dont-ghannouchi-et-chahed-renvoyes-devant-la-justice\/215723\/#primaryimage","url":"https:\/\/www.webdo.tn\/fr\/wp-content\/uploads\/2024\/08\/553101a2430234c66aff45ddfe435218.webp","contentUrl":"https:\/\/www.webdo.tn\/fr\/wp-content\/uploads\/2024\/08\/553101a2430234c66aff45ddfe435218.webp","width":680,"height":363,"caption":"Affaires de terrorisme : 21 accus\u00e9s dont Ghannouchi et Chahed renvoy\u00e9s devant la chambre criminelle"},{"@type":"BreadcrumbList","@id":"https:\/\/www.webdo.tn\/fr\/actualite\/national\/affaires-de-terrorisme-21-accuses-dont-ghannouchi-et-chahed-renvoyes-devant-la-justice\/215723\/#breadcrumb","itemListElement":[{"@type":"ListItem","position":1,"name":"Accueil","item":"https:\/\/www.webdo.tn\/fr\/"},{"@type":"ListItem","position":2,"name":"Affaires de terrorisme : 21 accus\u00e9s dont Ghannouchi et Chahed renvoy\u00e9s devant la chambre criminelle"}]},{"@type":"WebSite","@id":"https:\/\/www.webdo.tn\/fr\/#website","url":"https:\/\/www.webdo.tn\/fr\/","name":"webdo","description":"Tunisie - News en Tunisie et \u00e0 l&#039;international sur Webdo.tn","publisher":{"@id":"https:\/\/www.webdo.tn\/fr\/#organization"},"potentialAction":[{"@type":"SearchAction","target":{"@type":"EntryPoint","urlTemplate":"https:\/\/www.webdo.tn\/fr\/?s={search_term_string}"},"query-input":{"@type":"PropertyValueSpecification","valueRequired":true,"valueName":"search_term_string"}}],"inLanguage":"fr-FR"},{"@type":"Organization","@id":"https:\/\/www.webdo.tn\/fr\/#organization","name":"Webdo","alternateName":"Webdo.tn","url":"https:\/\/www.webdo.tn\/fr\/","logo":{"@type":"ImageObject","inLanguage":"fr-FR","@id":"https:\/\/www.webdo.tn\/fr\/#\/schema\/logo\/image\/","url":"https:\/\/www.webdo.tn\/fr\/wp-content\/uploads\/2025\/06\/Webdo-Tunisie_168377.jpg","contentUrl":"https:\/\/www.webdo.tn\/fr\/wp-content\/uploads\/2025\/06\/Webdo-Tunisie_168377.jpg","width":301,"height":301,"caption":"Webdo"},"image":{"@id":"https:\/\/www.webdo.tn\/fr\/#\/schema\/logo\/image\/"},"sameAs":["https:\/\/www.facebook.com\/webdotn","https:\/\/x.com\/webdo_tn"],"description":"Webdo est un m\u00e9dia num\u00e9rique tunisien fond\u00e9 en 2010, sp\u00e9cialis\u00e9 dans l\u2019actualit\u00e9 nationale et internationale, l\u2019\u00e9conomie, la soci\u00e9t\u00e9 et les analyses politiques. Le site s\u2019adresse \u00e0 un large public francophone et couvre l\u2019information tunisienne en temps r\u00e9el.","email":"redac@webdo.tn","legalName":"YNJ SARL","foundingDate":"2010-09-06","numberOfEmployees":{"@type":"QuantitativeValue","minValue":"11","maxValue":"50"}},{"@type":"Person","@id":"https:\/\/www.webdo.tn\/fr\/#\/schema\/person\/b8a41c04d93287d375510db360906b34","name":"AZ","image":{"@type":"ImageObject","inLanguage":"fr-FR","@id":"https:\/\/secure.gravatar.com\/avatar\/492b80bada79439de4201dce15cd41eece6c277cfdf1b53382073c79105c1f89?s=96&d=mm&r=g","url":"https:\/\/secure.gravatar.com\/avatar\/492b80bada79439de4201dce15cd41eece6c277cfdf1b53382073c79105c1f89?s=96&d=mm&r=g","contentUrl":"https:\/\/secure.gravatar.com\/avatar\/492b80bada79439de4201dce15cd41eece6c277cfdf1b53382073c79105c1f89?s=96&d=mm&r=g","caption":"AZ"},"url":"https:\/\/www.webdo.tn\/fr\/actualite\/author\/az\/"}]}},"_links":{"self":[{"href":"https:\/\/www.webdo.tn\/fr\/wp-json\/wp\/v2\/posts\/215723","targetHints":{"allow":["GET"]}}],"collection":[{"href":"https:\/\/www.webdo.tn\/fr\/wp-json\/wp\/v2\/posts"}],"about":[{"href":"https:\/\/www.webdo.tn\/fr\/wp-json\/wp\/v2\/types\/post"}],"author":[{"embeddable":true,"href":"https:\/\/www.webdo.tn\/fr\/wp-json\/wp\/v2\/users\/3166"}],"replies":[{"embeddable":true,"href":"https:\/\/www.webdo.tn\/fr\/wp-json\/wp\/v2\/comments?post=215723"}],"version-history":[{"count":0,"href":"https:\/\/www.webdo.tn\/fr\/wp-json\/wp\/v2\/posts\/215723\/revisions"}],"wp:featuredmedia":[{"embeddable":true,"href":"https:\/\/www.webdo.tn\/fr\/wp-json\/wp\/v2\/media\/290926"}],"wp:attachment":[{"href":"https:\/\/www.webdo.tn\/fr\/wp-json\/wp\/v2\/media?parent=215723"}],"wp:term":[{"taxonomy":"category","embeddable":true,"href":"https:\/\/www.webdo.tn\/fr\/wp-json\/wp\/v2\/categories?post=215723"},{"taxonomy":"post_tag","embeddable":true,"href":"https:\/\/www.webdo.tn\/fr\/wp-json\/wp\/v2\/tags?post=215723"}],"curies":[{"name":"wp","href":"https:\/\/api.w.org\/{rel}","templated":true}]}}