{"id":215716,"date":"2024-08-08T10:06:00","date_gmt":"2024-08-08T10:06:00","guid":{"rendered":"https:\/\/www.webdo.tn\/fr\/blog\/sncft-le-train-tunis-annaba-reprendra-du-service-voici-les-tarifs\/215716\/"},"modified":"2025-05-20T22:35:05","modified_gmt":"2025-05-20T22:35:05","slug":"sncft-le-train-tunis-annaba-reprendra-du-service-voici-les-tarifs","status":"publish","type":"post","link":"https:\/\/www.webdo.tn\/fr\/actualite\/national\/sncft-le-train-tunis-annaba-reprendra-du-service-voici-les-tarifs\/215716\/","title":{"rendered":"SNCFT : Le train Tunis-Annaba reprend du service, voici les tarifs"},"content":{"rendered":"<p>La Soci\u00e9t\u00e9 Nationale des Chemins de Fer Tunisiens a annonc\u00e9 dans un communiqu\u00e9 rendu public qu&rsquo;elle reprendra l&rsquo;exploitation du train reliant Tunis \u00e0 Annaba (Alg\u00e9rie) \u00e0 partir du dimanche 11 ao\u00fbt 2024, au d\u00e9part de la gare de Tunis \u00e0 08h00 du matin, exceptionnellement, pour le premier voyage commercial.\u00a0<\/p>\n<p>Les deuxi\u00e8me et troisi\u00e8me voyages auront lieu respectivement les mercredi 14 et vendredi 16 ao\u00fbt 2024, au d\u00e9part de la gare de Tunis \u00e0 08h25.<\/p>\n<p>Ce train est exclusivement destin\u00e9 au transport international entre la Tunisie et l&rsquo;Alg\u00e9rie.\u00a0<br \/>\nToujours selon les pr\u00e9cisions de la compagnie, le programme r\u00e9gulier des voyages sera le suivant :<\/p>\n<p>&#8211; D\u00e9part de la gare de Tunis vers la gare d&rsquo;Annaba les :<br \/>\n\u00a0 &#8211; Lundi, mercredi et vendredi \u00e0 08h25.<\/p>\n<p>&#8211; D\u00e9part de la gare d&rsquo;Annaba vers la gare de Tunis les :<br \/>\n\u00a0 &#8211; Mardi, jeudi et dimanche \u00e0 09h00.<\/p>\n<p>&#8211; Les arr\u00eats entre Tunis et Annaba dans les deux sens seront :<br \/>\n\u00a0 &#8211; B\u00e9ja, Jendouba, Ghardimaou, Souk Ahras.<\/p>\n<p>&#8211; Le prix du billet aller en deuxi\u00e8me classe est de 38 dinars tunisiens et en premi\u00e8re classe de 44 dinars tunisiens.<br \/>\n&#8211; Le prix du billet aller-retour en deuxi\u00e8me classe est de 71 dinars tunisiens et en premi\u00e8re classe de 81 dinars tunisiens, avec r\u00e9servation obligatoire avant le retour.<\/p>\n<p>De plus, la soci\u00e9t\u00e9 offre la gratuit\u00e9 du transport pour les enfants de moins de 4 ans et propose des tarifs pr\u00e9f\u00e9rentiels pour les enfants de 4 \u00e0 12 ans.<\/p>\n","protected":false},"excerpt":{"rendered":"<p>Les deuxi\u00e8me et troisi\u00e8me voyages auront lieu respectivement les mercredi 14 et vendredi 16 ao\u00fbt 2024, au d\u00e9part de la gare de Tunis \u00e0 08h25.<\/p>\n","protected":false},"author":3175,"featured_media":246823,"comment_status":"open","ping_status":"closed","sticky":false,"template":"","format":"standard","meta":{"footnotes":""},"categories":[44],"tags":[5939,4184,3410,4161,2608],"class_list":["post-215716","post","type-post","status-publish","format-standard","has-post-thumbnail","hentry","category-national","tag-annaba","tag-sncft","tag-tarif","tag-train","tag-tunisie"],"yoast_head":"<!-- This site is optimized with the Yoast SEO Premium plugin v27.4 (Yoast SEO v27.5) - https:\/\/yoast.com\/product\/yoast-seo-premium-wordpress\/ -->\n<title>SNCFT : Le train Tunis-Annaba reprend du service, voici les tarifs<\/title>\n<meta name=\"description\" content=\"Les deuxi\u00e8me et troisi\u00e8me voyages auront lieu respectivement les mercredi 14 et vendredi 16 ao\u00fbt 2024, au d\u00e9part de la gare de Tunis \u00e0 08h25.\" \/>\n<link rel=\"canonical\" href=\"https:\/\/www.webdo.tn\/fr\/actualite\/national\/sncft-le-train-tunis-annaba-reprendra-du-service-voici-les-tarifs\/215716\/\" \/>\n<meta property=\"og:locale\" content=\"fr_FR\" \/>\n<meta property=\"og:type\" content=\"article\" \/>\n<meta property=\"og:title\" content=\"SNCFT : Le train Tunis-Annaba reprend du service, voici les tarifs\" \/>\n<meta property=\"og:description\" content=\"Les deuxi\u00e8me et troisi\u00e8me voyages auront lieu respectivement les mercredi 14 et vendredi 16 ao\u00fbt 2024, au d\u00e9part de la gare de Tunis \u00e0 08h25.\" \/>\n<meta property=\"og:url\" content=\"https:\/\/www.webdo.tn\/fr\/actualite\/national\/sncft-le-train-tunis-annaba-reprendra-du-service-voici-les-tarifs\/215716\/\" \/>\n<meta property=\"og:site_name\" content=\"webdo\" \/>\n<meta property=\"article:publisher\" content=\"https:\/\/www.facebook.com\/webdotn\" \/>\n<meta property=\"article:published_time\" content=\"2024-08-08T10:06:00+00:00\" \/>\n<meta property=\"article:modified_time\" content=\"2025-05-20T22:35:05+00:00\" \/>\n<meta property=\"og:image\" content=\"https:\/\/www.webdo.tn\/fr\/wp-content\/uploads\/2024\/08\/e20a16a76b459d95e109450d3c905e12.webp\" \/>\n\t<meta property=\"og:image:width\" content=\"750\" \/>\n\t<meta property=\"og:image:height\" content=\"400\" \/>\n\t<meta property=\"og:image:type\" content=\"image\/webp\" \/>\n<meta name=\"author\" content=\"CL\" \/>\n<meta name=\"twitter:card\" content=\"summary_large_image\" \/>\n<meta name=\"twitter:creator\" content=\"@webdo_tn\" \/>\n<meta name=\"twitter:site\" content=\"@webdo_tn\" \/>\n<meta name=\"twitter:label1\" content=\"\u00c9crit par\" \/>\n\t<meta name=\"twitter:data1\" content=\"CL\" \/>\n\t<meta name=\"twitter:label2\" content=\"Dur\u00e9e de lecture estim\u00e9e\" \/>\n\t<meta name=\"twitter:data2\" content=\"1 minute\" \/>\n<script type=\"application\/ld+json\" class=\"yoast-schema-graph\">{\"@context\":\"https:\\\/\\\/schema.org\",\"@graph\":[{\"@type\":\"NewsArticle\",\"@id\":\"https:\\\/\\\/www.webdo.tn\\\/fr\\\/actualite\\\/national\\\/sncft-le-train-tunis-annaba-reprendra-du-service-voici-les-tarifs\\\/215716\\\/#article\",\"isPartOf\":{\"@id\":\"https:\\\/\\\/www.webdo.tn\\\/fr\\\/actualite\\\/national\\\/sncft-le-train-tunis-annaba-reprendra-du-service-voici-les-tarifs\\\/215716\\\/\"},\"author\":{\"name\":\"CL\",\"@id\":\"https:\\\/\\\/www.webdo.tn\\\/fr\\\/#\\\/schema\\\/person\\\/f35b42a42c5e2511bbd282959d6385cc\"},\"headline\":\"SNCFT : Le train Tunis-Annaba reprend du service, voici les tarifs\",\"datePublished\":\"2024-08-08T10:06:00+00:00\",\"dateModified\":\"2025-05-20T22:35:05+00:00\",\"mainEntityOfPage\":{\"@id\":\"https:\\\/\\\/www.webdo.tn\\\/fr\\\/actualite\\\/national\\\/sncft-le-train-tunis-annaba-reprendra-du-service-voici-les-tarifs\\\/215716\\\/\"},\"wordCount\":257,\"commentCount\":0,\"publisher\":{\"@id\":\"https:\\\/\\\/www.webdo.tn\\\/fr\\\/#organization\"},\"image\":{\"@id\":\"https:\\\/\\\/www.webdo.tn\\\/fr\\\/actualite\\\/national\\\/sncft-le-train-tunis-annaba-reprendra-du-service-voici-les-tarifs\\\/215716\\\/#primaryimage\"},\"thumbnailUrl\":\"https:\\\/\\\/www.webdo.tn\\\/fr\\\/wp-content\\\/uploads\\\/2024\\\/08\\\/e20a16a76b459d95e109450d3c905e12.webp\",\"keywords\":[\"annaba\",\"SNCFT\",\"tarif\",\"Train\",\"Tunisie\"],\"articleSection\":[\"National\"],\"inLanguage\":\"fr-FR\"},{\"@type\":\"WebPage\",\"@id\":\"https:\\\/\\\/www.webdo.tn\\\/fr\\\/actualite\\\/national\\\/sncft-le-train-tunis-annaba-reprendra-du-service-voici-les-tarifs\\\/215716\\\/\",\"url\":\"https:\\\/\\\/www.webdo.tn\\\/fr\\\/actualite\\\/national\\\/sncft-le-train-tunis-annaba-reprendra-du-service-voici-les-tarifs\\\/215716\\\/\",\"name\":\"SNCFT : Le train Tunis-Annaba reprend du service, voici les tarifs\",\"isPartOf\":{\"@id\":\"https:\\\/\\\/www.webdo.tn\\\/fr\\\/#website\"},\"primaryImageOfPage\":{\"@id\":\"https:\\\/\\\/www.webdo.tn\\\/fr\\\/actualite\\\/national\\\/sncft-le-train-tunis-annaba-reprendra-du-service-voici-les-tarifs\\\/215716\\\/#primaryimage\"},\"image\":{\"@id\":\"https:\\\/\\\/www.webdo.tn\\\/fr\\\/actualite\\\/national\\\/sncft-le-train-tunis-annaba-reprendra-du-service-voici-les-tarifs\\\/215716\\\/#primaryimage\"},\"thumbnailUrl\":\"https:\\\/\\\/www.webdo.tn\\\/fr\\\/wp-content\\\/uploads\\\/2024\\\/08\\\/e20a16a76b459d95e109450d3c905e12.webp\",\"datePublished\":\"2024-08-08T10:06:00+00:00\",\"dateModified\":\"2025-05-20T22:35:05+00:00\",\"description\":\"Les deuxi\u00e8me et troisi\u00e8me voyages auront lieu respectivement les mercredi 14 et vendredi 16 ao\u00fbt 2024, au d\u00e9part de la gare de Tunis \u00e0 08h25.\",\"breadcrumb\":{\"@id\":\"https:\\\/\\\/www.webdo.tn\\\/fr\\\/actualite\\\/national\\\/sncft-le-train-tunis-annaba-reprendra-du-service-voici-les-tarifs\\\/215716\\\/#breadcrumb\"},\"inLanguage\":\"fr-FR\",\"potentialAction\":[{\"@type\":\"ReadAction\",\"target\":[\"https:\\\/\\\/www.webdo.tn\\\/fr\\\/actualite\\\/national\\\/sncft-le-train-tunis-annaba-reprendra-du-service-voici-les-tarifs\\\/215716\\\/\"]}]},{\"@type\":\"ImageObject\",\"inLanguage\":\"fr-FR\",\"@id\":\"https:\\\/\\\/www.webdo.tn\\\/fr\\\/actualite\\\/national\\\/sncft-le-train-tunis-annaba-reprendra-du-service-voici-les-tarifs\\\/215716\\\/#primaryimage\",\"url\":\"https:\\\/\\\/www.webdo.tn\\\/fr\\\/wp-content\\\/uploads\\\/2024\\\/08\\\/e20a16a76b459d95e109450d3c905e12.webp\",\"contentUrl\":\"https:\\\/\\\/www.webdo.tn\\\/fr\\\/wp-content\\\/uploads\\\/2024\\\/08\\\/e20a16a76b459d95e109450d3c905e12.webp\",\"width\":750,\"height\":400,\"caption\":\"SNCFT : Le train Tunis-Annaba reprend du service, voici les tarifs\"},{\"@type\":\"BreadcrumbList\",\"@id\":\"https:\\\/\\\/www.webdo.tn\\\/fr\\\/actualite\\\/national\\\/sncft-le-train-tunis-annaba-reprendra-du-service-voici-les-tarifs\\\/215716\\\/#breadcrumb\",\"itemListElement\":[{\"@type\":\"ListItem\",\"position\":1,\"name\":\"Accueil\",\"item\":\"https:\\\/\\\/www.webdo.tn\\\/fr\\\/\"},{\"@type\":\"ListItem\",\"position\":2,\"name\":\"SNCFT : Le train Tunis-Annaba reprend du service, voici les tarifs\"}]},{\"@type\":\"WebSite\",\"@id\":\"https:\\\/\\\/www.webdo.tn\\\/fr\\\/#website\",\"url\":\"https:\\\/\\\/www.webdo.tn\\\/fr\\\/\",\"name\":\"webdo\",\"description\":\"Tunisie - News en Tunisie et \u00e0 l&#039;international sur Webdo.tn\",\"publisher\":{\"@id\":\"https:\\\/\\\/www.webdo.tn\\\/fr\\\/#organization\"},\"potentialAction\":[{\"@type\":\"SearchAction\",\"target\":{\"@type\":\"EntryPoint\",\"urlTemplate\":\"https:\\\/\\\/www.webdo.tn\\\/fr\\\/?s={search_term_string}\"},\"query-input\":{\"@type\":\"PropertyValueSpecification\",\"valueRequired\":true,\"valueName\":\"search_term_string\"}}],\"inLanguage\":\"fr-FR\"},{\"@type\":\"Organization\",\"@id\":\"https:\\\/\\\/www.webdo.tn\\\/fr\\\/#organization\",\"name\":\"Webdo\",\"alternateName\":\"Webdo.tn\",\"url\":\"https:\\\/\\\/www.webdo.tn\\\/fr\\\/\",\"logo\":{\"@type\":\"ImageObject\",\"inLanguage\":\"fr-FR\",\"@id\":\"https:\\\/\\\/www.webdo.tn\\\/fr\\\/#\\\/schema\\\/logo\\\/image\\\/\",\"url\":\"https:\\\/\\\/www.webdo.tn\\\/fr\\\/wp-content\\\/uploads\\\/2025\\\/06\\\/Webdo-Tunisie_168377.jpg\",\"contentUrl\":\"https:\\\/\\\/www.webdo.tn\\\/fr\\\/wp-content\\\/uploads\\\/2025\\\/06\\\/Webdo-Tunisie_168377.jpg\",\"width\":301,\"height\":301,\"caption\":\"Webdo\"},\"image\":{\"@id\":\"https:\\\/\\\/www.webdo.tn\\\/fr\\\/#\\\/schema\\\/logo\\\/image\\\/\"},\"sameAs\":[\"https:\\\/\\\/www.facebook.com\\\/webdotn\",\"https:\\\/\\\/x.com\\\/webdo_tn\"],\"description\":\"Webdo est un m\u00e9dia num\u00e9rique tunisien fond\u00e9 en 2010, sp\u00e9cialis\u00e9 dans l\u2019actualit\u00e9 nationale et internationale, l\u2019\u00e9conomie, la soci\u00e9t\u00e9 et les analyses politiques. Le site s\u2019adresse \u00e0 un large public francophone et couvre l\u2019information tunisienne en temps r\u00e9el.\",\"email\":\"redac@webdo.tn\",\"legalName\":\"YNJ SARL\",\"foundingDate\":\"2010-09-06\",\"numberOfEmployees\":{\"@type\":\"QuantitativeValue\",\"minValue\":\"11\",\"maxValue\":\"50\"}},{\"@type\":\"Person\",\"@id\":\"https:\\\/\\\/www.webdo.tn\\\/fr\\\/#\\\/schema\\\/person\\\/f35b42a42c5e2511bbd282959d6385cc\",\"name\":\"CL\",\"image\":{\"@type\":\"ImageObject\",\"inLanguage\":\"fr-FR\",\"@id\":\"https:\\\/\\\/secure.gravatar.com\\\/avatar\\\/1447a49909b67aa657c488aec6512e1dd6143a480c1ecfee9b5b5cd74eb3b59e?s=96&d=mm&r=g\",\"url\":\"https:\\\/\\\/secure.gravatar.com\\\/avatar\\\/1447a49909b67aa657c488aec6512e1dd6143a480c1ecfee9b5b5cd74eb3b59e?s=96&d=mm&r=g\",\"contentUrl\":\"https:\\\/\\\/secure.gravatar.com\\\/avatar\\\/1447a49909b67aa657c488aec6512e1dd6143a480c1ecfee9b5b5cd74eb3b59e?s=96&d=mm&r=g\",\"caption\":\"CL\"},\"url\":\"https:\\\/\\\/www.webdo.tn\\\/fr\\\/actualite\\\/author\\\/cl\\\/\"}]}<\/script>\n<!-- \/ Yoast SEO Premium plugin. -->","yoast_head_json":{"title":"SNCFT : Le train Tunis-Annaba reprend du service, voici les tarifs","description":"Les deuxi\u00e8me et troisi\u00e8me voyages auront lieu respectivement les mercredi 14 et vendredi 16 ao\u00fbt 2024, au d\u00e9part de la gare de Tunis \u00e0 08h25.","canonical":"https:\/\/www.webdo.tn\/fr\/actualite\/national\/sncft-le-train-tunis-annaba-reprendra-du-service-voici-les-tarifs\/215716\/","og_locale":"fr_FR","og_type":"article","og_title":"SNCFT : Le train Tunis-Annaba reprend du service, voici les tarifs","og_description":"Les deuxi\u00e8me et troisi\u00e8me voyages auront lieu respectivement les mercredi 14 et vendredi 16 ao\u00fbt 2024, au d\u00e9part de la gare de Tunis \u00e0 08h25.","og_url":"https:\/\/www.webdo.tn\/fr\/actualite\/national\/sncft-le-train-tunis-annaba-reprendra-du-service-voici-les-tarifs\/215716\/","og_site_name":"webdo","article_publisher":"https:\/\/www.facebook.com\/webdotn","article_published_time":"2024-08-08T10:06:00+00:00","article_modified_time":"2025-05-20T22:35:05+00:00","og_image":[{"width":750,"height":400,"url":"https:\/\/www.webdo.tn\/fr\/wp-content\/uploads\/2024\/08\/e20a16a76b459d95e109450d3c905e12.webp","type":"image\/webp"}],"author":"CL","twitter_card":"summary_large_image","twitter_creator":"@webdo_tn","twitter_site":"@webdo_tn","twitter_misc":{"\u00c9crit par":"CL","Dur\u00e9e de lecture estim\u00e9e":"1 minute"},"schema":{"@context":"https:\/\/schema.org","@graph":[{"@type":"NewsArticle","@id":"https:\/\/www.webdo.tn\/fr\/actualite\/national\/sncft-le-train-tunis-annaba-reprendra-du-service-voici-les-tarifs\/215716\/#article","isPartOf":{"@id":"https:\/\/www.webdo.tn\/fr\/actualite\/national\/sncft-le-train-tunis-annaba-reprendra-du-service-voici-les-tarifs\/215716\/"},"author":{"name":"CL","@id":"https:\/\/www.webdo.tn\/fr\/#\/schema\/person\/f35b42a42c5e2511bbd282959d6385cc"},"headline":"SNCFT : Le train Tunis-Annaba reprend du service, voici les tarifs","datePublished":"2024-08-08T10:06:00+00:00","dateModified":"2025-05-20T22:35:05+00:00","mainEntityOfPage":{"@id":"https:\/\/www.webdo.tn\/fr\/actualite\/national\/sncft-le-train-tunis-annaba-reprendra-du-service-voici-les-tarifs\/215716\/"},"wordCount":257,"commentCount":0,"publisher":{"@id":"https:\/\/www.webdo.tn\/fr\/#organization"},"image":{"@id":"https:\/\/www.webdo.tn\/fr\/actualite\/national\/sncft-le-train-tunis-annaba-reprendra-du-service-voici-les-tarifs\/215716\/#primaryimage"},"thumbnailUrl":"https:\/\/www.webdo.tn\/fr\/wp-content\/uploads\/2024\/08\/e20a16a76b459d95e109450d3c905e12.webp","keywords":["annaba","SNCFT","tarif","Train","Tunisie"],"articleSection":["National"],"inLanguage":"fr-FR"},{"@type":"WebPage","@id":"https:\/\/www.webdo.tn\/fr\/actualite\/national\/sncft-le-train-tunis-annaba-reprendra-du-service-voici-les-tarifs\/215716\/","url":"https:\/\/www.webdo.tn\/fr\/actualite\/national\/sncft-le-train-tunis-annaba-reprendra-du-service-voici-les-tarifs\/215716\/","name":"SNCFT : Le train Tunis-Annaba reprend du service, voici les tarifs","isPartOf":{"@id":"https:\/\/www.webdo.tn\/fr\/#website"},"primaryImageOfPage":{"@id":"https:\/\/www.webdo.tn\/fr\/actualite\/national\/sncft-le-train-tunis-annaba-reprendra-du-service-voici-les-tarifs\/215716\/#primaryimage"},"image":{"@id":"https:\/\/www.webdo.tn\/fr\/actualite\/national\/sncft-le-train-tunis-annaba-reprendra-du-service-voici-les-tarifs\/215716\/#primaryimage"},"thumbnailUrl":"https:\/\/www.webdo.tn\/fr\/wp-content\/uploads\/2024\/08\/e20a16a76b459d95e109450d3c905e12.webp","datePublished":"2024-08-08T10:06:00+00:00","dateModified":"2025-05-20T22:35:05+00:00","description":"Les deuxi\u00e8me et troisi\u00e8me voyages auront lieu respectivement les mercredi 14 et vendredi 16 ao\u00fbt 2024, au d\u00e9part de la gare de Tunis \u00e0 08h25.","breadcrumb":{"@id":"https:\/\/www.webdo.tn\/fr\/actualite\/national\/sncft-le-train-tunis-annaba-reprendra-du-service-voici-les-tarifs\/215716\/#breadcrumb"},"inLanguage":"fr-FR","potentialAction":[{"@type":"ReadAction","target":["https:\/\/www.webdo.tn\/fr\/actualite\/national\/sncft-le-train-tunis-annaba-reprendra-du-service-voici-les-tarifs\/215716\/"]}]},{"@type":"ImageObject","inLanguage":"fr-FR","@id":"https:\/\/www.webdo.tn\/fr\/actualite\/national\/sncft-le-train-tunis-annaba-reprendra-du-service-voici-les-tarifs\/215716\/#primaryimage","url":"https:\/\/www.webdo.tn\/fr\/wp-content\/uploads\/2024\/08\/e20a16a76b459d95e109450d3c905e12.webp","contentUrl":"https:\/\/www.webdo.tn\/fr\/wp-content\/uploads\/2024\/08\/e20a16a76b459d95e109450d3c905e12.webp","width":750,"height":400,"caption":"SNCFT : Le train Tunis-Annaba reprend du service, voici les tarifs"},{"@type":"BreadcrumbList","@id":"https:\/\/www.webdo.tn\/fr\/actualite\/national\/sncft-le-train-tunis-annaba-reprendra-du-service-voici-les-tarifs\/215716\/#breadcrumb","itemListElement":[{"@type":"ListItem","position":1,"name":"Accueil","item":"https:\/\/www.webdo.tn\/fr\/"},{"@type":"ListItem","position":2,"name":"SNCFT : Le train Tunis-Annaba reprend du service, voici les tarifs"}]},{"@type":"WebSite","@id":"https:\/\/www.webdo.tn\/fr\/#website","url":"https:\/\/www.webdo.tn\/fr\/","name":"webdo","description":"Tunisie - News en Tunisie et \u00e0 l&#039;international sur Webdo.tn","publisher":{"@id":"https:\/\/www.webdo.tn\/fr\/#organization"},"potentialAction":[{"@type":"SearchAction","target":{"@type":"EntryPoint","urlTemplate":"https:\/\/www.webdo.tn\/fr\/?s={search_term_string}"},"query-input":{"@type":"PropertyValueSpecification","valueRequired":true,"valueName":"search_term_string"}}],"inLanguage":"fr-FR"},{"@type":"Organization","@id":"https:\/\/www.webdo.tn\/fr\/#organization","name":"Webdo","alternateName":"Webdo.tn","url":"https:\/\/www.webdo.tn\/fr\/","logo":{"@type":"ImageObject","inLanguage":"fr-FR","@id":"https:\/\/www.webdo.tn\/fr\/#\/schema\/logo\/image\/","url":"https:\/\/www.webdo.tn\/fr\/wp-content\/uploads\/2025\/06\/Webdo-Tunisie_168377.jpg","contentUrl":"https:\/\/www.webdo.tn\/fr\/wp-content\/uploads\/2025\/06\/Webdo-Tunisie_168377.jpg","width":301,"height":301,"caption":"Webdo"},"image":{"@id":"https:\/\/www.webdo.tn\/fr\/#\/schema\/logo\/image\/"},"sameAs":["https:\/\/www.facebook.com\/webdotn","https:\/\/x.com\/webdo_tn"],"description":"Webdo est un m\u00e9dia num\u00e9rique tunisien fond\u00e9 en 2010, sp\u00e9cialis\u00e9 dans l\u2019actualit\u00e9 nationale et internationale, l\u2019\u00e9conomie, la soci\u00e9t\u00e9 et les analyses politiques. Le site s\u2019adresse \u00e0 un large public francophone et couvre l\u2019information tunisienne en temps r\u00e9el.","email":"redac@webdo.tn","legalName":"YNJ SARL","foundingDate":"2010-09-06","numberOfEmployees":{"@type":"QuantitativeValue","minValue":"11","maxValue":"50"}},{"@type":"Person","@id":"https:\/\/www.webdo.tn\/fr\/#\/schema\/person\/f35b42a42c5e2511bbd282959d6385cc","name":"CL","image":{"@type":"ImageObject","inLanguage":"fr-FR","@id":"https:\/\/secure.gravatar.com\/avatar\/1447a49909b67aa657c488aec6512e1dd6143a480c1ecfee9b5b5cd74eb3b59e?s=96&d=mm&r=g","url":"https:\/\/secure.gravatar.com\/avatar\/1447a49909b67aa657c488aec6512e1dd6143a480c1ecfee9b5b5cd74eb3b59e?s=96&d=mm&r=g","contentUrl":"https:\/\/secure.gravatar.com\/avatar\/1447a49909b67aa657c488aec6512e1dd6143a480c1ecfee9b5b5cd74eb3b59e?s=96&d=mm&r=g","caption":"CL"},"url":"https:\/\/www.webdo.tn\/fr\/actualite\/author\/cl\/"}]}},"_links":{"self":[{"href":"https:\/\/www.webdo.tn\/fr\/wp-json\/wp\/v2\/posts\/215716","targetHints":{"allow":["GET"]}}],"collection":[{"href":"https:\/\/www.webdo.tn\/fr\/wp-json\/wp\/v2\/posts"}],"about":[{"href":"https:\/\/www.webdo.tn\/fr\/wp-json\/wp\/v2\/types\/post"}],"author":[{"embeddable":true,"href":"https:\/\/www.webdo.tn\/fr\/wp-json\/wp\/v2\/users\/3175"}],"replies":[{"embeddable":true,"href":"https:\/\/www.webdo.tn\/fr\/wp-json\/wp\/v2\/comments?post=215716"}],"version-history":[{"count":0,"href":"https:\/\/www.webdo.tn\/fr\/wp-json\/wp\/v2\/posts\/215716\/revisions"}],"wp:featuredmedia":[{"embeddable":true,"href":"https:\/\/www.webdo.tn\/fr\/wp-json\/wp\/v2\/media\/246823"}],"wp:attachment":[{"href":"https:\/\/www.webdo.tn\/fr\/wp-json\/wp\/v2\/media?parent=215716"}],"wp:term":[{"taxonomy":"category","embeddable":true,"href":"https:\/\/www.webdo.tn\/fr\/wp-json\/wp\/v2\/categories?post=215716"},{"taxonomy":"post_tag","embeddable":true,"href":"https:\/\/www.webdo.tn\/fr\/wp-json\/wp\/v2\/tags?post=215716"}],"curies":[{"name":"wp","href":"https:\/\/api.w.org\/{rel}","templated":true}]}}