{"id":215710,"date":"2024-08-08T07:51:00","date_gmt":"2024-08-08T07:51:00","guid":{"rendered":"https:\/\/www.webdo.tn\/fr\/blog\/qui-est-kamel-maddouri-nouveau-chef-du-gouvernement-au-profil-social\/215710\/"},"modified":"2025-05-20T22:35:04","modified_gmt":"2025-05-20T22:35:04","slug":"qui-est-kamel-maddouri-nouveau-chef-du-gouvernement-au-profil-social","status":"publish","type":"post","link":"https:\/\/www.webdo.tn\/fr\/actualite\/national\/qui-est-kamel-maddouri-nouveau-chef-du-gouvernement-au-profil-social\/215710\/","title":{"rendered":"Qui est Kamel Maddouri, nouveau chef du gouvernement au profil social ?"},"content":{"rendered":"<p>C\u2019est \u00e0 la grande surprise que la pr\u00e9sidence de la R\u00e9publique a annonc\u00e9 le limogeage de Ahmed Hachani de son poste de chef du gouvernement. Remplac\u00e9 imm\u00e9diatement par Kamel Maddouri, le r\u00e8gne de Hachani n\u2019aura dur\u00e9 qu\u2019une seule ann\u00e9e et quelques jours.\u00a0<\/p>\n<p>\t\t\t\t\t\t\t\t\tEn effet l\u2019information est tomb\u00e9e comme couperet. Alors que tous les yeux sont riv\u00e9s vers l\u2019instance \u00e9lectorale en plein processus de v\u00e9rification des candidatures \u00e0 la Pr\u00e9sidentielle du 6 octobre prochain, Kais Saied, fid\u00e8le \u00e0 lui-m\u00eame, surprend tout le monde en mettant fin aux fonctions du chef du gouvernement. C\u2019est un rebondissement vraiment inattendu, alors que la relation entre les deux hommes \u00e9tait au beau-fixe.\u00a0<\/p>\n<p>Mais qui est vraiement Jamed Maddouri nouveau chef du gouvernement ? Avant sa nomination en tant que ministre des Affaires sociales en mai dernier, Kamel Maddouri \u00e9tait PDG de la Caisse nationale d\u2019assurance maladie (CNAM) et, pr\u00e9c\u00e9demment, de la Caisse nationale de retraite et de pr\u00e9voyance sociale (CNRPS).<\/p>\n<p>Maddouri a \u00e9t\u00e9 notamment membre du Conseil national du dialogue social, o\u00f9 il a \u00e9galement servi comme vice-pr\u00e9sident de la sous-commission de la protection sociale. Il a si\u00e9g\u00e9 aux conseils d\u2019administration de plusieurs institutions nationales, y compris le Comit\u00e9 g\u00e9n\u00e9ral des assurances et les trois Caisses sociales.<\/p>\n<p>N\u00e9 le 25 janvier 1974 \u00e0 Tborsok, mari\u00e9 et p\u00e8re de trois enfants, Maddouri est titulaire d\u2019un doctorat en droit communautaire et relations Maghreb-Europe, ainsi qu&rsquo;une ma\u00eetrise en sciences juridiques obtenue \u00e0 la Facult\u00e9 des sciences juridiques, politiques et sociales de Tunis. \u00a0Il est \u00e9galement dipl\u00f4m\u00e9 de l&rsquo;\u00c9cole nationale d\u2019administration (ENA) et a suivi une formation \u00e0 l&rsquo;Institut de d\u00e9fense nationale en 2015.<\/p>\n<p>En outre, il est reconnu comme n\u00e9gociateur international. En parall\u00e8le de ses fonctions administratives, il a enseign\u00e9 \u00e0 l\u2019\u00c9cole nationale d\u2019administration et \u00e0 l\u2019\u00c9cole sup\u00e9rieure des forces de s\u00e9curit\u00e9 int\u00e9rieure.<\/p>\n<p>Le choix est tomb\u00e9 donc sur un profil social. Ce choix s\u2019il refl\u00e8te la volont\u00e9 claire de r\u00e9pondre aux pr\u00e9occupations croissantes li\u00e9es aux aspects sociaux, il t\u00e9moigne d\u2019une instabilit\u00e9 au niveau de la Kasbah.\u00a0<\/p>\n<p>En privil\u00e9giant une personnalit\u00e9 ayant une expertise et une sensibilit\u00e9 accrues aux questions sociales, le pr\u00e9sident semble s\u2019engager \u00e0 aborder les d\u00e9fis soci\u00e9taux dans la prochaine phase.<\/p>\n","protected":false},"excerpt":{"rendered":"<p>En effet l\u2019information est tomb\u00e9e comme couperet. Alors que tous les yeux sont riv\u00e9s vers l\u2019instance \u00e9lectorale en plein processus de v\u00e9rification des candidatu&#8230;<\/p>\n","protected":false},"author":3175,"featured_media":246819,"comment_status":"open","ping_status":"closed","sticky":false,"template":"","format":"standard","meta":{"footnotes":""},"categories":[44],"tags":[5950,5952,2608],"class_list":["post-215710","post","type-post","status-publish","format-standard","has-post-thumbnail","hentry","category-national","tag-chef-du-gouvernement","tag-kamed-maddouri","tag-tunisie"],"yoast_head":"<!-- This site is optimized with the Yoast SEO Premium plugin v27.5 (Yoast SEO v27.5) - https:\/\/yoast.com\/product\/yoast-seo-premium-wordpress\/ -->\n<title>Qui est Kamel Maddouri, nouveau chef du gouvernement au profil social ?<\/title>\n<meta name=\"description\" content=\"En effet l\u2019information est tomb\u00e9e comme couperet. Alors que tous les yeux sont riv\u00e9s vers l\u2019instance \u00e9lectorale en plein processus de v\u00e9rification des candidatu...\" \/>\n<link rel=\"canonical\" href=\"https:\/\/www.webdo.tn\/fr\/actualite\/national\/qui-est-kamel-maddouri-nouveau-chef-du-gouvernement-au-profil-social\/215710\/\" \/>\n<meta property=\"og:locale\" content=\"fr_FR\" \/>\n<meta property=\"og:type\" content=\"article\" \/>\n<meta property=\"og:title\" content=\"Qui est Kamel Maddouri, nouveau chef du gouvernement au profil social ?\" \/>\n<meta property=\"og:description\" content=\"En effet l\u2019information est tomb\u00e9e comme couperet. Alors que tous les yeux sont riv\u00e9s vers l\u2019instance \u00e9lectorale en plein processus de v\u00e9rification des candidatu...\" \/>\n<meta property=\"og:url\" content=\"https:\/\/www.webdo.tn\/fr\/actualite\/national\/qui-est-kamel-maddouri-nouveau-chef-du-gouvernement-au-profil-social\/215710\/\" \/>\n<meta property=\"og:site_name\" content=\"webdo\" \/>\n<meta property=\"article:publisher\" content=\"https:\/\/www.facebook.com\/webdotn\" \/>\n<meta property=\"article:published_time\" content=\"2024-08-08T07:51:00+00:00\" \/>\n<meta property=\"article:modified_time\" content=\"2025-05-20T22:35:04+00:00\" \/>\n<meta property=\"og:image\" content=\"https:\/\/www.webdo.tn\/fr\/wp-content\/uploads\/2024\/08\/c260949085f219f43a1d64230bdb9224.webp\" \/>\n\t<meta property=\"og:image:width\" content=\"750\" \/>\n\t<meta property=\"og:image:height\" content=\"400\" \/>\n\t<meta property=\"og:image:type\" content=\"image\/webp\" \/>\n<meta name=\"author\" content=\"CL\" \/>\n<meta name=\"twitter:card\" content=\"summary_large_image\" \/>\n<meta name=\"twitter:creator\" content=\"@webdo_tn\" \/>\n<meta name=\"twitter:site\" content=\"@webdo_tn\" \/>\n<meta name=\"twitter:label1\" content=\"\u00c9crit par\" \/>\n\t<meta name=\"twitter:data1\" content=\"CL\" \/>\n\t<meta name=\"twitter:label2\" content=\"Dur\u00e9e de lecture estim\u00e9e\" \/>\n\t<meta name=\"twitter:data2\" content=\"2 minutes\" \/>\n<script type=\"application\/ld+json\" class=\"yoast-schema-graph\">{\"@context\":\"https:\\\/\\\/schema.org\",\"@graph\":[{\"@type\":\"NewsArticle\",\"@id\":\"https:\\\/\\\/www.webdo.tn\\\/fr\\\/actualite\\\/national\\\/qui-est-kamel-maddouri-nouveau-chef-du-gouvernement-au-profil-social\\\/215710\\\/#article\",\"isPartOf\":{\"@id\":\"https:\\\/\\\/www.webdo.tn\\\/fr\\\/actualite\\\/national\\\/qui-est-kamel-maddouri-nouveau-chef-du-gouvernement-au-profil-social\\\/215710\\\/\"},\"author\":{\"name\":\"CL\",\"@id\":\"https:\\\/\\\/www.webdo.tn\\\/fr\\\/#\\\/schema\\\/person\\\/f35b42a42c5e2511bbd282959d6385cc\"},\"headline\":\"Qui est Kamel Maddouri, nouveau chef du gouvernement au profil social ?\",\"datePublished\":\"2024-08-08T07:51:00+00:00\",\"dateModified\":\"2025-05-20T22:35:04+00:00\",\"mainEntityOfPage\":{\"@id\":\"https:\\\/\\\/www.webdo.tn\\\/fr\\\/actualite\\\/national\\\/qui-est-kamel-maddouri-nouveau-chef-du-gouvernement-au-profil-social\\\/215710\\\/\"},\"wordCount\":408,\"commentCount\":0,\"publisher\":{\"@id\":\"https:\\\/\\\/www.webdo.tn\\\/fr\\\/#organization\"},\"image\":{\"@id\":\"https:\\\/\\\/www.webdo.tn\\\/fr\\\/actualite\\\/national\\\/qui-est-kamel-maddouri-nouveau-chef-du-gouvernement-au-profil-social\\\/215710\\\/#primaryimage\"},\"thumbnailUrl\":\"https:\\\/\\\/www.webdo.tn\\\/fr\\\/wp-content\\\/uploads\\\/2024\\\/08\\\/c260949085f219f43a1d64230bdb9224.webp\",\"keywords\":[\"chef du gouvernement\",\"Kamed Maddouri\",\"Tunisie\"],\"articleSection\":[\"National\"],\"inLanguage\":\"fr-FR\"},{\"@type\":\"WebPage\",\"@id\":\"https:\\\/\\\/www.webdo.tn\\\/fr\\\/actualite\\\/national\\\/qui-est-kamel-maddouri-nouveau-chef-du-gouvernement-au-profil-social\\\/215710\\\/\",\"url\":\"https:\\\/\\\/www.webdo.tn\\\/fr\\\/actualite\\\/national\\\/qui-est-kamel-maddouri-nouveau-chef-du-gouvernement-au-profil-social\\\/215710\\\/\",\"name\":\"Qui est Kamel Maddouri, nouveau chef du gouvernement au profil social ?\",\"isPartOf\":{\"@id\":\"https:\\\/\\\/www.webdo.tn\\\/fr\\\/#website\"},\"primaryImageOfPage\":{\"@id\":\"https:\\\/\\\/www.webdo.tn\\\/fr\\\/actualite\\\/national\\\/qui-est-kamel-maddouri-nouveau-chef-du-gouvernement-au-profil-social\\\/215710\\\/#primaryimage\"},\"image\":{\"@id\":\"https:\\\/\\\/www.webdo.tn\\\/fr\\\/actualite\\\/national\\\/qui-est-kamel-maddouri-nouveau-chef-du-gouvernement-au-profil-social\\\/215710\\\/#primaryimage\"},\"thumbnailUrl\":\"https:\\\/\\\/www.webdo.tn\\\/fr\\\/wp-content\\\/uploads\\\/2024\\\/08\\\/c260949085f219f43a1d64230bdb9224.webp\",\"datePublished\":\"2024-08-08T07:51:00+00:00\",\"dateModified\":\"2025-05-20T22:35:04+00:00\",\"description\":\"En effet l\u2019information est tomb\u00e9e comme couperet. Alors que tous les yeux sont riv\u00e9s vers l\u2019instance \u00e9lectorale en plein processus de v\u00e9rification des candidatu...\",\"breadcrumb\":{\"@id\":\"https:\\\/\\\/www.webdo.tn\\\/fr\\\/actualite\\\/national\\\/qui-est-kamel-maddouri-nouveau-chef-du-gouvernement-au-profil-social\\\/215710\\\/#breadcrumb\"},\"inLanguage\":\"fr-FR\",\"potentialAction\":[{\"@type\":\"ReadAction\",\"target\":[\"https:\\\/\\\/www.webdo.tn\\\/fr\\\/actualite\\\/national\\\/qui-est-kamel-maddouri-nouveau-chef-du-gouvernement-au-profil-social\\\/215710\\\/\"]}]},{\"@type\":\"ImageObject\",\"inLanguage\":\"fr-FR\",\"@id\":\"https:\\\/\\\/www.webdo.tn\\\/fr\\\/actualite\\\/national\\\/qui-est-kamel-maddouri-nouveau-chef-du-gouvernement-au-profil-social\\\/215710\\\/#primaryimage\",\"url\":\"https:\\\/\\\/www.webdo.tn\\\/fr\\\/wp-content\\\/uploads\\\/2024\\\/08\\\/c260949085f219f43a1d64230bdb9224.webp\",\"contentUrl\":\"https:\\\/\\\/www.webdo.tn\\\/fr\\\/wp-content\\\/uploads\\\/2024\\\/08\\\/c260949085f219f43a1d64230bdb9224.webp\",\"width\":750,\"height\":400,\"caption\":\"Qui est Kamel Maddouri, nouveau chef du gouvernement au profil social ?\"},{\"@type\":\"BreadcrumbList\",\"@id\":\"https:\\\/\\\/www.webdo.tn\\\/fr\\\/actualite\\\/national\\\/qui-est-kamel-maddouri-nouveau-chef-du-gouvernement-au-profil-social\\\/215710\\\/#breadcrumb\",\"itemListElement\":[{\"@type\":\"ListItem\",\"position\":1,\"name\":\"Accueil\",\"item\":\"https:\\\/\\\/www.webdo.tn\\\/fr\\\/\"},{\"@type\":\"ListItem\",\"position\":2,\"name\":\"Qui est Kamel Maddouri, nouveau chef du gouvernement au profil social ?\"}]},{\"@type\":\"WebSite\",\"@id\":\"https:\\\/\\\/www.webdo.tn\\\/fr\\\/#website\",\"url\":\"https:\\\/\\\/www.webdo.tn\\\/fr\\\/\",\"name\":\"webdo\",\"description\":\"Tunisie - News en Tunisie et \u00e0 l&#039;international sur Webdo.tn\",\"publisher\":{\"@id\":\"https:\\\/\\\/www.webdo.tn\\\/fr\\\/#organization\"},\"potentialAction\":[{\"@type\":\"SearchAction\",\"target\":{\"@type\":\"EntryPoint\",\"urlTemplate\":\"https:\\\/\\\/www.webdo.tn\\\/fr\\\/?s={search_term_string}\"},\"query-input\":{\"@type\":\"PropertyValueSpecification\",\"valueRequired\":true,\"valueName\":\"search_term_string\"}}],\"inLanguage\":\"fr-FR\"},{\"@type\":\"Organization\",\"@id\":\"https:\\\/\\\/www.webdo.tn\\\/fr\\\/#organization\",\"name\":\"Webdo\",\"alternateName\":\"Webdo.tn\",\"url\":\"https:\\\/\\\/www.webdo.tn\\\/fr\\\/\",\"logo\":{\"@type\":\"ImageObject\",\"inLanguage\":\"fr-FR\",\"@id\":\"https:\\\/\\\/www.webdo.tn\\\/fr\\\/#\\\/schema\\\/logo\\\/image\\\/\",\"url\":\"https:\\\/\\\/www.webdo.tn\\\/fr\\\/wp-content\\\/uploads\\\/2025\\\/06\\\/Webdo-Tunisie_168377.jpg\",\"contentUrl\":\"https:\\\/\\\/www.webdo.tn\\\/fr\\\/wp-content\\\/uploads\\\/2025\\\/06\\\/Webdo-Tunisie_168377.jpg\",\"width\":301,\"height\":301,\"caption\":\"Webdo\"},\"image\":{\"@id\":\"https:\\\/\\\/www.webdo.tn\\\/fr\\\/#\\\/schema\\\/logo\\\/image\\\/\"},\"sameAs\":[\"https:\\\/\\\/www.facebook.com\\\/webdotn\",\"https:\\\/\\\/x.com\\\/webdo_tn\"],\"description\":\"Webdo est un m\u00e9dia num\u00e9rique tunisien fond\u00e9 en 2010, sp\u00e9cialis\u00e9 dans l\u2019actualit\u00e9 nationale et internationale, l\u2019\u00e9conomie, la soci\u00e9t\u00e9 et les analyses politiques. Le site s\u2019adresse \u00e0 un large public francophone et couvre l\u2019information tunisienne en temps r\u00e9el.\",\"email\":\"redac@webdo.tn\",\"legalName\":\"YNJ SARL\",\"foundingDate\":\"2010-09-06\",\"numberOfEmployees\":{\"@type\":\"QuantitativeValue\",\"minValue\":\"11\",\"maxValue\":\"50\"}},{\"@type\":\"Person\",\"@id\":\"https:\\\/\\\/www.webdo.tn\\\/fr\\\/#\\\/schema\\\/person\\\/f35b42a42c5e2511bbd282959d6385cc\",\"name\":\"CL\",\"image\":{\"@type\":\"ImageObject\",\"inLanguage\":\"fr-FR\",\"@id\":\"https:\\\/\\\/secure.gravatar.com\\\/avatar\\\/1447a49909b67aa657c488aec6512e1dd6143a480c1ecfee9b5b5cd74eb3b59e?s=96&d=mm&r=g\",\"url\":\"https:\\\/\\\/secure.gravatar.com\\\/avatar\\\/1447a49909b67aa657c488aec6512e1dd6143a480c1ecfee9b5b5cd74eb3b59e?s=96&d=mm&r=g\",\"contentUrl\":\"https:\\\/\\\/secure.gravatar.com\\\/avatar\\\/1447a49909b67aa657c488aec6512e1dd6143a480c1ecfee9b5b5cd74eb3b59e?s=96&d=mm&r=g\",\"caption\":\"CL\"},\"url\":\"https:\\\/\\\/www.webdo.tn\\\/fr\\\/actualite\\\/author\\\/cl\\\/\"}]}<\/script>\n<!-- \/ Yoast SEO Premium plugin. -->","yoast_head_json":{"title":"Qui est Kamel Maddouri, nouveau chef du gouvernement au profil social ?","description":"En effet l\u2019information est tomb\u00e9e comme couperet. Alors que tous les yeux sont riv\u00e9s vers l\u2019instance \u00e9lectorale en plein processus de v\u00e9rification des candidatu...","canonical":"https:\/\/www.webdo.tn\/fr\/actualite\/national\/qui-est-kamel-maddouri-nouveau-chef-du-gouvernement-au-profil-social\/215710\/","og_locale":"fr_FR","og_type":"article","og_title":"Qui est Kamel Maddouri, nouveau chef du gouvernement au profil social ?","og_description":"En effet l\u2019information est tomb\u00e9e comme couperet. Alors que tous les yeux sont riv\u00e9s vers l\u2019instance \u00e9lectorale en plein processus de v\u00e9rification des candidatu...","og_url":"https:\/\/www.webdo.tn\/fr\/actualite\/national\/qui-est-kamel-maddouri-nouveau-chef-du-gouvernement-au-profil-social\/215710\/","og_site_name":"webdo","article_publisher":"https:\/\/www.facebook.com\/webdotn","article_published_time":"2024-08-08T07:51:00+00:00","article_modified_time":"2025-05-20T22:35:04+00:00","og_image":[{"width":750,"height":400,"url":"https:\/\/www.webdo.tn\/fr\/wp-content\/uploads\/2024\/08\/c260949085f219f43a1d64230bdb9224.webp","type":"image\/webp"}],"author":"CL","twitter_card":"summary_large_image","twitter_creator":"@webdo_tn","twitter_site":"@webdo_tn","twitter_misc":{"\u00c9crit par":"CL","Dur\u00e9e de lecture estim\u00e9e":"2 minutes"},"schema":{"@context":"https:\/\/schema.org","@graph":[{"@type":"NewsArticle","@id":"https:\/\/www.webdo.tn\/fr\/actualite\/national\/qui-est-kamel-maddouri-nouveau-chef-du-gouvernement-au-profil-social\/215710\/#article","isPartOf":{"@id":"https:\/\/www.webdo.tn\/fr\/actualite\/national\/qui-est-kamel-maddouri-nouveau-chef-du-gouvernement-au-profil-social\/215710\/"},"author":{"name":"CL","@id":"https:\/\/www.webdo.tn\/fr\/#\/schema\/person\/f35b42a42c5e2511bbd282959d6385cc"},"headline":"Qui est Kamel Maddouri, nouveau chef du gouvernement au profil social ?","datePublished":"2024-08-08T07:51:00+00:00","dateModified":"2025-05-20T22:35:04+00:00","mainEntityOfPage":{"@id":"https:\/\/www.webdo.tn\/fr\/actualite\/national\/qui-est-kamel-maddouri-nouveau-chef-du-gouvernement-au-profil-social\/215710\/"},"wordCount":408,"commentCount":0,"publisher":{"@id":"https:\/\/www.webdo.tn\/fr\/#organization"},"image":{"@id":"https:\/\/www.webdo.tn\/fr\/actualite\/national\/qui-est-kamel-maddouri-nouveau-chef-du-gouvernement-au-profil-social\/215710\/#primaryimage"},"thumbnailUrl":"https:\/\/www.webdo.tn\/fr\/wp-content\/uploads\/2024\/08\/c260949085f219f43a1d64230bdb9224.webp","keywords":["chef du gouvernement","Kamed Maddouri","Tunisie"],"articleSection":["National"],"inLanguage":"fr-FR"},{"@type":"WebPage","@id":"https:\/\/www.webdo.tn\/fr\/actualite\/national\/qui-est-kamel-maddouri-nouveau-chef-du-gouvernement-au-profil-social\/215710\/","url":"https:\/\/www.webdo.tn\/fr\/actualite\/national\/qui-est-kamel-maddouri-nouveau-chef-du-gouvernement-au-profil-social\/215710\/","name":"Qui est Kamel Maddouri, nouveau chef du gouvernement au profil social ?","isPartOf":{"@id":"https:\/\/www.webdo.tn\/fr\/#website"},"primaryImageOfPage":{"@id":"https:\/\/www.webdo.tn\/fr\/actualite\/national\/qui-est-kamel-maddouri-nouveau-chef-du-gouvernement-au-profil-social\/215710\/#primaryimage"},"image":{"@id":"https:\/\/www.webdo.tn\/fr\/actualite\/national\/qui-est-kamel-maddouri-nouveau-chef-du-gouvernement-au-profil-social\/215710\/#primaryimage"},"thumbnailUrl":"https:\/\/www.webdo.tn\/fr\/wp-content\/uploads\/2024\/08\/c260949085f219f43a1d64230bdb9224.webp","datePublished":"2024-08-08T07:51:00+00:00","dateModified":"2025-05-20T22:35:04+00:00","description":"En effet l\u2019information est tomb\u00e9e comme couperet. Alors que tous les yeux sont riv\u00e9s vers l\u2019instance \u00e9lectorale en plein processus de v\u00e9rification des candidatu...","breadcrumb":{"@id":"https:\/\/www.webdo.tn\/fr\/actualite\/national\/qui-est-kamel-maddouri-nouveau-chef-du-gouvernement-au-profil-social\/215710\/#breadcrumb"},"inLanguage":"fr-FR","potentialAction":[{"@type":"ReadAction","target":["https:\/\/www.webdo.tn\/fr\/actualite\/national\/qui-est-kamel-maddouri-nouveau-chef-du-gouvernement-au-profil-social\/215710\/"]}]},{"@type":"ImageObject","inLanguage":"fr-FR","@id":"https:\/\/www.webdo.tn\/fr\/actualite\/national\/qui-est-kamel-maddouri-nouveau-chef-du-gouvernement-au-profil-social\/215710\/#primaryimage","url":"https:\/\/www.webdo.tn\/fr\/wp-content\/uploads\/2024\/08\/c260949085f219f43a1d64230bdb9224.webp","contentUrl":"https:\/\/www.webdo.tn\/fr\/wp-content\/uploads\/2024\/08\/c260949085f219f43a1d64230bdb9224.webp","width":750,"height":400,"caption":"Qui est Kamel Maddouri, nouveau chef du gouvernement au profil social ?"},{"@type":"BreadcrumbList","@id":"https:\/\/www.webdo.tn\/fr\/actualite\/national\/qui-est-kamel-maddouri-nouveau-chef-du-gouvernement-au-profil-social\/215710\/#breadcrumb","itemListElement":[{"@type":"ListItem","position":1,"name":"Accueil","item":"https:\/\/www.webdo.tn\/fr\/"},{"@type":"ListItem","position":2,"name":"Qui est Kamel Maddouri, nouveau chef du gouvernement au profil social ?"}]},{"@type":"WebSite","@id":"https:\/\/www.webdo.tn\/fr\/#website","url":"https:\/\/www.webdo.tn\/fr\/","name":"webdo","description":"Tunisie - News en Tunisie et \u00e0 l&#039;international sur Webdo.tn","publisher":{"@id":"https:\/\/www.webdo.tn\/fr\/#organization"},"potentialAction":[{"@type":"SearchAction","target":{"@type":"EntryPoint","urlTemplate":"https:\/\/www.webdo.tn\/fr\/?s={search_term_string}"},"query-input":{"@type":"PropertyValueSpecification","valueRequired":true,"valueName":"search_term_string"}}],"inLanguage":"fr-FR"},{"@type":"Organization","@id":"https:\/\/www.webdo.tn\/fr\/#organization","name":"Webdo","alternateName":"Webdo.tn","url":"https:\/\/www.webdo.tn\/fr\/","logo":{"@type":"ImageObject","inLanguage":"fr-FR","@id":"https:\/\/www.webdo.tn\/fr\/#\/schema\/logo\/image\/","url":"https:\/\/www.webdo.tn\/fr\/wp-content\/uploads\/2025\/06\/Webdo-Tunisie_168377.jpg","contentUrl":"https:\/\/www.webdo.tn\/fr\/wp-content\/uploads\/2025\/06\/Webdo-Tunisie_168377.jpg","width":301,"height":301,"caption":"Webdo"},"image":{"@id":"https:\/\/www.webdo.tn\/fr\/#\/schema\/logo\/image\/"},"sameAs":["https:\/\/www.facebook.com\/webdotn","https:\/\/x.com\/webdo_tn"],"description":"Webdo est un m\u00e9dia num\u00e9rique tunisien fond\u00e9 en 2010, sp\u00e9cialis\u00e9 dans l\u2019actualit\u00e9 nationale et internationale, l\u2019\u00e9conomie, la soci\u00e9t\u00e9 et les analyses politiques. Le site s\u2019adresse \u00e0 un large public francophone et couvre l\u2019information tunisienne en temps r\u00e9el.","email":"redac@webdo.tn","legalName":"YNJ SARL","foundingDate":"2010-09-06","numberOfEmployees":{"@type":"QuantitativeValue","minValue":"11","maxValue":"50"}},{"@type":"Person","@id":"https:\/\/www.webdo.tn\/fr\/#\/schema\/person\/f35b42a42c5e2511bbd282959d6385cc","name":"CL","image":{"@type":"ImageObject","inLanguage":"fr-FR","@id":"https:\/\/secure.gravatar.com\/avatar\/1447a49909b67aa657c488aec6512e1dd6143a480c1ecfee9b5b5cd74eb3b59e?s=96&d=mm&r=g","url":"https:\/\/secure.gravatar.com\/avatar\/1447a49909b67aa657c488aec6512e1dd6143a480c1ecfee9b5b5cd74eb3b59e?s=96&d=mm&r=g","contentUrl":"https:\/\/secure.gravatar.com\/avatar\/1447a49909b67aa657c488aec6512e1dd6143a480c1ecfee9b5b5cd74eb3b59e?s=96&d=mm&r=g","caption":"CL"},"url":"https:\/\/www.webdo.tn\/fr\/actualite\/author\/cl\/"}]}},"_links":{"self":[{"href":"https:\/\/www.webdo.tn\/fr\/wp-json\/wp\/v2\/posts\/215710","targetHints":{"allow":["GET"]}}],"collection":[{"href":"https:\/\/www.webdo.tn\/fr\/wp-json\/wp\/v2\/posts"}],"about":[{"href":"https:\/\/www.webdo.tn\/fr\/wp-json\/wp\/v2\/types\/post"}],"author":[{"embeddable":true,"href":"https:\/\/www.webdo.tn\/fr\/wp-json\/wp\/v2\/users\/3175"}],"replies":[{"embeddable":true,"href":"https:\/\/www.webdo.tn\/fr\/wp-json\/wp\/v2\/comments?post=215710"}],"version-history":[{"count":0,"href":"https:\/\/www.webdo.tn\/fr\/wp-json\/wp\/v2\/posts\/215710\/revisions"}],"wp:featuredmedia":[{"embeddable":true,"href":"https:\/\/www.webdo.tn\/fr\/wp-json\/wp\/v2\/media\/246819"}],"wp:attachment":[{"href":"https:\/\/www.webdo.tn\/fr\/wp-json\/wp\/v2\/media?parent=215710"}],"wp:term":[{"taxonomy":"category","embeddable":true,"href":"https:\/\/www.webdo.tn\/fr\/wp-json\/wp\/v2\/categories?post=215710"},{"taxonomy":"post_tag","embeddable":true,"href":"https:\/\/www.webdo.tn\/fr\/wp-json\/wp\/v2\/tags?post=215710"}],"curies":[{"name":"wp","href":"https:\/\/api.w.org\/{rel}","templated":true}]}}