{"id":215699,"date":"2024-08-07T16:27:00","date_gmt":"2024-08-07T16:27:00","guid":{"rendered":"https:\/\/www.webdo.tn\/fr\/blog\/jo-2024-taekwondo-khalil-jendoubi-en-lice-pour-la-medaille-de-bronze\/215699\/"},"modified":"2025-05-21T09:06:26","modified_gmt":"2025-05-21T09:06:26","slug":"jo-2024-taekwondo-khalil-jendoubi-en-lice-pour-la-medaille-de-bronze","status":"publish","type":"post","link":"https:\/\/www.webdo.tn\/fr\/actualite\/sport\/jo-2024-taekwondo-khalil-jendoubi-en-lice-pour-la-medaille-de-bronze\/215699\/","title":{"rendered":"JO 2024 &#8211; Taekwondo : Khalil Jendoubi en lice pour la m\u00e9daille de bronze"},"content":{"rendered":"<p>Mohamed Khalil Jendoubi (-58 kg), s\u2019est inclin\u00e9 en demi finale du tournoi de taekwondo des Jeux Olympiques 2024, face au Sud-Cor\u00e9en Park Tae-joon (2-0)<\/p>\n<p>\t\t\t\t\t\t\t\t\tL&rsquo;ancien champion du monde et vice-champion olympique jouera pour la m\u00e9daille de bronze face \u00e0 l&rsquo;Espagnol Adri\u00e1n Vicente Yunta . La rencontre aura lieu ce mercredi 7 ao\u00fbt \u00e0 20h04 heure tunisienne.<\/p>\n","protected":false},"excerpt":{"rendered":"<p>Mohamed Khalil Jendoubi, vice-champion olympique en taekwondo, a perdu en demi-finale des JO 2024 contre le Sud-Cor\u00e9en Park Tae-joon.<\/p>\n","protected":false},"author":3166,"featured_media":290919,"comment_status":"open","ping_status":"closed","sticky":false,"template":"","format":"standard","meta":{"footnotes":""},"categories":[2593],"tags":[5781,5907,5778,3795],"class_list":["post-215699","post","type-post","status-publish","format-standard","has-post-thumbnail","hentry","category-sport","tag-jo2024","tag-mohamed-khalil-jendoubi","tag-paris-2024","tag-taekwondo"],"yoast_head":"<!-- This site is optimized with the Yoast SEO Premium plugin v27.4 (Yoast SEO v27.5) - https:\/\/yoast.com\/product\/yoast-seo-premium-wordpress\/ -->\n<title>JO 2024 - Taekwondo : Khalil Jendoubi en lice pour la m\u00e9daille de bronze<\/title>\n<meta name=\"description\" content=\"Mohamed Khalil Jendoubi, vice-champion olympique en taekwondo, a perdu en demi-finale des JO 2024 contre le Sud-Cor\u00e9en Park Tae-joon.\" \/>\n<link rel=\"canonical\" href=\"https:\/\/www.webdo.tn\/fr\/actualite\/sport\/jo-2024-taekwondo-khalil-jendoubi-en-lice-pour-la-medaille-de-bronze\/215699\/\" \/>\n<meta property=\"og:locale\" content=\"fr_FR\" \/>\n<meta property=\"og:type\" content=\"article\" \/>\n<meta property=\"og:title\" content=\"JO 2024 - Taekwondo : Khalil Jendoubi en lice pour la m\u00e9daille de bronze\" \/>\n<meta property=\"og:description\" content=\"Mohamed Khalil Jendoubi, vice-champion olympique en taekwondo, a perdu en demi-finale des JO 2024 contre le Sud-Cor\u00e9en Park Tae-joon.\" \/>\n<meta property=\"og:url\" content=\"https:\/\/www.webdo.tn\/fr\/actualite\/sport\/jo-2024-taekwondo-khalil-jendoubi-en-lice-pour-la-medaille-de-bronze\/215699\/\" \/>\n<meta property=\"og:site_name\" content=\"webdo\" \/>\n<meta property=\"article:publisher\" content=\"https:\/\/www.facebook.com\/webdotn\" \/>\n<meta property=\"article:published_time\" content=\"2024-08-07T16:27:00+00:00\" \/>\n<meta property=\"article:modified_time\" content=\"2025-05-21T09:06:26+00:00\" \/>\n<meta property=\"og:image\" content=\"https:\/\/www.webdo.tn\/fr\/wp-content\/uploads\/2024\/08\/00344894a96f4b5da8afc41301e40e1a.webp\" \/>\n\t<meta property=\"og:image:width\" content=\"750\" \/>\n\t<meta property=\"og:image:height\" content=\"400\" \/>\n\t<meta property=\"og:image:type\" content=\"image\/webp\" \/>\n<meta name=\"author\" content=\"AZ\" \/>\n<meta name=\"twitter:card\" content=\"summary_large_image\" \/>\n<meta name=\"twitter:creator\" content=\"@webdo_tn\" \/>\n<meta name=\"twitter:site\" content=\"@webdo_tn\" \/>\n<meta name=\"twitter:label1\" content=\"\u00c9crit par\" \/>\n\t<meta name=\"twitter:data1\" content=\"AZ\" \/>\n<script type=\"application\/ld+json\" class=\"yoast-schema-graph\">{\"@context\":\"https:\\\/\\\/schema.org\",\"@graph\":[{\"@type\":\"NewsArticle\",\"@id\":\"https:\\\/\\\/www.webdo.tn\\\/fr\\\/actualite\\\/sport\\\/jo-2024-taekwondo-khalil-jendoubi-en-lice-pour-la-medaille-de-bronze\\\/215699\\\/#article\",\"isPartOf\":{\"@id\":\"https:\\\/\\\/www.webdo.tn\\\/fr\\\/actualite\\\/sport\\\/jo-2024-taekwondo-khalil-jendoubi-en-lice-pour-la-medaille-de-bronze\\\/215699\\\/\"},\"author\":{\"name\":\"AZ\",\"@id\":\"https:\\\/\\\/www.webdo.tn\\\/fr\\\/#\\\/schema\\\/person\\\/b8a41c04d93287d375510db360906b34\"},\"headline\":\"JO 2024 &#8211; Taekwondo : Khalil Jendoubi en lice pour la m\u00e9daille de bronze\",\"datePublished\":\"2024-08-07T16:27:00+00:00\",\"dateModified\":\"2025-05-21T09:06:26+00:00\",\"mainEntityOfPage\":{\"@id\":\"https:\\\/\\\/www.webdo.tn\\\/fr\\\/actualite\\\/sport\\\/jo-2024-taekwondo-khalil-jendoubi-en-lice-pour-la-medaille-de-bronze\\\/215699\\\/\"},\"wordCount\":71,\"commentCount\":0,\"publisher\":{\"@id\":\"https:\\\/\\\/www.webdo.tn\\\/fr\\\/#organization\"},\"image\":{\"@id\":\"https:\\\/\\\/www.webdo.tn\\\/fr\\\/actualite\\\/sport\\\/jo-2024-taekwondo-khalil-jendoubi-en-lice-pour-la-medaille-de-bronze\\\/215699\\\/#primaryimage\"},\"thumbnailUrl\":\"https:\\\/\\\/www.webdo.tn\\\/fr\\\/wp-content\\\/uploads\\\/2024\\\/08\\\/00344894a96f4b5da8afc41301e40e1a.webp\",\"keywords\":[\"JO2024\",\"Mohamed Khalil Jendoubi\",\"Paris 2024\",\"taekwondo\"],\"articleSection\":[\"Sport\"],\"inLanguage\":\"fr-FR\"},{\"@type\":\"WebPage\",\"@id\":\"https:\\\/\\\/www.webdo.tn\\\/fr\\\/actualite\\\/sport\\\/jo-2024-taekwondo-khalil-jendoubi-en-lice-pour-la-medaille-de-bronze\\\/215699\\\/\",\"url\":\"https:\\\/\\\/www.webdo.tn\\\/fr\\\/actualite\\\/sport\\\/jo-2024-taekwondo-khalil-jendoubi-en-lice-pour-la-medaille-de-bronze\\\/215699\\\/\",\"name\":\"JO 2024 - Taekwondo : Khalil Jendoubi en lice pour la m\u00e9daille de bronze\",\"isPartOf\":{\"@id\":\"https:\\\/\\\/www.webdo.tn\\\/fr\\\/#website\"},\"primaryImageOfPage\":{\"@id\":\"https:\\\/\\\/www.webdo.tn\\\/fr\\\/actualite\\\/sport\\\/jo-2024-taekwondo-khalil-jendoubi-en-lice-pour-la-medaille-de-bronze\\\/215699\\\/#primaryimage\"},\"image\":{\"@id\":\"https:\\\/\\\/www.webdo.tn\\\/fr\\\/actualite\\\/sport\\\/jo-2024-taekwondo-khalil-jendoubi-en-lice-pour-la-medaille-de-bronze\\\/215699\\\/#primaryimage\"},\"thumbnailUrl\":\"https:\\\/\\\/www.webdo.tn\\\/fr\\\/wp-content\\\/uploads\\\/2024\\\/08\\\/00344894a96f4b5da8afc41301e40e1a.webp\",\"datePublished\":\"2024-08-07T16:27:00+00:00\",\"dateModified\":\"2025-05-21T09:06:26+00:00\",\"description\":\"Mohamed Khalil Jendoubi, vice-champion olympique en taekwondo, a perdu en demi-finale des JO 2024 contre le Sud-Cor\u00e9en Park Tae-joon.\",\"breadcrumb\":{\"@id\":\"https:\\\/\\\/www.webdo.tn\\\/fr\\\/actualite\\\/sport\\\/jo-2024-taekwondo-khalil-jendoubi-en-lice-pour-la-medaille-de-bronze\\\/215699\\\/#breadcrumb\"},\"inLanguage\":\"fr-FR\",\"potentialAction\":[{\"@type\":\"ReadAction\",\"target\":[\"https:\\\/\\\/www.webdo.tn\\\/fr\\\/actualite\\\/sport\\\/jo-2024-taekwondo-khalil-jendoubi-en-lice-pour-la-medaille-de-bronze\\\/215699\\\/\"]}]},{\"@type\":\"ImageObject\",\"inLanguage\":\"fr-FR\",\"@id\":\"https:\\\/\\\/www.webdo.tn\\\/fr\\\/actualite\\\/sport\\\/jo-2024-taekwondo-khalil-jendoubi-en-lice-pour-la-medaille-de-bronze\\\/215699\\\/#primaryimage\",\"url\":\"https:\\\/\\\/www.webdo.tn\\\/fr\\\/wp-content\\\/uploads\\\/2024\\\/08\\\/00344894a96f4b5da8afc41301e40e1a.webp\",\"contentUrl\":\"https:\\\/\\\/www.webdo.tn\\\/fr\\\/wp-content\\\/uploads\\\/2024\\\/08\\\/00344894a96f4b5da8afc41301e40e1a.webp\",\"width\":750,\"height\":400,\"caption\":\"JO 2024 - Taekwondo : Khalil Jendoubi en lice pour la m\u00e9daille de bronze\"},{\"@type\":\"BreadcrumbList\",\"@id\":\"https:\\\/\\\/www.webdo.tn\\\/fr\\\/actualite\\\/sport\\\/jo-2024-taekwondo-khalil-jendoubi-en-lice-pour-la-medaille-de-bronze\\\/215699\\\/#breadcrumb\",\"itemListElement\":[{\"@type\":\"ListItem\",\"position\":1,\"name\":\"Accueil\",\"item\":\"https:\\\/\\\/www.webdo.tn\\\/fr\\\/\"},{\"@type\":\"ListItem\",\"position\":2,\"name\":\"JO 2024 &#8211; Taekwondo : Khalil Jendoubi en lice pour la m\u00e9daille de bronze\"}]},{\"@type\":\"WebSite\",\"@id\":\"https:\\\/\\\/www.webdo.tn\\\/fr\\\/#website\",\"url\":\"https:\\\/\\\/www.webdo.tn\\\/fr\\\/\",\"name\":\"webdo\",\"description\":\"Tunisie - News en Tunisie et \u00e0 l&#039;international sur Webdo.tn\",\"publisher\":{\"@id\":\"https:\\\/\\\/www.webdo.tn\\\/fr\\\/#organization\"},\"potentialAction\":[{\"@type\":\"SearchAction\",\"target\":{\"@type\":\"EntryPoint\",\"urlTemplate\":\"https:\\\/\\\/www.webdo.tn\\\/fr\\\/?s={search_term_string}\"},\"query-input\":{\"@type\":\"PropertyValueSpecification\",\"valueRequired\":true,\"valueName\":\"search_term_string\"}}],\"inLanguage\":\"fr-FR\"},{\"@type\":\"Organization\",\"@id\":\"https:\\\/\\\/www.webdo.tn\\\/fr\\\/#organization\",\"name\":\"Webdo\",\"alternateName\":\"Webdo.tn\",\"url\":\"https:\\\/\\\/www.webdo.tn\\\/fr\\\/\",\"logo\":{\"@type\":\"ImageObject\",\"inLanguage\":\"fr-FR\",\"@id\":\"https:\\\/\\\/www.webdo.tn\\\/fr\\\/#\\\/schema\\\/logo\\\/image\\\/\",\"url\":\"https:\\\/\\\/www.webdo.tn\\\/fr\\\/wp-content\\\/uploads\\\/2025\\\/06\\\/Webdo-Tunisie_168377.jpg\",\"contentUrl\":\"https:\\\/\\\/www.webdo.tn\\\/fr\\\/wp-content\\\/uploads\\\/2025\\\/06\\\/Webdo-Tunisie_168377.jpg\",\"width\":301,\"height\":301,\"caption\":\"Webdo\"},\"image\":{\"@id\":\"https:\\\/\\\/www.webdo.tn\\\/fr\\\/#\\\/schema\\\/logo\\\/image\\\/\"},\"sameAs\":[\"https:\\\/\\\/www.facebook.com\\\/webdotn\",\"https:\\\/\\\/x.com\\\/webdo_tn\"],\"description\":\"Webdo est un m\u00e9dia num\u00e9rique tunisien fond\u00e9 en 2010, sp\u00e9cialis\u00e9 dans l\u2019actualit\u00e9 nationale et internationale, l\u2019\u00e9conomie, la soci\u00e9t\u00e9 et les analyses politiques. Le site s\u2019adresse \u00e0 un large public francophone et couvre l\u2019information tunisienne en temps r\u00e9el.\",\"email\":\"redac@webdo.tn\",\"legalName\":\"YNJ SARL\",\"foundingDate\":\"2010-09-06\",\"numberOfEmployees\":{\"@type\":\"QuantitativeValue\",\"minValue\":\"11\",\"maxValue\":\"50\"}},{\"@type\":\"Person\",\"@id\":\"https:\\\/\\\/www.webdo.tn\\\/fr\\\/#\\\/schema\\\/person\\\/b8a41c04d93287d375510db360906b34\",\"name\":\"AZ\",\"image\":{\"@type\":\"ImageObject\",\"inLanguage\":\"fr-FR\",\"@id\":\"https:\\\/\\\/secure.gravatar.com\\\/avatar\\\/492b80bada79439de4201dce15cd41eece6c277cfdf1b53382073c79105c1f89?s=96&d=mm&r=g\",\"url\":\"https:\\\/\\\/secure.gravatar.com\\\/avatar\\\/492b80bada79439de4201dce15cd41eece6c277cfdf1b53382073c79105c1f89?s=96&d=mm&r=g\",\"contentUrl\":\"https:\\\/\\\/secure.gravatar.com\\\/avatar\\\/492b80bada79439de4201dce15cd41eece6c277cfdf1b53382073c79105c1f89?s=96&d=mm&r=g\",\"caption\":\"AZ\"},\"url\":\"https:\\\/\\\/www.webdo.tn\\\/fr\\\/actualite\\\/author\\\/az\\\/\"}]}<\/script>\n<!-- \/ Yoast SEO Premium plugin. -->","yoast_head_json":{"title":"JO 2024 - Taekwondo : Khalil Jendoubi en lice pour la m\u00e9daille de bronze","description":"Mohamed Khalil Jendoubi, vice-champion olympique en taekwondo, a perdu en demi-finale des JO 2024 contre le Sud-Cor\u00e9en Park Tae-joon.","canonical":"https:\/\/www.webdo.tn\/fr\/actualite\/sport\/jo-2024-taekwondo-khalil-jendoubi-en-lice-pour-la-medaille-de-bronze\/215699\/","og_locale":"fr_FR","og_type":"article","og_title":"JO 2024 - Taekwondo : Khalil Jendoubi en lice pour la m\u00e9daille de bronze","og_description":"Mohamed Khalil Jendoubi, vice-champion olympique en taekwondo, a perdu en demi-finale des JO 2024 contre le Sud-Cor\u00e9en Park Tae-joon.","og_url":"https:\/\/www.webdo.tn\/fr\/actualite\/sport\/jo-2024-taekwondo-khalil-jendoubi-en-lice-pour-la-medaille-de-bronze\/215699\/","og_site_name":"webdo","article_publisher":"https:\/\/www.facebook.com\/webdotn","article_published_time":"2024-08-07T16:27:00+00:00","article_modified_time":"2025-05-21T09:06:26+00:00","og_image":[{"width":750,"height":400,"url":"https:\/\/www.webdo.tn\/fr\/wp-content\/uploads\/2024\/08\/00344894a96f4b5da8afc41301e40e1a.webp","type":"image\/webp"}],"author":"AZ","twitter_card":"summary_large_image","twitter_creator":"@webdo_tn","twitter_site":"@webdo_tn","twitter_misc":{"\u00c9crit par":"AZ"},"schema":{"@context":"https:\/\/schema.org","@graph":[{"@type":"NewsArticle","@id":"https:\/\/www.webdo.tn\/fr\/actualite\/sport\/jo-2024-taekwondo-khalil-jendoubi-en-lice-pour-la-medaille-de-bronze\/215699\/#article","isPartOf":{"@id":"https:\/\/www.webdo.tn\/fr\/actualite\/sport\/jo-2024-taekwondo-khalil-jendoubi-en-lice-pour-la-medaille-de-bronze\/215699\/"},"author":{"name":"AZ","@id":"https:\/\/www.webdo.tn\/fr\/#\/schema\/person\/b8a41c04d93287d375510db360906b34"},"headline":"JO 2024 &#8211; Taekwondo : Khalil Jendoubi en lice pour la m\u00e9daille de bronze","datePublished":"2024-08-07T16:27:00+00:00","dateModified":"2025-05-21T09:06:26+00:00","mainEntityOfPage":{"@id":"https:\/\/www.webdo.tn\/fr\/actualite\/sport\/jo-2024-taekwondo-khalil-jendoubi-en-lice-pour-la-medaille-de-bronze\/215699\/"},"wordCount":71,"commentCount":0,"publisher":{"@id":"https:\/\/www.webdo.tn\/fr\/#organization"},"image":{"@id":"https:\/\/www.webdo.tn\/fr\/actualite\/sport\/jo-2024-taekwondo-khalil-jendoubi-en-lice-pour-la-medaille-de-bronze\/215699\/#primaryimage"},"thumbnailUrl":"https:\/\/www.webdo.tn\/fr\/wp-content\/uploads\/2024\/08\/00344894a96f4b5da8afc41301e40e1a.webp","keywords":["JO2024","Mohamed Khalil Jendoubi","Paris 2024","taekwondo"],"articleSection":["Sport"],"inLanguage":"fr-FR"},{"@type":"WebPage","@id":"https:\/\/www.webdo.tn\/fr\/actualite\/sport\/jo-2024-taekwondo-khalil-jendoubi-en-lice-pour-la-medaille-de-bronze\/215699\/","url":"https:\/\/www.webdo.tn\/fr\/actualite\/sport\/jo-2024-taekwondo-khalil-jendoubi-en-lice-pour-la-medaille-de-bronze\/215699\/","name":"JO 2024 - Taekwondo : Khalil Jendoubi en lice pour la m\u00e9daille de bronze","isPartOf":{"@id":"https:\/\/www.webdo.tn\/fr\/#website"},"primaryImageOfPage":{"@id":"https:\/\/www.webdo.tn\/fr\/actualite\/sport\/jo-2024-taekwondo-khalil-jendoubi-en-lice-pour-la-medaille-de-bronze\/215699\/#primaryimage"},"image":{"@id":"https:\/\/www.webdo.tn\/fr\/actualite\/sport\/jo-2024-taekwondo-khalil-jendoubi-en-lice-pour-la-medaille-de-bronze\/215699\/#primaryimage"},"thumbnailUrl":"https:\/\/www.webdo.tn\/fr\/wp-content\/uploads\/2024\/08\/00344894a96f4b5da8afc41301e40e1a.webp","datePublished":"2024-08-07T16:27:00+00:00","dateModified":"2025-05-21T09:06:26+00:00","description":"Mohamed Khalil Jendoubi, vice-champion olympique en taekwondo, a perdu en demi-finale des JO 2024 contre le Sud-Cor\u00e9en Park Tae-joon.","breadcrumb":{"@id":"https:\/\/www.webdo.tn\/fr\/actualite\/sport\/jo-2024-taekwondo-khalil-jendoubi-en-lice-pour-la-medaille-de-bronze\/215699\/#breadcrumb"},"inLanguage":"fr-FR","potentialAction":[{"@type":"ReadAction","target":["https:\/\/www.webdo.tn\/fr\/actualite\/sport\/jo-2024-taekwondo-khalil-jendoubi-en-lice-pour-la-medaille-de-bronze\/215699\/"]}]},{"@type":"ImageObject","inLanguage":"fr-FR","@id":"https:\/\/www.webdo.tn\/fr\/actualite\/sport\/jo-2024-taekwondo-khalil-jendoubi-en-lice-pour-la-medaille-de-bronze\/215699\/#primaryimage","url":"https:\/\/www.webdo.tn\/fr\/wp-content\/uploads\/2024\/08\/00344894a96f4b5da8afc41301e40e1a.webp","contentUrl":"https:\/\/www.webdo.tn\/fr\/wp-content\/uploads\/2024\/08\/00344894a96f4b5da8afc41301e40e1a.webp","width":750,"height":400,"caption":"JO 2024 - Taekwondo : Khalil Jendoubi en lice pour la m\u00e9daille de bronze"},{"@type":"BreadcrumbList","@id":"https:\/\/www.webdo.tn\/fr\/actualite\/sport\/jo-2024-taekwondo-khalil-jendoubi-en-lice-pour-la-medaille-de-bronze\/215699\/#breadcrumb","itemListElement":[{"@type":"ListItem","position":1,"name":"Accueil","item":"https:\/\/www.webdo.tn\/fr\/"},{"@type":"ListItem","position":2,"name":"JO 2024 &#8211; Taekwondo : Khalil Jendoubi en lice pour la m\u00e9daille de bronze"}]},{"@type":"WebSite","@id":"https:\/\/www.webdo.tn\/fr\/#website","url":"https:\/\/www.webdo.tn\/fr\/","name":"webdo","description":"Tunisie - News en Tunisie et \u00e0 l&#039;international sur Webdo.tn","publisher":{"@id":"https:\/\/www.webdo.tn\/fr\/#organization"},"potentialAction":[{"@type":"SearchAction","target":{"@type":"EntryPoint","urlTemplate":"https:\/\/www.webdo.tn\/fr\/?s={search_term_string}"},"query-input":{"@type":"PropertyValueSpecification","valueRequired":true,"valueName":"search_term_string"}}],"inLanguage":"fr-FR"},{"@type":"Organization","@id":"https:\/\/www.webdo.tn\/fr\/#organization","name":"Webdo","alternateName":"Webdo.tn","url":"https:\/\/www.webdo.tn\/fr\/","logo":{"@type":"ImageObject","inLanguage":"fr-FR","@id":"https:\/\/www.webdo.tn\/fr\/#\/schema\/logo\/image\/","url":"https:\/\/www.webdo.tn\/fr\/wp-content\/uploads\/2025\/06\/Webdo-Tunisie_168377.jpg","contentUrl":"https:\/\/www.webdo.tn\/fr\/wp-content\/uploads\/2025\/06\/Webdo-Tunisie_168377.jpg","width":301,"height":301,"caption":"Webdo"},"image":{"@id":"https:\/\/www.webdo.tn\/fr\/#\/schema\/logo\/image\/"},"sameAs":["https:\/\/www.facebook.com\/webdotn","https:\/\/x.com\/webdo_tn"],"description":"Webdo est un m\u00e9dia num\u00e9rique tunisien fond\u00e9 en 2010, sp\u00e9cialis\u00e9 dans l\u2019actualit\u00e9 nationale et internationale, l\u2019\u00e9conomie, la soci\u00e9t\u00e9 et les analyses politiques. Le site s\u2019adresse \u00e0 un large public francophone et couvre l\u2019information tunisienne en temps r\u00e9el.","email":"redac@webdo.tn","legalName":"YNJ SARL","foundingDate":"2010-09-06","numberOfEmployees":{"@type":"QuantitativeValue","minValue":"11","maxValue":"50"}},{"@type":"Person","@id":"https:\/\/www.webdo.tn\/fr\/#\/schema\/person\/b8a41c04d93287d375510db360906b34","name":"AZ","image":{"@type":"ImageObject","inLanguage":"fr-FR","@id":"https:\/\/secure.gravatar.com\/avatar\/492b80bada79439de4201dce15cd41eece6c277cfdf1b53382073c79105c1f89?s=96&d=mm&r=g","url":"https:\/\/secure.gravatar.com\/avatar\/492b80bada79439de4201dce15cd41eece6c277cfdf1b53382073c79105c1f89?s=96&d=mm&r=g","contentUrl":"https:\/\/secure.gravatar.com\/avatar\/492b80bada79439de4201dce15cd41eece6c277cfdf1b53382073c79105c1f89?s=96&d=mm&r=g","caption":"AZ"},"url":"https:\/\/www.webdo.tn\/fr\/actualite\/author\/az\/"}]}},"_links":{"self":[{"href":"https:\/\/www.webdo.tn\/fr\/wp-json\/wp\/v2\/posts\/215699","targetHints":{"allow":["GET"]}}],"collection":[{"href":"https:\/\/www.webdo.tn\/fr\/wp-json\/wp\/v2\/posts"}],"about":[{"href":"https:\/\/www.webdo.tn\/fr\/wp-json\/wp\/v2\/types\/post"}],"author":[{"embeddable":true,"href":"https:\/\/www.webdo.tn\/fr\/wp-json\/wp\/v2\/users\/3166"}],"replies":[{"embeddable":true,"href":"https:\/\/www.webdo.tn\/fr\/wp-json\/wp\/v2\/comments?post=215699"}],"version-history":[{"count":0,"href":"https:\/\/www.webdo.tn\/fr\/wp-json\/wp\/v2\/posts\/215699\/revisions"}],"wp:featuredmedia":[{"embeddable":true,"href":"https:\/\/www.webdo.tn\/fr\/wp-json\/wp\/v2\/media\/290919"}],"wp:attachment":[{"href":"https:\/\/www.webdo.tn\/fr\/wp-json\/wp\/v2\/media?parent=215699"}],"wp:term":[{"taxonomy":"category","embeddable":true,"href":"https:\/\/www.webdo.tn\/fr\/wp-json\/wp\/v2\/categories?post=215699"},{"taxonomy":"post_tag","embeddable":true,"href":"https:\/\/www.webdo.tn\/fr\/wp-json\/wp\/v2\/tags?post=215699"}],"curies":[{"name":"wp","href":"https:\/\/api.w.org\/{rel}","templated":true}]}}