{"id":215698,"date":"2024-08-07T16:06:00","date_gmt":"2024-08-07T16:06:00","guid":{"rendered":"https:\/\/www.webdo.tn\/fr\/blog\/presidentielle-2024-k2rhym-vise-par-une-enquete-judiciaire\/215698\/"},"modified":"2025-05-21T09:06:26","modified_gmt":"2025-05-21T09:06:26","slug":"presidentielle-2024-k2rhym-vise-par-une-enquete-judiciaire","status":"publish","type":"post","link":"https:\/\/www.webdo.tn\/fr\/actualite\/national\/presidentielle-2024-k2rhym-vise-par-une-enquete-judiciaire\/215698\/","title":{"rendered":"Pr\u00e9sidentielle 2024 : K2rhym vis\u00e9 par une enqu\u00eate judiciaire"},"content":{"rendered":"<p>Le rappeur tunisien Karim Gharbi, plus connu sous son nom de sc\u00e8ne K2rhym, fait l&rsquo;objet d&rsquo;une enqu\u00eate judiciaire pour des accusations de corruption \u00e9lectorale.<\/p>\n<p>\t\t\t\t\t\t\t\t\tSelon des sources judiciaires, une enqu\u00eate a \u00e9t\u00e9 ouverte avant-hier lundi 5 ao\u00fbt, \u00e0 la demande du repr\u00e9sentant du minist\u00e8re public du tribunal de premi\u00e8re instance de Jendouba. Cette proc\u00e9dure s&rsquo;inscrit dans le cadre de l&rsquo;article 161 (nouveau) de la loi n\u00b0 16 de 2014 sur les \u00e9lections et les r\u00e9f\u00e9rendums.<\/p>\n<p>Les accusations portent sur la distribution de dons en esp\u00e8ces ou en nature dans le but d&rsquo;influencer les \u00e9lecteurs ou d&rsquo;inciter ces derniers \u00e0 s&rsquo;abstenir de voter. Cette enqu\u00eate fait suite aux investigations men\u00e9es en juillet dernier contre quatre femmes accus\u00e9es des m\u00eames faits. Ces derni\u00e8res ont \u00e9t\u00e9 condamn\u00e9es mercredi dernier \u00e0 des peines de prison allant de deux \u00e0 quatre ans, avec ex\u00e9cution imm\u00e9diate, et \u00e0 une interdiction de leurs droits \u00e9lectoraux pour une dur\u00e9e de dix ans. L&rsquo;une des condamn\u00e9es est actuellement en cavale.<\/p>\n<p>Le porte-parole du tribunal de premi\u00e8re instance de Jendouba, Alaeddine Aouadi, a pr\u00e9cis\u00e9 que ces femmes avaient \u00e9t\u00e9 accus\u00e9es de recueillir des signatures contre r\u00e9mun\u00e9ration en faveur de la candidature de K2rhym \u00e0 l&rsquo;\u00e9lection pr\u00e9sidentielle.<\/p>\n","protected":false},"excerpt":{"rendered":"<p>Le rappeur tunisien K2rhym, de son vrai nom Karim Gharbi, fait face \u00e0 une enqu\u00eate judiciaire pour corruption \u00e9lectorale. D\u00e9couvrez les d\u00e9tails de l&rsquo;accusation e&#8230;<\/p>\n","protected":false},"author":3166,"featured_media":290920,"comment_status":"open","ping_status":"closed","sticky":false,"template":"","format":"standard","meta":{"footnotes":""},"categories":[44],"tags":[3202,2619,6108,5503,2608],"class_list":["post-215698","post","type-post","status-publish","format-standard","has-post-thumbnail","hentry","category-national","tag-enquete","tag-justice","tag-k2rhym","tag-presidentielle","tag-tunisie"],"yoast_head":"<!-- This site is optimized with the Yoast SEO Premium plugin v27.5 (Yoast SEO v27.5) - https:\/\/yoast.com\/product\/yoast-seo-premium-wordpress\/ -->\n<title>Pr\u00e9sidentielle 2024 : K2rhym vis\u00e9 par une enqu\u00eate judiciaire<\/title>\n<meta name=\"description\" content=\"Le rappeur tunisien K2rhym, de son vrai nom Karim Gharbi, fait face \u00e0 une enqu\u00eate judiciaire pour corruption \u00e9lectorale. D\u00e9couvrez les d\u00e9tails de l&#039;accusation e...\" \/>\n<link rel=\"canonical\" href=\"https:\/\/www.webdo.tn\/fr\/actualite\/national\/presidentielle-2024-k2rhym-vise-par-une-enquete-judiciaire\/215698\/\" \/>\n<meta property=\"og:locale\" content=\"fr_FR\" \/>\n<meta property=\"og:type\" content=\"article\" \/>\n<meta property=\"og:title\" content=\"Pr\u00e9sidentielle 2024 : K2rhym vis\u00e9 par une enqu\u00eate judiciaire\" \/>\n<meta property=\"og:description\" content=\"Le rappeur tunisien K2rhym, de son vrai nom Karim Gharbi, fait face \u00e0 une enqu\u00eate judiciaire pour corruption \u00e9lectorale. D\u00e9couvrez les d\u00e9tails de l&#039;accusation e...\" \/>\n<meta property=\"og:url\" content=\"https:\/\/www.webdo.tn\/fr\/actualite\/national\/presidentielle-2024-k2rhym-vise-par-une-enquete-judiciaire\/215698\/\" \/>\n<meta property=\"og:site_name\" content=\"webdo\" \/>\n<meta property=\"article:publisher\" content=\"https:\/\/www.facebook.com\/webdotn\" \/>\n<meta property=\"article:published_time\" content=\"2024-08-07T16:06:00+00:00\" \/>\n<meta property=\"article:modified_time\" content=\"2025-05-21T09:06:26+00:00\" \/>\n<meta property=\"og:image\" content=\"https:\/\/www.webdo.tn\/fr\/wp-content\/uploads\/2024\/08\/393ff6703c3eed1e1195740619ee0109.webp\" \/>\n\t<meta property=\"og:image:width\" content=\"750\" \/>\n\t<meta property=\"og:image:height\" content=\"400\" \/>\n\t<meta property=\"og:image:type\" content=\"image\/webp\" \/>\n<meta name=\"author\" content=\"AZ\" \/>\n<meta name=\"twitter:card\" content=\"summary_large_image\" \/>\n<meta name=\"twitter:creator\" content=\"@webdo_tn\" \/>\n<meta name=\"twitter:site\" content=\"@webdo_tn\" \/>\n<meta name=\"twitter:label1\" content=\"\u00c9crit par\" \/>\n\t<meta name=\"twitter:data1\" content=\"AZ\" \/>\n\t<meta name=\"twitter:label2\" content=\"Dur\u00e9e de lecture estim\u00e9e\" \/>\n\t<meta name=\"twitter:data2\" content=\"1 minute\" \/>\n<script type=\"application\/ld+json\" class=\"yoast-schema-graph\">{\"@context\":\"https:\\\/\\\/schema.org\",\"@graph\":[{\"@type\":\"NewsArticle\",\"@id\":\"https:\\\/\\\/www.webdo.tn\\\/fr\\\/actualite\\\/national\\\/presidentielle-2024-k2rhym-vise-par-une-enquete-judiciaire\\\/215698\\\/#article\",\"isPartOf\":{\"@id\":\"https:\\\/\\\/www.webdo.tn\\\/fr\\\/actualite\\\/national\\\/presidentielle-2024-k2rhym-vise-par-une-enquete-judiciaire\\\/215698\\\/\"},\"author\":{\"name\":\"AZ\",\"@id\":\"https:\\\/\\\/www.webdo.tn\\\/fr\\\/#\\\/schema\\\/person\\\/b8a41c04d93287d375510db360906b34\"},\"headline\":\"Pr\u00e9sidentielle 2024 : K2rhym vis\u00e9 par une enqu\u00eate judiciaire\",\"datePublished\":\"2024-08-07T16:06:00+00:00\",\"dateModified\":\"2025-05-21T09:06:26+00:00\",\"mainEntityOfPage\":{\"@id\":\"https:\\\/\\\/www.webdo.tn\\\/fr\\\/actualite\\\/national\\\/presidentielle-2024-k2rhym-vise-par-une-enquete-judiciaire\\\/215698\\\/\"},\"wordCount\":234,\"commentCount\":0,\"publisher\":{\"@id\":\"https:\\\/\\\/www.webdo.tn\\\/fr\\\/#organization\"},\"image\":{\"@id\":\"https:\\\/\\\/www.webdo.tn\\\/fr\\\/actualite\\\/national\\\/presidentielle-2024-k2rhym-vise-par-une-enquete-judiciaire\\\/215698\\\/#primaryimage\"},\"thumbnailUrl\":\"https:\\\/\\\/www.webdo.tn\\\/fr\\\/wp-content\\\/uploads\\\/2024\\\/08\\\/393ff6703c3eed1e1195740619ee0109.webp\",\"keywords\":[\"Enqu\u00eate\",\"justice\",\"k2rhym\",\"pr\u00e9sidentielle\",\"Tunisie\"],\"articleSection\":[\"National\"],\"inLanguage\":\"fr-FR\"},{\"@type\":\"WebPage\",\"@id\":\"https:\\\/\\\/www.webdo.tn\\\/fr\\\/actualite\\\/national\\\/presidentielle-2024-k2rhym-vise-par-une-enquete-judiciaire\\\/215698\\\/\",\"url\":\"https:\\\/\\\/www.webdo.tn\\\/fr\\\/actualite\\\/national\\\/presidentielle-2024-k2rhym-vise-par-une-enquete-judiciaire\\\/215698\\\/\",\"name\":\"Pr\u00e9sidentielle 2024 : K2rhym vis\u00e9 par une enqu\u00eate judiciaire\",\"isPartOf\":{\"@id\":\"https:\\\/\\\/www.webdo.tn\\\/fr\\\/#website\"},\"primaryImageOfPage\":{\"@id\":\"https:\\\/\\\/www.webdo.tn\\\/fr\\\/actualite\\\/national\\\/presidentielle-2024-k2rhym-vise-par-une-enquete-judiciaire\\\/215698\\\/#primaryimage\"},\"image\":{\"@id\":\"https:\\\/\\\/www.webdo.tn\\\/fr\\\/actualite\\\/national\\\/presidentielle-2024-k2rhym-vise-par-une-enquete-judiciaire\\\/215698\\\/#primaryimage\"},\"thumbnailUrl\":\"https:\\\/\\\/www.webdo.tn\\\/fr\\\/wp-content\\\/uploads\\\/2024\\\/08\\\/393ff6703c3eed1e1195740619ee0109.webp\",\"datePublished\":\"2024-08-07T16:06:00+00:00\",\"dateModified\":\"2025-05-21T09:06:26+00:00\",\"description\":\"Le rappeur tunisien K2rhym, de son vrai nom Karim Gharbi, fait face \u00e0 une enqu\u00eate judiciaire pour corruption \u00e9lectorale. D\u00e9couvrez les d\u00e9tails de l'accusation e...\",\"breadcrumb\":{\"@id\":\"https:\\\/\\\/www.webdo.tn\\\/fr\\\/actualite\\\/national\\\/presidentielle-2024-k2rhym-vise-par-une-enquete-judiciaire\\\/215698\\\/#breadcrumb\"},\"inLanguage\":\"fr-FR\",\"potentialAction\":[{\"@type\":\"ReadAction\",\"target\":[\"https:\\\/\\\/www.webdo.tn\\\/fr\\\/actualite\\\/national\\\/presidentielle-2024-k2rhym-vise-par-une-enquete-judiciaire\\\/215698\\\/\"]}]},{\"@type\":\"ImageObject\",\"inLanguage\":\"fr-FR\",\"@id\":\"https:\\\/\\\/www.webdo.tn\\\/fr\\\/actualite\\\/national\\\/presidentielle-2024-k2rhym-vise-par-une-enquete-judiciaire\\\/215698\\\/#primaryimage\",\"url\":\"https:\\\/\\\/www.webdo.tn\\\/fr\\\/wp-content\\\/uploads\\\/2024\\\/08\\\/393ff6703c3eed1e1195740619ee0109.webp\",\"contentUrl\":\"https:\\\/\\\/www.webdo.tn\\\/fr\\\/wp-content\\\/uploads\\\/2024\\\/08\\\/393ff6703c3eed1e1195740619ee0109.webp\",\"width\":750,\"height\":400,\"caption\":\"Pr\u00e9sidentielle 2024 : K2rhym vis\u00e9 par une enqu\u00eate judiciaire\"},{\"@type\":\"BreadcrumbList\",\"@id\":\"https:\\\/\\\/www.webdo.tn\\\/fr\\\/actualite\\\/national\\\/presidentielle-2024-k2rhym-vise-par-une-enquete-judiciaire\\\/215698\\\/#breadcrumb\",\"itemListElement\":[{\"@type\":\"ListItem\",\"position\":1,\"name\":\"Accueil\",\"item\":\"https:\\\/\\\/www.webdo.tn\\\/fr\\\/\"},{\"@type\":\"ListItem\",\"position\":2,\"name\":\"Pr\u00e9sidentielle 2024 : K2rhym vis\u00e9 par une enqu\u00eate judiciaire\"}]},{\"@type\":\"WebSite\",\"@id\":\"https:\\\/\\\/www.webdo.tn\\\/fr\\\/#website\",\"url\":\"https:\\\/\\\/www.webdo.tn\\\/fr\\\/\",\"name\":\"webdo\",\"description\":\"Tunisie - News en Tunisie et \u00e0 l&#039;international sur Webdo.tn\",\"publisher\":{\"@id\":\"https:\\\/\\\/www.webdo.tn\\\/fr\\\/#organization\"},\"potentialAction\":[{\"@type\":\"SearchAction\",\"target\":{\"@type\":\"EntryPoint\",\"urlTemplate\":\"https:\\\/\\\/www.webdo.tn\\\/fr\\\/?s={search_term_string}\"},\"query-input\":{\"@type\":\"PropertyValueSpecification\",\"valueRequired\":true,\"valueName\":\"search_term_string\"}}],\"inLanguage\":\"fr-FR\"},{\"@type\":\"Organization\",\"@id\":\"https:\\\/\\\/www.webdo.tn\\\/fr\\\/#organization\",\"name\":\"Webdo\",\"alternateName\":\"Webdo.tn\",\"url\":\"https:\\\/\\\/www.webdo.tn\\\/fr\\\/\",\"logo\":{\"@type\":\"ImageObject\",\"inLanguage\":\"fr-FR\",\"@id\":\"https:\\\/\\\/www.webdo.tn\\\/fr\\\/#\\\/schema\\\/logo\\\/image\\\/\",\"url\":\"https:\\\/\\\/www.webdo.tn\\\/fr\\\/wp-content\\\/uploads\\\/2025\\\/06\\\/Webdo-Tunisie_168377.jpg\",\"contentUrl\":\"https:\\\/\\\/www.webdo.tn\\\/fr\\\/wp-content\\\/uploads\\\/2025\\\/06\\\/Webdo-Tunisie_168377.jpg\",\"width\":301,\"height\":301,\"caption\":\"Webdo\"},\"image\":{\"@id\":\"https:\\\/\\\/www.webdo.tn\\\/fr\\\/#\\\/schema\\\/logo\\\/image\\\/\"},\"sameAs\":[\"https:\\\/\\\/www.facebook.com\\\/webdotn\",\"https:\\\/\\\/x.com\\\/webdo_tn\"],\"description\":\"Webdo est un m\u00e9dia num\u00e9rique tunisien fond\u00e9 en 2010, sp\u00e9cialis\u00e9 dans l\u2019actualit\u00e9 nationale et internationale, l\u2019\u00e9conomie, la soci\u00e9t\u00e9 et les analyses politiques. Le site s\u2019adresse \u00e0 un large public francophone et couvre l\u2019information tunisienne en temps r\u00e9el.\",\"email\":\"redac@webdo.tn\",\"legalName\":\"YNJ SARL\",\"foundingDate\":\"2010-09-06\",\"numberOfEmployees\":{\"@type\":\"QuantitativeValue\",\"minValue\":\"11\",\"maxValue\":\"50\"}},{\"@type\":\"Person\",\"@id\":\"https:\\\/\\\/www.webdo.tn\\\/fr\\\/#\\\/schema\\\/person\\\/b8a41c04d93287d375510db360906b34\",\"name\":\"AZ\",\"image\":{\"@type\":\"ImageObject\",\"inLanguage\":\"fr-FR\",\"@id\":\"https:\\\/\\\/secure.gravatar.com\\\/avatar\\\/492b80bada79439de4201dce15cd41eece6c277cfdf1b53382073c79105c1f89?s=96&d=mm&r=g\",\"url\":\"https:\\\/\\\/secure.gravatar.com\\\/avatar\\\/492b80bada79439de4201dce15cd41eece6c277cfdf1b53382073c79105c1f89?s=96&d=mm&r=g\",\"contentUrl\":\"https:\\\/\\\/secure.gravatar.com\\\/avatar\\\/492b80bada79439de4201dce15cd41eece6c277cfdf1b53382073c79105c1f89?s=96&d=mm&r=g\",\"caption\":\"AZ\"},\"url\":\"https:\\\/\\\/www.webdo.tn\\\/fr\\\/actualite\\\/author\\\/az\\\/\"}]}<\/script>\n<!-- \/ Yoast SEO Premium plugin. -->","yoast_head_json":{"title":"Pr\u00e9sidentielle 2024 : K2rhym vis\u00e9 par une enqu\u00eate judiciaire","description":"Le rappeur tunisien K2rhym, de son vrai nom Karim Gharbi, fait face \u00e0 une enqu\u00eate judiciaire pour corruption \u00e9lectorale. D\u00e9couvrez les d\u00e9tails de l'accusation e...","canonical":"https:\/\/www.webdo.tn\/fr\/actualite\/national\/presidentielle-2024-k2rhym-vise-par-une-enquete-judiciaire\/215698\/","og_locale":"fr_FR","og_type":"article","og_title":"Pr\u00e9sidentielle 2024 : K2rhym vis\u00e9 par une enqu\u00eate judiciaire","og_description":"Le rappeur tunisien K2rhym, de son vrai nom Karim Gharbi, fait face \u00e0 une enqu\u00eate judiciaire pour corruption \u00e9lectorale. D\u00e9couvrez les d\u00e9tails de l'accusation e...","og_url":"https:\/\/www.webdo.tn\/fr\/actualite\/national\/presidentielle-2024-k2rhym-vise-par-une-enquete-judiciaire\/215698\/","og_site_name":"webdo","article_publisher":"https:\/\/www.facebook.com\/webdotn","article_published_time":"2024-08-07T16:06:00+00:00","article_modified_time":"2025-05-21T09:06:26+00:00","og_image":[{"width":750,"height":400,"url":"https:\/\/www.webdo.tn\/fr\/wp-content\/uploads\/2024\/08\/393ff6703c3eed1e1195740619ee0109.webp","type":"image\/webp"}],"author":"AZ","twitter_card":"summary_large_image","twitter_creator":"@webdo_tn","twitter_site":"@webdo_tn","twitter_misc":{"\u00c9crit par":"AZ","Dur\u00e9e de lecture estim\u00e9e":"1 minute"},"schema":{"@context":"https:\/\/schema.org","@graph":[{"@type":"NewsArticle","@id":"https:\/\/www.webdo.tn\/fr\/actualite\/national\/presidentielle-2024-k2rhym-vise-par-une-enquete-judiciaire\/215698\/#article","isPartOf":{"@id":"https:\/\/www.webdo.tn\/fr\/actualite\/national\/presidentielle-2024-k2rhym-vise-par-une-enquete-judiciaire\/215698\/"},"author":{"name":"AZ","@id":"https:\/\/www.webdo.tn\/fr\/#\/schema\/person\/b8a41c04d93287d375510db360906b34"},"headline":"Pr\u00e9sidentielle 2024 : K2rhym vis\u00e9 par une enqu\u00eate judiciaire","datePublished":"2024-08-07T16:06:00+00:00","dateModified":"2025-05-21T09:06:26+00:00","mainEntityOfPage":{"@id":"https:\/\/www.webdo.tn\/fr\/actualite\/national\/presidentielle-2024-k2rhym-vise-par-une-enquete-judiciaire\/215698\/"},"wordCount":234,"commentCount":0,"publisher":{"@id":"https:\/\/www.webdo.tn\/fr\/#organization"},"image":{"@id":"https:\/\/www.webdo.tn\/fr\/actualite\/national\/presidentielle-2024-k2rhym-vise-par-une-enquete-judiciaire\/215698\/#primaryimage"},"thumbnailUrl":"https:\/\/www.webdo.tn\/fr\/wp-content\/uploads\/2024\/08\/393ff6703c3eed1e1195740619ee0109.webp","keywords":["Enqu\u00eate","justice","k2rhym","pr\u00e9sidentielle","Tunisie"],"articleSection":["National"],"inLanguage":"fr-FR"},{"@type":"WebPage","@id":"https:\/\/www.webdo.tn\/fr\/actualite\/national\/presidentielle-2024-k2rhym-vise-par-une-enquete-judiciaire\/215698\/","url":"https:\/\/www.webdo.tn\/fr\/actualite\/national\/presidentielle-2024-k2rhym-vise-par-une-enquete-judiciaire\/215698\/","name":"Pr\u00e9sidentielle 2024 : K2rhym vis\u00e9 par une enqu\u00eate judiciaire","isPartOf":{"@id":"https:\/\/www.webdo.tn\/fr\/#website"},"primaryImageOfPage":{"@id":"https:\/\/www.webdo.tn\/fr\/actualite\/national\/presidentielle-2024-k2rhym-vise-par-une-enquete-judiciaire\/215698\/#primaryimage"},"image":{"@id":"https:\/\/www.webdo.tn\/fr\/actualite\/national\/presidentielle-2024-k2rhym-vise-par-une-enquete-judiciaire\/215698\/#primaryimage"},"thumbnailUrl":"https:\/\/www.webdo.tn\/fr\/wp-content\/uploads\/2024\/08\/393ff6703c3eed1e1195740619ee0109.webp","datePublished":"2024-08-07T16:06:00+00:00","dateModified":"2025-05-21T09:06:26+00:00","description":"Le rappeur tunisien K2rhym, de son vrai nom Karim Gharbi, fait face \u00e0 une enqu\u00eate judiciaire pour corruption \u00e9lectorale. D\u00e9couvrez les d\u00e9tails de l'accusation e...","breadcrumb":{"@id":"https:\/\/www.webdo.tn\/fr\/actualite\/national\/presidentielle-2024-k2rhym-vise-par-une-enquete-judiciaire\/215698\/#breadcrumb"},"inLanguage":"fr-FR","potentialAction":[{"@type":"ReadAction","target":["https:\/\/www.webdo.tn\/fr\/actualite\/national\/presidentielle-2024-k2rhym-vise-par-une-enquete-judiciaire\/215698\/"]}]},{"@type":"ImageObject","inLanguage":"fr-FR","@id":"https:\/\/www.webdo.tn\/fr\/actualite\/national\/presidentielle-2024-k2rhym-vise-par-une-enquete-judiciaire\/215698\/#primaryimage","url":"https:\/\/www.webdo.tn\/fr\/wp-content\/uploads\/2024\/08\/393ff6703c3eed1e1195740619ee0109.webp","contentUrl":"https:\/\/www.webdo.tn\/fr\/wp-content\/uploads\/2024\/08\/393ff6703c3eed1e1195740619ee0109.webp","width":750,"height":400,"caption":"Pr\u00e9sidentielle 2024 : K2rhym vis\u00e9 par une enqu\u00eate judiciaire"},{"@type":"BreadcrumbList","@id":"https:\/\/www.webdo.tn\/fr\/actualite\/national\/presidentielle-2024-k2rhym-vise-par-une-enquete-judiciaire\/215698\/#breadcrumb","itemListElement":[{"@type":"ListItem","position":1,"name":"Accueil","item":"https:\/\/www.webdo.tn\/fr\/"},{"@type":"ListItem","position":2,"name":"Pr\u00e9sidentielle 2024 : K2rhym vis\u00e9 par une enqu\u00eate judiciaire"}]},{"@type":"WebSite","@id":"https:\/\/www.webdo.tn\/fr\/#website","url":"https:\/\/www.webdo.tn\/fr\/","name":"webdo","description":"Tunisie - News en Tunisie et \u00e0 l&#039;international sur Webdo.tn","publisher":{"@id":"https:\/\/www.webdo.tn\/fr\/#organization"},"potentialAction":[{"@type":"SearchAction","target":{"@type":"EntryPoint","urlTemplate":"https:\/\/www.webdo.tn\/fr\/?s={search_term_string}"},"query-input":{"@type":"PropertyValueSpecification","valueRequired":true,"valueName":"search_term_string"}}],"inLanguage":"fr-FR"},{"@type":"Organization","@id":"https:\/\/www.webdo.tn\/fr\/#organization","name":"Webdo","alternateName":"Webdo.tn","url":"https:\/\/www.webdo.tn\/fr\/","logo":{"@type":"ImageObject","inLanguage":"fr-FR","@id":"https:\/\/www.webdo.tn\/fr\/#\/schema\/logo\/image\/","url":"https:\/\/www.webdo.tn\/fr\/wp-content\/uploads\/2025\/06\/Webdo-Tunisie_168377.jpg","contentUrl":"https:\/\/www.webdo.tn\/fr\/wp-content\/uploads\/2025\/06\/Webdo-Tunisie_168377.jpg","width":301,"height":301,"caption":"Webdo"},"image":{"@id":"https:\/\/www.webdo.tn\/fr\/#\/schema\/logo\/image\/"},"sameAs":["https:\/\/www.facebook.com\/webdotn","https:\/\/x.com\/webdo_tn"],"description":"Webdo est un m\u00e9dia num\u00e9rique tunisien fond\u00e9 en 2010, sp\u00e9cialis\u00e9 dans l\u2019actualit\u00e9 nationale et internationale, l\u2019\u00e9conomie, la soci\u00e9t\u00e9 et les analyses politiques. Le site s\u2019adresse \u00e0 un large public francophone et couvre l\u2019information tunisienne en temps r\u00e9el.","email":"redac@webdo.tn","legalName":"YNJ SARL","foundingDate":"2010-09-06","numberOfEmployees":{"@type":"QuantitativeValue","minValue":"11","maxValue":"50"}},{"@type":"Person","@id":"https:\/\/www.webdo.tn\/fr\/#\/schema\/person\/b8a41c04d93287d375510db360906b34","name":"AZ","image":{"@type":"ImageObject","inLanguage":"fr-FR","@id":"https:\/\/secure.gravatar.com\/avatar\/492b80bada79439de4201dce15cd41eece6c277cfdf1b53382073c79105c1f89?s=96&d=mm&r=g","url":"https:\/\/secure.gravatar.com\/avatar\/492b80bada79439de4201dce15cd41eece6c277cfdf1b53382073c79105c1f89?s=96&d=mm&r=g","contentUrl":"https:\/\/secure.gravatar.com\/avatar\/492b80bada79439de4201dce15cd41eece6c277cfdf1b53382073c79105c1f89?s=96&d=mm&r=g","caption":"AZ"},"url":"https:\/\/www.webdo.tn\/fr\/actualite\/author\/az\/"}]}},"_links":{"self":[{"href":"https:\/\/www.webdo.tn\/fr\/wp-json\/wp\/v2\/posts\/215698","targetHints":{"allow":["GET"]}}],"collection":[{"href":"https:\/\/www.webdo.tn\/fr\/wp-json\/wp\/v2\/posts"}],"about":[{"href":"https:\/\/www.webdo.tn\/fr\/wp-json\/wp\/v2\/types\/post"}],"author":[{"embeddable":true,"href":"https:\/\/www.webdo.tn\/fr\/wp-json\/wp\/v2\/users\/3166"}],"replies":[{"embeddable":true,"href":"https:\/\/www.webdo.tn\/fr\/wp-json\/wp\/v2\/comments?post=215698"}],"version-history":[{"count":0,"href":"https:\/\/www.webdo.tn\/fr\/wp-json\/wp\/v2\/posts\/215698\/revisions"}],"wp:featuredmedia":[{"embeddable":true,"href":"https:\/\/www.webdo.tn\/fr\/wp-json\/wp\/v2\/media\/290920"}],"wp:attachment":[{"href":"https:\/\/www.webdo.tn\/fr\/wp-json\/wp\/v2\/media?parent=215698"}],"wp:term":[{"taxonomy":"category","embeddable":true,"href":"https:\/\/www.webdo.tn\/fr\/wp-json\/wp\/v2\/categories?post=215698"},{"taxonomy":"post_tag","embeddable":true,"href":"https:\/\/www.webdo.tn\/fr\/wp-json\/wp\/v2\/tags?post=215698"}],"curies":[{"name":"wp","href":"https:\/\/api.w.org\/{rel}","templated":true}]}}