{"id":215694,"date":"2024-08-07T11:56:00","date_gmt":"2024-08-07T11:56:00","guid":{"rendered":"https:\/\/www.webdo.tn\/fr\/blog\/a-la-goulette-dans-les-rues-de-la-petite-sicile\/215694\/"},"modified":"2025-05-21T09:10:04","modified_gmt":"2025-05-21T09:10:04","slug":"a-la-goulette-dans-les-rues-de-la-petite-sicile","status":"publish","type":"post","link":"https:\/\/www.webdo.tn\/fr\/actualite\/chroniques\/a-la-goulette-dans-les-rues-de-la-petite-sicile\/215694\/","title":{"rendered":"\u00c0 la Goulette, dans les rues de la Petite Sicile\u00a0"},"content":{"rendered":"<p>Promenade nostalgique dans le quartier goulettois de la Petite Sicile \u00e0 la recherche de traces parfois infimes, de ruines urbaines et d&rsquo;immeubles neufs, autour d&rsquo;une \u00e9glise, derri\u00e8re des remparts et le long d&rsquo;un canal aujourd&rsquo;hui disparu.\u00a0<\/p>\n<p>\t\t\t\t\t\t\t\t\tEn traversant le quartier goulettois de la Petite Sicile, je marche parmi les ombres, dans une pr\u00e9sence invisible d\u00e9sormais. Envo\u00fbt\u00e9 par les si\u00e8cles ant\u00e9rieurs, je vois arriver des contingents de Siciliens qui d\u00e9barquaient en terre africaine, gonfl\u00e9s d&rsquo;espoir apr\u00e8s la travers\u00e9e.\u00a0<\/p>\n<p>Ils \u00e9taient ma\u00e7ons, mineurs, paysans, parfois des familles enti\u00e8res qui r\u00eavaient d&rsquo;un nouveau d\u00e9part. Certains iront travailler sur les chantiers et dans les campagnes. Ces derniers d\u00e9fricheront les riches terres du nord et y vivront parfois pour plus d&rsquo;un si\u00e8cle.\u00a0<\/p>\n<p>D&rsquo;autres resteront \u00e0 la Goulette et construiront le quartier de la Petite Sicile autour de l&rsquo;\u00e9glise, derri\u00e8re les remparts, le long du canal. Aujourd&rsquo;hui, la muraille s&rsquo;est effrit\u00e9e et le canal a \u00e9t\u00e9 combl\u00e9 : les rues semblent vides, jalonn\u00e9es d&rsquo;immeubles fan\u00e9s. Certaines b\u00e2tisses tiennent \u00e0 peine debout. Elles sont bord\u00e9es de terrains vagues qui attendent des immeubles neufs.\u00a0<\/p>\n<p>Parfois, une nostalgie tenace rena\u00eet face aux portes repeintes en bleu ou devant les jacarandas qui donnent de l&rsquo;ombre aux maisons vides et aux ruines urbaines. Sous le soleil de juin, assoupie, la Petite Sicile attend comme une belle au bois dormant. Ici et l\u00e0, quelques travailleurs s&rsquo;affairent, refaisant les m\u00eames gestes que ceux qui les ont pr\u00e9c\u00e9d\u00e9s il y a un si\u00e8cle.\u00a0<\/p>\n<p>Dans l&rsquo;\u00e9glise presque bicentenaire, la statue de la madone de Trapani r\u00eave \u00e0 la procession du mois d&rsquo;ao\u00fbt. Peut-\u00eatre les p\u00eacheurs pensent-ils qu&rsquo;elle viendra b\u00e9nir la mer nourrici\u00e8re et leurs embarcations ?\u00a0<\/p>\n<p>Je chemine presque seul dans les rues silencieuses. Mais j&rsquo;entends la m\u00eame rumeur, mille voix qui s&rsquo;interpellent en sicilien et en arabe, des marteaux qui heurtent des enclumes, des chariots qu&rsquo;on d\u00e9charge, des enfants qui jouent, la vie \u00e9clabouss\u00e9e par la joie, le labeur, le soleil.\u00a0<\/p>\n<p>Je continue \u00e0 marcher. Comme si j&rsquo;avan\u00e7ais dans un village qui n&rsquo;est visible qu&rsquo;\u00e0 mes yeux. Cette impression m&rsquo;habite parfois lorsque \u00e0 Dougga ou Carthage, je recr\u00e9e mentalement le quotidien des habitants \u00e9vanouis. Ne suis-je pas apr\u00e8s tout dans une cit\u00e9 qui fut latine ? Je regarde les couleurs ocres de certains murs, la d\u00e9coration des balcons, ce qui reste de la beaut\u00e9 fra\u00eeche qui s&rsquo;est etiol\u00e9e.<\/p>\n<p>Tout en caressant les fa\u00e7ades du regard, je n&rsquo;ai d&rsquo;yeux que pour les injures du temps et r\u00eave de les conjurer en psalmodiant des noms, en invoquant le souvenir, r\u00e9incarn\u00e9 dans un quartier d\u00e9charn\u00e9.<\/p>\n","protected":false},"excerpt":{"rendered":"<p>Promenade nostalgique dans le quartier goulettois de la Petite Sicile, \u00e0 la recherche de traces du pass\u00e9, entre ruines urbaines et immeubles neufs, autour d&rsquo;une&#8230;<\/p>\n","protected":false},"author":3169,"featured_media":246840,"comment_status":"open","ping_status":"closed","sticky":false,"template":"","format":"standard","meta":{"footnotes":""},"categories":[2596],"tags":[5987,4759,5984,5983,5985,5986],"class_list":["post-215694","post","type-post","status-publish","format-standard","has-post-thumbnail","hentry","category-chroniques","tag-architecture-ancienne","tag-eglise","tag-goulette","tag-petite-sicile","tag-promenade-nostalgique","tag-ruines-urbaines"],"yoast_head":"<!-- This site is optimized with the Yoast SEO Premium plugin v27.5 (Yoast SEO v27.5) - https:\/\/yoast.com\/product\/yoast-seo-premium-wordpress\/ -->\n<title>\u00c0 la Goulette, dans les rues de la Petite Sicile\u00a0<\/title>\n<meta name=\"description\" content=\"Promenade nostalgique dans le quartier goulettois de la Petite Sicile, \u00e0 la recherche de traces du pass\u00e9, entre ruines urbaines et immeubles neufs, autour d&#039;une...\" \/>\n<link rel=\"canonical\" href=\"https:\/\/www.webdo.tn\/fr\/actualite\/chroniques\/a-la-goulette-dans-les-rues-de-la-petite-sicile\/215694\/\" \/>\n<meta property=\"og:locale\" content=\"fr_FR\" \/>\n<meta property=\"og:type\" content=\"article\" \/>\n<meta property=\"og:title\" content=\"\u00c0 la Goulette, dans les rues de la Petite Sicile\u00a0\" \/>\n<meta property=\"og:description\" content=\"Promenade nostalgique dans le quartier goulettois de la Petite Sicile, \u00e0 la recherche de traces du pass\u00e9, entre ruines urbaines et immeubles neufs, autour d&#039;une...\" \/>\n<meta property=\"og:url\" content=\"https:\/\/www.webdo.tn\/fr\/actualite\/chroniques\/a-la-goulette-dans-les-rues-de-la-petite-sicile\/215694\/\" \/>\n<meta property=\"og:site_name\" content=\"webdo\" \/>\n<meta property=\"article:publisher\" content=\"https:\/\/www.facebook.com\/webdotn\" \/>\n<meta property=\"article:published_time\" content=\"2024-08-07T11:56:00+00:00\" \/>\n<meta property=\"article:modified_time\" content=\"2025-05-21T09:10:04+00:00\" \/>\n<meta property=\"og:image\" content=\"https:\/\/www.webdo.tn\/fr\/wp-content\/uploads\/2024\/08\/184fd967323e1dd429e93ae5255fbaa6.webp\" \/>\n\t<meta property=\"og:image:width\" content=\"750\" \/>\n\t<meta property=\"og:image:height\" content=\"400\" \/>\n\t<meta property=\"og:image:type\" content=\"image\/webp\" \/>\n<meta name=\"author\" content=\"Webdo\" \/>\n<meta name=\"twitter:card\" content=\"summary_large_image\" \/>\n<meta name=\"twitter:creator\" content=\"@webdo_tn\" \/>\n<meta name=\"twitter:site\" content=\"@webdo_tn\" \/>\n<meta name=\"twitter:label1\" content=\"\u00c9crit par\" \/>\n\t<meta name=\"twitter:data1\" content=\"Webdo\" \/>\n\t<meta name=\"twitter:label2\" content=\"Dur\u00e9e de lecture estim\u00e9e\" \/>\n\t<meta name=\"twitter:data2\" content=\"2 minutes\" \/>\n<script type=\"application\/ld+json\" class=\"yoast-schema-graph\">{\"@context\":\"https:\\\/\\\/schema.org\",\"@graph\":[{\"@type\":\"NewsArticle\",\"@id\":\"https:\\\/\\\/www.webdo.tn\\\/fr\\\/actualite\\\/chroniques\\\/a-la-goulette-dans-les-rues-de-la-petite-sicile\\\/215694\\\/#article\",\"isPartOf\":{\"@id\":\"https:\\\/\\\/www.webdo.tn\\\/fr\\\/actualite\\\/chroniques\\\/a-la-goulette-dans-les-rues-de-la-petite-sicile\\\/215694\\\/\"},\"author\":{\"name\":\"Webdo\",\"@id\":\"https:\\\/\\\/www.webdo.tn\\\/fr\\\/#\\\/schema\\\/person\\\/1f4e491e0907b413d61089e8eb573acc\"},\"headline\":\"\u00c0 la Goulette, dans les rues de la Petite Sicile\u00a0\",\"datePublished\":\"2024-08-07T11:56:00+00:00\",\"dateModified\":\"2025-05-21T09:10:04+00:00\",\"mainEntityOfPage\":{\"@id\":\"https:\\\/\\\/www.webdo.tn\\\/fr\\\/actualite\\\/chroniques\\\/a-la-goulette-dans-les-rues-de-la-petite-sicile\\\/215694\\\/\"},\"wordCount\":491,\"commentCount\":0,\"publisher\":{\"@id\":\"https:\\\/\\\/www.webdo.tn\\\/fr\\\/#organization\"},\"image\":{\"@id\":\"https:\\\/\\\/www.webdo.tn\\\/fr\\\/actualite\\\/chroniques\\\/a-la-goulette-dans-les-rues-de-la-petite-sicile\\\/215694\\\/#primaryimage\"},\"thumbnailUrl\":\"https:\\\/\\\/www.webdo.tn\\\/fr\\\/wp-content\\\/uploads\\\/2024\\\/08\\\/184fd967323e1dd429e93ae5255fbaa6.webp\",\"keywords\":[\"architecture ancienne\",\"\u00e9glise\",\"Goulette\",\"Petite Sicile\",\"promenade nostalgique\",\"ruines urbaines\"],\"articleSection\":[\"Chroniques\"],\"inLanguage\":\"fr-FR\"},{\"@type\":\"WebPage\",\"@id\":\"https:\\\/\\\/www.webdo.tn\\\/fr\\\/actualite\\\/chroniques\\\/a-la-goulette-dans-les-rues-de-la-petite-sicile\\\/215694\\\/\",\"url\":\"https:\\\/\\\/www.webdo.tn\\\/fr\\\/actualite\\\/chroniques\\\/a-la-goulette-dans-les-rues-de-la-petite-sicile\\\/215694\\\/\",\"name\":\"\u00c0 la Goulette, dans les rues de la Petite Sicile\u00a0\",\"isPartOf\":{\"@id\":\"https:\\\/\\\/www.webdo.tn\\\/fr\\\/#website\"},\"primaryImageOfPage\":{\"@id\":\"https:\\\/\\\/www.webdo.tn\\\/fr\\\/actualite\\\/chroniques\\\/a-la-goulette-dans-les-rues-de-la-petite-sicile\\\/215694\\\/#primaryimage\"},\"image\":{\"@id\":\"https:\\\/\\\/www.webdo.tn\\\/fr\\\/actualite\\\/chroniques\\\/a-la-goulette-dans-les-rues-de-la-petite-sicile\\\/215694\\\/#primaryimage\"},\"thumbnailUrl\":\"https:\\\/\\\/www.webdo.tn\\\/fr\\\/wp-content\\\/uploads\\\/2024\\\/08\\\/184fd967323e1dd429e93ae5255fbaa6.webp\",\"datePublished\":\"2024-08-07T11:56:00+00:00\",\"dateModified\":\"2025-05-21T09:10:04+00:00\",\"description\":\"Promenade nostalgique dans le quartier goulettois de la Petite Sicile, \u00e0 la recherche de traces du pass\u00e9, entre ruines urbaines et immeubles neufs, autour d'une...\",\"breadcrumb\":{\"@id\":\"https:\\\/\\\/www.webdo.tn\\\/fr\\\/actualite\\\/chroniques\\\/a-la-goulette-dans-les-rues-de-la-petite-sicile\\\/215694\\\/#breadcrumb\"},\"inLanguage\":\"fr-FR\",\"potentialAction\":[{\"@type\":\"ReadAction\",\"target\":[\"https:\\\/\\\/www.webdo.tn\\\/fr\\\/actualite\\\/chroniques\\\/a-la-goulette-dans-les-rues-de-la-petite-sicile\\\/215694\\\/\"]}]},{\"@type\":\"ImageObject\",\"inLanguage\":\"fr-FR\",\"@id\":\"https:\\\/\\\/www.webdo.tn\\\/fr\\\/actualite\\\/chroniques\\\/a-la-goulette-dans-les-rues-de-la-petite-sicile\\\/215694\\\/#primaryimage\",\"url\":\"https:\\\/\\\/www.webdo.tn\\\/fr\\\/wp-content\\\/uploads\\\/2024\\\/08\\\/184fd967323e1dd429e93ae5255fbaa6.webp\",\"contentUrl\":\"https:\\\/\\\/www.webdo.tn\\\/fr\\\/wp-content\\\/uploads\\\/2024\\\/08\\\/184fd967323e1dd429e93ae5255fbaa6.webp\",\"width\":750,\"height\":400,\"caption\":\"\u00c0 la Goulette, dans les rues de la Petite Sicile\u00a0\"},{\"@type\":\"BreadcrumbList\",\"@id\":\"https:\\\/\\\/www.webdo.tn\\\/fr\\\/actualite\\\/chroniques\\\/a-la-goulette-dans-les-rues-de-la-petite-sicile\\\/215694\\\/#breadcrumb\",\"itemListElement\":[{\"@type\":\"ListItem\",\"position\":1,\"name\":\"Accueil\",\"item\":\"https:\\\/\\\/www.webdo.tn\\\/fr\\\/\"},{\"@type\":\"ListItem\",\"position\":2,\"name\":\"\u00c0 la Goulette, dans les rues de la Petite Sicile\u00a0\"}]},{\"@type\":\"WebSite\",\"@id\":\"https:\\\/\\\/www.webdo.tn\\\/fr\\\/#website\",\"url\":\"https:\\\/\\\/www.webdo.tn\\\/fr\\\/\",\"name\":\"webdo\",\"description\":\"Tunisie - News en Tunisie et \u00e0 l&#039;international sur Webdo.tn\",\"publisher\":{\"@id\":\"https:\\\/\\\/www.webdo.tn\\\/fr\\\/#organization\"},\"potentialAction\":[{\"@type\":\"SearchAction\",\"target\":{\"@type\":\"EntryPoint\",\"urlTemplate\":\"https:\\\/\\\/www.webdo.tn\\\/fr\\\/?s={search_term_string}\"},\"query-input\":{\"@type\":\"PropertyValueSpecification\",\"valueRequired\":true,\"valueName\":\"search_term_string\"}}],\"inLanguage\":\"fr-FR\"},{\"@type\":\"Organization\",\"@id\":\"https:\\\/\\\/www.webdo.tn\\\/fr\\\/#organization\",\"name\":\"Webdo\",\"alternateName\":\"Webdo.tn\",\"url\":\"https:\\\/\\\/www.webdo.tn\\\/fr\\\/\",\"logo\":{\"@type\":\"ImageObject\",\"inLanguage\":\"fr-FR\",\"@id\":\"https:\\\/\\\/www.webdo.tn\\\/fr\\\/#\\\/schema\\\/logo\\\/image\\\/\",\"url\":\"https:\\\/\\\/www.webdo.tn\\\/fr\\\/wp-content\\\/uploads\\\/2025\\\/06\\\/Webdo-Tunisie_168377.jpg\",\"contentUrl\":\"https:\\\/\\\/www.webdo.tn\\\/fr\\\/wp-content\\\/uploads\\\/2025\\\/06\\\/Webdo-Tunisie_168377.jpg\",\"width\":301,\"height\":301,\"caption\":\"Webdo\"},\"image\":{\"@id\":\"https:\\\/\\\/www.webdo.tn\\\/fr\\\/#\\\/schema\\\/logo\\\/image\\\/\"},\"sameAs\":[\"https:\\\/\\\/www.facebook.com\\\/webdotn\",\"https:\\\/\\\/x.com\\\/webdo_tn\"],\"description\":\"Webdo est un m\u00e9dia num\u00e9rique tunisien fond\u00e9 en 2010, sp\u00e9cialis\u00e9 dans l\u2019actualit\u00e9 nationale et internationale, l\u2019\u00e9conomie, la soci\u00e9t\u00e9 et les analyses politiques. Le site s\u2019adresse \u00e0 un large public francophone et couvre l\u2019information tunisienne en temps r\u00e9el.\",\"email\":\"redac@webdo.tn\",\"legalName\":\"YNJ SARL\",\"foundingDate\":\"2010-09-06\",\"numberOfEmployees\":{\"@type\":\"QuantitativeValue\",\"minValue\":\"11\",\"maxValue\":\"50\"}},{\"@type\":\"Person\",\"@id\":\"https:\\\/\\\/www.webdo.tn\\\/fr\\\/#\\\/schema\\\/person\\\/1f4e491e0907b413d61089e8eb573acc\",\"name\":\"Webdo\",\"image\":{\"@type\":\"ImageObject\",\"inLanguage\":\"fr-FR\",\"@id\":\"https:\\\/\\\/secure.gravatar.com\\\/avatar\\\/de97aeec1bb80978a9dbb127e47dfc88aaacb2f3c29aac907d8d3222e3495d49?s=96&d=mm&r=g\",\"url\":\"https:\\\/\\\/secure.gravatar.com\\\/avatar\\\/de97aeec1bb80978a9dbb127e47dfc88aaacb2f3c29aac907d8d3222e3495d49?s=96&d=mm&r=g\",\"contentUrl\":\"https:\\\/\\\/secure.gravatar.com\\\/avatar\\\/de97aeec1bb80978a9dbb127e47dfc88aaacb2f3c29aac907d8d3222e3495d49?s=96&d=mm&r=g\",\"caption\":\"Webdo\"},\"url\":\"https:\\\/\\\/www.webdo.tn\\\/fr\\\/actualite\\\/author\\\/webdo\\\/\"}]}<\/script>\n<!-- \/ Yoast SEO Premium plugin. -->","yoast_head_json":{"title":"\u00c0 la Goulette, dans les rues de la Petite Sicile\u00a0","description":"Promenade nostalgique dans le quartier goulettois de la Petite Sicile, \u00e0 la recherche de traces du pass\u00e9, entre ruines urbaines et immeubles neufs, autour d'une...","canonical":"https:\/\/www.webdo.tn\/fr\/actualite\/chroniques\/a-la-goulette-dans-les-rues-de-la-petite-sicile\/215694\/","og_locale":"fr_FR","og_type":"article","og_title":"\u00c0 la Goulette, dans les rues de la Petite Sicile\u00a0","og_description":"Promenade nostalgique dans le quartier goulettois de la Petite Sicile, \u00e0 la recherche de traces du pass\u00e9, entre ruines urbaines et immeubles neufs, autour d'une...","og_url":"https:\/\/www.webdo.tn\/fr\/actualite\/chroniques\/a-la-goulette-dans-les-rues-de-la-petite-sicile\/215694\/","og_site_name":"webdo","article_publisher":"https:\/\/www.facebook.com\/webdotn","article_published_time":"2024-08-07T11:56:00+00:00","article_modified_time":"2025-05-21T09:10:04+00:00","og_image":[{"width":750,"height":400,"url":"https:\/\/www.webdo.tn\/fr\/wp-content\/uploads\/2024\/08\/184fd967323e1dd429e93ae5255fbaa6.webp","type":"image\/webp"}],"author":"Webdo","twitter_card":"summary_large_image","twitter_creator":"@webdo_tn","twitter_site":"@webdo_tn","twitter_misc":{"\u00c9crit par":"Webdo","Dur\u00e9e de lecture estim\u00e9e":"2 minutes"},"schema":{"@context":"https:\/\/schema.org","@graph":[{"@type":"NewsArticle","@id":"https:\/\/www.webdo.tn\/fr\/actualite\/chroniques\/a-la-goulette-dans-les-rues-de-la-petite-sicile\/215694\/#article","isPartOf":{"@id":"https:\/\/www.webdo.tn\/fr\/actualite\/chroniques\/a-la-goulette-dans-les-rues-de-la-petite-sicile\/215694\/"},"author":{"name":"Webdo","@id":"https:\/\/www.webdo.tn\/fr\/#\/schema\/person\/1f4e491e0907b413d61089e8eb573acc"},"headline":"\u00c0 la Goulette, dans les rues de la Petite Sicile\u00a0","datePublished":"2024-08-07T11:56:00+00:00","dateModified":"2025-05-21T09:10:04+00:00","mainEntityOfPage":{"@id":"https:\/\/www.webdo.tn\/fr\/actualite\/chroniques\/a-la-goulette-dans-les-rues-de-la-petite-sicile\/215694\/"},"wordCount":491,"commentCount":0,"publisher":{"@id":"https:\/\/www.webdo.tn\/fr\/#organization"},"image":{"@id":"https:\/\/www.webdo.tn\/fr\/actualite\/chroniques\/a-la-goulette-dans-les-rues-de-la-petite-sicile\/215694\/#primaryimage"},"thumbnailUrl":"https:\/\/www.webdo.tn\/fr\/wp-content\/uploads\/2024\/08\/184fd967323e1dd429e93ae5255fbaa6.webp","keywords":["architecture ancienne","\u00e9glise","Goulette","Petite Sicile","promenade nostalgique","ruines urbaines"],"articleSection":["Chroniques"],"inLanguage":"fr-FR"},{"@type":"WebPage","@id":"https:\/\/www.webdo.tn\/fr\/actualite\/chroniques\/a-la-goulette-dans-les-rues-de-la-petite-sicile\/215694\/","url":"https:\/\/www.webdo.tn\/fr\/actualite\/chroniques\/a-la-goulette-dans-les-rues-de-la-petite-sicile\/215694\/","name":"\u00c0 la Goulette, dans les rues de la Petite Sicile\u00a0","isPartOf":{"@id":"https:\/\/www.webdo.tn\/fr\/#website"},"primaryImageOfPage":{"@id":"https:\/\/www.webdo.tn\/fr\/actualite\/chroniques\/a-la-goulette-dans-les-rues-de-la-petite-sicile\/215694\/#primaryimage"},"image":{"@id":"https:\/\/www.webdo.tn\/fr\/actualite\/chroniques\/a-la-goulette-dans-les-rues-de-la-petite-sicile\/215694\/#primaryimage"},"thumbnailUrl":"https:\/\/www.webdo.tn\/fr\/wp-content\/uploads\/2024\/08\/184fd967323e1dd429e93ae5255fbaa6.webp","datePublished":"2024-08-07T11:56:00+00:00","dateModified":"2025-05-21T09:10:04+00:00","description":"Promenade nostalgique dans le quartier goulettois de la Petite Sicile, \u00e0 la recherche de traces du pass\u00e9, entre ruines urbaines et immeubles neufs, autour d'une...","breadcrumb":{"@id":"https:\/\/www.webdo.tn\/fr\/actualite\/chroniques\/a-la-goulette-dans-les-rues-de-la-petite-sicile\/215694\/#breadcrumb"},"inLanguage":"fr-FR","potentialAction":[{"@type":"ReadAction","target":["https:\/\/www.webdo.tn\/fr\/actualite\/chroniques\/a-la-goulette-dans-les-rues-de-la-petite-sicile\/215694\/"]}]},{"@type":"ImageObject","inLanguage":"fr-FR","@id":"https:\/\/www.webdo.tn\/fr\/actualite\/chroniques\/a-la-goulette-dans-les-rues-de-la-petite-sicile\/215694\/#primaryimage","url":"https:\/\/www.webdo.tn\/fr\/wp-content\/uploads\/2024\/08\/184fd967323e1dd429e93ae5255fbaa6.webp","contentUrl":"https:\/\/www.webdo.tn\/fr\/wp-content\/uploads\/2024\/08\/184fd967323e1dd429e93ae5255fbaa6.webp","width":750,"height":400,"caption":"\u00c0 la Goulette, dans les rues de la Petite Sicile\u00a0"},{"@type":"BreadcrumbList","@id":"https:\/\/www.webdo.tn\/fr\/actualite\/chroniques\/a-la-goulette-dans-les-rues-de-la-petite-sicile\/215694\/#breadcrumb","itemListElement":[{"@type":"ListItem","position":1,"name":"Accueil","item":"https:\/\/www.webdo.tn\/fr\/"},{"@type":"ListItem","position":2,"name":"\u00c0 la Goulette, dans les rues de la Petite Sicile\u00a0"}]},{"@type":"WebSite","@id":"https:\/\/www.webdo.tn\/fr\/#website","url":"https:\/\/www.webdo.tn\/fr\/","name":"webdo","description":"Tunisie - News en Tunisie et \u00e0 l&#039;international sur Webdo.tn","publisher":{"@id":"https:\/\/www.webdo.tn\/fr\/#organization"},"potentialAction":[{"@type":"SearchAction","target":{"@type":"EntryPoint","urlTemplate":"https:\/\/www.webdo.tn\/fr\/?s={search_term_string}"},"query-input":{"@type":"PropertyValueSpecification","valueRequired":true,"valueName":"search_term_string"}}],"inLanguage":"fr-FR"},{"@type":"Organization","@id":"https:\/\/www.webdo.tn\/fr\/#organization","name":"Webdo","alternateName":"Webdo.tn","url":"https:\/\/www.webdo.tn\/fr\/","logo":{"@type":"ImageObject","inLanguage":"fr-FR","@id":"https:\/\/www.webdo.tn\/fr\/#\/schema\/logo\/image\/","url":"https:\/\/www.webdo.tn\/fr\/wp-content\/uploads\/2025\/06\/Webdo-Tunisie_168377.jpg","contentUrl":"https:\/\/www.webdo.tn\/fr\/wp-content\/uploads\/2025\/06\/Webdo-Tunisie_168377.jpg","width":301,"height":301,"caption":"Webdo"},"image":{"@id":"https:\/\/www.webdo.tn\/fr\/#\/schema\/logo\/image\/"},"sameAs":["https:\/\/www.facebook.com\/webdotn","https:\/\/x.com\/webdo_tn"],"description":"Webdo est un m\u00e9dia num\u00e9rique tunisien fond\u00e9 en 2010, sp\u00e9cialis\u00e9 dans l\u2019actualit\u00e9 nationale et internationale, l\u2019\u00e9conomie, la soci\u00e9t\u00e9 et les analyses politiques. Le site s\u2019adresse \u00e0 un large public francophone et couvre l\u2019information tunisienne en temps r\u00e9el.","email":"redac@webdo.tn","legalName":"YNJ SARL","foundingDate":"2010-09-06","numberOfEmployees":{"@type":"QuantitativeValue","minValue":"11","maxValue":"50"}},{"@type":"Person","@id":"https:\/\/www.webdo.tn\/fr\/#\/schema\/person\/1f4e491e0907b413d61089e8eb573acc","name":"Webdo","image":{"@type":"ImageObject","inLanguage":"fr-FR","@id":"https:\/\/secure.gravatar.com\/avatar\/de97aeec1bb80978a9dbb127e47dfc88aaacb2f3c29aac907d8d3222e3495d49?s=96&d=mm&r=g","url":"https:\/\/secure.gravatar.com\/avatar\/de97aeec1bb80978a9dbb127e47dfc88aaacb2f3c29aac907d8d3222e3495d49?s=96&d=mm&r=g","contentUrl":"https:\/\/secure.gravatar.com\/avatar\/de97aeec1bb80978a9dbb127e47dfc88aaacb2f3c29aac907d8d3222e3495d49?s=96&d=mm&r=g","caption":"Webdo"},"url":"https:\/\/www.webdo.tn\/fr\/actualite\/author\/webdo\/"}]}},"_links":{"self":[{"href":"https:\/\/www.webdo.tn\/fr\/wp-json\/wp\/v2\/posts\/215694","targetHints":{"allow":["GET"]}}],"collection":[{"href":"https:\/\/www.webdo.tn\/fr\/wp-json\/wp\/v2\/posts"}],"about":[{"href":"https:\/\/www.webdo.tn\/fr\/wp-json\/wp\/v2\/types\/post"}],"author":[{"embeddable":true,"href":"https:\/\/www.webdo.tn\/fr\/wp-json\/wp\/v2\/users\/3169"}],"replies":[{"embeddable":true,"href":"https:\/\/www.webdo.tn\/fr\/wp-json\/wp\/v2\/comments?post=215694"}],"version-history":[{"count":0,"href":"https:\/\/www.webdo.tn\/fr\/wp-json\/wp\/v2\/posts\/215694\/revisions"}],"wp:featuredmedia":[{"embeddable":true,"href":"https:\/\/www.webdo.tn\/fr\/wp-json\/wp\/v2\/media\/246840"}],"wp:attachment":[{"href":"https:\/\/www.webdo.tn\/fr\/wp-json\/wp\/v2\/media?parent=215694"}],"wp:term":[{"taxonomy":"category","embeddable":true,"href":"https:\/\/www.webdo.tn\/fr\/wp-json\/wp\/v2\/categories?post=215694"},{"taxonomy":"post_tag","embeddable":true,"href":"https:\/\/www.webdo.tn\/fr\/wp-json\/wp\/v2\/tags?post=215694"}],"curies":[{"name":"wp","href":"https:\/\/api.w.org\/{rel}","templated":true}]}}