{"id":215692,"date":"2024-08-07T11:29:00","date_gmt":"2024-08-07T11:29:00","guid":{"rendered":"https:\/\/www.webdo.tn\/fr\/blog\/taekwondo-la-tunisie-place-deux-athletes-en-quarts-de-finale-olympiques\/215692\/"},"modified":"2025-05-14T09:52:13","modified_gmt":"2025-05-14T09:52:13","slug":"taekwondo-la-tunisie-place-deux-athletes-en-quarts-de-finale-olympiques","status":"publish","type":"post","link":"https:\/\/www.webdo.tn\/fr\/actualite\/sport\/taekwondo-la-tunisie-place-deux-athletes-en-quarts-de-finale-olympiques\/215692\/","title":{"rendered":"Taekwondo : La Tunisie place deux athl\u00e8tes en quarts de finale olympiques"},"content":{"rendered":"<p>Dans une performance remarquable aux Jeux Olympiques de Paris 2024, deux athl\u00e8tes tunisiens ont brill\u00e9 en taekwondo ce mercredi 7 ao\u00fbt 2024, en se qualifiant tous deux pour les quarts de finale de leurs cat\u00e9gories respectives.<\/p>\n<p>\t\t\t\t\t\t\t\t\tIkram Dhahri, combattante dans la cat\u00e9gorie des moins de 49 kg, a remport\u00e9 son combat des huiti\u00e8mes de finale contre la Mexicaine Daniela Souza sur le score de 2-1. Le match s&rsquo;est d\u00e9roul\u00e9 au Grand Palais \u00e0 Paris. Dhahri affrontera la Croate Lena Stojkovic en quart de finale \u00e0 13h30.<\/p>\n<p>De son c\u00f4t\u00e9, le champion olympique Mohamed Khalil Jendoubi, m\u00e9daill\u00e9 d&rsquo;argent \u00e0 Tokyo 2021, a \u00e9galement assur\u00e9 sa place en quart de finale dans la cat\u00e9gorie des 58 kg. Exempt\u00e9 du premier tour en tant que num\u00e9ro un mondial, Jendoubi a vaincu le Serbe Korneev en huiti\u00e8me de finale. Son prochain adversaire sera l&rsquo;Australien Lewis, qu&rsquo;il affrontera \u00e0 14h00 heure tunisienne.<\/p>\n<p>Ces deux qualifications soulignent la force continue de la Tunisie dans le taekwondo olympique et suscitent l&rsquo;espoir de nouvelles m\u00e9dailles pour le pays dans cette discipline.<\/p>\n","protected":false},"excerpt":{"rendered":"<p>JO Paris 2024 : Les taekwondo\u00efstes tunisiens Ikram Dhahri et Mohamed Khalil Jendoubi se qualifient pour les quarts de finale, ravivant les espoirs de m\u00e9dailles&#8230;<\/p>\n","protected":false},"author":3203,"featured_media":246836,"comment_status":"open","ping_status":"closed","sticky":false,"template":"","format":"standard","meta":{"footnotes":""},"categories":[2593],"tags":[5975,5974,5907,3795,2608],"class_list":["post-215692","post","type-post","status-publish","format-standard","has-post-thumbnail","hentry","category-sport","tag-ikram-dhahri","tag-jo-paris-2024","tag-mohamed-khalil-jendoubi","tag-taekwondo","tag-tunisie"],"yoast_head":"<!-- This site is optimized with the Yoast SEO Premium plugin v27.4 (Yoast SEO v27.5) - https:\/\/yoast.com\/product\/yoast-seo-premium-wordpress\/ -->\n<title>Taekwondo : La Tunisie place deux athl\u00e8tes en quarts de finale olympiques<\/title>\n<meta name=\"description\" content=\"JO Paris 2024 : Les taekwondo\u00efstes tunisiens Ikram Dhahri et Mohamed Khalil Jendoubi se qualifient pour les quarts de finale, ravivant les espoirs de m\u00e9dailles...\" \/>\n<link rel=\"canonical\" href=\"https:\/\/www.webdo.tn\/fr\/actualite\/sport\/taekwondo-la-tunisie-place-deux-athletes-en-quarts-de-finale-olympiques\/215692\/\" \/>\n<meta property=\"og:locale\" content=\"fr_FR\" \/>\n<meta property=\"og:type\" content=\"article\" \/>\n<meta property=\"og:title\" content=\"Taekwondo : La Tunisie place deux athl\u00e8tes en quarts de finale olympiques\" \/>\n<meta property=\"og:description\" content=\"JO Paris 2024 : Les taekwondo\u00efstes tunisiens Ikram Dhahri et Mohamed Khalil Jendoubi se qualifient pour les quarts de finale, ravivant les espoirs de m\u00e9dailles...\" \/>\n<meta property=\"og:url\" content=\"https:\/\/www.webdo.tn\/fr\/actualite\/sport\/taekwondo-la-tunisie-place-deux-athletes-en-quarts-de-finale-olympiques\/215692\/\" \/>\n<meta property=\"og:site_name\" content=\"webdo\" \/>\n<meta property=\"article:publisher\" content=\"https:\/\/www.facebook.com\/webdotn\" \/>\n<meta property=\"article:published_time\" content=\"2024-08-07T11:29:00+00:00\" \/>\n<meta property=\"article:modified_time\" content=\"2025-05-14T09:52:13+00:00\" \/>\n<meta property=\"og:image\" content=\"https:\/\/www.webdo.tn\/fr\/wp-content\/uploads\/2024\/08\/202cb5bc74848bf16157eb47f745c64b.webp\" \/>\n\t<meta property=\"og:image:width\" content=\"750\" \/>\n\t<meta property=\"og:image:height\" content=\"400\" \/>\n\t<meta property=\"og:image:type\" content=\"image\/webp\" \/>\n<meta name=\"author\" content=\"Ramzi Haddad\" \/>\n<meta name=\"twitter:card\" content=\"summary_large_image\" \/>\n<meta name=\"twitter:creator\" content=\"@webdo_tn\" \/>\n<meta name=\"twitter:site\" content=\"@webdo_tn\" \/>\n<meta name=\"twitter:label1\" content=\"\u00c9crit par\" \/>\n\t<meta name=\"twitter:data1\" content=\"Ramzi Haddad\" \/>\n\t<meta name=\"twitter:label2\" content=\"Dur\u00e9e de lecture estim\u00e9e\" \/>\n\t<meta name=\"twitter:data2\" content=\"1 minute\" \/>\n<script type=\"application\/ld+json\" class=\"yoast-schema-graph\">{\"@context\":\"https:\\\/\\\/schema.org\",\"@graph\":[{\"@type\":\"NewsArticle\",\"@id\":\"https:\\\/\\\/www.webdo.tn\\\/fr\\\/actualite\\\/sport\\\/taekwondo-la-tunisie-place-deux-athletes-en-quarts-de-finale-olympiques\\\/215692\\\/#article\",\"isPartOf\":{\"@id\":\"https:\\\/\\\/www.webdo.tn\\\/fr\\\/actualite\\\/sport\\\/taekwondo-la-tunisie-place-deux-athletes-en-quarts-de-finale-olympiques\\\/215692\\\/\"},\"author\":{\"name\":\"Ramzi Haddad\",\"@id\":\"https:\\\/\\\/www.webdo.tn\\\/fr\\\/#\\\/schema\\\/person\\\/5663044c25eb36d8f88ba5b653f12f8c\"},\"headline\":\"Taekwondo : La Tunisie place deux athl\u00e8tes en quarts de finale olympiques\",\"datePublished\":\"2024-08-07T11:29:00+00:00\",\"dateModified\":\"2025-05-14T09:52:13+00:00\",\"mainEntityOfPage\":{\"@id\":\"https:\\\/\\\/www.webdo.tn\\\/fr\\\/actualite\\\/sport\\\/taekwondo-la-tunisie-place-deux-athletes-en-quarts-de-finale-olympiques\\\/215692\\\/\"},\"wordCount\":192,\"commentCount\":0,\"publisher\":{\"@id\":\"https:\\\/\\\/www.webdo.tn\\\/fr\\\/#organization\"},\"image\":{\"@id\":\"https:\\\/\\\/www.webdo.tn\\\/fr\\\/actualite\\\/sport\\\/taekwondo-la-tunisie-place-deux-athletes-en-quarts-de-finale-olympiques\\\/215692\\\/#primaryimage\"},\"thumbnailUrl\":\"https:\\\/\\\/www.webdo.tn\\\/fr\\\/wp-content\\\/uploads\\\/2024\\\/08\\\/202cb5bc74848bf16157eb47f745c64b.webp\",\"keywords\":[\"Ikram Dhahri\",\"JO Paris 2024\",\"Mohamed Khalil Jendoubi\",\"taekwondo\",\"Tunisie\"],\"articleSection\":[\"Sport\"],\"inLanguage\":\"fr-FR\"},{\"@type\":\"WebPage\",\"@id\":\"https:\\\/\\\/www.webdo.tn\\\/fr\\\/actualite\\\/sport\\\/taekwondo-la-tunisie-place-deux-athletes-en-quarts-de-finale-olympiques\\\/215692\\\/\",\"url\":\"https:\\\/\\\/www.webdo.tn\\\/fr\\\/actualite\\\/sport\\\/taekwondo-la-tunisie-place-deux-athletes-en-quarts-de-finale-olympiques\\\/215692\\\/\",\"name\":\"Taekwondo : La Tunisie place deux athl\u00e8tes en quarts de finale olympiques\",\"isPartOf\":{\"@id\":\"https:\\\/\\\/www.webdo.tn\\\/fr\\\/#website\"},\"primaryImageOfPage\":{\"@id\":\"https:\\\/\\\/www.webdo.tn\\\/fr\\\/actualite\\\/sport\\\/taekwondo-la-tunisie-place-deux-athletes-en-quarts-de-finale-olympiques\\\/215692\\\/#primaryimage\"},\"image\":{\"@id\":\"https:\\\/\\\/www.webdo.tn\\\/fr\\\/actualite\\\/sport\\\/taekwondo-la-tunisie-place-deux-athletes-en-quarts-de-finale-olympiques\\\/215692\\\/#primaryimage\"},\"thumbnailUrl\":\"https:\\\/\\\/www.webdo.tn\\\/fr\\\/wp-content\\\/uploads\\\/2024\\\/08\\\/202cb5bc74848bf16157eb47f745c64b.webp\",\"datePublished\":\"2024-08-07T11:29:00+00:00\",\"dateModified\":\"2025-05-14T09:52:13+00:00\",\"description\":\"JO Paris 2024 : Les taekwondo\u00efstes tunisiens Ikram Dhahri et Mohamed Khalil Jendoubi se qualifient pour les quarts de finale, ravivant les espoirs de m\u00e9dailles...\",\"breadcrumb\":{\"@id\":\"https:\\\/\\\/www.webdo.tn\\\/fr\\\/actualite\\\/sport\\\/taekwondo-la-tunisie-place-deux-athletes-en-quarts-de-finale-olympiques\\\/215692\\\/#breadcrumb\"},\"inLanguage\":\"fr-FR\",\"potentialAction\":[{\"@type\":\"ReadAction\",\"target\":[\"https:\\\/\\\/www.webdo.tn\\\/fr\\\/actualite\\\/sport\\\/taekwondo-la-tunisie-place-deux-athletes-en-quarts-de-finale-olympiques\\\/215692\\\/\"]}]},{\"@type\":\"ImageObject\",\"inLanguage\":\"fr-FR\",\"@id\":\"https:\\\/\\\/www.webdo.tn\\\/fr\\\/actualite\\\/sport\\\/taekwondo-la-tunisie-place-deux-athletes-en-quarts-de-finale-olympiques\\\/215692\\\/#primaryimage\",\"url\":\"https:\\\/\\\/www.webdo.tn\\\/fr\\\/wp-content\\\/uploads\\\/2024\\\/08\\\/202cb5bc74848bf16157eb47f745c64b.webp\",\"contentUrl\":\"https:\\\/\\\/www.webdo.tn\\\/fr\\\/wp-content\\\/uploads\\\/2024\\\/08\\\/202cb5bc74848bf16157eb47f745c64b.webp\",\"width\":750,\"height\":400,\"caption\":\"Taekwondo : La Tunisie place deux athl\u00e8tes en quarts de finale olympiques\"},{\"@type\":\"BreadcrumbList\",\"@id\":\"https:\\\/\\\/www.webdo.tn\\\/fr\\\/actualite\\\/sport\\\/taekwondo-la-tunisie-place-deux-athletes-en-quarts-de-finale-olympiques\\\/215692\\\/#breadcrumb\",\"itemListElement\":[{\"@type\":\"ListItem\",\"position\":1,\"name\":\"Accueil\",\"item\":\"https:\\\/\\\/www.webdo.tn\\\/fr\\\/\"},{\"@type\":\"ListItem\",\"position\":2,\"name\":\"Taekwondo : La Tunisie place deux athl\u00e8tes en quarts de finale olympiques\"}]},{\"@type\":\"WebSite\",\"@id\":\"https:\\\/\\\/www.webdo.tn\\\/fr\\\/#website\",\"url\":\"https:\\\/\\\/www.webdo.tn\\\/fr\\\/\",\"name\":\"webdo\",\"description\":\"Tunisie - News en Tunisie et \u00e0 l&#039;international sur Webdo.tn\",\"publisher\":{\"@id\":\"https:\\\/\\\/www.webdo.tn\\\/fr\\\/#organization\"},\"potentialAction\":[{\"@type\":\"SearchAction\",\"target\":{\"@type\":\"EntryPoint\",\"urlTemplate\":\"https:\\\/\\\/www.webdo.tn\\\/fr\\\/?s={search_term_string}\"},\"query-input\":{\"@type\":\"PropertyValueSpecification\",\"valueRequired\":true,\"valueName\":\"search_term_string\"}}],\"inLanguage\":\"fr-FR\"},{\"@type\":\"Organization\",\"@id\":\"https:\\\/\\\/www.webdo.tn\\\/fr\\\/#organization\",\"name\":\"Webdo\",\"alternateName\":\"Webdo.tn\",\"url\":\"https:\\\/\\\/www.webdo.tn\\\/fr\\\/\",\"logo\":{\"@type\":\"ImageObject\",\"inLanguage\":\"fr-FR\",\"@id\":\"https:\\\/\\\/www.webdo.tn\\\/fr\\\/#\\\/schema\\\/logo\\\/image\\\/\",\"url\":\"https:\\\/\\\/www.webdo.tn\\\/fr\\\/wp-content\\\/uploads\\\/2025\\\/06\\\/Webdo-Tunisie_168377.jpg\",\"contentUrl\":\"https:\\\/\\\/www.webdo.tn\\\/fr\\\/wp-content\\\/uploads\\\/2025\\\/06\\\/Webdo-Tunisie_168377.jpg\",\"width\":301,\"height\":301,\"caption\":\"Webdo\"},\"image\":{\"@id\":\"https:\\\/\\\/www.webdo.tn\\\/fr\\\/#\\\/schema\\\/logo\\\/image\\\/\"},\"sameAs\":[\"https:\\\/\\\/www.facebook.com\\\/webdotn\",\"https:\\\/\\\/x.com\\\/webdo_tn\"],\"description\":\"Webdo est un m\u00e9dia num\u00e9rique tunisien fond\u00e9 en 2010, sp\u00e9cialis\u00e9 dans l\u2019actualit\u00e9 nationale et internationale, l\u2019\u00e9conomie, la soci\u00e9t\u00e9 et les analyses politiques. Le site s\u2019adresse \u00e0 un large public francophone et couvre l\u2019information tunisienne en temps r\u00e9el.\",\"email\":\"redac@webdo.tn\",\"legalName\":\"YNJ SARL\",\"foundingDate\":\"2010-09-06\",\"numberOfEmployees\":{\"@type\":\"QuantitativeValue\",\"minValue\":\"11\",\"maxValue\":\"50\"}},{\"@type\":\"Person\",\"@id\":\"https:\\\/\\\/www.webdo.tn\\\/fr\\\/#\\\/schema\\\/person\\\/5663044c25eb36d8f88ba5b653f12f8c\",\"name\":\"Ramzi Haddad\",\"image\":{\"@type\":\"ImageObject\",\"inLanguage\":\"fr-FR\",\"@id\":\"https:\\\/\\\/www.webdo.tn\\\/fr\\\/wp-content\\\/uploads\\\/2026\\\/04\\\/ramzi-haddad_avatar-96x96.jpg\",\"url\":\"https:\\\/\\\/www.webdo.tn\\\/fr\\\/wp-content\\\/uploads\\\/2026\\\/04\\\/ramzi-haddad_avatar-96x96.jpg\",\"contentUrl\":\"https:\\\/\\\/www.webdo.tn\\\/fr\\\/wp-content\\\/uploads\\\/2026\\\/04\\\/ramzi-haddad_avatar-96x96.jpg\",\"caption\":\"Ramzi Haddad\"},\"description\":\"Signature \u00e9ditoriale de Walid Ben Youssef Ramzi Haddad est le pseudonyme \u00e9ditorial de Walid Ben Youssef, fondateur et g\u00e9rant de Webdo.tn. Cette signature est d\u00e9di\u00e9e \u00e0 la couverture de l'actualit\u00e9 nationale et internationale, ainsi qu'aux analyses des dynamiques num\u00e9riques. Ce profil b\u00e9n\u00e9ficie de l'expertise de Walid Ben Youssef, pionnier du web en Tunisie depuis 2000 et dipl\u00f4m\u00e9 en Math\u00e9matiques pures de l'Universit\u00e9 d'Oregon. \u00c0 travers cette signature, la r\u00e9daction de Webdo garantit une information structur\u00e9e et v\u00e9rifi\u00e9e, fid\u00e8le aux standards journalistiques du m\u00e9dia.\",\"url\":\"https:\\\/\\\/www.webdo.tn\\\/fr\\\/actualite\\\/author\\\/ramzi-haddad\\\/\"}]}<\/script>\n<!-- \/ Yoast SEO Premium plugin. -->","yoast_head_json":{"title":"Taekwondo : La Tunisie place deux athl\u00e8tes en quarts de finale olympiques","description":"JO Paris 2024 : Les taekwondo\u00efstes tunisiens Ikram Dhahri et Mohamed Khalil Jendoubi se qualifient pour les quarts de finale, ravivant les espoirs de m\u00e9dailles...","canonical":"https:\/\/www.webdo.tn\/fr\/actualite\/sport\/taekwondo-la-tunisie-place-deux-athletes-en-quarts-de-finale-olympiques\/215692\/","og_locale":"fr_FR","og_type":"article","og_title":"Taekwondo : La Tunisie place deux athl\u00e8tes en quarts de finale olympiques","og_description":"JO Paris 2024 : Les taekwondo\u00efstes tunisiens Ikram Dhahri et Mohamed Khalil Jendoubi se qualifient pour les quarts de finale, ravivant les espoirs de m\u00e9dailles...","og_url":"https:\/\/www.webdo.tn\/fr\/actualite\/sport\/taekwondo-la-tunisie-place-deux-athletes-en-quarts-de-finale-olympiques\/215692\/","og_site_name":"webdo","article_publisher":"https:\/\/www.facebook.com\/webdotn","article_published_time":"2024-08-07T11:29:00+00:00","article_modified_time":"2025-05-14T09:52:13+00:00","og_image":[{"width":750,"height":400,"url":"https:\/\/www.webdo.tn\/fr\/wp-content\/uploads\/2024\/08\/202cb5bc74848bf16157eb47f745c64b.webp","type":"image\/webp"}],"author":"Ramzi Haddad","twitter_card":"summary_large_image","twitter_creator":"@webdo_tn","twitter_site":"@webdo_tn","twitter_misc":{"\u00c9crit par":"Ramzi Haddad","Dur\u00e9e de lecture estim\u00e9e":"1 minute"},"schema":{"@context":"https:\/\/schema.org","@graph":[{"@type":"NewsArticle","@id":"https:\/\/www.webdo.tn\/fr\/actualite\/sport\/taekwondo-la-tunisie-place-deux-athletes-en-quarts-de-finale-olympiques\/215692\/#article","isPartOf":{"@id":"https:\/\/www.webdo.tn\/fr\/actualite\/sport\/taekwondo-la-tunisie-place-deux-athletes-en-quarts-de-finale-olympiques\/215692\/"},"author":{"name":"Ramzi Haddad","@id":"https:\/\/www.webdo.tn\/fr\/#\/schema\/person\/5663044c25eb36d8f88ba5b653f12f8c"},"headline":"Taekwondo : La Tunisie place deux athl\u00e8tes en quarts de finale olympiques","datePublished":"2024-08-07T11:29:00+00:00","dateModified":"2025-05-14T09:52:13+00:00","mainEntityOfPage":{"@id":"https:\/\/www.webdo.tn\/fr\/actualite\/sport\/taekwondo-la-tunisie-place-deux-athletes-en-quarts-de-finale-olympiques\/215692\/"},"wordCount":192,"commentCount":0,"publisher":{"@id":"https:\/\/www.webdo.tn\/fr\/#organization"},"image":{"@id":"https:\/\/www.webdo.tn\/fr\/actualite\/sport\/taekwondo-la-tunisie-place-deux-athletes-en-quarts-de-finale-olympiques\/215692\/#primaryimage"},"thumbnailUrl":"https:\/\/www.webdo.tn\/fr\/wp-content\/uploads\/2024\/08\/202cb5bc74848bf16157eb47f745c64b.webp","keywords":["Ikram Dhahri","JO Paris 2024","Mohamed Khalil Jendoubi","taekwondo","Tunisie"],"articleSection":["Sport"],"inLanguage":"fr-FR"},{"@type":"WebPage","@id":"https:\/\/www.webdo.tn\/fr\/actualite\/sport\/taekwondo-la-tunisie-place-deux-athletes-en-quarts-de-finale-olympiques\/215692\/","url":"https:\/\/www.webdo.tn\/fr\/actualite\/sport\/taekwondo-la-tunisie-place-deux-athletes-en-quarts-de-finale-olympiques\/215692\/","name":"Taekwondo : La Tunisie place deux athl\u00e8tes en quarts de finale olympiques","isPartOf":{"@id":"https:\/\/www.webdo.tn\/fr\/#website"},"primaryImageOfPage":{"@id":"https:\/\/www.webdo.tn\/fr\/actualite\/sport\/taekwondo-la-tunisie-place-deux-athletes-en-quarts-de-finale-olympiques\/215692\/#primaryimage"},"image":{"@id":"https:\/\/www.webdo.tn\/fr\/actualite\/sport\/taekwondo-la-tunisie-place-deux-athletes-en-quarts-de-finale-olympiques\/215692\/#primaryimage"},"thumbnailUrl":"https:\/\/www.webdo.tn\/fr\/wp-content\/uploads\/2024\/08\/202cb5bc74848bf16157eb47f745c64b.webp","datePublished":"2024-08-07T11:29:00+00:00","dateModified":"2025-05-14T09:52:13+00:00","description":"JO Paris 2024 : Les taekwondo\u00efstes tunisiens Ikram Dhahri et Mohamed Khalil Jendoubi se qualifient pour les quarts de finale, ravivant les espoirs de m\u00e9dailles...","breadcrumb":{"@id":"https:\/\/www.webdo.tn\/fr\/actualite\/sport\/taekwondo-la-tunisie-place-deux-athletes-en-quarts-de-finale-olympiques\/215692\/#breadcrumb"},"inLanguage":"fr-FR","potentialAction":[{"@type":"ReadAction","target":["https:\/\/www.webdo.tn\/fr\/actualite\/sport\/taekwondo-la-tunisie-place-deux-athletes-en-quarts-de-finale-olympiques\/215692\/"]}]},{"@type":"ImageObject","inLanguage":"fr-FR","@id":"https:\/\/www.webdo.tn\/fr\/actualite\/sport\/taekwondo-la-tunisie-place-deux-athletes-en-quarts-de-finale-olympiques\/215692\/#primaryimage","url":"https:\/\/www.webdo.tn\/fr\/wp-content\/uploads\/2024\/08\/202cb5bc74848bf16157eb47f745c64b.webp","contentUrl":"https:\/\/www.webdo.tn\/fr\/wp-content\/uploads\/2024\/08\/202cb5bc74848bf16157eb47f745c64b.webp","width":750,"height":400,"caption":"Taekwondo : La Tunisie place deux athl\u00e8tes en quarts de finale olympiques"},{"@type":"BreadcrumbList","@id":"https:\/\/www.webdo.tn\/fr\/actualite\/sport\/taekwondo-la-tunisie-place-deux-athletes-en-quarts-de-finale-olympiques\/215692\/#breadcrumb","itemListElement":[{"@type":"ListItem","position":1,"name":"Accueil","item":"https:\/\/www.webdo.tn\/fr\/"},{"@type":"ListItem","position":2,"name":"Taekwondo : La Tunisie place deux athl\u00e8tes en quarts de finale olympiques"}]},{"@type":"WebSite","@id":"https:\/\/www.webdo.tn\/fr\/#website","url":"https:\/\/www.webdo.tn\/fr\/","name":"webdo","description":"Tunisie - News en Tunisie et \u00e0 l&#039;international sur Webdo.tn","publisher":{"@id":"https:\/\/www.webdo.tn\/fr\/#organization"},"potentialAction":[{"@type":"SearchAction","target":{"@type":"EntryPoint","urlTemplate":"https:\/\/www.webdo.tn\/fr\/?s={search_term_string}"},"query-input":{"@type":"PropertyValueSpecification","valueRequired":true,"valueName":"search_term_string"}}],"inLanguage":"fr-FR"},{"@type":"Organization","@id":"https:\/\/www.webdo.tn\/fr\/#organization","name":"Webdo","alternateName":"Webdo.tn","url":"https:\/\/www.webdo.tn\/fr\/","logo":{"@type":"ImageObject","inLanguage":"fr-FR","@id":"https:\/\/www.webdo.tn\/fr\/#\/schema\/logo\/image\/","url":"https:\/\/www.webdo.tn\/fr\/wp-content\/uploads\/2025\/06\/Webdo-Tunisie_168377.jpg","contentUrl":"https:\/\/www.webdo.tn\/fr\/wp-content\/uploads\/2025\/06\/Webdo-Tunisie_168377.jpg","width":301,"height":301,"caption":"Webdo"},"image":{"@id":"https:\/\/www.webdo.tn\/fr\/#\/schema\/logo\/image\/"},"sameAs":["https:\/\/www.facebook.com\/webdotn","https:\/\/x.com\/webdo_tn"],"description":"Webdo est un m\u00e9dia num\u00e9rique tunisien fond\u00e9 en 2010, sp\u00e9cialis\u00e9 dans l\u2019actualit\u00e9 nationale et internationale, l\u2019\u00e9conomie, la soci\u00e9t\u00e9 et les analyses politiques. Le site s\u2019adresse \u00e0 un large public francophone et couvre l\u2019information tunisienne en temps r\u00e9el.","email":"redac@webdo.tn","legalName":"YNJ SARL","foundingDate":"2010-09-06","numberOfEmployees":{"@type":"QuantitativeValue","minValue":"11","maxValue":"50"}},{"@type":"Person","@id":"https:\/\/www.webdo.tn\/fr\/#\/schema\/person\/5663044c25eb36d8f88ba5b653f12f8c","name":"Ramzi Haddad","image":{"@type":"ImageObject","inLanguage":"fr-FR","@id":"https:\/\/www.webdo.tn\/fr\/wp-content\/uploads\/2026\/04\/ramzi-haddad_avatar-96x96.jpg","url":"https:\/\/www.webdo.tn\/fr\/wp-content\/uploads\/2026\/04\/ramzi-haddad_avatar-96x96.jpg","contentUrl":"https:\/\/www.webdo.tn\/fr\/wp-content\/uploads\/2026\/04\/ramzi-haddad_avatar-96x96.jpg","caption":"Ramzi Haddad"},"description":"Signature \u00e9ditoriale de Walid Ben Youssef Ramzi Haddad est le pseudonyme \u00e9ditorial de Walid Ben Youssef, fondateur et g\u00e9rant de Webdo.tn. Cette signature est d\u00e9di\u00e9e \u00e0 la couverture de l'actualit\u00e9 nationale et internationale, ainsi qu'aux analyses des dynamiques num\u00e9riques. Ce profil b\u00e9n\u00e9ficie de l'expertise de Walid Ben Youssef, pionnier du web en Tunisie depuis 2000 et dipl\u00f4m\u00e9 en Math\u00e9matiques pures de l'Universit\u00e9 d'Oregon. \u00c0 travers cette signature, la r\u00e9daction de Webdo garantit une information structur\u00e9e et v\u00e9rifi\u00e9e, fid\u00e8le aux standards journalistiques du m\u00e9dia.","url":"https:\/\/www.webdo.tn\/fr\/actualite\/author\/ramzi-haddad\/"}]}},"_links":{"self":[{"href":"https:\/\/www.webdo.tn\/fr\/wp-json\/wp\/v2\/posts\/215692","targetHints":{"allow":["GET"]}}],"collection":[{"href":"https:\/\/www.webdo.tn\/fr\/wp-json\/wp\/v2\/posts"}],"about":[{"href":"https:\/\/www.webdo.tn\/fr\/wp-json\/wp\/v2\/types\/post"}],"author":[{"embeddable":true,"href":"https:\/\/www.webdo.tn\/fr\/wp-json\/wp\/v2\/users\/3203"}],"replies":[{"embeddable":true,"href":"https:\/\/www.webdo.tn\/fr\/wp-json\/wp\/v2\/comments?post=215692"}],"version-history":[{"count":0,"href":"https:\/\/www.webdo.tn\/fr\/wp-json\/wp\/v2\/posts\/215692\/revisions"}],"wp:featuredmedia":[{"embeddable":true,"href":"https:\/\/www.webdo.tn\/fr\/wp-json\/wp\/v2\/media\/246836"}],"wp:attachment":[{"href":"https:\/\/www.webdo.tn\/fr\/wp-json\/wp\/v2\/media?parent=215692"}],"wp:term":[{"taxonomy":"category","embeddable":true,"href":"https:\/\/www.webdo.tn\/fr\/wp-json\/wp\/v2\/categories?post=215692"},{"taxonomy":"post_tag","embeddable":true,"href":"https:\/\/www.webdo.tn\/fr\/wp-json\/wp\/v2\/tags?post=215692"}],"curies":[{"name":"wp","href":"https:\/\/api.w.org\/{rel}","templated":true}]}}