{"id":215689,"date":"2024-08-07T09:59:00","date_gmt":"2024-08-07T09:59:00","guid":{"rendered":"https:\/\/www.webdo.tn\/fr\/blog\/controverse-au-royaume-uni-musk-compare-le-traitement-des-musulmans-et-de-l-extreme-droite\/215689\/"},"modified":"2025-05-14T09:52:13","modified_gmt":"2025-05-14T09:52:13","slug":"controverse-au-royaume-uni-musk-compare-le-traitement-des-musulmans-et-de-l-extreme-droite","status":"publish","type":"post","link":"https:\/\/www.webdo.tn\/fr\/actualite\/international\/controverse-au-royaume-uni-musk-compare-le-traitement-des-musulmans-et-de-l-extreme-droite\/215689\/","title":{"rendered":"Controverse au Royaume-Uni : Musk compare le traitement des musulmans et de l&rsquo;extr\u00eame droite"},"content":{"rendered":"<p>Le milliardaire Elon Musk a suscit\u00e9 la controverse au Royaume-Uni en publiant des commentaires sur les r\u00e9centes \u00e9meutes d&rsquo;extr\u00eame droite sur sa plateforme X.\u00a0<\/p>\n<p>\t\t\t\t\t\t\t\t\tMusk a notamment compar\u00e9 le traitement judiciaire des musulmans \u00e0 celui des activistes d&rsquo;extr\u00eame droite, sugg\u00e9rant un traitement plus cl\u00e9ment envers les premiers.\u00a0<\/p>\n<p>Ces remarques interviennent dans un contexte de violences ayant \u00e9clat\u00e9 suite \u00e0 la diffusion de fausses informations en ligne concernant une attaque au couteau.\u00a0<\/p>\n<p>Le Premier ministre Keir Starmer a qualifi\u00e9 ces \u00e9meutes de \u00ab\u00a0voyoucratie d&rsquo;extr\u00eame droite\u00a0\u00bb. Le gouvernement appelle les entreprises de m\u00e9dias sociaux, dont X, \u00e0 lutter plus efficacement contre la d\u00e9sinformation. La ministre de la Justice, Heidi Alexander, a critiqu\u00e9 l&rsquo;utilisation par Musk du terme \u00ab\u00a0guerre civile\u00a0\u00bb, la jugeant inacceptable. Elle a \u00e9galement \u00e9voqu\u00e9 un possible renforcement de la loi sur la s\u00e9curit\u00e9 en ligne.\u00a0<\/p>\n<p>Musk a poursuivi le d\u00e9bat en questionnant la pr\u00e9occupation du gouvernement pour toutes les communaut\u00e9s, pas seulement musulmanes. Il a ensuite partag\u00e9 et comment\u00e9 une vid\u00e9o pr\u00e9tendant montrer une \u00ab\u00a0patrouille musulmane\u00a0\u00bb attaquant un pub \u00e0 Birmingham, l&rsquo;exposant \u00e0 ses 193 millions d&rsquo;abonn\u00e9s.<\/p>\n","protected":false},"excerpt":{"rendered":"<p>Elon Musk provoque la col\u00e8re du gouvernement britannique avec des commentaires controvers\u00e9s sur les \u00e9meutes d&rsquo;extr\u00eame droite et le traitement judiciaire des mus&#8230;<\/p>\n","protected":false},"author":3203,"featured_media":246838,"comment_status":"open","ping_status":"closed","sticky":false,"template":"","format":"standard","meta":{"footnotes":""},"categories":[2598],"tags":[4134,5980,3924,5542,3900],"class_list":["post-215689","post","type-post","status-publish","format-standard","has-post-thumbnail","hentry","category-international","tag-elon-musk","tag-emeutes","tag-extreme-droite","tag-musulmans","tag-royaume-uni"],"yoast_head":"<!-- This site is optimized with the Yoast SEO Premium plugin v27.5 (Yoast SEO v27.5) - https:\/\/yoast.com\/product\/yoast-seo-premium-wordpress\/ -->\n<title>Controverse au Royaume-Uni : Musk compare le traitement des musulmans et de l&#039;extr\u00eame droite<\/title>\n<meta name=\"description\" content=\"Elon Musk provoque la col\u00e8re du gouvernement britannique avec des commentaires controvers\u00e9s sur les \u00e9meutes d&#039;extr\u00eame droite et le traitement judiciaire des mus...\" \/>\n<link rel=\"canonical\" href=\"https:\/\/www.webdo.tn\/fr\/actualite\/international\/controverse-au-royaume-uni-musk-compare-le-traitement-des-musulmans-et-de-l-extreme-droite\/215689\/\" \/>\n<meta property=\"og:locale\" content=\"fr_FR\" \/>\n<meta property=\"og:type\" content=\"article\" \/>\n<meta property=\"og:title\" content=\"Controverse au Royaume-Uni : Musk compare le traitement des musulmans et de l&#039;extr\u00eame droite\" \/>\n<meta property=\"og:description\" content=\"Elon Musk provoque la col\u00e8re du gouvernement britannique avec des commentaires controvers\u00e9s sur les \u00e9meutes d&#039;extr\u00eame droite et le traitement judiciaire des mus...\" \/>\n<meta property=\"og:url\" content=\"https:\/\/www.webdo.tn\/fr\/actualite\/international\/controverse-au-royaume-uni-musk-compare-le-traitement-des-musulmans-et-de-l-extreme-droite\/215689\/\" \/>\n<meta property=\"og:site_name\" content=\"webdo\" \/>\n<meta property=\"article:publisher\" content=\"https:\/\/www.facebook.com\/webdotn\" \/>\n<meta property=\"article:published_time\" content=\"2024-08-07T09:59:00+00:00\" \/>\n<meta property=\"article:modified_time\" content=\"2025-05-14T09:52:13+00:00\" \/>\n<meta property=\"og:image\" content=\"https:\/\/www.webdo.tn\/fr\/wp-content\/uploads\/2024\/08\/c97e3c977c519f480160c7345ae8cd68.webp\" \/>\n\t<meta property=\"og:image:width\" content=\"750\" \/>\n\t<meta property=\"og:image:height\" content=\"400\" \/>\n\t<meta property=\"og:image:type\" content=\"image\/webp\" \/>\n<meta name=\"author\" content=\"Ramzi Haddad\" \/>\n<meta name=\"twitter:card\" content=\"summary_large_image\" \/>\n<meta name=\"twitter:creator\" content=\"@webdo_tn\" \/>\n<meta name=\"twitter:site\" content=\"@webdo_tn\" \/>\n<meta name=\"twitter:label1\" content=\"\u00c9crit par\" \/>\n\t<meta name=\"twitter:data1\" content=\"Ramzi Haddad\" \/>\n\t<meta name=\"twitter:label2\" content=\"Dur\u00e9e de lecture estim\u00e9e\" \/>\n\t<meta name=\"twitter:data2\" content=\"1 minute\" \/>\n<script type=\"application\/ld+json\" class=\"yoast-schema-graph\">{\"@context\":\"https:\\\/\\\/schema.org\",\"@graph\":[{\"@type\":\"NewsArticle\",\"@id\":\"https:\\\/\\\/www.webdo.tn\\\/fr\\\/actualite\\\/international\\\/controverse-au-royaume-uni-musk-compare-le-traitement-des-musulmans-et-de-l-extreme-droite\\\/215689\\\/#article\",\"isPartOf\":{\"@id\":\"https:\\\/\\\/www.webdo.tn\\\/fr\\\/actualite\\\/international\\\/controverse-au-royaume-uni-musk-compare-le-traitement-des-musulmans-et-de-l-extreme-droite\\\/215689\\\/\"},\"author\":{\"name\":\"Ramzi Haddad\",\"@id\":\"https:\\\/\\\/www.webdo.tn\\\/fr\\\/#\\\/schema\\\/person\\\/5663044c25eb36d8f88ba5b653f12f8c\"},\"headline\":\"Controverse au Royaume-Uni : Musk compare le traitement des musulmans et de l&rsquo;extr\u00eame droite\",\"datePublished\":\"2024-08-07T09:59:00+00:00\",\"dateModified\":\"2025-05-14T09:52:13+00:00\",\"mainEntityOfPage\":{\"@id\":\"https:\\\/\\\/www.webdo.tn\\\/fr\\\/actualite\\\/international\\\/controverse-au-royaume-uni-musk-compare-le-traitement-des-musulmans-et-de-l-extreme-droite\\\/215689\\\/\"},\"wordCount\":207,\"commentCount\":0,\"publisher\":{\"@id\":\"https:\\\/\\\/www.webdo.tn\\\/fr\\\/#organization\"},\"image\":{\"@id\":\"https:\\\/\\\/www.webdo.tn\\\/fr\\\/actualite\\\/international\\\/controverse-au-royaume-uni-musk-compare-le-traitement-des-musulmans-et-de-l-extreme-droite\\\/215689\\\/#primaryimage\"},\"thumbnailUrl\":\"https:\\\/\\\/www.webdo.tn\\\/fr\\\/wp-content\\\/uploads\\\/2024\\\/08\\\/c97e3c977c519f480160c7345ae8cd68.webp\",\"keywords\":[\"Elon Musk\",\"Emeutes\",\"extr\u00eame droite\",\"Musulmans\",\"royaume-uni\"],\"articleSection\":[\"International\"],\"inLanguage\":\"fr-FR\"},{\"@type\":\"WebPage\",\"@id\":\"https:\\\/\\\/www.webdo.tn\\\/fr\\\/actualite\\\/international\\\/controverse-au-royaume-uni-musk-compare-le-traitement-des-musulmans-et-de-l-extreme-droite\\\/215689\\\/\",\"url\":\"https:\\\/\\\/www.webdo.tn\\\/fr\\\/actualite\\\/international\\\/controverse-au-royaume-uni-musk-compare-le-traitement-des-musulmans-et-de-l-extreme-droite\\\/215689\\\/\",\"name\":\"Controverse au Royaume-Uni : Musk compare le traitement des musulmans et de l'extr\u00eame droite\",\"isPartOf\":{\"@id\":\"https:\\\/\\\/www.webdo.tn\\\/fr\\\/#website\"},\"primaryImageOfPage\":{\"@id\":\"https:\\\/\\\/www.webdo.tn\\\/fr\\\/actualite\\\/international\\\/controverse-au-royaume-uni-musk-compare-le-traitement-des-musulmans-et-de-l-extreme-droite\\\/215689\\\/#primaryimage\"},\"image\":{\"@id\":\"https:\\\/\\\/www.webdo.tn\\\/fr\\\/actualite\\\/international\\\/controverse-au-royaume-uni-musk-compare-le-traitement-des-musulmans-et-de-l-extreme-droite\\\/215689\\\/#primaryimage\"},\"thumbnailUrl\":\"https:\\\/\\\/www.webdo.tn\\\/fr\\\/wp-content\\\/uploads\\\/2024\\\/08\\\/c97e3c977c519f480160c7345ae8cd68.webp\",\"datePublished\":\"2024-08-07T09:59:00+00:00\",\"dateModified\":\"2025-05-14T09:52:13+00:00\",\"description\":\"Elon Musk provoque la col\u00e8re du gouvernement britannique avec des commentaires controvers\u00e9s sur les \u00e9meutes d'extr\u00eame droite et le traitement judiciaire des mus...\",\"breadcrumb\":{\"@id\":\"https:\\\/\\\/www.webdo.tn\\\/fr\\\/actualite\\\/international\\\/controverse-au-royaume-uni-musk-compare-le-traitement-des-musulmans-et-de-l-extreme-droite\\\/215689\\\/#breadcrumb\"},\"inLanguage\":\"fr-FR\",\"potentialAction\":[{\"@type\":\"ReadAction\",\"target\":[\"https:\\\/\\\/www.webdo.tn\\\/fr\\\/actualite\\\/international\\\/controverse-au-royaume-uni-musk-compare-le-traitement-des-musulmans-et-de-l-extreme-droite\\\/215689\\\/\"]}]},{\"@type\":\"ImageObject\",\"inLanguage\":\"fr-FR\",\"@id\":\"https:\\\/\\\/www.webdo.tn\\\/fr\\\/actualite\\\/international\\\/controverse-au-royaume-uni-musk-compare-le-traitement-des-musulmans-et-de-l-extreme-droite\\\/215689\\\/#primaryimage\",\"url\":\"https:\\\/\\\/www.webdo.tn\\\/fr\\\/wp-content\\\/uploads\\\/2024\\\/08\\\/c97e3c977c519f480160c7345ae8cd68.webp\",\"contentUrl\":\"https:\\\/\\\/www.webdo.tn\\\/fr\\\/wp-content\\\/uploads\\\/2024\\\/08\\\/c97e3c977c519f480160c7345ae8cd68.webp\",\"width\":750,\"height\":400,\"caption\":\"Controverse au Royaume-Uni : Musk compare le traitement des musulmans et de l'extr\u00eame droite\"},{\"@type\":\"BreadcrumbList\",\"@id\":\"https:\\\/\\\/www.webdo.tn\\\/fr\\\/actualite\\\/international\\\/controverse-au-royaume-uni-musk-compare-le-traitement-des-musulmans-et-de-l-extreme-droite\\\/215689\\\/#breadcrumb\",\"itemListElement\":[{\"@type\":\"ListItem\",\"position\":1,\"name\":\"Accueil\",\"item\":\"https:\\\/\\\/www.webdo.tn\\\/fr\\\/\"},{\"@type\":\"ListItem\",\"position\":2,\"name\":\"Controverse au Royaume-Uni : Musk compare le traitement des musulmans et de l&rsquo;extr\u00eame droite\"}]},{\"@type\":\"WebSite\",\"@id\":\"https:\\\/\\\/www.webdo.tn\\\/fr\\\/#website\",\"url\":\"https:\\\/\\\/www.webdo.tn\\\/fr\\\/\",\"name\":\"webdo\",\"description\":\"Tunisie - News en Tunisie et \u00e0 l&#039;international sur Webdo.tn\",\"publisher\":{\"@id\":\"https:\\\/\\\/www.webdo.tn\\\/fr\\\/#organization\"},\"potentialAction\":[{\"@type\":\"SearchAction\",\"target\":{\"@type\":\"EntryPoint\",\"urlTemplate\":\"https:\\\/\\\/www.webdo.tn\\\/fr\\\/?s={search_term_string}\"},\"query-input\":{\"@type\":\"PropertyValueSpecification\",\"valueRequired\":true,\"valueName\":\"search_term_string\"}}],\"inLanguage\":\"fr-FR\"},{\"@type\":\"Organization\",\"@id\":\"https:\\\/\\\/www.webdo.tn\\\/fr\\\/#organization\",\"name\":\"Webdo\",\"alternateName\":\"Webdo.tn\",\"url\":\"https:\\\/\\\/www.webdo.tn\\\/fr\\\/\",\"logo\":{\"@type\":\"ImageObject\",\"inLanguage\":\"fr-FR\",\"@id\":\"https:\\\/\\\/www.webdo.tn\\\/fr\\\/#\\\/schema\\\/logo\\\/image\\\/\",\"url\":\"https:\\\/\\\/www.webdo.tn\\\/fr\\\/wp-content\\\/uploads\\\/2025\\\/06\\\/Webdo-Tunisie_168377.jpg\",\"contentUrl\":\"https:\\\/\\\/www.webdo.tn\\\/fr\\\/wp-content\\\/uploads\\\/2025\\\/06\\\/Webdo-Tunisie_168377.jpg\",\"width\":301,\"height\":301,\"caption\":\"Webdo\"},\"image\":{\"@id\":\"https:\\\/\\\/www.webdo.tn\\\/fr\\\/#\\\/schema\\\/logo\\\/image\\\/\"},\"sameAs\":[\"https:\\\/\\\/www.facebook.com\\\/webdotn\",\"https:\\\/\\\/x.com\\\/webdo_tn\"],\"description\":\"Webdo est un m\u00e9dia num\u00e9rique tunisien fond\u00e9 en 2010, sp\u00e9cialis\u00e9 dans l\u2019actualit\u00e9 nationale et internationale, l\u2019\u00e9conomie, la soci\u00e9t\u00e9 et les analyses politiques. Le site s\u2019adresse \u00e0 un large public francophone et couvre l\u2019information tunisienne en temps r\u00e9el.\",\"email\":\"redac@webdo.tn\",\"legalName\":\"YNJ SARL\",\"foundingDate\":\"2010-09-06\",\"numberOfEmployees\":{\"@type\":\"QuantitativeValue\",\"minValue\":\"11\",\"maxValue\":\"50\"}},{\"@type\":\"Person\",\"@id\":\"https:\\\/\\\/www.webdo.tn\\\/fr\\\/#\\\/schema\\\/person\\\/5663044c25eb36d8f88ba5b653f12f8c\",\"name\":\"Ramzi Haddad\",\"image\":{\"@type\":\"ImageObject\",\"inLanguage\":\"fr-FR\",\"@id\":\"https:\\\/\\\/www.webdo.tn\\\/fr\\\/wp-content\\\/uploads\\\/2026\\\/04\\\/ramzi-haddad_avatar-96x96.jpg\",\"url\":\"https:\\\/\\\/www.webdo.tn\\\/fr\\\/wp-content\\\/uploads\\\/2026\\\/04\\\/ramzi-haddad_avatar-96x96.jpg\",\"contentUrl\":\"https:\\\/\\\/www.webdo.tn\\\/fr\\\/wp-content\\\/uploads\\\/2026\\\/04\\\/ramzi-haddad_avatar-96x96.jpg\",\"caption\":\"Ramzi Haddad\"},\"description\":\"Signature \u00e9ditoriale de Walid Ben Youssef Ramzi Haddad est le pseudonyme \u00e9ditorial de Walid Ben Youssef, fondateur et g\u00e9rant de Webdo.tn. Cette signature est d\u00e9di\u00e9e \u00e0 la couverture de l'actualit\u00e9 nationale et internationale, ainsi qu'aux analyses des dynamiques num\u00e9riques. Ce profil b\u00e9n\u00e9ficie de l'expertise de Walid Ben Youssef, pionnier du web en Tunisie depuis 2000 et dipl\u00f4m\u00e9 en Math\u00e9matiques pures de l'Universit\u00e9 d'Oregon. \u00c0 travers cette signature, la r\u00e9daction de Webdo garantit une information structur\u00e9e et v\u00e9rifi\u00e9e, fid\u00e8le aux standards journalistiques du m\u00e9dia.\",\"url\":\"https:\\\/\\\/www.webdo.tn\\\/fr\\\/actualite\\\/author\\\/ramzi-haddad\\\/\"}]}<\/script>\n<!-- \/ Yoast SEO Premium plugin. -->","yoast_head_json":{"title":"Controverse au Royaume-Uni : Musk compare le traitement des musulmans et de l'extr\u00eame droite","description":"Elon Musk provoque la col\u00e8re du gouvernement britannique avec des commentaires controvers\u00e9s sur les \u00e9meutes d'extr\u00eame droite et le traitement judiciaire des mus...","canonical":"https:\/\/www.webdo.tn\/fr\/actualite\/international\/controverse-au-royaume-uni-musk-compare-le-traitement-des-musulmans-et-de-l-extreme-droite\/215689\/","og_locale":"fr_FR","og_type":"article","og_title":"Controverse au Royaume-Uni : Musk compare le traitement des musulmans et de l'extr\u00eame droite","og_description":"Elon Musk provoque la col\u00e8re du gouvernement britannique avec des commentaires controvers\u00e9s sur les \u00e9meutes d'extr\u00eame droite et le traitement judiciaire des mus...","og_url":"https:\/\/www.webdo.tn\/fr\/actualite\/international\/controverse-au-royaume-uni-musk-compare-le-traitement-des-musulmans-et-de-l-extreme-droite\/215689\/","og_site_name":"webdo","article_publisher":"https:\/\/www.facebook.com\/webdotn","article_published_time":"2024-08-07T09:59:00+00:00","article_modified_time":"2025-05-14T09:52:13+00:00","og_image":[{"width":750,"height":400,"url":"https:\/\/www.webdo.tn\/fr\/wp-content\/uploads\/2024\/08\/c97e3c977c519f480160c7345ae8cd68.webp","type":"image\/webp"}],"author":"Ramzi Haddad","twitter_card":"summary_large_image","twitter_creator":"@webdo_tn","twitter_site":"@webdo_tn","twitter_misc":{"\u00c9crit par":"Ramzi Haddad","Dur\u00e9e de lecture estim\u00e9e":"1 minute"},"schema":{"@context":"https:\/\/schema.org","@graph":[{"@type":"NewsArticle","@id":"https:\/\/www.webdo.tn\/fr\/actualite\/international\/controverse-au-royaume-uni-musk-compare-le-traitement-des-musulmans-et-de-l-extreme-droite\/215689\/#article","isPartOf":{"@id":"https:\/\/www.webdo.tn\/fr\/actualite\/international\/controverse-au-royaume-uni-musk-compare-le-traitement-des-musulmans-et-de-l-extreme-droite\/215689\/"},"author":{"name":"Ramzi Haddad","@id":"https:\/\/www.webdo.tn\/fr\/#\/schema\/person\/5663044c25eb36d8f88ba5b653f12f8c"},"headline":"Controverse au Royaume-Uni : Musk compare le traitement des musulmans et de l&rsquo;extr\u00eame droite","datePublished":"2024-08-07T09:59:00+00:00","dateModified":"2025-05-14T09:52:13+00:00","mainEntityOfPage":{"@id":"https:\/\/www.webdo.tn\/fr\/actualite\/international\/controverse-au-royaume-uni-musk-compare-le-traitement-des-musulmans-et-de-l-extreme-droite\/215689\/"},"wordCount":207,"commentCount":0,"publisher":{"@id":"https:\/\/www.webdo.tn\/fr\/#organization"},"image":{"@id":"https:\/\/www.webdo.tn\/fr\/actualite\/international\/controverse-au-royaume-uni-musk-compare-le-traitement-des-musulmans-et-de-l-extreme-droite\/215689\/#primaryimage"},"thumbnailUrl":"https:\/\/www.webdo.tn\/fr\/wp-content\/uploads\/2024\/08\/c97e3c977c519f480160c7345ae8cd68.webp","keywords":["Elon Musk","Emeutes","extr\u00eame droite","Musulmans","royaume-uni"],"articleSection":["International"],"inLanguage":"fr-FR"},{"@type":"WebPage","@id":"https:\/\/www.webdo.tn\/fr\/actualite\/international\/controverse-au-royaume-uni-musk-compare-le-traitement-des-musulmans-et-de-l-extreme-droite\/215689\/","url":"https:\/\/www.webdo.tn\/fr\/actualite\/international\/controverse-au-royaume-uni-musk-compare-le-traitement-des-musulmans-et-de-l-extreme-droite\/215689\/","name":"Controverse au Royaume-Uni : Musk compare le traitement des musulmans et de l'extr\u00eame droite","isPartOf":{"@id":"https:\/\/www.webdo.tn\/fr\/#website"},"primaryImageOfPage":{"@id":"https:\/\/www.webdo.tn\/fr\/actualite\/international\/controverse-au-royaume-uni-musk-compare-le-traitement-des-musulmans-et-de-l-extreme-droite\/215689\/#primaryimage"},"image":{"@id":"https:\/\/www.webdo.tn\/fr\/actualite\/international\/controverse-au-royaume-uni-musk-compare-le-traitement-des-musulmans-et-de-l-extreme-droite\/215689\/#primaryimage"},"thumbnailUrl":"https:\/\/www.webdo.tn\/fr\/wp-content\/uploads\/2024\/08\/c97e3c977c519f480160c7345ae8cd68.webp","datePublished":"2024-08-07T09:59:00+00:00","dateModified":"2025-05-14T09:52:13+00:00","description":"Elon Musk provoque la col\u00e8re du gouvernement britannique avec des commentaires controvers\u00e9s sur les \u00e9meutes d'extr\u00eame droite et le traitement judiciaire des mus...","breadcrumb":{"@id":"https:\/\/www.webdo.tn\/fr\/actualite\/international\/controverse-au-royaume-uni-musk-compare-le-traitement-des-musulmans-et-de-l-extreme-droite\/215689\/#breadcrumb"},"inLanguage":"fr-FR","potentialAction":[{"@type":"ReadAction","target":["https:\/\/www.webdo.tn\/fr\/actualite\/international\/controverse-au-royaume-uni-musk-compare-le-traitement-des-musulmans-et-de-l-extreme-droite\/215689\/"]}]},{"@type":"ImageObject","inLanguage":"fr-FR","@id":"https:\/\/www.webdo.tn\/fr\/actualite\/international\/controverse-au-royaume-uni-musk-compare-le-traitement-des-musulmans-et-de-l-extreme-droite\/215689\/#primaryimage","url":"https:\/\/www.webdo.tn\/fr\/wp-content\/uploads\/2024\/08\/c97e3c977c519f480160c7345ae8cd68.webp","contentUrl":"https:\/\/www.webdo.tn\/fr\/wp-content\/uploads\/2024\/08\/c97e3c977c519f480160c7345ae8cd68.webp","width":750,"height":400,"caption":"Controverse au Royaume-Uni : Musk compare le traitement des musulmans et de l'extr\u00eame droite"},{"@type":"BreadcrumbList","@id":"https:\/\/www.webdo.tn\/fr\/actualite\/international\/controverse-au-royaume-uni-musk-compare-le-traitement-des-musulmans-et-de-l-extreme-droite\/215689\/#breadcrumb","itemListElement":[{"@type":"ListItem","position":1,"name":"Accueil","item":"https:\/\/www.webdo.tn\/fr\/"},{"@type":"ListItem","position":2,"name":"Controverse au Royaume-Uni : Musk compare le traitement des musulmans et de l&rsquo;extr\u00eame droite"}]},{"@type":"WebSite","@id":"https:\/\/www.webdo.tn\/fr\/#website","url":"https:\/\/www.webdo.tn\/fr\/","name":"webdo","description":"Tunisie - News en Tunisie et \u00e0 l&#039;international sur Webdo.tn","publisher":{"@id":"https:\/\/www.webdo.tn\/fr\/#organization"},"potentialAction":[{"@type":"SearchAction","target":{"@type":"EntryPoint","urlTemplate":"https:\/\/www.webdo.tn\/fr\/?s={search_term_string}"},"query-input":{"@type":"PropertyValueSpecification","valueRequired":true,"valueName":"search_term_string"}}],"inLanguage":"fr-FR"},{"@type":"Organization","@id":"https:\/\/www.webdo.tn\/fr\/#organization","name":"Webdo","alternateName":"Webdo.tn","url":"https:\/\/www.webdo.tn\/fr\/","logo":{"@type":"ImageObject","inLanguage":"fr-FR","@id":"https:\/\/www.webdo.tn\/fr\/#\/schema\/logo\/image\/","url":"https:\/\/www.webdo.tn\/fr\/wp-content\/uploads\/2025\/06\/Webdo-Tunisie_168377.jpg","contentUrl":"https:\/\/www.webdo.tn\/fr\/wp-content\/uploads\/2025\/06\/Webdo-Tunisie_168377.jpg","width":301,"height":301,"caption":"Webdo"},"image":{"@id":"https:\/\/www.webdo.tn\/fr\/#\/schema\/logo\/image\/"},"sameAs":["https:\/\/www.facebook.com\/webdotn","https:\/\/x.com\/webdo_tn"],"description":"Webdo est un m\u00e9dia num\u00e9rique tunisien fond\u00e9 en 2010, sp\u00e9cialis\u00e9 dans l\u2019actualit\u00e9 nationale et internationale, l\u2019\u00e9conomie, la soci\u00e9t\u00e9 et les analyses politiques. Le site s\u2019adresse \u00e0 un large public francophone et couvre l\u2019information tunisienne en temps r\u00e9el.","email":"redac@webdo.tn","legalName":"YNJ SARL","foundingDate":"2010-09-06","numberOfEmployees":{"@type":"QuantitativeValue","minValue":"11","maxValue":"50"}},{"@type":"Person","@id":"https:\/\/www.webdo.tn\/fr\/#\/schema\/person\/5663044c25eb36d8f88ba5b653f12f8c","name":"Ramzi Haddad","image":{"@type":"ImageObject","inLanguage":"fr-FR","@id":"https:\/\/www.webdo.tn\/fr\/wp-content\/uploads\/2026\/04\/ramzi-haddad_avatar-96x96.jpg","url":"https:\/\/www.webdo.tn\/fr\/wp-content\/uploads\/2026\/04\/ramzi-haddad_avatar-96x96.jpg","contentUrl":"https:\/\/www.webdo.tn\/fr\/wp-content\/uploads\/2026\/04\/ramzi-haddad_avatar-96x96.jpg","caption":"Ramzi Haddad"},"description":"Signature \u00e9ditoriale de Walid Ben Youssef Ramzi Haddad est le pseudonyme \u00e9ditorial de Walid Ben Youssef, fondateur et g\u00e9rant de Webdo.tn. Cette signature est d\u00e9di\u00e9e \u00e0 la couverture de l'actualit\u00e9 nationale et internationale, ainsi qu'aux analyses des dynamiques num\u00e9riques. Ce profil b\u00e9n\u00e9ficie de l'expertise de Walid Ben Youssef, pionnier du web en Tunisie depuis 2000 et dipl\u00f4m\u00e9 en Math\u00e9matiques pures de l'Universit\u00e9 d'Oregon. \u00c0 travers cette signature, la r\u00e9daction de Webdo garantit une information structur\u00e9e et v\u00e9rifi\u00e9e, fid\u00e8le aux standards journalistiques du m\u00e9dia.","url":"https:\/\/www.webdo.tn\/fr\/actualite\/author\/ramzi-haddad\/"}]}},"_links":{"self":[{"href":"https:\/\/www.webdo.tn\/fr\/wp-json\/wp\/v2\/posts\/215689","targetHints":{"allow":["GET"]}}],"collection":[{"href":"https:\/\/www.webdo.tn\/fr\/wp-json\/wp\/v2\/posts"}],"about":[{"href":"https:\/\/www.webdo.tn\/fr\/wp-json\/wp\/v2\/types\/post"}],"author":[{"embeddable":true,"href":"https:\/\/www.webdo.tn\/fr\/wp-json\/wp\/v2\/users\/3203"}],"replies":[{"embeddable":true,"href":"https:\/\/www.webdo.tn\/fr\/wp-json\/wp\/v2\/comments?post=215689"}],"version-history":[{"count":0,"href":"https:\/\/www.webdo.tn\/fr\/wp-json\/wp\/v2\/posts\/215689\/revisions"}],"wp:featuredmedia":[{"embeddable":true,"href":"https:\/\/www.webdo.tn\/fr\/wp-json\/wp\/v2\/media\/246838"}],"wp:attachment":[{"href":"https:\/\/www.webdo.tn\/fr\/wp-json\/wp\/v2\/media?parent=215689"}],"wp:term":[{"taxonomy":"category","embeddable":true,"href":"https:\/\/www.webdo.tn\/fr\/wp-json\/wp\/v2\/categories?post=215689"},{"taxonomy":"post_tag","embeddable":true,"href":"https:\/\/www.webdo.tn\/fr\/wp-json\/wp\/v2\/tags?post=215689"}],"curies":[{"name":"wp","href":"https:\/\/api.w.org\/{rel}","templated":true}]}}