{"id":215680,"date":"2024-08-06T18:08:00","date_gmt":"2024-08-06T18:08:00","guid":{"rendered":"https:\/\/www.webdo.tn\/fr\/blog\/bilan-du-trafic-aerien-tunisien-13-2-sur-les-sept-premiers-mois-de-l-annee\/215680\/"},"modified":"2025-05-14T09:52:11","modified_gmt":"2025-05-14T09:52:11","slug":"bilan-du-trafic-aerien-tunisien-13-2-sur-les-sept-premiers-mois-de-l-annee","status":"publish","type":"post","link":"https:\/\/www.webdo.tn\/fr\/actualite\/national\/bilan-du-trafic-aerien-tunisien-13-2-sur-les-sept-premiers-mois-de-l-annee\/215680\/","title":{"rendered":"Bilan du trafic a\u00e9rien tunisien : +13,2% sur les sept premiers mois de l&rsquo;ann\u00e9e"},"content":{"rendered":"<p>La Tunisie a enregistr\u00e9 une augmentation significative du trafic a\u00e9rien au cours des sept premiers mois de 2024, avec pr\u00e8s de 6,775 millions de passagers transitant par les a\u00e9roports g\u00e9r\u00e9s par l&rsquo;Office de l&rsquo;Aviation Civile et des A\u00e9roports et la soci\u00e9t\u00e9 TAV, rapporte l&rsquo;agence Tap. Cette performance repr\u00e9sente une hausse de 13,2% par rapport \u00e0 la m\u00eame p\u00e9riode en 2023.<\/p>\n<p>\t\t\t\t\t\t\t\t\tLes a\u00e9roports sous la gestion de l&rsquo;Office de l&rsquo;Aviation Civile et des A\u00e9roports ont accueilli environ 5,297 millions de voyageurs, soit une croissance de 9,9% en glissement annuel.<\/p>\n<p>L&rsquo;a\u00e9roport international de Tunis-Carthage a vu passer pr\u00e8s de 4,035 millions de passagers, affichant une augmentation de 9%. L&rsquo;a\u00e9roport de Djerba-Zarzis a quant \u00e0 lui accueilli environ 1,145 million de voyageurs, enregistrant une progression de 13,1%.<\/p>\n<p>L&rsquo;a\u00e9roport de Sfax-Thyna a connu une hausse de 3,6% avec pr\u00e8s de 94 000 passagers, tandis que l&rsquo;a\u00e9roport de Tozeur-Nefta a connu une croissance spectaculaire de 120,2% avec environ 18 700 voyageurs. En revanche, l&rsquo;a\u00e9roport de Tabarka-A\u00efn Draham a vu son trafic diminuer de 1,8% avec 1 730 passagers.<\/p>\n<p>Ces chiffres t\u00e9moignent d&rsquo;une reprise robuste du secteur a\u00e9rien tunisien, laissant pr\u00e9sager des perspectives prometteuses pour l&rsquo;industrie touristique du pays.<\/p>\n","protected":false},"excerpt":{"rendered":"<p>D\u00e9couvrez l&rsquo;augmentation significative du trafic a\u00e9rien en Tunisie avec une hausse de 13,2% sur les sept premiers mois de 2024. Pr\u00e8s de 6,775 millions de passag&#8230;<\/p>\n","protected":false},"author":4779,"featured_media":246834,"comment_status":"open","ping_status":"closed","sticky":false,"template":"","format":"standard","meta":{"footnotes":""},"categories":[44],"tags":[4827,3854,4502,2608],"class_list":["post-215680","post","type-post","status-publish","format-standard","has-post-thumbnail","hentry","category-national","tag-aeroports","tag-croissance","tag-trafic-aerien","tag-tunisie"],"yoast_head":"<!-- This site is optimized with the Yoast SEO Premium plugin v27.4 (Yoast SEO v27.5) - https:\/\/yoast.com\/product\/yoast-seo-premium-wordpress\/ -->\n<title>Bilan du trafic a\u00e9rien tunisien : +13,2% sur les sept premiers mois de l&#039;ann\u00e9e<\/title>\n<meta name=\"description\" content=\"D\u00e9couvrez l&#039;augmentation significative du trafic a\u00e9rien en Tunisie avec une hausse de 13,2% sur les sept premiers mois de 2024. Pr\u00e8s de 6,775 millions de passag...\" \/>\n<link rel=\"canonical\" href=\"https:\/\/www.webdo.tn\/fr\/actualite\/national\/bilan-du-trafic-aerien-tunisien-13-2-sur-les-sept-premiers-mois-de-l-annee\/215680\/\" \/>\n<meta property=\"og:locale\" content=\"fr_FR\" \/>\n<meta property=\"og:type\" content=\"article\" \/>\n<meta property=\"og:title\" content=\"Bilan du trafic a\u00e9rien tunisien : +13,2% sur les sept premiers mois de l&#039;ann\u00e9e\" \/>\n<meta property=\"og:description\" content=\"D\u00e9couvrez l&#039;augmentation significative du trafic a\u00e9rien en Tunisie avec une hausse de 13,2% sur les sept premiers mois de 2024. Pr\u00e8s de 6,775 millions de passag...\" \/>\n<meta property=\"og:url\" content=\"https:\/\/www.webdo.tn\/fr\/actualite\/national\/bilan-du-trafic-aerien-tunisien-13-2-sur-les-sept-premiers-mois-de-l-annee\/215680\/\" \/>\n<meta property=\"og:site_name\" content=\"webdo\" \/>\n<meta property=\"article:publisher\" content=\"https:\/\/www.facebook.com\/webdotn\" \/>\n<meta property=\"article:published_time\" content=\"2024-08-06T18:08:00+00:00\" \/>\n<meta property=\"article:modified_time\" content=\"2025-05-14T09:52:11+00:00\" \/>\n<meta property=\"og:image\" content=\"https:\/\/www.webdo.tn\/fr\/wp-content\/uploads\/2024\/08\/61ce7c8e5752d30e41cc4ee871958ecc.webp\" \/>\n\t<meta property=\"og:image:width\" content=\"750\" \/>\n\t<meta property=\"og:image:height\" content=\"400\" \/>\n\t<meta property=\"og:image:type\" content=\"image\/webp\" \/>\n<meta name=\"author\" content=\"Firas Ben Abdeltif\" \/>\n<meta name=\"twitter:card\" content=\"summary_large_image\" \/>\n<meta name=\"twitter:creator\" content=\"@webdo_tn\" \/>\n<meta name=\"twitter:site\" content=\"@webdo_tn\" \/>\n<meta name=\"twitter:label1\" content=\"\u00c9crit par\" \/>\n\t<meta name=\"twitter:data1\" content=\"Firas Ben Abdeltif\" \/>\n\t<meta name=\"twitter:label2\" content=\"Dur\u00e9e de lecture estim\u00e9e\" \/>\n\t<meta name=\"twitter:data2\" content=\"1 minute\" \/>\n<script type=\"application\/ld+json\" class=\"yoast-schema-graph\">{\"@context\":\"https:\\\/\\\/schema.org\",\"@graph\":[{\"@type\":\"NewsArticle\",\"@id\":\"https:\\\/\\\/www.webdo.tn\\\/fr\\\/actualite\\\/national\\\/bilan-du-trafic-aerien-tunisien-13-2-sur-les-sept-premiers-mois-de-l-annee\\\/215680\\\/#article\",\"isPartOf\":{\"@id\":\"https:\\\/\\\/www.webdo.tn\\\/fr\\\/actualite\\\/national\\\/bilan-du-trafic-aerien-tunisien-13-2-sur-les-sept-premiers-mois-de-l-annee\\\/215680\\\/\"},\"author\":{\"name\":\"Firas Ben Abdeltif\",\"@id\":\"https:\\\/\\\/www.webdo.tn\\\/fr\\\/#\\\/schema\\\/person\\\/19664196c9bfdcda126f3c27709f7d11\"},\"headline\":\"Bilan du trafic a\u00e9rien tunisien : +13,2% sur les sept premiers mois de l&rsquo;ann\u00e9e\",\"datePublished\":\"2024-08-06T18:08:00+00:00\",\"dateModified\":\"2025-05-14T09:52:11+00:00\",\"mainEntityOfPage\":{\"@id\":\"https:\\\/\\\/www.webdo.tn\\\/fr\\\/actualite\\\/national\\\/bilan-du-trafic-aerien-tunisien-13-2-sur-les-sept-premiers-mois-de-l-annee\\\/215680\\\/\"},\"wordCount\":222,\"commentCount\":0,\"publisher\":{\"@id\":\"https:\\\/\\\/www.webdo.tn\\\/fr\\\/#organization\"},\"image\":{\"@id\":\"https:\\\/\\\/www.webdo.tn\\\/fr\\\/actualite\\\/national\\\/bilan-du-trafic-aerien-tunisien-13-2-sur-les-sept-premiers-mois-de-l-annee\\\/215680\\\/#primaryimage\"},\"thumbnailUrl\":\"https:\\\/\\\/www.webdo.tn\\\/fr\\\/wp-content\\\/uploads\\\/2024\\\/08\\\/61ce7c8e5752d30e41cc4ee871958ecc.webp\",\"keywords\":[\"a\u00e9roports\",\"Croissance\",\"trafic a\u00e9rien\",\"Tunisie\"],\"articleSection\":[\"National\"],\"inLanguage\":\"fr-FR\"},{\"@type\":\"WebPage\",\"@id\":\"https:\\\/\\\/www.webdo.tn\\\/fr\\\/actualite\\\/national\\\/bilan-du-trafic-aerien-tunisien-13-2-sur-les-sept-premiers-mois-de-l-annee\\\/215680\\\/\",\"url\":\"https:\\\/\\\/www.webdo.tn\\\/fr\\\/actualite\\\/national\\\/bilan-du-trafic-aerien-tunisien-13-2-sur-les-sept-premiers-mois-de-l-annee\\\/215680\\\/\",\"name\":\"Bilan du trafic a\u00e9rien tunisien : +13,2% sur les sept premiers mois de l'ann\u00e9e\",\"isPartOf\":{\"@id\":\"https:\\\/\\\/www.webdo.tn\\\/fr\\\/#website\"},\"primaryImageOfPage\":{\"@id\":\"https:\\\/\\\/www.webdo.tn\\\/fr\\\/actualite\\\/national\\\/bilan-du-trafic-aerien-tunisien-13-2-sur-les-sept-premiers-mois-de-l-annee\\\/215680\\\/#primaryimage\"},\"image\":{\"@id\":\"https:\\\/\\\/www.webdo.tn\\\/fr\\\/actualite\\\/national\\\/bilan-du-trafic-aerien-tunisien-13-2-sur-les-sept-premiers-mois-de-l-annee\\\/215680\\\/#primaryimage\"},\"thumbnailUrl\":\"https:\\\/\\\/www.webdo.tn\\\/fr\\\/wp-content\\\/uploads\\\/2024\\\/08\\\/61ce7c8e5752d30e41cc4ee871958ecc.webp\",\"datePublished\":\"2024-08-06T18:08:00+00:00\",\"dateModified\":\"2025-05-14T09:52:11+00:00\",\"description\":\"D\u00e9couvrez l'augmentation significative du trafic a\u00e9rien en Tunisie avec une hausse de 13,2% sur les sept premiers mois de 2024. Pr\u00e8s de 6,775 millions de passag...\",\"breadcrumb\":{\"@id\":\"https:\\\/\\\/www.webdo.tn\\\/fr\\\/actualite\\\/national\\\/bilan-du-trafic-aerien-tunisien-13-2-sur-les-sept-premiers-mois-de-l-annee\\\/215680\\\/#breadcrumb\"},\"inLanguage\":\"fr-FR\",\"potentialAction\":[{\"@type\":\"ReadAction\",\"target\":[\"https:\\\/\\\/www.webdo.tn\\\/fr\\\/actualite\\\/national\\\/bilan-du-trafic-aerien-tunisien-13-2-sur-les-sept-premiers-mois-de-l-annee\\\/215680\\\/\"]}]},{\"@type\":\"ImageObject\",\"inLanguage\":\"fr-FR\",\"@id\":\"https:\\\/\\\/www.webdo.tn\\\/fr\\\/actualite\\\/national\\\/bilan-du-trafic-aerien-tunisien-13-2-sur-les-sept-premiers-mois-de-l-annee\\\/215680\\\/#primaryimage\",\"url\":\"https:\\\/\\\/www.webdo.tn\\\/fr\\\/wp-content\\\/uploads\\\/2024\\\/08\\\/61ce7c8e5752d30e41cc4ee871958ecc.webp\",\"contentUrl\":\"https:\\\/\\\/www.webdo.tn\\\/fr\\\/wp-content\\\/uploads\\\/2024\\\/08\\\/61ce7c8e5752d30e41cc4ee871958ecc.webp\",\"width\":750,\"height\":400,\"caption\":\"Bilan du trafic a\u00e9rien tunisien : +13,2% sur les sept premiers mois de l'ann\u00e9e\"},{\"@type\":\"BreadcrumbList\",\"@id\":\"https:\\\/\\\/www.webdo.tn\\\/fr\\\/actualite\\\/national\\\/bilan-du-trafic-aerien-tunisien-13-2-sur-les-sept-premiers-mois-de-l-annee\\\/215680\\\/#breadcrumb\",\"itemListElement\":[{\"@type\":\"ListItem\",\"position\":1,\"name\":\"Accueil\",\"item\":\"https:\\\/\\\/www.webdo.tn\\\/fr\\\/\"},{\"@type\":\"ListItem\",\"position\":2,\"name\":\"Bilan du trafic a\u00e9rien tunisien : +13,2% sur les sept premiers mois de l&#8217;ann\u00e9e\"}]},{\"@type\":\"WebSite\",\"@id\":\"https:\\\/\\\/www.webdo.tn\\\/fr\\\/#website\",\"url\":\"https:\\\/\\\/www.webdo.tn\\\/fr\\\/\",\"name\":\"webdo\",\"description\":\"Tunisie - News en Tunisie et \u00e0 l&#039;international sur Webdo.tn\",\"publisher\":{\"@id\":\"https:\\\/\\\/www.webdo.tn\\\/fr\\\/#organization\"},\"potentialAction\":[{\"@type\":\"SearchAction\",\"target\":{\"@type\":\"EntryPoint\",\"urlTemplate\":\"https:\\\/\\\/www.webdo.tn\\\/fr\\\/?s={search_term_string}\"},\"query-input\":{\"@type\":\"PropertyValueSpecification\",\"valueRequired\":true,\"valueName\":\"search_term_string\"}}],\"inLanguage\":\"fr-FR\"},{\"@type\":\"Organization\",\"@id\":\"https:\\\/\\\/www.webdo.tn\\\/fr\\\/#organization\",\"name\":\"Webdo\",\"alternateName\":\"Webdo.tn\",\"url\":\"https:\\\/\\\/www.webdo.tn\\\/fr\\\/\",\"logo\":{\"@type\":\"ImageObject\",\"inLanguage\":\"fr-FR\",\"@id\":\"https:\\\/\\\/www.webdo.tn\\\/fr\\\/#\\\/schema\\\/logo\\\/image\\\/\",\"url\":\"https:\\\/\\\/www.webdo.tn\\\/fr\\\/wp-content\\\/uploads\\\/2025\\\/06\\\/Webdo-Tunisie_168377.jpg\",\"contentUrl\":\"https:\\\/\\\/www.webdo.tn\\\/fr\\\/wp-content\\\/uploads\\\/2025\\\/06\\\/Webdo-Tunisie_168377.jpg\",\"width\":301,\"height\":301,\"caption\":\"Webdo\"},\"image\":{\"@id\":\"https:\\\/\\\/www.webdo.tn\\\/fr\\\/#\\\/schema\\\/logo\\\/image\\\/\"},\"sameAs\":[\"https:\\\/\\\/www.facebook.com\\\/webdotn\",\"https:\\\/\\\/x.com\\\/webdo_tn\"],\"description\":\"Webdo est un m\u00e9dia num\u00e9rique tunisien fond\u00e9 en 2010, sp\u00e9cialis\u00e9 dans l\u2019actualit\u00e9 nationale et internationale, l\u2019\u00e9conomie, la soci\u00e9t\u00e9 et les analyses politiques. Le site s\u2019adresse \u00e0 un large public francophone et couvre l\u2019information tunisienne en temps r\u00e9el.\",\"email\":\"redac@webdo.tn\",\"legalName\":\"YNJ SARL\",\"foundingDate\":\"2010-09-06\",\"numberOfEmployees\":{\"@type\":\"QuantitativeValue\",\"minValue\":\"11\",\"maxValue\":\"50\"}},{\"@type\":\"Person\",\"@id\":\"https:\\\/\\\/www.webdo.tn\\\/fr\\\/#\\\/schema\\\/person\\\/19664196c9bfdcda126f3c27709f7d11\",\"name\":\"Firas Ben Abdeltif\",\"image\":{\"@type\":\"ImageObject\",\"inLanguage\":\"fr-FR\",\"@id\":\"https:\\\/\\\/secure.gravatar.com\\\/avatar\\\/161a347d40df098a084778c52ed133dbd85f14df003867067c5948081241ec55?s=96&d=mm&r=g\",\"url\":\"https:\\\/\\\/secure.gravatar.com\\\/avatar\\\/161a347d40df098a084778c52ed133dbd85f14df003867067c5948081241ec55?s=96&d=mm&r=g\",\"contentUrl\":\"https:\\\/\\\/secure.gravatar.com\\\/avatar\\\/161a347d40df098a084778c52ed133dbd85f14df003867067c5948081241ec55?s=96&d=mm&r=g\",\"caption\":\"Firas Ben Abdeltif\"},\"url\":\"https:\\\/\\\/www.webdo.tn\\\/fr\\\/actualite\\\/author\\\/firas-ben-abdeltif\\\/\"}]}<\/script>\n<!-- \/ Yoast SEO Premium plugin. -->","yoast_head_json":{"title":"Bilan du trafic a\u00e9rien tunisien : +13,2% sur les sept premiers mois de l'ann\u00e9e","description":"D\u00e9couvrez l'augmentation significative du trafic a\u00e9rien en Tunisie avec une hausse de 13,2% sur les sept premiers mois de 2024. Pr\u00e8s de 6,775 millions de passag...","canonical":"https:\/\/www.webdo.tn\/fr\/actualite\/national\/bilan-du-trafic-aerien-tunisien-13-2-sur-les-sept-premiers-mois-de-l-annee\/215680\/","og_locale":"fr_FR","og_type":"article","og_title":"Bilan du trafic a\u00e9rien tunisien : +13,2% sur les sept premiers mois de l'ann\u00e9e","og_description":"D\u00e9couvrez l'augmentation significative du trafic a\u00e9rien en Tunisie avec une hausse de 13,2% sur les sept premiers mois de 2024. Pr\u00e8s de 6,775 millions de passag...","og_url":"https:\/\/www.webdo.tn\/fr\/actualite\/national\/bilan-du-trafic-aerien-tunisien-13-2-sur-les-sept-premiers-mois-de-l-annee\/215680\/","og_site_name":"webdo","article_publisher":"https:\/\/www.facebook.com\/webdotn","article_published_time":"2024-08-06T18:08:00+00:00","article_modified_time":"2025-05-14T09:52:11+00:00","og_image":[{"width":750,"height":400,"url":"https:\/\/www.webdo.tn\/fr\/wp-content\/uploads\/2024\/08\/61ce7c8e5752d30e41cc4ee871958ecc.webp","type":"image\/webp"}],"author":"Firas Ben Abdeltif","twitter_card":"summary_large_image","twitter_creator":"@webdo_tn","twitter_site":"@webdo_tn","twitter_misc":{"\u00c9crit par":"Firas Ben Abdeltif","Dur\u00e9e de lecture estim\u00e9e":"1 minute"},"schema":{"@context":"https:\/\/schema.org","@graph":[{"@type":"NewsArticle","@id":"https:\/\/www.webdo.tn\/fr\/actualite\/national\/bilan-du-trafic-aerien-tunisien-13-2-sur-les-sept-premiers-mois-de-l-annee\/215680\/#article","isPartOf":{"@id":"https:\/\/www.webdo.tn\/fr\/actualite\/national\/bilan-du-trafic-aerien-tunisien-13-2-sur-les-sept-premiers-mois-de-l-annee\/215680\/"},"author":{"name":"Firas Ben Abdeltif","@id":"https:\/\/www.webdo.tn\/fr\/#\/schema\/person\/19664196c9bfdcda126f3c27709f7d11"},"headline":"Bilan du trafic a\u00e9rien tunisien : +13,2% sur les sept premiers mois de l&rsquo;ann\u00e9e","datePublished":"2024-08-06T18:08:00+00:00","dateModified":"2025-05-14T09:52:11+00:00","mainEntityOfPage":{"@id":"https:\/\/www.webdo.tn\/fr\/actualite\/national\/bilan-du-trafic-aerien-tunisien-13-2-sur-les-sept-premiers-mois-de-l-annee\/215680\/"},"wordCount":222,"commentCount":0,"publisher":{"@id":"https:\/\/www.webdo.tn\/fr\/#organization"},"image":{"@id":"https:\/\/www.webdo.tn\/fr\/actualite\/national\/bilan-du-trafic-aerien-tunisien-13-2-sur-les-sept-premiers-mois-de-l-annee\/215680\/#primaryimage"},"thumbnailUrl":"https:\/\/www.webdo.tn\/fr\/wp-content\/uploads\/2024\/08\/61ce7c8e5752d30e41cc4ee871958ecc.webp","keywords":["a\u00e9roports","Croissance","trafic a\u00e9rien","Tunisie"],"articleSection":["National"],"inLanguage":"fr-FR"},{"@type":"WebPage","@id":"https:\/\/www.webdo.tn\/fr\/actualite\/national\/bilan-du-trafic-aerien-tunisien-13-2-sur-les-sept-premiers-mois-de-l-annee\/215680\/","url":"https:\/\/www.webdo.tn\/fr\/actualite\/national\/bilan-du-trafic-aerien-tunisien-13-2-sur-les-sept-premiers-mois-de-l-annee\/215680\/","name":"Bilan du trafic a\u00e9rien tunisien : +13,2% sur les sept premiers mois de l'ann\u00e9e","isPartOf":{"@id":"https:\/\/www.webdo.tn\/fr\/#website"},"primaryImageOfPage":{"@id":"https:\/\/www.webdo.tn\/fr\/actualite\/national\/bilan-du-trafic-aerien-tunisien-13-2-sur-les-sept-premiers-mois-de-l-annee\/215680\/#primaryimage"},"image":{"@id":"https:\/\/www.webdo.tn\/fr\/actualite\/national\/bilan-du-trafic-aerien-tunisien-13-2-sur-les-sept-premiers-mois-de-l-annee\/215680\/#primaryimage"},"thumbnailUrl":"https:\/\/www.webdo.tn\/fr\/wp-content\/uploads\/2024\/08\/61ce7c8e5752d30e41cc4ee871958ecc.webp","datePublished":"2024-08-06T18:08:00+00:00","dateModified":"2025-05-14T09:52:11+00:00","description":"D\u00e9couvrez l'augmentation significative du trafic a\u00e9rien en Tunisie avec une hausse de 13,2% sur les sept premiers mois de 2024. Pr\u00e8s de 6,775 millions de passag...","breadcrumb":{"@id":"https:\/\/www.webdo.tn\/fr\/actualite\/national\/bilan-du-trafic-aerien-tunisien-13-2-sur-les-sept-premiers-mois-de-l-annee\/215680\/#breadcrumb"},"inLanguage":"fr-FR","potentialAction":[{"@type":"ReadAction","target":["https:\/\/www.webdo.tn\/fr\/actualite\/national\/bilan-du-trafic-aerien-tunisien-13-2-sur-les-sept-premiers-mois-de-l-annee\/215680\/"]}]},{"@type":"ImageObject","inLanguage":"fr-FR","@id":"https:\/\/www.webdo.tn\/fr\/actualite\/national\/bilan-du-trafic-aerien-tunisien-13-2-sur-les-sept-premiers-mois-de-l-annee\/215680\/#primaryimage","url":"https:\/\/www.webdo.tn\/fr\/wp-content\/uploads\/2024\/08\/61ce7c8e5752d30e41cc4ee871958ecc.webp","contentUrl":"https:\/\/www.webdo.tn\/fr\/wp-content\/uploads\/2024\/08\/61ce7c8e5752d30e41cc4ee871958ecc.webp","width":750,"height":400,"caption":"Bilan du trafic a\u00e9rien tunisien : +13,2% sur les sept premiers mois de l'ann\u00e9e"},{"@type":"BreadcrumbList","@id":"https:\/\/www.webdo.tn\/fr\/actualite\/national\/bilan-du-trafic-aerien-tunisien-13-2-sur-les-sept-premiers-mois-de-l-annee\/215680\/#breadcrumb","itemListElement":[{"@type":"ListItem","position":1,"name":"Accueil","item":"https:\/\/www.webdo.tn\/fr\/"},{"@type":"ListItem","position":2,"name":"Bilan du trafic a\u00e9rien tunisien : +13,2% sur les sept premiers mois de l&#8217;ann\u00e9e"}]},{"@type":"WebSite","@id":"https:\/\/www.webdo.tn\/fr\/#website","url":"https:\/\/www.webdo.tn\/fr\/","name":"webdo","description":"Tunisie - News en Tunisie et \u00e0 l&#039;international sur Webdo.tn","publisher":{"@id":"https:\/\/www.webdo.tn\/fr\/#organization"},"potentialAction":[{"@type":"SearchAction","target":{"@type":"EntryPoint","urlTemplate":"https:\/\/www.webdo.tn\/fr\/?s={search_term_string}"},"query-input":{"@type":"PropertyValueSpecification","valueRequired":true,"valueName":"search_term_string"}}],"inLanguage":"fr-FR"},{"@type":"Organization","@id":"https:\/\/www.webdo.tn\/fr\/#organization","name":"Webdo","alternateName":"Webdo.tn","url":"https:\/\/www.webdo.tn\/fr\/","logo":{"@type":"ImageObject","inLanguage":"fr-FR","@id":"https:\/\/www.webdo.tn\/fr\/#\/schema\/logo\/image\/","url":"https:\/\/www.webdo.tn\/fr\/wp-content\/uploads\/2025\/06\/Webdo-Tunisie_168377.jpg","contentUrl":"https:\/\/www.webdo.tn\/fr\/wp-content\/uploads\/2025\/06\/Webdo-Tunisie_168377.jpg","width":301,"height":301,"caption":"Webdo"},"image":{"@id":"https:\/\/www.webdo.tn\/fr\/#\/schema\/logo\/image\/"},"sameAs":["https:\/\/www.facebook.com\/webdotn","https:\/\/x.com\/webdo_tn"],"description":"Webdo est un m\u00e9dia num\u00e9rique tunisien fond\u00e9 en 2010, sp\u00e9cialis\u00e9 dans l\u2019actualit\u00e9 nationale et internationale, l\u2019\u00e9conomie, la soci\u00e9t\u00e9 et les analyses politiques. Le site s\u2019adresse \u00e0 un large public francophone et couvre l\u2019information tunisienne en temps r\u00e9el.","email":"redac@webdo.tn","legalName":"YNJ SARL","foundingDate":"2010-09-06","numberOfEmployees":{"@type":"QuantitativeValue","minValue":"11","maxValue":"50"}},{"@type":"Person","@id":"https:\/\/www.webdo.tn\/fr\/#\/schema\/person\/19664196c9bfdcda126f3c27709f7d11","name":"Firas Ben Abdeltif","image":{"@type":"ImageObject","inLanguage":"fr-FR","@id":"https:\/\/secure.gravatar.com\/avatar\/161a347d40df098a084778c52ed133dbd85f14df003867067c5948081241ec55?s=96&d=mm&r=g","url":"https:\/\/secure.gravatar.com\/avatar\/161a347d40df098a084778c52ed133dbd85f14df003867067c5948081241ec55?s=96&d=mm&r=g","contentUrl":"https:\/\/secure.gravatar.com\/avatar\/161a347d40df098a084778c52ed133dbd85f14df003867067c5948081241ec55?s=96&d=mm&r=g","caption":"Firas Ben Abdeltif"},"url":"https:\/\/www.webdo.tn\/fr\/actualite\/author\/firas-ben-abdeltif\/"}]}},"_links":{"self":[{"href":"https:\/\/www.webdo.tn\/fr\/wp-json\/wp\/v2\/posts\/215680","targetHints":{"allow":["GET"]}}],"collection":[{"href":"https:\/\/www.webdo.tn\/fr\/wp-json\/wp\/v2\/posts"}],"about":[{"href":"https:\/\/www.webdo.tn\/fr\/wp-json\/wp\/v2\/types\/post"}],"author":[{"embeddable":true,"href":"https:\/\/www.webdo.tn\/fr\/wp-json\/wp\/v2\/users\/4779"}],"replies":[{"embeddable":true,"href":"https:\/\/www.webdo.tn\/fr\/wp-json\/wp\/v2\/comments?post=215680"}],"version-history":[{"count":0,"href":"https:\/\/www.webdo.tn\/fr\/wp-json\/wp\/v2\/posts\/215680\/revisions"}],"wp:featuredmedia":[{"embeddable":true,"href":"https:\/\/www.webdo.tn\/fr\/wp-json\/wp\/v2\/media\/246834"}],"wp:attachment":[{"href":"https:\/\/www.webdo.tn\/fr\/wp-json\/wp\/v2\/media?parent=215680"}],"wp:term":[{"taxonomy":"category","embeddable":true,"href":"https:\/\/www.webdo.tn\/fr\/wp-json\/wp\/v2\/categories?post=215680"},{"taxonomy":"post_tag","embeddable":true,"href":"https:\/\/www.webdo.tn\/fr\/wp-json\/wp\/v2\/tags?post=215680"}],"curies":[{"name":"wp","href":"https:\/\/api.w.org\/{rel}","templated":true}]}}